{"id":17789,"date":"2020-05-31T23:23:10","date_gmt":"2020-05-31T23:23:10","guid":{"rendered":"http:\/\/www.elregionalvm.com.ar\/?p=16020"},"modified":"2020-06-18T11:43:10","modified_gmt":"2020-06-18T11:43:10","slug":"villa-nueva-actividades-habilitadas-y-sus-horarios","status":"publish","type":"post","link":"https:\/\/elregionalvm.com.ar\/noticias-villa-maria\/villa-nueva-actividades-habilitadas-y-sus-horarios\/","title":{"rendered":"Actividades habilitadas y sus horarios"},"content":{"rendered":"<p><!--[CDATA[\n<\/p--><\/p>\n\n\n<p><strong>Se anunciaron\nnuevas disposiciones para la ciudad en materia de <\/strong><strong>habilitaci\u00f3n de rubros\ncomerciales y algunos oficios. Es el cuarto cambio de horarios dentro de los 73\nd\u00edas que lleva la cuarentena en el pa\u00eds, por DNU presidencial. <\/strong><\/p>\n\n\n\n<p><strong>Escribe: Carolina Durand<\/strong><\/p>\n\n\n\n<p>De acuerdo al decreto municipal 333\/20, firmado por el intendente Natalio Graglia se establecieron los siguientes horarios, dentro de la flexibilizaci\u00f3n que lentamente se est\u00e1 instaurando en la provincia y el pa\u00eds. <\/p>\n\n\n\n<p><strong>Horarios de cierre y apertura<\/strong><\/p>\n\n\n\n<p><strong>Comercios:<\/strong>&nbsp;Establecimientos y locales comerciales, podr\u00e1n abrir sus\npuertas al p\u00fablico, de 9Hs a 17 Hs, de lunes a viernes; y de 8 Hs a 13 Hs, los\ns\u00e1bados.<\/p>\n\n\n\n<p><strong>Supermercados:<\/strong>&nbsp;Hipermercados y grandes superficies comerciales, podr\u00e1n\ndesarrollar sus actividades, de 9 Hs a 18 Hs.<\/p>\n\n\n\n<p><strong>Almacenes,\ndespensas, kioscos:<\/strong>&nbsp;Podr\u00e1n desarrollar\nsus actividades, de 9Hs a 19 Hs.<\/p>\n\n\n\n<p><strong>Panader\u00edas:<\/strong>&nbsp;Podr\u00e1n desarrollar sus actividades, de 8 Hs a 19 Hs.<\/p>\n\n\n\n<p><strong>Farmacias,\ndroguer\u00edas y estaciones de servicio<\/strong>: Podr\u00e1n\ndesarrollar sus actividades durante las 24 horas, conforme a regulaci\u00f3n\nvigente.<\/p>\n\n\n\n<p><strong>Bares, caf\u00e9,\nrestaurantes, comedores, elaboraci\u00f3n de alimentos y\/o comidas para llevar,\nrotiser\u00edas:<\/strong>&nbsp;Ejercer\u00e1n su actividad, de 9\na 19, bajo la modalidad \u201cpara llevar\u201d. Podr\u00e1n funcionar hasta las 23Hs, bajo la\nmodalidad de entrega mediante el servicio de cadeter\u00eda.<\/p>\n\n\n\n<p><strong>Carga y\ndescarga:<\/strong>&nbsp;Disp\u00f3ngase que el horario de\ncarga y descara para el abastecimiento de comercios, cualquiera sea su rubro,\nse establecer\u00e1 de 6Hs a 8Hs y de 18Hs a 20Hs.<\/p>\n\n\n\n<p><strong>Profesiones\nliberales:<\/strong>&nbsp;Se ampl\u00eda el horario en que\npodr\u00e1n desarrollar sus tareas. Pudiendo trabajar, puertas adentro, de lunes a\nviernes de 8 a 18 y s\u00e1bados de 8 a 13hs. Con estricta sujeci\u00f3n a protocolos\noportunamente aprobados.<\/p>\n\n\n\n<p><strong>Obras\nprivadas:<\/strong>&nbsp;se ampl\u00eda el horario, de 8 a\n16.<\/p>\n\n\n\n<p><strong>Cementerios:<\/strong>&nbsp;se permite la apertura, de 9 a 17, de lunes a domingo. Podr\u00e1n\nconcurrir las personas cuyo \u00faltimo n\u00famero de documento coincida con el n\u00famero\ndel d\u00eda del calendario. En caso de que concurra el grupo familiar, deber\u00e1n\nhacerlo teniendo en cuenta el \u00faltimo n\u00famero del DNI del mayor del grupo, y\nseg\u00fan el d\u00eda correspondiente.<\/p>\n\n\n\n<p><strong>Concesionarios\nde autos y motos:<\/strong>&nbsp;Atenci\u00f3n al p\u00fablico,\nsolo por turnos previos.<\/p>\n\n\n\n<p><strong>Colegios\nprofesionales:<\/strong>&nbsp;Atenci\u00f3n a matriculados,\ncon turno previo.<\/p>\n\n\n\n<p><strong>Sedes\ngremiales:<\/strong>&nbsp;Atenci\u00f3n a afiliados, con\nturnos previos. No pudiendo recibir a m\u00e1s de dos personas por hora.<\/p>\n\n\n\n<p><strong>Rubros no\nesenciales:<\/strong>&nbsp;Funcionar\u00e1n de 9Hs a 17Hs, de\nlunes a viernes y de 8 a 13 los s\u00e1bados.<\/p>\n\n\n\n<p><strong>Compa\u00f1\u00edas de\nseguros:<\/strong>&nbsp;Exclusivamente con turnos, no\npudiendo recibir a m\u00e1s de dos clientes por hora.<\/p>\n\n\n\n<p><strong>Obras\nsociales:<\/strong>&nbsp;podr\u00e1n atender a sus afiliados,\nexclusivamente con turnos.<\/p>\n\n\n\n<p><strong>Inmobiliarias:<\/strong>&nbsp;Con turnos, no pudiendo recibir a m\u00e1s de dos clientes por\nhora.<\/p>\n\n\n\n<p><strong>Bancos y\nactividades administrativas:<\/strong>&nbsp;Funcionar\u00e1n\nde lunes a viernes, de 8Hs a 13Hs.<\/p>\n\n\n\n<p>Las\nmedidas de ingreso a los comercios, se mantienen vigentes, respecto al uso de\ntapabocas, respetar el 30% de factor ocupacional y mantener m\u00ednimo metro y\nmedio de distancia. Los due\u00f1os de los comercios, son responsables de que los\nclientes ingresen con los mismos. <\/p>\n\n\n\n<p><strong>Esparcimiento y pr\u00e1cticas deportivas <\/strong><\/p>\n\n\n\n<p><strong>Otro de los decretos esperados por los villanovenses\nfue el 339\/20, &nbsp;por el cual quedaron\nhabilitadas las caminatas deportivas (marcha y trote), la pr\u00e1ctica de ciclismo,\np\u00e1del, tenis y golf en nuestra ciudad. <\/strong><\/p>\n\n\n\n<p>De esta manera, a\npartir del s\u00e1bado, se habilit\u00f3 la realizaci\u00f3n de estas actividades deportivas,\nsiempre resguardando las medidas de seguridad vigentes.<\/p>\n\n\n\n<p>Las actividades,\npodr\u00e1n realizarse todos los d\u00edas, de acuerdo a la terminaci\u00f3n del DNI,\n(terminaciones pares, d\u00edas pares; terminaciones impares, d\u00edas impares).<\/p>\n\n\n\n<p class=\"has-background has-cyan-bluish-gray-background-color\"><strong>Caminatas<\/strong><\/p>\n\n\n\n<p>Las caminatas\nrecreativas podr\u00e1n realizarse de lunes a s\u00e1bado, de 14 a 18 hs y los domingos,\nde 8 a 18; mientras que las deportivas, como el ciclismo, tenis, p\u00e1del y golf,\nse podr\u00e1n practicar, de lunes a domingo, y los d\u00edas feriados, de 7 a 13,\nsiempre de forma individual, evitando actividades colectivas o grupales.<\/p>\n\n\n\n<p class=\"has-background has-cyan-bluish-gray-background-color\"><strong>Salones y eventos <\/strong><strong><\/strong><\/p>\n\n\n\n<figure class=\"wp-block-image\"><img data-recalc-dims=\"1\" height=\"768\" width=\"1024\" decoding=\"async\" src=\"https:\/\/i0.wp.com\/www.elregionalvm.com.ar\/wp-content\/uploads\/2020\/05\/Villa-Nueva-graglia-reunion-Salones-de-fiestas--1024x768.jpg?resize=1024%2C768\" alt=\"\" class=\"wp-image-16021\"\/><figcaption>Graglia se reuni\u00f3 con representantes de salones de fiestas y eventos.<\/figcaption><\/figure>\n\n\n\n<p>Uno de los rubros donde\nmayormente se hizo sentir los efectos de la propagaci\u00f3n del virus, fue en la\norganizaci\u00f3n de eventos, salones de fiestas y proveedores afines. Para ello, la\nsemana pasada, el intendente, mantuvo un encuentro con los referentes de los\nsalones de fiestas y eventos, quienes comenzaron a trabajar en la elaboraci\u00f3n\nde un protocolo especial para presentar ante el COE Regional, como cada uno de\nlos rubros no esenciales que intentan volver a funcionar, como d\u00edas atr\u00e1s, los\ngimnasios. <\/p>\n\n\n<p>]]&gt;<\/p>","protected":false},"excerpt":{"rendered":"<p>Se anunciaron nuevas disposiciones para la ciudad en materia de habilitaci\u00f3n de rubros comerciales y algunos oficios. Es el cuarto cambio de horarios dentro de los 73 d\u00edas que lleva la cuarentena en el pa\u00eds, por DNU presidencial. Escribe: Carolina Durand De acuerdo al decreto municipal 333\/20, firmado por el intendente Natalio Graglia se establecieron [&hellip;]<\/p>\n","protected":false},"author":6,"featured_media":18300,"comment_status":"open","ping_status":"open","sticky":false,"template":"","format":"standard","meta":{"site-sidebar-layout":"default","site-content-layout":"default","ast-site-content-layout":"default","site-content-style":"default","site-sidebar-style":"default","ast-global-header-display":"","ast-banner-title-visibility":"","ast-main-header-display":"","ast-hfb-above-header-display":"","ast-hfb-below-header-display":"","ast-hfb-mobile-header-display":"","site-post-title":"","ast-breadcrumbs-content":"","ast-featured-img":"","footer-sml-layout":"","ast-disable-related-posts":"","theme-transparent-header-meta":"default","adv-header-id-meta":"","stick-header-meta":"","header-above-stick-meta":"","header-main-stick-meta":"","header-below-stick-meta":"","astra-migrate-meta-layouts":"default","ast-page-background-enabled":"default","ast-page-background-meta":{"desktop":{"background-color":"","background-image":"","background-repeat":"repeat","background-position":"center center","background-size":"auto","background-attachment":"scroll","background-type":"","background-media":"","overlay-type":"","overlay-color":"","overlay-opacity":"","overlay-gradient":""},"tablet":{"background-color":"","background-image":"","background-repeat":"repeat","background-position":"center center","background-size":"auto","background-attachment":"scroll","background-type":"","background-media":"","overlay-type":"","overlay-color":"","overlay-opacity":"","overlay-gradient":""},"mobile":{"background-color":"","background-image":"","background-repeat":"repeat","background-position":"center center","background-size":"auto","background-attachment":"scroll","background-type":"","background-media":"","overlay-type":"","overlay-color":"","overlay-opacity":"","overlay-gradient":""}},"ast-content-background-meta":{"desktop":{"background-color":"var(--ast-global-color-5)","background-image":"","background-repeat":"repeat","background-position":"center center","background-size":"auto","background-attachment":"scroll","background-type":"","background-media":"","overlay-type":"","overlay-color":"","overlay-opacity":"","overlay-gradient":""},"tablet":{"background-color":"var(--ast-global-color-5)","background-image":"","background-repeat":"repeat","background-position":"center center","background-size":"auto","background-attachment":"scroll","background-type":"","background-media":"","overlay-type":"","overlay-color":"","overlay-opacity":"","overlay-gradient":""},"mobile":{"background-color":"var(--ast-global-color-5)","background-image":"","background-repeat":"repeat","background-position":"center center","background-size":"auto","background-attachment":"scroll","background-type":"","background-media":"","overlay-type":"","overlay-color":"","overlay-opacity":"","overlay-gradient":""}},"_jetpack_memberships_contains_paid_content":false,"_joinchat":[],"footnotes":""},"categories":[1408],"tags":[2188,1997,2035,2189,1998,232],"class_list":["post-17789","post","type-post","status-publish","format-standard","has-post-thumbnail","hentry","category-villa-nueva","tag-actividades","tag-coronavirus","tag-cuarentena","tag-horarios","tag-pandemia","tag-villa-nueva"],"yoast_head":"<!-- This site is optimized with the Yoast SEO plugin v26.8 - https:\/\/yoast.com\/product\/yoast-seo-wordpress\/ -->\n<title>Actividades habilitadas y sus horarios - El Regional<\/title>\n<meta name=\"robots\" content=\"index, follow, max-snippet:-1, max-image-preview:large, max-video-preview:-1\" \/>\n<link rel=\"canonical\" href=\"http:\/\/elregionalvm.com.ar\/noticias-villa-maria\/villa-nueva-actividades-habilitadas-y-sus-horarios\/\" \/>\n<meta property=\"og:locale\" content=\"es_ES\" \/>\n<meta property=\"og:type\" content=\"article\" \/>\n<meta property=\"og:title\" content=\"Actividades habilitadas y sus horarios - El Regional\" \/>\n<meta property=\"og:description\" content=\"Se anunciaron nuevas disposiciones para la ciudad en materia de habilitaci\u00f3n de rubros comerciales y algunos oficios. Es el cuarto cambio de horarios dentro de los 73 d\u00edas que lleva la cuarentena en el pa\u00eds, por DNU presidencial. Escribe: Carolina Durand De acuerdo al decreto municipal 333\/20, firmado por el intendente Natalio Graglia se establecieron [&hellip;]\" \/>\n<meta property=\"og:url\" content=\"http:\/\/elregionalvm.com.ar\/noticias-villa-maria\/villa-nueva-actividades-habilitadas-y-sus-horarios\/\" \/>\n<meta property=\"og:site_name\" content=\"El Regional\" \/>\n<meta property=\"article:publisher\" content=\"https:\/\/www.facebook.com\/elregionalvm\" \/>\n<meta property=\"article:published_time\" content=\"2020-05-31T23:23:10+00:00\" \/>\n<meta property=\"article:modified_time\" content=\"2020-06-18T11:43:10+00:00\" \/>\n<meta property=\"og:image\" content=\"http:\/\/elregionalvm.com.ar\/noticias-villa-maria\/wp-content\/uploads\/2020\/05\/Villa-Nueva-caminatas-y-esparcimimiento-1-730x516-1.jpg\" \/>\n\t<meta property=\"og:image:width\" content=\"730\" \/>\n\t<meta property=\"og:image:height\" content=\"516\" \/>\n\t<meta property=\"og:image:type\" content=\"image\/jpeg\" \/>\n<meta name=\"author\" content=\"Germ\u00e1n Giacchero\" \/>\n<meta name=\"twitter:card\" content=\"summary_large_image\" \/>\n<meta name=\"twitter:creator\" content=\"@elregionalvm1\" \/>\n<meta name=\"twitter:site\" content=\"@elregionalvm1\" \/>\n<meta name=\"twitter:label1\" content=\"Escrito por\" \/>\n\t<meta name=\"twitter:data1\" content=\"Germ\u00e1n Giacchero\" \/>\n\t<meta name=\"twitter:label2\" content=\"Tiempo de lectura\" \/>\n\t<meta name=\"twitter:data2\" content=\"4 minutos\" \/>\n<script type=\"application\/ld+json\" class=\"yoast-schema-graph\">{\"@context\":\"https:\/\/schema.org\",\"@graph\":[{\"@type\":\"Article\",\"@id\":\"http:\/\/elregionalvm.com.ar\/noticias-villa-maria\/villa-nueva-actividades-habilitadas-y-sus-horarios\/#article\",\"isPartOf\":{\"@id\":\"http:\/\/elregionalvm.com.ar\/noticias-villa-maria\/villa-nueva-actividades-habilitadas-y-sus-horarios\/\"},\"author\":{\"name\":\"Germ\u00e1n Giacchero\",\"@id\":\"http:\/\/elregionalvm.com.ar\/noticias-villa-maria\/#\/schema\/person\/d5e4b04966154131701e52c45d3efec9\"},\"headline\":\"Actividades habilitadas y sus horarios\",\"datePublished\":\"2020-05-31T23:23:10+00:00\",\"dateModified\":\"2020-06-18T11:43:10+00:00\",\"mainEntityOfPage\":{\"@id\":\"http:\/\/elregionalvm.com.ar\/noticias-villa-maria\/villa-nueva-actividades-habilitadas-y-sus-horarios\/\"},\"wordCount\":789,\"commentCount\":0,\"image\":{\"@id\":\"http:\/\/elregionalvm.com.ar\/noticias-villa-maria\/villa-nueva-actividades-habilitadas-y-sus-horarios\/#primaryimage\"},\"thumbnailUrl\":\"https:\/\/i0.wp.com\/elregionalvm.com.ar\/noticias-villa-maria\/wp-content\/uploads\/2020\/05\/Villa-Nueva-caminatas-y-esparcimimiento-1-730x516-1.jpg?fit=730%2C516&ssl=1\",\"keywords\":[\"actividades\",\"Coronavirus\",\"cuarentena\",\"Horarios\",\"pandemia\",\"VILLA NUEVA\"],\"articleSection\":[\"Villa Nueva\"],\"inLanguage\":\"es\",\"potentialAction\":[{\"@type\":\"CommentAction\",\"name\":\"Comment\",\"target\":[\"http:\/\/elregionalvm.com.ar\/noticias-villa-maria\/villa-nueva-actividades-habilitadas-y-sus-horarios\/#respond\"]}]},{\"@type\":\"WebPage\",\"@id\":\"http:\/\/elregionalvm.com.ar\/noticias-villa-maria\/villa-nueva-actividades-habilitadas-y-sus-horarios\/\",\"url\":\"http:\/\/elregionalvm.com.ar\/noticias-villa-maria\/villa-nueva-actividades-habilitadas-y-sus-horarios\/\",\"name\":\"Actividades habilitadas y sus horarios - El Regional\",\"isPartOf\":{\"@id\":\"http:\/\/elregionalvm.com.ar\/noticias-villa-maria\/#website\"},\"primaryImageOfPage\":{\"@id\":\"http:\/\/elregionalvm.com.ar\/noticias-villa-maria\/villa-nueva-actividades-habilitadas-y-sus-horarios\/#primaryimage\"},\"image\":{\"@id\":\"http:\/\/elregionalvm.com.ar\/noticias-villa-maria\/villa-nueva-actividades-habilitadas-y-sus-horarios\/#primaryimage\"},\"thumbnailUrl\":\"https:\/\/i0.wp.com\/elregionalvm.com.ar\/noticias-villa-maria\/wp-content\/uploads\/2020\/05\/Villa-Nueva-caminatas-y-esparcimimiento-1-730x516-1.jpg?fit=730%2C516&ssl=1\",\"datePublished\":\"2020-05-31T23:23:10+00:00\",\"dateModified\":\"2020-06-18T11:43:10+00:00\",\"author\":{\"@id\":\"http:\/\/elregionalvm.com.ar\/noticias-villa-maria\/#\/schema\/person\/d5e4b04966154131701e52c45d3efec9\"},\"breadcrumb\":{\"@id\":\"http:\/\/elregionalvm.com.ar\/noticias-villa-maria\/villa-nueva-actividades-habilitadas-y-sus-horarios\/#breadcrumb\"},\"inLanguage\":\"es\",\"potentialAction\":[{\"@type\":\"ReadAction\",\"target\":[\"http:\/\/elregionalvm.com.ar\/noticias-villa-maria\/villa-nueva-actividades-habilitadas-y-sus-horarios\/\"]}]},{\"@type\":\"ImageObject\",\"inLanguage\":\"es\",\"@id\":\"http:\/\/elregionalvm.com.ar\/noticias-villa-maria\/villa-nueva-actividades-habilitadas-y-sus-horarios\/#primaryimage\",\"url\":\"https:\/\/i0.wp.com\/elregionalvm.com.ar\/noticias-villa-maria\/wp-content\/uploads\/2020\/05\/Villa-Nueva-caminatas-y-esparcimimiento-1-730x516-1.jpg?fit=730%2C516&ssl=1\",\"contentUrl\":\"https:\/\/i0.wp.com\/elregionalvm.com.ar\/noticias-villa-maria\/wp-content\/uploads\/2020\/05\/Villa-Nueva-caminatas-y-esparcimimiento-1-730x516-1.jpg?fit=730%2C516&ssl=1\",\"width\":730,\"height\":516},{\"@type\":\"BreadcrumbList\",\"@id\":\"http:\/\/elregionalvm.com.ar\/noticias-villa-maria\/villa-nueva-actividades-habilitadas-y-sus-horarios\/#breadcrumb\",\"itemListElement\":[{\"@type\":\"ListItem\",\"position\":1,\"name\":\"Portada\",\"item\":\"https:\/\/elregionalvm.com.ar\/noticias-villa-maria\/\"},{\"@type\":\"ListItem\",\"position\":2,\"name\":\"Actividades habilitadas y sus horarios\"}]},{\"@type\":\"WebSite\",\"@id\":\"http:\/\/elregionalvm.com.ar\/noticias-villa-maria\/#website\",\"url\":\"http:\/\/elregionalvm.com.ar\/noticias-villa-maria\/\",\"name\":\"El Regional\",\"description\":\"Mucho m\u00e1s que informaci\u00f3n\",\"potentialAction\":[{\"@type\":\"SearchAction\",\"target\":{\"@type\":\"EntryPoint\",\"urlTemplate\":\"http:\/\/elregionalvm.com.ar\/noticias-villa-maria\/?s={search_term_string}\"},\"query-input\":{\"@type\":\"PropertyValueSpecification\",\"valueRequired\":true,\"valueName\":\"search_term_string\"}}],\"inLanguage\":\"es\"},{\"@type\":\"Person\",\"@id\":\"http:\/\/elregionalvm.com.ar\/noticias-villa-maria\/#\/schema\/person\/d5e4b04966154131701e52c45d3efec9\",\"name\":\"Germ\u00e1n Giacchero\",\"image\":{\"@type\":\"ImageObject\",\"inLanguage\":\"es\",\"@id\":\"http:\/\/elregionalvm.com.ar\/noticias-villa-maria\/#\/schema\/person\/image\/\",\"url\":\"https:\/\/secure.gravatar.com\/avatar\/fda163ba5ef0307ee5be9846e10f83b6e83d0cfb260d3b2464830318894c6b04?s=96&d=mm&r=g\",\"contentUrl\":\"https:\/\/secure.gravatar.com\/avatar\/fda163ba5ef0307ee5be9846e10f83b6e83d0cfb260d3b2464830318894c6b04?s=96&d=mm&r=g\",\"caption\":\"Germ\u00e1n Giacchero\"},\"url\":\"https:\/\/elregionalvm.com.ar\/noticias-villa-maria\/author\/germangiacchero\/\"}]}<\/script>\n<!-- \/ Yoast SEO plugin. -->","yoast_head_json":{"title":"Actividades habilitadas y sus horarios - El Regional","robots":{"index":"index","follow":"follow","max-snippet":"max-snippet:-1","max-image-preview":"max-image-preview:large","max-video-preview":"max-video-preview:-1"},"canonical":"http:\/\/elregionalvm.com.ar\/noticias-villa-maria\/villa-nueva-actividades-habilitadas-y-sus-horarios\/","og_locale":"es_ES","og_type":"article","og_title":"Actividades habilitadas y sus horarios - El Regional","og_description":"Se anunciaron nuevas disposiciones para la ciudad en materia de habilitaci\u00f3n de rubros comerciales y algunos oficios. Es el cuarto cambio de horarios dentro de los 73 d\u00edas que lleva la cuarentena en el pa\u00eds, por DNU presidencial. Escribe: Carolina Durand De acuerdo al decreto municipal 333\/20, firmado por el intendente Natalio Graglia se establecieron [&hellip;]","og_url":"http:\/\/elregionalvm.com.ar\/noticias-villa-maria\/villa-nueva-actividades-habilitadas-y-sus-horarios\/","og_site_name":"El Regional","article_publisher":"https:\/\/www.facebook.com\/elregionalvm","article_published_time":"2020-05-31T23:23:10+00:00","article_modified_time":"2020-06-18T11:43:10+00:00","og_image":[{"width":730,"height":516,"url":"http:\/\/elregionalvm.com.ar\/noticias-villa-maria\/wp-content\/uploads\/2020\/05\/Villa-Nueva-caminatas-y-esparcimimiento-1-730x516-1.jpg","type":"image\/jpeg"}],"author":"Germ\u00e1n Giacchero","twitter_card":"summary_large_image","twitter_creator":"@elregionalvm1","twitter_site":"@elregionalvm1","twitter_misc":{"Escrito por":"Germ\u00e1n Giacchero","Tiempo de lectura":"4 minutos"},"schema":{"@context":"https:\/\/schema.org","@graph":[{"@type":"Article","@id":"http:\/\/elregionalvm.com.ar\/noticias-villa-maria\/villa-nueva-actividades-habilitadas-y-sus-horarios\/#article","isPartOf":{"@id":"http:\/\/elregionalvm.com.ar\/noticias-villa-maria\/villa-nueva-actividades-habilitadas-y-sus-horarios\/"},"author":{"name":"Germ\u00e1n Giacchero","@id":"http:\/\/elregionalvm.com.ar\/noticias-villa-maria\/#\/schema\/person\/d5e4b04966154131701e52c45d3efec9"},"headline":"Actividades habilitadas y sus horarios","datePublished":"2020-05-31T23:23:10+00:00","dateModified":"2020-06-18T11:43:10+00:00","mainEntityOfPage":{"@id":"http:\/\/elregionalvm.com.ar\/noticias-villa-maria\/villa-nueva-actividades-habilitadas-y-sus-horarios\/"},"wordCount":789,"commentCount":0,"image":{"@id":"http:\/\/elregionalvm.com.ar\/noticias-villa-maria\/villa-nueva-actividades-habilitadas-y-sus-horarios\/#primaryimage"},"thumbnailUrl":"https:\/\/i0.wp.com\/elregionalvm.com.ar\/noticias-villa-maria\/wp-content\/uploads\/2020\/05\/Villa-Nueva-caminatas-y-esparcimimiento-1-730x516-1.jpg?fit=730%2C516&ssl=1","keywords":["actividades","Coronavirus","cuarentena","Horarios","pandemia","VILLA NUEVA"],"articleSection":["Villa Nueva"],"inLanguage":"es","potentialAction":[{"@type":"CommentAction","name":"Comment","target":["http:\/\/elregionalvm.com.ar\/noticias-villa-maria\/villa-nueva-actividades-habilitadas-y-sus-horarios\/#respond"]}]},{"@type":"WebPage","@id":"http:\/\/elregionalvm.com.ar\/noticias-villa-maria\/villa-nueva-actividades-habilitadas-y-sus-horarios\/","url":"http:\/\/elregionalvm.com.ar\/noticias-villa-maria\/villa-nueva-actividades-habilitadas-y-sus-horarios\/","name":"Actividades habilitadas y sus horarios - El Regional","isPartOf":{"@id":"http:\/\/elregionalvm.com.ar\/noticias-villa-maria\/#website"},"primaryImageOfPage":{"@id":"http:\/\/elregionalvm.com.ar\/noticias-villa-maria\/villa-nueva-actividades-habilitadas-y-sus-horarios\/#primaryimage"},"image":{"@id":"http:\/\/elregionalvm.com.ar\/noticias-villa-maria\/villa-nueva-actividades-habilitadas-y-sus-horarios\/#primaryimage"},"thumbnailUrl":"https:\/\/i0.wp.com\/elregionalvm.com.ar\/noticias-villa-maria\/wp-content\/uploads\/2020\/05\/Villa-Nueva-caminatas-y-esparcimimiento-1-730x516-1.jpg?fit=730%2C516&ssl=1","datePublished":"2020-05-31T23:23:10+00:00","dateModified":"2020-06-18T11:43:10+00:00","author":{"@id":"http:\/\/elregionalvm.com.ar\/noticias-villa-maria\/#\/schema\/person\/d5e4b04966154131701e52c45d3efec9"},"breadcrumb":{"@id":"http:\/\/elregionalvm.com.ar\/noticias-villa-maria\/villa-nueva-actividades-habilitadas-y-sus-horarios\/#breadcrumb"},"inLanguage":"es","potentialAction":[{"@type":"ReadAction","target":["http:\/\/elregionalvm.com.ar\/noticias-villa-maria\/villa-nueva-actividades-habilitadas-y-sus-horarios\/"]}]},{"@type":"ImageObject","inLanguage":"es","@id":"http:\/\/elregionalvm.com.ar\/noticias-villa-maria\/villa-nueva-actividades-habilitadas-y-sus-horarios\/#primaryimage","url":"https:\/\/i0.wp.com\/elregionalvm.com.ar\/noticias-villa-maria\/wp-content\/uploads\/2020\/05\/Villa-Nueva-caminatas-y-esparcimimiento-1-730x516-1.jpg?fit=730%2C516&ssl=1","contentUrl":"https:\/\/i0.wp.com\/elregionalvm.com.ar\/noticias-villa-maria\/wp-content\/uploads\/2020\/05\/Villa-Nueva-caminatas-y-esparcimimiento-1-730x516-1.jpg?fit=730%2C516&ssl=1","width":730,"height":516},{"@type":"BreadcrumbList","@id":"http:\/\/elregionalvm.com.ar\/noticias-villa-maria\/villa-nueva-actividades-habilitadas-y-sus-horarios\/#breadcrumb","itemListElement":[{"@type":"ListItem","position":1,"name":"Portada","item":"https:\/\/elregionalvm.com.ar\/noticias-villa-maria\/"},{"@type":"ListItem","position":2,"name":"Actividades habilitadas y sus horarios"}]},{"@type":"WebSite","@id":"http:\/\/elregionalvm.com.ar\/noticias-villa-maria\/#website","url":"http:\/\/elregionalvm.com.ar\/noticias-villa-maria\/","name":"El Regional","description":"Mucho m\u00e1s que informaci\u00f3n","potentialAction":[{"@type":"SearchAction","target":{"@type":"EntryPoint","urlTemplate":"http:\/\/elregionalvm.com.ar\/noticias-villa-maria\/?s={search_term_string}"},"query-input":{"@type":"PropertyValueSpecification","valueRequired":true,"valueName":"search_term_string"}}],"inLanguage":"es"},{"@type":"Person","@id":"http:\/\/elregionalvm.com.ar\/noticias-villa-maria\/#\/schema\/person\/d5e4b04966154131701e52c45d3efec9","name":"Germ\u00e1n Giacchero","image":{"@type":"ImageObject","inLanguage":"es","@id":"http:\/\/elregionalvm.com.ar\/noticias-villa-maria\/#\/schema\/person\/image\/","url":"https:\/\/secure.gravatar.com\/avatar\/fda163ba5ef0307ee5be9846e10f83b6e83d0cfb260d3b2464830318894c6b04?s=96&d=mm&r=g","contentUrl":"https:\/\/secure.gravatar.com\/avatar\/fda163ba5ef0307ee5be9846e10f83b6e83d0cfb260d3b2464830318894c6b04?s=96&d=mm&r=g","caption":"Germ\u00e1n Giacchero"},"url":"https:\/\/elregionalvm.com.ar\/noticias-villa-maria\/author\/germangiacchero\/"}]}},"jetpack_featured_media_url":"https:\/\/i0.wp.com\/elregionalvm.com.ar\/noticias-villa-maria\/wp-content\/uploads\/2020\/05\/Villa-Nueva-caminatas-y-esparcimimiento-1-730x516-1.jpg?fit=730%2C516&ssl=1","jetpack_sharing_enabled":true,"_links":{"self":[{"href":"https:\/\/elregionalvm.com.ar\/noticias-villa-maria\/wp-json\/wp\/v2\/posts\/17789","targetHints":{"allow":["GET"]}}],"collection":[{"href":"https:\/\/elregionalvm.com.ar\/noticias-villa-maria\/wp-json\/wp\/v2\/posts"}],"about":[{"href":"https:\/\/elregionalvm.com.ar\/noticias-villa-maria\/wp-json\/wp\/v2\/types\/post"}],"author":[{"embeddable":true,"href":"https:\/\/elregionalvm.com.ar\/noticias-villa-maria\/wp-json\/wp\/v2\/users\/6"}],"replies":[{"embeddable":true,"href":"https:\/\/elregionalvm.com.ar\/noticias-villa-maria\/wp-json\/wp\/v2\/comments?post=17789"}],"version-history":[{"count":1,"href":"https:\/\/elregionalvm.com.ar\/noticias-villa-maria\/wp-json\/wp\/v2\/posts\/17789\/revisions"}],"predecessor-version":[{"id":18301,"href":"https:\/\/elregionalvm.com.ar\/noticias-villa-maria\/wp-json\/wp\/v2\/posts\/17789\/revisions\/18301"}],"wp:featuredmedia":[{"embeddable":true,"href":"https:\/\/elregionalvm.com.ar\/noticias-villa-maria\/wp-json\/wp\/v2\/media\/18300"}],"wp:attachment":[{"href":"https:\/\/elregionalvm.com.ar\/noticias-villa-maria\/wp-json\/wp\/v2\/media?parent=17789"}],"wp:term":[{"taxonomy":"category","embeddable":true,"href":"https:\/\/elregionalvm.com.ar\/noticias-villa-maria\/wp-json\/wp\/v2\/categories?post=17789"},{"taxonomy":"post_tag","embeddable":true,"href":"https:\/\/elregionalvm.com.ar\/noticias-villa-maria\/wp-json\/wp\/v2\/tags?post=17789"}],"curies":[{"name":"wp","href":"https:\/\/api.w.org\/{rel}","templated":true}]}}