{"id":17790,"date":"2020-06-01T19:01:18","date_gmt":"2020-06-01T19:01:18","guid":{"rendered":"http:\/\/www.elregionalvm.com.ar\/?p=16028"},"modified":"2020-06-20T00:15:38","modified_gmt":"2020-06-20T00:15:38","slug":"natalio-graglia-una-mayor-flexibilizacion-dependera-del-compromiso-de-todos","status":"publish","type":"post","link":"https:\/\/elregionalvm.com.ar\/noticias-villa-maria\/natalio-graglia-una-mayor-flexibilizacion-dependera-del-compromiso-de-todos\/","title":{"rendered":"Natalio Graglia:  \u201cUna mayor flexibilizaci\u00f3n depender\u00e1  del compromiso de todos\u201d"},"content":{"rendered":"<p><!--[CDATA[\n<\/p--><\/p>\n\n\n<p><strong>La\nciudad de manera paulatina intenta reacomodar sus rutinas laborales, sociales y\nde esparcimiento. El an\u00e1lisis del jefe comunal villanovense. <\/strong><\/p>\n\n\n\n<p><strong>Escribe:\nCarolina Durand<\/strong><\/p>\n\n\n\n<p>El intendente Natalio Graglia dialog\u00f3 con El Regional respecto de la flexibilizaci\u00f3n de la cuarentena y los efectos colaterales de la propagaci\u00f3n del Covid-19. \u201cCuesta adaptarse a las nuevas vivencias por la pandemia, pero tratamos de que las medidas del COE regional, se adapten en gran medida y dentro de las posibilidades a la gente\u201d, indic\u00f3. <\/p>\n\n\n\n<p>Hace unos d\u00edas, la flexibilizaci\u00f3n en horarios de atenci\u00f3n para comercios y rubros esenciales, permiti\u00f3 la apertura de algunos nuevos negocios que ten\u00edan sus puertas cerradas y que esperaban con ansias el permiso de funcionar, al igual que los permisos para salir una hora el fin de semana, seg\u00fan la terminaci\u00f3n del DNI y los permisos para caminata y deportes.<\/p>\n\n\n\n<p class=\"has-background has-cyan-bluish-gray-background-color\"><strong>Econom\u00eda s\u00f3lida <\/strong><\/p>\n\n\n\n<p>Consultado respecto de la situaci\u00f3n financiera del municipio, expres\u00f3: \u201cVenimos con una econom\u00eda muy s\u00f3lida y por eso estamos sin sobresaltos hasta el momento con las arcas municipales\u201d. <\/p>\n\n\n\n<p>Tambi\u00e9n aseguro que la ca\u00edda de la recaudaci\u00f3n para todos los municipios es una de las variables que m\u00e1s preocupa. \u201cEstoy en un grupo de emergencias, donde estamos todos los intendentes de la regi\u00f3n, y el com\u00fan dominador entre las preocupaciones, es en materia econ\u00f3mica, c\u00f3mo vamos a reactivarnos una vez que estemos fuera de los alcances de la pandemia y la salud est\u00e9 al resguardo\u201d. <\/p>\n\n\n\n<blockquote class=\"wp-block-quote is-layout-flow wp-block-quote-is-layout-flow\"><p> <br>\u201cEstoy en un grupo de emergencias, donde estamos todos los intendentes de la regi\u00f3n, y el com\u00fan dominador entre las preocupaciones, es en materia econ\u00f3mica, c\u00f3mo vamos a reactivarnos una vez que estemos fuera de los alcances de la pandemia y la salud est\u00e9 al resguardo\u201d. <\/p><\/blockquote>\n\n\n\n<p>\u201cEs raro, dos meses sin intervenciones en la ciudad, venimos con un ritmo de obras y desarrollos importantes de nuestra primera gesti\u00f3n. Y asumimos el compromiso de elevar la vara en esta segunda, pero la pandemia se superpuso con nuestros objetivos, para el crecimiento de la ciudad y nos viene postergando\u201d, agreg\u00f3 el jefe comunal.<\/p>\n\n\n\n<p>Respecto al aislamiento preventivo establecido por el gobierno nacional, Graglia valor\u00f3 la cuarentena como una medida acertada. \u201cNos encuentra mejor posicionados frente a los pa\u00edses que tardaron en tomar la medida y nos dio tiempo para preparar el sistema de salud, frente a la emergencia sanitaria mundial\u201d. <\/p>\n\n\n\n<p>En otra ocasi\u00f3n, el intendente afirm\u00f3 a este medio, tener en tratativas dos salones y el alquiler de m\u00e1s de 50 camas, si llegase a ser necesario en la ciudad contar con espacios asignados para ciudadanos que contrajeran de manera masiva el COVID-19. <\/p>\n\n\n\n<p class=\"has-background has-very-light-gray-background-color\"><strong>Solidaridad\nmancomunada <\/strong><\/p>\n\n\n\n<p>Graglia explic\u00f3 que la ciudad se encuentra \u201cprivilegiada\u201d en relaci\u00f3n a otros municipios, ya que a\u00fan cuenta con recursos, para paliar gran parte de la situaci\u00f3n social de los vecinos, pudiendo colaborar en los sectores m\u00e1s vulnerables y sin recursos. <\/p>\n\n\n\n<p>\u201cGracias a los comerciantes y a tener las arcas en orden, podemos trabajar de manera mancomunada y asistir con alimentos a much\u00edsimos vecinos, dar asistencia en ollas populares, acercar tareas y recursos did\u00e1cticos a los j\u00f3venes que no tienen lo necesario en sus casas para adaptarse a las nuevas medidas educativas, entre otras\u201d, explic\u00f3.<\/p>\n\n\n\n<p class=\"has-background has-very-light-gray-background-color\"><strong>\u00bfPodr\u00eda\nhaber reuniones familiares?<\/strong><\/p>\n\n\n\n<p>Tambi\u00e9n se refiri\u00f3 a la preocupaci\u00f3n de los comerciantes y que las nuevas flexibilizaciones en la ciudad, autorizadas por el COE regional, dieron un alivio. \u201cParad\u00f3jicamente, somos una ciudad que est\u00e1 en desarrollo el sector comercial, y que no depende del comercio en su recaudaci\u00f3n al 100%. Y eso ayud\u00f3 a que no estuvi\u00e9ramos en rojo, por falta de recaudaci\u00f3n al no poder trabajar y contribuir los comercios\u201d.<\/p>\n\n\n\n<p>Algunas provincias dieron a conocer que cuentan con permisos para reuniones familiares de hasta 12 integrantes, como San Luis,&nbsp;Formosa, Catamarca, Salta&nbsp;y&nbsp;La Pampa. Cada una de ellas establece protocolos, acorde a las bajas cifras de contagios. <\/p>\n\n\n\n<p>Respecto a la posibilidad de aplicaci\u00f3n de permisos similares en Villa Nueva, expres\u00f3 que podr\u00eda evaluarse en un futuro cercano. \u201cSi seguimos sin casos positivos como hasta el momento en la ciudad\u201d, de otorgarse permisos para reuniones familiares con medidas de bioseguridad, \u201caguardaremos las decisiones y evaluaciones del COE\u201d.<\/p>\n\n\n\n<blockquote class=\"wp-block-quote is-layout-flow wp-block-quote-is-layout-flow\"><p> <br>\u201cSi seguimos sin casos positivos como hasta el momento en la ciudad\u201d, de otorgarse permisos para reuniones familiares con medidas de bioseguridad, \u201caguardaremos las decisiones y evaluaciones del COE\u201d. <\/p><\/blockquote>\n\n\n\n<p>\u201cAnte esta habilitaci\u00f3n o cualquier otra, dependemos del compromiso y la conciencia social. No podemos poner polic\u00eda y seguridad ciudadana en la puerta de cada casa. Cada familia sabr\u00e1 como cuidarse y en qu\u00e9 situaciones de mucha importancia, como un cumplea\u00f1os, reunirse en un lugar espaciado y con medidas sanitarias como tapabocas, alcohol en gel y limpieza de superficies y elementos manipulables\u201d.<\/p>\n\n\n\n<p>\u201cSalimos entre todos, resistiendo, siendo solidarios y apelando a la conciencia necesaria de todos\u201d, finaliz\u00f3 diciendo en sinton\u00eda con lo manifestado por el gobernador Juan Schiaretti, cuando manifest\u00f3 que se seguir\u00e1 flexibilizando la cuarentena, \u201cpero es necesaria la responsabilidad social\u201d. <\/p>\n\n\n<p>]]&gt;<\/p>","protected":false},"excerpt":{"rendered":"<p>La ciudad de manera paulatina intenta reacomodar sus rutinas laborales, sociales y de esparcimiento. El an\u00e1lisis del jefe comunal villanovense. Escribe: Carolina Durand El intendente Natalio Graglia dialog\u00f3 con El Regional respecto de la flexibilizaci\u00f3n de la cuarentena y los efectos colaterales de la propagaci\u00f3n del Covid-19. \u201cCuesta adaptarse a las nuevas vivencias por la [&hellip;]<\/p>\n","protected":false},"author":6,"featured_media":18375,"comment_status":"open","ping_status":"open","sticky":false,"template":"","format":"standard","meta":{"site-sidebar-layout":"default","site-content-layout":"default","ast-site-content-layout":"default","site-content-style":"default","site-sidebar-style":"default","ast-global-header-display":"","ast-banner-title-visibility":"","ast-main-header-display":"","ast-hfb-above-header-display":"","ast-hfb-below-header-display":"","ast-hfb-mobile-header-display":"","site-post-title":"","ast-breadcrumbs-content":"","ast-featured-img":"","footer-sml-layout":"","ast-disable-related-posts":"","theme-transparent-header-meta":"default","adv-header-id-meta":"","stick-header-meta":"","header-above-stick-meta":"","header-main-stick-meta":"","header-below-stick-meta":"","astra-migrate-meta-layouts":"default","ast-page-background-enabled":"default","ast-page-background-meta":{"desktop":{"background-color":"","background-image":"","background-repeat":"repeat","background-position":"center center","background-size":"auto","background-attachment":"scroll","background-type":"","background-media":"","overlay-type":"","overlay-color":"","overlay-opacity":"","overlay-gradient":""},"tablet":{"background-color":"","background-image":"","background-repeat":"repeat","background-position":"center center","background-size":"auto","background-attachment":"scroll","background-type":"","background-media":"","overlay-type":"","overlay-color":"","overlay-opacity":"","overlay-gradient":""},"mobile":{"background-color":"","background-image":"","background-repeat":"repeat","background-position":"center center","background-size":"auto","background-attachment":"scroll","background-type":"","background-media":"","overlay-type":"","overlay-color":"","overlay-opacity":"","overlay-gradient":""}},"ast-content-background-meta":{"desktop":{"background-color":"var(--ast-global-color-5)","background-image":"","background-repeat":"repeat","background-position":"center center","background-size":"auto","background-attachment":"scroll","background-type":"","background-media":"","overlay-type":"","overlay-color":"","overlay-opacity":"","overlay-gradient":""},"tablet":{"background-color":"var(--ast-global-color-5)","background-image":"","background-repeat":"repeat","background-position":"center center","background-size":"auto","background-attachment":"scroll","background-type":"","background-media":"","overlay-type":"","overlay-color":"","overlay-opacity":"","overlay-gradient":""},"mobile":{"background-color":"var(--ast-global-color-5)","background-image":"","background-repeat":"repeat","background-position":"center center","background-size":"auto","background-attachment":"scroll","background-type":"","background-media":"","overlay-type":"","overlay-color":"","overlay-opacity":"","overlay-gradient":""}},"_jetpack_memberships_contains_paid_content":false,"_joinchat":[],"footnotes":""},"categories":[1408],"tags":[1997,2054,2035,2190,1252,1998,232],"class_list":["post-17790","post","type-post","status-publish","format-standard","has-post-thumbnail","hentry","category-villa-nueva","tag-coronavirus","tag-covid-19","tag-cuarentena","tag-flexibilizacion","tag-natalio-graglia","tag-pandemia","tag-villa-nueva"],"yoast_head":"<!-- This site is optimized with the Yoast SEO plugin v26.8 - https:\/\/yoast.com\/product\/yoast-seo-wordpress\/ -->\n<title>Natalio Graglia: \u201cUna mayor flexibilizaci\u00f3n depender\u00e1 del compromiso de todos\u201d - El Regional<\/title>\n<meta name=\"robots\" content=\"index, follow, max-snippet:-1, max-image-preview:large, max-video-preview:-1\" \/>\n<link rel=\"canonical\" href=\"http:\/\/elregionalvm.com.ar\/noticias-villa-maria\/natalio-graglia-una-mayor-flexibilizacion-dependera-del-compromiso-de-todos\/\" \/>\n<meta property=\"og:locale\" content=\"es_ES\" \/>\n<meta property=\"og:type\" content=\"article\" \/>\n<meta property=\"og:title\" content=\"Natalio Graglia: \u201cUna mayor flexibilizaci\u00f3n depender\u00e1 del compromiso de todos\u201d - El Regional\" \/>\n<meta property=\"og:description\" content=\"La ciudad de manera paulatina intenta reacomodar sus rutinas laborales, sociales y de esparcimiento. El an\u00e1lisis del jefe comunal villanovense. Escribe: Carolina Durand El intendente Natalio Graglia dialog\u00f3 con El Regional respecto de la flexibilizaci\u00f3n de la cuarentena y los efectos colaterales de la propagaci\u00f3n del Covid-19. \u201cCuesta adaptarse a las nuevas vivencias por la [&hellip;]\" \/>\n<meta property=\"og:url\" content=\"http:\/\/elregionalvm.com.ar\/noticias-villa-maria\/natalio-graglia-una-mayor-flexibilizacion-dependera-del-compromiso-de-todos\/\" \/>\n<meta property=\"og:site_name\" content=\"El Regional\" \/>\n<meta property=\"article:publisher\" content=\"https:\/\/www.facebook.com\/elregionalvm\" \/>\n<meta property=\"article:published_time\" content=\"2020-06-01T19:01:18+00:00\" \/>\n<meta property=\"article:modified_time\" content=\"2020-06-20T00:15:38+00:00\" \/>\n<meta property=\"og:image\" content=\"http:\/\/elregionalvm.com.ar\/noticias-villa-maria\/wp-content\/uploads\/2020\/06\/Natalio-Graglia-perfil-1.jpg\" \/>\n\t<meta property=\"og:image:width\" content=\"849\" \/>\n\t<meta property=\"og:image:height\" content=\"613\" \/>\n\t<meta property=\"og:image:type\" content=\"image\/jpeg\" \/>\n<meta name=\"author\" content=\"Germ\u00e1n Giacchero\" \/>\n<meta name=\"twitter:card\" content=\"summary_large_image\" \/>\n<meta name=\"twitter:creator\" content=\"@elregionalvm1\" \/>\n<meta name=\"twitter:site\" content=\"@elregionalvm1\" \/>\n<meta name=\"twitter:label1\" content=\"Escrito por\" \/>\n\t<meta name=\"twitter:data1\" content=\"Germ\u00e1n Giacchero\" \/>\n\t<meta name=\"twitter:label2\" content=\"Tiempo de lectura\" \/>\n\t<meta name=\"twitter:data2\" content=\"4 minutos\" \/>\n<script type=\"application\/ld+json\" class=\"yoast-schema-graph\">{\"@context\":\"https:\/\/schema.org\",\"@graph\":[{\"@type\":\"Article\",\"@id\":\"http:\/\/elregionalvm.com.ar\/noticias-villa-maria\/natalio-graglia-una-mayor-flexibilizacion-dependera-del-compromiso-de-todos\/#article\",\"isPartOf\":{\"@id\":\"http:\/\/elregionalvm.com.ar\/noticias-villa-maria\/natalio-graglia-una-mayor-flexibilizacion-dependera-del-compromiso-de-todos\/\"},\"author\":{\"name\":\"Germ\u00e1n Giacchero\",\"@id\":\"http:\/\/elregionalvm.com.ar\/noticias-villa-maria\/#\/schema\/person\/d5e4b04966154131701e52c45d3efec9\"},\"headline\":\"Natalio Graglia: \u201cUna mayor flexibilizaci\u00f3n depender\u00e1 del compromiso de todos\u201d\",\"datePublished\":\"2020-06-01T19:01:18+00:00\",\"dateModified\":\"2020-06-20T00:15:38+00:00\",\"mainEntityOfPage\":{\"@id\":\"http:\/\/elregionalvm.com.ar\/noticias-villa-maria\/natalio-graglia-una-mayor-flexibilizacion-dependera-del-compromiso-de-todos\/\"},\"wordCount\":874,\"commentCount\":0,\"image\":{\"@id\":\"http:\/\/elregionalvm.com.ar\/noticias-villa-maria\/natalio-graglia-una-mayor-flexibilizacion-dependera-del-compromiso-de-todos\/#primaryimage\"},\"thumbnailUrl\":\"https:\/\/i0.wp.com\/elregionalvm.com.ar\/noticias-villa-maria\/wp-content\/uploads\/2020\/06\/Natalio-Graglia-perfil-1.jpg?fit=849%2C613&ssl=1\",\"keywords\":[\"Coronavirus\",\"Covid-19\",\"cuarentena\",\"Flexibilizaci\u00f3n\",\"Natalio Graglia\",\"pandemia\",\"VILLA NUEVA\"],\"articleSection\":[\"Villa Nueva\"],\"inLanguage\":\"es\",\"potentialAction\":[{\"@type\":\"CommentAction\",\"name\":\"Comment\",\"target\":[\"http:\/\/elregionalvm.com.ar\/noticias-villa-maria\/natalio-graglia-una-mayor-flexibilizacion-dependera-del-compromiso-de-todos\/#respond\"]}]},{\"@type\":\"WebPage\",\"@id\":\"http:\/\/elregionalvm.com.ar\/noticias-villa-maria\/natalio-graglia-una-mayor-flexibilizacion-dependera-del-compromiso-de-todos\/\",\"url\":\"http:\/\/elregionalvm.com.ar\/noticias-villa-maria\/natalio-graglia-una-mayor-flexibilizacion-dependera-del-compromiso-de-todos\/\",\"name\":\"Natalio Graglia: \u201cUna mayor flexibilizaci\u00f3n depender\u00e1 del compromiso de todos\u201d - El Regional\",\"isPartOf\":{\"@id\":\"http:\/\/elregionalvm.com.ar\/noticias-villa-maria\/#website\"},\"primaryImageOfPage\":{\"@id\":\"http:\/\/elregionalvm.com.ar\/noticias-villa-maria\/natalio-graglia-una-mayor-flexibilizacion-dependera-del-compromiso-de-todos\/#primaryimage\"},\"image\":{\"@id\":\"http:\/\/elregionalvm.com.ar\/noticias-villa-maria\/natalio-graglia-una-mayor-flexibilizacion-dependera-del-compromiso-de-todos\/#primaryimage\"},\"thumbnailUrl\":\"https:\/\/i0.wp.com\/elregionalvm.com.ar\/noticias-villa-maria\/wp-content\/uploads\/2020\/06\/Natalio-Graglia-perfil-1.jpg?fit=849%2C613&ssl=1\",\"datePublished\":\"2020-06-01T19:01:18+00:00\",\"dateModified\":\"2020-06-20T00:15:38+00:00\",\"author\":{\"@id\":\"http:\/\/elregionalvm.com.ar\/noticias-villa-maria\/#\/schema\/person\/d5e4b04966154131701e52c45d3efec9\"},\"breadcrumb\":{\"@id\":\"http:\/\/elregionalvm.com.ar\/noticias-villa-maria\/natalio-graglia-una-mayor-flexibilizacion-dependera-del-compromiso-de-todos\/#breadcrumb\"},\"inLanguage\":\"es\",\"potentialAction\":[{\"@type\":\"ReadAction\",\"target\":[\"http:\/\/elregionalvm.com.ar\/noticias-villa-maria\/natalio-graglia-una-mayor-flexibilizacion-dependera-del-compromiso-de-todos\/\"]}]},{\"@type\":\"ImageObject\",\"inLanguage\":\"es\",\"@id\":\"http:\/\/elregionalvm.com.ar\/noticias-villa-maria\/natalio-graglia-una-mayor-flexibilizacion-dependera-del-compromiso-de-todos\/#primaryimage\",\"url\":\"https:\/\/i0.wp.com\/elregionalvm.com.ar\/noticias-villa-maria\/wp-content\/uploads\/2020\/06\/Natalio-Graglia-perfil-1.jpg?fit=849%2C613&ssl=1\",\"contentUrl\":\"https:\/\/i0.wp.com\/elregionalvm.com.ar\/noticias-villa-maria\/wp-content\/uploads\/2020\/06\/Natalio-Graglia-perfil-1.jpg?fit=849%2C613&ssl=1\",\"width\":849,\"height\":613},{\"@type\":\"BreadcrumbList\",\"@id\":\"http:\/\/elregionalvm.com.ar\/noticias-villa-maria\/natalio-graglia-una-mayor-flexibilizacion-dependera-del-compromiso-de-todos\/#breadcrumb\",\"itemListElement\":[{\"@type\":\"ListItem\",\"position\":1,\"name\":\"Portada\",\"item\":\"https:\/\/elregionalvm.com.ar\/noticias-villa-maria\/\"},{\"@type\":\"ListItem\",\"position\":2,\"name\":\"Natalio Graglia: \u201cUna mayor flexibilizaci\u00f3n depender\u00e1 del compromiso de todos\u201d\"}]},{\"@type\":\"WebSite\",\"@id\":\"http:\/\/elregionalvm.com.ar\/noticias-villa-maria\/#website\",\"url\":\"http:\/\/elregionalvm.com.ar\/noticias-villa-maria\/\",\"name\":\"El Regional\",\"description\":\"Mucho m\u00e1s que informaci\u00f3n\",\"potentialAction\":[{\"@type\":\"SearchAction\",\"target\":{\"@type\":\"EntryPoint\",\"urlTemplate\":\"http:\/\/elregionalvm.com.ar\/noticias-villa-maria\/?s={search_term_string}\"},\"query-input\":{\"@type\":\"PropertyValueSpecification\",\"valueRequired\":true,\"valueName\":\"search_term_string\"}}],\"inLanguage\":\"es\"},{\"@type\":\"Person\",\"@id\":\"http:\/\/elregionalvm.com.ar\/noticias-villa-maria\/#\/schema\/person\/d5e4b04966154131701e52c45d3efec9\",\"name\":\"Germ\u00e1n Giacchero\",\"image\":{\"@type\":\"ImageObject\",\"inLanguage\":\"es\",\"@id\":\"http:\/\/elregionalvm.com.ar\/noticias-villa-maria\/#\/schema\/person\/image\/\",\"url\":\"https:\/\/secure.gravatar.com\/avatar\/fda163ba5ef0307ee5be9846e10f83b6e83d0cfb260d3b2464830318894c6b04?s=96&d=mm&r=g\",\"contentUrl\":\"https:\/\/secure.gravatar.com\/avatar\/fda163ba5ef0307ee5be9846e10f83b6e83d0cfb260d3b2464830318894c6b04?s=96&d=mm&r=g\",\"caption\":\"Germ\u00e1n Giacchero\"},\"url\":\"https:\/\/elregionalvm.com.ar\/noticias-villa-maria\/author\/germangiacchero\/\"}]}<\/script>\n<!-- \/ Yoast SEO plugin. -->","yoast_head_json":{"title":"Natalio Graglia: \u201cUna mayor flexibilizaci\u00f3n depender\u00e1 del compromiso de todos\u201d - El Regional","robots":{"index":"index","follow":"follow","max-snippet":"max-snippet:-1","max-image-preview":"max-image-preview:large","max-video-preview":"max-video-preview:-1"},"canonical":"http:\/\/elregionalvm.com.ar\/noticias-villa-maria\/natalio-graglia-una-mayor-flexibilizacion-dependera-del-compromiso-de-todos\/","og_locale":"es_ES","og_type":"article","og_title":"Natalio Graglia: \u201cUna mayor flexibilizaci\u00f3n depender\u00e1 del compromiso de todos\u201d - El Regional","og_description":"La ciudad de manera paulatina intenta reacomodar sus rutinas laborales, sociales y de esparcimiento. El an\u00e1lisis del jefe comunal villanovense. Escribe: Carolina Durand El intendente Natalio Graglia dialog\u00f3 con El Regional respecto de la flexibilizaci\u00f3n de la cuarentena y los efectos colaterales de la propagaci\u00f3n del Covid-19. \u201cCuesta adaptarse a las nuevas vivencias por la [&hellip;]","og_url":"http:\/\/elregionalvm.com.ar\/noticias-villa-maria\/natalio-graglia-una-mayor-flexibilizacion-dependera-del-compromiso-de-todos\/","og_site_name":"El Regional","article_publisher":"https:\/\/www.facebook.com\/elregionalvm","article_published_time":"2020-06-01T19:01:18+00:00","article_modified_time":"2020-06-20T00:15:38+00:00","og_image":[{"width":849,"height":613,"url":"http:\/\/elregionalvm.com.ar\/noticias-villa-maria\/wp-content\/uploads\/2020\/06\/Natalio-Graglia-perfil-1.jpg","type":"image\/jpeg"}],"author":"Germ\u00e1n Giacchero","twitter_card":"summary_large_image","twitter_creator":"@elregionalvm1","twitter_site":"@elregionalvm1","twitter_misc":{"Escrito por":"Germ\u00e1n Giacchero","Tiempo de lectura":"4 minutos"},"schema":{"@context":"https:\/\/schema.org","@graph":[{"@type":"Article","@id":"http:\/\/elregionalvm.com.ar\/noticias-villa-maria\/natalio-graglia-una-mayor-flexibilizacion-dependera-del-compromiso-de-todos\/#article","isPartOf":{"@id":"http:\/\/elregionalvm.com.ar\/noticias-villa-maria\/natalio-graglia-una-mayor-flexibilizacion-dependera-del-compromiso-de-todos\/"},"author":{"name":"Germ\u00e1n Giacchero","@id":"http:\/\/elregionalvm.com.ar\/noticias-villa-maria\/#\/schema\/person\/d5e4b04966154131701e52c45d3efec9"},"headline":"Natalio Graglia: \u201cUna mayor flexibilizaci\u00f3n depender\u00e1 del compromiso de todos\u201d","datePublished":"2020-06-01T19:01:18+00:00","dateModified":"2020-06-20T00:15:38+00:00","mainEntityOfPage":{"@id":"http:\/\/elregionalvm.com.ar\/noticias-villa-maria\/natalio-graglia-una-mayor-flexibilizacion-dependera-del-compromiso-de-todos\/"},"wordCount":874,"commentCount":0,"image":{"@id":"http:\/\/elregionalvm.com.ar\/noticias-villa-maria\/natalio-graglia-una-mayor-flexibilizacion-dependera-del-compromiso-de-todos\/#primaryimage"},"thumbnailUrl":"https:\/\/i0.wp.com\/elregionalvm.com.ar\/noticias-villa-maria\/wp-content\/uploads\/2020\/06\/Natalio-Graglia-perfil-1.jpg?fit=849%2C613&ssl=1","keywords":["Coronavirus","Covid-19","cuarentena","Flexibilizaci\u00f3n","Natalio Graglia","pandemia","VILLA NUEVA"],"articleSection":["Villa Nueva"],"inLanguage":"es","potentialAction":[{"@type":"CommentAction","name":"Comment","target":["http:\/\/elregionalvm.com.ar\/noticias-villa-maria\/natalio-graglia-una-mayor-flexibilizacion-dependera-del-compromiso-de-todos\/#respond"]}]},{"@type":"WebPage","@id":"http:\/\/elregionalvm.com.ar\/noticias-villa-maria\/natalio-graglia-una-mayor-flexibilizacion-dependera-del-compromiso-de-todos\/","url":"http:\/\/elregionalvm.com.ar\/noticias-villa-maria\/natalio-graglia-una-mayor-flexibilizacion-dependera-del-compromiso-de-todos\/","name":"Natalio Graglia: \u201cUna mayor flexibilizaci\u00f3n depender\u00e1 del compromiso de todos\u201d - El Regional","isPartOf":{"@id":"http:\/\/elregionalvm.com.ar\/noticias-villa-maria\/#website"},"primaryImageOfPage":{"@id":"http:\/\/elregionalvm.com.ar\/noticias-villa-maria\/natalio-graglia-una-mayor-flexibilizacion-dependera-del-compromiso-de-todos\/#primaryimage"},"image":{"@id":"http:\/\/elregionalvm.com.ar\/noticias-villa-maria\/natalio-graglia-una-mayor-flexibilizacion-dependera-del-compromiso-de-todos\/#primaryimage"},"thumbnailUrl":"https:\/\/i0.wp.com\/elregionalvm.com.ar\/noticias-villa-maria\/wp-content\/uploads\/2020\/06\/Natalio-Graglia-perfil-1.jpg?fit=849%2C613&ssl=1","datePublished":"2020-06-01T19:01:18+00:00","dateModified":"2020-06-20T00:15:38+00:00","author":{"@id":"http:\/\/elregionalvm.com.ar\/noticias-villa-maria\/#\/schema\/person\/d5e4b04966154131701e52c45d3efec9"},"breadcrumb":{"@id":"http:\/\/elregionalvm.com.ar\/noticias-villa-maria\/natalio-graglia-una-mayor-flexibilizacion-dependera-del-compromiso-de-todos\/#breadcrumb"},"inLanguage":"es","potentialAction":[{"@type":"ReadAction","target":["http:\/\/elregionalvm.com.ar\/noticias-villa-maria\/natalio-graglia-una-mayor-flexibilizacion-dependera-del-compromiso-de-todos\/"]}]},{"@type":"ImageObject","inLanguage":"es","@id":"http:\/\/elregionalvm.com.ar\/noticias-villa-maria\/natalio-graglia-una-mayor-flexibilizacion-dependera-del-compromiso-de-todos\/#primaryimage","url":"https:\/\/i0.wp.com\/elregionalvm.com.ar\/noticias-villa-maria\/wp-content\/uploads\/2020\/06\/Natalio-Graglia-perfil-1.jpg?fit=849%2C613&ssl=1","contentUrl":"https:\/\/i0.wp.com\/elregionalvm.com.ar\/noticias-villa-maria\/wp-content\/uploads\/2020\/06\/Natalio-Graglia-perfil-1.jpg?fit=849%2C613&ssl=1","width":849,"height":613},{"@type":"BreadcrumbList","@id":"http:\/\/elregionalvm.com.ar\/noticias-villa-maria\/natalio-graglia-una-mayor-flexibilizacion-dependera-del-compromiso-de-todos\/#breadcrumb","itemListElement":[{"@type":"ListItem","position":1,"name":"Portada","item":"https:\/\/elregionalvm.com.ar\/noticias-villa-maria\/"},{"@type":"ListItem","position":2,"name":"Natalio Graglia: \u201cUna mayor flexibilizaci\u00f3n depender\u00e1 del compromiso de todos\u201d"}]},{"@type":"WebSite","@id":"http:\/\/elregionalvm.com.ar\/noticias-villa-maria\/#website","url":"http:\/\/elregionalvm.com.ar\/noticias-villa-maria\/","name":"El Regional","description":"Mucho m\u00e1s que informaci\u00f3n","potentialAction":[{"@type":"SearchAction","target":{"@type":"EntryPoint","urlTemplate":"http:\/\/elregionalvm.com.ar\/noticias-villa-maria\/?s={search_term_string}"},"query-input":{"@type":"PropertyValueSpecification","valueRequired":true,"valueName":"search_term_string"}}],"inLanguage":"es"},{"@type":"Person","@id":"http:\/\/elregionalvm.com.ar\/noticias-villa-maria\/#\/schema\/person\/d5e4b04966154131701e52c45d3efec9","name":"Germ\u00e1n Giacchero","image":{"@type":"ImageObject","inLanguage":"es","@id":"http:\/\/elregionalvm.com.ar\/noticias-villa-maria\/#\/schema\/person\/image\/","url":"https:\/\/secure.gravatar.com\/avatar\/fda163ba5ef0307ee5be9846e10f83b6e83d0cfb260d3b2464830318894c6b04?s=96&d=mm&r=g","contentUrl":"https:\/\/secure.gravatar.com\/avatar\/fda163ba5ef0307ee5be9846e10f83b6e83d0cfb260d3b2464830318894c6b04?s=96&d=mm&r=g","caption":"Germ\u00e1n Giacchero"},"url":"https:\/\/elregionalvm.com.ar\/noticias-villa-maria\/author\/germangiacchero\/"}]}},"jetpack_featured_media_url":"https:\/\/i0.wp.com\/elregionalvm.com.ar\/noticias-villa-maria\/wp-content\/uploads\/2020\/06\/Natalio-Graglia-perfil-1.jpg?fit=849%2C613&ssl=1","jetpack_sharing_enabled":true,"_links":{"self":[{"href":"https:\/\/elregionalvm.com.ar\/noticias-villa-maria\/wp-json\/wp\/v2\/posts\/17790","targetHints":{"allow":["GET"]}}],"collection":[{"href":"https:\/\/elregionalvm.com.ar\/noticias-villa-maria\/wp-json\/wp\/v2\/posts"}],"about":[{"href":"https:\/\/elregionalvm.com.ar\/noticias-villa-maria\/wp-json\/wp\/v2\/types\/post"}],"author":[{"embeddable":true,"href":"https:\/\/elregionalvm.com.ar\/noticias-villa-maria\/wp-json\/wp\/v2\/users\/6"}],"replies":[{"embeddable":true,"href":"https:\/\/elregionalvm.com.ar\/noticias-villa-maria\/wp-json\/wp\/v2\/comments?post=17790"}],"version-history":[{"count":2,"href":"https:\/\/elregionalvm.com.ar\/noticias-villa-maria\/wp-json\/wp\/v2\/posts\/17790\/revisions"}],"predecessor-version":[{"id":18268,"href":"https:\/\/elregionalvm.com.ar\/noticias-villa-maria\/wp-json\/wp\/v2\/posts\/17790\/revisions\/18268"}],"wp:featuredmedia":[{"embeddable":true,"href":"https:\/\/elregionalvm.com.ar\/noticias-villa-maria\/wp-json\/wp\/v2\/media\/18375"}],"wp:attachment":[{"href":"https:\/\/elregionalvm.com.ar\/noticias-villa-maria\/wp-json\/wp\/v2\/media?parent=17790"}],"wp:term":[{"taxonomy":"category","embeddable":true,"href":"https:\/\/elregionalvm.com.ar\/noticias-villa-maria\/wp-json\/wp\/v2\/categories?post=17790"},{"taxonomy":"post_tag","embeddable":true,"href":"https:\/\/elregionalvm.com.ar\/noticias-villa-maria\/wp-json\/wp\/v2\/tags?post=17790"}],"curies":[{"name":"wp","href":"https:\/\/api.w.org\/{rel}","templated":true}]}}