{"id":17791,"date":"2020-06-03T01:14:40","date_gmt":"2020-06-03T01:14:40","guid":{"rendered":"http:\/\/www.elregionalvm.com.ar\/?p=16038"},"modified":"2020-06-16T16:59:00","modified_gmt":"2020-06-16T16:59:00","slug":"salvo-a-un-perro-con-respiracion-boca-a-boca","status":"publish","type":"post","link":"https:\/\/elregionalvm.com.ar\/noticias-villa-maria\/salvo-a-un-perro-con-respiracion-boca-a-boca\/","title":{"rendered":"Salv\u00f3 a un perro con  respiraci\u00f3n boca a boca"},"content":{"rendered":"\n\t\t\t\t<![CDATA[\n<p>En el D\u00eda de los Bomberos Voluntarios&#8230; A m\u00e1s de dos d\u00e9cadas de un hecho que hizo historia<\/p>\n\n\n<p>Esta era la nota que publicaba La Naci\u00f3n el 24 de Julio de 1998. Sirve en esta jornada, donde se conmemora en todo el pa\u00eds el D\u00eda del Bombero Voluntario, rescatar aquel hecho heroico que fue tapa en grandes medios nacionales. El porqu\u00e9 de ensamblar el hecho con los tiempos lo conocer\u00e1 al final\u2026.<\/p>\n\n\n<p>&#8212;&#8212;&#8212;&#8212;&#8212;&#8212;&#8212;&#8212;<\/p>\n\n\n<p>Fernando Gar\u00f3falo, un bombero voluntario y estudiante de\nveterinaria, logr\u00f3 conjugar ayer su dos m\u00e1ximas pasiones: el amor por los\nanimales y un esp\u00edritu solidario sin l\u00edmites.<\/p>\n\n\n<p>Cuando se terminaban de extinguir los \u00faltimos focos de un\nincendio que afect\u00f3 una gran bicicleter\u00eda de General Pico, La Pampa, penetr\u00f3 la\npared de humo y mediante masaje card\u00edaco y respiraci\u00f3n boca a boca le salv\u00f3 la\nvida a uno de los dos perros que se encontraban atrapados en el local.<\/p>\n\n\n<p>El martes a la noche, Gar\u00f3falo estaba en su casa durmiendo.\nHasta que a la 1.30 su radio dio la alarma. Se estaba incendiando el local de\nJorge Botti, un gran comercio de venta de bicicletas con un anexo de bazar. Gar\u00f3falo\ncorri\u00f3 hasta el cuartel. All\u00ed, con otros 10 compa\u00f1eros, abord\u00f3 la autobomba con\nla que tres minutos despu\u00e9s llegaron hasta la bicicleter\u00eda Jorgito de la calle\n34, entre 31 y 33. Los vecinos ya hab\u00edan comenzado a combatir las llamas y los\nbomberos terminaron de apagar el foco. Cuando estaban haciendo las tareas de\nventilaci\u00f3n, Jorge, el due\u00f1o del local, advirti\u00f3 que faltaban sus animales. Los\nperros se quedaban toda la noche para proteger el negocio, pero no hab\u00edan\npodido salir. Una perra chiquita, de raza ignota, muri\u00f3 asfixiada, pero Juan,\nun saludable collie de varios a\u00f1os, todav\u00eda ten\u00eda pulso cuando los bomberos lo\nsacaron.<\/p>\n\n\n<p>Gar\u00f3falo no dud\u00f3. Le practic\u00f3 masajes card\u00edacos para que\nrecuperara el pulso y los combin\u00f3 con respiraci\u00f3n boca a boca hasta que el\ncoraz\u00f3n del perro volvi\u00f3 a latir con normalidad. \u00abLo sacamos con signos vitales\nmuy bajos y le aplicamos lo que en el cuartel nos ense\u00f1aron que se hace con las\npersonas\u00bb, cont\u00f3 Gar\u00f3falo a La Naci\u00f3n. El hombre trabaja en una oficina\nparlamentaria, estudia en la facultad y por las noches es voluntario en los\nbomberos de General Pico.<\/p>\n\n\n<p>Est\u00e1 orgulloso de su tarea: \u00abEs normal lo que\nhicimos. He sacado animales en otras ocasiones. Hasta un caballo de carrera.\nPero nunca me hab\u00eda tocado un caso as\u00ed. Cuando aument\u00f3 la frecuencia card\u00edaca\nle pusimos la m\u00e1scara con los tubos de aire comprimido que usamos los bomberos\ny se recuper\u00f3\u00bb.<\/p>\n\n\n<p>A los 20 minutos, Juan ya estaba jugando, con algunos\ns\u00edntomas, con toda su vivacidad.\u00bbEl due\u00f1o est\u00e1 muy contento porque Juan\nera un perro vagabundo hasta que se peg\u00f3 a la casa y la protegi\u00f3 como si fuera\nsuya\u00bb, destaca Gar\u00f3falo, algo apurado porque deb\u00eda seguir atendiendo a las\nradios que en General Pico le dieron el t\u00edtulo de h\u00e9roe de la jornada.<\/p>\n\n\n<p>De aquel curioso y significativo rescate pasaron 22 a\u00f1os.\nHoy podemos contar que Fernando Gar\u00f3falo se recibi\u00f3 de veterinario, sigue\nsiendo profesor en la Universidad de General Pico, pero adem\u00e1s hace unos 10 a\u00f1os\nque se radic\u00f3 en Villa Mar\u00eda, se cas\u00f3 con Nadia, una psic\u00f3loga y es padre de\nRosario\u2026 Una historia con final feliz, para Juan, un viejo Collie que se lo\nquiso comer el fuego y el arrojo&nbsp; de&nbsp; alguien que se convirti\u00f3 en un conocido especialista\nen porcinos. Tambi\u00e9n profesor del INESCER\u2026 <\/p>\n\n\n<p><\/p>\n]]>\t\t","protected":false},"excerpt":{"rendered":"<p>\t\t\t\t<![CDATA[]]>\t\t<\/p>\n","protected":false},"author":5,"featured_media":16043,"comment_status":"open","ping_status":"open","sticky":false,"template":"","format":"standard","meta":{"site-sidebar-layout":"default","site-content-layout":"","ast-site-content-layout":"default","site-content-style":"default","site-sidebar-style":"default","ast-global-header-display":"","ast-banner-title-visibility":"","ast-main-header-display":"","ast-hfb-above-header-display":"","ast-hfb-below-header-display":"","ast-hfb-mobile-header-display":"","site-post-title":"","ast-breadcrumbs-content":"","ast-featured-img":"","footer-sml-layout":"","ast-disable-related-posts":"","theme-transparent-header-meta":"","adv-header-id-meta":"","stick-header-meta":"","header-above-stick-meta":"","header-main-stick-meta":"","header-below-stick-meta":"","astra-migrate-meta-layouts":"default","ast-page-background-enabled":"default","ast-page-background-meta":{"desktop":{"background-color":"","background-image":"","background-repeat":"repeat","background-position":"center center","background-size":"auto","background-attachment":"scroll","background-type":"","background-media":"","overlay-type":"","overlay-color":"","overlay-opacity":"","overlay-gradient":""},"tablet":{"background-color":"","background-image":"","background-repeat":"repeat","background-position":"center center","background-size":"auto","background-attachment":"scroll","background-type":"","background-media":"","overlay-type":"","overlay-color":"","overlay-opacity":"","overlay-gradient":""},"mobile":{"background-color":"","background-image":"","background-repeat":"repeat","background-position":"center center","background-size":"auto","background-attachment":"scroll","background-type":"","background-media":"","overlay-type":"","overlay-color":"","overlay-opacity":"","overlay-gradient":""}},"ast-content-background-meta":{"desktop":{"background-color":"var(--ast-global-color-5)","background-image":"","background-repeat":"repeat","background-position":"center center","background-size":"auto","background-attachment":"scroll","background-type":"","background-media":"","overlay-type":"","overlay-color":"","overlay-opacity":"","overlay-gradient":""},"tablet":{"background-color":"var(--ast-global-color-5)","background-image":"","background-repeat":"repeat","background-position":"center center","background-size":"auto","background-attachment":"scroll","background-type":"","background-media":"","overlay-type":"","overlay-color":"","overlay-opacity":"","overlay-gradient":""},"mobile":{"background-color":"var(--ast-global-color-5)","background-image":"","background-repeat":"repeat","background-position":"center center","background-size":"auto","background-attachment":"scroll","background-type":"","background-media":"","overlay-type":"","overlay-color":"","overlay-opacity":"","overlay-gradient":""}},"_jetpack_memberships_contains_paid_content":false,"_joinchat":[],"footnotes":""},"categories":[5],"tags":[],"class_list":["post-17791","post","type-post","status-publish","format-standard","has-post-thumbnail","hentry","category-sociedad"],"yoast_head":"<!-- This site is optimized with the Yoast SEO plugin v26.8 - https:\/\/yoast.com\/product\/yoast-seo-wordpress\/ -->\n<title>Salv\u00f3 a un perro con respiraci\u00f3n boca a boca - El Regional<\/title>\n<meta name=\"robots\" content=\"index, follow, max-snippet:-1, max-image-preview:large, max-video-preview:-1\" \/>\n<link rel=\"canonical\" href=\"http:\/\/elregionalvm.com.ar\/noticias-villa-maria\/salvo-a-un-perro-con-respiracion-boca-a-boca\/\" \/>\n<meta property=\"og:locale\" content=\"es_ES\" \/>\n<meta property=\"og:type\" content=\"article\" \/>\n<meta property=\"og:title\" content=\"Salv\u00f3 a un perro con respiraci\u00f3n boca a boca - El Regional\" \/>\n<meta property=\"og:url\" content=\"http:\/\/elregionalvm.com.ar\/noticias-villa-maria\/salvo-a-un-perro-con-respiracion-boca-a-boca\/\" \/>\n<meta property=\"og:site_name\" content=\"El Regional\" \/>\n<meta property=\"article:publisher\" content=\"https:\/\/www.facebook.com\/elregionalvm\" \/>\n<meta property=\"article:published_time\" content=\"2020-06-03T01:14:40+00:00\" \/>\n<meta property=\"article:modified_time\" content=\"2020-06-16T16:59:00+00:00\" \/>\n<meta name=\"author\" content=\"Miguel Andreis\" \/>\n<meta name=\"twitter:card\" content=\"summary_large_image\" \/>\n<meta name=\"twitter:creator\" content=\"@elregionalvm1\" \/>\n<meta name=\"twitter:site\" content=\"@elregionalvm1\" \/>\n<meta name=\"twitter:label1\" content=\"Escrito por\" \/>\n\t<meta name=\"twitter:data1\" content=\"Miguel Andreis\" \/>\n\t<meta name=\"twitter:label2\" content=\"Tiempo de lectura\" \/>\n\t<meta name=\"twitter:data2\" content=\"3 minutos\" \/>\n<script type=\"application\/ld+json\" class=\"yoast-schema-graph\">{\"@context\":\"https:\/\/schema.org\",\"@graph\":[{\"@type\":\"Article\",\"@id\":\"http:\/\/elregionalvm.com.ar\/noticias-villa-maria\/salvo-a-un-perro-con-respiracion-boca-a-boca\/#article\",\"isPartOf\":{\"@id\":\"http:\/\/elregionalvm.com.ar\/noticias-villa-maria\/salvo-a-un-perro-con-respiracion-boca-a-boca\/\"},\"author\":{\"name\":\"Miguel Andreis\",\"@id\":\"http:\/\/elregionalvm.com.ar\/noticias-villa-maria\/#\/schema\/person\/df5ff3f005acf29788aed9cb359f1193\"},\"headline\":\"Salv\u00f3 a un perro con respiraci\u00f3n boca a boca\",\"datePublished\":\"2020-06-03T01:14:40+00:00\",\"dateModified\":\"2020-06-16T16:59:00+00:00\",\"mainEntityOfPage\":{\"@id\":\"http:\/\/elregionalvm.com.ar\/noticias-villa-maria\/salvo-a-un-perro-con-respiracion-boca-a-boca\/\"},\"wordCount\":632,\"commentCount\":0,\"image\":{\"@id\":\"http:\/\/elregionalvm.com.ar\/noticias-villa-maria\/salvo-a-un-perro-con-respiracion-boca-a-boca\/#primaryimage\"},\"thumbnailUrl\":\"\",\"articleSection\":[\"Sociedad\"],\"inLanguage\":\"es\",\"potentialAction\":[{\"@type\":\"CommentAction\",\"name\":\"Comment\",\"target\":[\"http:\/\/elregionalvm.com.ar\/noticias-villa-maria\/salvo-a-un-perro-con-respiracion-boca-a-boca\/#respond\"]}]},{\"@type\":\"WebPage\",\"@id\":\"http:\/\/elregionalvm.com.ar\/noticias-villa-maria\/salvo-a-un-perro-con-respiracion-boca-a-boca\/\",\"url\":\"http:\/\/elregionalvm.com.ar\/noticias-villa-maria\/salvo-a-un-perro-con-respiracion-boca-a-boca\/\",\"name\":\"Salv\u00f3 a un perro con respiraci\u00f3n boca a boca - El Regional\",\"isPartOf\":{\"@id\":\"http:\/\/elregionalvm.com.ar\/noticias-villa-maria\/#website\"},\"primaryImageOfPage\":{\"@id\":\"http:\/\/elregionalvm.com.ar\/noticias-villa-maria\/salvo-a-un-perro-con-respiracion-boca-a-boca\/#primaryimage\"},\"image\":{\"@id\":\"http:\/\/elregionalvm.com.ar\/noticias-villa-maria\/salvo-a-un-perro-con-respiracion-boca-a-boca\/#primaryimage\"},\"thumbnailUrl\":\"\",\"datePublished\":\"2020-06-03T01:14:40+00:00\",\"dateModified\":\"2020-06-16T16:59:00+00:00\",\"author\":{\"@id\":\"http:\/\/elregionalvm.com.ar\/noticias-villa-maria\/#\/schema\/person\/df5ff3f005acf29788aed9cb359f1193\"},\"breadcrumb\":{\"@id\":\"http:\/\/elregionalvm.com.ar\/noticias-villa-maria\/salvo-a-un-perro-con-respiracion-boca-a-boca\/#breadcrumb\"},\"inLanguage\":\"es\",\"potentialAction\":[{\"@type\":\"ReadAction\",\"target\":[\"http:\/\/elregionalvm.com.ar\/noticias-villa-maria\/salvo-a-un-perro-con-respiracion-boca-a-boca\/\"]}]},{\"@type\":\"ImageObject\",\"inLanguage\":\"es\",\"@id\":\"http:\/\/elregionalvm.com.ar\/noticias-villa-maria\/salvo-a-un-perro-con-respiracion-boca-a-boca\/#primaryimage\",\"url\":\"\",\"contentUrl\":\"\"},{\"@type\":\"BreadcrumbList\",\"@id\":\"http:\/\/elregionalvm.com.ar\/noticias-villa-maria\/salvo-a-un-perro-con-respiracion-boca-a-boca\/#breadcrumb\",\"itemListElement\":[{\"@type\":\"ListItem\",\"position\":1,\"name\":\"Portada\",\"item\":\"https:\/\/elregionalvm.com.ar\/noticias-villa-maria\/\"},{\"@type\":\"ListItem\",\"position\":2,\"name\":\"Salv\u00f3 a un perro con respiraci\u00f3n boca a boca\"}]},{\"@type\":\"WebSite\",\"@id\":\"http:\/\/elregionalvm.com.ar\/noticias-villa-maria\/#website\",\"url\":\"http:\/\/elregionalvm.com.ar\/noticias-villa-maria\/\",\"name\":\"El Regional\",\"description\":\"Mucho m\u00e1s que informaci\u00f3n\",\"potentialAction\":[{\"@type\":\"SearchAction\",\"target\":{\"@type\":\"EntryPoint\",\"urlTemplate\":\"http:\/\/elregionalvm.com.ar\/noticias-villa-maria\/?s={search_term_string}\"},\"query-input\":{\"@type\":\"PropertyValueSpecification\",\"valueRequired\":true,\"valueName\":\"search_term_string\"}}],\"inLanguage\":\"es\"},{\"@type\":\"Person\",\"@id\":\"http:\/\/elregionalvm.com.ar\/noticias-villa-maria\/#\/schema\/person\/df5ff3f005acf29788aed9cb359f1193\",\"name\":\"Miguel Andreis\",\"image\":{\"@type\":\"ImageObject\",\"inLanguage\":\"es\",\"@id\":\"http:\/\/elregionalvm.com.ar\/noticias-villa-maria\/#\/schema\/person\/image\/\",\"url\":\"https:\/\/secure.gravatar.com\/avatar\/c643381cd03da38327c6407e6886e7182d881f2ecf94a7902ca262c41f9d8884?s=96&d=mm&r=g\",\"contentUrl\":\"https:\/\/secure.gravatar.com\/avatar\/c643381cd03da38327c6407e6886e7182d881f2ecf94a7902ca262c41f9d8884?s=96&d=mm&r=g\",\"caption\":\"Miguel Andreis\"},\"url\":\"https:\/\/elregionalvm.com.ar\/noticias-villa-maria\/author\/miguelandreis\/\"}]}<\/script>\n<!-- \/ Yoast SEO plugin. -->","yoast_head_json":{"title":"Salv\u00f3 a un perro con respiraci\u00f3n boca a boca - El Regional","robots":{"index":"index","follow":"follow","max-snippet":"max-snippet:-1","max-image-preview":"max-image-preview:large","max-video-preview":"max-video-preview:-1"},"canonical":"http:\/\/elregionalvm.com.ar\/noticias-villa-maria\/salvo-a-un-perro-con-respiracion-boca-a-boca\/","og_locale":"es_ES","og_type":"article","og_title":"Salv\u00f3 a un perro con respiraci\u00f3n boca a boca - El Regional","og_url":"http:\/\/elregionalvm.com.ar\/noticias-villa-maria\/salvo-a-un-perro-con-respiracion-boca-a-boca\/","og_site_name":"El Regional","article_publisher":"https:\/\/www.facebook.com\/elregionalvm","article_published_time":"2020-06-03T01:14:40+00:00","article_modified_time":"2020-06-16T16:59:00+00:00","author":"Miguel Andreis","twitter_card":"summary_large_image","twitter_creator":"@elregionalvm1","twitter_site":"@elregionalvm1","twitter_misc":{"Escrito por":"Miguel Andreis","Tiempo de lectura":"3 minutos"},"schema":{"@context":"https:\/\/schema.org","@graph":[{"@type":"Article","@id":"http:\/\/elregionalvm.com.ar\/noticias-villa-maria\/salvo-a-un-perro-con-respiracion-boca-a-boca\/#article","isPartOf":{"@id":"http:\/\/elregionalvm.com.ar\/noticias-villa-maria\/salvo-a-un-perro-con-respiracion-boca-a-boca\/"},"author":{"name":"Miguel Andreis","@id":"http:\/\/elregionalvm.com.ar\/noticias-villa-maria\/#\/schema\/person\/df5ff3f005acf29788aed9cb359f1193"},"headline":"Salv\u00f3 a un perro con respiraci\u00f3n boca a boca","datePublished":"2020-06-03T01:14:40+00:00","dateModified":"2020-06-16T16:59:00+00:00","mainEntityOfPage":{"@id":"http:\/\/elregionalvm.com.ar\/noticias-villa-maria\/salvo-a-un-perro-con-respiracion-boca-a-boca\/"},"wordCount":632,"commentCount":0,"image":{"@id":"http:\/\/elregionalvm.com.ar\/noticias-villa-maria\/salvo-a-un-perro-con-respiracion-boca-a-boca\/#primaryimage"},"thumbnailUrl":"","articleSection":["Sociedad"],"inLanguage":"es","potentialAction":[{"@type":"CommentAction","name":"Comment","target":["http:\/\/elregionalvm.com.ar\/noticias-villa-maria\/salvo-a-un-perro-con-respiracion-boca-a-boca\/#respond"]}]},{"@type":"WebPage","@id":"http:\/\/elregionalvm.com.ar\/noticias-villa-maria\/salvo-a-un-perro-con-respiracion-boca-a-boca\/","url":"http:\/\/elregionalvm.com.ar\/noticias-villa-maria\/salvo-a-un-perro-con-respiracion-boca-a-boca\/","name":"Salv\u00f3 a un perro con respiraci\u00f3n boca a boca - El Regional","isPartOf":{"@id":"http:\/\/elregionalvm.com.ar\/noticias-villa-maria\/#website"},"primaryImageOfPage":{"@id":"http:\/\/elregionalvm.com.ar\/noticias-villa-maria\/salvo-a-un-perro-con-respiracion-boca-a-boca\/#primaryimage"},"image":{"@id":"http:\/\/elregionalvm.com.ar\/noticias-villa-maria\/salvo-a-un-perro-con-respiracion-boca-a-boca\/#primaryimage"},"thumbnailUrl":"","datePublished":"2020-06-03T01:14:40+00:00","dateModified":"2020-06-16T16:59:00+00:00","author":{"@id":"http:\/\/elregionalvm.com.ar\/noticias-villa-maria\/#\/schema\/person\/df5ff3f005acf29788aed9cb359f1193"},"breadcrumb":{"@id":"http:\/\/elregionalvm.com.ar\/noticias-villa-maria\/salvo-a-un-perro-con-respiracion-boca-a-boca\/#breadcrumb"},"inLanguage":"es","potentialAction":[{"@type":"ReadAction","target":["http:\/\/elregionalvm.com.ar\/noticias-villa-maria\/salvo-a-un-perro-con-respiracion-boca-a-boca\/"]}]},{"@type":"ImageObject","inLanguage":"es","@id":"http:\/\/elregionalvm.com.ar\/noticias-villa-maria\/salvo-a-un-perro-con-respiracion-boca-a-boca\/#primaryimage","url":"","contentUrl":""},{"@type":"BreadcrumbList","@id":"http:\/\/elregionalvm.com.ar\/noticias-villa-maria\/salvo-a-un-perro-con-respiracion-boca-a-boca\/#breadcrumb","itemListElement":[{"@type":"ListItem","position":1,"name":"Portada","item":"https:\/\/elregionalvm.com.ar\/noticias-villa-maria\/"},{"@type":"ListItem","position":2,"name":"Salv\u00f3 a un perro con respiraci\u00f3n boca a boca"}]},{"@type":"WebSite","@id":"http:\/\/elregionalvm.com.ar\/noticias-villa-maria\/#website","url":"http:\/\/elregionalvm.com.ar\/noticias-villa-maria\/","name":"El Regional","description":"Mucho m\u00e1s que informaci\u00f3n","potentialAction":[{"@type":"SearchAction","target":{"@type":"EntryPoint","urlTemplate":"http:\/\/elregionalvm.com.ar\/noticias-villa-maria\/?s={search_term_string}"},"query-input":{"@type":"PropertyValueSpecification","valueRequired":true,"valueName":"search_term_string"}}],"inLanguage":"es"},{"@type":"Person","@id":"http:\/\/elregionalvm.com.ar\/noticias-villa-maria\/#\/schema\/person\/df5ff3f005acf29788aed9cb359f1193","name":"Miguel Andreis","image":{"@type":"ImageObject","inLanguage":"es","@id":"http:\/\/elregionalvm.com.ar\/noticias-villa-maria\/#\/schema\/person\/image\/","url":"https:\/\/secure.gravatar.com\/avatar\/c643381cd03da38327c6407e6886e7182d881f2ecf94a7902ca262c41f9d8884?s=96&d=mm&r=g","contentUrl":"https:\/\/secure.gravatar.com\/avatar\/c643381cd03da38327c6407e6886e7182d881f2ecf94a7902ca262c41f9d8884?s=96&d=mm&r=g","caption":"Miguel Andreis"},"url":"https:\/\/elregionalvm.com.ar\/noticias-villa-maria\/author\/miguelandreis\/"}]}},"jetpack_featured_media_url":"","jetpack_sharing_enabled":true,"_links":{"self":[{"href":"https:\/\/elregionalvm.com.ar\/noticias-villa-maria\/wp-json\/wp\/v2\/posts\/17791","targetHints":{"allow":["GET"]}}],"collection":[{"href":"https:\/\/elregionalvm.com.ar\/noticias-villa-maria\/wp-json\/wp\/v2\/posts"}],"about":[{"href":"https:\/\/elregionalvm.com.ar\/noticias-villa-maria\/wp-json\/wp\/v2\/types\/post"}],"author":[{"embeddable":true,"href":"https:\/\/elregionalvm.com.ar\/noticias-villa-maria\/wp-json\/wp\/v2\/users\/5"}],"replies":[{"embeddable":true,"href":"https:\/\/elregionalvm.com.ar\/noticias-villa-maria\/wp-json\/wp\/v2\/comments?post=17791"}],"version-history":[{"count":1,"href":"https:\/\/elregionalvm.com.ar\/noticias-villa-maria\/wp-json\/wp\/v2\/posts\/17791\/revisions"}],"predecessor-version":[{"id":18082,"href":"https:\/\/elregionalvm.com.ar\/noticias-villa-maria\/wp-json\/wp\/v2\/posts\/17791\/revisions\/18082"}],"wp:featuredmedia":[{"embeddable":true,"href":"https:\/\/elregionalvm.com.ar\/noticias-villa-maria\/wp-json\/"}],"wp:attachment":[{"href":"https:\/\/elregionalvm.com.ar\/noticias-villa-maria\/wp-json\/wp\/v2\/media?parent=17791"}],"wp:term":[{"taxonomy":"category","embeddable":true,"href":"https:\/\/elregionalvm.com.ar\/noticias-villa-maria\/wp-json\/wp\/v2\/categories?post=17791"},{"taxonomy":"post_tag","embeddable":true,"href":"https:\/\/elregionalvm.com.ar\/noticias-villa-maria\/wp-json\/wp\/v2\/tags?post=17791"}],"curies":[{"name":"wp","href":"https:\/\/api.w.org\/{rel}","templated":true}]}}