{"id":17792,"date":"2020-06-03T01:40:27","date_gmt":"2020-06-03T01:40:27","guid":{"rendered":"http:\/\/www.elregionalvm.com.ar\/?p=16046"},"modified":"2020-06-25T18:00:57","modified_gmt":"2020-06-25T18:00:57","slug":"coronavirus-nuevo-caso-importado-en-villa-nueva","status":"publish","type":"post","link":"https:\/\/elregionalvm.com.ar\/noticias-villa-maria\/coronavirus-nuevo-caso-importado-en-villa-nueva\/","title":{"rendered":"Coronavirus: nuevo caso importado en Villa Nueva"},"content":{"rendered":"<p><!--[CDATA[\n<\/p--><\/p>\n\n\n<p>Suman 25 los casos reportados desde el inicio de la pandemia.<\/p>\n\n\n\n<p>Desde el <a href=\"https:\/\/www.facebook.com\/HospitalRegionalPasteur\/?__cft__[0]=AZWiTS3uhhKF9c-6FpPXanigzq9Hqtxz3Yft1SWaceA9jX8rI18TshAubzoCkGV-As3xS4dKZrdnmyl8wwz4lOFeeeyGi4e-zqzffb6IXCHPVO_y7B0UxAeB5YQD_XkLXEhSWnHBjXEanTE_NDSeFBeQ&amp;__tn__=kK-R\"><strong>Hospital Regional Dr. Louis Pasteur &#8211; Villa Mar\u00eda<\/strong><\/a> confirmaron un nuevo caso positivo.<\/p>\n\n\n\n<p>Se trata de un hombre de 62 a\u00f1os asintom\u00e1tico, oriundo de Villa Nueva. En su regreso de Chile bajo protocolo en la modalidad repatriaci\u00f3n, dio positivo el hisopado realizado.<\/p>\n\n\n\n<p>Seg\u00fan indic\u00f3 el director del centro de salud villamariense, Sergio Arroyo, el paciente estuvo sin contacto estrecho durante su viaje y en la llegada a la ciudad. <\/p>\n\n\n\n<p>Actualmente, se encuentra en aislamiento domiciliario con seguimiento diario. <\/p>\n\n\n\n<p>De esta manera, suman 25 los casos reportados (m\u00e1s uno en Buenos Aires de una persona con domicilio en Villa Mar\u00eda). <\/p>\n\n\n<p>]]&gt;<\/p>","protected":false},"excerpt":{"rendered":"<p>Suman 25 los casos reportados desde el inicio de la pandemia. Desde el Hospital Regional Dr. Louis Pasteur &#8211; Villa Mar\u00eda confirmaron un nuevo caso positivo. Se trata de un hombre de 62 a\u00f1os asintom\u00e1tico, oriundo de Villa Nueva. En su regreso de Chile bajo protocolo en la modalidad repatriaci\u00f3n, dio positivo el hisopado realizado. [&hellip;]<\/p>\n","protected":false},"author":6,"featured_media":17930,"comment_status":"open","ping_status":"open","sticky":false,"template":"","format":"standard","meta":{"site-sidebar-layout":"default","site-content-layout":"default","ast-site-content-layout":"default","site-content-style":"default","site-sidebar-style":"default","ast-global-header-display":"","ast-banner-title-visibility":"","ast-main-header-display":"","ast-hfb-above-header-display":"","ast-hfb-below-header-display":"","ast-hfb-mobile-header-display":"","site-post-title":"","ast-breadcrumbs-content":"","ast-featured-img":"","footer-sml-layout":"","ast-disable-related-posts":"","theme-transparent-header-meta":"default","adv-header-id-meta":"","stick-header-meta":"","header-above-stick-meta":"","header-main-stick-meta":"","header-below-stick-meta":"","astra-migrate-meta-layouts":"default","ast-page-background-enabled":"default","ast-page-background-meta":{"desktop":{"background-color":"","background-image":"","background-repeat":"repeat","background-position":"center center","background-size":"auto","background-attachment":"scroll","background-type":"","background-media":"","overlay-type":"","overlay-color":"","overlay-opacity":"","overlay-gradient":""},"tablet":{"background-color":"","background-image":"","background-repeat":"repeat","background-position":"center center","background-size":"auto","background-attachment":"scroll","background-type":"","background-media":"","overlay-type":"","overlay-color":"","overlay-opacity":"","overlay-gradient":""},"mobile":{"background-color":"","background-image":"","background-repeat":"repeat","background-position":"center center","background-size":"auto","background-attachment":"scroll","background-type":"","background-media":"","overlay-type":"","overlay-color":"","overlay-opacity":"","overlay-gradient":""}},"ast-content-background-meta":{"desktop":{"background-color":"var(--ast-global-color-5)","background-image":"","background-repeat":"repeat","background-position":"center center","background-size":"auto","background-attachment":"scroll","background-type":"","background-media":"","overlay-type":"","overlay-color":"","overlay-opacity":"","overlay-gradient":""},"tablet":{"background-color":"var(--ast-global-color-5)","background-image":"","background-repeat":"repeat","background-position":"center center","background-size":"auto","background-attachment":"scroll","background-type":"","background-media":"","overlay-type":"","overlay-color":"","overlay-opacity":"","overlay-gradient":""},"mobile":{"background-color":"var(--ast-global-color-5)","background-image":"","background-repeat":"repeat","background-position":"center center","background-size":"auto","background-attachment":"scroll","background-type":"","background-media":"","overlay-type":"","overlay-color":"","overlay-opacity":"","overlay-gradient":""}},"_jetpack_memberships_contains_paid_content":false,"_joinchat":[],"footnotes":""},"categories":[2256,1408],"tags":[1997,2130,1998,1459,534,232],"class_list":["post-17792","post","type-post","status-publish","format-standard","has-post-thumbnail","hentry","category-coronavirus","category-villa-nueva","tag-coronavirus","tag-hospital-pasteur","tag-pandemia","tag-region","tag-villa-maria","tag-villa-nueva"],"yoast_head":"<!-- This site is optimized with the Yoast SEO plugin v26.8 - https:\/\/yoast.com\/product\/yoast-seo-wordpress\/ -->\n<title>Coronavirus: nuevo caso importado en Villa Nueva - El Regional<\/title>\n<meta name=\"robots\" content=\"index, follow, max-snippet:-1, max-image-preview:large, max-video-preview:-1\" \/>\n<link rel=\"canonical\" href=\"http:\/\/elregionalvm.com.ar\/noticias-villa-maria\/coronavirus-nuevo-caso-importado-en-villa-nueva\/\" \/>\n<meta property=\"og:locale\" content=\"es_ES\" \/>\n<meta property=\"og:type\" content=\"article\" \/>\n<meta property=\"og:title\" content=\"Coronavirus: nuevo caso importado en Villa Nueva - El Regional\" \/>\n<meta property=\"og:description\" content=\"Suman 25 los casos reportados desde el inicio de la pandemia. Desde el Hospital Regional Dr. Louis Pasteur &#8211; Villa Mar\u00eda confirmaron un nuevo caso positivo. Se trata de un hombre de 62 a\u00f1os asintom\u00e1tico, oriundo de Villa Nueva. En su regreso de Chile bajo protocolo en la modalidad repatriaci\u00f3n, dio positivo el hisopado realizado. [&hellip;]\" \/>\n<meta property=\"og:url\" content=\"http:\/\/elregionalvm.com.ar\/noticias-villa-maria\/coronavirus-nuevo-caso-importado-en-villa-nueva\/\" \/>\n<meta property=\"og:site_name\" content=\"El Regional\" \/>\n<meta property=\"article:publisher\" content=\"https:\/\/www.facebook.com\/elregionalvm\" \/>\n<meta property=\"article:published_time\" content=\"2020-06-03T01:40:27+00:00\" \/>\n<meta property=\"article:modified_time\" content=\"2020-06-25T18:00:57+00:00\" \/>\n<meta property=\"og:image\" content=\"http:\/\/elregionalvm.com.ar\/noticias-villa-maria\/wp-content\/uploads\/2020\/06\/Hospital-Pasteur-frente-1024x492-1.jpg\" \/>\n\t<meta property=\"og:image:width\" content=\"1024\" \/>\n\t<meta property=\"og:image:height\" content=\"492\" \/>\n\t<meta property=\"og:image:type\" content=\"image\/jpeg\" \/>\n<meta name=\"author\" content=\"Germ\u00e1n Giacchero\" \/>\n<meta name=\"twitter:card\" content=\"summary_large_image\" \/>\n<meta name=\"twitter:creator\" content=\"@elregionalvm1\" \/>\n<meta name=\"twitter:site\" content=\"@elregionalvm1\" \/>\n<meta name=\"twitter:label1\" content=\"Escrito por\" \/>\n\t<meta name=\"twitter:data1\" content=\"Germ\u00e1n Giacchero\" \/>\n\t<meta name=\"twitter:label2\" content=\"Tiempo de lectura\" \/>\n\t<meta name=\"twitter:data2\" content=\"1 minuto\" \/>\n<script type=\"application\/ld+json\" class=\"yoast-schema-graph\">{\"@context\":\"https:\/\/schema.org\",\"@graph\":[{\"@type\":\"Article\",\"@id\":\"http:\/\/elregionalvm.com.ar\/noticias-villa-maria\/coronavirus-nuevo-caso-importado-en-villa-nueva\/#article\",\"isPartOf\":{\"@id\":\"http:\/\/elregionalvm.com.ar\/noticias-villa-maria\/coronavirus-nuevo-caso-importado-en-villa-nueva\/\"},\"author\":{\"name\":\"Germ\u00e1n Giacchero\",\"@id\":\"http:\/\/elregionalvm.com.ar\/noticias-villa-maria\/#\/schema\/person\/d5e4b04966154131701e52c45d3efec9\"},\"headline\":\"Coronavirus: nuevo caso importado en Villa Nueva\",\"datePublished\":\"2020-06-03T01:40:27+00:00\",\"dateModified\":\"2020-06-25T18:00:57+00:00\",\"mainEntityOfPage\":{\"@id\":\"http:\/\/elregionalvm.com.ar\/noticias-villa-maria\/coronavirus-nuevo-caso-importado-en-villa-nueva\/\"},\"wordCount\":124,\"commentCount\":0,\"image\":{\"@id\":\"http:\/\/elregionalvm.com.ar\/noticias-villa-maria\/coronavirus-nuevo-caso-importado-en-villa-nueva\/#primaryimage\"},\"thumbnailUrl\":\"https:\/\/i0.wp.com\/elregionalvm.com.ar\/noticias-villa-maria\/wp-content\/uploads\/2020\/06\/Hospital-Pasteur-frente-1024x492-1.jpg?fit=1024%2C492&ssl=1\",\"keywords\":[\"Coronavirus\",\"Hospital Pasteur\",\"pandemia\",\"Regi\u00f3n\",\"villa maria\",\"VILLA NUEVA\"],\"articleSection\":[\"Coronavirus\",\"Villa Nueva\"],\"inLanguage\":\"es\",\"potentialAction\":[{\"@type\":\"CommentAction\",\"name\":\"Comment\",\"target\":[\"http:\/\/elregionalvm.com.ar\/noticias-villa-maria\/coronavirus-nuevo-caso-importado-en-villa-nueva\/#respond\"]}]},{\"@type\":\"WebPage\",\"@id\":\"http:\/\/elregionalvm.com.ar\/noticias-villa-maria\/coronavirus-nuevo-caso-importado-en-villa-nueva\/\",\"url\":\"http:\/\/elregionalvm.com.ar\/noticias-villa-maria\/coronavirus-nuevo-caso-importado-en-villa-nueva\/\",\"name\":\"Coronavirus: nuevo caso importado en Villa Nueva - El Regional\",\"isPartOf\":{\"@id\":\"http:\/\/elregionalvm.com.ar\/noticias-villa-maria\/#website\"},\"primaryImageOfPage\":{\"@id\":\"http:\/\/elregionalvm.com.ar\/noticias-villa-maria\/coronavirus-nuevo-caso-importado-en-villa-nueva\/#primaryimage\"},\"image\":{\"@id\":\"http:\/\/elregionalvm.com.ar\/noticias-villa-maria\/coronavirus-nuevo-caso-importado-en-villa-nueva\/#primaryimage\"},\"thumbnailUrl\":\"https:\/\/i0.wp.com\/elregionalvm.com.ar\/noticias-villa-maria\/wp-content\/uploads\/2020\/06\/Hospital-Pasteur-frente-1024x492-1.jpg?fit=1024%2C492&ssl=1\",\"datePublished\":\"2020-06-03T01:40:27+00:00\",\"dateModified\":\"2020-06-25T18:00:57+00:00\",\"author\":{\"@id\":\"http:\/\/elregionalvm.com.ar\/noticias-villa-maria\/#\/schema\/person\/d5e4b04966154131701e52c45d3efec9\"},\"breadcrumb\":{\"@id\":\"http:\/\/elregionalvm.com.ar\/noticias-villa-maria\/coronavirus-nuevo-caso-importado-en-villa-nueva\/#breadcrumb\"},\"inLanguage\":\"es\",\"potentialAction\":[{\"@type\":\"ReadAction\",\"target\":[\"http:\/\/elregionalvm.com.ar\/noticias-villa-maria\/coronavirus-nuevo-caso-importado-en-villa-nueva\/\"]}]},{\"@type\":\"ImageObject\",\"inLanguage\":\"es\",\"@id\":\"http:\/\/elregionalvm.com.ar\/noticias-villa-maria\/coronavirus-nuevo-caso-importado-en-villa-nueva\/#primaryimage\",\"url\":\"https:\/\/i0.wp.com\/elregionalvm.com.ar\/noticias-villa-maria\/wp-content\/uploads\/2020\/06\/Hospital-Pasteur-frente-1024x492-1.jpg?fit=1024%2C492&ssl=1\",\"contentUrl\":\"https:\/\/i0.wp.com\/elregionalvm.com.ar\/noticias-villa-maria\/wp-content\/uploads\/2020\/06\/Hospital-Pasteur-frente-1024x492-1.jpg?fit=1024%2C492&ssl=1\",\"width\":1024,\"height\":492},{\"@type\":\"BreadcrumbList\",\"@id\":\"http:\/\/elregionalvm.com.ar\/noticias-villa-maria\/coronavirus-nuevo-caso-importado-en-villa-nueva\/#breadcrumb\",\"itemListElement\":[{\"@type\":\"ListItem\",\"position\":1,\"name\":\"Portada\",\"item\":\"https:\/\/elregionalvm.com.ar\/noticias-villa-maria\/\"},{\"@type\":\"ListItem\",\"position\":2,\"name\":\"Coronavirus: nuevo caso importado en Villa Nueva\"}]},{\"@type\":\"WebSite\",\"@id\":\"http:\/\/elregionalvm.com.ar\/noticias-villa-maria\/#website\",\"url\":\"http:\/\/elregionalvm.com.ar\/noticias-villa-maria\/\",\"name\":\"El Regional\",\"description\":\"Mucho m\u00e1s que informaci\u00f3n\",\"potentialAction\":[{\"@type\":\"SearchAction\",\"target\":{\"@type\":\"EntryPoint\",\"urlTemplate\":\"http:\/\/elregionalvm.com.ar\/noticias-villa-maria\/?s={search_term_string}\"},\"query-input\":{\"@type\":\"PropertyValueSpecification\",\"valueRequired\":true,\"valueName\":\"search_term_string\"}}],\"inLanguage\":\"es\"},{\"@type\":\"Person\",\"@id\":\"http:\/\/elregionalvm.com.ar\/noticias-villa-maria\/#\/schema\/person\/d5e4b04966154131701e52c45d3efec9\",\"name\":\"Germ\u00e1n Giacchero\",\"image\":{\"@type\":\"ImageObject\",\"inLanguage\":\"es\",\"@id\":\"http:\/\/elregionalvm.com.ar\/noticias-villa-maria\/#\/schema\/person\/image\/\",\"url\":\"https:\/\/secure.gravatar.com\/avatar\/fda163ba5ef0307ee5be9846e10f83b6e83d0cfb260d3b2464830318894c6b04?s=96&d=mm&r=g\",\"contentUrl\":\"https:\/\/secure.gravatar.com\/avatar\/fda163ba5ef0307ee5be9846e10f83b6e83d0cfb260d3b2464830318894c6b04?s=96&d=mm&r=g\",\"caption\":\"Germ\u00e1n Giacchero\"},\"url\":\"https:\/\/elregionalvm.com.ar\/noticias-villa-maria\/author\/germangiacchero\/\"}]}<\/script>\n<!-- \/ Yoast SEO plugin. -->","yoast_head_json":{"title":"Coronavirus: nuevo caso importado en Villa Nueva - El Regional","robots":{"index":"index","follow":"follow","max-snippet":"max-snippet:-1","max-image-preview":"max-image-preview:large","max-video-preview":"max-video-preview:-1"},"canonical":"http:\/\/elregionalvm.com.ar\/noticias-villa-maria\/coronavirus-nuevo-caso-importado-en-villa-nueva\/","og_locale":"es_ES","og_type":"article","og_title":"Coronavirus: nuevo caso importado en Villa Nueva - El Regional","og_description":"Suman 25 los casos reportados desde el inicio de la pandemia. Desde el Hospital Regional Dr. Louis Pasteur &#8211; Villa Mar\u00eda confirmaron un nuevo caso positivo. Se trata de un hombre de 62 a\u00f1os asintom\u00e1tico, oriundo de Villa Nueva. En su regreso de Chile bajo protocolo en la modalidad repatriaci\u00f3n, dio positivo el hisopado realizado. [&hellip;]","og_url":"http:\/\/elregionalvm.com.ar\/noticias-villa-maria\/coronavirus-nuevo-caso-importado-en-villa-nueva\/","og_site_name":"El Regional","article_publisher":"https:\/\/www.facebook.com\/elregionalvm","article_published_time":"2020-06-03T01:40:27+00:00","article_modified_time":"2020-06-25T18:00:57+00:00","og_image":[{"width":1024,"height":492,"url":"http:\/\/elregionalvm.com.ar\/noticias-villa-maria\/wp-content\/uploads\/2020\/06\/Hospital-Pasteur-frente-1024x492-1.jpg","type":"image\/jpeg"}],"author":"Germ\u00e1n Giacchero","twitter_card":"summary_large_image","twitter_creator":"@elregionalvm1","twitter_site":"@elregionalvm1","twitter_misc":{"Escrito por":"Germ\u00e1n Giacchero","Tiempo de lectura":"1 minuto"},"schema":{"@context":"https:\/\/schema.org","@graph":[{"@type":"Article","@id":"http:\/\/elregionalvm.com.ar\/noticias-villa-maria\/coronavirus-nuevo-caso-importado-en-villa-nueva\/#article","isPartOf":{"@id":"http:\/\/elregionalvm.com.ar\/noticias-villa-maria\/coronavirus-nuevo-caso-importado-en-villa-nueva\/"},"author":{"name":"Germ\u00e1n Giacchero","@id":"http:\/\/elregionalvm.com.ar\/noticias-villa-maria\/#\/schema\/person\/d5e4b04966154131701e52c45d3efec9"},"headline":"Coronavirus: nuevo caso importado en Villa Nueva","datePublished":"2020-06-03T01:40:27+00:00","dateModified":"2020-06-25T18:00:57+00:00","mainEntityOfPage":{"@id":"http:\/\/elregionalvm.com.ar\/noticias-villa-maria\/coronavirus-nuevo-caso-importado-en-villa-nueva\/"},"wordCount":124,"commentCount":0,"image":{"@id":"http:\/\/elregionalvm.com.ar\/noticias-villa-maria\/coronavirus-nuevo-caso-importado-en-villa-nueva\/#primaryimage"},"thumbnailUrl":"https:\/\/i0.wp.com\/elregionalvm.com.ar\/noticias-villa-maria\/wp-content\/uploads\/2020\/06\/Hospital-Pasteur-frente-1024x492-1.jpg?fit=1024%2C492&ssl=1","keywords":["Coronavirus","Hospital Pasteur","pandemia","Regi\u00f3n","villa maria","VILLA NUEVA"],"articleSection":["Coronavirus","Villa Nueva"],"inLanguage":"es","potentialAction":[{"@type":"CommentAction","name":"Comment","target":["http:\/\/elregionalvm.com.ar\/noticias-villa-maria\/coronavirus-nuevo-caso-importado-en-villa-nueva\/#respond"]}]},{"@type":"WebPage","@id":"http:\/\/elregionalvm.com.ar\/noticias-villa-maria\/coronavirus-nuevo-caso-importado-en-villa-nueva\/","url":"http:\/\/elregionalvm.com.ar\/noticias-villa-maria\/coronavirus-nuevo-caso-importado-en-villa-nueva\/","name":"Coronavirus: nuevo caso importado en Villa Nueva - El Regional","isPartOf":{"@id":"http:\/\/elregionalvm.com.ar\/noticias-villa-maria\/#website"},"primaryImageOfPage":{"@id":"http:\/\/elregionalvm.com.ar\/noticias-villa-maria\/coronavirus-nuevo-caso-importado-en-villa-nueva\/#primaryimage"},"image":{"@id":"http:\/\/elregionalvm.com.ar\/noticias-villa-maria\/coronavirus-nuevo-caso-importado-en-villa-nueva\/#primaryimage"},"thumbnailUrl":"https:\/\/i0.wp.com\/elregionalvm.com.ar\/noticias-villa-maria\/wp-content\/uploads\/2020\/06\/Hospital-Pasteur-frente-1024x492-1.jpg?fit=1024%2C492&ssl=1","datePublished":"2020-06-03T01:40:27+00:00","dateModified":"2020-06-25T18:00:57+00:00","author":{"@id":"http:\/\/elregionalvm.com.ar\/noticias-villa-maria\/#\/schema\/person\/d5e4b04966154131701e52c45d3efec9"},"breadcrumb":{"@id":"http:\/\/elregionalvm.com.ar\/noticias-villa-maria\/coronavirus-nuevo-caso-importado-en-villa-nueva\/#breadcrumb"},"inLanguage":"es","potentialAction":[{"@type":"ReadAction","target":["http:\/\/elregionalvm.com.ar\/noticias-villa-maria\/coronavirus-nuevo-caso-importado-en-villa-nueva\/"]}]},{"@type":"ImageObject","inLanguage":"es","@id":"http:\/\/elregionalvm.com.ar\/noticias-villa-maria\/coronavirus-nuevo-caso-importado-en-villa-nueva\/#primaryimage","url":"https:\/\/i0.wp.com\/elregionalvm.com.ar\/noticias-villa-maria\/wp-content\/uploads\/2020\/06\/Hospital-Pasteur-frente-1024x492-1.jpg?fit=1024%2C492&ssl=1","contentUrl":"https:\/\/i0.wp.com\/elregionalvm.com.ar\/noticias-villa-maria\/wp-content\/uploads\/2020\/06\/Hospital-Pasteur-frente-1024x492-1.jpg?fit=1024%2C492&ssl=1","width":1024,"height":492},{"@type":"BreadcrumbList","@id":"http:\/\/elregionalvm.com.ar\/noticias-villa-maria\/coronavirus-nuevo-caso-importado-en-villa-nueva\/#breadcrumb","itemListElement":[{"@type":"ListItem","position":1,"name":"Portada","item":"https:\/\/elregionalvm.com.ar\/noticias-villa-maria\/"},{"@type":"ListItem","position":2,"name":"Coronavirus: nuevo caso importado en Villa Nueva"}]},{"@type":"WebSite","@id":"http:\/\/elregionalvm.com.ar\/noticias-villa-maria\/#website","url":"http:\/\/elregionalvm.com.ar\/noticias-villa-maria\/","name":"El Regional","description":"Mucho m\u00e1s que informaci\u00f3n","potentialAction":[{"@type":"SearchAction","target":{"@type":"EntryPoint","urlTemplate":"http:\/\/elregionalvm.com.ar\/noticias-villa-maria\/?s={search_term_string}"},"query-input":{"@type":"PropertyValueSpecification","valueRequired":true,"valueName":"search_term_string"}}],"inLanguage":"es"},{"@type":"Person","@id":"http:\/\/elregionalvm.com.ar\/noticias-villa-maria\/#\/schema\/person\/d5e4b04966154131701e52c45d3efec9","name":"Germ\u00e1n Giacchero","image":{"@type":"ImageObject","inLanguage":"es","@id":"http:\/\/elregionalvm.com.ar\/noticias-villa-maria\/#\/schema\/person\/image\/","url":"https:\/\/secure.gravatar.com\/avatar\/fda163ba5ef0307ee5be9846e10f83b6e83d0cfb260d3b2464830318894c6b04?s=96&d=mm&r=g","contentUrl":"https:\/\/secure.gravatar.com\/avatar\/fda163ba5ef0307ee5be9846e10f83b6e83d0cfb260d3b2464830318894c6b04?s=96&d=mm&r=g","caption":"Germ\u00e1n Giacchero"},"url":"https:\/\/elregionalvm.com.ar\/noticias-villa-maria\/author\/germangiacchero\/"}]}},"jetpack_featured_media_url":"https:\/\/i0.wp.com\/elregionalvm.com.ar\/noticias-villa-maria\/wp-content\/uploads\/2020\/06\/Hospital-Pasteur-frente-1024x492-1.jpg?fit=1024%2C492&ssl=1","jetpack_sharing_enabled":true,"_links":{"self":[{"href":"https:\/\/elregionalvm.com.ar\/noticias-villa-maria\/wp-json\/wp\/v2\/posts\/17792","targetHints":{"allow":["GET"]}}],"collection":[{"href":"https:\/\/elregionalvm.com.ar\/noticias-villa-maria\/wp-json\/wp\/v2\/posts"}],"about":[{"href":"https:\/\/elregionalvm.com.ar\/noticias-villa-maria\/wp-json\/wp\/v2\/types\/post"}],"author":[{"embeddable":true,"href":"https:\/\/elregionalvm.com.ar\/noticias-villa-maria\/wp-json\/wp\/v2\/users\/6"}],"replies":[{"embeddable":true,"href":"https:\/\/elregionalvm.com.ar\/noticias-villa-maria\/wp-json\/wp\/v2\/comments?post=17792"}],"version-history":[{"count":2,"href":"https:\/\/elregionalvm.com.ar\/noticias-villa-maria\/wp-json\/wp\/v2\/posts\/17792\/revisions"}],"predecessor-version":[{"id":18267,"href":"https:\/\/elregionalvm.com.ar\/noticias-villa-maria\/wp-json\/wp\/v2\/posts\/17792\/revisions\/18267"}],"wp:featuredmedia":[{"embeddable":true,"href":"https:\/\/elregionalvm.com.ar\/noticias-villa-maria\/wp-json\/wp\/v2\/media\/17930"}],"wp:attachment":[{"href":"https:\/\/elregionalvm.com.ar\/noticias-villa-maria\/wp-json\/wp\/v2\/media?parent=17792"}],"wp:term":[{"taxonomy":"category","embeddable":true,"href":"https:\/\/elregionalvm.com.ar\/noticias-villa-maria\/wp-json\/wp\/v2\/categories?post=17792"},{"taxonomy":"post_tag","embeddable":true,"href":"https:\/\/elregionalvm.com.ar\/noticias-villa-maria\/wp-json\/wp\/v2\/tags?post=17792"}],"curies":[{"name":"wp","href":"https:\/\/api.w.org\/{rel}","templated":true}]}}