{"id":17794,"date":"2020-06-04T14:51:12","date_gmt":"2020-06-04T14:51:12","guid":{"rendered":"http:\/\/www.elregionalvm.com.ar\/?p=16053"},"modified":"2020-06-16T19:22:57","modified_gmt":"2020-06-16T19:22:57","slug":"transporte-de-pasajeros-se-termina-el-paro-pero","status":"publish","type":"post","link":"https:\/\/elregionalvm.com.ar\/noticias-villa-maria\/transporte-de-pasajeros-se-termina-el-paro-pero\/","title":{"rendered":"Transporte de pasajeros: se termina el paro, pero\u2026"},"content":{"rendered":"\n\t\t\t\t<![CDATA[\n<p><strong>A 52 d\u00edas de haberse llevado a cabo la medida de fuerza de transporte urbano e interurbano, el centenar de choferes de ambas villas aceptar\u00eda el acuerdo establecido entre<\/strong> <strong>las empresas y el gremio, si al cuarto d\u00eda h\u00e1bil de pago se encuentran depositados todos los haberes adeudados.<\/strong><\/p>\n\n\n<p><strong>Escribe:\nCarolina Durand<\/strong><\/p>\n\n\n<p>El\nparo se inici\u00f3 el 13 de abril, cuando las empresas contratantes adeudaron el\npago correspondiente al mes de marzo. En primera instancia, el gremio AOITA\naguard\u00f3 respuesta por parte de las empresas. Pero, no hubo di\u00e1logo.<\/p>\n\n\n<p>El\npasado lunes 25 de mayo en horas de la tarde hubo una reuni\u00f3n que no arroj\u00f3\nbuenos frutos, y no fue sino hasta el viernes 29 que se habr\u00eda llegado a un\nacuerdo salarial de emergencia para la restituci\u00f3n del servicio.<\/p>\n\n\n<p><strong>Acuerdo <\/strong><\/p>\n\n\n<p>Uno\nde los referentes de AOITA, Edgardo Garmendia, en di\u00e1logo con El Regional,\nexpres\u00f3: \u201cSe comprometieron a pagar lo adeudado despu\u00e9s de un tiempo bastante\nconsiderable\u201d, y ese ser\u00eda el motivo por el cual se levantar\u00eda la medida. &nbsp;<\/p>\n\n\n<p>\u201cAhora\nquedar\u00eda a disposici\u00f3n del poder concedente, habilitar o no las l\u00edneas de\ncolectivos; y establecer si van a ser servicio esencial restringido, eso lo\ndispondr\u00e1 el Ministerio de Transporte y la provincia\u201d, acot\u00f3.<\/p>\n\n\n<p>Respecto\na los pagos adeudados, algunas empresas habr\u00edan pagado entre un 60% y 70 %, algunas\nun 50 % y otras no habr\u00edan depositado nada. <\/p>\n\n\n<p>En\ntanto, uno de los choferes afectados por la falta de pago coment\u00f3: \u201cMuchos de nosotros,\nestos meses hemos estado haciendo changas, en la medida que la cuarentena lo permiti\u00f3,\nporque no contamos con ingresos extras. Aun as\u00ed, con los compa\u00f1eros acordamos que,\npara volver a viajar, exigimos los dos meses y medios adeudados, ni m\u00e1s ni\nmenos, sino el paro va a continuar\u201d.&nbsp; <\/p>\n\n\n<p>Lo\ncierto es que la Naci\u00f3n les pasa factura a las empresas, alegando que \u201clos empresarios del transporte pueden pagar los sueldos,\npero aprovechan la cuarentena para presionar\u201d. Mientras, las empresas habr\u00edan\nnegado haber recibido los subsidios correspondientes. En el medio, cientos de\ntrabajadores que quedaron sin cobrar sus sueldos, \u00fanico sost\u00e9n en gran parte de\nlas familias. <\/p>\n]]>\t\t","protected":false},"excerpt":{"rendered":"<p>\t\t\t\t<![CDATA[]]>\t\t<\/p>\n","protected":false},"author":6,"featured_media":16054,"comment_status":"open","ping_status":"open","sticky":false,"template":"","format":"standard","meta":{"site-sidebar-layout":"default","site-content-layout":"","ast-site-content-layout":"default","site-content-style":"default","site-sidebar-style":"default","ast-global-header-display":"","ast-banner-title-visibility":"","ast-main-header-display":"","ast-hfb-above-header-display":"","ast-hfb-below-header-display":"","ast-hfb-mobile-header-display":"","site-post-title":"","ast-breadcrumbs-content":"","ast-featured-img":"","footer-sml-layout":"","ast-disable-related-posts":"","theme-transparent-header-meta":"","adv-header-id-meta":"","stick-header-meta":"","header-above-stick-meta":"","header-main-stick-meta":"","header-below-stick-meta":"","astra-migrate-meta-layouts":"default","ast-page-background-enabled":"default","ast-page-background-meta":{"desktop":{"background-color":"","background-image":"","background-repeat":"repeat","background-position":"center center","background-size":"auto","background-attachment":"scroll","background-type":"","background-media":"","overlay-type":"","overlay-color":"","overlay-opacity":"","overlay-gradient":""},"tablet":{"background-color":"","background-image":"","background-repeat":"repeat","background-position":"center center","background-size":"auto","background-attachment":"scroll","background-type":"","background-media":"","overlay-type":"","overlay-color":"","overlay-opacity":"","overlay-gradient":""},"mobile":{"background-color":"","background-image":"","background-repeat":"repeat","background-position":"center center","background-size":"auto","background-attachment":"scroll","background-type":"","background-media":"","overlay-type":"","overlay-color":"","overlay-opacity":"","overlay-gradient":""}},"ast-content-background-meta":{"desktop":{"background-color":"var(--ast-global-color-5)","background-image":"","background-repeat":"repeat","background-position":"center center","background-size":"auto","background-attachment":"scroll","background-type":"","background-media":"","overlay-type":"","overlay-color":"","overlay-opacity":"","overlay-gradient":""},"tablet":{"background-color":"var(--ast-global-color-5)","background-image":"","background-repeat":"repeat","background-position":"center center","background-size":"auto","background-attachment":"scroll","background-type":"","background-media":"","overlay-type":"","overlay-color":"","overlay-opacity":"","overlay-gradient":""},"mobile":{"background-color":"var(--ast-global-color-5)","background-image":"","background-repeat":"repeat","background-position":"center center","background-size":"auto","background-attachment":"scroll","background-type":"","background-media":"","overlay-type":"","overlay-color":"","overlay-opacity":"","overlay-gradient":""}},"_jetpack_memberships_contains_paid_content":false,"_joinchat":[],"footnotes":""},"categories":[2089],"tags":[2194,2035,2195,2196,2197,2198,2102],"class_list":["post-17794","post","type-post","status-publish","format-standard","has-post-thumbnail","hentry","category-politica","tag-aoita","tag-cuarentena","tag-el-regional-pandemia-coronavirus","tag-paro-de-transporte","tag-transporte-de-pasajeros","tag-transporte-interurbano","tag-transporte-urbano"],"yoast_head":"<!-- This site is optimized with the Yoast SEO plugin v26.8 - https:\/\/yoast.com\/product\/yoast-seo-wordpress\/ -->\n<title>Transporte de pasajeros: se termina el paro, pero\u2026 - El Regional<\/title>\n<meta name=\"robots\" content=\"index, follow, max-snippet:-1, max-image-preview:large, max-video-preview:-1\" \/>\n<link rel=\"canonical\" href=\"http:\/\/elregionalvm.com.ar\/noticias-villa-maria\/transporte-de-pasajeros-se-termina-el-paro-pero\/\" \/>\n<meta property=\"og:locale\" content=\"es_ES\" \/>\n<meta property=\"og:type\" content=\"article\" \/>\n<meta property=\"og:title\" content=\"Transporte de pasajeros: se termina el paro, pero\u2026 - El Regional\" \/>\n<meta property=\"og:url\" content=\"http:\/\/elregionalvm.com.ar\/noticias-villa-maria\/transporte-de-pasajeros-se-termina-el-paro-pero\/\" \/>\n<meta property=\"og:site_name\" content=\"El Regional\" \/>\n<meta property=\"article:publisher\" content=\"https:\/\/www.facebook.com\/elregionalvm\" \/>\n<meta property=\"article:published_time\" content=\"2020-06-04T14:51:12+00:00\" \/>\n<meta property=\"article:modified_time\" content=\"2020-06-16T19:22:57+00:00\" \/>\n<meta name=\"author\" content=\"Germ\u00e1n Giacchero\" \/>\n<meta name=\"twitter:card\" content=\"summary_large_image\" \/>\n<meta name=\"twitter:creator\" content=\"@elregionalvm1\" \/>\n<meta name=\"twitter:site\" content=\"@elregionalvm1\" \/>\n<meta name=\"twitter:label1\" content=\"Escrito por\" \/>\n\t<meta name=\"twitter:data1\" content=\"Germ\u00e1n Giacchero\" \/>\n\t<meta name=\"twitter:label2\" content=\"Tiempo de lectura\" \/>\n\t<meta name=\"twitter:data2\" content=\"2 minutos\" \/>\n<script type=\"application\/ld+json\" class=\"yoast-schema-graph\">{\"@context\":\"https:\/\/schema.org\",\"@graph\":[{\"@type\":\"Article\",\"@id\":\"http:\/\/elregionalvm.com.ar\/noticias-villa-maria\/transporte-de-pasajeros-se-termina-el-paro-pero\/#article\",\"isPartOf\":{\"@id\":\"http:\/\/elregionalvm.com.ar\/noticias-villa-maria\/transporte-de-pasajeros-se-termina-el-paro-pero\/\"},\"author\":{\"name\":\"Germ\u00e1n Giacchero\",\"@id\":\"http:\/\/elregionalvm.com.ar\/noticias-villa-maria\/#\/schema\/person\/d5e4b04966154131701e52c45d3efec9\"},\"headline\":\"Transporte de pasajeros: se termina el paro, pero\u2026\",\"datePublished\":\"2020-06-04T14:51:12+00:00\",\"dateModified\":\"2020-06-16T19:22:57+00:00\",\"mainEntityOfPage\":{\"@id\":\"http:\/\/elregionalvm.com.ar\/noticias-villa-maria\/transporte-de-pasajeros-se-termina-el-paro-pero\/\"},\"wordCount\":373,\"commentCount\":5,\"image\":{\"@id\":\"http:\/\/elregionalvm.com.ar\/noticias-villa-maria\/transporte-de-pasajeros-se-termina-el-paro-pero\/#primaryimage\"},\"thumbnailUrl\":\"\",\"keywords\":[\"Aoita\",\"cuarentena\",\"El Regional Pandemia Coronavirus\",\"Paro de transporte\",\"Transporte de pasajeros\",\"Transporte Interurbano\",\"Transporte urbano\"],\"articleSection\":[\"Pol\u00edtica\"],\"inLanguage\":\"es\",\"potentialAction\":[{\"@type\":\"CommentAction\",\"name\":\"Comment\",\"target\":[\"http:\/\/elregionalvm.com.ar\/noticias-villa-maria\/transporte-de-pasajeros-se-termina-el-paro-pero\/#respond\"]}]},{\"@type\":\"WebPage\",\"@id\":\"http:\/\/elregionalvm.com.ar\/noticias-villa-maria\/transporte-de-pasajeros-se-termina-el-paro-pero\/\",\"url\":\"http:\/\/elregionalvm.com.ar\/noticias-villa-maria\/transporte-de-pasajeros-se-termina-el-paro-pero\/\",\"name\":\"Transporte de pasajeros: se termina el paro, pero\u2026 - El Regional\",\"isPartOf\":{\"@id\":\"http:\/\/elregionalvm.com.ar\/noticias-villa-maria\/#website\"},\"primaryImageOfPage\":{\"@id\":\"http:\/\/elregionalvm.com.ar\/noticias-villa-maria\/transporte-de-pasajeros-se-termina-el-paro-pero\/#primaryimage\"},\"image\":{\"@id\":\"http:\/\/elregionalvm.com.ar\/noticias-villa-maria\/transporte-de-pasajeros-se-termina-el-paro-pero\/#primaryimage\"},\"thumbnailUrl\":\"\",\"datePublished\":\"2020-06-04T14:51:12+00:00\",\"dateModified\":\"2020-06-16T19:22:57+00:00\",\"author\":{\"@id\":\"http:\/\/elregionalvm.com.ar\/noticias-villa-maria\/#\/schema\/person\/d5e4b04966154131701e52c45d3efec9\"},\"breadcrumb\":{\"@id\":\"http:\/\/elregionalvm.com.ar\/noticias-villa-maria\/transporte-de-pasajeros-se-termina-el-paro-pero\/#breadcrumb\"},\"inLanguage\":\"es\",\"potentialAction\":[{\"@type\":\"ReadAction\",\"target\":[\"http:\/\/elregionalvm.com.ar\/noticias-villa-maria\/transporte-de-pasajeros-se-termina-el-paro-pero\/\"]}]},{\"@type\":\"ImageObject\",\"inLanguage\":\"es\",\"@id\":\"http:\/\/elregionalvm.com.ar\/noticias-villa-maria\/transporte-de-pasajeros-se-termina-el-paro-pero\/#primaryimage\",\"url\":\"\",\"contentUrl\":\"\"},{\"@type\":\"BreadcrumbList\",\"@id\":\"http:\/\/elregionalvm.com.ar\/noticias-villa-maria\/transporte-de-pasajeros-se-termina-el-paro-pero\/#breadcrumb\",\"itemListElement\":[{\"@type\":\"ListItem\",\"position\":1,\"name\":\"Portada\",\"item\":\"https:\/\/elregionalvm.com.ar\/noticias-villa-maria\/\"},{\"@type\":\"ListItem\",\"position\":2,\"name\":\"Transporte de pasajeros: se termina el paro, pero\u2026\"}]},{\"@type\":\"WebSite\",\"@id\":\"http:\/\/elregionalvm.com.ar\/noticias-villa-maria\/#website\",\"url\":\"http:\/\/elregionalvm.com.ar\/noticias-villa-maria\/\",\"name\":\"El Regional\",\"description\":\"Mucho m\u00e1s que informaci\u00f3n\",\"potentialAction\":[{\"@type\":\"SearchAction\",\"target\":{\"@type\":\"EntryPoint\",\"urlTemplate\":\"http:\/\/elregionalvm.com.ar\/noticias-villa-maria\/?s={search_term_string}\"},\"query-input\":{\"@type\":\"PropertyValueSpecification\",\"valueRequired\":true,\"valueName\":\"search_term_string\"}}],\"inLanguage\":\"es\"},{\"@type\":\"Person\",\"@id\":\"http:\/\/elregionalvm.com.ar\/noticias-villa-maria\/#\/schema\/person\/d5e4b04966154131701e52c45d3efec9\",\"name\":\"Germ\u00e1n Giacchero\",\"image\":{\"@type\":\"ImageObject\",\"inLanguage\":\"es\",\"@id\":\"http:\/\/elregionalvm.com.ar\/noticias-villa-maria\/#\/schema\/person\/image\/\",\"url\":\"https:\/\/secure.gravatar.com\/avatar\/fda163ba5ef0307ee5be9846e10f83b6e83d0cfb260d3b2464830318894c6b04?s=96&d=mm&r=g\",\"contentUrl\":\"https:\/\/secure.gravatar.com\/avatar\/fda163ba5ef0307ee5be9846e10f83b6e83d0cfb260d3b2464830318894c6b04?s=96&d=mm&r=g\",\"caption\":\"Germ\u00e1n Giacchero\"},\"url\":\"https:\/\/elregionalvm.com.ar\/noticias-villa-maria\/author\/germangiacchero\/\"}]}<\/script>\n<!-- \/ Yoast SEO plugin. -->","yoast_head_json":{"title":"Transporte de pasajeros: se termina el paro, pero\u2026 - El Regional","robots":{"index":"index","follow":"follow","max-snippet":"max-snippet:-1","max-image-preview":"max-image-preview:large","max-video-preview":"max-video-preview:-1"},"canonical":"http:\/\/elregionalvm.com.ar\/noticias-villa-maria\/transporte-de-pasajeros-se-termina-el-paro-pero\/","og_locale":"es_ES","og_type":"article","og_title":"Transporte de pasajeros: se termina el paro, pero\u2026 - El Regional","og_url":"http:\/\/elregionalvm.com.ar\/noticias-villa-maria\/transporte-de-pasajeros-se-termina-el-paro-pero\/","og_site_name":"El Regional","article_publisher":"https:\/\/www.facebook.com\/elregionalvm","article_published_time":"2020-06-04T14:51:12+00:00","article_modified_time":"2020-06-16T19:22:57+00:00","author":"Germ\u00e1n Giacchero","twitter_card":"summary_large_image","twitter_creator":"@elregionalvm1","twitter_site":"@elregionalvm1","twitter_misc":{"Escrito por":"Germ\u00e1n Giacchero","Tiempo de lectura":"2 minutos"},"schema":{"@context":"https:\/\/schema.org","@graph":[{"@type":"Article","@id":"http:\/\/elregionalvm.com.ar\/noticias-villa-maria\/transporte-de-pasajeros-se-termina-el-paro-pero\/#article","isPartOf":{"@id":"http:\/\/elregionalvm.com.ar\/noticias-villa-maria\/transporte-de-pasajeros-se-termina-el-paro-pero\/"},"author":{"name":"Germ\u00e1n Giacchero","@id":"http:\/\/elregionalvm.com.ar\/noticias-villa-maria\/#\/schema\/person\/d5e4b04966154131701e52c45d3efec9"},"headline":"Transporte de pasajeros: se termina el paro, pero\u2026","datePublished":"2020-06-04T14:51:12+00:00","dateModified":"2020-06-16T19:22:57+00:00","mainEntityOfPage":{"@id":"http:\/\/elregionalvm.com.ar\/noticias-villa-maria\/transporte-de-pasajeros-se-termina-el-paro-pero\/"},"wordCount":373,"commentCount":5,"image":{"@id":"http:\/\/elregionalvm.com.ar\/noticias-villa-maria\/transporte-de-pasajeros-se-termina-el-paro-pero\/#primaryimage"},"thumbnailUrl":"","keywords":["Aoita","cuarentena","El Regional Pandemia Coronavirus","Paro de transporte","Transporte de pasajeros","Transporte Interurbano","Transporte urbano"],"articleSection":["Pol\u00edtica"],"inLanguage":"es","potentialAction":[{"@type":"CommentAction","name":"Comment","target":["http:\/\/elregionalvm.com.ar\/noticias-villa-maria\/transporte-de-pasajeros-se-termina-el-paro-pero\/#respond"]}]},{"@type":"WebPage","@id":"http:\/\/elregionalvm.com.ar\/noticias-villa-maria\/transporte-de-pasajeros-se-termina-el-paro-pero\/","url":"http:\/\/elregionalvm.com.ar\/noticias-villa-maria\/transporte-de-pasajeros-se-termina-el-paro-pero\/","name":"Transporte de pasajeros: se termina el paro, pero\u2026 - El Regional","isPartOf":{"@id":"http:\/\/elregionalvm.com.ar\/noticias-villa-maria\/#website"},"primaryImageOfPage":{"@id":"http:\/\/elregionalvm.com.ar\/noticias-villa-maria\/transporte-de-pasajeros-se-termina-el-paro-pero\/#primaryimage"},"image":{"@id":"http:\/\/elregionalvm.com.ar\/noticias-villa-maria\/transporte-de-pasajeros-se-termina-el-paro-pero\/#primaryimage"},"thumbnailUrl":"","datePublished":"2020-06-04T14:51:12+00:00","dateModified":"2020-06-16T19:22:57+00:00","author":{"@id":"http:\/\/elregionalvm.com.ar\/noticias-villa-maria\/#\/schema\/person\/d5e4b04966154131701e52c45d3efec9"},"breadcrumb":{"@id":"http:\/\/elregionalvm.com.ar\/noticias-villa-maria\/transporte-de-pasajeros-se-termina-el-paro-pero\/#breadcrumb"},"inLanguage":"es","potentialAction":[{"@type":"ReadAction","target":["http:\/\/elregionalvm.com.ar\/noticias-villa-maria\/transporte-de-pasajeros-se-termina-el-paro-pero\/"]}]},{"@type":"ImageObject","inLanguage":"es","@id":"http:\/\/elregionalvm.com.ar\/noticias-villa-maria\/transporte-de-pasajeros-se-termina-el-paro-pero\/#primaryimage","url":"","contentUrl":""},{"@type":"BreadcrumbList","@id":"http:\/\/elregionalvm.com.ar\/noticias-villa-maria\/transporte-de-pasajeros-se-termina-el-paro-pero\/#breadcrumb","itemListElement":[{"@type":"ListItem","position":1,"name":"Portada","item":"https:\/\/elregionalvm.com.ar\/noticias-villa-maria\/"},{"@type":"ListItem","position":2,"name":"Transporte de pasajeros: se termina el paro, pero\u2026"}]},{"@type":"WebSite","@id":"http:\/\/elregionalvm.com.ar\/noticias-villa-maria\/#website","url":"http:\/\/elregionalvm.com.ar\/noticias-villa-maria\/","name":"El Regional","description":"Mucho m\u00e1s que informaci\u00f3n","potentialAction":[{"@type":"SearchAction","target":{"@type":"EntryPoint","urlTemplate":"http:\/\/elregionalvm.com.ar\/noticias-villa-maria\/?s={search_term_string}"},"query-input":{"@type":"PropertyValueSpecification","valueRequired":true,"valueName":"search_term_string"}}],"inLanguage":"es"},{"@type":"Person","@id":"http:\/\/elregionalvm.com.ar\/noticias-villa-maria\/#\/schema\/person\/d5e4b04966154131701e52c45d3efec9","name":"Germ\u00e1n Giacchero","image":{"@type":"ImageObject","inLanguage":"es","@id":"http:\/\/elregionalvm.com.ar\/noticias-villa-maria\/#\/schema\/person\/image\/","url":"https:\/\/secure.gravatar.com\/avatar\/fda163ba5ef0307ee5be9846e10f83b6e83d0cfb260d3b2464830318894c6b04?s=96&d=mm&r=g","contentUrl":"https:\/\/secure.gravatar.com\/avatar\/fda163ba5ef0307ee5be9846e10f83b6e83d0cfb260d3b2464830318894c6b04?s=96&d=mm&r=g","caption":"Germ\u00e1n Giacchero"},"url":"https:\/\/elregionalvm.com.ar\/noticias-villa-maria\/author\/germangiacchero\/"}]}},"jetpack_featured_media_url":"","jetpack_sharing_enabled":true,"_links":{"self":[{"href":"https:\/\/elregionalvm.com.ar\/noticias-villa-maria\/wp-json\/wp\/v2\/posts\/17794","targetHints":{"allow":["GET"]}}],"collection":[{"href":"https:\/\/elregionalvm.com.ar\/noticias-villa-maria\/wp-json\/wp\/v2\/posts"}],"about":[{"href":"https:\/\/elregionalvm.com.ar\/noticias-villa-maria\/wp-json\/wp\/v2\/types\/post"}],"author":[{"embeddable":true,"href":"https:\/\/elregionalvm.com.ar\/noticias-villa-maria\/wp-json\/wp\/v2\/users\/6"}],"replies":[{"embeddable":true,"href":"https:\/\/elregionalvm.com.ar\/noticias-villa-maria\/wp-json\/wp\/v2\/comments?post=17794"}],"version-history":[{"count":1,"href":"https:\/\/elregionalvm.com.ar\/noticias-villa-maria\/wp-json\/wp\/v2\/posts\/17794\/revisions"}],"predecessor-version":[{"id":18156,"href":"https:\/\/elregionalvm.com.ar\/noticias-villa-maria\/wp-json\/wp\/v2\/posts\/17794\/revisions\/18156"}],"wp:featuredmedia":[{"embeddable":true,"href":"https:\/\/elregionalvm.com.ar\/noticias-villa-maria\/wp-json\/"}],"wp:attachment":[{"href":"https:\/\/elregionalvm.com.ar\/noticias-villa-maria\/wp-json\/wp\/v2\/media?parent=17794"}],"wp:term":[{"taxonomy":"category","embeddable":true,"href":"https:\/\/elregionalvm.com.ar\/noticias-villa-maria\/wp-json\/wp\/v2\/categories?post=17794"},{"taxonomy":"post_tag","embeddable":true,"href":"https:\/\/elregionalvm.com.ar\/noticias-villa-maria\/wp-json\/wp\/v2\/tags?post=17794"}],"curies":[{"name":"wp","href":"https:\/\/api.w.org\/{rel}","templated":true}]}}