{"id":17796,"date":"2020-06-04T23:06:34","date_gmt":"2020-06-04T23:06:34","guid":{"rendered":"http:\/\/www.elregionalvm.com.ar\/?p=16062"},"modified":"2020-06-18T11:07:27","modified_gmt":"2020-06-18T11:07:27","slug":"coronavirus-tres-repatriados-positivos-en-los-ultimos-cinco-dias","status":"publish","type":"post","link":"https:\/\/elregionalvm.com.ar\/noticias-villa-maria\/coronavirus-tres-repatriados-positivos-en-los-ultimos-cinco-dias\/","title":{"rendered":"Coronavirus: tres repatriados  positivos en los \u00faltimos cinco d\u00edas"},"content":{"rendered":"<p><!--[CDATA[\n<\/p--><\/p>\n\n\n<p>Con el resultado positivo de\nla mujer villanovense de 56 a\u00f1os internada en el Hospital Pasteur, suman tres\nlos casos de personas repatriadas que padecen Covid-19 hasta este jueves 4 de\njunio.<\/p>\n\n\n\n<p>Los otros dos son el marido de\nla paciente que se encuentra hospitalizada desde hace tres d\u00edas, un hombre de\n62 a\u00f1os, y un joven de Arroyo Cabral, que hab\u00eda llegado recientemente desde\nM\u00e9xico y se recupera en su pueblo. <\/p>\n\n\n\n<p>Los vecinos villanovenses\narribaron desde Chile v\u00eda terrestre. El primero en dar positivo fue el marido,\naunque presentaba un estado asintom\u00e1tico. Se encuentra alojado en su domicilio.\nEn tanto, su esposa padece una neumonia bilateral.<\/p>\n\n\n\n<p>Se mantiene \u00abestable,\nafebril, con buena mec\u00e1nica respiratoria, con requerimientos de ox\u00edgeno a bajo\nflujo y recibiendo un tratamiento con antivirales\u00bb, expres\u00f3 la neumon\u00f3loga\ndel Pasteur Iris Vigil.<\/p>\n\n\n\n<p>De esta forma, suman 26 los\ncasos desde el 14 de marzo pasado, todos importados, m\u00e1s otro caso en Buenos\nAires de una persona con domicilio en Villa Mar\u00eda.<\/p>\n\n\n\n<p>Seg\u00fan el parte oficial de este jueves 5 de junio, en el Hospital Pasteur se encuentran internadas tres personas catalogadas como casos sospechosos. Una de ellas, en la Unidad de Terapia Intensiva. <\/p>\n\n\n<p>]]&gt;<\/p>","protected":false},"excerpt":{"rendered":"<p>Con el resultado positivo de la mujer villanovense de 56 a\u00f1os internada en el Hospital Pasteur, suman tres los casos de personas repatriadas que padecen Covid-19 hasta este jueves 4 de junio. Los otros dos son el marido de la paciente que se encuentra hospitalizada desde hace tres d\u00edas, un hombre de 62 a\u00f1os, y [&hellip;]<\/p>\n","protected":false},"author":6,"featured_media":18271,"comment_status":"open","ping_status":"open","sticky":false,"template":"","format":"standard","meta":{"site-sidebar-layout":"default","site-content-layout":"default","ast-site-content-layout":"default","site-content-style":"default","site-sidebar-style":"default","ast-global-header-display":"","ast-banner-title-visibility":"","ast-main-header-display":"","ast-hfb-above-header-display":"","ast-hfb-below-header-display":"","ast-hfb-mobile-header-display":"","site-post-title":"","ast-breadcrumbs-content":"","ast-featured-img":"","footer-sml-layout":"","ast-disable-related-posts":"","theme-transparent-header-meta":"default","adv-header-id-meta":"","stick-header-meta":"","header-above-stick-meta":"","header-main-stick-meta":"","header-below-stick-meta":"","astra-migrate-meta-layouts":"default","ast-page-background-enabled":"default","ast-page-background-meta":{"desktop":{"background-color":"","background-image":"","background-repeat":"repeat","background-position":"center center","background-size":"auto","background-attachment":"scroll","background-type":"","background-media":"","overlay-type":"","overlay-color":"","overlay-opacity":"","overlay-gradient":""},"tablet":{"background-color":"","background-image":"","background-repeat":"repeat","background-position":"center center","background-size":"auto","background-attachment":"scroll","background-type":"","background-media":"","overlay-type":"","overlay-color":"","overlay-opacity":"","overlay-gradient":""},"mobile":{"background-color":"","background-image":"","background-repeat":"repeat","background-position":"center center","background-size":"auto","background-attachment":"scroll","background-type":"","background-media":"","overlay-type":"","overlay-color":"","overlay-opacity":"","overlay-gradient":""}},"ast-content-background-meta":{"desktop":{"background-color":"var(--ast-global-color-5)","background-image":"","background-repeat":"repeat","background-position":"center center","background-size":"auto","background-attachment":"scroll","background-type":"","background-media":"","overlay-type":"","overlay-color":"","overlay-opacity":"","overlay-gradient":""},"tablet":{"background-color":"var(--ast-global-color-5)","background-image":"","background-repeat":"repeat","background-position":"center center","background-size":"auto","background-attachment":"scroll","background-type":"","background-media":"","overlay-type":"","overlay-color":"","overlay-opacity":"","overlay-gradient":""},"mobile":{"background-color":"var(--ast-global-color-5)","background-image":"","background-repeat":"repeat","background-position":"center center","background-size":"auto","background-attachment":"scroll","background-type":"","background-media":"","overlay-type":"","overlay-color":"","overlay-opacity":"","overlay-gradient":""}},"_jetpack_memberships_contains_paid_content":false,"_joinchat":[],"footnotes":""},"categories":[2091,2],"tags":[179,2200,2201,2130,2202,2203,2204,534,232],"class_list":["post-17796","post","type-post","status-publish","format-standard","has-post-thumbnail","hentry","category-region","category-villa-maria","tag-arroyo-cabral","tag-chile","tag-coronvirus","tag-hospital-pasteur","tag-infectados","tag-mexico","tag-repatriados","tag-villa-maria","tag-villa-nueva"],"yoast_head":"<!-- This site is optimized with the Yoast SEO plugin v26.8 - https:\/\/yoast.com\/product\/yoast-seo-wordpress\/ -->\n<title>Coronavirus: tres repatriados positivos en los \u00faltimos cinco d\u00edas - El Regional<\/title>\n<meta name=\"robots\" content=\"index, follow, max-snippet:-1, max-image-preview:large, max-video-preview:-1\" \/>\n<link rel=\"canonical\" href=\"http:\/\/elregionalvm.com.ar\/noticias-villa-maria\/coronavirus-tres-repatriados-positivos-en-los-ultimos-cinco-dias\/\" \/>\n<meta property=\"og:locale\" content=\"es_ES\" \/>\n<meta property=\"og:type\" content=\"article\" \/>\n<meta property=\"og:title\" content=\"Coronavirus: tres repatriados positivos en los \u00faltimos cinco d\u00edas - El Regional\" \/>\n<meta property=\"og:description\" content=\"Con el resultado positivo de la mujer villanovense de 56 a\u00f1os internada en el Hospital Pasteur, suman tres los casos de personas repatriadas que padecen Covid-19 hasta este jueves 4 de junio. Los otros dos son el marido de la paciente que se encuentra hospitalizada desde hace tres d\u00edas, un hombre de 62 a\u00f1os, y [&hellip;]\" \/>\n<meta property=\"og:url\" content=\"http:\/\/elregionalvm.com.ar\/noticias-villa-maria\/coronavirus-tres-repatriados-positivos-en-los-ultimos-cinco-dias\/\" \/>\n<meta property=\"og:site_name\" content=\"El Regional\" \/>\n<meta property=\"article:publisher\" content=\"https:\/\/www.facebook.com\/elregionalvm\" \/>\n<meta property=\"article:published_time\" content=\"2020-06-04T23:06:34+00:00\" \/>\n<meta property=\"article:modified_time\" content=\"2020-06-18T11:07:27+00:00\" \/>\n<meta property=\"og:image\" content=\"http:\/\/elregionalvm.com.ar\/noticias-villa-maria\/wp-content\/uploads\/2020\/06\/Hospital-Pasteur-frente-d\u00eda-730x350-1.jpg\" \/>\n\t<meta property=\"og:image:width\" content=\"730\" \/>\n\t<meta property=\"og:image:height\" content=\"350\" \/>\n\t<meta property=\"og:image:type\" content=\"image\/jpeg\" \/>\n<meta name=\"author\" content=\"Germ\u00e1n Giacchero\" \/>\n<meta name=\"twitter:card\" content=\"summary_large_image\" \/>\n<meta name=\"twitter:creator\" content=\"@elregionalvm1\" \/>\n<meta name=\"twitter:site\" content=\"@elregionalvm1\" \/>\n<meta name=\"twitter:label1\" content=\"Escrito por\" \/>\n\t<meta name=\"twitter:data1\" content=\"Germ\u00e1n Giacchero\" \/>\n\t<meta name=\"twitter:label2\" content=\"Tiempo de lectura\" \/>\n\t<meta name=\"twitter:data2\" content=\"1 minuto\" \/>\n<script type=\"application\/ld+json\" class=\"yoast-schema-graph\">{\"@context\":\"https:\/\/schema.org\",\"@graph\":[{\"@type\":\"Article\",\"@id\":\"http:\/\/elregionalvm.com.ar\/noticias-villa-maria\/coronavirus-tres-repatriados-positivos-en-los-ultimos-cinco-dias\/#article\",\"isPartOf\":{\"@id\":\"http:\/\/elregionalvm.com.ar\/noticias-villa-maria\/coronavirus-tres-repatriados-positivos-en-los-ultimos-cinco-dias\/\"},\"author\":{\"name\":\"Germ\u00e1n Giacchero\",\"@id\":\"http:\/\/elregionalvm.com.ar\/noticias-villa-maria\/#\/schema\/person\/d5e4b04966154131701e52c45d3efec9\"},\"headline\":\"Coronavirus: tres repatriados positivos en los \u00faltimos cinco d\u00edas\",\"datePublished\":\"2020-06-04T23:06:34+00:00\",\"dateModified\":\"2020-06-18T11:07:27+00:00\",\"mainEntityOfPage\":{\"@id\":\"http:\/\/elregionalvm.com.ar\/noticias-villa-maria\/coronavirus-tres-repatriados-positivos-en-los-ultimos-cinco-dias\/\"},\"wordCount\":214,\"commentCount\":0,\"image\":{\"@id\":\"http:\/\/elregionalvm.com.ar\/noticias-villa-maria\/coronavirus-tres-repatriados-positivos-en-los-ultimos-cinco-dias\/#primaryimage\"},\"thumbnailUrl\":\"https:\/\/i0.wp.com\/elregionalvm.com.ar\/noticias-villa-maria\/wp-content\/uploads\/2020\/06\/Hospital-Pasteur-frente-d%C3%ADa-730x350-1.jpg?fit=730%2C350&ssl=1\",\"keywords\":[\"Arroyo Cabral\",\"Chile\",\"Coronvirus\",\"Hospital Pasteur\",\"Infectados\",\"M\u00e9xico\",\"Repatriados\",\"villa maria\",\"VILLA NUEVA\"],\"articleSection\":[\"Regi\u00f3n\",\"Villa Mar\u00eda\"],\"inLanguage\":\"es\",\"potentialAction\":[{\"@type\":\"CommentAction\",\"name\":\"Comment\",\"target\":[\"http:\/\/elregionalvm.com.ar\/noticias-villa-maria\/coronavirus-tres-repatriados-positivos-en-los-ultimos-cinco-dias\/#respond\"]}]},{\"@type\":\"WebPage\",\"@id\":\"http:\/\/elregionalvm.com.ar\/noticias-villa-maria\/coronavirus-tres-repatriados-positivos-en-los-ultimos-cinco-dias\/\",\"url\":\"http:\/\/elregionalvm.com.ar\/noticias-villa-maria\/coronavirus-tres-repatriados-positivos-en-los-ultimos-cinco-dias\/\",\"name\":\"Coronavirus: tres repatriados positivos en los \u00faltimos cinco d\u00edas - El Regional\",\"isPartOf\":{\"@id\":\"http:\/\/elregionalvm.com.ar\/noticias-villa-maria\/#website\"},\"primaryImageOfPage\":{\"@id\":\"http:\/\/elregionalvm.com.ar\/noticias-villa-maria\/coronavirus-tres-repatriados-positivos-en-los-ultimos-cinco-dias\/#primaryimage\"},\"image\":{\"@id\":\"http:\/\/elregionalvm.com.ar\/noticias-villa-maria\/coronavirus-tres-repatriados-positivos-en-los-ultimos-cinco-dias\/#primaryimage\"},\"thumbnailUrl\":\"https:\/\/i0.wp.com\/elregionalvm.com.ar\/noticias-villa-maria\/wp-content\/uploads\/2020\/06\/Hospital-Pasteur-frente-d%C3%ADa-730x350-1.jpg?fit=730%2C350&ssl=1\",\"datePublished\":\"2020-06-04T23:06:34+00:00\",\"dateModified\":\"2020-06-18T11:07:27+00:00\",\"author\":{\"@id\":\"http:\/\/elregionalvm.com.ar\/noticias-villa-maria\/#\/schema\/person\/d5e4b04966154131701e52c45d3efec9\"},\"breadcrumb\":{\"@id\":\"http:\/\/elregionalvm.com.ar\/noticias-villa-maria\/coronavirus-tres-repatriados-positivos-en-los-ultimos-cinco-dias\/#breadcrumb\"},\"inLanguage\":\"es\",\"potentialAction\":[{\"@type\":\"ReadAction\",\"target\":[\"http:\/\/elregionalvm.com.ar\/noticias-villa-maria\/coronavirus-tres-repatriados-positivos-en-los-ultimos-cinco-dias\/\"]}]},{\"@type\":\"ImageObject\",\"inLanguage\":\"es\",\"@id\":\"http:\/\/elregionalvm.com.ar\/noticias-villa-maria\/coronavirus-tres-repatriados-positivos-en-los-ultimos-cinco-dias\/#primaryimage\",\"url\":\"https:\/\/i0.wp.com\/elregionalvm.com.ar\/noticias-villa-maria\/wp-content\/uploads\/2020\/06\/Hospital-Pasteur-frente-d%C3%ADa-730x350-1.jpg?fit=730%2C350&ssl=1\",\"contentUrl\":\"https:\/\/i0.wp.com\/elregionalvm.com.ar\/noticias-villa-maria\/wp-content\/uploads\/2020\/06\/Hospital-Pasteur-frente-d%C3%ADa-730x350-1.jpg?fit=730%2C350&ssl=1\",\"width\":730,\"height\":350},{\"@type\":\"BreadcrumbList\",\"@id\":\"http:\/\/elregionalvm.com.ar\/noticias-villa-maria\/coronavirus-tres-repatriados-positivos-en-los-ultimos-cinco-dias\/#breadcrumb\",\"itemListElement\":[{\"@type\":\"ListItem\",\"position\":1,\"name\":\"Portada\",\"item\":\"https:\/\/elregionalvm.com.ar\/noticias-villa-maria\/\"},{\"@type\":\"ListItem\",\"position\":2,\"name\":\"Coronavirus: tres repatriados positivos en los \u00faltimos cinco d\u00edas\"}]},{\"@type\":\"WebSite\",\"@id\":\"http:\/\/elregionalvm.com.ar\/noticias-villa-maria\/#website\",\"url\":\"http:\/\/elregionalvm.com.ar\/noticias-villa-maria\/\",\"name\":\"El Regional\",\"description\":\"Mucho m\u00e1s que informaci\u00f3n\",\"potentialAction\":[{\"@type\":\"SearchAction\",\"target\":{\"@type\":\"EntryPoint\",\"urlTemplate\":\"http:\/\/elregionalvm.com.ar\/noticias-villa-maria\/?s={search_term_string}\"},\"query-input\":{\"@type\":\"PropertyValueSpecification\",\"valueRequired\":true,\"valueName\":\"search_term_string\"}}],\"inLanguage\":\"es\"},{\"@type\":\"Person\",\"@id\":\"http:\/\/elregionalvm.com.ar\/noticias-villa-maria\/#\/schema\/person\/d5e4b04966154131701e52c45d3efec9\",\"name\":\"Germ\u00e1n Giacchero\",\"image\":{\"@type\":\"ImageObject\",\"inLanguage\":\"es\",\"@id\":\"http:\/\/elregionalvm.com.ar\/noticias-villa-maria\/#\/schema\/person\/image\/\",\"url\":\"https:\/\/secure.gravatar.com\/avatar\/fda163ba5ef0307ee5be9846e10f83b6e83d0cfb260d3b2464830318894c6b04?s=96&d=mm&r=g\",\"contentUrl\":\"https:\/\/secure.gravatar.com\/avatar\/fda163ba5ef0307ee5be9846e10f83b6e83d0cfb260d3b2464830318894c6b04?s=96&d=mm&r=g\",\"caption\":\"Germ\u00e1n Giacchero\"},\"url\":\"https:\/\/elregionalvm.com.ar\/noticias-villa-maria\/author\/germangiacchero\/\"}]}<\/script>\n<!-- \/ Yoast SEO plugin. -->","yoast_head_json":{"title":"Coronavirus: tres repatriados positivos en los \u00faltimos cinco d\u00edas - El Regional","robots":{"index":"index","follow":"follow","max-snippet":"max-snippet:-1","max-image-preview":"max-image-preview:large","max-video-preview":"max-video-preview:-1"},"canonical":"http:\/\/elregionalvm.com.ar\/noticias-villa-maria\/coronavirus-tres-repatriados-positivos-en-los-ultimos-cinco-dias\/","og_locale":"es_ES","og_type":"article","og_title":"Coronavirus: tres repatriados positivos en los \u00faltimos cinco d\u00edas - El Regional","og_description":"Con el resultado positivo de la mujer villanovense de 56 a\u00f1os internada en el Hospital Pasteur, suman tres los casos de personas repatriadas que padecen Covid-19 hasta este jueves 4 de junio. Los otros dos son el marido de la paciente que se encuentra hospitalizada desde hace tres d\u00edas, un hombre de 62 a\u00f1os, y [&hellip;]","og_url":"http:\/\/elregionalvm.com.ar\/noticias-villa-maria\/coronavirus-tres-repatriados-positivos-en-los-ultimos-cinco-dias\/","og_site_name":"El Regional","article_publisher":"https:\/\/www.facebook.com\/elregionalvm","article_published_time":"2020-06-04T23:06:34+00:00","article_modified_time":"2020-06-18T11:07:27+00:00","og_image":[{"width":730,"height":350,"url":"http:\/\/elregionalvm.com.ar\/noticias-villa-maria\/wp-content\/uploads\/2020\/06\/Hospital-Pasteur-frente-d\u00eda-730x350-1.jpg","type":"image\/jpeg"}],"author":"Germ\u00e1n Giacchero","twitter_card":"summary_large_image","twitter_creator":"@elregionalvm1","twitter_site":"@elregionalvm1","twitter_misc":{"Escrito por":"Germ\u00e1n Giacchero","Tiempo de lectura":"1 minuto"},"schema":{"@context":"https:\/\/schema.org","@graph":[{"@type":"Article","@id":"http:\/\/elregionalvm.com.ar\/noticias-villa-maria\/coronavirus-tres-repatriados-positivos-en-los-ultimos-cinco-dias\/#article","isPartOf":{"@id":"http:\/\/elregionalvm.com.ar\/noticias-villa-maria\/coronavirus-tres-repatriados-positivos-en-los-ultimos-cinco-dias\/"},"author":{"name":"Germ\u00e1n Giacchero","@id":"http:\/\/elregionalvm.com.ar\/noticias-villa-maria\/#\/schema\/person\/d5e4b04966154131701e52c45d3efec9"},"headline":"Coronavirus: tres repatriados positivos en los \u00faltimos cinco d\u00edas","datePublished":"2020-06-04T23:06:34+00:00","dateModified":"2020-06-18T11:07:27+00:00","mainEntityOfPage":{"@id":"http:\/\/elregionalvm.com.ar\/noticias-villa-maria\/coronavirus-tres-repatriados-positivos-en-los-ultimos-cinco-dias\/"},"wordCount":214,"commentCount":0,"image":{"@id":"http:\/\/elregionalvm.com.ar\/noticias-villa-maria\/coronavirus-tres-repatriados-positivos-en-los-ultimos-cinco-dias\/#primaryimage"},"thumbnailUrl":"https:\/\/i0.wp.com\/elregionalvm.com.ar\/noticias-villa-maria\/wp-content\/uploads\/2020\/06\/Hospital-Pasteur-frente-d%C3%ADa-730x350-1.jpg?fit=730%2C350&ssl=1","keywords":["Arroyo Cabral","Chile","Coronvirus","Hospital Pasteur","Infectados","M\u00e9xico","Repatriados","villa maria","VILLA NUEVA"],"articleSection":["Regi\u00f3n","Villa Mar\u00eda"],"inLanguage":"es","potentialAction":[{"@type":"CommentAction","name":"Comment","target":["http:\/\/elregionalvm.com.ar\/noticias-villa-maria\/coronavirus-tres-repatriados-positivos-en-los-ultimos-cinco-dias\/#respond"]}]},{"@type":"WebPage","@id":"http:\/\/elregionalvm.com.ar\/noticias-villa-maria\/coronavirus-tres-repatriados-positivos-en-los-ultimos-cinco-dias\/","url":"http:\/\/elregionalvm.com.ar\/noticias-villa-maria\/coronavirus-tres-repatriados-positivos-en-los-ultimos-cinco-dias\/","name":"Coronavirus: tres repatriados positivos en los \u00faltimos cinco d\u00edas - El Regional","isPartOf":{"@id":"http:\/\/elregionalvm.com.ar\/noticias-villa-maria\/#website"},"primaryImageOfPage":{"@id":"http:\/\/elregionalvm.com.ar\/noticias-villa-maria\/coronavirus-tres-repatriados-positivos-en-los-ultimos-cinco-dias\/#primaryimage"},"image":{"@id":"http:\/\/elregionalvm.com.ar\/noticias-villa-maria\/coronavirus-tres-repatriados-positivos-en-los-ultimos-cinco-dias\/#primaryimage"},"thumbnailUrl":"https:\/\/i0.wp.com\/elregionalvm.com.ar\/noticias-villa-maria\/wp-content\/uploads\/2020\/06\/Hospital-Pasteur-frente-d%C3%ADa-730x350-1.jpg?fit=730%2C350&ssl=1","datePublished":"2020-06-04T23:06:34+00:00","dateModified":"2020-06-18T11:07:27+00:00","author":{"@id":"http:\/\/elregionalvm.com.ar\/noticias-villa-maria\/#\/schema\/person\/d5e4b04966154131701e52c45d3efec9"},"breadcrumb":{"@id":"http:\/\/elregionalvm.com.ar\/noticias-villa-maria\/coronavirus-tres-repatriados-positivos-en-los-ultimos-cinco-dias\/#breadcrumb"},"inLanguage":"es","potentialAction":[{"@type":"ReadAction","target":["http:\/\/elregionalvm.com.ar\/noticias-villa-maria\/coronavirus-tres-repatriados-positivos-en-los-ultimos-cinco-dias\/"]}]},{"@type":"ImageObject","inLanguage":"es","@id":"http:\/\/elregionalvm.com.ar\/noticias-villa-maria\/coronavirus-tres-repatriados-positivos-en-los-ultimos-cinco-dias\/#primaryimage","url":"https:\/\/i0.wp.com\/elregionalvm.com.ar\/noticias-villa-maria\/wp-content\/uploads\/2020\/06\/Hospital-Pasteur-frente-d%C3%ADa-730x350-1.jpg?fit=730%2C350&ssl=1","contentUrl":"https:\/\/i0.wp.com\/elregionalvm.com.ar\/noticias-villa-maria\/wp-content\/uploads\/2020\/06\/Hospital-Pasteur-frente-d%C3%ADa-730x350-1.jpg?fit=730%2C350&ssl=1","width":730,"height":350},{"@type":"BreadcrumbList","@id":"http:\/\/elregionalvm.com.ar\/noticias-villa-maria\/coronavirus-tres-repatriados-positivos-en-los-ultimos-cinco-dias\/#breadcrumb","itemListElement":[{"@type":"ListItem","position":1,"name":"Portada","item":"https:\/\/elregionalvm.com.ar\/noticias-villa-maria\/"},{"@type":"ListItem","position":2,"name":"Coronavirus: tres repatriados positivos en los \u00faltimos cinco d\u00edas"}]},{"@type":"WebSite","@id":"http:\/\/elregionalvm.com.ar\/noticias-villa-maria\/#website","url":"http:\/\/elregionalvm.com.ar\/noticias-villa-maria\/","name":"El Regional","description":"Mucho m\u00e1s que informaci\u00f3n","potentialAction":[{"@type":"SearchAction","target":{"@type":"EntryPoint","urlTemplate":"http:\/\/elregionalvm.com.ar\/noticias-villa-maria\/?s={search_term_string}"},"query-input":{"@type":"PropertyValueSpecification","valueRequired":true,"valueName":"search_term_string"}}],"inLanguage":"es"},{"@type":"Person","@id":"http:\/\/elregionalvm.com.ar\/noticias-villa-maria\/#\/schema\/person\/d5e4b04966154131701e52c45d3efec9","name":"Germ\u00e1n Giacchero","image":{"@type":"ImageObject","inLanguage":"es","@id":"http:\/\/elregionalvm.com.ar\/noticias-villa-maria\/#\/schema\/person\/image\/","url":"https:\/\/secure.gravatar.com\/avatar\/fda163ba5ef0307ee5be9846e10f83b6e83d0cfb260d3b2464830318894c6b04?s=96&d=mm&r=g","contentUrl":"https:\/\/secure.gravatar.com\/avatar\/fda163ba5ef0307ee5be9846e10f83b6e83d0cfb260d3b2464830318894c6b04?s=96&d=mm&r=g","caption":"Germ\u00e1n Giacchero"},"url":"https:\/\/elregionalvm.com.ar\/noticias-villa-maria\/author\/germangiacchero\/"}]}},"jetpack_featured_media_url":"https:\/\/i0.wp.com\/elregionalvm.com.ar\/noticias-villa-maria\/wp-content\/uploads\/2020\/06\/Hospital-Pasteur-frente-d%C3%ADa-730x350-1.jpg?fit=730%2C350&ssl=1","jetpack_sharing_enabled":true,"_links":{"self":[{"href":"https:\/\/elregionalvm.com.ar\/noticias-villa-maria\/wp-json\/wp\/v2\/posts\/17796","targetHints":{"allow":["GET"]}}],"collection":[{"href":"https:\/\/elregionalvm.com.ar\/noticias-villa-maria\/wp-json\/wp\/v2\/posts"}],"about":[{"href":"https:\/\/elregionalvm.com.ar\/noticias-villa-maria\/wp-json\/wp\/v2\/types\/post"}],"author":[{"embeddable":true,"href":"https:\/\/elregionalvm.com.ar\/noticias-villa-maria\/wp-json\/wp\/v2\/users\/6"}],"replies":[{"embeddable":true,"href":"https:\/\/elregionalvm.com.ar\/noticias-villa-maria\/wp-json\/wp\/v2\/comments?post=17796"}],"version-history":[{"count":2,"href":"https:\/\/elregionalvm.com.ar\/noticias-villa-maria\/wp-json\/wp\/v2\/posts\/17796\/revisions"}],"predecessor-version":[{"id":18272,"href":"https:\/\/elregionalvm.com.ar\/noticias-villa-maria\/wp-json\/wp\/v2\/posts\/17796\/revisions\/18272"}],"wp:featuredmedia":[{"embeddable":true,"href":"https:\/\/elregionalvm.com.ar\/noticias-villa-maria\/wp-json\/wp\/v2\/media\/18271"}],"wp:attachment":[{"href":"https:\/\/elregionalvm.com.ar\/noticias-villa-maria\/wp-json\/wp\/v2\/media?parent=17796"}],"wp:term":[{"taxonomy":"category","embeddable":true,"href":"https:\/\/elregionalvm.com.ar\/noticias-villa-maria\/wp-json\/wp\/v2\/categories?post=17796"},{"taxonomy":"post_tag","embeddable":true,"href":"https:\/\/elregionalvm.com.ar\/noticias-villa-maria\/wp-json\/wp\/v2\/tags?post=17796"}],"curies":[{"name":"wp","href":"https:\/\/api.w.org\/{rel}","templated":true}]}}