{"id":17798,"date":"2020-06-05T17:16:02","date_gmt":"2020-06-05T17:16:02","guid":{"rendered":"http:\/\/www.elregionalvm.com.ar\/?p=16070"},"modified":"2020-06-16T16:58:40","modified_gmt":"2020-06-16T16:58:40","slug":"los-hornos-de-yucat","status":"publish","type":"post","link":"https:\/\/elregionalvm.com.ar\/noticias-villa-maria\/los-hornos-de-yucat\/","title":{"rendered":"Los hornos de Yucat\u2026"},"content":{"rendered":"\n\t\t\t\t<![CDATA[\n<p>Escribe: JULIO A. BEN\u00cdTEZ \u2013   Te acord\u00e1s hermano<\/p>\n\n\n<p>Del archivo del\nperiodista Miguel Andreis, transcribiremos textualmente el reportaje realizado\noportunamente &nbsp;al se\u00f1or Armando Casas,\ncuando cumpli\u00f3 los 91 a\u00f1os, mirando desde los amplios ventanales de su casa en\nla esquina de Entre R\u00edos y Belgrano, como transcurre la vida de una ciudad que\nayud\u00f3 a construir con su esfuerzo.<\/p>\n\n\n<p>\u201cNac\u00ed en Chaz\u00f3n en\nel a\u00f1o 1901 y el 6 de junio de 1917 llegu\u00e9 a esta ciudad para trabajar en el\n\u201cAserradero de Berm\u00fadez y Figueroa\u201d donde estuve hasta el a\u00f1o 1928, cuando el\ncicl\u00f3n caus\u00f3 v\u00edctimas y destrozos, que a m\u00ed me encontr\u00f3 en la calle. El viento\ngalopaba furiosamente, yo viv\u00eda en calle Per\u00fa, actual General Paz, donde est\u00e1\nactualmente el Palacio de Tribunales. Hab\u00eda acompa\u00f1ado a una sobrina hasta su\ncasa, apenas inici\u00e9 el regreso, comenz\u00f3 a soplar el viento, en principio me\npareci\u00f3 una tormenta com\u00fan, apenas pude llegar.<\/p>\n\n\n<p>Ya no trabajaba\nm\u00e1s en el aserradero, hab\u00eda instalado una arenera, que ese terrible viento me la\ndestroz\u00f3, m\u00e1quinas, galpones, no qued\u00f3 nada. En esos momentos solicit\u00e9 permiso\nal gobierno provincial para instalar un ramal de un metro, trocha angosta, desde\nVilla Mar\u00eda hasta el \u201cPaso Yucat\u201d, que correr\u00eda al costado de la l\u00ednea\nferroviaria del ex F. C. C. Argentino, hasta la altura de dicho puesto, para\ntransportar arena y canto rodado, que ya se necesitaba para construcciones\nvarias y de obras de pavimentos, en esta zona y en la provincia de Santa Fe.<\/p>\n\n\n<p>La resoluci\u00f3n favorable\ndel respectivo ministerio de la provincia de C\u00f3rdoba a la solicitud, dec\u00eda que:\n\u201cSe autoriza a la empresa \u201cHermanos Casas\u201d a construir un &nbsp;ramal de un metro, trocha angosta, desde Villa\nMar\u00eda hasta el sitio conocido como \u201cPaso Yucat\u201d, con un total de 17 kil\u00f3metros\n910 metros, con sentido &nbsp;tal como est\u00e1\nindicado en la planimetr\u00eda. En la construcci\u00f3n de la v\u00eda se utilizar\u00e1n rieles\nde 7 metros 20 cent\u00edmetros de largo, con un peso de 20 kilos 400 gramos el\nmetro\u201d. Este ramal se conectar\u00eda con el sistema de transporte &nbsp;interno &nbsp;que ya est\u00e1 funcionando en la Estancia de Yucat,\ndesde fines del siglo diecinueve (<strong>1<\/strong>).\nPero don Armando, con resignaci\u00f3n, manifiesta que -\u201cLamentablemente el proyecto,\npor distintos motivos, no se pudo concretar en los hechos\u201d.<\/p>\n\n\n<p>En cuanto a las\nadministraciones municipales, es indudable que el mejor intendente fue Paraj\u00f3n\nOrt\u00edz durante sus dos gobiernos comunales, pero\u2026 \u00bfQu\u00e9 pas\u00f3? Mantuvo cierta\ndistancia con don Amadeo Sabattini, por lo que se rompieron las relaciones y su\napoyo, relaciones que tambi\u00e9n se enfriaron con don Antonio Sobral. Tal vez\nParaj\u00f3n intent\u00f3 el protagonismo solo, retir\u00e1ndose de la buena sombra del omb\u00fa\npol\u00edtico radical\u2026 y as\u00ed le fue. <\/p>\n\n\n<p>De los vecinos\npondero a don Pedro Figueroa, por cuya iniciativa se instalaron los primeros\ntel\u00e9fonos, la primera usina y la limpieza de cereales para exportar v\u00eda puerto\nde Rosario. Ten\u00eda m\u00e1s empleados que el Molino F\u00e9nix, tambi\u00e9n una gran empresa.<\/p>\n\n\n<p>Y la ciudad cambi\u00f3\nen estos \u00faltimos a\u00f1os, aqu\u00ed siempre hubo progreso, se constru\u00edan viviendas, los\nviajantes no se cansaban de decir que su trabajo era mejor que en R\u00edo Cuarto\u2026 Y\nde la vida nocturna, ni hablar. En otras ciudades, a las 21 horas, tutti a\ncasa, ac\u00e1 reci\u00e9n empezaba, hasta altas horas de la noche, principalmente los\nviernes y s\u00e1bado, y\/o la noche anterior a alg\u00fan feriado en medio de la semana\u201d.<\/p>\n]]>\t\t","protected":false},"excerpt":{"rendered":"<p>\t\t\t\t<![CDATA[]]>\t\t<\/p>\n","protected":false},"author":5,"featured_media":16072,"comment_status":"open","ping_status":"open","sticky":false,"template":"","format":"standard","meta":{"site-sidebar-layout":"default","site-content-layout":"","ast-site-content-layout":"default","site-content-style":"default","site-sidebar-style":"default","ast-global-header-display":"","ast-banner-title-visibility":"","ast-main-header-display":"","ast-hfb-above-header-display":"","ast-hfb-below-header-display":"","ast-hfb-mobile-header-display":"","site-post-title":"","ast-breadcrumbs-content":"","ast-featured-img":"","footer-sml-layout":"","ast-disable-related-posts":"","theme-transparent-header-meta":"","adv-header-id-meta":"","stick-header-meta":"","header-above-stick-meta":"","header-main-stick-meta":"","header-below-stick-meta":"","astra-migrate-meta-layouts":"default","ast-page-background-enabled":"default","ast-page-background-meta":{"desktop":{"background-color":"","background-image":"","background-repeat":"repeat","background-position":"center center","background-size":"auto","background-attachment":"scroll","background-type":"","background-media":"","overlay-type":"","overlay-color":"","overlay-opacity":"","overlay-gradient":""},"tablet":{"background-color":"","background-image":"","background-repeat":"repeat","background-position":"center center","background-size":"auto","background-attachment":"scroll","background-type":"","background-media":"","overlay-type":"","overlay-color":"","overlay-opacity":"","overlay-gradient":""},"mobile":{"background-color":"","background-image":"","background-repeat":"repeat","background-position":"center center","background-size":"auto","background-attachment":"scroll","background-type":"","background-media":"","overlay-type":"","overlay-color":"","overlay-opacity":"","overlay-gradient":""}},"ast-content-background-meta":{"desktop":{"background-color":"var(--ast-global-color-5)","background-image":"","background-repeat":"repeat","background-position":"center center","background-size":"auto","background-attachment":"scroll","background-type":"","background-media":"","overlay-type":"","overlay-color":"","overlay-opacity":"","overlay-gradient":""},"tablet":{"background-color":"var(--ast-global-color-5)","background-image":"","background-repeat":"repeat","background-position":"center center","background-size":"auto","background-attachment":"scroll","background-type":"","background-media":"","overlay-type":"","overlay-color":"","overlay-opacity":"","overlay-gradient":""},"mobile":{"background-color":"var(--ast-global-color-5)","background-image":"","background-repeat":"repeat","background-position":"center center","background-size":"auto","background-attachment":"scroll","background-type":"","background-media":"","overlay-type":"","overlay-color":"","overlay-opacity":"","overlay-gradient":""}},"_jetpack_memberships_contains_paid_content":false,"_joinchat":[],"footnotes":""},"categories":[2068],"tags":[],"class_list":["post-17798","post","type-post","status-publish","format-standard","has-post-thumbnail","hentry","category-cultura-deporte"],"yoast_head":"<!-- This site is optimized with the Yoast SEO plugin v26.8 - https:\/\/yoast.com\/product\/yoast-seo-wordpress\/ -->\n<title>Los hornos de Yucat\u2026 - El Regional<\/title>\n<meta name=\"robots\" content=\"index, follow, max-snippet:-1, max-image-preview:large, max-video-preview:-1\" \/>\n<link rel=\"canonical\" href=\"http:\/\/elregionalvm.com.ar\/noticias-villa-maria\/los-hornos-de-yucat\/\" \/>\n<meta property=\"og:locale\" content=\"es_ES\" \/>\n<meta property=\"og:type\" content=\"article\" \/>\n<meta property=\"og:title\" content=\"Los hornos de Yucat\u2026 - El Regional\" \/>\n<meta property=\"og:url\" content=\"http:\/\/elregionalvm.com.ar\/noticias-villa-maria\/los-hornos-de-yucat\/\" \/>\n<meta property=\"og:site_name\" content=\"El Regional\" \/>\n<meta property=\"article:publisher\" content=\"https:\/\/www.facebook.com\/elregionalvm\" \/>\n<meta property=\"article:published_time\" content=\"2020-06-05T17:16:02+00:00\" \/>\n<meta property=\"article:modified_time\" content=\"2020-06-16T16:58:40+00:00\" \/>\n<meta name=\"author\" content=\"Miguel Andreis\" \/>\n<meta name=\"twitter:card\" content=\"summary_large_image\" \/>\n<meta name=\"twitter:creator\" content=\"@elregionalvm1\" \/>\n<meta name=\"twitter:site\" content=\"@elregionalvm1\" \/>\n<meta name=\"twitter:label1\" content=\"Escrito por\" \/>\n\t<meta name=\"twitter:data1\" content=\"Miguel Andreis\" \/>\n\t<meta name=\"twitter:label2\" content=\"Tiempo de lectura\" \/>\n\t<meta name=\"twitter:data2\" content=\"3 minutos\" \/>\n<script type=\"application\/ld+json\" class=\"yoast-schema-graph\">{\"@context\":\"https:\/\/schema.org\",\"@graph\":[{\"@type\":\"Article\",\"@id\":\"http:\/\/elregionalvm.com.ar\/noticias-villa-maria\/los-hornos-de-yucat\/#article\",\"isPartOf\":{\"@id\":\"http:\/\/elregionalvm.com.ar\/noticias-villa-maria\/los-hornos-de-yucat\/\"},\"author\":{\"name\":\"Miguel Andreis\",\"@id\":\"http:\/\/elregionalvm.com.ar\/noticias-villa-maria\/#\/schema\/person\/df5ff3f005acf29788aed9cb359f1193\"},\"headline\":\"Los hornos de Yucat\u2026\",\"datePublished\":\"2020-06-05T17:16:02+00:00\",\"dateModified\":\"2020-06-16T16:58:40+00:00\",\"mainEntityOfPage\":{\"@id\":\"http:\/\/elregionalvm.com.ar\/noticias-villa-maria\/los-hornos-de-yucat\/\"},\"wordCount\":610,\"commentCount\":0,\"image\":{\"@id\":\"http:\/\/elregionalvm.com.ar\/noticias-villa-maria\/los-hornos-de-yucat\/#primaryimage\"},\"thumbnailUrl\":\"\",\"articleSection\":[\"Cultura\"],\"inLanguage\":\"es\",\"potentialAction\":[{\"@type\":\"CommentAction\",\"name\":\"Comment\",\"target\":[\"http:\/\/elregionalvm.com.ar\/noticias-villa-maria\/los-hornos-de-yucat\/#respond\"]}]},{\"@type\":\"WebPage\",\"@id\":\"http:\/\/elregionalvm.com.ar\/noticias-villa-maria\/los-hornos-de-yucat\/\",\"url\":\"http:\/\/elregionalvm.com.ar\/noticias-villa-maria\/los-hornos-de-yucat\/\",\"name\":\"Los hornos de Yucat\u2026 - El Regional\",\"isPartOf\":{\"@id\":\"http:\/\/elregionalvm.com.ar\/noticias-villa-maria\/#website\"},\"primaryImageOfPage\":{\"@id\":\"http:\/\/elregionalvm.com.ar\/noticias-villa-maria\/los-hornos-de-yucat\/#primaryimage\"},\"image\":{\"@id\":\"http:\/\/elregionalvm.com.ar\/noticias-villa-maria\/los-hornos-de-yucat\/#primaryimage\"},\"thumbnailUrl\":\"\",\"datePublished\":\"2020-06-05T17:16:02+00:00\",\"dateModified\":\"2020-06-16T16:58:40+00:00\",\"author\":{\"@id\":\"http:\/\/elregionalvm.com.ar\/noticias-villa-maria\/#\/schema\/person\/df5ff3f005acf29788aed9cb359f1193\"},\"breadcrumb\":{\"@id\":\"http:\/\/elregionalvm.com.ar\/noticias-villa-maria\/los-hornos-de-yucat\/#breadcrumb\"},\"inLanguage\":\"es\",\"potentialAction\":[{\"@type\":\"ReadAction\",\"target\":[\"http:\/\/elregionalvm.com.ar\/noticias-villa-maria\/los-hornos-de-yucat\/\"]}]},{\"@type\":\"ImageObject\",\"inLanguage\":\"es\",\"@id\":\"http:\/\/elregionalvm.com.ar\/noticias-villa-maria\/los-hornos-de-yucat\/#primaryimage\",\"url\":\"\",\"contentUrl\":\"\"},{\"@type\":\"BreadcrumbList\",\"@id\":\"http:\/\/elregionalvm.com.ar\/noticias-villa-maria\/los-hornos-de-yucat\/#breadcrumb\",\"itemListElement\":[{\"@type\":\"ListItem\",\"position\":1,\"name\":\"Portada\",\"item\":\"https:\/\/elregionalvm.com.ar\/noticias-villa-maria\/\"},{\"@type\":\"ListItem\",\"position\":2,\"name\":\"Los hornos de Yucat\u2026\"}]},{\"@type\":\"WebSite\",\"@id\":\"http:\/\/elregionalvm.com.ar\/noticias-villa-maria\/#website\",\"url\":\"http:\/\/elregionalvm.com.ar\/noticias-villa-maria\/\",\"name\":\"El Regional\",\"description\":\"Mucho m\u00e1s que informaci\u00f3n\",\"potentialAction\":[{\"@type\":\"SearchAction\",\"target\":{\"@type\":\"EntryPoint\",\"urlTemplate\":\"http:\/\/elregionalvm.com.ar\/noticias-villa-maria\/?s={search_term_string}\"},\"query-input\":{\"@type\":\"PropertyValueSpecification\",\"valueRequired\":true,\"valueName\":\"search_term_string\"}}],\"inLanguage\":\"es\"},{\"@type\":\"Person\",\"@id\":\"http:\/\/elregionalvm.com.ar\/noticias-villa-maria\/#\/schema\/person\/df5ff3f005acf29788aed9cb359f1193\",\"name\":\"Miguel Andreis\",\"image\":{\"@type\":\"ImageObject\",\"inLanguage\":\"es\",\"@id\":\"http:\/\/elregionalvm.com.ar\/noticias-villa-maria\/#\/schema\/person\/image\/\",\"url\":\"https:\/\/secure.gravatar.com\/avatar\/c643381cd03da38327c6407e6886e7182d881f2ecf94a7902ca262c41f9d8884?s=96&d=mm&r=g\",\"contentUrl\":\"https:\/\/secure.gravatar.com\/avatar\/c643381cd03da38327c6407e6886e7182d881f2ecf94a7902ca262c41f9d8884?s=96&d=mm&r=g\",\"caption\":\"Miguel Andreis\"},\"url\":\"https:\/\/elregionalvm.com.ar\/noticias-villa-maria\/author\/miguelandreis\/\"}]}<\/script>\n<!-- \/ Yoast SEO plugin. -->","yoast_head_json":{"title":"Los hornos de Yucat\u2026 - El Regional","robots":{"index":"index","follow":"follow","max-snippet":"max-snippet:-1","max-image-preview":"max-image-preview:large","max-video-preview":"max-video-preview:-1"},"canonical":"http:\/\/elregionalvm.com.ar\/noticias-villa-maria\/los-hornos-de-yucat\/","og_locale":"es_ES","og_type":"article","og_title":"Los hornos de Yucat\u2026 - El Regional","og_url":"http:\/\/elregionalvm.com.ar\/noticias-villa-maria\/los-hornos-de-yucat\/","og_site_name":"El Regional","article_publisher":"https:\/\/www.facebook.com\/elregionalvm","article_published_time":"2020-06-05T17:16:02+00:00","article_modified_time":"2020-06-16T16:58:40+00:00","author":"Miguel Andreis","twitter_card":"summary_large_image","twitter_creator":"@elregionalvm1","twitter_site":"@elregionalvm1","twitter_misc":{"Escrito por":"Miguel Andreis","Tiempo de lectura":"3 minutos"},"schema":{"@context":"https:\/\/schema.org","@graph":[{"@type":"Article","@id":"http:\/\/elregionalvm.com.ar\/noticias-villa-maria\/los-hornos-de-yucat\/#article","isPartOf":{"@id":"http:\/\/elregionalvm.com.ar\/noticias-villa-maria\/los-hornos-de-yucat\/"},"author":{"name":"Miguel Andreis","@id":"http:\/\/elregionalvm.com.ar\/noticias-villa-maria\/#\/schema\/person\/df5ff3f005acf29788aed9cb359f1193"},"headline":"Los hornos de Yucat\u2026","datePublished":"2020-06-05T17:16:02+00:00","dateModified":"2020-06-16T16:58:40+00:00","mainEntityOfPage":{"@id":"http:\/\/elregionalvm.com.ar\/noticias-villa-maria\/los-hornos-de-yucat\/"},"wordCount":610,"commentCount":0,"image":{"@id":"http:\/\/elregionalvm.com.ar\/noticias-villa-maria\/los-hornos-de-yucat\/#primaryimage"},"thumbnailUrl":"","articleSection":["Cultura"],"inLanguage":"es","potentialAction":[{"@type":"CommentAction","name":"Comment","target":["http:\/\/elregionalvm.com.ar\/noticias-villa-maria\/los-hornos-de-yucat\/#respond"]}]},{"@type":"WebPage","@id":"http:\/\/elregionalvm.com.ar\/noticias-villa-maria\/los-hornos-de-yucat\/","url":"http:\/\/elregionalvm.com.ar\/noticias-villa-maria\/los-hornos-de-yucat\/","name":"Los hornos de Yucat\u2026 - El Regional","isPartOf":{"@id":"http:\/\/elregionalvm.com.ar\/noticias-villa-maria\/#website"},"primaryImageOfPage":{"@id":"http:\/\/elregionalvm.com.ar\/noticias-villa-maria\/los-hornos-de-yucat\/#primaryimage"},"image":{"@id":"http:\/\/elregionalvm.com.ar\/noticias-villa-maria\/los-hornos-de-yucat\/#primaryimage"},"thumbnailUrl":"","datePublished":"2020-06-05T17:16:02+00:00","dateModified":"2020-06-16T16:58:40+00:00","author":{"@id":"http:\/\/elregionalvm.com.ar\/noticias-villa-maria\/#\/schema\/person\/df5ff3f005acf29788aed9cb359f1193"},"breadcrumb":{"@id":"http:\/\/elregionalvm.com.ar\/noticias-villa-maria\/los-hornos-de-yucat\/#breadcrumb"},"inLanguage":"es","potentialAction":[{"@type":"ReadAction","target":["http:\/\/elregionalvm.com.ar\/noticias-villa-maria\/los-hornos-de-yucat\/"]}]},{"@type":"ImageObject","inLanguage":"es","@id":"http:\/\/elregionalvm.com.ar\/noticias-villa-maria\/los-hornos-de-yucat\/#primaryimage","url":"","contentUrl":""},{"@type":"BreadcrumbList","@id":"http:\/\/elregionalvm.com.ar\/noticias-villa-maria\/los-hornos-de-yucat\/#breadcrumb","itemListElement":[{"@type":"ListItem","position":1,"name":"Portada","item":"https:\/\/elregionalvm.com.ar\/noticias-villa-maria\/"},{"@type":"ListItem","position":2,"name":"Los hornos de Yucat\u2026"}]},{"@type":"WebSite","@id":"http:\/\/elregionalvm.com.ar\/noticias-villa-maria\/#website","url":"http:\/\/elregionalvm.com.ar\/noticias-villa-maria\/","name":"El Regional","description":"Mucho m\u00e1s que informaci\u00f3n","potentialAction":[{"@type":"SearchAction","target":{"@type":"EntryPoint","urlTemplate":"http:\/\/elregionalvm.com.ar\/noticias-villa-maria\/?s={search_term_string}"},"query-input":{"@type":"PropertyValueSpecification","valueRequired":true,"valueName":"search_term_string"}}],"inLanguage":"es"},{"@type":"Person","@id":"http:\/\/elregionalvm.com.ar\/noticias-villa-maria\/#\/schema\/person\/df5ff3f005acf29788aed9cb359f1193","name":"Miguel Andreis","image":{"@type":"ImageObject","inLanguage":"es","@id":"http:\/\/elregionalvm.com.ar\/noticias-villa-maria\/#\/schema\/person\/image\/","url":"https:\/\/secure.gravatar.com\/avatar\/c643381cd03da38327c6407e6886e7182d881f2ecf94a7902ca262c41f9d8884?s=96&d=mm&r=g","contentUrl":"https:\/\/secure.gravatar.com\/avatar\/c643381cd03da38327c6407e6886e7182d881f2ecf94a7902ca262c41f9d8884?s=96&d=mm&r=g","caption":"Miguel Andreis"},"url":"https:\/\/elregionalvm.com.ar\/noticias-villa-maria\/author\/miguelandreis\/"}]}},"jetpack_featured_media_url":"","jetpack_sharing_enabled":true,"_links":{"self":[{"href":"https:\/\/elregionalvm.com.ar\/noticias-villa-maria\/wp-json\/wp\/v2\/posts\/17798","targetHints":{"allow":["GET"]}}],"collection":[{"href":"https:\/\/elregionalvm.com.ar\/noticias-villa-maria\/wp-json\/wp\/v2\/posts"}],"about":[{"href":"https:\/\/elregionalvm.com.ar\/noticias-villa-maria\/wp-json\/wp\/v2\/types\/post"}],"author":[{"embeddable":true,"href":"https:\/\/elregionalvm.com.ar\/noticias-villa-maria\/wp-json\/wp\/v2\/users\/5"}],"replies":[{"embeddable":true,"href":"https:\/\/elregionalvm.com.ar\/noticias-villa-maria\/wp-json\/wp\/v2\/comments?post=17798"}],"version-history":[{"count":1,"href":"https:\/\/elregionalvm.com.ar\/noticias-villa-maria\/wp-json\/wp\/v2\/posts\/17798\/revisions"}],"predecessor-version":[{"id":18080,"href":"https:\/\/elregionalvm.com.ar\/noticias-villa-maria\/wp-json\/wp\/v2\/posts\/17798\/revisions\/18080"}],"wp:featuredmedia":[{"embeddable":true,"href":"https:\/\/elregionalvm.com.ar\/noticias-villa-maria\/wp-json\/"}],"wp:attachment":[{"href":"https:\/\/elregionalvm.com.ar\/noticias-villa-maria\/wp-json\/wp\/v2\/media?parent=17798"}],"wp:term":[{"taxonomy":"category","embeddable":true,"href":"https:\/\/elregionalvm.com.ar\/noticias-villa-maria\/wp-json\/wp\/v2\/categories?post=17798"},{"taxonomy":"post_tag","embeddable":true,"href":"https:\/\/elregionalvm.com.ar\/noticias-villa-maria\/wp-json\/wp\/v2\/tags?post=17798"}],"curies":[{"name":"wp","href":"https:\/\/api.w.org\/{rel}","templated":true}]}}