{"id":17800,"date":"2020-06-06T04:14:04","date_gmt":"2020-06-06T04:14:04","guid":{"rendered":"http:\/\/www.elregionalvm.com.ar\/?p=16077"},"modified":"2020-06-16T19:22:10","modified_gmt":"2020-06-16T19:22:10","slug":"desde-hoy-puede-haber-reuniones-familiares-de-hasta-10-personas","status":"publish","type":"post","link":"https:\/\/elregionalvm.com.ar\/noticias-villa-maria\/desde-hoy-puede-haber-reuniones-familiares-de-hasta-10-personas\/","title":{"rendered":"Desde hoy, puede haber reuniones familiares de hasta 10 personas"},"content":{"rendered":"\n\t\t\t\t<![CDATA[\n<p><strong>Ser\u00e1 solo para los fines de\nsemana y para personas que tengan alg\u00fan v\u00ednculo familiar. <\/strong><\/p>\n\n\n<p>Desde hoy, s\u00e1bado 6 de junio, en Villa Mar\u00eda y Villa Nueva se permiten\nlas reuniones familiares de hasta 10 personas, solo durante los fines de\nsemana. <\/p>\n\n\n<p>Los encuentros podr\u00e1n efectuarse los s\u00e1bados en el horario de 9 de\nla ma\u00f1ana a 1 de la madrugada, mientras que los domingos podr\u00e1n realizarse entre\nlas 9 y las 24 horas. <\/p>\n\n\n<p>De todas formas, est\u00e1 prohibido el traslado de personas a\ndistritos diferentes al conglomerado Villa Mar\u00eda &#8211; Villa Nueva, tal como sucede\nen el resto del interior provincial.<\/p>\n\n\n<p>El viernes 5 por la noche, el Concejo Deliberante de la ciudad ratific\u00f3\nel decreto municipal correspondiente. En la ocasi\u00f3n, tambi\u00e9n habilit\u00f3 el funcionamiento de centros de\nest\u00e9tica en la ciudad. <\/p>\n\n\n<p>Estos espacios, donde se desarrollan tareas de cuidado de la piel,\nmanos, pies y u\u00f1as, est\u00e9tica facial o depilaci\u00f3n, entre otros, podr\u00e1n funcionar\nde lunes a viernes de 9 a 17 horas y los s\u00e1bados de 8 a 13 horas <\/p>\n\n\n<p><strong>Deportes<\/strong><\/p>\n\n\n<p>En materia de deportes, se autoriz\u00f3 la pr\u00e1ctica de actividades\ndeportivas no competitivas e individuales y de esparcimiento (todos los d\u00edas de\n7 a 18 horas). Quedan prohibidas las aglomeraciones de personas para la realizaci\u00f3n\nde caminatas deportivas, ciclismo, tenis, p\u00e1del, golf, tiro al blanco, mountain\nbike, pelota a paleta, equitaci\u00f3n y paseo en motocicleta.<\/p>\n\n\n<p>Tambi\u00e9n se habilit\u00f3 la pr\u00e1ctica de buceo individual, deportes a\nvela, kayak de traves\u00eda, kitesurf, pesca deportiva de costa, jet sky y motos de\nagua. <\/p>\n\n\n<p><strong>Transporte de pasajeros<\/strong><\/p>\n\n\n<p>En tanto, se permiti\u00f3 el funcionamiento del transporte urbano e interurbano de pasajeros con una capacidad m\u00e1xima autorizada del 60% de utilizaci\u00f3n de las unidades. Los pasajeros deber\u00e1n llevar colocados barbijos no quir\u00fargicos.<\/p>\n\n\n<p>No se permite el transporte de pasajeros parados. <\/p>\n]]>\t\t","protected":false},"excerpt":{"rendered":"<p>\t\t\t\t<![CDATA[]]>\t\t<\/p>\n","protected":false},"author":6,"featured_media":16078,"comment_status":"open","ping_status":"open","sticky":false,"template":"","format":"standard","meta":{"site-sidebar-layout":"default","site-content-layout":"","ast-site-content-layout":"default","site-content-style":"default","site-sidebar-style":"default","ast-global-header-display":"","ast-banner-title-visibility":"","ast-main-header-display":"","ast-hfb-above-header-display":"","ast-hfb-below-header-display":"","ast-hfb-mobile-header-display":"","site-post-title":"","ast-breadcrumbs-content":"","ast-featured-img":"","footer-sml-layout":"","ast-disable-related-posts":"","theme-transparent-header-meta":"","adv-header-id-meta":"","stick-header-meta":"","header-above-stick-meta":"","header-main-stick-meta":"","header-below-stick-meta":"","astra-migrate-meta-layouts":"default","ast-page-background-enabled":"default","ast-page-background-meta":{"desktop":{"background-color":"","background-image":"","background-repeat":"repeat","background-position":"center center","background-size":"auto","background-attachment":"scroll","background-type":"","background-media":"","overlay-type":"","overlay-color":"","overlay-opacity":"","overlay-gradient":""},"tablet":{"background-color":"","background-image":"","background-repeat":"repeat","background-position":"center center","background-size":"auto","background-attachment":"scroll","background-type":"","background-media":"","overlay-type":"","overlay-color":"","overlay-opacity":"","overlay-gradient":""},"mobile":{"background-color":"","background-image":"","background-repeat":"repeat","background-position":"center center","background-size":"auto","background-attachment":"scroll","background-type":"","background-media":"","overlay-type":"","overlay-color":"","overlay-opacity":"","overlay-gradient":""}},"ast-content-background-meta":{"desktop":{"background-color":"var(--ast-global-color-5)","background-image":"","background-repeat":"repeat","background-position":"center center","background-size":"auto","background-attachment":"scroll","background-type":"","background-media":"","overlay-type":"","overlay-color":"","overlay-opacity":"","overlay-gradient":""},"tablet":{"background-color":"var(--ast-global-color-5)","background-image":"","background-repeat":"repeat","background-position":"center center","background-size":"auto","background-attachment":"scroll","background-type":"","background-media":"","overlay-type":"","overlay-color":"","overlay-opacity":"","overlay-gradient":""},"mobile":{"background-color":"var(--ast-global-color-5)","background-image":"","background-repeat":"repeat","background-position":"center center","background-size":"auto","background-attachment":"scroll","background-type":"","background-media":"","overlay-type":"","overlay-color":"","overlay-opacity":"","overlay-gradient":""}},"_jetpack_memberships_contains_paid_content":false,"_joinchat":[],"footnotes":""},"categories":[5],"tags":[1597,1997,2054,2035,805,2207,2190,1580,1998,2208,2198,2102,534,232],"class_list":["post-17800","post","type-post","status-publish","format-standard","has-post-thumbnail","hentry","category-sociedad","tag-concejo-deliberante","tag-coronavirus","tag-covid-19","tag-cuarentena","tag-deportes","tag-distanciamiento-social","tag-flexibilizacion","tag-municipalidad","tag-pandemia","tag-reuniones-familiares","tag-transporte-interurbano","tag-transporte-urbano","tag-villa-maria","tag-villa-nueva"],"yoast_head":"<!-- This site is optimized with the Yoast SEO plugin v26.8 - https:\/\/yoast.com\/product\/yoast-seo-wordpress\/ -->\n<title>Desde hoy, puede haber reuniones familiares de hasta 10 personas - El Regional<\/title>\n<meta name=\"robots\" content=\"index, follow, max-snippet:-1, max-image-preview:large, max-video-preview:-1\" \/>\n<link rel=\"canonical\" href=\"http:\/\/elregionalvm.com.ar\/noticias-villa-maria\/desde-hoy-puede-haber-reuniones-familiares-de-hasta-10-personas\/\" \/>\n<meta property=\"og:locale\" content=\"es_ES\" \/>\n<meta property=\"og:type\" content=\"article\" \/>\n<meta property=\"og:title\" content=\"Desde hoy, puede haber reuniones familiares de hasta 10 personas - El Regional\" \/>\n<meta property=\"og:url\" content=\"http:\/\/elregionalvm.com.ar\/noticias-villa-maria\/desde-hoy-puede-haber-reuniones-familiares-de-hasta-10-personas\/\" \/>\n<meta property=\"og:site_name\" content=\"El Regional\" \/>\n<meta property=\"article:publisher\" content=\"https:\/\/www.facebook.com\/elregionalvm\" \/>\n<meta property=\"article:published_time\" content=\"2020-06-06T04:14:04+00:00\" \/>\n<meta property=\"article:modified_time\" content=\"2020-06-16T19:22:10+00:00\" \/>\n<meta name=\"author\" content=\"Germ\u00e1n Giacchero\" \/>\n<meta name=\"twitter:card\" content=\"summary_large_image\" \/>\n<meta name=\"twitter:creator\" content=\"@elregionalvm1\" \/>\n<meta name=\"twitter:site\" content=\"@elregionalvm1\" \/>\n<meta name=\"twitter:label1\" content=\"Escrito por\" \/>\n\t<meta name=\"twitter:data1\" content=\"Germ\u00e1n Giacchero\" \/>\n\t<meta name=\"twitter:label2\" content=\"Tiempo de lectura\" \/>\n\t<meta name=\"twitter:data2\" content=\"2 minutos\" \/>\n<script type=\"application\/ld+json\" class=\"yoast-schema-graph\">{\"@context\":\"https:\/\/schema.org\",\"@graph\":[{\"@type\":\"Article\",\"@id\":\"http:\/\/elregionalvm.com.ar\/noticias-villa-maria\/desde-hoy-puede-haber-reuniones-familiares-de-hasta-10-personas\/#article\",\"isPartOf\":{\"@id\":\"http:\/\/elregionalvm.com.ar\/noticias-villa-maria\/desde-hoy-puede-haber-reuniones-familiares-de-hasta-10-personas\/\"},\"author\":{\"name\":\"Germ\u00e1n Giacchero\",\"@id\":\"http:\/\/elregionalvm.com.ar\/noticias-villa-maria\/#\/schema\/person\/d5e4b04966154131701e52c45d3efec9\"},\"headline\":\"Desde hoy, puede haber reuniones familiares de hasta 10 personas\",\"datePublished\":\"2020-06-06T04:14:04+00:00\",\"dateModified\":\"2020-06-16T19:22:10+00:00\",\"mainEntityOfPage\":{\"@id\":\"http:\/\/elregionalvm.com.ar\/noticias-villa-maria\/desde-hoy-puede-haber-reuniones-familiares-de-hasta-10-personas\/\"},\"wordCount\":322,\"commentCount\":1,\"image\":{\"@id\":\"http:\/\/elregionalvm.com.ar\/noticias-villa-maria\/desde-hoy-puede-haber-reuniones-familiares-de-hasta-10-personas\/#primaryimage\"},\"thumbnailUrl\":\"\",\"keywords\":[\"Concejo Deliberante\",\"Coronavirus\",\"Covid-19\",\"cuarentena\",\"Deportes\",\"distanciamiento social\",\"Flexibilizaci\u00f3n\",\"Municipalidad\",\"pandemia\",\"Reuniones familiares\",\"Transporte Interurbano\",\"Transporte urbano\",\"villa maria\",\"VILLA NUEVA\"],\"articleSection\":[\"Sociedad\"],\"inLanguage\":\"es\",\"potentialAction\":[{\"@type\":\"CommentAction\",\"name\":\"Comment\",\"target\":[\"http:\/\/elregionalvm.com.ar\/noticias-villa-maria\/desde-hoy-puede-haber-reuniones-familiares-de-hasta-10-personas\/#respond\"]}]},{\"@type\":\"WebPage\",\"@id\":\"http:\/\/elregionalvm.com.ar\/noticias-villa-maria\/desde-hoy-puede-haber-reuniones-familiares-de-hasta-10-personas\/\",\"url\":\"http:\/\/elregionalvm.com.ar\/noticias-villa-maria\/desde-hoy-puede-haber-reuniones-familiares-de-hasta-10-personas\/\",\"name\":\"Desde hoy, puede haber reuniones familiares de hasta 10 personas - El Regional\",\"isPartOf\":{\"@id\":\"http:\/\/elregionalvm.com.ar\/noticias-villa-maria\/#website\"},\"primaryImageOfPage\":{\"@id\":\"http:\/\/elregionalvm.com.ar\/noticias-villa-maria\/desde-hoy-puede-haber-reuniones-familiares-de-hasta-10-personas\/#primaryimage\"},\"image\":{\"@id\":\"http:\/\/elregionalvm.com.ar\/noticias-villa-maria\/desde-hoy-puede-haber-reuniones-familiares-de-hasta-10-personas\/#primaryimage\"},\"thumbnailUrl\":\"\",\"datePublished\":\"2020-06-06T04:14:04+00:00\",\"dateModified\":\"2020-06-16T19:22:10+00:00\",\"author\":{\"@id\":\"http:\/\/elregionalvm.com.ar\/noticias-villa-maria\/#\/schema\/person\/d5e4b04966154131701e52c45d3efec9\"},\"breadcrumb\":{\"@id\":\"http:\/\/elregionalvm.com.ar\/noticias-villa-maria\/desde-hoy-puede-haber-reuniones-familiares-de-hasta-10-personas\/#breadcrumb\"},\"inLanguage\":\"es\",\"potentialAction\":[{\"@type\":\"ReadAction\",\"target\":[\"http:\/\/elregionalvm.com.ar\/noticias-villa-maria\/desde-hoy-puede-haber-reuniones-familiares-de-hasta-10-personas\/\"]}]},{\"@type\":\"ImageObject\",\"inLanguage\":\"es\",\"@id\":\"http:\/\/elregionalvm.com.ar\/noticias-villa-maria\/desde-hoy-puede-haber-reuniones-familiares-de-hasta-10-personas\/#primaryimage\",\"url\":\"\",\"contentUrl\":\"\"},{\"@type\":\"BreadcrumbList\",\"@id\":\"http:\/\/elregionalvm.com.ar\/noticias-villa-maria\/desde-hoy-puede-haber-reuniones-familiares-de-hasta-10-personas\/#breadcrumb\",\"itemListElement\":[{\"@type\":\"ListItem\",\"position\":1,\"name\":\"Portada\",\"item\":\"https:\/\/elregionalvm.com.ar\/noticias-villa-maria\/\"},{\"@type\":\"ListItem\",\"position\":2,\"name\":\"Desde hoy, puede haber reuniones familiares de hasta 10 personas\"}]},{\"@type\":\"WebSite\",\"@id\":\"http:\/\/elregionalvm.com.ar\/noticias-villa-maria\/#website\",\"url\":\"http:\/\/elregionalvm.com.ar\/noticias-villa-maria\/\",\"name\":\"El Regional\",\"description\":\"Mucho m\u00e1s que informaci\u00f3n\",\"potentialAction\":[{\"@type\":\"SearchAction\",\"target\":{\"@type\":\"EntryPoint\",\"urlTemplate\":\"http:\/\/elregionalvm.com.ar\/noticias-villa-maria\/?s={search_term_string}\"},\"query-input\":{\"@type\":\"PropertyValueSpecification\",\"valueRequired\":true,\"valueName\":\"search_term_string\"}}],\"inLanguage\":\"es\"},{\"@type\":\"Person\",\"@id\":\"http:\/\/elregionalvm.com.ar\/noticias-villa-maria\/#\/schema\/person\/d5e4b04966154131701e52c45d3efec9\",\"name\":\"Germ\u00e1n Giacchero\",\"image\":{\"@type\":\"ImageObject\",\"inLanguage\":\"es\",\"@id\":\"http:\/\/elregionalvm.com.ar\/noticias-villa-maria\/#\/schema\/person\/image\/\",\"url\":\"https:\/\/secure.gravatar.com\/avatar\/fda163ba5ef0307ee5be9846e10f83b6e83d0cfb260d3b2464830318894c6b04?s=96&d=mm&r=g\",\"contentUrl\":\"https:\/\/secure.gravatar.com\/avatar\/fda163ba5ef0307ee5be9846e10f83b6e83d0cfb260d3b2464830318894c6b04?s=96&d=mm&r=g\",\"caption\":\"Germ\u00e1n Giacchero\"},\"url\":\"https:\/\/elregionalvm.com.ar\/noticias-villa-maria\/author\/germangiacchero\/\"}]}<\/script>\n<!-- \/ Yoast SEO plugin. -->","yoast_head_json":{"title":"Desde hoy, puede haber reuniones familiares de hasta 10 personas - El Regional","robots":{"index":"index","follow":"follow","max-snippet":"max-snippet:-1","max-image-preview":"max-image-preview:large","max-video-preview":"max-video-preview:-1"},"canonical":"http:\/\/elregionalvm.com.ar\/noticias-villa-maria\/desde-hoy-puede-haber-reuniones-familiares-de-hasta-10-personas\/","og_locale":"es_ES","og_type":"article","og_title":"Desde hoy, puede haber reuniones familiares de hasta 10 personas - El Regional","og_url":"http:\/\/elregionalvm.com.ar\/noticias-villa-maria\/desde-hoy-puede-haber-reuniones-familiares-de-hasta-10-personas\/","og_site_name":"El Regional","article_publisher":"https:\/\/www.facebook.com\/elregionalvm","article_published_time":"2020-06-06T04:14:04+00:00","article_modified_time":"2020-06-16T19:22:10+00:00","author":"Germ\u00e1n Giacchero","twitter_card":"summary_large_image","twitter_creator":"@elregionalvm1","twitter_site":"@elregionalvm1","twitter_misc":{"Escrito por":"Germ\u00e1n Giacchero","Tiempo de lectura":"2 minutos"},"schema":{"@context":"https:\/\/schema.org","@graph":[{"@type":"Article","@id":"http:\/\/elregionalvm.com.ar\/noticias-villa-maria\/desde-hoy-puede-haber-reuniones-familiares-de-hasta-10-personas\/#article","isPartOf":{"@id":"http:\/\/elregionalvm.com.ar\/noticias-villa-maria\/desde-hoy-puede-haber-reuniones-familiares-de-hasta-10-personas\/"},"author":{"name":"Germ\u00e1n Giacchero","@id":"http:\/\/elregionalvm.com.ar\/noticias-villa-maria\/#\/schema\/person\/d5e4b04966154131701e52c45d3efec9"},"headline":"Desde hoy, puede haber reuniones familiares de hasta 10 personas","datePublished":"2020-06-06T04:14:04+00:00","dateModified":"2020-06-16T19:22:10+00:00","mainEntityOfPage":{"@id":"http:\/\/elregionalvm.com.ar\/noticias-villa-maria\/desde-hoy-puede-haber-reuniones-familiares-de-hasta-10-personas\/"},"wordCount":322,"commentCount":1,"image":{"@id":"http:\/\/elregionalvm.com.ar\/noticias-villa-maria\/desde-hoy-puede-haber-reuniones-familiares-de-hasta-10-personas\/#primaryimage"},"thumbnailUrl":"","keywords":["Concejo Deliberante","Coronavirus","Covid-19","cuarentena","Deportes","distanciamiento social","Flexibilizaci\u00f3n","Municipalidad","pandemia","Reuniones familiares","Transporte Interurbano","Transporte urbano","villa maria","VILLA NUEVA"],"articleSection":["Sociedad"],"inLanguage":"es","potentialAction":[{"@type":"CommentAction","name":"Comment","target":["http:\/\/elregionalvm.com.ar\/noticias-villa-maria\/desde-hoy-puede-haber-reuniones-familiares-de-hasta-10-personas\/#respond"]}]},{"@type":"WebPage","@id":"http:\/\/elregionalvm.com.ar\/noticias-villa-maria\/desde-hoy-puede-haber-reuniones-familiares-de-hasta-10-personas\/","url":"http:\/\/elregionalvm.com.ar\/noticias-villa-maria\/desde-hoy-puede-haber-reuniones-familiares-de-hasta-10-personas\/","name":"Desde hoy, puede haber reuniones familiares de hasta 10 personas - El Regional","isPartOf":{"@id":"http:\/\/elregionalvm.com.ar\/noticias-villa-maria\/#website"},"primaryImageOfPage":{"@id":"http:\/\/elregionalvm.com.ar\/noticias-villa-maria\/desde-hoy-puede-haber-reuniones-familiares-de-hasta-10-personas\/#primaryimage"},"image":{"@id":"http:\/\/elregionalvm.com.ar\/noticias-villa-maria\/desde-hoy-puede-haber-reuniones-familiares-de-hasta-10-personas\/#primaryimage"},"thumbnailUrl":"","datePublished":"2020-06-06T04:14:04+00:00","dateModified":"2020-06-16T19:22:10+00:00","author":{"@id":"http:\/\/elregionalvm.com.ar\/noticias-villa-maria\/#\/schema\/person\/d5e4b04966154131701e52c45d3efec9"},"breadcrumb":{"@id":"http:\/\/elregionalvm.com.ar\/noticias-villa-maria\/desde-hoy-puede-haber-reuniones-familiares-de-hasta-10-personas\/#breadcrumb"},"inLanguage":"es","potentialAction":[{"@type":"ReadAction","target":["http:\/\/elregionalvm.com.ar\/noticias-villa-maria\/desde-hoy-puede-haber-reuniones-familiares-de-hasta-10-personas\/"]}]},{"@type":"ImageObject","inLanguage":"es","@id":"http:\/\/elregionalvm.com.ar\/noticias-villa-maria\/desde-hoy-puede-haber-reuniones-familiares-de-hasta-10-personas\/#primaryimage","url":"","contentUrl":""},{"@type":"BreadcrumbList","@id":"http:\/\/elregionalvm.com.ar\/noticias-villa-maria\/desde-hoy-puede-haber-reuniones-familiares-de-hasta-10-personas\/#breadcrumb","itemListElement":[{"@type":"ListItem","position":1,"name":"Portada","item":"https:\/\/elregionalvm.com.ar\/noticias-villa-maria\/"},{"@type":"ListItem","position":2,"name":"Desde hoy, puede haber reuniones familiares de hasta 10 personas"}]},{"@type":"WebSite","@id":"http:\/\/elregionalvm.com.ar\/noticias-villa-maria\/#website","url":"http:\/\/elregionalvm.com.ar\/noticias-villa-maria\/","name":"El Regional","description":"Mucho m\u00e1s que informaci\u00f3n","potentialAction":[{"@type":"SearchAction","target":{"@type":"EntryPoint","urlTemplate":"http:\/\/elregionalvm.com.ar\/noticias-villa-maria\/?s={search_term_string}"},"query-input":{"@type":"PropertyValueSpecification","valueRequired":true,"valueName":"search_term_string"}}],"inLanguage":"es"},{"@type":"Person","@id":"http:\/\/elregionalvm.com.ar\/noticias-villa-maria\/#\/schema\/person\/d5e4b04966154131701e52c45d3efec9","name":"Germ\u00e1n Giacchero","image":{"@type":"ImageObject","inLanguage":"es","@id":"http:\/\/elregionalvm.com.ar\/noticias-villa-maria\/#\/schema\/person\/image\/","url":"https:\/\/secure.gravatar.com\/avatar\/fda163ba5ef0307ee5be9846e10f83b6e83d0cfb260d3b2464830318894c6b04?s=96&d=mm&r=g","contentUrl":"https:\/\/secure.gravatar.com\/avatar\/fda163ba5ef0307ee5be9846e10f83b6e83d0cfb260d3b2464830318894c6b04?s=96&d=mm&r=g","caption":"Germ\u00e1n Giacchero"},"url":"https:\/\/elregionalvm.com.ar\/noticias-villa-maria\/author\/germangiacchero\/"}]}},"jetpack_featured_media_url":"","jetpack_sharing_enabled":true,"_links":{"self":[{"href":"https:\/\/elregionalvm.com.ar\/noticias-villa-maria\/wp-json\/wp\/v2\/posts\/17800","targetHints":{"allow":["GET"]}}],"collection":[{"href":"https:\/\/elregionalvm.com.ar\/noticias-villa-maria\/wp-json\/wp\/v2\/posts"}],"about":[{"href":"https:\/\/elregionalvm.com.ar\/noticias-villa-maria\/wp-json\/wp\/v2\/types\/post"}],"author":[{"embeddable":true,"href":"https:\/\/elregionalvm.com.ar\/noticias-villa-maria\/wp-json\/wp\/v2\/users\/6"}],"replies":[{"embeddable":true,"href":"https:\/\/elregionalvm.com.ar\/noticias-villa-maria\/wp-json\/wp\/v2\/comments?post=17800"}],"version-history":[{"count":1,"href":"https:\/\/elregionalvm.com.ar\/noticias-villa-maria\/wp-json\/wp\/v2\/posts\/17800\/revisions"}],"predecessor-version":[{"id":18153,"href":"https:\/\/elregionalvm.com.ar\/noticias-villa-maria\/wp-json\/wp\/v2\/posts\/17800\/revisions\/18153"}],"wp:featuredmedia":[{"embeddable":true,"href":"https:\/\/elregionalvm.com.ar\/noticias-villa-maria\/wp-json\/"}],"wp:attachment":[{"href":"https:\/\/elregionalvm.com.ar\/noticias-villa-maria\/wp-json\/wp\/v2\/media?parent=17800"}],"wp:term":[{"taxonomy":"category","embeddable":true,"href":"https:\/\/elregionalvm.com.ar\/noticias-villa-maria\/wp-json\/wp\/v2\/categories?post=17800"},{"taxonomy":"post_tag","embeddable":true,"href":"https:\/\/elregionalvm.com.ar\/noticias-villa-maria\/wp-json\/wp\/v2\/tags?post=17800"}],"curies":[{"name":"wp","href":"https:\/\/api.w.org\/{rel}","templated":true}]}}