{"id":17801,"date":"2020-06-07T02:06:35","date_gmt":"2020-06-07T02:06:35","guid":{"rendered":"http:\/\/www.elregionalvm.com.ar\/?p=16084"},"modified":"2020-06-16T16:56:51","modified_gmt":"2020-06-16T16:56:51","slug":"a-dos-anos-del-fallecimiento-de-pirucha","status":"publish","type":"post","link":"https:\/\/elregionalvm.com.ar\/noticias-villa-maria\/a-dos-anos-del-fallecimiento-de-pirucha\/","title":{"rendered":"A dos a\u00f1os del fallecimiento de \u201cPirucha\u201d"},"content":{"rendered":"\n\t\t\t\t<![CDATA[\n<p>Por: M.A<\/p>\n\n\n<p>Ayer, 6 de junio, se cumplieron dos a\u00f1os del fallecimiento\nde uno de los \u00edconos m\u00e1s importantes que ha tenido nuestra ciudad a la hora de\nreferenciar una profesi\u00f3n ligada a la salud y a la inclaudicable lucha por la\nvida. Su nombre Teresa Su\u00e1rez de Orpianezzi, enfermera, aunque el\nreconocimiento de la ciudadan\u00eda lo encuadraba bajo el sobrenombre de \u201cPirucha\u201d.\nUn emblema de solidaridad y compromiso que excede la finitud del tiempo.<\/p>\n\n\n<p>Quedar\u00e1 grabada en la historia, all\u00e1 por los a\u00f1os 80- 90, su\ninclaudicable lucha contra aquella epidemia rural que causara tantas muertes en\nel \u00e1mbito rural: el mal de los rastrojos posteriormente definido como la\n\u201cFiebre hemorr\u00e1gica Argentina\u201d. Todav\u00eda flota su imagen de incansable e\ninclaudicable luchadora que llevaba estampada en su piel el nombre del Hospital\nRegional Pasteur. Seguramente quedar\u00e1 en los polvorientos caminos de la regi\u00f3n\ny rutas marcadamente alejadas de la ciudad; su desandar carreteras, con\ncarpetas asf\u00e1lticas o de tierra. Daba lo mismo. El objetivo de la b\u00fasqueda lo\njustificaba. Hab\u00eda que encontrar aquellos gringos o criollos, peones o patrones\nque atravesaron dicho mal, para extraerle la sangre y lograr el plasma de\nconvaleciente que sirviera para salvar una o dos vidas. Ni el fr\u00edo ni el calor\nfrenaba a ella y su incondicional acompa\u00f1ante, el cabralense Boscco. <\/p>\n\n\n<p>Largo y desigual pleito de aquellos tiempos. El nombre de\nJulio Maiztegui se convert\u00eda en&nbsp;&nbsp;\nsin\u00f3nimo de vida. Las expectativas crec\u00edan. El nombre del Pasteur ganaba\nlas letras de moldes de los distintos medios comunicacionales del pa\u00eds.\nMaiztegui y un grupo de cient\u00edficos y profesionales, hab\u00edan logrado ganarle la\npulseada a la muerte. Ella y un grupo de galenos y representantes en otros\n\u00f3rdenes de la salud, entregaron todo sin calendarios que los frenara ni relojes\nque los aplacaran. Pirucha quedar\u00e1 como un duende de alas blancas, montada en\nla poco confortable estanciera o el rastrojero del Hospital. Esa entrega sin\nnada a cambio, en una enfermedad que lleg\u00f3 a terminar con once vidas en un solo\nd\u00eda, contabilizando la regi\u00f3n, encontr\u00f3 en Pirucha una batalladora sin igual.\nCientos o miles de personas guardan en sus m\u00e1s rec\u00f3nditos sentimientos, el\nimborrable recuerdo y afectos sin tiempos para ella: simplemente \u201cPirucha\u201d, uno\nde esos ejemplos que no tienen fecha de vencimiento.<\/p>\n\n\n<p>Expir\u00f3 en el Hospital Italiano de la ciudad de C\u00f3rdoba. Vaya\nen esta fecha, el reconocimiento a una enfermera que cruz\u00f3 el umbral de los\nintemporales.<\/p>\n\n\n<p>Hasta siempre, Se\u00f1ora Pirucha.<\/p>\n]]>\t\t","protected":false},"excerpt":{"rendered":"<p>\t\t\t\t<![CDATA[]]>\t\t<\/p>\n","protected":false},"author":5,"featured_media":16085,"comment_status":"open","ping_status":"open","sticky":false,"template":"","format":"standard","meta":{"site-sidebar-layout":"default","site-content-layout":"","ast-site-content-layout":"default","site-content-style":"default","site-sidebar-style":"default","ast-global-header-display":"","ast-banner-title-visibility":"","ast-main-header-display":"","ast-hfb-above-header-display":"","ast-hfb-below-header-display":"","ast-hfb-mobile-header-display":"","site-post-title":"","ast-breadcrumbs-content":"","ast-featured-img":"","footer-sml-layout":"","ast-disable-related-posts":"","theme-transparent-header-meta":"","adv-header-id-meta":"","stick-header-meta":"","header-above-stick-meta":"","header-main-stick-meta":"","header-below-stick-meta":"","astra-migrate-meta-layouts":"default","ast-page-background-enabled":"default","ast-page-background-meta":{"desktop":{"background-color":"","background-image":"","background-repeat":"repeat","background-position":"center center","background-size":"auto","background-attachment":"scroll","background-type":"","background-media":"","overlay-type":"","overlay-color":"","overlay-opacity":"","overlay-gradient":""},"tablet":{"background-color":"","background-image":"","background-repeat":"repeat","background-position":"center center","background-size":"auto","background-attachment":"scroll","background-type":"","background-media":"","overlay-type":"","overlay-color":"","overlay-opacity":"","overlay-gradient":""},"mobile":{"background-color":"","background-image":"","background-repeat":"repeat","background-position":"center center","background-size":"auto","background-attachment":"scroll","background-type":"","background-media":"","overlay-type":"","overlay-color":"","overlay-opacity":"","overlay-gradient":""}},"ast-content-background-meta":{"desktop":{"background-color":"var(--ast-global-color-5)","background-image":"","background-repeat":"repeat","background-position":"center center","background-size":"auto","background-attachment":"scroll","background-type":"","background-media":"","overlay-type":"","overlay-color":"","overlay-opacity":"","overlay-gradient":""},"tablet":{"background-color":"var(--ast-global-color-5)","background-image":"","background-repeat":"repeat","background-position":"center center","background-size":"auto","background-attachment":"scroll","background-type":"","background-media":"","overlay-type":"","overlay-color":"","overlay-opacity":"","overlay-gradient":""},"mobile":{"background-color":"var(--ast-global-color-5)","background-image":"","background-repeat":"repeat","background-position":"center center","background-size":"auto","background-attachment":"scroll","background-type":"","background-media":"","overlay-type":"","overlay-color":"","overlay-opacity":"","overlay-gradient":""}},"_jetpack_memberships_contains_paid_content":false,"_joinchat":[],"footnotes":""},"categories":[5],"tags":[2209],"class_list":["post-17801","post","type-post","status-publish","format-standard","has-post-thumbnail","hentry","category-sociedad","tag-pirucha-suarez"],"yoast_head":"<!-- This site is optimized with the Yoast SEO plugin v26.8 - https:\/\/yoast.com\/product\/yoast-seo-wordpress\/ -->\n<title>A dos a\u00f1os del fallecimiento de \u201cPirucha\u201d - El Regional<\/title>\n<meta name=\"robots\" content=\"index, follow, max-snippet:-1, max-image-preview:large, max-video-preview:-1\" \/>\n<link rel=\"canonical\" href=\"http:\/\/elregionalvm.com.ar\/noticias-villa-maria\/a-dos-anos-del-fallecimiento-de-pirucha\/\" \/>\n<meta property=\"og:locale\" content=\"es_ES\" \/>\n<meta property=\"og:type\" content=\"article\" \/>\n<meta property=\"og:title\" content=\"A dos a\u00f1os del fallecimiento de \u201cPirucha\u201d - El Regional\" \/>\n<meta property=\"og:url\" content=\"http:\/\/elregionalvm.com.ar\/noticias-villa-maria\/a-dos-anos-del-fallecimiento-de-pirucha\/\" \/>\n<meta property=\"og:site_name\" content=\"El Regional\" \/>\n<meta property=\"article:publisher\" content=\"https:\/\/www.facebook.com\/elregionalvm\" \/>\n<meta property=\"article:published_time\" content=\"2020-06-07T02:06:35+00:00\" \/>\n<meta property=\"article:modified_time\" content=\"2020-06-16T16:56:51+00:00\" \/>\n<meta name=\"author\" content=\"Miguel Andreis\" \/>\n<meta name=\"twitter:card\" content=\"summary_large_image\" \/>\n<meta name=\"twitter:creator\" content=\"@elregionalvm1\" \/>\n<meta name=\"twitter:site\" content=\"@elregionalvm1\" \/>\n<meta name=\"twitter:label1\" content=\"Escrito por\" \/>\n\t<meta name=\"twitter:data1\" content=\"Miguel Andreis\" \/>\n\t<meta name=\"twitter:label2\" content=\"Tiempo de lectura\" \/>\n\t<meta name=\"twitter:data2\" content=\"2 minutos\" \/>\n<script type=\"application\/ld+json\" class=\"yoast-schema-graph\">{\"@context\":\"https:\/\/schema.org\",\"@graph\":[{\"@type\":\"Article\",\"@id\":\"http:\/\/elregionalvm.com.ar\/noticias-villa-maria\/a-dos-anos-del-fallecimiento-de-pirucha\/#article\",\"isPartOf\":{\"@id\":\"http:\/\/elregionalvm.com.ar\/noticias-villa-maria\/a-dos-anos-del-fallecimiento-de-pirucha\/\"},\"author\":{\"name\":\"Miguel Andreis\",\"@id\":\"http:\/\/elregionalvm.com.ar\/noticias-villa-maria\/#\/schema\/person\/df5ff3f005acf29788aed9cb359f1193\"},\"headline\":\"A dos a\u00f1os del fallecimiento de \u201cPirucha\u201d\",\"datePublished\":\"2020-06-07T02:06:35+00:00\",\"dateModified\":\"2020-06-16T16:56:51+00:00\",\"mainEntityOfPage\":{\"@id\":\"http:\/\/elregionalvm.com.ar\/noticias-villa-maria\/a-dos-anos-del-fallecimiento-de-pirucha\/\"},\"wordCount\":442,\"commentCount\":0,\"image\":{\"@id\":\"http:\/\/elregionalvm.com.ar\/noticias-villa-maria\/a-dos-anos-del-fallecimiento-de-pirucha\/#primaryimage\"},\"thumbnailUrl\":\"\",\"keywords\":[\"pirucha suarez\"],\"articleSection\":[\"Sociedad\"],\"inLanguage\":\"es\",\"potentialAction\":[{\"@type\":\"CommentAction\",\"name\":\"Comment\",\"target\":[\"http:\/\/elregionalvm.com.ar\/noticias-villa-maria\/a-dos-anos-del-fallecimiento-de-pirucha\/#respond\"]}]},{\"@type\":\"WebPage\",\"@id\":\"http:\/\/elregionalvm.com.ar\/noticias-villa-maria\/a-dos-anos-del-fallecimiento-de-pirucha\/\",\"url\":\"http:\/\/elregionalvm.com.ar\/noticias-villa-maria\/a-dos-anos-del-fallecimiento-de-pirucha\/\",\"name\":\"A dos a\u00f1os del fallecimiento de \u201cPirucha\u201d - El Regional\",\"isPartOf\":{\"@id\":\"http:\/\/elregionalvm.com.ar\/noticias-villa-maria\/#website\"},\"primaryImageOfPage\":{\"@id\":\"http:\/\/elregionalvm.com.ar\/noticias-villa-maria\/a-dos-anos-del-fallecimiento-de-pirucha\/#primaryimage\"},\"image\":{\"@id\":\"http:\/\/elregionalvm.com.ar\/noticias-villa-maria\/a-dos-anos-del-fallecimiento-de-pirucha\/#primaryimage\"},\"thumbnailUrl\":\"\",\"datePublished\":\"2020-06-07T02:06:35+00:00\",\"dateModified\":\"2020-06-16T16:56:51+00:00\",\"author\":{\"@id\":\"http:\/\/elregionalvm.com.ar\/noticias-villa-maria\/#\/schema\/person\/df5ff3f005acf29788aed9cb359f1193\"},\"breadcrumb\":{\"@id\":\"http:\/\/elregionalvm.com.ar\/noticias-villa-maria\/a-dos-anos-del-fallecimiento-de-pirucha\/#breadcrumb\"},\"inLanguage\":\"es\",\"potentialAction\":[{\"@type\":\"ReadAction\",\"target\":[\"http:\/\/elregionalvm.com.ar\/noticias-villa-maria\/a-dos-anos-del-fallecimiento-de-pirucha\/\"]}]},{\"@type\":\"ImageObject\",\"inLanguage\":\"es\",\"@id\":\"http:\/\/elregionalvm.com.ar\/noticias-villa-maria\/a-dos-anos-del-fallecimiento-de-pirucha\/#primaryimage\",\"url\":\"\",\"contentUrl\":\"\"},{\"@type\":\"BreadcrumbList\",\"@id\":\"http:\/\/elregionalvm.com.ar\/noticias-villa-maria\/a-dos-anos-del-fallecimiento-de-pirucha\/#breadcrumb\",\"itemListElement\":[{\"@type\":\"ListItem\",\"position\":1,\"name\":\"Portada\",\"item\":\"https:\/\/elregionalvm.com.ar\/noticias-villa-maria\/\"},{\"@type\":\"ListItem\",\"position\":2,\"name\":\"A dos a\u00f1os del fallecimiento de \u201cPirucha\u201d\"}]},{\"@type\":\"WebSite\",\"@id\":\"http:\/\/elregionalvm.com.ar\/noticias-villa-maria\/#website\",\"url\":\"http:\/\/elregionalvm.com.ar\/noticias-villa-maria\/\",\"name\":\"El Regional\",\"description\":\"Mucho m\u00e1s que informaci\u00f3n\",\"potentialAction\":[{\"@type\":\"SearchAction\",\"target\":{\"@type\":\"EntryPoint\",\"urlTemplate\":\"http:\/\/elregionalvm.com.ar\/noticias-villa-maria\/?s={search_term_string}\"},\"query-input\":{\"@type\":\"PropertyValueSpecification\",\"valueRequired\":true,\"valueName\":\"search_term_string\"}}],\"inLanguage\":\"es\"},{\"@type\":\"Person\",\"@id\":\"http:\/\/elregionalvm.com.ar\/noticias-villa-maria\/#\/schema\/person\/df5ff3f005acf29788aed9cb359f1193\",\"name\":\"Miguel Andreis\",\"image\":{\"@type\":\"ImageObject\",\"inLanguage\":\"es\",\"@id\":\"http:\/\/elregionalvm.com.ar\/noticias-villa-maria\/#\/schema\/person\/image\/\",\"url\":\"https:\/\/secure.gravatar.com\/avatar\/c643381cd03da38327c6407e6886e7182d881f2ecf94a7902ca262c41f9d8884?s=96&d=mm&r=g\",\"contentUrl\":\"https:\/\/secure.gravatar.com\/avatar\/c643381cd03da38327c6407e6886e7182d881f2ecf94a7902ca262c41f9d8884?s=96&d=mm&r=g\",\"caption\":\"Miguel Andreis\"},\"url\":\"https:\/\/elregionalvm.com.ar\/noticias-villa-maria\/author\/miguelandreis\/\"}]}<\/script>\n<!-- \/ Yoast SEO plugin. -->","yoast_head_json":{"title":"A dos a\u00f1os del fallecimiento de \u201cPirucha\u201d - El Regional","robots":{"index":"index","follow":"follow","max-snippet":"max-snippet:-1","max-image-preview":"max-image-preview:large","max-video-preview":"max-video-preview:-1"},"canonical":"http:\/\/elregionalvm.com.ar\/noticias-villa-maria\/a-dos-anos-del-fallecimiento-de-pirucha\/","og_locale":"es_ES","og_type":"article","og_title":"A dos a\u00f1os del fallecimiento de \u201cPirucha\u201d - El Regional","og_url":"http:\/\/elregionalvm.com.ar\/noticias-villa-maria\/a-dos-anos-del-fallecimiento-de-pirucha\/","og_site_name":"El Regional","article_publisher":"https:\/\/www.facebook.com\/elregionalvm","article_published_time":"2020-06-07T02:06:35+00:00","article_modified_time":"2020-06-16T16:56:51+00:00","author":"Miguel Andreis","twitter_card":"summary_large_image","twitter_creator":"@elregionalvm1","twitter_site":"@elregionalvm1","twitter_misc":{"Escrito por":"Miguel Andreis","Tiempo de lectura":"2 minutos"},"schema":{"@context":"https:\/\/schema.org","@graph":[{"@type":"Article","@id":"http:\/\/elregionalvm.com.ar\/noticias-villa-maria\/a-dos-anos-del-fallecimiento-de-pirucha\/#article","isPartOf":{"@id":"http:\/\/elregionalvm.com.ar\/noticias-villa-maria\/a-dos-anos-del-fallecimiento-de-pirucha\/"},"author":{"name":"Miguel Andreis","@id":"http:\/\/elregionalvm.com.ar\/noticias-villa-maria\/#\/schema\/person\/df5ff3f005acf29788aed9cb359f1193"},"headline":"A dos a\u00f1os del fallecimiento de \u201cPirucha\u201d","datePublished":"2020-06-07T02:06:35+00:00","dateModified":"2020-06-16T16:56:51+00:00","mainEntityOfPage":{"@id":"http:\/\/elregionalvm.com.ar\/noticias-villa-maria\/a-dos-anos-del-fallecimiento-de-pirucha\/"},"wordCount":442,"commentCount":0,"image":{"@id":"http:\/\/elregionalvm.com.ar\/noticias-villa-maria\/a-dos-anos-del-fallecimiento-de-pirucha\/#primaryimage"},"thumbnailUrl":"","keywords":["pirucha suarez"],"articleSection":["Sociedad"],"inLanguage":"es","potentialAction":[{"@type":"CommentAction","name":"Comment","target":["http:\/\/elregionalvm.com.ar\/noticias-villa-maria\/a-dos-anos-del-fallecimiento-de-pirucha\/#respond"]}]},{"@type":"WebPage","@id":"http:\/\/elregionalvm.com.ar\/noticias-villa-maria\/a-dos-anos-del-fallecimiento-de-pirucha\/","url":"http:\/\/elregionalvm.com.ar\/noticias-villa-maria\/a-dos-anos-del-fallecimiento-de-pirucha\/","name":"A dos a\u00f1os del fallecimiento de \u201cPirucha\u201d - El Regional","isPartOf":{"@id":"http:\/\/elregionalvm.com.ar\/noticias-villa-maria\/#website"},"primaryImageOfPage":{"@id":"http:\/\/elregionalvm.com.ar\/noticias-villa-maria\/a-dos-anos-del-fallecimiento-de-pirucha\/#primaryimage"},"image":{"@id":"http:\/\/elregionalvm.com.ar\/noticias-villa-maria\/a-dos-anos-del-fallecimiento-de-pirucha\/#primaryimage"},"thumbnailUrl":"","datePublished":"2020-06-07T02:06:35+00:00","dateModified":"2020-06-16T16:56:51+00:00","author":{"@id":"http:\/\/elregionalvm.com.ar\/noticias-villa-maria\/#\/schema\/person\/df5ff3f005acf29788aed9cb359f1193"},"breadcrumb":{"@id":"http:\/\/elregionalvm.com.ar\/noticias-villa-maria\/a-dos-anos-del-fallecimiento-de-pirucha\/#breadcrumb"},"inLanguage":"es","potentialAction":[{"@type":"ReadAction","target":["http:\/\/elregionalvm.com.ar\/noticias-villa-maria\/a-dos-anos-del-fallecimiento-de-pirucha\/"]}]},{"@type":"ImageObject","inLanguage":"es","@id":"http:\/\/elregionalvm.com.ar\/noticias-villa-maria\/a-dos-anos-del-fallecimiento-de-pirucha\/#primaryimage","url":"","contentUrl":""},{"@type":"BreadcrumbList","@id":"http:\/\/elregionalvm.com.ar\/noticias-villa-maria\/a-dos-anos-del-fallecimiento-de-pirucha\/#breadcrumb","itemListElement":[{"@type":"ListItem","position":1,"name":"Portada","item":"https:\/\/elregionalvm.com.ar\/noticias-villa-maria\/"},{"@type":"ListItem","position":2,"name":"A dos a\u00f1os del fallecimiento de \u201cPirucha\u201d"}]},{"@type":"WebSite","@id":"http:\/\/elregionalvm.com.ar\/noticias-villa-maria\/#website","url":"http:\/\/elregionalvm.com.ar\/noticias-villa-maria\/","name":"El Regional","description":"Mucho m\u00e1s que informaci\u00f3n","potentialAction":[{"@type":"SearchAction","target":{"@type":"EntryPoint","urlTemplate":"http:\/\/elregionalvm.com.ar\/noticias-villa-maria\/?s={search_term_string}"},"query-input":{"@type":"PropertyValueSpecification","valueRequired":true,"valueName":"search_term_string"}}],"inLanguage":"es"},{"@type":"Person","@id":"http:\/\/elregionalvm.com.ar\/noticias-villa-maria\/#\/schema\/person\/df5ff3f005acf29788aed9cb359f1193","name":"Miguel Andreis","image":{"@type":"ImageObject","inLanguage":"es","@id":"http:\/\/elregionalvm.com.ar\/noticias-villa-maria\/#\/schema\/person\/image\/","url":"https:\/\/secure.gravatar.com\/avatar\/c643381cd03da38327c6407e6886e7182d881f2ecf94a7902ca262c41f9d8884?s=96&d=mm&r=g","contentUrl":"https:\/\/secure.gravatar.com\/avatar\/c643381cd03da38327c6407e6886e7182d881f2ecf94a7902ca262c41f9d8884?s=96&d=mm&r=g","caption":"Miguel Andreis"},"url":"https:\/\/elregionalvm.com.ar\/noticias-villa-maria\/author\/miguelandreis\/"}]}},"jetpack_featured_media_url":"","jetpack_sharing_enabled":true,"_links":{"self":[{"href":"https:\/\/elregionalvm.com.ar\/noticias-villa-maria\/wp-json\/wp\/v2\/posts\/17801","targetHints":{"allow":["GET"]}}],"collection":[{"href":"https:\/\/elregionalvm.com.ar\/noticias-villa-maria\/wp-json\/wp\/v2\/posts"}],"about":[{"href":"https:\/\/elregionalvm.com.ar\/noticias-villa-maria\/wp-json\/wp\/v2\/types\/post"}],"author":[{"embeddable":true,"href":"https:\/\/elregionalvm.com.ar\/noticias-villa-maria\/wp-json\/wp\/v2\/users\/5"}],"replies":[{"embeddable":true,"href":"https:\/\/elregionalvm.com.ar\/noticias-villa-maria\/wp-json\/wp\/v2\/comments?post=17801"}],"version-history":[{"count":1,"href":"https:\/\/elregionalvm.com.ar\/noticias-villa-maria\/wp-json\/wp\/v2\/posts\/17801\/revisions"}],"predecessor-version":[{"id":18078,"href":"https:\/\/elregionalvm.com.ar\/noticias-villa-maria\/wp-json\/wp\/v2\/posts\/17801\/revisions\/18078"}],"wp:featuredmedia":[{"embeddable":true,"href":"https:\/\/elregionalvm.com.ar\/noticias-villa-maria\/wp-json\/"}],"wp:attachment":[{"href":"https:\/\/elregionalvm.com.ar\/noticias-villa-maria\/wp-json\/wp\/v2\/media?parent=17801"}],"wp:term":[{"taxonomy":"category","embeddable":true,"href":"https:\/\/elregionalvm.com.ar\/noticias-villa-maria\/wp-json\/wp\/v2\/categories?post=17801"},{"taxonomy":"post_tag","embeddable":true,"href":"https:\/\/elregionalvm.com.ar\/noticias-villa-maria\/wp-json\/wp\/v2\/tags?post=17801"}],"curies":[{"name":"wp","href":"https:\/\/api.w.org\/{rel}","templated":true}]}}