{"id":17804,"date":"2020-06-10T01:28:31","date_gmt":"2020-06-10T01:28:31","guid":{"rendered":"http:\/\/www.elregionalvm.com.ar\/?p=16098"},"modified":"2020-06-16T16:55:31","modified_gmt":"2020-06-16T16:55:31","slug":"educacion-privada-o-publica-el-rictus-de-la-realidad-no-perdona","status":"publish","type":"post","link":"https:\/\/elregionalvm.com.ar\/noticias-villa-maria\/educacion-privada-o-publica-el-rictus-de-la-realidad-no-perdona\/","title":{"rendered":"Educaci\u00f3n Privada o P\u00fablica. El rictus de la realidad, no perdona\u2026"},"content":{"rendered":"\n\t\t\t\t<![CDATA[\n<p><strong>Escribe: Miguel Andreis<\/strong><\/p>\n\n\n<p>\u201cA qui\u00e9n carajo se le ocurri\u00f3 el implementar la matem\u00e1tica\nsin tablas de multiplicar o dividir o.\u2026\u201d El hijo de Oscar va a tercero. Su padre\nsiempre se llev\u00f3 dicha materia a marzo. Las tareas -antes le llam\u00e1bamos\ndeberes- ahora la maestra las env\u00eda v\u00eda WhatsApp u otra manera digital. Es lo\nque se est\u00e1 usando en tiempo de la \u201ccuarentena\u201d, como un procedimiento para que\nel ni\u00f1o siga aprendiendo \u2013 y los progenitores tambi\u00e9n-. No todos saben c\u00f3mo\ndesenvolverse. Una de las preguntas es \u00bfSirven las tareas como para que el\nalumno aprenda? \u00bfTodos los alumnos tienen el mismo acceso a la tecnolog\u00eda? Un porcentaje\nde la sociedad cree que es solamente una buena excusa de parte del gobierno,\ncomo para decir que no se habr\u00e1 perdido el a\u00f1o escolar a causa del aislamiento\nobligatorio y el cese de clases. En fin, la educaci\u00f3n y su metodolog\u00eda nunca\nfue de opini\u00f3n un\u00e1nime. Menos lo va a ser ahora. &nbsp;Tal vez, el otro proceso de intensa dificultad\nque se deber\u00e1 enfrentar, es cuando finalice la controvertida cuarentena. All\u00ed\nse sabr\u00e1n las duras consecuencias. Entre otras, cu\u00e1ntos progenitores ya no\npodr\u00e1n ya no podr\u00e1n enviar sus hijos a instituciones privadas. Pocos o muchos,\npero inexorablemente los habr\u00e1. &nbsp;El hecho\nes que la complejidad de la econom\u00eda actual, m\u00e1s la que nos dejar\u00e1 esta\nparalizaci\u00f3n de la matriz productiva del pa\u00eds y sus factores concomitantes,\nhabr\u00e1 destrozado infinidad de puestos laborales con su derivaci\u00f3n en los\nbolsillos. Ergo, el costro de la formaci\u00f3n del ni\u00f1o ser\u00e1 una adversidad de alta\ndiversidad. Complejidad que a\u00fan no forma parte de la &nbsp;preocupaci\u00f3n del colectivo social. &nbsp;Todo lo que se haya planificado anteriormente,\nes decir, a principio de a\u00f1o, hallar\u00e1 en este nuevo contexto, infinidad de familias\nque deber\u00e1n rever la continuidad o no de su ni\u00f1o en colegios privados, pagos.\nLos hay de cuotas de 2000 y otras hasta de 4000 pesos. Ni mencionar aquellas\nfamilias con m\u00e1s de un ni\u00f1o en edad escolar.<\/p>\n\n\n<p><strong>Disquisici\u00f3n\nde larga data, donde prima el bolsillo<\/strong><\/p>\n\n\n<p>Muy posiblemente, en los pr\u00f3ximos d\u00edas y, cuando la realidad\nnos choque de frente, se comiencen a despertar los pap\u00e1s-mam\u00e1s y comprendan que,\nentre sus aspiraciones, en darle lo mejor, o lo que consideran de mayor relevancia\nformacional a sus descendientes, tengan que salir corriendo hacia las escuelas\np\u00fablicas en la b\u00fasqueda de un banco. Muchos, posiblemente olvidaron, o ni se\nenteraron que, primero, en su mayor\u00eda, dichos colegios est\u00e1n desbordadas de\nestudiantes. Superadas largamente su capacidad de contenci\u00f3n. Otros, deber\u00e1n\nasumir que sus cr\u00edticas hacia la educaci\u00f3n p\u00fablica, quedar\u00e1 como un\nrazonamiento del pasado.&nbsp; El escenario de\nla verdad, suele ser cruel. Lo es. Esta situaci\u00f3n econ\u00f3mica con cientos o miles\nde trabajadores en la banquina, por el momento, no parece tener en su agenda\nesta tem\u00e1tica. La pregunta queda abierta \u00bf\u00a1Tendr\u00e1n lugar los colegios gratuitos\npara recibir a nuevos educandos!? O en todo caso, c\u00f3mo actuar\u00e1n los institutos\nprivados con aquellos padres que no puedan afrontar la cuota. La mayor\u00eda de \u00e9stas,\ncontinuaron cobrando a\u00fan en esta recesi\u00f3n obligatoria. Tampoco en esta \u00f3rbita,\nla educacional, la pandemia nos dejar\u00e1 indemnes. A muchos nada les modificar\u00e1\nen sus bolsillos, el continuar con sus hijos en lo \u201cprivado\u201d no acarrear\u00e1\ninconveniente alguno. No suceder\u00e1 lo mismo con aquellos a los que la impiadosa\ncuarentena lo conden\u00f3 a la b\u00fasqueda urgente de un nuevo quehacer. Al menos por\nun tiempo, la impuesta disquisici\u00f3n, entre ense\u00f1anza P\u00fablica y Privada, ser\u00e1\nobservada con la cara de la necesidad. <\/p>\n]]>\t\t","protected":false},"excerpt":{"rendered":"<p>\t\t\t\t<![CDATA[]]>\t\t<\/p>\n","protected":false},"author":5,"featured_media":16100,"comment_status":"open","ping_status":"open","sticky":false,"template":"","format":"standard","meta":{"site-sidebar-layout":"default","site-content-layout":"","ast-site-content-layout":"default","site-content-style":"default","site-sidebar-style":"default","ast-global-header-display":"","ast-banner-title-visibility":"","ast-main-header-display":"","ast-hfb-above-header-display":"","ast-hfb-below-header-display":"","ast-hfb-mobile-header-display":"","site-post-title":"","ast-breadcrumbs-content":"","ast-featured-img":"","footer-sml-layout":"","ast-disable-related-posts":"","theme-transparent-header-meta":"","adv-header-id-meta":"","stick-header-meta":"","header-above-stick-meta":"","header-main-stick-meta":"","header-below-stick-meta":"","astra-migrate-meta-layouts":"default","ast-page-background-enabled":"default","ast-page-background-meta":{"desktop":{"background-color":"","background-image":"","background-repeat":"repeat","background-position":"center center","background-size":"auto","background-attachment":"scroll","background-type":"","background-media":"","overlay-type":"","overlay-color":"","overlay-opacity":"","overlay-gradient":""},"tablet":{"background-color":"","background-image":"","background-repeat":"repeat","background-position":"center center","background-size":"auto","background-attachment":"scroll","background-type":"","background-media":"","overlay-type":"","overlay-color":"","overlay-opacity":"","overlay-gradient":""},"mobile":{"background-color":"","background-image":"","background-repeat":"repeat","background-position":"center center","background-size":"auto","background-attachment":"scroll","background-type":"","background-media":"","overlay-type":"","overlay-color":"","overlay-opacity":"","overlay-gradient":""}},"ast-content-background-meta":{"desktop":{"background-color":"var(--ast-global-color-5)","background-image":"","background-repeat":"repeat","background-position":"center center","background-size":"auto","background-attachment":"scroll","background-type":"","background-media":"","overlay-type":"","overlay-color":"","overlay-opacity":"","overlay-gradient":""},"tablet":{"background-color":"var(--ast-global-color-5)","background-image":"","background-repeat":"repeat","background-position":"center center","background-size":"auto","background-attachment":"scroll","background-type":"","background-media":"","overlay-type":"","overlay-color":"","overlay-opacity":"","overlay-gradient":""},"mobile":{"background-color":"var(--ast-global-color-5)","background-image":"","background-repeat":"repeat","background-position":"center center","background-size":"auto","background-attachment":"scroll","background-type":"","background-media":"","overlay-type":"","overlay-color":"","overlay-opacity":"","overlay-gradient":""}},"_jetpack_memberships_contains_paid_content":false,"_joinchat":[],"footnotes":""},"categories":[5],"tags":[],"class_list":["post-17804","post","type-post","status-publish","format-standard","has-post-thumbnail","hentry","category-sociedad"],"yoast_head":"<!-- This site is optimized with the Yoast SEO plugin v26.8 - https:\/\/yoast.com\/product\/yoast-seo-wordpress\/ -->\n<title>Educaci\u00f3n Privada o P\u00fablica. El rictus de la realidad, no perdona\u2026 - El Regional<\/title>\n<meta name=\"robots\" content=\"index, follow, max-snippet:-1, max-image-preview:large, max-video-preview:-1\" \/>\n<link rel=\"canonical\" href=\"http:\/\/elregionalvm.com.ar\/noticias-villa-maria\/educacion-privada-o-publica-el-rictus-de-la-realidad-no-perdona\/\" \/>\n<meta property=\"og:locale\" content=\"es_ES\" \/>\n<meta property=\"og:type\" content=\"article\" \/>\n<meta property=\"og:title\" content=\"Educaci\u00f3n Privada o P\u00fablica. El rictus de la realidad, no perdona\u2026 - El Regional\" \/>\n<meta property=\"og:url\" content=\"http:\/\/elregionalvm.com.ar\/noticias-villa-maria\/educacion-privada-o-publica-el-rictus-de-la-realidad-no-perdona\/\" \/>\n<meta property=\"og:site_name\" content=\"El Regional\" \/>\n<meta property=\"article:publisher\" content=\"https:\/\/www.facebook.com\/elregionalvm\" \/>\n<meta property=\"article:published_time\" content=\"2020-06-10T01:28:31+00:00\" \/>\n<meta property=\"article:modified_time\" content=\"2020-06-16T16:55:31+00:00\" \/>\n<meta name=\"author\" content=\"Miguel Andreis\" \/>\n<meta name=\"twitter:card\" content=\"summary_large_image\" \/>\n<meta name=\"twitter:creator\" content=\"@elregionalvm1\" \/>\n<meta name=\"twitter:site\" content=\"@elregionalvm1\" \/>\n<meta name=\"twitter:label1\" content=\"Escrito por\" \/>\n\t<meta name=\"twitter:data1\" content=\"Miguel Andreis\" \/>\n\t<meta name=\"twitter:label2\" content=\"Tiempo de lectura\" \/>\n\t<meta name=\"twitter:data2\" content=\"3 minutos\" \/>\n<script type=\"application\/ld+json\" class=\"yoast-schema-graph\">{\"@context\":\"https:\/\/schema.org\",\"@graph\":[{\"@type\":\"Article\",\"@id\":\"http:\/\/elregionalvm.com.ar\/noticias-villa-maria\/educacion-privada-o-publica-el-rictus-de-la-realidad-no-perdona\/#article\",\"isPartOf\":{\"@id\":\"http:\/\/elregionalvm.com.ar\/noticias-villa-maria\/educacion-privada-o-publica-el-rictus-de-la-realidad-no-perdona\/\"},\"author\":{\"name\":\"Miguel Andreis\",\"@id\":\"http:\/\/elregionalvm.com.ar\/noticias-villa-maria\/#\/schema\/person\/df5ff3f005acf29788aed9cb359f1193\"},\"headline\":\"Educaci\u00f3n Privada o P\u00fablica. El rictus de la realidad, no perdona\u2026\",\"datePublished\":\"2020-06-10T01:28:31+00:00\",\"dateModified\":\"2020-06-16T16:55:31+00:00\",\"mainEntityOfPage\":{\"@id\":\"http:\/\/elregionalvm.com.ar\/noticias-villa-maria\/educacion-privada-o-publica-el-rictus-de-la-realidad-no-perdona\/\"},\"wordCount\":660,\"commentCount\":0,\"image\":{\"@id\":\"http:\/\/elregionalvm.com.ar\/noticias-villa-maria\/educacion-privada-o-publica-el-rictus-de-la-realidad-no-perdona\/#primaryimage\"},\"thumbnailUrl\":\"\",\"articleSection\":[\"Sociedad\"],\"inLanguage\":\"es\",\"potentialAction\":[{\"@type\":\"CommentAction\",\"name\":\"Comment\",\"target\":[\"http:\/\/elregionalvm.com.ar\/noticias-villa-maria\/educacion-privada-o-publica-el-rictus-de-la-realidad-no-perdona\/#respond\"]}]},{\"@type\":\"WebPage\",\"@id\":\"http:\/\/elregionalvm.com.ar\/noticias-villa-maria\/educacion-privada-o-publica-el-rictus-de-la-realidad-no-perdona\/\",\"url\":\"http:\/\/elregionalvm.com.ar\/noticias-villa-maria\/educacion-privada-o-publica-el-rictus-de-la-realidad-no-perdona\/\",\"name\":\"Educaci\u00f3n Privada o P\u00fablica. El rictus de la realidad, no perdona\u2026 - El Regional\",\"isPartOf\":{\"@id\":\"http:\/\/elregionalvm.com.ar\/noticias-villa-maria\/#website\"},\"primaryImageOfPage\":{\"@id\":\"http:\/\/elregionalvm.com.ar\/noticias-villa-maria\/educacion-privada-o-publica-el-rictus-de-la-realidad-no-perdona\/#primaryimage\"},\"image\":{\"@id\":\"http:\/\/elregionalvm.com.ar\/noticias-villa-maria\/educacion-privada-o-publica-el-rictus-de-la-realidad-no-perdona\/#primaryimage\"},\"thumbnailUrl\":\"\",\"datePublished\":\"2020-06-10T01:28:31+00:00\",\"dateModified\":\"2020-06-16T16:55:31+00:00\",\"author\":{\"@id\":\"http:\/\/elregionalvm.com.ar\/noticias-villa-maria\/#\/schema\/person\/df5ff3f005acf29788aed9cb359f1193\"},\"breadcrumb\":{\"@id\":\"http:\/\/elregionalvm.com.ar\/noticias-villa-maria\/educacion-privada-o-publica-el-rictus-de-la-realidad-no-perdona\/#breadcrumb\"},\"inLanguage\":\"es\",\"potentialAction\":[{\"@type\":\"ReadAction\",\"target\":[\"http:\/\/elregionalvm.com.ar\/noticias-villa-maria\/educacion-privada-o-publica-el-rictus-de-la-realidad-no-perdona\/\"]}]},{\"@type\":\"ImageObject\",\"inLanguage\":\"es\",\"@id\":\"http:\/\/elregionalvm.com.ar\/noticias-villa-maria\/educacion-privada-o-publica-el-rictus-de-la-realidad-no-perdona\/#primaryimage\",\"url\":\"\",\"contentUrl\":\"\"},{\"@type\":\"BreadcrumbList\",\"@id\":\"http:\/\/elregionalvm.com.ar\/noticias-villa-maria\/educacion-privada-o-publica-el-rictus-de-la-realidad-no-perdona\/#breadcrumb\",\"itemListElement\":[{\"@type\":\"ListItem\",\"position\":1,\"name\":\"Portada\",\"item\":\"https:\/\/elregionalvm.com.ar\/noticias-villa-maria\/\"},{\"@type\":\"ListItem\",\"position\":2,\"name\":\"Educaci\u00f3n Privada o P\u00fablica. El rictus de la realidad, no perdona\u2026\"}]},{\"@type\":\"WebSite\",\"@id\":\"http:\/\/elregionalvm.com.ar\/noticias-villa-maria\/#website\",\"url\":\"http:\/\/elregionalvm.com.ar\/noticias-villa-maria\/\",\"name\":\"El Regional\",\"description\":\"Mucho m\u00e1s que informaci\u00f3n\",\"potentialAction\":[{\"@type\":\"SearchAction\",\"target\":{\"@type\":\"EntryPoint\",\"urlTemplate\":\"http:\/\/elregionalvm.com.ar\/noticias-villa-maria\/?s={search_term_string}\"},\"query-input\":{\"@type\":\"PropertyValueSpecification\",\"valueRequired\":true,\"valueName\":\"search_term_string\"}}],\"inLanguage\":\"es\"},{\"@type\":\"Person\",\"@id\":\"http:\/\/elregionalvm.com.ar\/noticias-villa-maria\/#\/schema\/person\/df5ff3f005acf29788aed9cb359f1193\",\"name\":\"Miguel Andreis\",\"image\":{\"@type\":\"ImageObject\",\"inLanguage\":\"es\",\"@id\":\"http:\/\/elregionalvm.com.ar\/noticias-villa-maria\/#\/schema\/person\/image\/\",\"url\":\"https:\/\/secure.gravatar.com\/avatar\/c643381cd03da38327c6407e6886e7182d881f2ecf94a7902ca262c41f9d8884?s=96&d=mm&r=g\",\"contentUrl\":\"https:\/\/secure.gravatar.com\/avatar\/c643381cd03da38327c6407e6886e7182d881f2ecf94a7902ca262c41f9d8884?s=96&d=mm&r=g\",\"caption\":\"Miguel Andreis\"},\"url\":\"https:\/\/elregionalvm.com.ar\/noticias-villa-maria\/author\/miguelandreis\/\"}]}<\/script>\n<!-- \/ Yoast SEO plugin. -->","yoast_head_json":{"title":"Educaci\u00f3n Privada o P\u00fablica. El rictus de la realidad, no perdona\u2026 - El Regional","robots":{"index":"index","follow":"follow","max-snippet":"max-snippet:-1","max-image-preview":"max-image-preview:large","max-video-preview":"max-video-preview:-1"},"canonical":"http:\/\/elregionalvm.com.ar\/noticias-villa-maria\/educacion-privada-o-publica-el-rictus-de-la-realidad-no-perdona\/","og_locale":"es_ES","og_type":"article","og_title":"Educaci\u00f3n Privada o P\u00fablica. El rictus de la realidad, no perdona\u2026 - El Regional","og_url":"http:\/\/elregionalvm.com.ar\/noticias-villa-maria\/educacion-privada-o-publica-el-rictus-de-la-realidad-no-perdona\/","og_site_name":"El Regional","article_publisher":"https:\/\/www.facebook.com\/elregionalvm","article_published_time":"2020-06-10T01:28:31+00:00","article_modified_time":"2020-06-16T16:55:31+00:00","author":"Miguel Andreis","twitter_card":"summary_large_image","twitter_creator":"@elregionalvm1","twitter_site":"@elregionalvm1","twitter_misc":{"Escrito por":"Miguel Andreis","Tiempo de lectura":"3 minutos"},"schema":{"@context":"https:\/\/schema.org","@graph":[{"@type":"Article","@id":"http:\/\/elregionalvm.com.ar\/noticias-villa-maria\/educacion-privada-o-publica-el-rictus-de-la-realidad-no-perdona\/#article","isPartOf":{"@id":"http:\/\/elregionalvm.com.ar\/noticias-villa-maria\/educacion-privada-o-publica-el-rictus-de-la-realidad-no-perdona\/"},"author":{"name":"Miguel Andreis","@id":"http:\/\/elregionalvm.com.ar\/noticias-villa-maria\/#\/schema\/person\/df5ff3f005acf29788aed9cb359f1193"},"headline":"Educaci\u00f3n Privada o P\u00fablica. El rictus de la realidad, no perdona\u2026","datePublished":"2020-06-10T01:28:31+00:00","dateModified":"2020-06-16T16:55:31+00:00","mainEntityOfPage":{"@id":"http:\/\/elregionalvm.com.ar\/noticias-villa-maria\/educacion-privada-o-publica-el-rictus-de-la-realidad-no-perdona\/"},"wordCount":660,"commentCount":0,"image":{"@id":"http:\/\/elregionalvm.com.ar\/noticias-villa-maria\/educacion-privada-o-publica-el-rictus-de-la-realidad-no-perdona\/#primaryimage"},"thumbnailUrl":"","articleSection":["Sociedad"],"inLanguage":"es","potentialAction":[{"@type":"CommentAction","name":"Comment","target":["http:\/\/elregionalvm.com.ar\/noticias-villa-maria\/educacion-privada-o-publica-el-rictus-de-la-realidad-no-perdona\/#respond"]}]},{"@type":"WebPage","@id":"http:\/\/elregionalvm.com.ar\/noticias-villa-maria\/educacion-privada-o-publica-el-rictus-de-la-realidad-no-perdona\/","url":"http:\/\/elregionalvm.com.ar\/noticias-villa-maria\/educacion-privada-o-publica-el-rictus-de-la-realidad-no-perdona\/","name":"Educaci\u00f3n Privada o P\u00fablica. El rictus de la realidad, no perdona\u2026 - El Regional","isPartOf":{"@id":"http:\/\/elregionalvm.com.ar\/noticias-villa-maria\/#website"},"primaryImageOfPage":{"@id":"http:\/\/elregionalvm.com.ar\/noticias-villa-maria\/educacion-privada-o-publica-el-rictus-de-la-realidad-no-perdona\/#primaryimage"},"image":{"@id":"http:\/\/elregionalvm.com.ar\/noticias-villa-maria\/educacion-privada-o-publica-el-rictus-de-la-realidad-no-perdona\/#primaryimage"},"thumbnailUrl":"","datePublished":"2020-06-10T01:28:31+00:00","dateModified":"2020-06-16T16:55:31+00:00","author":{"@id":"http:\/\/elregionalvm.com.ar\/noticias-villa-maria\/#\/schema\/person\/df5ff3f005acf29788aed9cb359f1193"},"breadcrumb":{"@id":"http:\/\/elregionalvm.com.ar\/noticias-villa-maria\/educacion-privada-o-publica-el-rictus-de-la-realidad-no-perdona\/#breadcrumb"},"inLanguage":"es","potentialAction":[{"@type":"ReadAction","target":["http:\/\/elregionalvm.com.ar\/noticias-villa-maria\/educacion-privada-o-publica-el-rictus-de-la-realidad-no-perdona\/"]}]},{"@type":"ImageObject","inLanguage":"es","@id":"http:\/\/elregionalvm.com.ar\/noticias-villa-maria\/educacion-privada-o-publica-el-rictus-de-la-realidad-no-perdona\/#primaryimage","url":"","contentUrl":""},{"@type":"BreadcrumbList","@id":"http:\/\/elregionalvm.com.ar\/noticias-villa-maria\/educacion-privada-o-publica-el-rictus-de-la-realidad-no-perdona\/#breadcrumb","itemListElement":[{"@type":"ListItem","position":1,"name":"Portada","item":"https:\/\/elregionalvm.com.ar\/noticias-villa-maria\/"},{"@type":"ListItem","position":2,"name":"Educaci\u00f3n Privada o P\u00fablica. El rictus de la realidad, no perdona\u2026"}]},{"@type":"WebSite","@id":"http:\/\/elregionalvm.com.ar\/noticias-villa-maria\/#website","url":"http:\/\/elregionalvm.com.ar\/noticias-villa-maria\/","name":"El Regional","description":"Mucho m\u00e1s que informaci\u00f3n","potentialAction":[{"@type":"SearchAction","target":{"@type":"EntryPoint","urlTemplate":"http:\/\/elregionalvm.com.ar\/noticias-villa-maria\/?s={search_term_string}"},"query-input":{"@type":"PropertyValueSpecification","valueRequired":true,"valueName":"search_term_string"}}],"inLanguage":"es"},{"@type":"Person","@id":"http:\/\/elregionalvm.com.ar\/noticias-villa-maria\/#\/schema\/person\/df5ff3f005acf29788aed9cb359f1193","name":"Miguel Andreis","image":{"@type":"ImageObject","inLanguage":"es","@id":"http:\/\/elregionalvm.com.ar\/noticias-villa-maria\/#\/schema\/person\/image\/","url":"https:\/\/secure.gravatar.com\/avatar\/c643381cd03da38327c6407e6886e7182d881f2ecf94a7902ca262c41f9d8884?s=96&d=mm&r=g","contentUrl":"https:\/\/secure.gravatar.com\/avatar\/c643381cd03da38327c6407e6886e7182d881f2ecf94a7902ca262c41f9d8884?s=96&d=mm&r=g","caption":"Miguel Andreis"},"url":"https:\/\/elregionalvm.com.ar\/noticias-villa-maria\/author\/miguelandreis\/"}]}},"jetpack_featured_media_url":"","jetpack_sharing_enabled":true,"_links":{"self":[{"href":"https:\/\/elregionalvm.com.ar\/noticias-villa-maria\/wp-json\/wp\/v2\/posts\/17804","targetHints":{"allow":["GET"]}}],"collection":[{"href":"https:\/\/elregionalvm.com.ar\/noticias-villa-maria\/wp-json\/wp\/v2\/posts"}],"about":[{"href":"https:\/\/elregionalvm.com.ar\/noticias-villa-maria\/wp-json\/wp\/v2\/types\/post"}],"author":[{"embeddable":true,"href":"https:\/\/elregionalvm.com.ar\/noticias-villa-maria\/wp-json\/wp\/v2\/users\/5"}],"replies":[{"embeddable":true,"href":"https:\/\/elregionalvm.com.ar\/noticias-villa-maria\/wp-json\/wp\/v2\/comments?post=17804"}],"version-history":[{"count":1,"href":"https:\/\/elregionalvm.com.ar\/noticias-villa-maria\/wp-json\/wp\/v2\/posts\/17804\/revisions"}],"predecessor-version":[{"id":18074,"href":"https:\/\/elregionalvm.com.ar\/noticias-villa-maria\/wp-json\/wp\/v2\/posts\/17804\/revisions\/18074"}],"wp:featuredmedia":[{"embeddable":true,"href":"https:\/\/elregionalvm.com.ar\/noticias-villa-maria\/wp-json\/"}],"wp:attachment":[{"href":"https:\/\/elregionalvm.com.ar\/noticias-villa-maria\/wp-json\/wp\/v2\/media?parent=17804"}],"wp:term":[{"taxonomy":"category","embeddable":true,"href":"https:\/\/elregionalvm.com.ar\/noticias-villa-maria\/wp-json\/wp\/v2\/categories?post=17804"},{"taxonomy":"post_tag","embeddable":true,"href":"https:\/\/elregionalvm.com.ar\/noticias-villa-maria\/wp-json\/wp\/v2\/tags?post=17804"}],"curies":[{"name":"wp","href":"https:\/\/api.w.org\/{rel}","templated":true}]}}