{"id":17807,"date":"2020-06-11T01:21:36","date_gmt":"2020-06-11T01:21:36","guid":{"rendered":"http:\/\/www.elregionalvm.com.ar\/?p=16110"},"modified":"2020-06-16T16:51:10","modified_gmt":"2020-06-16T16:51:10","slug":"memorias-de-una-argentina-de-los-anos-30","status":"publish","type":"post","link":"https:\/\/elregionalvm.com.ar\/noticias-villa-maria\/memorias-de-una-argentina-de-los-anos-30\/","title":{"rendered":"Memorias de una Argentina  de los a\u00f1os 30\u2026"},"content":{"rendered":"<p><!--[CDATA[\n<\/p--><\/p>\n\n\n<p><strong>\u00bfTe acord\u00e1s,\nhermano?<\/strong><\/p>\n\n\n\n<p><strong>Escribe: JULIO A. BEN\u00cdTEZ \u2013<\/strong><\/p>\n\n\n\n<p><strong> <\/strong>De la Edici\u00f3n\nEspecial del Diario \u201cHeraldo\u201d&nbsp; del 25 de\ndiciembre de 1939, &nbsp;de un extenso texto hemos\nresumido que: \u201cLa\n Rep\u00fablica Argentina forma parte de una unidad geogr\u00e1fica que\nen el norte rebalsa el tr\u00f3pico de Capricornio; al sud se agudiza en la uni\u00f3n de\nlos dos oc\u00e9anos; al oeste hurga el cielo con los pinachos m\u00e1s elevados de la\ncordillera andina y al este, en suave declive, besa las risue\u00f1as m\u00e1rgenes del\nUruguay, se ahonda en las arenosas playas del R\u00edo de la Plata y amortigua las\nbroncas marejadas del Atl\u00e1ntico. <\/p>\n\n\n\n<p>Dentro de su\nterritorio se desenvuelve un mundo en peque\u00f1o, con regiones subtropicales,\ncubiertas de esteros y de bosques; pampas inmensas cuyo clima templado apenas\nvitaliza arbustos y pastizales, pero que el hombre con la canci\u00f3n promisoria\ndel arado transform\u00f3 en el \u00e1ureo mar ondulante de los trigales; estepas\nmilagrosas de fr\u00edo, donde el h\u00e1lito de la mansa oveja sube verticalmente como\nuna columnita de humo y contrafuertes cordilleranos, en cuya tierra pedregosa\nla vid se arraiga. Un mundo, relativamente peque\u00f1o, donde podr\u00eda vivir un\npueblo feliz.<\/p>\n\n\n\n<p>DESNUDANDO UN PA\u00cdS DEL PASADO<\/p>\n\n\n\n<p>Con una superficie\nde 2.792.713\n kil\u00f3metros cuadrados, con 13 millones de habitantes\n(aunque oficialmente no est\u00e1 aceptado, ser\u00edan 500.000 las personas carecientes\nde medios b\u00e1sicos para su subsistencia, 3,84 %) &nbsp;podr\u00eda cobijar con holgura a m\u00e1s de 50.000.000\nde personas. Seg\u00fan c\u00e1lculos &nbsp;oficiales,\nel 75% de la tierra apta para el cultivo y la ganader\u00eda est\u00e1 en manos de 21.231\npropietarios que son due\u00f1os de 5.055 hect\u00e1reas cada uno, t\u00e9rmino medio. Hay\nterratenientes cuyos fundos cubren un \u00e1rea mayor que algunas naciones &nbsp;europeas, como por ejemplo, la familia \u00c1lzaga\nUnzu\u00e9, que solo en la provincia de Buenos Aires posee 411.938 hect\u00e1reas.\nNuestra poblaci\u00f3n, en la que predomina el elemento europeo, sigue movimientos\nque emanan de Buenos Aires, que mira a Europa con admiraci\u00f3n; palacios\nmajestuosos se alinean en sus avenidas, tipo parisinas. Sin embargo, los\ns\u00f3rdidos conventillos, hacinados de personas, pululan muy cerca de su centro\ngeogr\u00e1fico.<\/p>\n\n\n\n<p>La D\u00e9cada infame<\/p>\n\n\n\n<p>Nuestra rep\u00fablica\ntiene posibilidades de producci\u00f3n incalculables, ya que la superficie apta para\nagricultura y ganader\u00eda, en un c\u00e1lculo muy ajustado, llega a 175 millones de\nhect\u00e1reas; sin embargo lo aprovechable, hasta hoy, es exiguo, en comparaci\u00f3n\ncon otros pa\u00edses, que, como en Italia, alcanza al 75% de su aprovechamiento\ntotal. La regi\u00f3n pampeana, a la que Herber Hoover denomin\u00f3 como \u201cel granero del\nmundo\u201d, seg\u00fan el \u00faltimo Censo Agropecuario, arroja 18.956.447 hect\u00e1reas\npara el cultivo de cereales (un poco m\u00e1s del 10% de lo que se estima como\ncampos productivos) trabajadas por&nbsp;\n164.871 propietarios y 197.174 arrendatarios. Cada .regi\u00f3n, que\ncomprende en algunos casos a dos o m\u00e1s provincias, por su ubicaci\u00f3n en el\ncontexto de temperaturas, lluvias, etc., produce, adem\u00e1s de trigo, ma\u00edz, lino,\navena, cebada, etc., etc., y otros importantes suministros e insumos para el\nconsumo interno y para la exportaci\u00f3n.<\/p>\n\n\n\n<p>CANTIDAD DE\nEMPLEADOS P\u00daBLICOS<\/p>\n\n\n\n<p>Pero es en el reino\nanimal donde nuestro pa\u00eds es casi fabuloso, seg\u00fan el \u00faltimo censo, ya que la\nexistencia de animales arroja las siguientes cantidades: Ganado vacuno\n33.100.512 cabezas (un promedio de 2.55 de cabezas por habitante); ganado lanar\n43.379.166 y porcinos 3.975.716 cabezas. Para desplazar esta enorme riqueza, la Rep\u00fablica Argentina\nest\u00e1 cruzada en todas direcciones por 44.176 kil\u00f3metros\nde l\u00edneas f\u00e9rreas, la mayor\u00eda propiedades de capitales ingleses.<\/p>\n\n\n\n<p>Como se puede\napreciar, las fuentes de producci\u00f3n son notables, a las que le hace&nbsp; falta, solamente, &nbsp;movilizarse&nbsp;\ncient\u00edfica y socialmente para ser una naci\u00f3n inmensamente rica, pero,\ndesgraciadamente, somos un pueblo pobre, ya que el tipo representativo del argentino\nes el terrateniente, que convierte parte de sus feudos en estancias; la otra la\nda en locaci\u00f3n, cobrando arriendos leoninos. Su pasi\u00f3n favorita, y que la lleva\nen la sangre, es la pol\u00edtica. La industrializaci\u00f3n pecuaria no le interesa, los\nsaladeros, frigor\u00edficos, bodegas, ingenios son, en su gran mayor\u00eda, de\ncapitales extranjeros. Los agricultores, reducidos a una condici\u00f3n de siervos,\nno pueden defender sus cosechas y caen bajo las garras de las casas\nexportadoras extranjeras; los precios de los cereales y de la carne son fijados\nen Londres; una gran &nbsp;parte del presupuesto\nnacional es absorbido para atender el servicio de la deuda p\u00fablica, como el del\na\u00f1o 1938, &nbsp;m$n 959.177.926 de los cuales\nse destinaron &nbsp;para sueldos y jornales\nm$n 464.035.762 (48.38% del total) y el saldo para educaci\u00f3n, salud y otros\ngastos.<\/p>\n\n\n\n<p>LA DECADENCIA QUE\nSOBREVINO<\/p>\n\n\n\n<p>La naci\u00f3n ocupa a\n141.289 empleados (uno cada 92 habitantes). Ahora bien, si tenemos en cuenta\nque existen 14 administraciones provinciales, a Argentina le pasar\u00e1 como al\nej\u00e9rcito colombiano\u2026 \u00a1Que lleg\u00f3 a tener m\u00e1s oficiales que soldados!<\/p>\n\n\n\n<p>Para terminar,\ndigamos que \u00fanicamente,&nbsp; tres hombres\nciviles argentinos intuyeron que, tarde o temprano,&nbsp; decaer\u00edamos econ\u00f3micamente y trataron de\nevitar esa situaci\u00f3n: Bernardino Rivadavia, que subdividi\u00f3 la tierra y dio propiedad\nprecaria sobre la misma, antiguo sistema originado en el Imperio Romano conocido\ncomo \u201cEnfiteusis\u201d. &nbsp;Domingo Faustino\nSarmiento, que quiso despertar la educaci\u00f3n, la inteligencia y la voluntad del\npueblo, con m\u00e1s escuelas, m\u00e1s ferrocarriles y m\u00e1s tel\u00e9grafos y Juan Bautista\nAlberdi, que clam\u00f3 para que &nbsp;la\ninmigraci\u00f3n fuera, en su mayor\u00eda, de origen anglosaj\u00f3n, para inculcarnos sus\nh\u00e1bitos de trabajo. La posteridad los ha inmortalizado en el m\u00e1rmol o en el\nbronce, pero hemos desechado sus pensamientos y, hoy, bajo el orgullo de\nnuestra argentinidad, nos escuece el &nbsp;hondo dolor de que no seamos due\u00f1os de nuestro\npropio destino\u201d.<\/p>\n\n\n<p>]]&gt;<\/p>","protected":false},"excerpt":{"rendered":"<p>\u00bfTe acord\u00e1s, hermano? Escribe: JULIO A. BEN\u00cdTEZ \u2013 De la Edici\u00f3n Especial del Diario \u201cHeraldo\u201d&nbsp; del 25 de diciembre de 1939, &nbsp;de un extenso texto hemos resumido que: \u201cLa Rep\u00fablica Argentina forma parte de una unidad geogr\u00e1fica que en el norte rebalsa el tr\u00f3pico de Capricornio; al sud se agudiza en la uni\u00f3n de los [&hellip;]<\/p>\n","protected":false},"author":5,"featured_media":16112,"comment_status":"open","ping_status":"open","sticky":false,"template":"","format":"standard","meta":{"site-sidebar-layout":"default","site-content-layout":"default","ast-site-content-layout":"default","site-content-style":"default","site-sidebar-style":"default","ast-global-header-display":"","ast-banner-title-visibility":"","ast-main-header-display":"","ast-hfb-above-header-display":"","ast-hfb-below-header-display":"","ast-hfb-mobile-header-display":"","site-post-title":"","ast-breadcrumbs-content":"","ast-featured-img":"","footer-sml-layout":"","ast-disable-related-posts":"","theme-transparent-header-meta":"default","adv-header-id-meta":"","stick-header-meta":"","header-above-stick-meta":"","header-main-stick-meta":"","header-below-stick-meta":"","astra-migrate-meta-layouts":"default","ast-page-background-enabled":"default","ast-page-background-meta":{"desktop":{"background-color":"","background-image":"","background-repeat":"repeat","background-position":"center center","background-size":"auto","background-attachment":"scroll","background-type":"","background-media":"","overlay-type":"","overlay-color":"","overlay-opacity":"","overlay-gradient":""},"tablet":{"background-color":"","background-image":"","background-repeat":"repeat","background-position":"center center","background-size":"auto","background-attachment":"scroll","background-type":"","background-media":"","overlay-type":"","overlay-color":"","overlay-opacity":"","overlay-gradient":""},"mobile":{"background-color":"","background-image":"","background-repeat":"repeat","background-position":"center center","background-size":"auto","background-attachment":"scroll","background-type":"","background-media":"","overlay-type":"","overlay-color":"","overlay-opacity":"","overlay-gradient":""}},"ast-content-background-meta":{"desktop":{"background-color":"var(--ast-global-color-5)","background-image":"","background-repeat":"repeat","background-position":"center center","background-size":"auto","background-attachment":"scroll","background-type":"","background-media":"","overlay-type":"","overlay-color":"","overlay-opacity":"","overlay-gradient":""},"tablet":{"background-color":"var(--ast-global-color-5)","background-image":"","background-repeat":"repeat","background-position":"center center","background-size":"auto","background-attachment":"scroll","background-type":"","background-media":"","overlay-type":"","overlay-color":"","overlay-opacity":"","overlay-gradient":""},"mobile":{"background-color":"var(--ast-global-color-5)","background-image":"","background-repeat":"repeat","background-position":"center center","background-size":"auto","background-attachment":"scroll","background-type":"","background-media":"","overlay-type":"","overlay-color":"","overlay-opacity":"","overlay-gradient":""}},"_jetpack_memberships_contains_paid_content":false,"_joinchat":[],"footnotes":""},"categories":[2098],"tags":[],"class_list":["post-17807","post","type-post","status-publish","format-standard","has-post-thumbnail","hentry","category-historias"],"yoast_head":"<!-- This site is optimized with the Yoast SEO plugin v26.8 - https:\/\/yoast.com\/product\/yoast-seo-wordpress\/ -->\n<title>Memorias de una Argentina de los a\u00f1os 30\u2026 - El Regional<\/title>\n<meta name=\"robots\" content=\"index, follow, max-snippet:-1, max-image-preview:large, max-video-preview:-1\" \/>\n<link rel=\"canonical\" href=\"http:\/\/elregionalvm.com.ar\/noticias-villa-maria\/memorias-de-una-argentina-de-los-anos-30\/\" \/>\n<meta property=\"og:locale\" content=\"es_ES\" \/>\n<meta property=\"og:type\" content=\"article\" \/>\n<meta property=\"og:title\" content=\"Memorias de una Argentina de los a\u00f1os 30\u2026 - El Regional\" \/>\n<meta property=\"og:description\" content=\"\u00bfTe acord\u00e1s, hermano? Escribe: JULIO A. BEN\u00cdTEZ \u2013 De la Edici\u00f3n Especial del Diario \u201cHeraldo\u201d&nbsp; del 25 de diciembre de 1939, &nbsp;de un extenso texto hemos resumido que: \u201cLa Rep\u00fablica Argentina forma parte de una unidad geogr\u00e1fica que en el norte rebalsa el tr\u00f3pico de Capricornio; al sud se agudiza en la uni\u00f3n de los [&hellip;]\" \/>\n<meta property=\"og:url\" content=\"http:\/\/elregionalvm.com.ar\/noticias-villa-maria\/memorias-de-una-argentina-de-los-anos-30\/\" \/>\n<meta property=\"og:site_name\" content=\"El Regional\" \/>\n<meta property=\"article:publisher\" content=\"https:\/\/www.facebook.com\/elregionalvm\" \/>\n<meta property=\"article:published_time\" content=\"2020-06-11T01:21:36+00:00\" \/>\n<meta property=\"article:modified_time\" content=\"2020-06-16T16:51:10+00:00\" \/>\n<meta name=\"author\" content=\"Miguel Andreis\" \/>\n<meta name=\"twitter:card\" content=\"summary_large_image\" \/>\n<meta name=\"twitter:creator\" content=\"@elregionalvm1\" \/>\n<meta name=\"twitter:site\" content=\"@elregionalvm1\" \/>\n<meta name=\"twitter:label1\" content=\"Escrito por\" \/>\n\t<meta name=\"twitter:data1\" content=\"Miguel Andreis\" \/>\n\t<meta name=\"twitter:label2\" content=\"Tiempo de lectura\" \/>\n\t<meta name=\"twitter:data2\" content=\"5 minutos\" \/>\n<script type=\"application\/ld+json\" class=\"yoast-schema-graph\">{\"@context\":\"https:\/\/schema.org\",\"@graph\":[{\"@type\":\"Article\",\"@id\":\"http:\/\/elregionalvm.com.ar\/noticias-villa-maria\/memorias-de-una-argentina-de-los-anos-30\/#article\",\"isPartOf\":{\"@id\":\"http:\/\/elregionalvm.com.ar\/noticias-villa-maria\/memorias-de-una-argentina-de-los-anos-30\/\"},\"author\":{\"name\":\"Miguel Andreis\",\"@id\":\"http:\/\/elregionalvm.com.ar\/noticias-villa-maria\/#\/schema\/person\/df5ff3f005acf29788aed9cb359f1193\"},\"headline\":\"Memorias de una Argentina de los a\u00f1os 30\u2026\",\"datePublished\":\"2020-06-11T01:21:36+00:00\",\"dateModified\":\"2020-06-16T16:51:10+00:00\",\"mainEntityOfPage\":{\"@id\":\"http:\/\/elregionalvm.com.ar\/noticias-villa-maria\/memorias-de-una-argentina-de-los-anos-30\/\"},\"wordCount\":995,\"commentCount\":5,\"image\":{\"@id\":\"http:\/\/elregionalvm.com.ar\/noticias-villa-maria\/memorias-de-una-argentina-de-los-anos-30\/#primaryimage\"},\"thumbnailUrl\":\"\",\"articleSection\":[\"Historias\"],\"inLanguage\":\"es\",\"potentialAction\":[{\"@type\":\"CommentAction\",\"name\":\"Comment\",\"target\":[\"http:\/\/elregionalvm.com.ar\/noticias-villa-maria\/memorias-de-una-argentina-de-los-anos-30\/#respond\"]}]},{\"@type\":\"WebPage\",\"@id\":\"http:\/\/elregionalvm.com.ar\/noticias-villa-maria\/memorias-de-una-argentina-de-los-anos-30\/\",\"url\":\"http:\/\/elregionalvm.com.ar\/noticias-villa-maria\/memorias-de-una-argentina-de-los-anos-30\/\",\"name\":\"Memorias de una Argentina de los a\u00f1os 30\u2026 - El Regional\",\"isPartOf\":{\"@id\":\"http:\/\/elregionalvm.com.ar\/noticias-villa-maria\/#website\"},\"primaryImageOfPage\":{\"@id\":\"http:\/\/elregionalvm.com.ar\/noticias-villa-maria\/memorias-de-una-argentina-de-los-anos-30\/#primaryimage\"},\"image\":{\"@id\":\"http:\/\/elregionalvm.com.ar\/noticias-villa-maria\/memorias-de-una-argentina-de-los-anos-30\/#primaryimage\"},\"thumbnailUrl\":\"\",\"datePublished\":\"2020-06-11T01:21:36+00:00\",\"dateModified\":\"2020-06-16T16:51:10+00:00\",\"author\":{\"@id\":\"http:\/\/elregionalvm.com.ar\/noticias-villa-maria\/#\/schema\/person\/df5ff3f005acf29788aed9cb359f1193\"},\"breadcrumb\":{\"@id\":\"http:\/\/elregionalvm.com.ar\/noticias-villa-maria\/memorias-de-una-argentina-de-los-anos-30\/#breadcrumb\"},\"inLanguage\":\"es\",\"potentialAction\":[{\"@type\":\"ReadAction\",\"target\":[\"http:\/\/elregionalvm.com.ar\/noticias-villa-maria\/memorias-de-una-argentina-de-los-anos-30\/\"]}]},{\"@type\":\"ImageObject\",\"inLanguage\":\"es\",\"@id\":\"http:\/\/elregionalvm.com.ar\/noticias-villa-maria\/memorias-de-una-argentina-de-los-anos-30\/#primaryimage\",\"url\":\"\",\"contentUrl\":\"\"},{\"@type\":\"BreadcrumbList\",\"@id\":\"http:\/\/elregionalvm.com.ar\/noticias-villa-maria\/memorias-de-una-argentina-de-los-anos-30\/#breadcrumb\",\"itemListElement\":[{\"@type\":\"ListItem\",\"position\":1,\"name\":\"Portada\",\"item\":\"https:\/\/elregionalvm.com.ar\/noticias-villa-maria\/\"},{\"@type\":\"ListItem\",\"position\":2,\"name\":\"Memorias de una Argentina de los a\u00f1os 30\u2026\"}]},{\"@type\":\"WebSite\",\"@id\":\"http:\/\/elregionalvm.com.ar\/noticias-villa-maria\/#website\",\"url\":\"http:\/\/elregionalvm.com.ar\/noticias-villa-maria\/\",\"name\":\"El Regional\",\"description\":\"Mucho m\u00e1s que informaci\u00f3n\",\"potentialAction\":[{\"@type\":\"SearchAction\",\"target\":{\"@type\":\"EntryPoint\",\"urlTemplate\":\"http:\/\/elregionalvm.com.ar\/noticias-villa-maria\/?s={search_term_string}\"},\"query-input\":{\"@type\":\"PropertyValueSpecification\",\"valueRequired\":true,\"valueName\":\"search_term_string\"}}],\"inLanguage\":\"es\"},{\"@type\":\"Person\",\"@id\":\"http:\/\/elregionalvm.com.ar\/noticias-villa-maria\/#\/schema\/person\/df5ff3f005acf29788aed9cb359f1193\",\"name\":\"Miguel Andreis\",\"image\":{\"@type\":\"ImageObject\",\"inLanguage\":\"es\",\"@id\":\"http:\/\/elregionalvm.com.ar\/noticias-villa-maria\/#\/schema\/person\/image\/\",\"url\":\"https:\/\/secure.gravatar.com\/avatar\/c643381cd03da38327c6407e6886e7182d881f2ecf94a7902ca262c41f9d8884?s=96&d=mm&r=g\",\"contentUrl\":\"https:\/\/secure.gravatar.com\/avatar\/c643381cd03da38327c6407e6886e7182d881f2ecf94a7902ca262c41f9d8884?s=96&d=mm&r=g\",\"caption\":\"Miguel Andreis\"},\"url\":\"https:\/\/elregionalvm.com.ar\/noticias-villa-maria\/author\/miguelandreis\/\"}]}<\/script>\n<!-- \/ Yoast SEO plugin. -->","yoast_head_json":{"title":"Memorias de una Argentina de los a\u00f1os 30\u2026 - El Regional","robots":{"index":"index","follow":"follow","max-snippet":"max-snippet:-1","max-image-preview":"max-image-preview:large","max-video-preview":"max-video-preview:-1"},"canonical":"http:\/\/elregionalvm.com.ar\/noticias-villa-maria\/memorias-de-una-argentina-de-los-anos-30\/","og_locale":"es_ES","og_type":"article","og_title":"Memorias de una Argentina de los a\u00f1os 30\u2026 - El Regional","og_description":"\u00bfTe acord\u00e1s, hermano? Escribe: JULIO A. BEN\u00cdTEZ \u2013 De la Edici\u00f3n Especial del Diario \u201cHeraldo\u201d&nbsp; del 25 de diciembre de 1939, &nbsp;de un extenso texto hemos resumido que: \u201cLa Rep\u00fablica Argentina forma parte de una unidad geogr\u00e1fica que en el norte rebalsa el tr\u00f3pico de Capricornio; al sud se agudiza en la uni\u00f3n de los [&hellip;]","og_url":"http:\/\/elregionalvm.com.ar\/noticias-villa-maria\/memorias-de-una-argentina-de-los-anos-30\/","og_site_name":"El Regional","article_publisher":"https:\/\/www.facebook.com\/elregionalvm","article_published_time":"2020-06-11T01:21:36+00:00","article_modified_time":"2020-06-16T16:51:10+00:00","author":"Miguel Andreis","twitter_card":"summary_large_image","twitter_creator":"@elregionalvm1","twitter_site":"@elregionalvm1","twitter_misc":{"Escrito por":"Miguel Andreis","Tiempo de lectura":"5 minutos"},"schema":{"@context":"https:\/\/schema.org","@graph":[{"@type":"Article","@id":"http:\/\/elregionalvm.com.ar\/noticias-villa-maria\/memorias-de-una-argentina-de-los-anos-30\/#article","isPartOf":{"@id":"http:\/\/elregionalvm.com.ar\/noticias-villa-maria\/memorias-de-una-argentina-de-los-anos-30\/"},"author":{"name":"Miguel Andreis","@id":"http:\/\/elregionalvm.com.ar\/noticias-villa-maria\/#\/schema\/person\/df5ff3f005acf29788aed9cb359f1193"},"headline":"Memorias de una Argentina de los a\u00f1os 30\u2026","datePublished":"2020-06-11T01:21:36+00:00","dateModified":"2020-06-16T16:51:10+00:00","mainEntityOfPage":{"@id":"http:\/\/elregionalvm.com.ar\/noticias-villa-maria\/memorias-de-una-argentina-de-los-anos-30\/"},"wordCount":995,"commentCount":5,"image":{"@id":"http:\/\/elregionalvm.com.ar\/noticias-villa-maria\/memorias-de-una-argentina-de-los-anos-30\/#primaryimage"},"thumbnailUrl":"","articleSection":["Historias"],"inLanguage":"es","potentialAction":[{"@type":"CommentAction","name":"Comment","target":["http:\/\/elregionalvm.com.ar\/noticias-villa-maria\/memorias-de-una-argentina-de-los-anos-30\/#respond"]}]},{"@type":"WebPage","@id":"http:\/\/elregionalvm.com.ar\/noticias-villa-maria\/memorias-de-una-argentina-de-los-anos-30\/","url":"http:\/\/elregionalvm.com.ar\/noticias-villa-maria\/memorias-de-una-argentina-de-los-anos-30\/","name":"Memorias de una Argentina de los a\u00f1os 30\u2026 - El Regional","isPartOf":{"@id":"http:\/\/elregionalvm.com.ar\/noticias-villa-maria\/#website"},"primaryImageOfPage":{"@id":"http:\/\/elregionalvm.com.ar\/noticias-villa-maria\/memorias-de-una-argentina-de-los-anos-30\/#primaryimage"},"image":{"@id":"http:\/\/elregionalvm.com.ar\/noticias-villa-maria\/memorias-de-una-argentina-de-los-anos-30\/#primaryimage"},"thumbnailUrl":"","datePublished":"2020-06-11T01:21:36+00:00","dateModified":"2020-06-16T16:51:10+00:00","author":{"@id":"http:\/\/elregionalvm.com.ar\/noticias-villa-maria\/#\/schema\/person\/df5ff3f005acf29788aed9cb359f1193"},"breadcrumb":{"@id":"http:\/\/elregionalvm.com.ar\/noticias-villa-maria\/memorias-de-una-argentina-de-los-anos-30\/#breadcrumb"},"inLanguage":"es","potentialAction":[{"@type":"ReadAction","target":["http:\/\/elregionalvm.com.ar\/noticias-villa-maria\/memorias-de-una-argentina-de-los-anos-30\/"]}]},{"@type":"ImageObject","inLanguage":"es","@id":"http:\/\/elregionalvm.com.ar\/noticias-villa-maria\/memorias-de-una-argentina-de-los-anos-30\/#primaryimage","url":"","contentUrl":""},{"@type":"BreadcrumbList","@id":"http:\/\/elregionalvm.com.ar\/noticias-villa-maria\/memorias-de-una-argentina-de-los-anos-30\/#breadcrumb","itemListElement":[{"@type":"ListItem","position":1,"name":"Portada","item":"https:\/\/elregionalvm.com.ar\/noticias-villa-maria\/"},{"@type":"ListItem","position":2,"name":"Memorias de una Argentina de los a\u00f1os 30\u2026"}]},{"@type":"WebSite","@id":"http:\/\/elregionalvm.com.ar\/noticias-villa-maria\/#website","url":"http:\/\/elregionalvm.com.ar\/noticias-villa-maria\/","name":"El Regional","description":"Mucho m\u00e1s que informaci\u00f3n","potentialAction":[{"@type":"SearchAction","target":{"@type":"EntryPoint","urlTemplate":"http:\/\/elregionalvm.com.ar\/noticias-villa-maria\/?s={search_term_string}"},"query-input":{"@type":"PropertyValueSpecification","valueRequired":true,"valueName":"search_term_string"}}],"inLanguage":"es"},{"@type":"Person","@id":"http:\/\/elregionalvm.com.ar\/noticias-villa-maria\/#\/schema\/person\/df5ff3f005acf29788aed9cb359f1193","name":"Miguel Andreis","image":{"@type":"ImageObject","inLanguage":"es","@id":"http:\/\/elregionalvm.com.ar\/noticias-villa-maria\/#\/schema\/person\/image\/","url":"https:\/\/secure.gravatar.com\/avatar\/c643381cd03da38327c6407e6886e7182d881f2ecf94a7902ca262c41f9d8884?s=96&d=mm&r=g","contentUrl":"https:\/\/secure.gravatar.com\/avatar\/c643381cd03da38327c6407e6886e7182d881f2ecf94a7902ca262c41f9d8884?s=96&d=mm&r=g","caption":"Miguel Andreis"},"url":"https:\/\/elregionalvm.com.ar\/noticias-villa-maria\/author\/miguelandreis\/"}]}},"jetpack_featured_media_url":"","jetpack_sharing_enabled":true,"_links":{"self":[{"href":"https:\/\/elregionalvm.com.ar\/noticias-villa-maria\/wp-json\/wp\/v2\/posts\/17807","targetHints":{"allow":["GET"]}}],"collection":[{"href":"https:\/\/elregionalvm.com.ar\/noticias-villa-maria\/wp-json\/wp\/v2\/posts"}],"about":[{"href":"https:\/\/elregionalvm.com.ar\/noticias-villa-maria\/wp-json\/wp\/v2\/types\/post"}],"author":[{"embeddable":true,"href":"https:\/\/elregionalvm.com.ar\/noticias-villa-maria\/wp-json\/wp\/v2\/users\/5"}],"replies":[{"embeddable":true,"href":"https:\/\/elregionalvm.com.ar\/noticias-villa-maria\/wp-json\/wp\/v2\/comments?post=17807"}],"version-history":[{"count":2,"href":"https:\/\/elregionalvm.com.ar\/noticias-villa-maria\/wp-json\/wp\/v2\/posts\/17807\/revisions"}],"predecessor-version":[{"id":18068,"href":"https:\/\/elregionalvm.com.ar\/noticias-villa-maria\/wp-json\/wp\/v2\/posts\/17807\/revisions\/18068"}],"wp:featuredmedia":[{"embeddable":true,"href":"https:\/\/elregionalvm.com.ar\/noticias-villa-maria\/wp-json\/"}],"wp:attachment":[{"href":"https:\/\/elregionalvm.com.ar\/noticias-villa-maria\/wp-json\/wp\/v2\/media?parent=17807"}],"wp:term":[{"taxonomy":"category","embeddable":true,"href":"https:\/\/elregionalvm.com.ar\/noticias-villa-maria\/wp-json\/wp\/v2\/categories?post=17807"},{"taxonomy":"post_tag","embeddable":true,"href":"https:\/\/elregionalvm.com.ar\/noticias-villa-maria\/wp-json\/wp\/v2\/tags?post=17807"}],"curies":[{"name":"wp","href":"https:\/\/api.w.org\/{rel}","templated":true}]}}