{"id":17810,"date":"2020-06-12T02:31:59","date_gmt":"2020-06-12T02:31:59","guid":{"rendered":"http:\/\/www.elregionalvm.com.ar\/?p=16122"},"modified":"2020-06-18T11:06:29","modified_gmt":"2020-06-18T11:06:29","slug":"etruria-nuevo-vehiculo-de-seguridad-ciudadana","status":"publish","type":"post","link":"https:\/\/elregionalvm.com.ar\/noticias-villa-maria\/etruria-nuevo-vehiculo-de-seguridad-ciudadana\/","title":{"rendered":"Etruria: nuevo veh\u00edculo de seguridad ciudadana"},"content":{"rendered":"<p><!--[CDATA[\n<\/p--><\/p>\n\n\n<p>La entrega fue realizada por dos ministros provinciales al intendente Maximiliano Andr\u00e9s.<\/p>\n\n\n\n<figure class=\"wp-block-embed-youtube wp-block-embed is-type-video is-provider-youtube wp-embed-aspect-16-9 wp-has-aspect-ratio\"><div class=\"wp-block-embed__wrapper\">\n<iframe title=\"Nuevos veh\u00edculos de seguridad ciudadana para el sur provincial\" width=\"500\" height=\"281\" src=\"https:\/\/www.youtube.com\/embed\/T6G34oQtGt0?feature=oembed\" frameborder=\"0\" allow=\"accelerometer; autoplay; clipboard-write; encrypted-media; gyroscope; picture-in-picture; web-share\" referrerpolicy=\"strict-origin-when-cross-origin\" allowfullscreen><\/iframe>\n<\/div><figcaption> <br><strong>Ministro de Seguridad, Alfonso Mosquera, da detalles de la entrega a municipios.<\/strong> <\/figcaption><\/figure>\n\n\n\n<p>El municipio de Etruria recibi\u00f3 un veh\u00edculo de seguridad ciudadana, en el marco del Plan Integral de Seguridad Ciudadana y Prevenci\u00f3n del Delito <br>del gobierno provincial  <\/p>\n\n\n\n<p>La cesi\u00f3n fue realizada por los ministros de Seguridad, Alfonso Mosquera, y de Gobierno, Facundo Torres, al intendente Maximiliano Andr\u00e9s (foto). Ambos funcionarios provinciales tambi\u00e9n hicieron lo propio en otras dos localidades del sur provincial, Ucacha y Las Acequias. <\/p>\n\n\n\n<p>El veh\u00edculo recibido forma parte de los 40 rodados 0 km\nequipados con luces de emergencias y vidrios antivand\u00e1licos que present\u00f3 tiempo\natr\u00e1s el gobernador Juan Schiaretti. <\/p>\n\n\n\n<p>\u201cEn materia de prevenci\u00f3n tenemos que estar todos, absoluta\ny monol\u00edticamente unidos. El delito no distingue ideolog\u00edas pol\u00edticas ni\nposicionamientos personales, y en ese sentido trabajamos\u201d, expres\u00f3 el ministro\nMosquera. <\/p>\n\n\n<p>]]&gt;<\/p>","protected":false},"excerpt":{"rendered":"<p>La entrega fue realizada por dos ministros provinciales al intendente Maximiliano Andr\u00e9s. El municipio de Etruria recibi\u00f3 un veh\u00edculo de seguridad ciudadana, en el marco del Plan Integral de Seguridad Ciudadana y Prevenci\u00f3n del Delito del gobierno provincial La cesi\u00f3n fue realizada por los ministros de Seguridad, Alfonso Mosquera, y de Gobierno, Facundo Torres, al [&hellip;]<\/p>\n","protected":false},"author":6,"featured_media":18269,"comment_status":"open","ping_status":"open","sticky":false,"template":"","format":"standard","meta":{"site-sidebar-layout":"default","site-content-layout":"default","ast-site-content-layout":"default","site-content-style":"default","site-sidebar-style":"default","ast-global-header-display":"","ast-banner-title-visibility":"","ast-main-header-display":"","ast-hfb-above-header-display":"","ast-hfb-below-header-display":"","ast-hfb-mobile-header-display":"","site-post-title":"","ast-breadcrumbs-content":"","ast-featured-img":"","footer-sml-layout":"","ast-disable-related-posts":"","theme-transparent-header-meta":"default","adv-header-id-meta":"","stick-header-meta":"","header-above-stick-meta":"","header-main-stick-meta":"","header-below-stick-meta":"","astra-migrate-meta-layouts":"default","ast-page-background-enabled":"default","ast-page-background-meta":{"desktop":{"background-color":"","background-image":"","background-repeat":"repeat","background-position":"center center","background-size":"auto","background-attachment":"scroll","background-type":"","background-media":"","overlay-type":"","overlay-color":"","overlay-opacity":"","overlay-gradient":""},"tablet":{"background-color":"","background-image":"","background-repeat":"repeat","background-position":"center center","background-size":"auto","background-attachment":"scroll","background-type":"","background-media":"","overlay-type":"","overlay-color":"","overlay-opacity":"","overlay-gradient":""},"mobile":{"background-color":"","background-image":"","background-repeat":"repeat","background-position":"center center","background-size":"auto","background-attachment":"scroll","background-type":"","background-media":"","overlay-type":"","overlay-color":"","overlay-opacity":"","overlay-gradient":""}},"ast-content-background-meta":{"desktop":{"background-color":"var(--ast-global-color-5)","background-image":"","background-repeat":"repeat","background-position":"center center","background-size":"auto","background-attachment":"scroll","background-type":"","background-media":"","overlay-type":"","overlay-color":"","overlay-opacity":"","overlay-gradient":""},"tablet":{"background-color":"var(--ast-global-color-5)","background-image":"","background-repeat":"repeat","background-position":"center center","background-size":"auto","background-attachment":"scroll","background-type":"","background-media":"","overlay-type":"","overlay-color":"","overlay-opacity":"","overlay-gradient":""},"mobile":{"background-color":"var(--ast-global-color-5)","background-image":"","background-repeat":"repeat","background-position":"center center","background-size":"auto","background-attachment":"scroll","background-type":"","background-media":"","overlay-type":"","overlay-color":"","overlay-opacity":"","overlay-gradient":""}},"_jetpack_memberships_contains_paid_content":false,"_joinchat":[],"footnotes":""},"categories":[2091],"tags":[322,1096,2221,2222,1459,29,1081],"class_list":["post-17810","post","type-post","status-publish","format-standard","has-post-thumbnail","hentry","category-region","tag-cordoba","tag-etruria","tag-gobierno-provincial","tag-prevencion-del-delito","tag-region","tag-seguridad","tag-seguridad-ciudadana"],"yoast_head":"<!-- This site is optimized with the Yoast SEO plugin v26.8 - https:\/\/yoast.com\/product\/yoast-seo-wordpress\/ -->\n<title>Etruria: nuevo veh\u00edculo de seguridad ciudadana - El Regional<\/title>\n<meta name=\"robots\" content=\"index, follow, max-snippet:-1, max-image-preview:large, max-video-preview:-1\" \/>\n<link rel=\"canonical\" href=\"http:\/\/elregionalvm.com.ar\/noticias-villa-maria\/etruria-nuevo-vehiculo-de-seguridad-ciudadana\/\" \/>\n<meta property=\"og:locale\" content=\"es_ES\" \/>\n<meta property=\"og:type\" content=\"article\" \/>\n<meta property=\"og:title\" content=\"Etruria: nuevo veh\u00edculo de seguridad ciudadana - El Regional\" \/>\n<meta property=\"og:description\" content=\"La entrega fue realizada por dos ministros provinciales al intendente Maximiliano Andr\u00e9s. El municipio de Etruria recibi\u00f3 un veh\u00edculo de seguridad ciudadana, en el marco del Plan Integral de Seguridad Ciudadana y Prevenci\u00f3n del Delito del gobierno provincial La cesi\u00f3n fue realizada por los ministros de Seguridad, Alfonso Mosquera, y de Gobierno, Facundo Torres, al [&hellip;]\" \/>\n<meta property=\"og:url\" content=\"http:\/\/elregionalvm.com.ar\/noticias-villa-maria\/etruria-nuevo-vehiculo-de-seguridad-ciudadana\/\" \/>\n<meta property=\"og:site_name\" content=\"El Regional\" \/>\n<meta property=\"article:publisher\" content=\"https:\/\/www.facebook.com\/elregionalvm\" \/>\n<meta property=\"article:published_time\" content=\"2020-06-12T02:31:59+00:00\" \/>\n<meta property=\"article:modified_time\" content=\"2020-06-18T11:06:29+00:00\" \/>\n<meta property=\"og:image\" content=\"http:\/\/elregionalvm.com.ar\/noticias-villa-maria\/wp-content\/uploads\/2020\/06\/Etruria-entrega-de-m\u00f3vil-policial-2020-730x485-1.jpg\" \/>\n\t<meta property=\"og:image:width\" content=\"730\" \/>\n\t<meta property=\"og:image:height\" content=\"485\" \/>\n\t<meta property=\"og:image:type\" content=\"image\/jpeg\" \/>\n<meta name=\"author\" content=\"Germ\u00e1n Giacchero\" \/>\n<meta name=\"twitter:card\" content=\"summary_large_image\" \/>\n<meta name=\"twitter:creator\" content=\"@elregionalvm1\" \/>\n<meta name=\"twitter:site\" content=\"@elregionalvm1\" \/>\n<meta name=\"twitter:label1\" content=\"Escrito por\" \/>\n\t<meta name=\"twitter:data1\" content=\"Germ\u00e1n Giacchero\" \/>\n\t<meta name=\"twitter:label2\" content=\"Tiempo de lectura\" \/>\n\t<meta name=\"twitter:data2\" content=\"1 minuto\" \/>\n<script type=\"application\/ld+json\" class=\"yoast-schema-graph\">{\"@context\":\"https:\/\/schema.org\",\"@graph\":[{\"@type\":\"Article\",\"@id\":\"http:\/\/elregionalvm.com.ar\/noticias-villa-maria\/etruria-nuevo-vehiculo-de-seguridad-ciudadana\/#article\",\"isPartOf\":{\"@id\":\"http:\/\/elregionalvm.com.ar\/noticias-villa-maria\/etruria-nuevo-vehiculo-de-seguridad-ciudadana\/\"},\"author\":{\"name\":\"Germ\u00e1n Giacchero\",\"@id\":\"http:\/\/elregionalvm.com.ar\/noticias-villa-maria\/#\/schema\/person\/d5e4b04966154131701e52c45d3efec9\"},\"headline\":\"Etruria: nuevo veh\u00edculo de seguridad ciudadana\",\"datePublished\":\"2020-06-12T02:31:59+00:00\",\"dateModified\":\"2020-06-18T11:06:29+00:00\",\"mainEntityOfPage\":{\"@id\":\"http:\/\/elregionalvm.com.ar\/noticias-villa-maria\/etruria-nuevo-vehiculo-de-seguridad-ciudadana\/\"},\"wordCount\":171,\"commentCount\":0,\"image\":{\"@id\":\"http:\/\/elregionalvm.com.ar\/noticias-villa-maria\/etruria-nuevo-vehiculo-de-seguridad-ciudadana\/#primaryimage\"},\"thumbnailUrl\":\"https:\/\/i0.wp.com\/elregionalvm.com.ar\/noticias-villa-maria\/wp-content\/uploads\/2020\/06\/Etruria-entrega-de-m%C3%B3vil-policial-2020-730x485-1.jpg?fit=730%2C485&ssl=1\",\"keywords\":[\"c\u00f3rdoba\",\"Etruria\",\"Gobierno provincial\",\"Prevenci\u00f3n del delito\",\"Regi\u00f3n\",\"seguridad\",\"seguridad ciudadana\"],\"articleSection\":[\"Regi\u00f3n\"],\"inLanguage\":\"es\",\"potentialAction\":[{\"@type\":\"CommentAction\",\"name\":\"Comment\",\"target\":[\"http:\/\/elregionalvm.com.ar\/noticias-villa-maria\/etruria-nuevo-vehiculo-de-seguridad-ciudadana\/#respond\"]}]},{\"@type\":\"WebPage\",\"@id\":\"http:\/\/elregionalvm.com.ar\/noticias-villa-maria\/etruria-nuevo-vehiculo-de-seguridad-ciudadana\/\",\"url\":\"http:\/\/elregionalvm.com.ar\/noticias-villa-maria\/etruria-nuevo-vehiculo-de-seguridad-ciudadana\/\",\"name\":\"Etruria: nuevo veh\u00edculo de seguridad ciudadana - El Regional\",\"isPartOf\":{\"@id\":\"http:\/\/elregionalvm.com.ar\/noticias-villa-maria\/#website\"},\"primaryImageOfPage\":{\"@id\":\"http:\/\/elregionalvm.com.ar\/noticias-villa-maria\/etruria-nuevo-vehiculo-de-seguridad-ciudadana\/#primaryimage\"},\"image\":{\"@id\":\"http:\/\/elregionalvm.com.ar\/noticias-villa-maria\/etruria-nuevo-vehiculo-de-seguridad-ciudadana\/#primaryimage\"},\"thumbnailUrl\":\"https:\/\/i0.wp.com\/elregionalvm.com.ar\/noticias-villa-maria\/wp-content\/uploads\/2020\/06\/Etruria-entrega-de-m%C3%B3vil-policial-2020-730x485-1.jpg?fit=730%2C485&ssl=1\",\"datePublished\":\"2020-06-12T02:31:59+00:00\",\"dateModified\":\"2020-06-18T11:06:29+00:00\",\"author\":{\"@id\":\"http:\/\/elregionalvm.com.ar\/noticias-villa-maria\/#\/schema\/person\/d5e4b04966154131701e52c45d3efec9\"},\"breadcrumb\":{\"@id\":\"http:\/\/elregionalvm.com.ar\/noticias-villa-maria\/etruria-nuevo-vehiculo-de-seguridad-ciudadana\/#breadcrumb\"},\"inLanguage\":\"es\",\"potentialAction\":[{\"@type\":\"ReadAction\",\"target\":[\"http:\/\/elregionalvm.com.ar\/noticias-villa-maria\/etruria-nuevo-vehiculo-de-seguridad-ciudadana\/\"]}]},{\"@type\":\"ImageObject\",\"inLanguage\":\"es\",\"@id\":\"http:\/\/elregionalvm.com.ar\/noticias-villa-maria\/etruria-nuevo-vehiculo-de-seguridad-ciudadana\/#primaryimage\",\"url\":\"https:\/\/i0.wp.com\/elregionalvm.com.ar\/noticias-villa-maria\/wp-content\/uploads\/2020\/06\/Etruria-entrega-de-m%C3%B3vil-policial-2020-730x485-1.jpg?fit=730%2C485&ssl=1\",\"contentUrl\":\"https:\/\/i0.wp.com\/elregionalvm.com.ar\/noticias-villa-maria\/wp-content\/uploads\/2020\/06\/Etruria-entrega-de-m%C3%B3vil-policial-2020-730x485-1.jpg?fit=730%2C485&ssl=1\",\"width\":730,\"height\":485},{\"@type\":\"BreadcrumbList\",\"@id\":\"http:\/\/elregionalvm.com.ar\/noticias-villa-maria\/etruria-nuevo-vehiculo-de-seguridad-ciudadana\/#breadcrumb\",\"itemListElement\":[{\"@type\":\"ListItem\",\"position\":1,\"name\":\"Portada\",\"item\":\"https:\/\/elregionalvm.com.ar\/noticias-villa-maria\/\"},{\"@type\":\"ListItem\",\"position\":2,\"name\":\"Etruria: nuevo veh\u00edculo de seguridad ciudadana\"}]},{\"@type\":\"WebSite\",\"@id\":\"http:\/\/elregionalvm.com.ar\/noticias-villa-maria\/#website\",\"url\":\"http:\/\/elregionalvm.com.ar\/noticias-villa-maria\/\",\"name\":\"El Regional\",\"description\":\"Mucho m\u00e1s que informaci\u00f3n\",\"potentialAction\":[{\"@type\":\"SearchAction\",\"target\":{\"@type\":\"EntryPoint\",\"urlTemplate\":\"http:\/\/elregionalvm.com.ar\/noticias-villa-maria\/?s={search_term_string}\"},\"query-input\":{\"@type\":\"PropertyValueSpecification\",\"valueRequired\":true,\"valueName\":\"search_term_string\"}}],\"inLanguage\":\"es\"},{\"@type\":\"Person\",\"@id\":\"http:\/\/elregionalvm.com.ar\/noticias-villa-maria\/#\/schema\/person\/d5e4b04966154131701e52c45d3efec9\",\"name\":\"Germ\u00e1n Giacchero\",\"image\":{\"@type\":\"ImageObject\",\"inLanguage\":\"es\",\"@id\":\"http:\/\/elregionalvm.com.ar\/noticias-villa-maria\/#\/schema\/person\/image\/\",\"url\":\"https:\/\/secure.gravatar.com\/avatar\/fda163ba5ef0307ee5be9846e10f83b6e83d0cfb260d3b2464830318894c6b04?s=96&d=mm&r=g\",\"contentUrl\":\"https:\/\/secure.gravatar.com\/avatar\/fda163ba5ef0307ee5be9846e10f83b6e83d0cfb260d3b2464830318894c6b04?s=96&d=mm&r=g\",\"caption\":\"Germ\u00e1n Giacchero\"},\"url\":\"https:\/\/elregionalvm.com.ar\/noticias-villa-maria\/author\/germangiacchero\/\"}]}<\/script>\n<!-- \/ Yoast SEO plugin. -->","yoast_head_json":{"title":"Etruria: nuevo veh\u00edculo de seguridad ciudadana - El Regional","robots":{"index":"index","follow":"follow","max-snippet":"max-snippet:-1","max-image-preview":"max-image-preview:large","max-video-preview":"max-video-preview:-1"},"canonical":"http:\/\/elregionalvm.com.ar\/noticias-villa-maria\/etruria-nuevo-vehiculo-de-seguridad-ciudadana\/","og_locale":"es_ES","og_type":"article","og_title":"Etruria: nuevo veh\u00edculo de seguridad ciudadana - El Regional","og_description":"La entrega fue realizada por dos ministros provinciales al intendente Maximiliano Andr\u00e9s. El municipio de Etruria recibi\u00f3 un veh\u00edculo de seguridad ciudadana, en el marco del Plan Integral de Seguridad Ciudadana y Prevenci\u00f3n del Delito del gobierno provincial La cesi\u00f3n fue realizada por los ministros de Seguridad, Alfonso Mosquera, y de Gobierno, Facundo Torres, al [&hellip;]","og_url":"http:\/\/elregionalvm.com.ar\/noticias-villa-maria\/etruria-nuevo-vehiculo-de-seguridad-ciudadana\/","og_site_name":"El Regional","article_publisher":"https:\/\/www.facebook.com\/elregionalvm","article_published_time":"2020-06-12T02:31:59+00:00","article_modified_time":"2020-06-18T11:06:29+00:00","og_image":[{"width":730,"height":485,"url":"http:\/\/elregionalvm.com.ar\/noticias-villa-maria\/wp-content\/uploads\/2020\/06\/Etruria-entrega-de-m\u00f3vil-policial-2020-730x485-1.jpg","type":"image\/jpeg"}],"author":"Germ\u00e1n Giacchero","twitter_card":"summary_large_image","twitter_creator":"@elregionalvm1","twitter_site":"@elregionalvm1","twitter_misc":{"Escrito por":"Germ\u00e1n Giacchero","Tiempo de lectura":"1 minuto"},"schema":{"@context":"https:\/\/schema.org","@graph":[{"@type":"Article","@id":"http:\/\/elregionalvm.com.ar\/noticias-villa-maria\/etruria-nuevo-vehiculo-de-seguridad-ciudadana\/#article","isPartOf":{"@id":"http:\/\/elregionalvm.com.ar\/noticias-villa-maria\/etruria-nuevo-vehiculo-de-seguridad-ciudadana\/"},"author":{"name":"Germ\u00e1n Giacchero","@id":"http:\/\/elregionalvm.com.ar\/noticias-villa-maria\/#\/schema\/person\/d5e4b04966154131701e52c45d3efec9"},"headline":"Etruria: nuevo veh\u00edculo de seguridad ciudadana","datePublished":"2020-06-12T02:31:59+00:00","dateModified":"2020-06-18T11:06:29+00:00","mainEntityOfPage":{"@id":"http:\/\/elregionalvm.com.ar\/noticias-villa-maria\/etruria-nuevo-vehiculo-de-seguridad-ciudadana\/"},"wordCount":171,"commentCount":0,"image":{"@id":"http:\/\/elregionalvm.com.ar\/noticias-villa-maria\/etruria-nuevo-vehiculo-de-seguridad-ciudadana\/#primaryimage"},"thumbnailUrl":"https:\/\/i0.wp.com\/elregionalvm.com.ar\/noticias-villa-maria\/wp-content\/uploads\/2020\/06\/Etruria-entrega-de-m%C3%B3vil-policial-2020-730x485-1.jpg?fit=730%2C485&ssl=1","keywords":["c\u00f3rdoba","Etruria","Gobierno provincial","Prevenci\u00f3n del delito","Regi\u00f3n","seguridad","seguridad ciudadana"],"articleSection":["Regi\u00f3n"],"inLanguage":"es","potentialAction":[{"@type":"CommentAction","name":"Comment","target":["http:\/\/elregionalvm.com.ar\/noticias-villa-maria\/etruria-nuevo-vehiculo-de-seguridad-ciudadana\/#respond"]}]},{"@type":"WebPage","@id":"http:\/\/elregionalvm.com.ar\/noticias-villa-maria\/etruria-nuevo-vehiculo-de-seguridad-ciudadana\/","url":"http:\/\/elregionalvm.com.ar\/noticias-villa-maria\/etruria-nuevo-vehiculo-de-seguridad-ciudadana\/","name":"Etruria: nuevo veh\u00edculo de seguridad ciudadana - El Regional","isPartOf":{"@id":"http:\/\/elregionalvm.com.ar\/noticias-villa-maria\/#website"},"primaryImageOfPage":{"@id":"http:\/\/elregionalvm.com.ar\/noticias-villa-maria\/etruria-nuevo-vehiculo-de-seguridad-ciudadana\/#primaryimage"},"image":{"@id":"http:\/\/elregionalvm.com.ar\/noticias-villa-maria\/etruria-nuevo-vehiculo-de-seguridad-ciudadana\/#primaryimage"},"thumbnailUrl":"https:\/\/i0.wp.com\/elregionalvm.com.ar\/noticias-villa-maria\/wp-content\/uploads\/2020\/06\/Etruria-entrega-de-m%C3%B3vil-policial-2020-730x485-1.jpg?fit=730%2C485&ssl=1","datePublished":"2020-06-12T02:31:59+00:00","dateModified":"2020-06-18T11:06:29+00:00","author":{"@id":"http:\/\/elregionalvm.com.ar\/noticias-villa-maria\/#\/schema\/person\/d5e4b04966154131701e52c45d3efec9"},"breadcrumb":{"@id":"http:\/\/elregionalvm.com.ar\/noticias-villa-maria\/etruria-nuevo-vehiculo-de-seguridad-ciudadana\/#breadcrumb"},"inLanguage":"es","potentialAction":[{"@type":"ReadAction","target":["http:\/\/elregionalvm.com.ar\/noticias-villa-maria\/etruria-nuevo-vehiculo-de-seguridad-ciudadana\/"]}]},{"@type":"ImageObject","inLanguage":"es","@id":"http:\/\/elregionalvm.com.ar\/noticias-villa-maria\/etruria-nuevo-vehiculo-de-seguridad-ciudadana\/#primaryimage","url":"https:\/\/i0.wp.com\/elregionalvm.com.ar\/noticias-villa-maria\/wp-content\/uploads\/2020\/06\/Etruria-entrega-de-m%C3%B3vil-policial-2020-730x485-1.jpg?fit=730%2C485&ssl=1","contentUrl":"https:\/\/i0.wp.com\/elregionalvm.com.ar\/noticias-villa-maria\/wp-content\/uploads\/2020\/06\/Etruria-entrega-de-m%C3%B3vil-policial-2020-730x485-1.jpg?fit=730%2C485&ssl=1","width":730,"height":485},{"@type":"BreadcrumbList","@id":"http:\/\/elregionalvm.com.ar\/noticias-villa-maria\/etruria-nuevo-vehiculo-de-seguridad-ciudadana\/#breadcrumb","itemListElement":[{"@type":"ListItem","position":1,"name":"Portada","item":"https:\/\/elregionalvm.com.ar\/noticias-villa-maria\/"},{"@type":"ListItem","position":2,"name":"Etruria: nuevo veh\u00edculo de seguridad ciudadana"}]},{"@type":"WebSite","@id":"http:\/\/elregionalvm.com.ar\/noticias-villa-maria\/#website","url":"http:\/\/elregionalvm.com.ar\/noticias-villa-maria\/","name":"El Regional","description":"Mucho m\u00e1s que informaci\u00f3n","potentialAction":[{"@type":"SearchAction","target":{"@type":"EntryPoint","urlTemplate":"http:\/\/elregionalvm.com.ar\/noticias-villa-maria\/?s={search_term_string}"},"query-input":{"@type":"PropertyValueSpecification","valueRequired":true,"valueName":"search_term_string"}}],"inLanguage":"es"},{"@type":"Person","@id":"http:\/\/elregionalvm.com.ar\/noticias-villa-maria\/#\/schema\/person\/d5e4b04966154131701e52c45d3efec9","name":"Germ\u00e1n Giacchero","image":{"@type":"ImageObject","inLanguage":"es","@id":"http:\/\/elregionalvm.com.ar\/noticias-villa-maria\/#\/schema\/person\/image\/","url":"https:\/\/secure.gravatar.com\/avatar\/fda163ba5ef0307ee5be9846e10f83b6e83d0cfb260d3b2464830318894c6b04?s=96&d=mm&r=g","contentUrl":"https:\/\/secure.gravatar.com\/avatar\/fda163ba5ef0307ee5be9846e10f83b6e83d0cfb260d3b2464830318894c6b04?s=96&d=mm&r=g","caption":"Germ\u00e1n Giacchero"},"url":"https:\/\/elregionalvm.com.ar\/noticias-villa-maria\/author\/germangiacchero\/"}]}},"jetpack_featured_media_url":"https:\/\/i0.wp.com\/elregionalvm.com.ar\/noticias-villa-maria\/wp-content\/uploads\/2020\/06\/Etruria-entrega-de-m%C3%B3vil-policial-2020-730x485-1.jpg?fit=730%2C485&ssl=1","jetpack_sharing_enabled":true,"_links":{"self":[{"href":"https:\/\/elregionalvm.com.ar\/noticias-villa-maria\/wp-json\/wp\/v2\/posts\/17810","targetHints":{"allow":["GET"]}}],"collection":[{"href":"https:\/\/elregionalvm.com.ar\/noticias-villa-maria\/wp-json\/wp\/v2\/posts"}],"about":[{"href":"https:\/\/elregionalvm.com.ar\/noticias-villa-maria\/wp-json\/wp\/v2\/types\/post"}],"author":[{"embeddable":true,"href":"https:\/\/elregionalvm.com.ar\/noticias-villa-maria\/wp-json\/wp\/v2\/users\/6"}],"replies":[{"embeddable":true,"href":"https:\/\/elregionalvm.com.ar\/noticias-villa-maria\/wp-json\/wp\/v2\/comments?post=17810"}],"version-history":[{"count":2,"href":"https:\/\/elregionalvm.com.ar\/noticias-villa-maria\/wp-json\/wp\/v2\/posts\/17810\/revisions"}],"predecessor-version":[{"id":18270,"href":"https:\/\/elregionalvm.com.ar\/noticias-villa-maria\/wp-json\/wp\/v2\/posts\/17810\/revisions\/18270"}],"wp:featuredmedia":[{"embeddable":true,"href":"https:\/\/elregionalvm.com.ar\/noticias-villa-maria\/wp-json\/wp\/v2\/media\/18269"}],"wp:attachment":[{"href":"https:\/\/elregionalvm.com.ar\/noticias-villa-maria\/wp-json\/wp\/v2\/media?parent=17810"}],"wp:term":[{"taxonomy":"category","embeddable":true,"href":"https:\/\/elregionalvm.com.ar\/noticias-villa-maria\/wp-json\/wp\/v2\/categories?post=17810"},{"taxonomy":"post_tag","embeddable":true,"href":"https:\/\/elregionalvm.com.ar\/noticias-villa-maria\/wp-json\/wp\/v2\/tags?post=17810"}],"curies":[{"name":"wp","href":"https:\/\/api.w.org\/{rel}","templated":true}]}}