{"id":17811,"date":"2020-06-12T17:49:02","date_gmt":"2020-06-12T17:49:02","guid":{"rendered":"http:\/\/www.elregionalvm.com.ar\/?p=16127"},"modified":"2020-06-16T19:21:28","modified_gmt":"2020-06-16T19:21:28","slug":"invierno-esta-o-no-esta","status":"publish","type":"post","link":"https:\/\/elregionalvm.com.ar\/noticias-villa-maria\/invierno-esta-o-no-esta\/","title":{"rendered":"Invierno, \u00bfest\u00e1 o no est\u00e1?"},"content":{"rendered":"\n\t\t\t\t<![CDATA[\n<p><strong>C\u00f3mo estar\u00e1 el tiempo desde este s\u00e1bado 13 hasta el viernes 19 de junio.<\/strong><\/p>\n\n\n<p><strong>S\u00c1BADO 13 DE JUNIO<\/strong><\/p>\n\n\n<p>Temperaturas m\u00ednimas y m\u00e1ximas:\n0 y 15 \u00b0C<\/p>\n\n\n<p>Humedad promedio en %: 43<\/p>\n\n\n<p>Cielo mayormente despejado. Vientos del Sur-Suroeste rotando\nal Norte-Noreste y variables de 10 a 25 km\/h. <\/p>\n\n\n<p>Probabilidad de\nprecipitaciones en %: 0<\/p>\n\n\n<p><strong>DOMINGO 14 DE JUNIO<\/strong><\/p>\n\n\n<p>Temperaturas m\u00ednimas y m\u00e1ximas:\n3 y 17 \u00b0C<\/p>\n\n\n<p>Humedad promedio en %: 49<\/p>\n\n\n<p>Cielo mayormente despejado. &nbsp;Vientos del Norte-Noreste rotando al Norte de\n15 a 30 km\/h.<\/p>\n\n\n<p>Probabilidad de\nprecipitaciones en %: 0<\/p>\n\n\n<p><strong>LUNES 15 DE JUNIO<\/strong><\/p>\n\n\n<p>Temperaturas m\u00ednimas y m\u00e1ximas:\n10 y 18 \u00b0C<\/p>\n\n\n<p>Humedad promedio en %: 65<\/p>\n\n\n<p>Cielo mayormente despejado a parcialmente cubierto. Vientos\ndel Norte-Noreste de 15 a 30 km\/h.<\/p>\n\n\n<p>Probabilidad de\nprecipitaciones en %: 10<\/p>\n\n\n<p><strong>MARTES 16 DE JUNIO<\/strong><\/p>\n\n\n<p>Temperaturas m\u00ednimas y m\u00e1ximas:\n10 y 23 \u00b0C<\/p>\n\n\n<p>Humedad promedio en %: 84<\/p>\n\n\n<p>Cielo pr\u00e1cticamente cubierto. Tormentas dispersas.\nVientos del Norte rotando al Sur-Suroeste de 10 a 30 km\/h.<\/p>\n\n\n<p>Probabilidad de\nprecipitaciones en %: 50<\/p>\n\n\n<p><strong>MI\u00c9RCOLES 17 DE JUNIO<\/strong><\/p>\n\n\n<p>Temperaturas\nm\u00ednimas y m\u00e1ximas: 5 y 17 \u00b0C&nbsp;&nbsp;&nbsp;&nbsp;&nbsp;&nbsp;&nbsp;&nbsp;&nbsp;&nbsp;&nbsp;&nbsp;&nbsp;&nbsp; <\/p>\n\n\n<p>Humedad promedio en %: &nbsp;64<\/p>\n\n\n<p>Chaparrones\nmatinales. Cielo parcialmente cubierto. Vientos del Sur-Suroeste de 10 a 15\nkm\/h.<\/p>\n\n\n<p>Probabilidad de\nprecipitaciones en %: 50<\/p>\n\n\n<p><strong>JUEVES 18 DE JUNIO<\/strong><\/p>\n\n\n<p>Temperaturas m\u00ednimas y m\u00e1ximas:\n8 y 19 \u00b0C<\/p>\n\n\n<p>Humedad promedio en %: 63<\/p>\n\n\n<p>Cielo parcialmente\ncubierto. Vientos del Sureste rotando al Norte de 10 a 15 km\/h.<\/p>\n\n\n<p>Probabilidad de\nprecipitaciones en %: 20<\/p>\n\n\n<p><strong>VIERNES 19 DE JUNIO<\/strong><\/p>\n\n\n<p>Temperaturas m\u00ednimas y m\u00e1ximas:\n11 y 22 \u00b0C<\/p>\n\n\n<p>Humedad promedio en %: 75<\/p>\n\n\n<p>Cielo parcialmente\ncubierto. &nbsp;Vientos del Norte-Noreste de 10\na 25 km\/h.<\/p>\n\n\n<p>Probabilidad de\nprecipitaciones en %: 20<\/p>\n\n\n<p><strong>*Interpretaci\u00f3n y redacci\u00f3n del informe<\/strong>&nbsp;<strong>meteorol\u00f3gico a cargo del Mg. Hern\u00e1n Allasia \u2013 Director del Centro Universitario Mediterr\u00e1neo (Vinculaci\u00f3n UNVM-FUNESIL) VILLA MAR\u00cdA \u2013 C\u00d3RDOBA \u2013 ARGENTINA<\/strong><\/p>\n\n\n<p><strong><em>FUENTES:<\/em><\/strong><\/p>\n\n\n<ol class=\"wp-block-list\"><li><strong><em>The Weather Channel by IBM<\/em><\/strong><\/li><li><strong><em>Norwegian Met. Institute an Norwegian Broadcasting Corporation<\/em><\/strong><\/li><li><strong><em>SMN Servicio Meteorol\u00f3gico Nacional Argentino<\/em><\/strong><\/li><\/ol>\n]]>\t\t","protected":false},"excerpt":{"rendered":"<p>\t\t\t\t<![CDATA[]]>\t\t<\/p>\n","protected":false},"author":6,"featured_media":16128,"comment_status":"open","ping_status":"open","sticky":false,"template":"","format":"standard","meta":{"site-sidebar-layout":"default","site-content-layout":"","ast-site-content-layout":"default","site-content-style":"default","site-sidebar-style":"default","ast-global-header-display":"","ast-banner-title-visibility":"","ast-main-header-display":"","ast-hfb-above-header-display":"","ast-hfb-below-header-display":"","ast-hfb-mobile-header-display":"","site-post-title":"","ast-breadcrumbs-content":"","ast-featured-img":"","footer-sml-layout":"","ast-disable-related-posts":"","theme-transparent-header-meta":"","adv-header-id-meta":"","stick-header-meta":"","header-above-stick-meta":"","header-main-stick-meta":"","header-below-stick-meta":"","astra-migrate-meta-layouts":"default","ast-page-background-enabled":"default","ast-page-background-meta":{"desktop":{"background-color":"","background-image":"","background-repeat":"repeat","background-position":"center center","background-size":"auto","background-attachment":"scroll","background-type":"","background-media":"","overlay-type":"","overlay-color":"","overlay-opacity":"","overlay-gradient":""},"tablet":{"background-color":"","background-image":"","background-repeat":"repeat","background-position":"center center","background-size":"auto","background-attachment":"scroll","background-type":"","background-media":"","overlay-type":"","overlay-color":"","overlay-opacity":"","overlay-gradient":""},"mobile":{"background-color":"","background-image":"","background-repeat":"repeat","background-position":"center center","background-size":"auto","background-attachment":"scroll","background-type":"","background-media":"","overlay-type":"","overlay-color":"","overlay-opacity":"","overlay-gradient":""}},"ast-content-background-meta":{"desktop":{"background-color":"var(--ast-global-color-5)","background-image":"","background-repeat":"repeat","background-position":"center center","background-size":"auto","background-attachment":"scroll","background-type":"","background-media":"","overlay-type":"","overlay-color":"","overlay-opacity":"","overlay-gradient":""},"tablet":{"background-color":"var(--ast-global-color-5)","background-image":"","background-repeat":"repeat","background-position":"center center","background-size":"auto","background-attachment":"scroll","background-type":"","background-media":"","overlay-type":"","overlay-color":"","overlay-opacity":"","overlay-gradient":""},"mobile":{"background-color":"var(--ast-global-color-5)","background-image":"","background-repeat":"repeat","background-position":"center center","background-size":"auto","background-attachment":"scroll","background-type":"","background-media":"","overlay-type":"","overlay-color":"","overlay-opacity":"","overlay-gradient":""}},"_jetpack_memberships_contains_paid_content":false,"_joinchat":[],"footnotes":""},"categories":[2],"tags":[2164,2173,1507,330,2166,1039,2168],"class_list":["post-17811","post","type-post","status-publish","format-standard","has-post-thumbnail","hentry","category-villa-maria","tag-clima-global","tag-cum","tag-invierno","tag-otono","tag-pronostico","tag-servicio-meteorologico-nacional","tag-tiempo"],"yoast_head":"<!-- This site is optimized with the Yoast SEO plugin v26.8 - https:\/\/yoast.com\/product\/yoast-seo-wordpress\/ -->\n<title>Invierno, \u00bfest\u00e1 o no est\u00e1? - El Regional<\/title>\n<meta name=\"robots\" content=\"index, follow, max-snippet:-1, max-image-preview:large, max-video-preview:-1\" \/>\n<link rel=\"canonical\" href=\"http:\/\/elregionalvm.com.ar\/noticias-villa-maria\/invierno-esta-o-no-esta\/\" \/>\n<meta property=\"og:locale\" content=\"es_ES\" \/>\n<meta property=\"og:type\" content=\"article\" \/>\n<meta property=\"og:title\" content=\"Invierno, \u00bfest\u00e1 o no est\u00e1? - El Regional\" \/>\n<meta property=\"og:url\" content=\"http:\/\/elregionalvm.com.ar\/noticias-villa-maria\/invierno-esta-o-no-esta\/\" \/>\n<meta property=\"og:site_name\" content=\"El Regional\" \/>\n<meta property=\"article:publisher\" content=\"https:\/\/www.facebook.com\/elregionalvm\" \/>\n<meta property=\"article:published_time\" content=\"2020-06-12T17:49:02+00:00\" \/>\n<meta property=\"article:modified_time\" content=\"2020-06-16T19:21:28+00:00\" \/>\n<meta name=\"author\" content=\"Germ\u00e1n Giacchero\" \/>\n<meta name=\"twitter:card\" content=\"summary_large_image\" \/>\n<meta name=\"twitter:creator\" content=\"@elregionalvm1\" \/>\n<meta name=\"twitter:site\" content=\"@elregionalvm1\" \/>\n<meta name=\"twitter:label1\" content=\"Escrito por\" \/>\n\t<meta name=\"twitter:data1\" content=\"Germ\u00e1n Giacchero\" \/>\n\t<meta name=\"twitter:label2\" content=\"Tiempo de lectura\" \/>\n\t<meta name=\"twitter:data2\" content=\"2 minutos\" \/>\n<script type=\"application\/ld+json\" class=\"yoast-schema-graph\">{\"@context\":\"https:\/\/schema.org\",\"@graph\":[{\"@type\":\"Article\",\"@id\":\"http:\/\/elregionalvm.com.ar\/noticias-villa-maria\/invierno-esta-o-no-esta\/#article\",\"isPartOf\":{\"@id\":\"http:\/\/elregionalvm.com.ar\/noticias-villa-maria\/invierno-esta-o-no-esta\/\"},\"author\":{\"name\":\"Germ\u00e1n Giacchero\",\"@id\":\"http:\/\/elregionalvm.com.ar\/noticias-villa-maria\/#\/schema\/person\/d5e4b04966154131701e52c45d3efec9\"},\"headline\":\"Invierno, \u00bfest\u00e1 o no est\u00e1?\",\"datePublished\":\"2020-06-12T17:49:02+00:00\",\"dateModified\":\"2020-06-16T19:21:28+00:00\",\"mainEntityOfPage\":{\"@id\":\"http:\/\/elregionalvm.com.ar\/noticias-villa-maria\/invierno-esta-o-no-esta\/\"},\"wordCount\":307,\"commentCount\":1,\"image\":{\"@id\":\"http:\/\/elregionalvm.com.ar\/noticias-villa-maria\/invierno-esta-o-no-esta\/#primaryimage\"},\"thumbnailUrl\":\"\",\"keywords\":[\"Clima Global\",\"CUM\",\"invierno\",\"oto\u00f1o\",\"Pron\u00f3stico\",\"servicio meteorol\u00f3gico nacional\",\"Tiempo\"],\"articleSection\":[\"Villa Mar\u00eda\"],\"inLanguage\":\"es\",\"potentialAction\":[{\"@type\":\"CommentAction\",\"name\":\"Comment\",\"target\":[\"http:\/\/elregionalvm.com.ar\/noticias-villa-maria\/invierno-esta-o-no-esta\/#respond\"]}]},{\"@type\":\"WebPage\",\"@id\":\"http:\/\/elregionalvm.com.ar\/noticias-villa-maria\/invierno-esta-o-no-esta\/\",\"url\":\"http:\/\/elregionalvm.com.ar\/noticias-villa-maria\/invierno-esta-o-no-esta\/\",\"name\":\"Invierno, \u00bfest\u00e1 o no est\u00e1? - El Regional\",\"isPartOf\":{\"@id\":\"http:\/\/elregionalvm.com.ar\/noticias-villa-maria\/#website\"},\"primaryImageOfPage\":{\"@id\":\"http:\/\/elregionalvm.com.ar\/noticias-villa-maria\/invierno-esta-o-no-esta\/#primaryimage\"},\"image\":{\"@id\":\"http:\/\/elregionalvm.com.ar\/noticias-villa-maria\/invierno-esta-o-no-esta\/#primaryimage\"},\"thumbnailUrl\":\"\",\"datePublished\":\"2020-06-12T17:49:02+00:00\",\"dateModified\":\"2020-06-16T19:21:28+00:00\",\"author\":{\"@id\":\"http:\/\/elregionalvm.com.ar\/noticias-villa-maria\/#\/schema\/person\/d5e4b04966154131701e52c45d3efec9\"},\"breadcrumb\":{\"@id\":\"http:\/\/elregionalvm.com.ar\/noticias-villa-maria\/invierno-esta-o-no-esta\/#breadcrumb\"},\"inLanguage\":\"es\",\"potentialAction\":[{\"@type\":\"ReadAction\",\"target\":[\"http:\/\/elregionalvm.com.ar\/noticias-villa-maria\/invierno-esta-o-no-esta\/\"]}]},{\"@type\":\"ImageObject\",\"inLanguage\":\"es\",\"@id\":\"http:\/\/elregionalvm.com.ar\/noticias-villa-maria\/invierno-esta-o-no-esta\/#primaryimage\",\"url\":\"\",\"contentUrl\":\"\"},{\"@type\":\"BreadcrumbList\",\"@id\":\"http:\/\/elregionalvm.com.ar\/noticias-villa-maria\/invierno-esta-o-no-esta\/#breadcrumb\",\"itemListElement\":[{\"@type\":\"ListItem\",\"position\":1,\"name\":\"Portada\",\"item\":\"https:\/\/elregionalvm.com.ar\/noticias-villa-maria\/\"},{\"@type\":\"ListItem\",\"position\":2,\"name\":\"Invierno, \u00bfest\u00e1 o no est\u00e1?\"}]},{\"@type\":\"WebSite\",\"@id\":\"http:\/\/elregionalvm.com.ar\/noticias-villa-maria\/#website\",\"url\":\"http:\/\/elregionalvm.com.ar\/noticias-villa-maria\/\",\"name\":\"El Regional\",\"description\":\"Mucho m\u00e1s que informaci\u00f3n\",\"potentialAction\":[{\"@type\":\"SearchAction\",\"target\":{\"@type\":\"EntryPoint\",\"urlTemplate\":\"http:\/\/elregionalvm.com.ar\/noticias-villa-maria\/?s={search_term_string}\"},\"query-input\":{\"@type\":\"PropertyValueSpecification\",\"valueRequired\":true,\"valueName\":\"search_term_string\"}}],\"inLanguage\":\"es\"},{\"@type\":\"Person\",\"@id\":\"http:\/\/elregionalvm.com.ar\/noticias-villa-maria\/#\/schema\/person\/d5e4b04966154131701e52c45d3efec9\",\"name\":\"Germ\u00e1n Giacchero\",\"image\":{\"@type\":\"ImageObject\",\"inLanguage\":\"es\",\"@id\":\"http:\/\/elregionalvm.com.ar\/noticias-villa-maria\/#\/schema\/person\/image\/\",\"url\":\"https:\/\/secure.gravatar.com\/avatar\/fda163ba5ef0307ee5be9846e10f83b6e83d0cfb260d3b2464830318894c6b04?s=96&d=mm&r=g\",\"contentUrl\":\"https:\/\/secure.gravatar.com\/avatar\/fda163ba5ef0307ee5be9846e10f83b6e83d0cfb260d3b2464830318894c6b04?s=96&d=mm&r=g\",\"caption\":\"Germ\u00e1n Giacchero\"},\"url\":\"https:\/\/elregionalvm.com.ar\/noticias-villa-maria\/author\/germangiacchero\/\"}]}<\/script>\n<!-- \/ Yoast SEO plugin. -->","yoast_head_json":{"title":"Invierno, \u00bfest\u00e1 o no est\u00e1? - El Regional","robots":{"index":"index","follow":"follow","max-snippet":"max-snippet:-1","max-image-preview":"max-image-preview:large","max-video-preview":"max-video-preview:-1"},"canonical":"http:\/\/elregionalvm.com.ar\/noticias-villa-maria\/invierno-esta-o-no-esta\/","og_locale":"es_ES","og_type":"article","og_title":"Invierno, \u00bfest\u00e1 o no est\u00e1? - El Regional","og_url":"http:\/\/elregionalvm.com.ar\/noticias-villa-maria\/invierno-esta-o-no-esta\/","og_site_name":"El Regional","article_publisher":"https:\/\/www.facebook.com\/elregionalvm","article_published_time":"2020-06-12T17:49:02+00:00","article_modified_time":"2020-06-16T19:21:28+00:00","author":"Germ\u00e1n Giacchero","twitter_card":"summary_large_image","twitter_creator":"@elregionalvm1","twitter_site":"@elregionalvm1","twitter_misc":{"Escrito por":"Germ\u00e1n Giacchero","Tiempo de lectura":"2 minutos"},"schema":{"@context":"https:\/\/schema.org","@graph":[{"@type":"Article","@id":"http:\/\/elregionalvm.com.ar\/noticias-villa-maria\/invierno-esta-o-no-esta\/#article","isPartOf":{"@id":"http:\/\/elregionalvm.com.ar\/noticias-villa-maria\/invierno-esta-o-no-esta\/"},"author":{"name":"Germ\u00e1n Giacchero","@id":"http:\/\/elregionalvm.com.ar\/noticias-villa-maria\/#\/schema\/person\/d5e4b04966154131701e52c45d3efec9"},"headline":"Invierno, \u00bfest\u00e1 o no est\u00e1?","datePublished":"2020-06-12T17:49:02+00:00","dateModified":"2020-06-16T19:21:28+00:00","mainEntityOfPage":{"@id":"http:\/\/elregionalvm.com.ar\/noticias-villa-maria\/invierno-esta-o-no-esta\/"},"wordCount":307,"commentCount":1,"image":{"@id":"http:\/\/elregionalvm.com.ar\/noticias-villa-maria\/invierno-esta-o-no-esta\/#primaryimage"},"thumbnailUrl":"","keywords":["Clima Global","CUM","invierno","oto\u00f1o","Pron\u00f3stico","servicio meteorol\u00f3gico nacional","Tiempo"],"articleSection":["Villa Mar\u00eda"],"inLanguage":"es","potentialAction":[{"@type":"CommentAction","name":"Comment","target":["http:\/\/elregionalvm.com.ar\/noticias-villa-maria\/invierno-esta-o-no-esta\/#respond"]}]},{"@type":"WebPage","@id":"http:\/\/elregionalvm.com.ar\/noticias-villa-maria\/invierno-esta-o-no-esta\/","url":"http:\/\/elregionalvm.com.ar\/noticias-villa-maria\/invierno-esta-o-no-esta\/","name":"Invierno, \u00bfest\u00e1 o no est\u00e1? - El Regional","isPartOf":{"@id":"http:\/\/elregionalvm.com.ar\/noticias-villa-maria\/#website"},"primaryImageOfPage":{"@id":"http:\/\/elregionalvm.com.ar\/noticias-villa-maria\/invierno-esta-o-no-esta\/#primaryimage"},"image":{"@id":"http:\/\/elregionalvm.com.ar\/noticias-villa-maria\/invierno-esta-o-no-esta\/#primaryimage"},"thumbnailUrl":"","datePublished":"2020-06-12T17:49:02+00:00","dateModified":"2020-06-16T19:21:28+00:00","author":{"@id":"http:\/\/elregionalvm.com.ar\/noticias-villa-maria\/#\/schema\/person\/d5e4b04966154131701e52c45d3efec9"},"breadcrumb":{"@id":"http:\/\/elregionalvm.com.ar\/noticias-villa-maria\/invierno-esta-o-no-esta\/#breadcrumb"},"inLanguage":"es","potentialAction":[{"@type":"ReadAction","target":["http:\/\/elregionalvm.com.ar\/noticias-villa-maria\/invierno-esta-o-no-esta\/"]}]},{"@type":"ImageObject","inLanguage":"es","@id":"http:\/\/elregionalvm.com.ar\/noticias-villa-maria\/invierno-esta-o-no-esta\/#primaryimage","url":"","contentUrl":""},{"@type":"BreadcrumbList","@id":"http:\/\/elregionalvm.com.ar\/noticias-villa-maria\/invierno-esta-o-no-esta\/#breadcrumb","itemListElement":[{"@type":"ListItem","position":1,"name":"Portada","item":"https:\/\/elregionalvm.com.ar\/noticias-villa-maria\/"},{"@type":"ListItem","position":2,"name":"Invierno, \u00bfest\u00e1 o no est\u00e1?"}]},{"@type":"WebSite","@id":"http:\/\/elregionalvm.com.ar\/noticias-villa-maria\/#website","url":"http:\/\/elregionalvm.com.ar\/noticias-villa-maria\/","name":"El Regional","description":"Mucho m\u00e1s que informaci\u00f3n","potentialAction":[{"@type":"SearchAction","target":{"@type":"EntryPoint","urlTemplate":"http:\/\/elregionalvm.com.ar\/noticias-villa-maria\/?s={search_term_string}"},"query-input":{"@type":"PropertyValueSpecification","valueRequired":true,"valueName":"search_term_string"}}],"inLanguage":"es"},{"@type":"Person","@id":"http:\/\/elregionalvm.com.ar\/noticias-villa-maria\/#\/schema\/person\/d5e4b04966154131701e52c45d3efec9","name":"Germ\u00e1n Giacchero","image":{"@type":"ImageObject","inLanguage":"es","@id":"http:\/\/elregionalvm.com.ar\/noticias-villa-maria\/#\/schema\/person\/image\/","url":"https:\/\/secure.gravatar.com\/avatar\/fda163ba5ef0307ee5be9846e10f83b6e83d0cfb260d3b2464830318894c6b04?s=96&d=mm&r=g","contentUrl":"https:\/\/secure.gravatar.com\/avatar\/fda163ba5ef0307ee5be9846e10f83b6e83d0cfb260d3b2464830318894c6b04?s=96&d=mm&r=g","caption":"Germ\u00e1n Giacchero"},"url":"https:\/\/elregionalvm.com.ar\/noticias-villa-maria\/author\/germangiacchero\/"}]}},"jetpack_featured_media_url":"","jetpack_sharing_enabled":true,"_links":{"self":[{"href":"https:\/\/elregionalvm.com.ar\/noticias-villa-maria\/wp-json\/wp\/v2\/posts\/17811","targetHints":{"allow":["GET"]}}],"collection":[{"href":"https:\/\/elregionalvm.com.ar\/noticias-villa-maria\/wp-json\/wp\/v2\/posts"}],"about":[{"href":"https:\/\/elregionalvm.com.ar\/noticias-villa-maria\/wp-json\/wp\/v2\/types\/post"}],"author":[{"embeddable":true,"href":"https:\/\/elregionalvm.com.ar\/noticias-villa-maria\/wp-json\/wp\/v2\/users\/6"}],"replies":[{"embeddable":true,"href":"https:\/\/elregionalvm.com.ar\/noticias-villa-maria\/wp-json\/wp\/v2\/comments?post=17811"}],"version-history":[{"count":1,"href":"https:\/\/elregionalvm.com.ar\/noticias-villa-maria\/wp-json\/wp\/v2\/posts\/17811\/revisions"}],"predecessor-version":[{"id":18150,"href":"https:\/\/elregionalvm.com.ar\/noticias-villa-maria\/wp-json\/wp\/v2\/posts\/17811\/revisions\/18150"}],"wp:featuredmedia":[{"embeddable":true,"href":"https:\/\/elregionalvm.com.ar\/noticias-villa-maria\/wp-json\/"}],"wp:attachment":[{"href":"https:\/\/elregionalvm.com.ar\/noticias-villa-maria\/wp-json\/wp\/v2\/media?parent=17811"}],"wp:term":[{"taxonomy":"category","embeddable":true,"href":"https:\/\/elregionalvm.com.ar\/noticias-villa-maria\/wp-json\/wp\/v2\/categories?post=17811"},{"taxonomy":"post_tag","embeddable":true,"href":"https:\/\/elregionalvm.com.ar\/noticias-villa-maria\/wp-json\/wp\/v2\/tags?post=17811"}],"curies":[{"name":"wp","href":"https:\/\/api.w.org\/{rel}","templated":true}]}}