{"id":17812,"date":"2020-06-12T18:07:05","date_gmt":"2020-06-12T18:07:05","guid":{"rendered":"http:\/\/www.elregionalvm.com.ar\/?p=16132"},"modified":"2020-06-16T19:21:33","modified_gmt":"2020-06-16T19:21:33","slug":"musica-e-historia-zamba-del-gaucho-guerrero","status":"publish","type":"post","link":"https:\/\/elregionalvm.com.ar\/noticias-villa-maria\/musica-e-historia-zamba-del-gaucho-guerrero\/","title":{"rendered":"M\u00fasica e Historia: zamba del gaucho guerrero"},"content":{"rendered":"\n\t\t\t\t<![CDATA[\n<p><strong>El 17 de junio se conmemora el 199\u00ba aniversario de la muerte de Mart\u00edn Miguel de G\u00fcemes. Nuestro homenaje en esta nueva secci\u00f3n.<\/strong> <em><strong>(Ver video tambi\u00e9n)<\/strong><\/em><\/p>\n\n\n<p><strong>Escribe: Leonardo Diego Mu\u00f1oz<\/strong><\/p>\n\n\n<p>Mart\u00edn Miguel Juan de Mata G\u00fcemes Montero\nde Goyechea y la Corte.<\/p>\n\n\n<p>Tal era el nombre de este h\u00e9roe nacido el 8\nde febrero de 1785 en Salta y muerto el 17 de junio en Ca\u00f1ada de la Horqueta. As\u00ed\ncomo San Mart\u00edn fue la espada que hiri\u00f3 de muerte al poder realista en Chile y\nPer\u00fa, G\u00fcemes fue el escudo sobre el que se estrellaron siete invasiones en el\nNorte. <\/p>\n\n\n<p>Un caudillo, un l\u00edder inspirador y amado por\nsus hombres, sufr\u00eda de hemofilia, la que provocar\u00e1 su muerte tras ser herido la\nnoche del 7 de junio de 1821 en las calles salte\u00f1as. Agonizando bajo un cebil\ncolorado falleci\u00f3 el \u00fanico general argentino muerto en una guerra exterior a\nlos 36 a\u00f1os. Era gangoso, pero sus palabras y acciones inspiraron al pueblo\nsalte\u00f1o y juje\u00f1o a una resistencia \u00e9pica.<\/p>\n\n\n<p><strong>Tomar un barco a caballo<\/strong><\/p>\n\n\n<p>En tiempo de las Invasiones Inglesas,\nG\u00fcemes revistaba como cadete del Regimiento Fijo de Buenos Aires. En 1806, Liniers\nordena la captura de un barco brit\u00e1nico, al galope presuroso para que no escape\nla presa se lanzaron al agua los jinetes con el agua hasta el cuello de los\nanimales al mando del salte\u00f1o, tomando la fragata inglesa \u201cJustina\u201d, varada por\nuna repentina bajante. Al ser abordada, contaba con 26 ca\u00f1ones y 100\ntripulantes, rendidos ante la surrealista carga de caballer\u00eda en el r\u00edo. Pocos\ny muy escasos antecedentes existen de un hecho as\u00ed en la Historia Mundial.<\/p>\n\n\n<p><strong>Los Gauchos y los Infernales de G\u00fcemes<\/strong><\/p>\n\n\n<p>La defensa del norte argentino qued\u00f3 en sus\nmanos luego de la derrota decisiva de los patriotas en Sipe Sipe en 1815, la\npaisanada inici\u00f3 con m\u00e1xima intensidad la guerra de guerrillas, recuperada\nliterariamente en la obra de Lugones \u201cLa Guerra Gaucha\u201d, la que lleg\u00f3 al cine\nen 1942. <\/p>\n\n\n<p>Las partidas de gauchos castigaban las\nl\u00edneas de suministros, atacaban y desaparec\u00edan como fantasmas, sumiendo en el\ndesconcierto, hambre y miseria a los invasores. Actuaban como un gigantesco\nmecanismo de relojer\u00eda que desangr\u00f3 siete intentos realistas en territorio\nargentino. <\/p>\n\n\n<p>Lo espa\u00f1oles admiraban a los jinetes\nargentinos, compar\u00e1ndolos a los cosacos. Adem\u00e1s del gauchaje organizado en\npartidas, G\u00fcemes cre\u00f3 tres Escuadrones de Caballer\u00eda, el m\u00e1s famoso, sus\n\u201cInfernales\u201d, los que vest\u00edan de rojo.<\/p>\n\n\n<p><em>En tiempos en que la patria<br \/> necesitaba valientes<br \/> el gaucho Mart\u00edn se puso a pelear<br \/> entrevera&#8217;o con su gente.<\/em><\/p>\n\n\n<p><em>Del Alto Per\u00fa ven\u00edan<br \/> entraban en Humahuaca<br \/> y ah\u00ed nom\u00e1s Mart\u00edn los sali\u00f3 a topar<br \/> con boleadoras y lanzas.<\/em><\/p>\n\n\n<p><em>Donde termina la calle<br \/> va levant\u00e1ndose el cerro<br \/> all\u00ed est\u00e1 Mart\u00edn<br \/> don Mart\u00edn Miguel<br \/> con sus cien gauchos de fuego.<\/em><\/p>\n\n\n<p><em>Y su guardamonte al aire<br \/> serpenteaba las saetillas<br \/> sabiendo quiz\u00e1s que la muerte cruel<br \/> rondaba en Las Higuerillas.<\/em><\/p>\n\n\n<p><em>Al alba se sinti\u00f3 un grito<br \/> desgarrando todo el valle<br \/> \u00a1Muri\u00f3 don Mart\u00edn!<br \/> \u00a1Muri\u00f3 don Mart\u00edn!<br \/> lo est\u00e1 llorando el gauchaje!<\/em><\/p>\n\n\n<p>\u201cZamba del Gaucho Guerrero\u201d (Hern\u00e1n\nFigueroa Reyes)<\/p>\n\n\n<figure class=\"wp-block-embed-youtube wp-block-embed is-type-video is-provider-youtube wp-embed-aspect-4-3 wp-has-aspect-ratio\"><div class=\"wp-block-embed__wrapper\">\nhttps:\/\/www.youtube.com\/watch?v=YzMuBCRU6nY\n<\/div><figcaption>La zamba de Figueroa Reyes dedicada a G\u00fcemes.<\/figcaption><\/figure>\n]]>\t\t","protected":false},"excerpt":{"rendered":"<p>\t\t\t\t<![CDATA[]]>\t\t<\/p>\n","protected":false},"author":6,"featured_media":16133,"comment_status":"open","ping_status":"open","sticky":false,"template":"","format":"standard","meta":{"site-sidebar-layout":"default","site-content-layout":"","ast-site-content-layout":"default","site-content-style":"default","site-sidebar-style":"default","ast-global-header-display":"","ast-banner-title-visibility":"","ast-main-header-display":"","ast-hfb-above-header-display":"","ast-hfb-below-header-display":"","ast-hfb-mobile-header-display":"","site-post-title":"","ast-breadcrumbs-content":"","ast-featured-img":"","footer-sml-layout":"","ast-disable-related-posts":"","theme-transparent-header-meta":"","adv-header-id-meta":"","stick-header-meta":"","header-above-stick-meta":"","header-main-stick-meta":"","header-below-stick-meta":"","astra-migrate-meta-layouts":"default","ast-page-background-enabled":"default","ast-page-background-meta":{"desktop":{"background-color":"","background-image":"","background-repeat":"repeat","background-position":"center center","background-size":"auto","background-attachment":"scroll","background-type":"","background-media":"","overlay-type":"","overlay-color":"","overlay-opacity":"","overlay-gradient":""},"tablet":{"background-color":"","background-image":"","background-repeat":"repeat","background-position":"center center","background-size":"auto","background-attachment":"scroll","background-type":"","background-media":"","overlay-type":"","overlay-color":"","overlay-opacity":"","overlay-gradient":""},"mobile":{"background-color":"","background-image":"","background-repeat":"repeat","background-position":"center center","background-size":"auto","background-attachment":"scroll","background-type":"","background-media":"","overlay-type":"","overlay-color":"","overlay-opacity":"","overlay-gradient":""}},"ast-content-background-meta":{"desktop":{"background-color":"var(--ast-global-color-5)","background-image":"","background-repeat":"repeat","background-position":"center center","background-size":"auto","background-attachment":"scroll","background-type":"","background-media":"","overlay-type":"","overlay-color":"","overlay-opacity":"","overlay-gradient":""},"tablet":{"background-color":"var(--ast-global-color-5)","background-image":"","background-repeat":"repeat","background-position":"center center","background-size":"auto","background-attachment":"scroll","background-type":"","background-media":"","overlay-type":"","overlay-color":"","overlay-opacity":"","overlay-gradient":""},"mobile":{"background-color":"var(--ast-global-color-5)","background-image":"","background-repeat":"repeat","background-position":"center center","background-size":"auto","background-attachment":"scroll","background-type":"","background-media":"","overlay-type":"","overlay-color":"","overlay-opacity":"","overlay-gradient":""}},"_jetpack_memberships_contains_paid_content":false,"_joinchat":[],"footnotes":""},"categories":[2098],"tags":[],"class_list":["post-17812","post","type-post","status-publish","format-standard","has-post-thumbnail","hentry","category-historias"],"yoast_head":"<!-- This site is optimized with the Yoast SEO plugin v26.8 - https:\/\/yoast.com\/product\/yoast-seo-wordpress\/ -->\n<title>M\u00fasica e Historia: zamba del gaucho guerrero - El Regional<\/title>\n<meta name=\"robots\" content=\"index, follow, max-snippet:-1, max-image-preview:large, max-video-preview:-1\" \/>\n<link rel=\"canonical\" href=\"http:\/\/elregionalvm.com.ar\/noticias-villa-maria\/musica-e-historia-zamba-del-gaucho-guerrero\/\" \/>\n<meta property=\"og:locale\" content=\"es_ES\" \/>\n<meta property=\"og:type\" content=\"article\" \/>\n<meta property=\"og:title\" content=\"M\u00fasica e Historia: zamba del gaucho guerrero - El Regional\" \/>\n<meta property=\"og:url\" content=\"http:\/\/elregionalvm.com.ar\/noticias-villa-maria\/musica-e-historia-zamba-del-gaucho-guerrero\/\" \/>\n<meta property=\"og:site_name\" content=\"El Regional\" \/>\n<meta property=\"article:publisher\" content=\"https:\/\/www.facebook.com\/elregionalvm\" \/>\n<meta property=\"article:published_time\" content=\"2020-06-12T18:07:05+00:00\" \/>\n<meta property=\"article:modified_time\" content=\"2020-06-16T19:21:33+00:00\" \/>\n<meta name=\"author\" content=\"Germ\u00e1n Giacchero\" \/>\n<meta name=\"twitter:card\" content=\"summary_large_image\" \/>\n<meta name=\"twitter:creator\" content=\"@elregionalvm1\" \/>\n<meta name=\"twitter:site\" content=\"@elregionalvm1\" \/>\n<meta name=\"twitter:label1\" content=\"Escrito por\" \/>\n\t<meta name=\"twitter:data1\" content=\"Germ\u00e1n Giacchero\" \/>\n\t<meta name=\"twitter:label2\" content=\"Tiempo de lectura\" \/>\n\t<meta name=\"twitter:data2\" content=\"3 minutos\" \/>\n<script type=\"application\/ld+json\" class=\"yoast-schema-graph\">{\"@context\":\"https:\/\/schema.org\",\"@graph\":[{\"@type\":\"Article\",\"@id\":\"http:\/\/elregionalvm.com.ar\/noticias-villa-maria\/musica-e-historia-zamba-del-gaucho-guerrero\/#article\",\"isPartOf\":{\"@id\":\"http:\/\/elregionalvm.com.ar\/noticias-villa-maria\/musica-e-historia-zamba-del-gaucho-guerrero\/\"},\"author\":{\"name\":\"Germ\u00e1n Giacchero\",\"@id\":\"http:\/\/elregionalvm.com.ar\/noticias-villa-maria\/#\/schema\/person\/d5e4b04966154131701e52c45d3efec9\"},\"headline\":\"M\u00fasica e Historia: zamba del gaucho guerrero\",\"datePublished\":\"2020-06-12T18:07:05+00:00\",\"dateModified\":\"2020-06-16T19:21:33+00:00\",\"mainEntityOfPage\":{\"@id\":\"http:\/\/elregionalvm.com.ar\/noticias-villa-maria\/musica-e-historia-zamba-del-gaucho-guerrero\/\"},\"wordCount\":564,\"commentCount\":2,\"image\":{\"@id\":\"http:\/\/elregionalvm.com.ar\/noticias-villa-maria\/musica-e-historia-zamba-del-gaucho-guerrero\/#primaryimage\"},\"thumbnailUrl\":\"\",\"articleSection\":[\"Historias\"],\"inLanguage\":\"es\",\"potentialAction\":[{\"@type\":\"CommentAction\",\"name\":\"Comment\",\"target\":[\"http:\/\/elregionalvm.com.ar\/noticias-villa-maria\/musica-e-historia-zamba-del-gaucho-guerrero\/#respond\"]}]},{\"@type\":\"WebPage\",\"@id\":\"http:\/\/elregionalvm.com.ar\/noticias-villa-maria\/musica-e-historia-zamba-del-gaucho-guerrero\/\",\"url\":\"http:\/\/elregionalvm.com.ar\/noticias-villa-maria\/musica-e-historia-zamba-del-gaucho-guerrero\/\",\"name\":\"M\u00fasica e Historia: zamba del gaucho guerrero - El Regional\",\"isPartOf\":{\"@id\":\"http:\/\/elregionalvm.com.ar\/noticias-villa-maria\/#website\"},\"primaryImageOfPage\":{\"@id\":\"http:\/\/elregionalvm.com.ar\/noticias-villa-maria\/musica-e-historia-zamba-del-gaucho-guerrero\/#primaryimage\"},\"image\":{\"@id\":\"http:\/\/elregionalvm.com.ar\/noticias-villa-maria\/musica-e-historia-zamba-del-gaucho-guerrero\/#primaryimage\"},\"thumbnailUrl\":\"\",\"datePublished\":\"2020-06-12T18:07:05+00:00\",\"dateModified\":\"2020-06-16T19:21:33+00:00\",\"author\":{\"@id\":\"http:\/\/elregionalvm.com.ar\/noticias-villa-maria\/#\/schema\/person\/d5e4b04966154131701e52c45d3efec9\"},\"breadcrumb\":{\"@id\":\"http:\/\/elregionalvm.com.ar\/noticias-villa-maria\/musica-e-historia-zamba-del-gaucho-guerrero\/#breadcrumb\"},\"inLanguage\":\"es\",\"potentialAction\":[{\"@type\":\"ReadAction\",\"target\":[\"http:\/\/elregionalvm.com.ar\/noticias-villa-maria\/musica-e-historia-zamba-del-gaucho-guerrero\/\"]}]},{\"@type\":\"ImageObject\",\"inLanguage\":\"es\",\"@id\":\"http:\/\/elregionalvm.com.ar\/noticias-villa-maria\/musica-e-historia-zamba-del-gaucho-guerrero\/#primaryimage\",\"url\":\"\",\"contentUrl\":\"\"},{\"@type\":\"BreadcrumbList\",\"@id\":\"http:\/\/elregionalvm.com.ar\/noticias-villa-maria\/musica-e-historia-zamba-del-gaucho-guerrero\/#breadcrumb\",\"itemListElement\":[{\"@type\":\"ListItem\",\"position\":1,\"name\":\"Portada\",\"item\":\"https:\/\/elregionalvm.com.ar\/noticias-villa-maria\/\"},{\"@type\":\"ListItem\",\"position\":2,\"name\":\"M\u00fasica e Historia: zamba del gaucho guerrero\"}]},{\"@type\":\"WebSite\",\"@id\":\"http:\/\/elregionalvm.com.ar\/noticias-villa-maria\/#website\",\"url\":\"http:\/\/elregionalvm.com.ar\/noticias-villa-maria\/\",\"name\":\"El Regional\",\"description\":\"Mucho m\u00e1s que informaci\u00f3n\",\"potentialAction\":[{\"@type\":\"SearchAction\",\"target\":{\"@type\":\"EntryPoint\",\"urlTemplate\":\"http:\/\/elregionalvm.com.ar\/noticias-villa-maria\/?s={search_term_string}\"},\"query-input\":{\"@type\":\"PropertyValueSpecification\",\"valueRequired\":true,\"valueName\":\"search_term_string\"}}],\"inLanguage\":\"es\"},{\"@type\":\"Person\",\"@id\":\"http:\/\/elregionalvm.com.ar\/noticias-villa-maria\/#\/schema\/person\/d5e4b04966154131701e52c45d3efec9\",\"name\":\"Germ\u00e1n Giacchero\",\"image\":{\"@type\":\"ImageObject\",\"inLanguage\":\"es\",\"@id\":\"http:\/\/elregionalvm.com.ar\/noticias-villa-maria\/#\/schema\/person\/image\/\",\"url\":\"https:\/\/secure.gravatar.com\/avatar\/fda163ba5ef0307ee5be9846e10f83b6e83d0cfb260d3b2464830318894c6b04?s=96&d=mm&r=g\",\"contentUrl\":\"https:\/\/secure.gravatar.com\/avatar\/fda163ba5ef0307ee5be9846e10f83b6e83d0cfb260d3b2464830318894c6b04?s=96&d=mm&r=g\",\"caption\":\"Germ\u00e1n Giacchero\"},\"url\":\"https:\/\/elregionalvm.com.ar\/noticias-villa-maria\/author\/germangiacchero\/\"}]}<\/script>\n<!-- \/ Yoast SEO plugin. -->","yoast_head_json":{"title":"M\u00fasica e Historia: zamba del gaucho guerrero - El Regional","robots":{"index":"index","follow":"follow","max-snippet":"max-snippet:-1","max-image-preview":"max-image-preview:large","max-video-preview":"max-video-preview:-1"},"canonical":"http:\/\/elregionalvm.com.ar\/noticias-villa-maria\/musica-e-historia-zamba-del-gaucho-guerrero\/","og_locale":"es_ES","og_type":"article","og_title":"M\u00fasica e Historia: zamba del gaucho guerrero - El Regional","og_url":"http:\/\/elregionalvm.com.ar\/noticias-villa-maria\/musica-e-historia-zamba-del-gaucho-guerrero\/","og_site_name":"El Regional","article_publisher":"https:\/\/www.facebook.com\/elregionalvm","article_published_time":"2020-06-12T18:07:05+00:00","article_modified_time":"2020-06-16T19:21:33+00:00","author":"Germ\u00e1n Giacchero","twitter_card":"summary_large_image","twitter_creator":"@elregionalvm1","twitter_site":"@elregionalvm1","twitter_misc":{"Escrito por":"Germ\u00e1n Giacchero","Tiempo de lectura":"3 minutos"},"schema":{"@context":"https:\/\/schema.org","@graph":[{"@type":"Article","@id":"http:\/\/elregionalvm.com.ar\/noticias-villa-maria\/musica-e-historia-zamba-del-gaucho-guerrero\/#article","isPartOf":{"@id":"http:\/\/elregionalvm.com.ar\/noticias-villa-maria\/musica-e-historia-zamba-del-gaucho-guerrero\/"},"author":{"name":"Germ\u00e1n Giacchero","@id":"http:\/\/elregionalvm.com.ar\/noticias-villa-maria\/#\/schema\/person\/d5e4b04966154131701e52c45d3efec9"},"headline":"M\u00fasica e Historia: zamba del gaucho guerrero","datePublished":"2020-06-12T18:07:05+00:00","dateModified":"2020-06-16T19:21:33+00:00","mainEntityOfPage":{"@id":"http:\/\/elregionalvm.com.ar\/noticias-villa-maria\/musica-e-historia-zamba-del-gaucho-guerrero\/"},"wordCount":564,"commentCount":2,"image":{"@id":"http:\/\/elregionalvm.com.ar\/noticias-villa-maria\/musica-e-historia-zamba-del-gaucho-guerrero\/#primaryimage"},"thumbnailUrl":"","articleSection":["Historias"],"inLanguage":"es","potentialAction":[{"@type":"CommentAction","name":"Comment","target":["http:\/\/elregionalvm.com.ar\/noticias-villa-maria\/musica-e-historia-zamba-del-gaucho-guerrero\/#respond"]}]},{"@type":"WebPage","@id":"http:\/\/elregionalvm.com.ar\/noticias-villa-maria\/musica-e-historia-zamba-del-gaucho-guerrero\/","url":"http:\/\/elregionalvm.com.ar\/noticias-villa-maria\/musica-e-historia-zamba-del-gaucho-guerrero\/","name":"M\u00fasica e Historia: zamba del gaucho guerrero - El Regional","isPartOf":{"@id":"http:\/\/elregionalvm.com.ar\/noticias-villa-maria\/#website"},"primaryImageOfPage":{"@id":"http:\/\/elregionalvm.com.ar\/noticias-villa-maria\/musica-e-historia-zamba-del-gaucho-guerrero\/#primaryimage"},"image":{"@id":"http:\/\/elregionalvm.com.ar\/noticias-villa-maria\/musica-e-historia-zamba-del-gaucho-guerrero\/#primaryimage"},"thumbnailUrl":"","datePublished":"2020-06-12T18:07:05+00:00","dateModified":"2020-06-16T19:21:33+00:00","author":{"@id":"http:\/\/elregionalvm.com.ar\/noticias-villa-maria\/#\/schema\/person\/d5e4b04966154131701e52c45d3efec9"},"breadcrumb":{"@id":"http:\/\/elregionalvm.com.ar\/noticias-villa-maria\/musica-e-historia-zamba-del-gaucho-guerrero\/#breadcrumb"},"inLanguage":"es","potentialAction":[{"@type":"ReadAction","target":["http:\/\/elregionalvm.com.ar\/noticias-villa-maria\/musica-e-historia-zamba-del-gaucho-guerrero\/"]}]},{"@type":"ImageObject","inLanguage":"es","@id":"http:\/\/elregionalvm.com.ar\/noticias-villa-maria\/musica-e-historia-zamba-del-gaucho-guerrero\/#primaryimage","url":"","contentUrl":""},{"@type":"BreadcrumbList","@id":"http:\/\/elregionalvm.com.ar\/noticias-villa-maria\/musica-e-historia-zamba-del-gaucho-guerrero\/#breadcrumb","itemListElement":[{"@type":"ListItem","position":1,"name":"Portada","item":"https:\/\/elregionalvm.com.ar\/noticias-villa-maria\/"},{"@type":"ListItem","position":2,"name":"M\u00fasica e Historia: zamba del gaucho guerrero"}]},{"@type":"WebSite","@id":"http:\/\/elregionalvm.com.ar\/noticias-villa-maria\/#website","url":"http:\/\/elregionalvm.com.ar\/noticias-villa-maria\/","name":"El Regional","description":"Mucho m\u00e1s que informaci\u00f3n","potentialAction":[{"@type":"SearchAction","target":{"@type":"EntryPoint","urlTemplate":"http:\/\/elregionalvm.com.ar\/noticias-villa-maria\/?s={search_term_string}"},"query-input":{"@type":"PropertyValueSpecification","valueRequired":true,"valueName":"search_term_string"}}],"inLanguage":"es"},{"@type":"Person","@id":"http:\/\/elregionalvm.com.ar\/noticias-villa-maria\/#\/schema\/person\/d5e4b04966154131701e52c45d3efec9","name":"Germ\u00e1n Giacchero","image":{"@type":"ImageObject","inLanguage":"es","@id":"http:\/\/elregionalvm.com.ar\/noticias-villa-maria\/#\/schema\/person\/image\/","url":"https:\/\/secure.gravatar.com\/avatar\/fda163ba5ef0307ee5be9846e10f83b6e83d0cfb260d3b2464830318894c6b04?s=96&d=mm&r=g","contentUrl":"https:\/\/secure.gravatar.com\/avatar\/fda163ba5ef0307ee5be9846e10f83b6e83d0cfb260d3b2464830318894c6b04?s=96&d=mm&r=g","caption":"Germ\u00e1n Giacchero"},"url":"https:\/\/elregionalvm.com.ar\/noticias-villa-maria\/author\/germangiacchero\/"}]}},"jetpack_featured_media_url":"","jetpack_sharing_enabled":true,"_links":{"self":[{"href":"https:\/\/elregionalvm.com.ar\/noticias-villa-maria\/wp-json\/wp\/v2\/posts\/17812","targetHints":{"allow":["GET"]}}],"collection":[{"href":"https:\/\/elregionalvm.com.ar\/noticias-villa-maria\/wp-json\/wp\/v2\/posts"}],"about":[{"href":"https:\/\/elregionalvm.com.ar\/noticias-villa-maria\/wp-json\/wp\/v2\/types\/post"}],"author":[{"embeddable":true,"href":"https:\/\/elregionalvm.com.ar\/noticias-villa-maria\/wp-json\/wp\/v2\/users\/6"}],"replies":[{"embeddable":true,"href":"https:\/\/elregionalvm.com.ar\/noticias-villa-maria\/wp-json\/wp\/v2\/comments?post=17812"}],"version-history":[{"count":1,"href":"https:\/\/elregionalvm.com.ar\/noticias-villa-maria\/wp-json\/wp\/v2\/posts\/17812\/revisions"}],"predecessor-version":[{"id":18149,"href":"https:\/\/elregionalvm.com.ar\/noticias-villa-maria\/wp-json\/wp\/v2\/posts\/17812\/revisions\/18149"}],"wp:featuredmedia":[{"embeddable":true,"href":"https:\/\/elregionalvm.com.ar\/noticias-villa-maria\/wp-json\/"}],"wp:attachment":[{"href":"https:\/\/elregionalvm.com.ar\/noticias-villa-maria\/wp-json\/wp\/v2\/media?parent=17812"}],"wp:term":[{"taxonomy":"category","embeddable":true,"href":"https:\/\/elregionalvm.com.ar\/noticias-villa-maria\/wp-json\/wp\/v2\/categories?post=17812"},{"taxonomy":"post_tag","embeddable":true,"href":"https:\/\/elregionalvm.com.ar\/noticias-villa-maria\/wp-json\/wp\/v2\/tags?post=17812"}],"curies":[{"name":"wp","href":"https:\/\/api.w.org\/{rel}","templated":true}]}}