{"id":17813,"date":"2020-06-13T23:18:06","date_gmt":"2020-06-13T23:18:06","guid":{"rendered":"http:\/\/www.elregionalvm.com.ar\/?p=16138"},"modified":"2020-06-25T23:08:18","modified_gmt":"2020-06-25T23:08:18","slug":"coronavirus-usaran-plasma-de-11-recuperados-para-tratar-a-enfermos-graves","status":"publish","type":"post","link":"https:\/\/elregionalvm.com.ar\/noticias-villa-maria\/coronavirus-usaran-plasma-de-11-recuperados-para-tratar-a-enfermos-graves\/","title":{"rendered":"Coronavirus: usar\u00e1n plasma de 11 recuperados para tratar a enfermos graves"},"content":{"rendered":"<p><!--[CDATA[\n<\/p--><\/p>\n\n\n<p><strong>Son pacientes de Villa Mar\u00eda, Villa Nueva y La Playosa.<\/strong> <\/p>\n\n\n\n<p>Un total de 11 personas de Villa Mar\u00eda y la regi\u00f3n recuperados\nde Covid-19 donar\u00e1n su plasma para el tratamiento de pacientes que se encuentran\nen grave estado.<\/p>\n\n\n\n<p>As\u00ed lo confirm\u00f3 Gustavo G\u00f3mez, jefe del servicio de\nhemoterapia del Hospital Pasteur. <\/p>\n\n\n\n<p>\u201cConcurrir\u00e1n a C\u00f3rdoba donde se les har\u00e1 una plasmaf\u00e9resis,\nque consiste en extraer el plasma de la sangre, para ser usados en el\ntratamiento de enfermos de Covid-19, que est\u00e1n en un estado de mediana gravedad\no que se van agravando y no se pueden recuperar\u201d, explic\u00f3 el especialista. <\/p>\n\n\n\n<p>G\u00f3mez a\u00f1adi\u00f3 que el procedimiento es el mismo que se\nusa en el caso de la fiebre hemorr\u00e1gica. \u201cTambi\u00e9n se usa el plasma como tratamiento\ny tiene muy buena respuesta en los pacientes\u201d. <\/p>\n\n\n\n<p>Los recuperados provienen de Villa Mar\u00eda, Villa Nueva\ny La Playosa. Este s\u00e1bado 13 de junio fueron citados al Hospital villamariense\npara iniciar el proceso que culminar\u00e1 con la extracci\u00f3n de plasma en la capital\nprovincial. <\/p>\n\n\n\n<p>A continuaci\u00f3n, el audio con la declaraci\u00f3n del\nprofesional del \u00e1rea de hemoterapia. <\/p>\n\n\n\n<figure class=\"wp-block-audio\"><audio controls src=\"http:\/\/www.elregionalvm.com.ar\/wp-content\/uploads\/2020\/06\/Audio-Dr.-G\u00f3mez-plasma.mp3-online-audio-converter.com_.mp3\" autoplay><\/audio><figcaption>Dr. G\u00f3mez, jefe de Hemoterapia del Hospital Pasteur. <\/figcaption><\/figure>\n\n\n<p>]]&gt;<\/p>","protected":false},"excerpt":{"rendered":"<p>\t\t\t\t<![CDATA[]]>\t\t<\/p>\n","protected":false},"author":6,"featured_media":18579,"comment_status":"open","ping_status":"open","sticky":false,"template":"","format":"standard","meta":{"site-sidebar-layout":"default","site-content-layout":"default","ast-site-content-layout":"default","site-content-style":"default","site-sidebar-style":"default","ast-global-header-display":"","ast-banner-title-visibility":"","ast-main-header-display":"","ast-hfb-above-header-display":"","ast-hfb-below-header-display":"","ast-hfb-mobile-header-display":"","site-post-title":"","ast-breadcrumbs-content":"","ast-featured-img":"","footer-sml-layout":"","ast-disable-related-posts":"","theme-transparent-header-meta":"default","adv-header-id-meta":"","stick-header-meta":"","header-above-stick-meta":"","header-main-stick-meta":"","header-below-stick-meta":"","astra-migrate-meta-layouts":"default","ast-page-background-enabled":"default","ast-page-background-meta":{"desktop":{"background-color":"","background-image":"","background-repeat":"repeat","background-position":"center center","background-size":"auto","background-attachment":"scroll","background-type":"","background-media":"","overlay-type":"","overlay-color":"","overlay-opacity":"","overlay-gradient":""},"tablet":{"background-color":"","background-image":"","background-repeat":"repeat","background-position":"center center","background-size":"auto","background-attachment":"scroll","background-type":"","background-media":"","overlay-type":"","overlay-color":"","overlay-opacity":"","overlay-gradient":""},"mobile":{"background-color":"","background-image":"","background-repeat":"repeat","background-position":"center center","background-size":"auto","background-attachment":"scroll","background-type":"","background-media":"","overlay-type":"","overlay-color":"","overlay-opacity":"","overlay-gradient":""}},"ast-content-background-meta":{"desktop":{"background-color":"var(--ast-global-color-5)","background-image":"","background-repeat":"repeat","background-position":"center center","background-size":"auto","background-attachment":"scroll","background-type":"","background-media":"","overlay-type":"","overlay-color":"","overlay-opacity":"","overlay-gradient":""},"tablet":{"background-color":"var(--ast-global-color-5)","background-image":"","background-repeat":"repeat","background-position":"center center","background-size":"auto","background-attachment":"scroll","background-type":"","background-media":"","overlay-type":"","overlay-color":"","overlay-opacity":"","overlay-gradient":""},"mobile":{"background-color":"var(--ast-global-color-5)","background-image":"","background-repeat":"repeat","background-position":"center center","background-size":"auto","background-attachment":"scroll","background-type":"","background-media":"","overlay-type":"","overlay-color":"","overlay-opacity":"","overlay-gradient":""}},"_jetpack_memberships_contains_paid_content":false,"_joinchat":[],"footnotes":""},"categories":[2256,2],"tags":[],"class_list":["post-17813","post","type-post","status-publish","format-standard","has-post-thumbnail","hentry","category-coronavirus","category-villa-maria"],"yoast_head":"<!-- This site is optimized with the Yoast SEO plugin v26.8 - https:\/\/yoast.com\/product\/yoast-seo-wordpress\/ -->\n<title>Coronavirus: usar\u00e1n plasma de 11 recuperados para tratar a enfermos graves - El Regional<\/title>\n<meta name=\"robots\" content=\"index, follow, max-snippet:-1, max-image-preview:large, max-video-preview:-1\" \/>\n<link rel=\"canonical\" href=\"http:\/\/elregionalvm.com.ar\/noticias-villa-maria\/coronavirus-usaran-plasma-de-11-recuperados-para-tratar-a-enfermos-graves\/\" \/>\n<meta property=\"og:locale\" content=\"es_ES\" \/>\n<meta property=\"og:type\" content=\"article\" \/>\n<meta property=\"og:title\" content=\"Coronavirus: usar\u00e1n plasma de 11 recuperados para tratar a enfermos graves - El Regional\" \/>\n<meta property=\"og:url\" content=\"http:\/\/elregionalvm.com.ar\/noticias-villa-maria\/coronavirus-usaran-plasma-de-11-recuperados-para-tratar-a-enfermos-graves\/\" \/>\n<meta property=\"og:site_name\" content=\"El Regional\" \/>\n<meta property=\"article:publisher\" content=\"https:\/\/www.facebook.com\/elregionalvm\" \/>\n<meta property=\"article:published_time\" content=\"2020-06-13T23:18:06+00:00\" \/>\n<meta property=\"article:modified_time\" content=\"2020-06-25T23:08:18+00:00\" \/>\n<meta property=\"og:image\" content=\"http:\/\/elregionalvm.com.ar\/noticias-villa-maria\/wp-content\/uploads\/2020\/06\/Coronavirus-plasma.jpg\" \/>\n\t<meta property=\"og:image:width\" content=\"1920\" \/>\n\t<meta property=\"og:image:height\" content=\"1080\" \/>\n\t<meta property=\"og:image:type\" content=\"image\/jpeg\" \/>\n<meta name=\"author\" content=\"Germ\u00e1n Giacchero\" \/>\n<meta name=\"twitter:card\" content=\"summary_large_image\" \/>\n<meta name=\"twitter:creator\" content=\"@elregionalvm1\" \/>\n<meta name=\"twitter:site\" content=\"@elregionalvm1\" \/>\n<meta name=\"twitter:label1\" content=\"Escrito por\" \/>\n\t<meta name=\"twitter:data1\" content=\"Germ\u00e1n Giacchero\" \/>\n\t<meta name=\"twitter:label2\" content=\"Tiempo de lectura\" \/>\n\t<meta name=\"twitter:data2\" content=\"1 minuto\" \/>\n<script type=\"application\/ld+json\" class=\"yoast-schema-graph\">{\"@context\":\"https:\/\/schema.org\",\"@graph\":[{\"@type\":\"Article\",\"@id\":\"http:\/\/elregionalvm.com.ar\/noticias-villa-maria\/coronavirus-usaran-plasma-de-11-recuperados-para-tratar-a-enfermos-graves\/#article\",\"isPartOf\":{\"@id\":\"http:\/\/elregionalvm.com.ar\/noticias-villa-maria\/coronavirus-usaran-plasma-de-11-recuperados-para-tratar-a-enfermos-graves\/\"},\"author\":{\"name\":\"Germ\u00e1n Giacchero\",\"@id\":\"http:\/\/elregionalvm.com.ar\/noticias-villa-maria\/#\/schema\/person\/d5e4b04966154131701e52c45d3efec9\"},\"headline\":\"Coronavirus: usar\u00e1n plasma de 11 recuperados para tratar a enfermos graves\",\"datePublished\":\"2020-06-13T23:18:06+00:00\",\"dateModified\":\"2020-06-25T23:08:18+00:00\",\"mainEntityOfPage\":{\"@id\":\"http:\/\/elregionalvm.com.ar\/noticias-villa-maria\/coronavirus-usaran-plasma-de-11-recuperados-para-tratar-a-enfermos-graves\/\"},\"wordCount\":219,\"commentCount\":0,\"image\":{\"@id\":\"http:\/\/elregionalvm.com.ar\/noticias-villa-maria\/coronavirus-usaran-plasma-de-11-recuperados-para-tratar-a-enfermos-graves\/#primaryimage\"},\"thumbnailUrl\":\"https:\/\/i0.wp.com\/elregionalvm.com.ar\/noticias-villa-maria\/wp-content\/uploads\/2020\/06\/Coronavirus-plasma.jpg?fit=1920%2C1080&ssl=1\",\"articleSection\":[\"Coronavirus\",\"Villa Mar\u00eda\"],\"inLanguage\":\"es\",\"potentialAction\":[{\"@type\":\"CommentAction\",\"name\":\"Comment\",\"target\":[\"http:\/\/elregionalvm.com.ar\/noticias-villa-maria\/coronavirus-usaran-plasma-de-11-recuperados-para-tratar-a-enfermos-graves\/#respond\"]}]},{\"@type\":\"WebPage\",\"@id\":\"http:\/\/elregionalvm.com.ar\/noticias-villa-maria\/coronavirus-usaran-plasma-de-11-recuperados-para-tratar-a-enfermos-graves\/\",\"url\":\"http:\/\/elregionalvm.com.ar\/noticias-villa-maria\/coronavirus-usaran-plasma-de-11-recuperados-para-tratar-a-enfermos-graves\/\",\"name\":\"Coronavirus: usar\u00e1n plasma de 11 recuperados para tratar a enfermos graves - El Regional\",\"isPartOf\":{\"@id\":\"http:\/\/elregionalvm.com.ar\/noticias-villa-maria\/#website\"},\"primaryImageOfPage\":{\"@id\":\"http:\/\/elregionalvm.com.ar\/noticias-villa-maria\/coronavirus-usaran-plasma-de-11-recuperados-para-tratar-a-enfermos-graves\/#primaryimage\"},\"image\":{\"@id\":\"http:\/\/elregionalvm.com.ar\/noticias-villa-maria\/coronavirus-usaran-plasma-de-11-recuperados-para-tratar-a-enfermos-graves\/#primaryimage\"},\"thumbnailUrl\":\"https:\/\/i0.wp.com\/elregionalvm.com.ar\/noticias-villa-maria\/wp-content\/uploads\/2020\/06\/Coronavirus-plasma.jpg?fit=1920%2C1080&ssl=1\",\"datePublished\":\"2020-06-13T23:18:06+00:00\",\"dateModified\":\"2020-06-25T23:08:18+00:00\",\"author\":{\"@id\":\"http:\/\/elregionalvm.com.ar\/noticias-villa-maria\/#\/schema\/person\/d5e4b04966154131701e52c45d3efec9\"},\"breadcrumb\":{\"@id\":\"http:\/\/elregionalvm.com.ar\/noticias-villa-maria\/coronavirus-usaran-plasma-de-11-recuperados-para-tratar-a-enfermos-graves\/#breadcrumb\"},\"inLanguage\":\"es\",\"potentialAction\":[{\"@type\":\"ReadAction\",\"target\":[\"http:\/\/elregionalvm.com.ar\/noticias-villa-maria\/coronavirus-usaran-plasma-de-11-recuperados-para-tratar-a-enfermos-graves\/\"]}]},{\"@type\":\"ImageObject\",\"inLanguage\":\"es\",\"@id\":\"http:\/\/elregionalvm.com.ar\/noticias-villa-maria\/coronavirus-usaran-plasma-de-11-recuperados-para-tratar-a-enfermos-graves\/#primaryimage\",\"url\":\"https:\/\/i0.wp.com\/elregionalvm.com.ar\/noticias-villa-maria\/wp-content\/uploads\/2020\/06\/Coronavirus-plasma.jpg?fit=1920%2C1080&ssl=1\",\"contentUrl\":\"https:\/\/i0.wp.com\/elregionalvm.com.ar\/noticias-villa-maria\/wp-content\/uploads\/2020\/06\/Coronavirus-plasma.jpg?fit=1920%2C1080&ssl=1\",\"width\":1920,\"height\":1080},{\"@type\":\"BreadcrumbList\",\"@id\":\"http:\/\/elregionalvm.com.ar\/noticias-villa-maria\/coronavirus-usaran-plasma-de-11-recuperados-para-tratar-a-enfermos-graves\/#breadcrumb\",\"itemListElement\":[{\"@type\":\"ListItem\",\"position\":1,\"name\":\"Portada\",\"item\":\"https:\/\/elregionalvm.com.ar\/noticias-villa-maria\/\"},{\"@type\":\"ListItem\",\"position\":2,\"name\":\"Coronavirus: usar\u00e1n plasma de 11 recuperados para tratar a enfermos graves\"}]},{\"@type\":\"WebSite\",\"@id\":\"http:\/\/elregionalvm.com.ar\/noticias-villa-maria\/#website\",\"url\":\"http:\/\/elregionalvm.com.ar\/noticias-villa-maria\/\",\"name\":\"El Regional\",\"description\":\"Mucho m\u00e1s que informaci\u00f3n\",\"potentialAction\":[{\"@type\":\"SearchAction\",\"target\":{\"@type\":\"EntryPoint\",\"urlTemplate\":\"http:\/\/elregionalvm.com.ar\/noticias-villa-maria\/?s={search_term_string}\"},\"query-input\":{\"@type\":\"PropertyValueSpecification\",\"valueRequired\":true,\"valueName\":\"search_term_string\"}}],\"inLanguage\":\"es\"},{\"@type\":\"Person\",\"@id\":\"http:\/\/elregionalvm.com.ar\/noticias-villa-maria\/#\/schema\/person\/d5e4b04966154131701e52c45d3efec9\",\"name\":\"Germ\u00e1n Giacchero\",\"image\":{\"@type\":\"ImageObject\",\"inLanguage\":\"es\",\"@id\":\"http:\/\/elregionalvm.com.ar\/noticias-villa-maria\/#\/schema\/person\/image\/\",\"url\":\"https:\/\/secure.gravatar.com\/avatar\/fda163ba5ef0307ee5be9846e10f83b6e83d0cfb260d3b2464830318894c6b04?s=96&d=mm&r=g\",\"contentUrl\":\"https:\/\/secure.gravatar.com\/avatar\/fda163ba5ef0307ee5be9846e10f83b6e83d0cfb260d3b2464830318894c6b04?s=96&d=mm&r=g\",\"caption\":\"Germ\u00e1n Giacchero\"},\"url\":\"https:\/\/elregionalvm.com.ar\/noticias-villa-maria\/author\/germangiacchero\/\"}]}<\/script>\n<!-- \/ Yoast SEO plugin. -->","yoast_head_json":{"title":"Coronavirus: usar\u00e1n plasma de 11 recuperados para tratar a enfermos graves - El Regional","robots":{"index":"index","follow":"follow","max-snippet":"max-snippet:-1","max-image-preview":"max-image-preview:large","max-video-preview":"max-video-preview:-1"},"canonical":"http:\/\/elregionalvm.com.ar\/noticias-villa-maria\/coronavirus-usaran-plasma-de-11-recuperados-para-tratar-a-enfermos-graves\/","og_locale":"es_ES","og_type":"article","og_title":"Coronavirus: usar\u00e1n plasma de 11 recuperados para tratar a enfermos graves - El Regional","og_url":"http:\/\/elregionalvm.com.ar\/noticias-villa-maria\/coronavirus-usaran-plasma-de-11-recuperados-para-tratar-a-enfermos-graves\/","og_site_name":"El Regional","article_publisher":"https:\/\/www.facebook.com\/elregionalvm","article_published_time":"2020-06-13T23:18:06+00:00","article_modified_time":"2020-06-25T23:08:18+00:00","og_image":[{"width":1920,"height":1080,"url":"http:\/\/elregionalvm.com.ar\/noticias-villa-maria\/wp-content\/uploads\/2020\/06\/Coronavirus-plasma.jpg","type":"image\/jpeg"}],"author":"Germ\u00e1n Giacchero","twitter_card":"summary_large_image","twitter_creator":"@elregionalvm1","twitter_site":"@elregionalvm1","twitter_misc":{"Escrito por":"Germ\u00e1n Giacchero","Tiempo de lectura":"1 minuto"},"schema":{"@context":"https:\/\/schema.org","@graph":[{"@type":"Article","@id":"http:\/\/elregionalvm.com.ar\/noticias-villa-maria\/coronavirus-usaran-plasma-de-11-recuperados-para-tratar-a-enfermos-graves\/#article","isPartOf":{"@id":"http:\/\/elregionalvm.com.ar\/noticias-villa-maria\/coronavirus-usaran-plasma-de-11-recuperados-para-tratar-a-enfermos-graves\/"},"author":{"name":"Germ\u00e1n Giacchero","@id":"http:\/\/elregionalvm.com.ar\/noticias-villa-maria\/#\/schema\/person\/d5e4b04966154131701e52c45d3efec9"},"headline":"Coronavirus: usar\u00e1n plasma de 11 recuperados para tratar a enfermos graves","datePublished":"2020-06-13T23:18:06+00:00","dateModified":"2020-06-25T23:08:18+00:00","mainEntityOfPage":{"@id":"http:\/\/elregionalvm.com.ar\/noticias-villa-maria\/coronavirus-usaran-plasma-de-11-recuperados-para-tratar-a-enfermos-graves\/"},"wordCount":219,"commentCount":0,"image":{"@id":"http:\/\/elregionalvm.com.ar\/noticias-villa-maria\/coronavirus-usaran-plasma-de-11-recuperados-para-tratar-a-enfermos-graves\/#primaryimage"},"thumbnailUrl":"https:\/\/i0.wp.com\/elregionalvm.com.ar\/noticias-villa-maria\/wp-content\/uploads\/2020\/06\/Coronavirus-plasma.jpg?fit=1920%2C1080&ssl=1","articleSection":["Coronavirus","Villa Mar\u00eda"],"inLanguage":"es","potentialAction":[{"@type":"CommentAction","name":"Comment","target":["http:\/\/elregionalvm.com.ar\/noticias-villa-maria\/coronavirus-usaran-plasma-de-11-recuperados-para-tratar-a-enfermos-graves\/#respond"]}]},{"@type":"WebPage","@id":"http:\/\/elregionalvm.com.ar\/noticias-villa-maria\/coronavirus-usaran-plasma-de-11-recuperados-para-tratar-a-enfermos-graves\/","url":"http:\/\/elregionalvm.com.ar\/noticias-villa-maria\/coronavirus-usaran-plasma-de-11-recuperados-para-tratar-a-enfermos-graves\/","name":"Coronavirus: usar\u00e1n plasma de 11 recuperados para tratar a enfermos graves - El Regional","isPartOf":{"@id":"http:\/\/elregionalvm.com.ar\/noticias-villa-maria\/#website"},"primaryImageOfPage":{"@id":"http:\/\/elregionalvm.com.ar\/noticias-villa-maria\/coronavirus-usaran-plasma-de-11-recuperados-para-tratar-a-enfermos-graves\/#primaryimage"},"image":{"@id":"http:\/\/elregionalvm.com.ar\/noticias-villa-maria\/coronavirus-usaran-plasma-de-11-recuperados-para-tratar-a-enfermos-graves\/#primaryimage"},"thumbnailUrl":"https:\/\/i0.wp.com\/elregionalvm.com.ar\/noticias-villa-maria\/wp-content\/uploads\/2020\/06\/Coronavirus-plasma.jpg?fit=1920%2C1080&ssl=1","datePublished":"2020-06-13T23:18:06+00:00","dateModified":"2020-06-25T23:08:18+00:00","author":{"@id":"http:\/\/elregionalvm.com.ar\/noticias-villa-maria\/#\/schema\/person\/d5e4b04966154131701e52c45d3efec9"},"breadcrumb":{"@id":"http:\/\/elregionalvm.com.ar\/noticias-villa-maria\/coronavirus-usaran-plasma-de-11-recuperados-para-tratar-a-enfermos-graves\/#breadcrumb"},"inLanguage":"es","potentialAction":[{"@type":"ReadAction","target":["http:\/\/elregionalvm.com.ar\/noticias-villa-maria\/coronavirus-usaran-plasma-de-11-recuperados-para-tratar-a-enfermos-graves\/"]}]},{"@type":"ImageObject","inLanguage":"es","@id":"http:\/\/elregionalvm.com.ar\/noticias-villa-maria\/coronavirus-usaran-plasma-de-11-recuperados-para-tratar-a-enfermos-graves\/#primaryimage","url":"https:\/\/i0.wp.com\/elregionalvm.com.ar\/noticias-villa-maria\/wp-content\/uploads\/2020\/06\/Coronavirus-plasma.jpg?fit=1920%2C1080&ssl=1","contentUrl":"https:\/\/i0.wp.com\/elregionalvm.com.ar\/noticias-villa-maria\/wp-content\/uploads\/2020\/06\/Coronavirus-plasma.jpg?fit=1920%2C1080&ssl=1","width":1920,"height":1080},{"@type":"BreadcrumbList","@id":"http:\/\/elregionalvm.com.ar\/noticias-villa-maria\/coronavirus-usaran-plasma-de-11-recuperados-para-tratar-a-enfermos-graves\/#breadcrumb","itemListElement":[{"@type":"ListItem","position":1,"name":"Portada","item":"https:\/\/elregionalvm.com.ar\/noticias-villa-maria\/"},{"@type":"ListItem","position":2,"name":"Coronavirus: usar\u00e1n plasma de 11 recuperados para tratar a enfermos graves"}]},{"@type":"WebSite","@id":"http:\/\/elregionalvm.com.ar\/noticias-villa-maria\/#website","url":"http:\/\/elregionalvm.com.ar\/noticias-villa-maria\/","name":"El Regional","description":"Mucho m\u00e1s que informaci\u00f3n","potentialAction":[{"@type":"SearchAction","target":{"@type":"EntryPoint","urlTemplate":"http:\/\/elregionalvm.com.ar\/noticias-villa-maria\/?s={search_term_string}"},"query-input":{"@type":"PropertyValueSpecification","valueRequired":true,"valueName":"search_term_string"}}],"inLanguage":"es"},{"@type":"Person","@id":"http:\/\/elregionalvm.com.ar\/noticias-villa-maria\/#\/schema\/person\/d5e4b04966154131701e52c45d3efec9","name":"Germ\u00e1n Giacchero","image":{"@type":"ImageObject","inLanguage":"es","@id":"http:\/\/elregionalvm.com.ar\/noticias-villa-maria\/#\/schema\/person\/image\/","url":"https:\/\/secure.gravatar.com\/avatar\/fda163ba5ef0307ee5be9846e10f83b6e83d0cfb260d3b2464830318894c6b04?s=96&d=mm&r=g","contentUrl":"https:\/\/secure.gravatar.com\/avatar\/fda163ba5ef0307ee5be9846e10f83b6e83d0cfb260d3b2464830318894c6b04?s=96&d=mm&r=g","caption":"Germ\u00e1n Giacchero"},"url":"https:\/\/elregionalvm.com.ar\/noticias-villa-maria\/author\/germangiacchero\/"}]}},"jetpack_featured_media_url":"https:\/\/i0.wp.com\/elregionalvm.com.ar\/noticias-villa-maria\/wp-content\/uploads\/2020\/06\/Coronavirus-plasma.jpg?fit=1920%2C1080&ssl=1","jetpack_sharing_enabled":true,"_links":{"self":[{"href":"https:\/\/elregionalvm.com.ar\/noticias-villa-maria\/wp-json\/wp\/v2\/posts\/17813","targetHints":{"allow":["GET"]}}],"collection":[{"href":"https:\/\/elregionalvm.com.ar\/noticias-villa-maria\/wp-json\/wp\/v2\/posts"}],"about":[{"href":"https:\/\/elregionalvm.com.ar\/noticias-villa-maria\/wp-json\/wp\/v2\/types\/post"}],"author":[{"embeddable":true,"href":"https:\/\/elregionalvm.com.ar\/noticias-villa-maria\/wp-json\/wp\/v2\/users\/6"}],"replies":[{"embeddable":true,"href":"https:\/\/elregionalvm.com.ar\/noticias-villa-maria\/wp-json\/wp\/v2\/comments?post=17813"}],"version-history":[{"count":2,"href":"https:\/\/elregionalvm.com.ar\/noticias-villa-maria\/wp-json\/wp\/v2\/posts\/17813\/revisions"}],"predecessor-version":[{"id":18580,"href":"https:\/\/elregionalvm.com.ar\/noticias-villa-maria\/wp-json\/wp\/v2\/posts\/17813\/revisions\/18580"}],"wp:featuredmedia":[{"embeddable":true,"href":"https:\/\/elregionalvm.com.ar\/noticias-villa-maria\/wp-json\/wp\/v2\/media\/18579"}],"wp:attachment":[{"href":"https:\/\/elregionalvm.com.ar\/noticias-villa-maria\/wp-json\/wp\/v2\/media?parent=17813"}],"wp:term":[{"taxonomy":"category","embeddable":true,"href":"https:\/\/elregionalvm.com.ar\/noticias-villa-maria\/wp-json\/wp\/v2\/categories?post=17813"},{"taxonomy":"post_tag","embeddable":true,"href":"https:\/\/elregionalvm.com.ar\/noticias-villa-maria\/wp-json\/wp\/v2\/tags?post=17813"}],"curies":[{"name":"wp","href":"https:\/\/api.w.org\/{rel}","templated":true}]}}