{"id":19947,"date":"2020-07-14T11:45:22","date_gmt":"2020-07-14T11:45:22","guid":{"rendered":"https:\/\/elregionalvm.com.ar\/noticias-villa-maria\/?p=19947"},"modified":"2020-07-14T23:57:58","modified_gmt":"2020-07-14T23:57:58","slug":"el-sabor-de-la-solidaridad-una-olla-popular-para-mas-de-120-familias","status":"publish","type":"post","link":"https:\/\/elregionalvm.com.ar\/noticias-villa-maria\/el-sabor-de-la-solidaridad-una-olla-popular-para-mas-de-120-familias\/","title":{"rendered":"El sabor de la solidaridad: una olla popular para m\u00e1s de 120 familias"},"content":{"rendered":"\n<p>Martyna Gonz\u00e1lez, una vecina de Villa Mar\u00eda, se lanz\u00f3 a cumplir una idea que le rondaba la cabeza desde hac\u00eda un tiempo. La mujer, que tambi\u00e9n se desempe\u00f1a en la Secretar\u00eda de Inclusi\u00f3n Social del municipio, arm\u00f3 un grupo de Whatsapp e invit\u00f3 a algunos amigos a formar parte de una iniciativa solidaria en medio de la pandemia.<\/p>\n\n\n\n<p>Cada uno por su lado comenz\u00f3 a gestionar para poder juntar lo m\u00ednimo indispensable para lograr la meta: alimentar a grandes y chicos que la est\u00e1n pasando mal por los efectos colaterales de la propagaci\u00f3n del coronavirus: las crisis sanitaria y econ\u00f3mica.<\/p>\n\n\n\n<p>\u201cComenzamos con la primera olla el 2 de mayo y hoy llevamos m\u00e1s de dos meses asistiendo a m\u00e1s de 120 familias todos los s\u00e1bados, sumando la merienda que anexamos despu\u00e9s. Vimos la necesidad y salimos a hacerle frente\u201d, explica a EL REGIONAL.<\/p>\n\n\n\n<p><strong>La cocina en casa<\/strong><\/p>\n\n\n\n<p>La tambi\u00e9n voluntaria de C\u00e1ritas cont\u00f3 que en varias ocasiones pasaban a pedirle pan por su casa. Hoy, es el epicentro de esta movida solidaria.<\/p>\n\n\n\n<p>\u201cLa hacemos en mi domicilio, en barrio La Calera, con las donaciones que recibimos en la semana, gracias al esfuerzo que hace cada uno de los que aportamos a esta gran olla solidaria\u201d, comenta.<\/p>\n\n\n\n<p>Sus aliados en la cocina son Claudia, Tere y Ale, que aparecen mencionadas en el video (ver abajo). \u201cEntendemos que la situaci\u00f3n puede complicarse cada vez m\u00e1s por la gran demanda social que hay. Por la falta de trabajo, se pueden sumar m\u00e1s familias\u201d, advierte.<\/p>\n\n\n\n<p>Cada s\u00e1bado, vecinos del barrio y de otros lugares como Roque S\u00e1enz Pe\u00f1a, Botta y Las Playas, se acercan con sus recipientes para recibir los alimentos. &nbsp;<\/p>\n\n\n\n<p>\u201cSe llevan pan y frutas, m\u00e1s una rica comida caliente. Esto es para aliviar un poco la situaci\u00f3n en la que viven las familias de bajos recursos en medio de la pandemia\u201d, aclara.<\/p>\n\n\n\n<figure class=\"wp-block-gallery columns-3 is-cropped wp-block-gallery-1 is-layout-flex wp-block-gallery-is-layout-flex\"><ul class=\"blocks-gallery-grid\"><li class=\"blocks-gallery-item\"><figure><img data-recalc-dims=\"1\" fetchpriority=\"high\" decoding=\"async\" width=\"720\" height=\"720\" src=\"https:\/\/i0.wp.com\/elregionalvm.com.ar\/noticias-villa-maria\/wp-content\/uploads\/2020\/07\/Martyna-Gonz%C3%A1lez-olla-popular.jpeg?resize=720%2C720&#038;ssl=1\" alt=\"\" data-id=\"19950\" data-link=\"https:\/\/elregionalvm.com.ar\/noticias-villa-maria\/?attachment_id=19950\" class=\"wp-image-19950\" srcset=\"https:\/\/i0.wp.com\/elregionalvm.com.ar\/noticias-villa-maria\/wp-content\/uploads\/2020\/07\/Martyna-Gonz%C3%A1lez-olla-popular.jpeg?w=720&amp;ssl=1 720w, https:\/\/i0.wp.com\/elregionalvm.com.ar\/noticias-villa-maria\/wp-content\/uploads\/2020\/07\/Martyna-Gonz%C3%A1lez-olla-popular.jpeg?resize=300%2C300&amp;ssl=1 300w\" sizes=\"(max-width: 720px) 100vw, 720px\" \/><\/figure><\/li><li class=\"blocks-gallery-item\"><figure><img data-recalc-dims=\"1\" decoding=\"async\" width=\"768\" height=\"1024\" src=\"https:\/\/i0.wp.com\/elregionalvm.com.ar\/noticias-villa-maria\/wp-content\/uploads\/2020\/07\/Martyna-olla-popular-mujer-cocinando.jpeg?resize=768%2C1024&#038;ssl=1\" alt=\"\" data-id=\"19951\" data-link=\"https:\/\/elregionalvm.com.ar\/noticias-villa-maria\/?attachment_id=19951\" class=\"wp-image-19951\" srcset=\"https:\/\/i0.wp.com\/elregionalvm.com.ar\/noticias-villa-maria\/wp-content\/uploads\/2020\/07\/Martyna-olla-popular-mujer-cocinando.jpeg?resize=768%2C1024&amp;ssl=1 768w, https:\/\/i0.wp.com\/elregionalvm.com.ar\/noticias-villa-maria\/wp-content\/uploads\/2020\/07\/Martyna-olla-popular-mujer-cocinando.jpeg?resize=225%2C300&amp;ssl=1 225w, https:\/\/i0.wp.com\/elregionalvm.com.ar\/noticias-villa-maria\/wp-content\/uploads\/2020\/07\/Martyna-olla-popular-mujer-cocinando.jpeg?w=960&amp;ssl=1 960w\" sizes=\"(max-width: 768px) 100vw, 768px\" \/><\/figure><\/li><li class=\"blocks-gallery-item\"><figure><img data-recalc-dims=\"1\" decoding=\"async\" width=\"581\" height=\"581\" src=\"https:\/\/i0.wp.com\/elregionalvm.com.ar\/noticias-villa-maria\/wp-content\/uploads\/2020\/07\/Martyna-olla-popular-gente-esperando.jpeg?resize=581%2C581&#038;ssl=1\" alt=\"\" data-id=\"19952\" data-full-url=\"https:\/\/elregionalvm.com.ar\/noticias-villa-maria\/wp-content\/uploads\/2020\/07\/Martyna-olla-popular-gente-esperando.jpeg\" data-link=\"https:\/\/elregionalvm.com.ar\/noticias-villa-maria\/?attachment_id=19952\" class=\"wp-image-19952\" srcset=\"https:\/\/i0.wp.com\/elregionalvm.com.ar\/noticias-villa-maria\/wp-content\/uploads\/2020\/07\/Martyna-olla-popular-gente-esperando.jpeg?w=581&amp;ssl=1 581w, https:\/\/i0.wp.com\/elregionalvm.com.ar\/noticias-villa-maria\/wp-content\/uploads\/2020\/07\/Martyna-olla-popular-gente-esperando.jpeg?resize=300%2C300&amp;ssl=1 300w\" sizes=\"(max-width: 581px) 100vw, 581px\" \/><\/figure><\/li><\/ul><figcaption class=\"blocks-gallery-caption\"><em>Galer\u00eda: Martyna junto con amigos y colaboradores preparan la comida en su casa. Vecinos de diferentes barrios hacen fila cada s\u00e1bado para recibir los alimentos. <\/em><\/figcaption><\/figure>\n\n\n\n<p><\/p>\n\n\n\n<p><strong>Manos que ayudan<\/strong><\/p>\n\n\n\n<p>Pero, para continuar con esta noble tarea requieren de m\u00e1s manos solidarias para sumar ayuda. \u201cPara pasar el fr\u00edo necesitamos verduras, fideos, arroz, aceite, sal y algo de carne. Todo lo donado se recibe en mi domicilio (Arenales 820, Barrio La Calera)\u201d. &nbsp;<\/p>\n\n\n\n<p>La colaboraci\u00f3n llega de varios lados. \u201cHay mucha gente que nos acompa\u00f1a desde el primer d\u00eda: C\u00e1ritas, Mar\u00eda Cadei, Jos\u00e9 Gim\u00e9nez, familia Picca, Dante Botta, Valeria Soria Jos\u00e9 Ayala, Romina Gonz\u00e1lez, Claudia Salavagione, Teresa Sandoval y Soledad Bergero\u201d, enumera.<\/p>\n\n\n\n<p>\u201cGracias al equipo solidario que formamos, las cosas funcionan cuando se hacen desde el coraz\u00f3n. Hay que dar sin recibir nada a cambio. Como mujer trans me encuentro m\u00e1s que satisfecha por todo lo entregado y por recibir tantas gracias y el respeto de toda la comunidad barrial\u201d, concluye Martyna.<\/p>\n\n\n\n<p>Una de las tantas iniciativas solidarias cotidianas que se han incrementado en los \u00faltimos meses en distintos sectores de Villa Mar\u00eda y Villa Nueva.<\/p>\n\n\n\n<p>Un paliativo s\u00ed, pero una manera de ayudar a quienes no la est\u00e1n pasando bien, m\u00e1s una forma de ayudarnos a ser mejores personas.<\/p>\n\n\n\n<p class=\"has-background has-luminous-vivid-amber-background-color\"><strong>Para ayudar a ayudar, pod\u00e9s contactarte con el n\u00famero (353) 4774958 o, a trav\u00e9s de las redes sociales, con Martyna Gonz\u00e1lez.<\/strong><\/p>\n\n\n\n<p><strong>Mir\u00e1 el Video<\/strong>: <\/p>\n\n\n\n<figure class=\"wp-block-embed-youtube wp-block-embed is-type-video is-provider-youtube wp-embed-aspect-16-9 wp-has-aspect-ratio\"><div class=\"wp-block-embed__wrapper\">\n<iframe title=\"Olla popular en Barrio La Calera - Martyna Gonz\u00e1lez\" width=\"500\" height=\"281\" src=\"https:\/\/www.youtube.com\/embed\/K9tTwYVAlt4?feature=oembed\" frameborder=\"0\" allow=\"accelerometer; autoplay; clipboard-write; encrypted-media; gyroscope; picture-in-picture; web-share\" referrerpolicy=\"strict-origin-when-cross-origin\" allowfullscreen><\/iframe>\n<\/div><figcaption><em>Martyna y sus colaboradoras relatan c\u00f3mo cada s\u00e1bado se preparan para atender a muchas familias de barrios diferentes que necesitan un plato de comida. <\/em><\/figcaption><\/figure>\n\n\n\n<p><\/p>\n","protected":false},"excerpt":{"rendered":"<p>Martyna Gonz\u00e1lez, una vecina de Villa Mar\u00eda, se lanz\u00f3 a cumplir una idea que le rondaba la cabeza desde hac\u00eda un tiempo. La mujer, que tambi\u00e9n se desempe\u00f1a en la Secretar\u00eda de Inclusi\u00f3n Social del municipio, arm\u00f3 un grupo de Whatsapp e invit\u00f3 a algunos amigos a formar parte de una iniciativa solidaria en medio [&hellip;]<\/p>\n","protected":false},"author":6,"featured_media":19948,"comment_status":"open","ping_status":"open","sticky":false,"template":"","format":"standard","meta":{"site-sidebar-layout":"default","site-content-layout":"default","ast-site-content-layout":"default","site-content-style":"default","site-sidebar-style":"default","ast-global-header-display":"","ast-banner-title-visibility":"","ast-main-header-display":"","ast-hfb-above-header-display":"","ast-hfb-below-header-display":"","ast-hfb-mobile-header-display":"","site-post-title":"","ast-breadcrumbs-content":"","ast-featured-img":"","footer-sml-layout":"","ast-disable-related-posts":"","theme-transparent-header-meta":"default","adv-header-id-meta":"","stick-header-meta":"","header-above-stick-meta":"","header-main-stick-meta":"","header-below-stick-meta":"","astra-migrate-meta-layouts":"default","ast-page-background-enabled":"default","ast-page-background-meta":{"desktop":{"background-color":"","background-image":"","background-repeat":"repeat","background-position":"center center","background-size":"auto","background-attachment":"scroll","background-type":"","background-media":"","overlay-type":"","overlay-color":"","overlay-opacity":"","overlay-gradient":""},"tablet":{"background-color":"","background-image":"","background-repeat":"repeat","background-position":"center center","background-size":"auto","background-attachment":"scroll","background-type":"","background-media":"","overlay-type":"","overlay-color":"","overlay-opacity":"","overlay-gradient":""},"mobile":{"background-color":"","background-image":"","background-repeat":"repeat","background-position":"center center","background-size":"auto","background-attachment":"scroll","background-type":"","background-media":"","overlay-type":"","overlay-color":"","overlay-opacity":"","overlay-gradient":""}},"ast-content-background-meta":{"desktop":{"background-color":"var(--ast-global-color-5)","background-image":"","background-repeat":"repeat","background-position":"center center","background-size":"auto","background-attachment":"scroll","background-type":"","background-media":"","overlay-type":"","overlay-color":"","overlay-opacity":"","overlay-gradient":""},"tablet":{"background-color":"var(--ast-global-color-5)","background-image":"","background-repeat":"repeat","background-position":"center center","background-size":"auto","background-attachment":"scroll","background-type":"","background-media":"","overlay-type":"","overlay-color":"","overlay-opacity":"","overlay-gradient":""},"mobile":{"background-color":"var(--ast-global-color-5)","background-image":"","background-repeat":"repeat","background-position":"center center","background-size":"auto","background-attachment":"scroll","background-type":"","background-media":"","overlay-type":"","overlay-color":"","overlay-opacity":"","overlay-gradient":""}},"_jetpack_memberships_contains_paid_content":false,"_joinchat":[],"footnotes":""},"categories":[2074,2],"tags":[2583,2586,2582,1998,231],"class_list":["post-19947","post","type-post","status-publish","format-standard","has-post-thumbnail","hentry","category-videos","category-villa-maria","tag-ayuda-social","tag-barrio-la-calera","tag-olla-popular","tag-pandemia","tag-solidaridad"],"yoast_head":"<!-- This site is optimized with the Yoast SEO plugin v26.8 - https:\/\/yoast.com\/product\/yoast-seo-wordpress\/ -->\n<title>El sabor de la solidaridad: una olla popular para m\u00e1s de 120 familias - El Regional<\/title>\n<meta name=\"robots\" content=\"index, follow, max-snippet:-1, max-image-preview:large, max-video-preview:-1\" \/>\n<link rel=\"canonical\" href=\"http:\/\/elregionalvm.com.ar\/noticias-villa-maria\/el-sabor-de-la-solidaridad-una-olla-popular-para-mas-de-120-familias\/\" \/>\n<meta property=\"og:locale\" content=\"es_ES\" \/>\n<meta property=\"og:type\" content=\"article\" \/>\n<meta property=\"og:title\" content=\"El sabor de la solidaridad: una olla popular para m\u00e1s de 120 familias - El Regional\" \/>\n<meta property=\"og:description\" content=\"Martyna Gonz\u00e1lez, una vecina de Villa Mar\u00eda, se lanz\u00f3 a cumplir una idea que le rondaba la cabeza desde hac\u00eda un tiempo. La mujer, que tambi\u00e9n se desempe\u00f1a en la Secretar\u00eda de Inclusi\u00f3n Social del municipio, arm\u00f3 un grupo de Whatsapp e invit\u00f3 a algunos amigos a formar parte de una iniciativa solidaria en medio [&hellip;]\" \/>\n<meta property=\"og:url\" content=\"http:\/\/elregionalvm.com.ar\/noticias-villa-maria\/el-sabor-de-la-solidaridad-una-olla-popular-para-mas-de-120-familias\/\" \/>\n<meta property=\"og:site_name\" content=\"El Regional\" \/>\n<meta property=\"article:publisher\" content=\"https:\/\/www.facebook.com\/elregionalvm\" \/>\n<meta property=\"article:published_time\" content=\"2020-07-14T11:45:22+00:00\" \/>\n<meta property=\"article:modified_time\" content=\"2020-07-14T23:57:58+00:00\" \/>\n<meta property=\"og:image\" content=\"http:\/\/elregionalvm.com.ar\/noticias-villa-maria\/wp-content\/uploads\/2020\/07\/Martyna-olla-popular-gente-esperando-2-vertical.jpeg\" \/>\n\t<meta property=\"og:image:width\" content=\"981\" \/>\n\t<meta property=\"og:image:height\" content=\"1080\" \/>\n\t<meta property=\"og:image:type\" content=\"image\/jpeg\" \/>\n<meta name=\"author\" content=\"Germ\u00e1n Giacchero\" \/>\n<meta name=\"twitter:card\" content=\"summary_large_image\" \/>\n<meta name=\"twitter:creator\" content=\"@elregionalvm1\" \/>\n<meta name=\"twitter:site\" content=\"@elregionalvm1\" \/>\n<meta name=\"twitter:label1\" content=\"Escrito por\" \/>\n\t<meta name=\"twitter:data1\" content=\"Germ\u00e1n Giacchero\" \/>\n\t<meta name=\"twitter:label2\" content=\"Tiempo de lectura\" \/>\n\t<meta name=\"twitter:data2\" content=\"3 minutos\" \/>\n<script type=\"application\/ld+json\" class=\"yoast-schema-graph\">{\"@context\":\"https:\/\/schema.org\",\"@graph\":[{\"@type\":\"Article\",\"@id\":\"http:\/\/elregionalvm.com.ar\/noticias-villa-maria\/el-sabor-de-la-solidaridad-una-olla-popular-para-mas-de-120-familias\/#article\",\"isPartOf\":{\"@id\":\"http:\/\/elregionalvm.com.ar\/noticias-villa-maria\/el-sabor-de-la-solidaridad-una-olla-popular-para-mas-de-120-familias\/\"},\"author\":{\"name\":\"Germ\u00e1n Giacchero\",\"@id\":\"http:\/\/elregionalvm.com.ar\/noticias-villa-maria\/#\/schema\/person\/d5e4b04966154131701e52c45d3efec9\"},\"headline\":\"El sabor de la solidaridad: una olla popular para m\u00e1s de 120 familias\",\"datePublished\":\"2020-07-14T11:45:22+00:00\",\"dateModified\":\"2020-07-14T23:57:58+00:00\",\"mainEntityOfPage\":{\"@id\":\"http:\/\/elregionalvm.com.ar\/noticias-villa-maria\/el-sabor-de-la-solidaridad-una-olla-popular-para-mas-de-120-familias\/\"},\"wordCount\":627,\"commentCount\":0,\"image\":{\"@id\":\"http:\/\/elregionalvm.com.ar\/noticias-villa-maria\/el-sabor-de-la-solidaridad-una-olla-popular-para-mas-de-120-familias\/#primaryimage\"},\"thumbnailUrl\":\"https:\/\/i0.wp.com\/elregionalvm.com.ar\/noticias-villa-maria\/wp-content\/uploads\/2020\/07\/Martyna-olla-popular-gente-esperando-2-vertical.jpeg?fit=981%2C1080&ssl=1\",\"keywords\":[\"ayuda social\",\"Barrio La Calera\",\"Olla popular\",\"pandemia\",\"solidaridad\"],\"articleSection\":[\"Videos\",\"Villa Mar\u00eda\"],\"inLanguage\":\"es\",\"potentialAction\":[{\"@type\":\"CommentAction\",\"name\":\"Comment\",\"target\":[\"http:\/\/elregionalvm.com.ar\/noticias-villa-maria\/el-sabor-de-la-solidaridad-una-olla-popular-para-mas-de-120-familias\/#respond\"]}]},{\"@type\":\"WebPage\",\"@id\":\"http:\/\/elregionalvm.com.ar\/noticias-villa-maria\/el-sabor-de-la-solidaridad-una-olla-popular-para-mas-de-120-familias\/\",\"url\":\"http:\/\/elregionalvm.com.ar\/noticias-villa-maria\/el-sabor-de-la-solidaridad-una-olla-popular-para-mas-de-120-familias\/\",\"name\":\"El sabor de la solidaridad: una olla popular para m\u00e1s de 120 familias - El Regional\",\"isPartOf\":{\"@id\":\"http:\/\/elregionalvm.com.ar\/noticias-villa-maria\/#website\"},\"primaryImageOfPage\":{\"@id\":\"http:\/\/elregionalvm.com.ar\/noticias-villa-maria\/el-sabor-de-la-solidaridad-una-olla-popular-para-mas-de-120-familias\/#primaryimage\"},\"image\":{\"@id\":\"http:\/\/elregionalvm.com.ar\/noticias-villa-maria\/el-sabor-de-la-solidaridad-una-olla-popular-para-mas-de-120-familias\/#primaryimage\"},\"thumbnailUrl\":\"https:\/\/i0.wp.com\/elregionalvm.com.ar\/noticias-villa-maria\/wp-content\/uploads\/2020\/07\/Martyna-olla-popular-gente-esperando-2-vertical.jpeg?fit=981%2C1080&ssl=1\",\"datePublished\":\"2020-07-14T11:45:22+00:00\",\"dateModified\":\"2020-07-14T23:57:58+00:00\",\"author\":{\"@id\":\"http:\/\/elregionalvm.com.ar\/noticias-villa-maria\/#\/schema\/person\/d5e4b04966154131701e52c45d3efec9\"},\"breadcrumb\":{\"@id\":\"http:\/\/elregionalvm.com.ar\/noticias-villa-maria\/el-sabor-de-la-solidaridad-una-olla-popular-para-mas-de-120-familias\/#breadcrumb\"},\"inLanguage\":\"es\",\"potentialAction\":[{\"@type\":\"ReadAction\",\"target\":[\"http:\/\/elregionalvm.com.ar\/noticias-villa-maria\/el-sabor-de-la-solidaridad-una-olla-popular-para-mas-de-120-familias\/\"]}]},{\"@type\":\"ImageObject\",\"inLanguage\":\"es\",\"@id\":\"http:\/\/elregionalvm.com.ar\/noticias-villa-maria\/el-sabor-de-la-solidaridad-una-olla-popular-para-mas-de-120-familias\/#primaryimage\",\"url\":\"https:\/\/i0.wp.com\/elregionalvm.com.ar\/noticias-villa-maria\/wp-content\/uploads\/2020\/07\/Martyna-olla-popular-gente-esperando-2-vertical.jpeg?fit=981%2C1080&ssl=1\",\"contentUrl\":\"https:\/\/i0.wp.com\/elregionalvm.com.ar\/noticias-villa-maria\/wp-content\/uploads\/2020\/07\/Martyna-olla-popular-gente-esperando-2-vertical.jpeg?fit=981%2C1080&ssl=1\",\"width\":981,\"height\":1080},{\"@type\":\"BreadcrumbList\",\"@id\":\"http:\/\/elregionalvm.com.ar\/noticias-villa-maria\/el-sabor-de-la-solidaridad-una-olla-popular-para-mas-de-120-familias\/#breadcrumb\",\"itemListElement\":[{\"@type\":\"ListItem\",\"position\":1,\"name\":\"Portada\",\"item\":\"https:\/\/elregionalvm.com.ar\/noticias-villa-maria\/\"},{\"@type\":\"ListItem\",\"position\":2,\"name\":\"El sabor de la solidaridad: una olla popular para m\u00e1s de 120 familias\"}]},{\"@type\":\"WebSite\",\"@id\":\"http:\/\/elregionalvm.com.ar\/noticias-villa-maria\/#website\",\"url\":\"http:\/\/elregionalvm.com.ar\/noticias-villa-maria\/\",\"name\":\"El Regional\",\"description\":\"Mucho m\u00e1s que informaci\u00f3n\",\"potentialAction\":[{\"@type\":\"SearchAction\",\"target\":{\"@type\":\"EntryPoint\",\"urlTemplate\":\"http:\/\/elregionalvm.com.ar\/noticias-villa-maria\/?s={search_term_string}\"},\"query-input\":{\"@type\":\"PropertyValueSpecification\",\"valueRequired\":true,\"valueName\":\"search_term_string\"}}],\"inLanguage\":\"es\"},{\"@type\":\"Person\",\"@id\":\"http:\/\/elregionalvm.com.ar\/noticias-villa-maria\/#\/schema\/person\/d5e4b04966154131701e52c45d3efec9\",\"name\":\"Germ\u00e1n Giacchero\",\"image\":{\"@type\":\"ImageObject\",\"inLanguage\":\"es\",\"@id\":\"http:\/\/elregionalvm.com.ar\/noticias-villa-maria\/#\/schema\/person\/image\/\",\"url\":\"https:\/\/secure.gravatar.com\/avatar\/fda163ba5ef0307ee5be9846e10f83b6e83d0cfb260d3b2464830318894c6b04?s=96&d=mm&r=g\",\"contentUrl\":\"https:\/\/secure.gravatar.com\/avatar\/fda163ba5ef0307ee5be9846e10f83b6e83d0cfb260d3b2464830318894c6b04?s=96&d=mm&r=g\",\"caption\":\"Germ\u00e1n Giacchero\"},\"url\":\"https:\/\/elregionalvm.com.ar\/noticias-villa-maria\/author\/germangiacchero\/\"}]}<\/script>\n<!-- \/ Yoast SEO plugin. -->","yoast_head_json":{"title":"El sabor de la solidaridad: una olla popular para m\u00e1s de 120 familias - El Regional","robots":{"index":"index","follow":"follow","max-snippet":"max-snippet:-1","max-image-preview":"max-image-preview:large","max-video-preview":"max-video-preview:-1"},"canonical":"http:\/\/elregionalvm.com.ar\/noticias-villa-maria\/el-sabor-de-la-solidaridad-una-olla-popular-para-mas-de-120-familias\/","og_locale":"es_ES","og_type":"article","og_title":"El sabor de la solidaridad: una olla popular para m\u00e1s de 120 familias - El Regional","og_description":"Martyna Gonz\u00e1lez, una vecina de Villa Mar\u00eda, se lanz\u00f3 a cumplir una idea que le rondaba la cabeza desde hac\u00eda un tiempo. La mujer, que tambi\u00e9n se desempe\u00f1a en la Secretar\u00eda de Inclusi\u00f3n Social del municipio, arm\u00f3 un grupo de Whatsapp e invit\u00f3 a algunos amigos a formar parte de una iniciativa solidaria en medio [&hellip;]","og_url":"http:\/\/elregionalvm.com.ar\/noticias-villa-maria\/el-sabor-de-la-solidaridad-una-olla-popular-para-mas-de-120-familias\/","og_site_name":"El Regional","article_publisher":"https:\/\/www.facebook.com\/elregionalvm","article_published_time":"2020-07-14T11:45:22+00:00","article_modified_time":"2020-07-14T23:57:58+00:00","og_image":[{"width":981,"height":1080,"url":"http:\/\/elregionalvm.com.ar\/noticias-villa-maria\/wp-content\/uploads\/2020\/07\/Martyna-olla-popular-gente-esperando-2-vertical.jpeg","type":"image\/jpeg"}],"author":"Germ\u00e1n Giacchero","twitter_card":"summary_large_image","twitter_creator":"@elregionalvm1","twitter_site":"@elregionalvm1","twitter_misc":{"Escrito por":"Germ\u00e1n Giacchero","Tiempo de lectura":"3 minutos"},"schema":{"@context":"https:\/\/schema.org","@graph":[{"@type":"Article","@id":"http:\/\/elregionalvm.com.ar\/noticias-villa-maria\/el-sabor-de-la-solidaridad-una-olla-popular-para-mas-de-120-familias\/#article","isPartOf":{"@id":"http:\/\/elregionalvm.com.ar\/noticias-villa-maria\/el-sabor-de-la-solidaridad-una-olla-popular-para-mas-de-120-familias\/"},"author":{"name":"Germ\u00e1n Giacchero","@id":"http:\/\/elregionalvm.com.ar\/noticias-villa-maria\/#\/schema\/person\/d5e4b04966154131701e52c45d3efec9"},"headline":"El sabor de la solidaridad: una olla popular para m\u00e1s de 120 familias","datePublished":"2020-07-14T11:45:22+00:00","dateModified":"2020-07-14T23:57:58+00:00","mainEntityOfPage":{"@id":"http:\/\/elregionalvm.com.ar\/noticias-villa-maria\/el-sabor-de-la-solidaridad-una-olla-popular-para-mas-de-120-familias\/"},"wordCount":627,"commentCount":0,"image":{"@id":"http:\/\/elregionalvm.com.ar\/noticias-villa-maria\/el-sabor-de-la-solidaridad-una-olla-popular-para-mas-de-120-familias\/#primaryimage"},"thumbnailUrl":"https:\/\/i0.wp.com\/elregionalvm.com.ar\/noticias-villa-maria\/wp-content\/uploads\/2020\/07\/Martyna-olla-popular-gente-esperando-2-vertical.jpeg?fit=981%2C1080&ssl=1","keywords":["ayuda social","Barrio La Calera","Olla popular","pandemia","solidaridad"],"articleSection":["Videos","Villa Mar\u00eda"],"inLanguage":"es","potentialAction":[{"@type":"CommentAction","name":"Comment","target":["http:\/\/elregionalvm.com.ar\/noticias-villa-maria\/el-sabor-de-la-solidaridad-una-olla-popular-para-mas-de-120-familias\/#respond"]}]},{"@type":"WebPage","@id":"http:\/\/elregionalvm.com.ar\/noticias-villa-maria\/el-sabor-de-la-solidaridad-una-olla-popular-para-mas-de-120-familias\/","url":"http:\/\/elregionalvm.com.ar\/noticias-villa-maria\/el-sabor-de-la-solidaridad-una-olla-popular-para-mas-de-120-familias\/","name":"El sabor de la solidaridad: una olla popular para m\u00e1s de 120 familias - El Regional","isPartOf":{"@id":"http:\/\/elregionalvm.com.ar\/noticias-villa-maria\/#website"},"primaryImageOfPage":{"@id":"http:\/\/elregionalvm.com.ar\/noticias-villa-maria\/el-sabor-de-la-solidaridad-una-olla-popular-para-mas-de-120-familias\/#primaryimage"},"image":{"@id":"http:\/\/elregionalvm.com.ar\/noticias-villa-maria\/el-sabor-de-la-solidaridad-una-olla-popular-para-mas-de-120-familias\/#primaryimage"},"thumbnailUrl":"https:\/\/i0.wp.com\/elregionalvm.com.ar\/noticias-villa-maria\/wp-content\/uploads\/2020\/07\/Martyna-olla-popular-gente-esperando-2-vertical.jpeg?fit=981%2C1080&ssl=1","datePublished":"2020-07-14T11:45:22+00:00","dateModified":"2020-07-14T23:57:58+00:00","author":{"@id":"http:\/\/elregionalvm.com.ar\/noticias-villa-maria\/#\/schema\/person\/d5e4b04966154131701e52c45d3efec9"},"breadcrumb":{"@id":"http:\/\/elregionalvm.com.ar\/noticias-villa-maria\/el-sabor-de-la-solidaridad-una-olla-popular-para-mas-de-120-familias\/#breadcrumb"},"inLanguage":"es","potentialAction":[{"@type":"ReadAction","target":["http:\/\/elregionalvm.com.ar\/noticias-villa-maria\/el-sabor-de-la-solidaridad-una-olla-popular-para-mas-de-120-familias\/"]}]},{"@type":"ImageObject","inLanguage":"es","@id":"http:\/\/elregionalvm.com.ar\/noticias-villa-maria\/el-sabor-de-la-solidaridad-una-olla-popular-para-mas-de-120-familias\/#primaryimage","url":"https:\/\/i0.wp.com\/elregionalvm.com.ar\/noticias-villa-maria\/wp-content\/uploads\/2020\/07\/Martyna-olla-popular-gente-esperando-2-vertical.jpeg?fit=981%2C1080&ssl=1","contentUrl":"https:\/\/i0.wp.com\/elregionalvm.com.ar\/noticias-villa-maria\/wp-content\/uploads\/2020\/07\/Martyna-olla-popular-gente-esperando-2-vertical.jpeg?fit=981%2C1080&ssl=1","width":981,"height":1080},{"@type":"BreadcrumbList","@id":"http:\/\/elregionalvm.com.ar\/noticias-villa-maria\/el-sabor-de-la-solidaridad-una-olla-popular-para-mas-de-120-familias\/#breadcrumb","itemListElement":[{"@type":"ListItem","position":1,"name":"Portada","item":"https:\/\/elregionalvm.com.ar\/noticias-villa-maria\/"},{"@type":"ListItem","position":2,"name":"El sabor de la solidaridad: una olla popular para m\u00e1s de 120 familias"}]},{"@type":"WebSite","@id":"http:\/\/elregionalvm.com.ar\/noticias-villa-maria\/#website","url":"http:\/\/elregionalvm.com.ar\/noticias-villa-maria\/","name":"El Regional","description":"Mucho m\u00e1s que informaci\u00f3n","potentialAction":[{"@type":"SearchAction","target":{"@type":"EntryPoint","urlTemplate":"http:\/\/elregionalvm.com.ar\/noticias-villa-maria\/?s={search_term_string}"},"query-input":{"@type":"PropertyValueSpecification","valueRequired":true,"valueName":"search_term_string"}}],"inLanguage":"es"},{"@type":"Person","@id":"http:\/\/elregionalvm.com.ar\/noticias-villa-maria\/#\/schema\/person\/d5e4b04966154131701e52c45d3efec9","name":"Germ\u00e1n Giacchero","image":{"@type":"ImageObject","inLanguage":"es","@id":"http:\/\/elregionalvm.com.ar\/noticias-villa-maria\/#\/schema\/person\/image\/","url":"https:\/\/secure.gravatar.com\/avatar\/fda163ba5ef0307ee5be9846e10f83b6e83d0cfb260d3b2464830318894c6b04?s=96&d=mm&r=g","contentUrl":"https:\/\/secure.gravatar.com\/avatar\/fda163ba5ef0307ee5be9846e10f83b6e83d0cfb260d3b2464830318894c6b04?s=96&d=mm&r=g","caption":"Germ\u00e1n Giacchero"},"url":"https:\/\/elregionalvm.com.ar\/noticias-villa-maria\/author\/germangiacchero\/"}]}},"jetpack_featured_media_url":"https:\/\/i0.wp.com\/elregionalvm.com.ar\/noticias-villa-maria\/wp-content\/uploads\/2020\/07\/Martyna-olla-popular-gente-esperando-2-vertical.jpeg?fit=981%2C1080&ssl=1","jetpack_sharing_enabled":true,"_links":{"self":[{"href":"https:\/\/elregionalvm.com.ar\/noticias-villa-maria\/wp-json\/wp\/v2\/posts\/19947","targetHints":{"allow":["GET"]}}],"collection":[{"href":"https:\/\/elregionalvm.com.ar\/noticias-villa-maria\/wp-json\/wp\/v2\/posts"}],"about":[{"href":"https:\/\/elregionalvm.com.ar\/noticias-villa-maria\/wp-json\/wp\/v2\/types\/post"}],"author":[{"embeddable":true,"href":"https:\/\/elregionalvm.com.ar\/noticias-villa-maria\/wp-json\/wp\/v2\/users\/6"}],"replies":[{"embeddable":true,"href":"https:\/\/elregionalvm.com.ar\/noticias-villa-maria\/wp-json\/wp\/v2\/comments?post=19947"}],"version-history":[{"count":7,"href":"https:\/\/elregionalvm.com.ar\/noticias-villa-maria\/wp-json\/wp\/v2\/posts\/19947\/revisions"}],"predecessor-version":[{"id":19966,"href":"https:\/\/elregionalvm.com.ar\/noticias-villa-maria\/wp-json\/wp\/v2\/posts\/19947\/revisions\/19966"}],"wp:featuredmedia":[{"embeddable":true,"href":"https:\/\/elregionalvm.com.ar\/noticias-villa-maria\/wp-json\/wp\/v2\/media\/19948"}],"wp:attachment":[{"href":"https:\/\/elregionalvm.com.ar\/noticias-villa-maria\/wp-json\/wp\/v2\/media?parent=19947"}],"wp:term":[{"taxonomy":"category","embeddable":true,"href":"https:\/\/elregionalvm.com.ar\/noticias-villa-maria\/wp-json\/wp\/v2\/categories?post=19947"},{"taxonomy":"post_tag","embeddable":true,"href":"https:\/\/elregionalvm.com.ar\/noticias-villa-maria\/wp-json\/wp\/v2\/tags?post=19947"}],"curies":[{"name":"wp","href":"https:\/\/api.w.org\/{rel}","templated":true}]}}