{"id":19985,"date":"2020-07-14T23:13:02","date_gmt":"2020-07-14T23:13:02","guid":{"rendered":"https:\/\/elregionalvm.com.ar\/noticias-villa-maria\/?p=19985"},"modified":"2020-07-15T16:58:30","modified_gmt":"2020-07-15T16:58:30","slug":"videos-ayelen-recibio-una-bicicleta-adaptada-de-la-fundacion-jean-maggi","status":"publish","type":"post","link":"https:\/\/elregionalvm.com.ar\/noticias-villa-maria\/videos-ayelen-recibio-una-bicicleta-adaptada-de-la-fundacion-jean-maggi\/","title":{"rendered":"La historia de Ayel\u00e9n, la villamariense que recibi\u00f3 una bicicleta de la Fundaci\u00f3n Jean Maggi (VIDEO)"},"content":{"rendered":"\n<p>Este martes, en las inmensas instalaciones del Estadio Mario Alberto Kempes, la Fundaci\u00f3n Jean Maggi entreg\u00f3 35 bicicletas adaptadas a personas con discapacidad. Dos o tres de esas bicicletas llegaron  a algunos villamarienses, y una de las agraciadas fue Ayel\u00e9n G\u00f3mez, de 21 a\u00f1os quien por primera vez podr\u00e1 andar sola en una bicicleta.<\/p>\n\n\n\n<figure class=\"wp-block-image size-large\"><img data-recalc-dims=\"1\" fetchpriority=\"high\" decoding=\"async\" width=\"1024\" height=\"576\" src=\"https:\/\/i0.wp.com\/elregionalvm.com.ar\/noticias-villa-maria\/wp-content\/uploads\/2020\/07\/ayelen-y-familia.jpg?resize=1024%2C576&#038;ssl=1\" alt=\"\" class=\"wp-image-19998\" srcset=\"https:\/\/i0.wp.com\/elregionalvm.com.ar\/noticias-villa-maria\/wp-content\/uploads\/2020\/07\/ayelen-y-familia.jpg?resize=1024%2C576&amp;ssl=1 1024w, https:\/\/i0.wp.com\/elregionalvm.com.ar\/noticias-villa-maria\/wp-content\/uploads\/2020\/07\/ayelen-y-familia.jpg?resize=300%2C169&amp;ssl=1 300w, https:\/\/i0.wp.com\/elregionalvm.com.ar\/noticias-villa-maria\/wp-content\/uploads\/2020\/07\/ayelen-y-familia.jpg?resize=768%2C432&amp;ssl=1 768w, https:\/\/i0.wp.com\/elregionalvm.com.ar\/noticias-villa-maria\/wp-content\/uploads\/2020\/07\/ayelen-y-familia.jpg?w=1040&amp;ssl=1 1040w\" sizes=\"(max-width: 1000px) 100vw, 1000px\" \/><figcaption><em>Ayudada por su mam\u00e1 Silvia y su pap\u00e1 Jos\u00e9, no dud\u00f3 en subirse al rodado y probarla para nuestra c\u00e1mara.<\/em><\/figcaption><\/figure>\n\n\n\n<p><strong>EL REGIONAL DIARIO DIGITAL <\/strong>pudo visitar a Ayel\u00e9n y su familia, en barrio San Mart\u00edn, reci\u00e9n llegados desde C\u00f3rdoba, con la nueva bicicleta, luego de un d\u00eda de mucho ajetreo, pero de enorme felicidad. Lo primero que notamos en el rostro de Ayel\u00e9n fue la enorme sonrisa y con la rapidez con la que deseaba mostrar su nueva adquisici\u00f3n. Ayudada por su mam\u00e1 Silvia, no dud\u00f3 en subirse al rodado y probarla para nuestra c\u00e1mara.<\/p>\n\n\n\n<p><strong>Mir\u00e1 el video de Ayel\u00e9n: <\/strong><\/p>\n\n\n\n<figure class=\"wp-block-embed-youtube wp-block-embed is-type-video is-provider-youtube wp-embed-aspect-16-9 wp-has-aspect-ratio\"><div class=\"wp-block-embed__wrapper\">\n<iframe title=\"Ayel\u00e9n recibi\u00f3 una bicicleta adaptada\" width=\"500\" height=\"281\" src=\"https:\/\/www.youtube.com\/embed\/KwV3UcaQ2V4?feature=oembed\" frameborder=\"0\" allow=\"accelerometer; autoplay; clipboard-write; encrypted-media; gyroscope; picture-in-picture; web-share\" referrerpolicy=\"strict-origin-when-cross-origin\" allowfullscreen><\/iframe>\n<\/div><\/figure>\n\n\n\n<p>Ayel\u00e9n fue acompa\u00f1ada a C\u00f3rdoba por sus padres Silvia G\u00f3mez y Jos\u00e9 Bianchi, quienes tampoco pudieron esconder la alegr\u00eda de recibir un rodado de estas caracter\u00edsticas para que la jovencita de 21 a\u00f1os pueda tener un poco m\u00e1s de libertad a la hora de salir y practicar un poco de ejercicio.  <\/p>\n\n\n\n<p>Ayel\u00e9n naci\u00f3 con un diagn\u00f3stico de hidrocefalia y esa condici\u00f3n la limit\u00f3 especialmente en su condici\u00f3n motriz y tiene en su familia un gran respaldo para siempre gozar de una mejor calidad de vida. El a\u00f1o pasado la jovencita egres\u00f3 del nivel secundario del Instituto Especial del Rosario d\u00e1ndole a su familia tremendo orgullo.<\/p>\n\n\n\n<p><strong>As\u00ed explic\u00f3 Silvia lo que significa para su familia y Ayel\u00e9n esta bicicleta adaptada<\/strong>:<\/p>\n\n\n\n<figure class=\"wp-block-embed-youtube wp-block-embed is-type-video is-provider-youtube wp-embed-aspect-16-9 wp-has-aspect-ratio\"><div class=\"wp-block-embed__wrapper\">\n<iframe title=\"Silvia, mam\u00e1 de Ayel\u00e9n, nos cuenta su historia\" width=\"500\" height=\"281\" src=\"https:\/\/www.youtube.com\/embed\/GTQ93Ev5zMk?feature=oembed\" frameborder=\"0\" allow=\"accelerometer; autoplay; clipboard-write; encrypted-media; gyroscope; picture-in-picture; web-share\" referrerpolicy=\"strict-origin-when-cross-origin\" allowfullscreen><\/iframe>\n<\/div><\/figure>\n\n\n\n<p><strong>Una Fundaci\u00f3n con mucho trabajo y solidaridad<\/strong><\/p>\n\n\n\n<p>La Fundaci\u00f3n Jean Maggi trabaja sin fines de lucro desde hace a\u00f1os para darle a ni\u00f1os, j\u00f3venes y adultos con movilidad reducida m\u00e1s oportunidades de superaci\u00f3n, especialmente a quienes tienen bajos recursos.<\/p>\n\n\n\n<p>Su presidente, Jean Maggi, en un ejemplo de superaci\u00f3n personal, transform\u00f3 las dificultades en oportunidades. As\u00ed es como cre\u00f3 una fundaci\u00f3n para ayudar a quienes como \u00e9l atraviesan por ese desaf\u00edo.<\/p>\n\n\n\n<p>El Gobierno de la Provincia de C\u00f3rdoba colabor\u00f3 en el proyecto con un aporte otorgado por el Fondo Ayudar, dependiente del Concejo Provincial de Pol\u00edticas Sociales.<\/p>\n\n\n\n<p>Por tal motivo en la entrega de este martes 14 de julio participaron el ministro de Desarrollo Social Carlos Massei, el presidente de la Agencia C\u00f3rdoba Deportes H\u00e9ctor Campana, adem\u00e1s del presidente de la Fundaci\u00f3n, Jean Maggi.<\/p>\n\n\n\n<p><strong>Un hombre s\u00edn l\u00edmites<\/strong><\/p>\n\n\n\n<p>Jean Maggi tiene su propia historia. Pudo ascender el Himalaya y probarse as\u00ed mismo en los deportes extremos. Hay un documental producido por el gran director Juan Jos\u00e9 Campanella. <\/p>\n\n\n\n<p><strong>Aqu\u00ed te dejamos el trailer del documental disponible en Netflix: <\/strong><\/p>\n\n\n\n<figure class=\"wp-block-embed-youtube wp-block-embed is-type-video is-provider-youtube wp-embed-aspect-16-9 wp-has-aspect-ratio\"><div class=\"wp-block-embed__wrapper\">\n<iframe title=\"Trailer &quot;El limite infinito&quot;\" width=\"500\" height=\"281\" src=\"https:\/\/www.youtube.com\/embed\/HL3uL50ApY8?feature=oembed\" frameborder=\"0\" allow=\"accelerometer; autoplay; clipboard-write; encrypted-media; gyroscope; picture-in-picture; web-share\" referrerpolicy=\"strict-origin-when-cross-origin\" allowfullscreen><\/iframe>\n<\/div><\/figure>\n\n\n\n<p><em>\u00abA poco de nacer, contraje una poliomielitis. Desde entonces s\u00f3lo me propuse una cosa: superar cada l\u00edmite para &#8216;vivir de pie'\u00bb, cuenta el cordob\u00e9s Jean Maggi.<\/em><\/p>\n","protected":false},"excerpt":{"rendered":"<p>Este martes, en las inmensas instalaciones del Estadio Mario Alberto Kempes, la Fundaci\u00f3n Jean Maggi entreg\u00f3 35 bicicletas adaptadas a personas con discapacidad. Dos o tres de esas bicicletas llegaron a algunos villamarienses, y una de las agraciadas fue Ayel\u00e9n G\u00f3mez, de 21 a\u00f1os quien por primera vez podr\u00e1 andar sola en una bicicleta. EL [&hellip;]<\/p>\n","protected":false},"author":4,"featured_media":20042,"comment_status":"open","ping_status":"open","sticky":false,"template":"","format":"standard","meta":{"site-sidebar-layout":"default","site-content-layout":"default","ast-site-content-layout":"default","site-content-style":"default","site-sidebar-style":"default","ast-global-header-display":"","ast-banner-title-visibility":"","ast-main-header-display":"","ast-hfb-above-header-display":"","ast-hfb-below-header-display":"","ast-hfb-mobile-header-display":"","site-post-title":"","ast-breadcrumbs-content":"","ast-featured-img":"","footer-sml-layout":"","ast-disable-related-posts":"","theme-transparent-header-meta":"default","adv-header-id-meta":"","stick-header-meta":"","header-above-stick-meta":"","header-main-stick-meta":"","header-below-stick-meta":"","astra-migrate-meta-layouts":"default","ast-page-background-enabled":"default","ast-page-background-meta":{"desktop":{"background-color":"","background-image":"","background-repeat":"repeat","background-position":"center center","background-size":"auto","background-attachment":"scroll","background-type":"","background-media":"","overlay-type":"","overlay-color":"","overlay-opacity":"","overlay-gradient":""},"tablet":{"background-color":"","background-image":"","background-repeat":"repeat","background-position":"center center","background-size":"auto","background-attachment":"scroll","background-type":"","background-media":"","overlay-type":"","overlay-color":"","overlay-opacity":"","overlay-gradient":""},"mobile":{"background-color":"","background-image":"","background-repeat":"repeat","background-position":"center center","background-size":"auto","background-attachment":"scroll","background-type":"","background-media":"","overlay-type":"","overlay-color":"","overlay-opacity":"","overlay-gradient":""}},"ast-content-background-meta":{"desktop":{"background-color":"var(--ast-global-color-5)","background-image":"","background-repeat":"repeat","background-position":"center center","background-size":"auto","background-attachment":"scroll","background-type":"","background-media":"","overlay-type":"","overlay-color":"","overlay-opacity":"","overlay-gradient":""},"tablet":{"background-color":"var(--ast-global-color-5)","background-image":"","background-repeat":"repeat","background-position":"center center","background-size":"auto","background-attachment":"scroll","background-type":"","background-media":"","overlay-type":"","overlay-color":"","overlay-opacity":"","overlay-gradient":""},"mobile":{"background-color":"var(--ast-global-color-5)","background-image":"","background-repeat":"repeat","background-position":"center center","background-size":"auto","background-attachment":"scroll","background-type":"","background-media":"","overlay-type":"","overlay-color":"","overlay-opacity":"","overlay-gradient":""}},"_jetpack_memberships_contains_paid_content":false,"_joinchat":[],"footnotes":""},"categories":[2074,2],"tags":[2600,2601,1232,2603,2602],"class_list":["post-19985","post","type-post","status-publish","format-standard","has-post-thumbnail","hentry","category-videos","category-villa-maria","tag-ayelen","tag-bicicleta-adaptada","tag-destacado","tag-discapacidad","tag-fundacion-jean-maggi"],"yoast_head":"<!-- This site is optimized with the Yoast SEO plugin v26.8 - https:\/\/yoast.com\/product\/yoast-seo-wordpress\/ -->\n<title>La historia de Ayel\u00e9n, la villamariense que recibi\u00f3 una bicicleta de la Fundaci\u00f3n Jean Maggi (VIDEO) - El Regional<\/title>\n<meta name=\"description\" content=\"Ayel\u00e9n naci\u00f3 con un diagn\u00f3stico de hidrocefalia y esa condici\u00f3n la limit\u00f3 especialmente en su condici\u00f3n motriz, pero tiene en su familia un gran respaldo.\" \/>\n<meta name=\"robots\" content=\"index, follow, max-snippet:-1, max-image-preview:large, max-video-preview:-1\" \/>\n<link rel=\"canonical\" href=\"http:\/\/elregionalvm.com.ar\/noticias-villa-maria\/videos-ayelen-recibio-una-bicicleta-adaptada-de-la-fundacion-jean-maggi\/\" \/>\n<meta property=\"og:locale\" content=\"es_ES\" \/>\n<meta property=\"og:type\" content=\"article\" \/>\n<meta property=\"og:title\" content=\"La historia de Ayel\u00e9n, la villamariense que recibi\u00f3 una bicicleta de la Fundaci\u00f3n Jean Maggi (VIDEO) - El Regional\" \/>\n<meta property=\"og:description\" content=\"Ayel\u00e9n naci\u00f3 con un diagn\u00f3stico de hidrocefalia y esa condici\u00f3n la limit\u00f3 especialmente en su condici\u00f3n motriz, pero tiene en su familia un gran respaldo.\" \/>\n<meta property=\"og:url\" content=\"http:\/\/elregionalvm.com.ar\/noticias-villa-maria\/videos-ayelen-recibio-una-bicicleta-adaptada-de-la-fundacion-jean-maggi\/\" \/>\n<meta property=\"og:site_name\" content=\"El Regional\" \/>\n<meta property=\"article:publisher\" content=\"https:\/\/www.facebook.com\/elregionalvm\" \/>\n<meta property=\"article:published_time\" content=\"2020-07-14T23:13:02+00:00\" \/>\n<meta property=\"article:modified_time\" content=\"2020-07-15T16:58:30+00:00\" \/>\n<meta property=\"og:image\" content=\"http:\/\/elregionalvm.com.ar\/noticias-villa-maria\/wp-content\/uploads\/2020\/07\/ayelen.jpg\" \/>\n\t<meta property=\"og:image:width\" content=\"704\" \/>\n\t<meta property=\"og:image:height\" content=\"650\" \/>\n\t<meta property=\"og:image:type\" content=\"image\/jpeg\" \/>\n<meta name=\"author\" content=\"Contenidos El Regional\" \/>\n<meta name=\"twitter:card\" content=\"summary_large_image\" \/>\n<meta name=\"twitter:creator\" content=\"@elregionalvm1\" \/>\n<meta name=\"twitter:site\" content=\"@elregionalvm1\" \/>\n<meta name=\"twitter:label1\" content=\"Escrito por\" \/>\n\t<meta name=\"twitter:data1\" content=\"Contenidos El Regional\" \/>\n\t<meta name=\"twitter:label2\" content=\"Tiempo de lectura\" \/>\n\t<meta name=\"twitter:data2\" content=\"3 minutos\" \/>\n<script type=\"application\/ld+json\" class=\"yoast-schema-graph\">{\"@context\":\"https:\/\/schema.org\",\"@graph\":[{\"@type\":\"Article\",\"@id\":\"http:\/\/elregionalvm.com.ar\/noticias-villa-maria\/videos-ayelen-recibio-una-bicicleta-adaptada-de-la-fundacion-jean-maggi\/#article\",\"isPartOf\":{\"@id\":\"http:\/\/elregionalvm.com.ar\/noticias-villa-maria\/videos-ayelen-recibio-una-bicicleta-adaptada-de-la-fundacion-jean-maggi\/\"},\"author\":{\"name\":\"Contenidos El Regional\",\"@id\":\"http:\/\/elregionalvm.com.ar\/noticias-villa-maria\/#\/schema\/person\/a0fb9c422317faca23d50163151bc354\"},\"headline\":\"La historia de Ayel\u00e9n, la villamariense que recibi\u00f3 una bicicleta de la Fundaci\u00f3n Jean Maggi (VIDEO)\",\"datePublished\":\"2020-07-14T23:13:02+00:00\",\"dateModified\":\"2020-07-15T16:58:30+00:00\",\"mainEntityOfPage\":{\"@id\":\"http:\/\/elregionalvm.com.ar\/noticias-villa-maria\/videos-ayelen-recibio-una-bicicleta-adaptada-de-la-fundacion-jean-maggi\/\"},\"wordCount\":571,\"commentCount\":0,\"image\":{\"@id\":\"http:\/\/elregionalvm.com.ar\/noticias-villa-maria\/videos-ayelen-recibio-una-bicicleta-adaptada-de-la-fundacion-jean-maggi\/#primaryimage\"},\"thumbnailUrl\":\"https:\/\/i0.wp.com\/elregionalvm.com.ar\/noticias-villa-maria\/wp-content\/uploads\/2020\/07\/ayelen.jpg?fit=704%2C650&ssl=1\",\"keywords\":[\"Ayel\u00e9n\",\"bicicleta adaptada\",\"destacado\",\"discapacidad\",\"Fundaci\u00f3n Jean Maggi\"],\"articleSection\":[\"Videos\",\"Villa Mar\u00eda\"],\"inLanguage\":\"es\",\"potentialAction\":[{\"@type\":\"CommentAction\",\"name\":\"Comment\",\"target\":[\"http:\/\/elregionalvm.com.ar\/noticias-villa-maria\/videos-ayelen-recibio-una-bicicleta-adaptada-de-la-fundacion-jean-maggi\/#respond\"]}]},{\"@type\":\"WebPage\",\"@id\":\"http:\/\/elregionalvm.com.ar\/noticias-villa-maria\/videos-ayelen-recibio-una-bicicleta-adaptada-de-la-fundacion-jean-maggi\/\",\"url\":\"http:\/\/elregionalvm.com.ar\/noticias-villa-maria\/videos-ayelen-recibio-una-bicicleta-adaptada-de-la-fundacion-jean-maggi\/\",\"name\":\"La historia de Ayel\u00e9n, la villamariense que recibi\u00f3 una bicicleta de la Fundaci\u00f3n Jean Maggi (VIDEO) - El Regional\",\"isPartOf\":{\"@id\":\"http:\/\/elregionalvm.com.ar\/noticias-villa-maria\/#website\"},\"primaryImageOfPage\":{\"@id\":\"http:\/\/elregionalvm.com.ar\/noticias-villa-maria\/videos-ayelen-recibio-una-bicicleta-adaptada-de-la-fundacion-jean-maggi\/#primaryimage\"},\"image\":{\"@id\":\"http:\/\/elregionalvm.com.ar\/noticias-villa-maria\/videos-ayelen-recibio-una-bicicleta-adaptada-de-la-fundacion-jean-maggi\/#primaryimage\"},\"thumbnailUrl\":\"https:\/\/i0.wp.com\/elregionalvm.com.ar\/noticias-villa-maria\/wp-content\/uploads\/2020\/07\/ayelen.jpg?fit=704%2C650&ssl=1\",\"datePublished\":\"2020-07-14T23:13:02+00:00\",\"dateModified\":\"2020-07-15T16:58:30+00:00\",\"author\":{\"@id\":\"http:\/\/elregionalvm.com.ar\/noticias-villa-maria\/#\/schema\/person\/a0fb9c422317faca23d50163151bc354\"},\"description\":\"Ayel\u00e9n naci\u00f3 con un diagn\u00f3stico de hidrocefalia y esa condici\u00f3n la limit\u00f3 especialmente en su condici\u00f3n motriz, pero tiene en su familia un gran respaldo.\",\"breadcrumb\":{\"@id\":\"http:\/\/elregionalvm.com.ar\/noticias-villa-maria\/videos-ayelen-recibio-una-bicicleta-adaptada-de-la-fundacion-jean-maggi\/#breadcrumb\"},\"inLanguage\":\"es\",\"potentialAction\":[{\"@type\":\"ReadAction\",\"target\":[\"http:\/\/elregionalvm.com.ar\/noticias-villa-maria\/videos-ayelen-recibio-una-bicicleta-adaptada-de-la-fundacion-jean-maggi\/\"]}]},{\"@type\":\"ImageObject\",\"inLanguage\":\"es\",\"@id\":\"http:\/\/elregionalvm.com.ar\/noticias-villa-maria\/videos-ayelen-recibio-una-bicicleta-adaptada-de-la-fundacion-jean-maggi\/#primaryimage\",\"url\":\"https:\/\/i0.wp.com\/elregionalvm.com.ar\/noticias-villa-maria\/wp-content\/uploads\/2020\/07\/ayelen.jpg?fit=704%2C650&ssl=1\",\"contentUrl\":\"https:\/\/i0.wp.com\/elregionalvm.com.ar\/noticias-villa-maria\/wp-content\/uploads\/2020\/07\/ayelen.jpg?fit=704%2C650&ssl=1\",\"width\":704,\"height\":650},{\"@type\":\"BreadcrumbList\",\"@id\":\"http:\/\/elregionalvm.com.ar\/noticias-villa-maria\/videos-ayelen-recibio-una-bicicleta-adaptada-de-la-fundacion-jean-maggi\/#breadcrumb\",\"itemListElement\":[{\"@type\":\"ListItem\",\"position\":1,\"name\":\"Portada\",\"item\":\"https:\/\/elregionalvm.com.ar\/noticias-villa-maria\/\"},{\"@type\":\"ListItem\",\"position\":2,\"name\":\"La historia de Ayel\u00e9n, la villamariense que recibi\u00f3 una bicicleta de la Fundaci\u00f3n Jean Maggi (VIDEO)\"}]},{\"@type\":\"WebSite\",\"@id\":\"http:\/\/elregionalvm.com.ar\/noticias-villa-maria\/#website\",\"url\":\"http:\/\/elregionalvm.com.ar\/noticias-villa-maria\/\",\"name\":\"El Regional\",\"description\":\"Mucho m\u00e1s que informaci\u00f3n\",\"potentialAction\":[{\"@type\":\"SearchAction\",\"target\":{\"@type\":\"EntryPoint\",\"urlTemplate\":\"http:\/\/elregionalvm.com.ar\/noticias-villa-maria\/?s={search_term_string}\"},\"query-input\":{\"@type\":\"PropertyValueSpecification\",\"valueRequired\":true,\"valueName\":\"search_term_string\"}}],\"inLanguage\":\"es\"},{\"@type\":\"Person\",\"@id\":\"http:\/\/elregionalvm.com.ar\/noticias-villa-maria\/#\/schema\/person\/a0fb9c422317faca23d50163151bc354\",\"name\":\"Contenidos El Regional\",\"image\":{\"@type\":\"ImageObject\",\"inLanguage\":\"es\",\"@id\":\"http:\/\/elregionalvm.com.ar\/noticias-villa-maria\/#\/schema\/person\/image\/\",\"url\":\"https:\/\/secure.gravatar.com\/avatar\/265b27cb2209af7bb3a1318f03305787d7981a5cc6e6cd08fe5a4ecdf99d4b48?s=96&d=mm&r=g\",\"contentUrl\":\"https:\/\/secure.gravatar.com\/avatar\/265b27cb2209af7bb3a1318f03305787d7981a5cc6e6cd08fe5a4ecdf99d4b48?s=96&d=mm&r=g\",\"caption\":\"Contenidos El Regional\"},\"url\":\"https:\/\/elregionalvm.com.ar\/noticias-villa-maria\/author\/contenido\/\"}]}<\/script>\n<!-- \/ Yoast SEO plugin. -->","yoast_head_json":{"title":"La historia de Ayel\u00e9n, la villamariense que recibi\u00f3 una bicicleta de la Fundaci\u00f3n Jean Maggi (VIDEO) - El Regional","description":"Ayel\u00e9n naci\u00f3 con un diagn\u00f3stico de hidrocefalia y esa condici\u00f3n la limit\u00f3 especialmente en su condici\u00f3n motriz, pero tiene en su familia un gran respaldo.","robots":{"index":"index","follow":"follow","max-snippet":"max-snippet:-1","max-image-preview":"max-image-preview:large","max-video-preview":"max-video-preview:-1"},"canonical":"http:\/\/elregionalvm.com.ar\/noticias-villa-maria\/videos-ayelen-recibio-una-bicicleta-adaptada-de-la-fundacion-jean-maggi\/","og_locale":"es_ES","og_type":"article","og_title":"La historia de Ayel\u00e9n, la villamariense que recibi\u00f3 una bicicleta de la Fundaci\u00f3n Jean Maggi (VIDEO) - El Regional","og_description":"Ayel\u00e9n naci\u00f3 con un diagn\u00f3stico de hidrocefalia y esa condici\u00f3n la limit\u00f3 especialmente en su condici\u00f3n motriz, pero tiene en su familia un gran respaldo.","og_url":"http:\/\/elregionalvm.com.ar\/noticias-villa-maria\/videos-ayelen-recibio-una-bicicleta-adaptada-de-la-fundacion-jean-maggi\/","og_site_name":"El Regional","article_publisher":"https:\/\/www.facebook.com\/elregionalvm","article_published_time":"2020-07-14T23:13:02+00:00","article_modified_time":"2020-07-15T16:58:30+00:00","og_image":[{"width":704,"height":650,"url":"http:\/\/elregionalvm.com.ar\/noticias-villa-maria\/wp-content\/uploads\/2020\/07\/ayelen.jpg","type":"image\/jpeg"}],"author":"Contenidos El Regional","twitter_card":"summary_large_image","twitter_creator":"@elregionalvm1","twitter_site":"@elregionalvm1","twitter_misc":{"Escrito por":"Contenidos El Regional","Tiempo de lectura":"3 minutos"},"schema":{"@context":"https:\/\/schema.org","@graph":[{"@type":"Article","@id":"http:\/\/elregionalvm.com.ar\/noticias-villa-maria\/videos-ayelen-recibio-una-bicicleta-adaptada-de-la-fundacion-jean-maggi\/#article","isPartOf":{"@id":"http:\/\/elregionalvm.com.ar\/noticias-villa-maria\/videos-ayelen-recibio-una-bicicleta-adaptada-de-la-fundacion-jean-maggi\/"},"author":{"name":"Contenidos El Regional","@id":"http:\/\/elregionalvm.com.ar\/noticias-villa-maria\/#\/schema\/person\/a0fb9c422317faca23d50163151bc354"},"headline":"La historia de Ayel\u00e9n, la villamariense que recibi\u00f3 una bicicleta de la Fundaci\u00f3n Jean Maggi (VIDEO)","datePublished":"2020-07-14T23:13:02+00:00","dateModified":"2020-07-15T16:58:30+00:00","mainEntityOfPage":{"@id":"http:\/\/elregionalvm.com.ar\/noticias-villa-maria\/videos-ayelen-recibio-una-bicicleta-adaptada-de-la-fundacion-jean-maggi\/"},"wordCount":571,"commentCount":0,"image":{"@id":"http:\/\/elregionalvm.com.ar\/noticias-villa-maria\/videos-ayelen-recibio-una-bicicleta-adaptada-de-la-fundacion-jean-maggi\/#primaryimage"},"thumbnailUrl":"https:\/\/i0.wp.com\/elregionalvm.com.ar\/noticias-villa-maria\/wp-content\/uploads\/2020\/07\/ayelen.jpg?fit=704%2C650&ssl=1","keywords":["Ayel\u00e9n","bicicleta adaptada","destacado","discapacidad","Fundaci\u00f3n Jean Maggi"],"articleSection":["Videos","Villa Mar\u00eda"],"inLanguage":"es","potentialAction":[{"@type":"CommentAction","name":"Comment","target":["http:\/\/elregionalvm.com.ar\/noticias-villa-maria\/videos-ayelen-recibio-una-bicicleta-adaptada-de-la-fundacion-jean-maggi\/#respond"]}]},{"@type":"WebPage","@id":"http:\/\/elregionalvm.com.ar\/noticias-villa-maria\/videos-ayelen-recibio-una-bicicleta-adaptada-de-la-fundacion-jean-maggi\/","url":"http:\/\/elregionalvm.com.ar\/noticias-villa-maria\/videos-ayelen-recibio-una-bicicleta-adaptada-de-la-fundacion-jean-maggi\/","name":"La historia de Ayel\u00e9n, la villamariense que recibi\u00f3 una bicicleta de la Fundaci\u00f3n Jean Maggi (VIDEO) - El Regional","isPartOf":{"@id":"http:\/\/elregionalvm.com.ar\/noticias-villa-maria\/#website"},"primaryImageOfPage":{"@id":"http:\/\/elregionalvm.com.ar\/noticias-villa-maria\/videos-ayelen-recibio-una-bicicleta-adaptada-de-la-fundacion-jean-maggi\/#primaryimage"},"image":{"@id":"http:\/\/elregionalvm.com.ar\/noticias-villa-maria\/videos-ayelen-recibio-una-bicicleta-adaptada-de-la-fundacion-jean-maggi\/#primaryimage"},"thumbnailUrl":"https:\/\/i0.wp.com\/elregionalvm.com.ar\/noticias-villa-maria\/wp-content\/uploads\/2020\/07\/ayelen.jpg?fit=704%2C650&ssl=1","datePublished":"2020-07-14T23:13:02+00:00","dateModified":"2020-07-15T16:58:30+00:00","author":{"@id":"http:\/\/elregionalvm.com.ar\/noticias-villa-maria\/#\/schema\/person\/a0fb9c422317faca23d50163151bc354"},"description":"Ayel\u00e9n naci\u00f3 con un diagn\u00f3stico de hidrocefalia y esa condici\u00f3n la limit\u00f3 especialmente en su condici\u00f3n motriz, pero tiene en su familia un gran respaldo.","breadcrumb":{"@id":"http:\/\/elregionalvm.com.ar\/noticias-villa-maria\/videos-ayelen-recibio-una-bicicleta-adaptada-de-la-fundacion-jean-maggi\/#breadcrumb"},"inLanguage":"es","potentialAction":[{"@type":"ReadAction","target":["http:\/\/elregionalvm.com.ar\/noticias-villa-maria\/videos-ayelen-recibio-una-bicicleta-adaptada-de-la-fundacion-jean-maggi\/"]}]},{"@type":"ImageObject","inLanguage":"es","@id":"http:\/\/elregionalvm.com.ar\/noticias-villa-maria\/videos-ayelen-recibio-una-bicicleta-adaptada-de-la-fundacion-jean-maggi\/#primaryimage","url":"https:\/\/i0.wp.com\/elregionalvm.com.ar\/noticias-villa-maria\/wp-content\/uploads\/2020\/07\/ayelen.jpg?fit=704%2C650&ssl=1","contentUrl":"https:\/\/i0.wp.com\/elregionalvm.com.ar\/noticias-villa-maria\/wp-content\/uploads\/2020\/07\/ayelen.jpg?fit=704%2C650&ssl=1","width":704,"height":650},{"@type":"BreadcrumbList","@id":"http:\/\/elregionalvm.com.ar\/noticias-villa-maria\/videos-ayelen-recibio-una-bicicleta-adaptada-de-la-fundacion-jean-maggi\/#breadcrumb","itemListElement":[{"@type":"ListItem","position":1,"name":"Portada","item":"https:\/\/elregionalvm.com.ar\/noticias-villa-maria\/"},{"@type":"ListItem","position":2,"name":"La historia de Ayel\u00e9n, la villamariense que recibi\u00f3 una bicicleta de la Fundaci\u00f3n Jean Maggi (VIDEO)"}]},{"@type":"WebSite","@id":"http:\/\/elregionalvm.com.ar\/noticias-villa-maria\/#website","url":"http:\/\/elregionalvm.com.ar\/noticias-villa-maria\/","name":"El Regional","description":"Mucho m\u00e1s que informaci\u00f3n","potentialAction":[{"@type":"SearchAction","target":{"@type":"EntryPoint","urlTemplate":"http:\/\/elregionalvm.com.ar\/noticias-villa-maria\/?s={search_term_string}"},"query-input":{"@type":"PropertyValueSpecification","valueRequired":true,"valueName":"search_term_string"}}],"inLanguage":"es"},{"@type":"Person","@id":"http:\/\/elregionalvm.com.ar\/noticias-villa-maria\/#\/schema\/person\/a0fb9c422317faca23d50163151bc354","name":"Contenidos El Regional","image":{"@type":"ImageObject","inLanguage":"es","@id":"http:\/\/elregionalvm.com.ar\/noticias-villa-maria\/#\/schema\/person\/image\/","url":"https:\/\/secure.gravatar.com\/avatar\/265b27cb2209af7bb3a1318f03305787d7981a5cc6e6cd08fe5a4ecdf99d4b48?s=96&d=mm&r=g","contentUrl":"https:\/\/secure.gravatar.com\/avatar\/265b27cb2209af7bb3a1318f03305787d7981a5cc6e6cd08fe5a4ecdf99d4b48?s=96&d=mm&r=g","caption":"Contenidos El Regional"},"url":"https:\/\/elregionalvm.com.ar\/noticias-villa-maria\/author\/contenido\/"}]}},"jetpack_featured_media_url":"https:\/\/i0.wp.com\/elregionalvm.com.ar\/noticias-villa-maria\/wp-content\/uploads\/2020\/07\/ayelen.jpg?fit=704%2C650&ssl=1","jetpack_sharing_enabled":true,"_links":{"self":[{"href":"https:\/\/elregionalvm.com.ar\/noticias-villa-maria\/wp-json\/wp\/v2\/posts\/19985","targetHints":{"allow":["GET"]}}],"collection":[{"href":"https:\/\/elregionalvm.com.ar\/noticias-villa-maria\/wp-json\/wp\/v2\/posts"}],"about":[{"href":"https:\/\/elregionalvm.com.ar\/noticias-villa-maria\/wp-json\/wp\/v2\/types\/post"}],"author":[{"embeddable":true,"href":"https:\/\/elregionalvm.com.ar\/noticias-villa-maria\/wp-json\/wp\/v2\/users\/4"}],"replies":[{"embeddable":true,"href":"https:\/\/elregionalvm.com.ar\/noticias-villa-maria\/wp-json\/wp\/v2\/comments?post=19985"}],"version-history":[{"count":7,"href":"https:\/\/elregionalvm.com.ar\/noticias-villa-maria\/wp-json\/wp\/v2\/posts\/19985\/revisions"}],"predecessor-version":[{"id":20012,"href":"https:\/\/elregionalvm.com.ar\/noticias-villa-maria\/wp-json\/wp\/v2\/posts\/19985\/revisions\/20012"}],"wp:featuredmedia":[{"embeddable":true,"href":"https:\/\/elregionalvm.com.ar\/noticias-villa-maria\/wp-json\/wp\/v2\/media\/20042"}],"wp:attachment":[{"href":"https:\/\/elregionalvm.com.ar\/noticias-villa-maria\/wp-json\/wp\/v2\/media?parent=19985"}],"wp:term":[{"taxonomy":"category","embeddable":true,"href":"https:\/\/elregionalvm.com.ar\/noticias-villa-maria\/wp-json\/wp\/v2\/categories?post=19985"},{"taxonomy":"post_tag","embeddable":true,"href":"https:\/\/elregionalvm.com.ar\/noticias-villa-maria\/wp-json\/wp\/v2\/tags?post=19985"}],"curies":[{"name":"wp","href":"https:\/\/api.w.org\/{rel}","templated":true}]}}