{"id":20422,"date":"2020-07-20T00:17:00","date_gmt":"2020-07-20T00:17:00","guid":{"rendered":"https:\/\/elregionalvm.com.ar\/noticias-villa-maria\/?p=20422"},"modified":"2020-07-20T02:02:04","modified_gmt":"2020-07-20T02:02:04","slug":"anticipo-dos-casos-positivos-en-villa-maria","status":"publish","type":"post","link":"https:\/\/elregionalvm.com.ar\/noticias-villa-maria\/anticipo-dos-casos-positivos-en-villa-maria\/","title":{"rendered":"Confirman los dos primeros casos locales en Villa Mar\u00eda"},"content":{"rendered":"\n<p>Autoridades municipales y sanitarias confirmaron dos casos positivos en Villa Mar\u00eda.  <\/p>\n\n\n\n<p>Adem\u00e1s, informaron la presencia de otro positivo de una persona de Oliva que se desempe\u00f1a en nuestra ciudad.  Se trata de una abogada que trabaja en Tribunales. <\/p>\n\n\n\n<p>La mujer no concurre desde el pasado mi\u00e9rcoles a su lugar de trabajo y sus contactos fueron aislados. <\/p>\n\n\n\n<p>Los casos positivos \u00abfueron hisopados el mi\u00e9rcoles pasado, se encuentran aislados y con la vigilancia correspondiente\u00bb, indic\u00f3 el intendente interino Pablo Rosso.<\/p>\n\n\n\n<p>El infect\u00f3logo Dar\u00edo Quinodoz, integrante del COE Regional, agreg\u00f3 que los contactos estrechos est\u00e1n en aislamiento y en proceso de hisopado. <\/p>\n\n\n\n<p>Adem\u00e1s, aclararon que se trata de informaci\u00f3n que a\u00fan no aparece en los registros oficiales. <\/p>\n\n\n\n<figure class=\"wp-block-image size-large is-resized\"><img data-recalc-dims=\"1\" fetchpriority=\"high\" decoding=\"async\" src=\"https:\/\/i0.wp.com\/elregionalvm.com.ar\/noticias-villa-maria\/wp-content\/uploads\/2020\/07\/WhatsApp-Image-2020-07-19-at-10.04.41-PM.jpeg?resize=715%2C476&#038;ssl=1\" alt=\"\" class=\"wp-image-20431\" width=\"715\" height=\"476\" srcset=\"https:\/\/i0.wp.com\/elregionalvm.com.ar\/noticias-villa-maria\/wp-content\/uploads\/2020\/07\/WhatsApp-Image-2020-07-19-at-10.04.41-PM.jpeg?resize=1024%2C682&amp;ssl=1 1024w, https:\/\/i0.wp.com\/elregionalvm.com.ar\/noticias-villa-maria\/wp-content\/uploads\/2020\/07\/WhatsApp-Image-2020-07-19-at-10.04.41-PM.jpeg?resize=300%2C200&amp;ssl=1 300w, https:\/\/i0.wp.com\/elregionalvm.com.ar\/noticias-villa-maria\/wp-content\/uploads\/2020\/07\/WhatsApp-Image-2020-07-19-at-10.04.41-PM.jpeg?resize=768%2C512&amp;ssl=1 768w, https:\/\/i0.wp.com\/elregionalvm.com.ar\/noticias-villa-maria\/wp-content\/uploads\/2020\/07\/WhatsApp-Image-2020-07-19-at-10.04.41-PM.jpeg?w=1280&amp;ssl=1 1280w\" sizes=\"(max-width: 715px) 100vw, 715px\" \/><figcaption><em>Rosso (centro), Quinodoz (izquierda) y la infect\u00f3loga Soledad Frola (derecha), confirmaron los dos primeros casos locales. <\/em><\/figcaption><\/figure>\n\n\n\n<p><strong>32 casos en total<\/strong><\/p>\n\n\n\n<p>De esta forma, seg\u00fan el informe del Hospital Pasteur, los casos positivos suman 32. <\/p>\n\n\n\n<p>A estos dos m\u00e1s recientes se agregan los 28 importados, el paciente derivado de Villa del Rosario y el caso de Mart\u00edn Gill, que permanece en Buenos Aires. <\/p>\n\n\n\n<p><strong>Internados en el Pasteur<\/strong><\/p>\n\n\n\n<p>Por otro lado, el Pasteur inform\u00f3 la situaci\u00f3n de las salas de internaci\u00f3n de pacientes con Covid 19.<\/p>\n\n\n\n<p><strong>&#x1f4cd; Sala Covid -19:<\/strong> 13 pacientes <\/p>\n\n\n\n<ul class=\"wp-block-list\"><li>7 positivos: 1 Villa del Rosario (asintom\u00e1tico), 4 Pampayasta, 2 Oliva.<\/li><li>6 sospechosos: 2 Marcos Ju\u00e1rez, 3 Oliva, 1 Villa Mar\u00eda.<\/li><\/ul>\n\n\n\n<p><strong>&#x1f4cd; UTI Covid &#8211; 19:<\/strong> 6 pacientes:<\/p>\n\n\n\n<ul class=\"wp-block-list\"><li>4 positivos: 1 Oliva, 3 Marcos Ju\u00e1rez.<\/li><li>2 sospechosos: 1 Marcos Ju\u00e1rez, 1 Oliva.<\/li><\/ul>\n\n\n\n<p><strong>En la provincia<\/strong><\/p>\n\n\n\n<p>El Ministerio de Salud de la Provincia inform\u00f3 que este domingo<strong>\u00a0<\/strong>19 de julio se confirm\u00f3 76 nuevos casos de Covid-19. De ese total, 39 tienen domicilio en la ciudad de C\u00f3rdoba, 16 en Marcos Ju\u00e1rez, 17 en Oliva, uno en Icho Cruz, uno en Villa Dolores y dos casos importados, uno de Misiones y otro de Brasil.<\/p>\n\n\n\n<p>En este reporte no se incluyen los nuevos casos detectados en sitios como Marcos Ju\u00e1rez y Oliva, ya que presentan un desfasaje con los presentados por la autoridades locales. <\/p>\n\n\n\n<p>Por caso, Marcos Ju\u00e1rez indic\u00f3 que los casos informados hoy por la Provincia son los que la ciudad confirm\u00f3 en la noche del s\u00e1bado 18. <\/p>\n","protected":false},"excerpt":{"rendered":"<p>Autoridades municipales y sanitarias confirmaron dos casos positivos en Villa Mar\u00eda. Adem\u00e1s, informaron la presencia de otro positivo de una persona de Oliva que se desempe\u00f1a en nuestra ciudad. Se trata de una abogada que trabaja en Tribunales. La mujer no concurre desde el pasado mi\u00e9rcoles a su lugar de trabajo y sus contactos fueron [&hellip;]<\/p>\n","protected":false},"author":6,"featured_media":20327,"comment_status":"open","ping_status":"open","sticky":false,"template":"","format":"standard","meta":{"site-sidebar-layout":"default","site-content-layout":"default","ast-site-content-layout":"default","site-content-style":"default","site-sidebar-style":"default","ast-global-header-display":"","ast-banner-title-visibility":"","ast-main-header-display":"","ast-hfb-above-header-display":"","ast-hfb-below-header-display":"","ast-hfb-mobile-header-display":"","site-post-title":"","ast-breadcrumbs-content":"","ast-featured-img":"","footer-sml-layout":"","ast-disable-related-posts":"","theme-transparent-header-meta":"default","adv-header-id-meta":"","stick-header-meta":"","header-above-stick-meta":"","header-main-stick-meta":"","header-below-stick-meta":"","astra-migrate-meta-layouts":"default","ast-page-background-enabled":"default","ast-page-background-meta":{"desktop":{"background-color":"","background-image":"","background-repeat":"repeat","background-position":"center center","background-size":"auto","background-attachment":"scroll","background-type":"","background-media":"","overlay-type":"","overlay-color":"","overlay-opacity":"","overlay-gradient":""},"tablet":{"background-color":"","background-image":"","background-repeat":"repeat","background-position":"center center","background-size":"auto","background-attachment":"scroll","background-type":"","background-media":"","overlay-type":"","overlay-color":"","overlay-opacity":"","overlay-gradient":""},"mobile":{"background-color":"","background-image":"","background-repeat":"repeat","background-position":"center center","background-size":"auto","background-attachment":"scroll","background-type":"","background-media":"","overlay-type":"","overlay-color":"","overlay-opacity":"","overlay-gradient":""}},"ast-content-background-meta":{"desktop":{"background-color":"var(--ast-global-color-5)","background-image":"","background-repeat":"repeat","background-position":"center center","background-size":"auto","background-attachment":"scroll","background-type":"","background-media":"","overlay-type":"","overlay-color":"","overlay-opacity":"","overlay-gradient":""},"tablet":{"background-color":"var(--ast-global-color-5)","background-image":"","background-repeat":"repeat","background-position":"center center","background-size":"auto","background-attachment":"scroll","background-type":"","background-media":"","overlay-type":"","overlay-color":"","overlay-opacity":"","overlay-gradient":""},"mobile":{"background-color":"var(--ast-global-color-5)","background-image":"","background-repeat":"repeat","background-position":"center center","background-size":"auto","background-attachment":"scroll","background-type":"","background-media":"","overlay-type":"","overlay-color":"","overlay-opacity":"","overlay-gradient":""}},"_jetpack_memberships_contains_paid_content":false,"_joinchat":[],"footnotes":""},"categories":[2256,2323,2],"tags":[],"class_list":["post-20422","post","type-post","status-publish","format-standard","has-post-thumbnail","hentry","category-coronavirus","category-notas-secundarias","category-villa-maria"],"yoast_head":"<!-- This site is optimized with the Yoast SEO plugin v26.8 - https:\/\/yoast.com\/product\/yoast-seo-wordpress\/ -->\n<title>Confirman los dos primeros casos locales en Villa Mar\u00eda - El Regional<\/title>\n<meta name=\"robots\" content=\"index, follow, max-snippet:-1, max-image-preview:large, max-video-preview:-1\" \/>\n<link rel=\"canonical\" href=\"http:\/\/elregionalvm.com.ar\/noticias-villa-maria\/anticipo-dos-casos-positivos-en-villa-maria\/\" \/>\n<meta property=\"og:locale\" content=\"es_ES\" \/>\n<meta property=\"og:type\" content=\"article\" \/>\n<meta property=\"og:title\" content=\"Confirman los dos primeros casos locales en Villa Mar\u00eda - El Regional\" \/>\n<meta property=\"og:description\" content=\"Autoridades municipales y sanitarias confirmaron dos casos positivos en Villa Mar\u00eda. Adem\u00e1s, informaron la presencia de otro positivo de una persona de Oliva que se desempe\u00f1a en nuestra ciudad. Se trata de una abogada que trabaja en Tribunales. La mujer no concurre desde el pasado mi\u00e9rcoles a su lugar de trabajo y sus contactos fueron [&hellip;]\" \/>\n<meta property=\"og:url\" content=\"http:\/\/elregionalvm.com.ar\/noticias-villa-maria\/anticipo-dos-casos-positivos-en-villa-maria\/\" \/>\n<meta property=\"og:site_name\" content=\"El Regional\" \/>\n<meta property=\"article:publisher\" content=\"https:\/\/www.facebook.com\/elregionalvm\" \/>\n<meta property=\"article:published_time\" content=\"2020-07-20T00:17:00+00:00\" \/>\n<meta property=\"article:modified_time\" content=\"2020-07-20T02:02:04+00:00\" \/>\n<meta property=\"og:image\" content=\"http:\/\/elregionalvm.com.ar\/noticias-villa-maria\/wp-content\/uploads\/2020\/07\/Hospital-Pasteur-frente-1.jpg\" \/>\n\t<meta property=\"og:image:width\" content=\"1250\" \/>\n\t<meta property=\"og:image:height\" content=\"600\" \/>\n\t<meta property=\"og:image:type\" content=\"image\/jpeg\" \/>\n<meta name=\"author\" content=\"Germ\u00e1n Giacchero\" \/>\n<meta name=\"twitter:card\" content=\"summary_large_image\" \/>\n<meta name=\"twitter:creator\" content=\"@elregionalvm1\" \/>\n<meta name=\"twitter:site\" content=\"@elregionalvm1\" \/>\n<meta name=\"twitter:label1\" content=\"Escrito por\" \/>\n\t<meta name=\"twitter:data1\" content=\"Germ\u00e1n Giacchero\" \/>\n\t<meta name=\"twitter:label2\" content=\"Tiempo de lectura\" \/>\n\t<meta name=\"twitter:data2\" content=\"2 minutos\" \/>\n<script type=\"application\/ld+json\" class=\"yoast-schema-graph\">{\"@context\":\"https:\/\/schema.org\",\"@graph\":[{\"@type\":\"Article\",\"@id\":\"http:\/\/elregionalvm.com.ar\/noticias-villa-maria\/anticipo-dos-casos-positivos-en-villa-maria\/#article\",\"isPartOf\":{\"@id\":\"http:\/\/elregionalvm.com.ar\/noticias-villa-maria\/anticipo-dos-casos-positivos-en-villa-maria\/\"},\"author\":{\"name\":\"Germ\u00e1n Giacchero\",\"@id\":\"http:\/\/elregionalvm.com.ar\/noticias-villa-maria\/#\/schema\/person\/d5e4b04966154131701e52c45d3efec9\"},\"headline\":\"Confirman los dos primeros casos locales en Villa Mar\u00eda\",\"datePublished\":\"2020-07-20T00:17:00+00:00\",\"dateModified\":\"2020-07-20T02:02:04+00:00\",\"mainEntityOfPage\":{\"@id\":\"http:\/\/elregionalvm.com.ar\/noticias-villa-maria\/anticipo-dos-casos-positivos-en-villa-maria\/\"},\"wordCount\":375,\"commentCount\":0,\"image\":{\"@id\":\"http:\/\/elregionalvm.com.ar\/noticias-villa-maria\/anticipo-dos-casos-positivos-en-villa-maria\/#primaryimage\"},\"thumbnailUrl\":\"https:\/\/i0.wp.com\/elregionalvm.com.ar\/noticias-villa-maria\/wp-content\/uploads\/2020\/07\/Hospital-Pasteur-frente-1.jpg?fit=1250%2C600&ssl=1\",\"articleSection\":[\"Coronavirus\",\"Notas\",\"Villa Mar\u00eda\"],\"inLanguage\":\"es\",\"potentialAction\":[{\"@type\":\"CommentAction\",\"name\":\"Comment\",\"target\":[\"http:\/\/elregionalvm.com.ar\/noticias-villa-maria\/anticipo-dos-casos-positivos-en-villa-maria\/#respond\"]}]},{\"@type\":\"WebPage\",\"@id\":\"http:\/\/elregionalvm.com.ar\/noticias-villa-maria\/anticipo-dos-casos-positivos-en-villa-maria\/\",\"url\":\"http:\/\/elregionalvm.com.ar\/noticias-villa-maria\/anticipo-dos-casos-positivos-en-villa-maria\/\",\"name\":\"Confirman los dos primeros casos locales en Villa Mar\u00eda - El Regional\",\"isPartOf\":{\"@id\":\"http:\/\/elregionalvm.com.ar\/noticias-villa-maria\/#website\"},\"primaryImageOfPage\":{\"@id\":\"http:\/\/elregionalvm.com.ar\/noticias-villa-maria\/anticipo-dos-casos-positivos-en-villa-maria\/#primaryimage\"},\"image\":{\"@id\":\"http:\/\/elregionalvm.com.ar\/noticias-villa-maria\/anticipo-dos-casos-positivos-en-villa-maria\/#primaryimage\"},\"thumbnailUrl\":\"https:\/\/i0.wp.com\/elregionalvm.com.ar\/noticias-villa-maria\/wp-content\/uploads\/2020\/07\/Hospital-Pasteur-frente-1.jpg?fit=1250%2C600&ssl=1\",\"datePublished\":\"2020-07-20T00:17:00+00:00\",\"dateModified\":\"2020-07-20T02:02:04+00:00\",\"author\":{\"@id\":\"http:\/\/elregionalvm.com.ar\/noticias-villa-maria\/#\/schema\/person\/d5e4b04966154131701e52c45d3efec9\"},\"breadcrumb\":{\"@id\":\"http:\/\/elregionalvm.com.ar\/noticias-villa-maria\/anticipo-dos-casos-positivos-en-villa-maria\/#breadcrumb\"},\"inLanguage\":\"es\",\"potentialAction\":[{\"@type\":\"ReadAction\",\"target\":[\"http:\/\/elregionalvm.com.ar\/noticias-villa-maria\/anticipo-dos-casos-positivos-en-villa-maria\/\"]}]},{\"@type\":\"ImageObject\",\"inLanguage\":\"es\",\"@id\":\"http:\/\/elregionalvm.com.ar\/noticias-villa-maria\/anticipo-dos-casos-positivos-en-villa-maria\/#primaryimage\",\"url\":\"https:\/\/i0.wp.com\/elregionalvm.com.ar\/noticias-villa-maria\/wp-content\/uploads\/2020\/07\/Hospital-Pasteur-frente-1.jpg?fit=1250%2C600&ssl=1\",\"contentUrl\":\"https:\/\/i0.wp.com\/elregionalvm.com.ar\/noticias-villa-maria\/wp-content\/uploads\/2020\/07\/Hospital-Pasteur-frente-1.jpg?fit=1250%2C600&ssl=1\",\"width\":1250,\"height\":600},{\"@type\":\"BreadcrumbList\",\"@id\":\"http:\/\/elregionalvm.com.ar\/noticias-villa-maria\/anticipo-dos-casos-positivos-en-villa-maria\/#breadcrumb\",\"itemListElement\":[{\"@type\":\"ListItem\",\"position\":1,\"name\":\"Portada\",\"item\":\"https:\/\/elregionalvm.com.ar\/noticias-villa-maria\/\"},{\"@type\":\"ListItem\",\"position\":2,\"name\":\"Confirman los dos primeros casos locales en Villa Mar\u00eda\"}]},{\"@type\":\"WebSite\",\"@id\":\"http:\/\/elregionalvm.com.ar\/noticias-villa-maria\/#website\",\"url\":\"http:\/\/elregionalvm.com.ar\/noticias-villa-maria\/\",\"name\":\"El Regional\",\"description\":\"Mucho m\u00e1s que informaci\u00f3n\",\"potentialAction\":[{\"@type\":\"SearchAction\",\"target\":{\"@type\":\"EntryPoint\",\"urlTemplate\":\"http:\/\/elregionalvm.com.ar\/noticias-villa-maria\/?s={search_term_string}\"},\"query-input\":{\"@type\":\"PropertyValueSpecification\",\"valueRequired\":true,\"valueName\":\"search_term_string\"}}],\"inLanguage\":\"es\"},{\"@type\":\"Person\",\"@id\":\"http:\/\/elregionalvm.com.ar\/noticias-villa-maria\/#\/schema\/person\/d5e4b04966154131701e52c45d3efec9\",\"name\":\"Germ\u00e1n Giacchero\",\"image\":{\"@type\":\"ImageObject\",\"inLanguage\":\"es\",\"@id\":\"http:\/\/elregionalvm.com.ar\/noticias-villa-maria\/#\/schema\/person\/image\/\",\"url\":\"https:\/\/secure.gravatar.com\/avatar\/fda163ba5ef0307ee5be9846e10f83b6e83d0cfb260d3b2464830318894c6b04?s=96&d=mm&r=g\",\"contentUrl\":\"https:\/\/secure.gravatar.com\/avatar\/fda163ba5ef0307ee5be9846e10f83b6e83d0cfb260d3b2464830318894c6b04?s=96&d=mm&r=g\",\"caption\":\"Germ\u00e1n Giacchero\"},\"url\":\"https:\/\/elregionalvm.com.ar\/noticias-villa-maria\/author\/germangiacchero\/\"}]}<\/script>\n<!-- \/ Yoast SEO plugin. -->","yoast_head_json":{"title":"Confirman los dos primeros casos locales en Villa Mar\u00eda - El Regional","robots":{"index":"index","follow":"follow","max-snippet":"max-snippet:-1","max-image-preview":"max-image-preview:large","max-video-preview":"max-video-preview:-1"},"canonical":"http:\/\/elregionalvm.com.ar\/noticias-villa-maria\/anticipo-dos-casos-positivos-en-villa-maria\/","og_locale":"es_ES","og_type":"article","og_title":"Confirman los dos primeros casos locales en Villa Mar\u00eda - El Regional","og_description":"Autoridades municipales y sanitarias confirmaron dos casos positivos en Villa Mar\u00eda. Adem\u00e1s, informaron la presencia de otro positivo de una persona de Oliva que se desempe\u00f1a en nuestra ciudad. Se trata de una abogada que trabaja en Tribunales. La mujer no concurre desde el pasado mi\u00e9rcoles a su lugar de trabajo y sus contactos fueron [&hellip;]","og_url":"http:\/\/elregionalvm.com.ar\/noticias-villa-maria\/anticipo-dos-casos-positivos-en-villa-maria\/","og_site_name":"El Regional","article_publisher":"https:\/\/www.facebook.com\/elregionalvm","article_published_time":"2020-07-20T00:17:00+00:00","article_modified_time":"2020-07-20T02:02:04+00:00","og_image":[{"width":1250,"height":600,"url":"http:\/\/elregionalvm.com.ar\/noticias-villa-maria\/wp-content\/uploads\/2020\/07\/Hospital-Pasteur-frente-1.jpg","type":"image\/jpeg"}],"author":"Germ\u00e1n Giacchero","twitter_card":"summary_large_image","twitter_creator":"@elregionalvm1","twitter_site":"@elregionalvm1","twitter_misc":{"Escrito por":"Germ\u00e1n Giacchero","Tiempo de lectura":"2 minutos"},"schema":{"@context":"https:\/\/schema.org","@graph":[{"@type":"Article","@id":"http:\/\/elregionalvm.com.ar\/noticias-villa-maria\/anticipo-dos-casos-positivos-en-villa-maria\/#article","isPartOf":{"@id":"http:\/\/elregionalvm.com.ar\/noticias-villa-maria\/anticipo-dos-casos-positivos-en-villa-maria\/"},"author":{"name":"Germ\u00e1n Giacchero","@id":"http:\/\/elregionalvm.com.ar\/noticias-villa-maria\/#\/schema\/person\/d5e4b04966154131701e52c45d3efec9"},"headline":"Confirman los dos primeros casos locales en Villa Mar\u00eda","datePublished":"2020-07-20T00:17:00+00:00","dateModified":"2020-07-20T02:02:04+00:00","mainEntityOfPage":{"@id":"http:\/\/elregionalvm.com.ar\/noticias-villa-maria\/anticipo-dos-casos-positivos-en-villa-maria\/"},"wordCount":375,"commentCount":0,"image":{"@id":"http:\/\/elregionalvm.com.ar\/noticias-villa-maria\/anticipo-dos-casos-positivos-en-villa-maria\/#primaryimage"},"thumbnailUrl":"https:\/\/i0.wp.com\/elregionalvm.com.ar\/noticias-villa-maria\/wp-content\/uploads\/2020\/07\/Hospital-Pasteur-frente-1.jpg?fit=1250%2C600&ssl=1","articleSection":["Coronavirus","Notas","Villa Mar\u00eda"],"inLanguage":"es","potentialAction":[{"@type":"CommentAction","name":"Comment","target":["http:\/\/elregionalvm.com.ar\/noticias-villa-maria\/anticipo-dos-casos-positivos-en-villa-maria\/#respond"]}]},{"@type":"WebPage","@id":"http:\/\/elregionalvm.com.ar\/noticias-villa-maria\/anticipo-dos-casos-positivos-en-villa-maria\/","url":"http:\/\/elregionalvm.com.ar\/noticias-villa-maria\/anticipo-dos-casos-positivos-en-villa-maria\/","name":"Confirman los dos primeros casos locales en Villa Mar\u00eda - El Regional","isPartOf":{"@id":"http:\/\/elregionalvm.com.ar\/noticias-villa-maria\/#website"},"primaryImageOfPage":{"@id":"http:\/\/elregionalvm.com.ar\/noticias-villa-maria\/anticipo-dos-casos-positivos-en-villa-maria\/#primaryimage"},"image":{"@id":"http:\/\/elregionalvm.com.ar\/noticias-villa-maria\/anticipo-dos-casos-positivos-en-villa-maria\/#primaryimage"},"thumbnailUrl":"https:\/\/i0.wp.com\/elregionalvm.com.ar\/noticias-villa-maria\/wp-content\/uploads\/2020\/07\/Hospital-Pasteur-frente-1.jpg?fit=1250%2C600&ssl=1","datePublished":"2020-07-20T00:17:00+00:00","dateModified":"2020-07-20T02:02:04+00:00","author":{"@id":"http:\/\/elregionalvm.com.ar\/noticias-villa-maria\/#\/schema\/person\/d5e4b04966154131701e52c45d3efec9"},"breadcrumb":{"@id":"http:\/\/elregionalvm.com.ar\/noticias-villa-maria\/anticipo-dos-casos-positivos-en-villa-maria\/#breadcrumb"},"inLanguage":"es","potentialAction":[{"@type":"ReadAction","target":["http:\/\/elregionalvm.com.ar\/noticias-villa-maria\/anticipo-dos-casos-positivos-en-villa-maria\/"]}]},{"@type":"ImageObject","inLanguage":"es","@id":"http:\/\/elregionalvm.com.ar\/noticias-villa-maria\/anticipo-dos-casos-positivos-en-villa-maria\/#primaryimage","url":"https:\/\/i0.wp.com\/elregionalvm.com.ar\/noticias-villa-maria\/wp-content\/uploads\/2020\/07\/Hospital-Pasteur-frente-1.jpg?fit=1250%2C600&ssl=1","contentUrl":"https:\/\/i0.wp.com\/elregionalvm.com.ar\/noticias-villa-maria\/wp-content\/uploads\/2020\/07\/Hospital-Pasteur-frente-1.jpg?fit=1250%2C600&ssl=1","width":1250,"height":600},{"@type":"BreadcrumbList","@id":"http:\/\/elregionalvm.com.ar\/noticias-villa-maria\/anticipo-dos-casos-positivos-en-villa-maria\/#breadcrumb","itemListElement":[{"@type":"ListItem","position":1,"name":"Portada","item":"https:\/\/elregionalvm.com.ar\/noticias-villa-maria\/"},{"@type":"ListItem","position":2,"name":"Confirman los dos primeros casos locales en Villa Mar\u00eda"}]},{"@type":"WebSite","@id":"http:\/\/elregionalvm.com.ar\/noticias-villa-maria\/#website","url":"http:\/\/elregionalvm.com.ar\/noticias-villa-maria\/","name":"El Regional","description":"Mucho m\u00e1s que informaci\u00f3n","potentialAction":[{"@type":"SearchAction","target":{"@type":"EntryPoint","urlTemplate":"http:\/\/elregionalvm.com.ar\/noticias-villa-maria\/?s={search_term_string}"},"query-input":{"@type":"PropertyValueSpecification","valueRequired":true,"valueName":"search_term_string"}}],"inLanguage":"es"},{"@type":"Person","@id":"http:\/\/elregionalvm.com.ar\/noticias-villa-maria\/#\/schema\/person\/d5e4b04966154131701e52c45d3efec9","name":"Germ\u00e1n Giacchero","image":{"@type":"ImageObject","inLanguage":"es","@id":"http:\/\/elregionalvm.com.ar\/noticias-villa-maria\/#\/schema\/person\/image\/","url":"https:\/\/secure.gravatar.com\/avatar\/fda163ba5ef0307ee5be9846e10f83b6e83d0cfb260d3b2464830318894c6b04?s=96&d=mm&r=g","contentUrl":"https:\/\/secure.gravatar.com\/avatar\/fda163ba5ef0307ee5be9846e10f83b6e83d0cfb260d3b2464830318894c6b04?s=96&d=mm&r=g","caption":"Germ\u00e1n Giacchero"},"url":"https:\/\/elregionalvm.com.ar\/noticias-villa-maria\/author\/germangiacchero\/"}]}},"jetpack_featured_media_url":"https:\/\/i0.wp.com\/elregionalvm.com.ar\/noticias-villa-maria\/wp-content\/uploads\/2020\/07\/Hospital-Pasteur-frente-1.jpg?fit=1250%2C600&ssl=1","jetpack_sharing_enabled":true,"_links":{"self":[{"href":"https:\/\/elregionalvm.com.ar\/noticias-villa-maria\/wp-json\/wp\/v2\/posts\/20422","targetHints":{"allow":["GET"]}}],"collection":[{"href":"https:\/\/elregionalvm.com.ar\/noticias-villa-maria\/wp-json\/wp\/v2\/posts"}],"about":[{"href":"https:\/\/elregionalvm.com.ar\/noticias-villa-maria\/wp-json\/wp\/v2\/types\/post"}],"author":[{"embeddable":true,"href":"https:\/\/elregionalvm.com.ar\/noticias-villa-maria\/wp-json\/wp\/v2\/users\/6"}],"replies":[{"embeddable":true,"href":"https:\/\/elregionalvm.com.ar\/noticias-villa-maria\/wp-json\/wp\/v2\/comments?post=20422"}],"version-history":[{"count":12,"href":"https:\/\/elregionalvm.com.ar\/noticias-villa-maria\/wp-json\/wp\/v2\/posts\/20422\/revisions"}],"predecessor-version":[{"id":20437,"href":"https:\/\/elregionalvm.com.ar\/noticias-villa-maria\/wp-json\/wp\/v2\/posts\/20422\/revisions\/20437"}],"wp:featuredmedia":[{"embeddable":true,"href":"https:\/\/elregionalvm.com.ar\/noticias-villa-maria\/wp-json\/wp\/v2\/media\/20327"}],"wp:attachment":[{"href":"https:\/\/elregionalvm.com.ar\/noticias-villa-maria\/wp-json\/wp\/v2\/media?parent=20422"}],"wp:term":[{"taxonomy":"category","embeddable":true,"href":"https:\/\/elregionalvm.com.ar\/noticias-villa-maria\/wp-json\/wp\/v2\/categories?post=20422"},{"taxonomy":"post_tag","embeddable":true,"href":"https:\/\/elregionalvm.com.ar\/noticias-villa-maria\/wp-json\/wp\/v2\/tags?post=20422"}],"curies":[{"name":"wp","href":"https:\/\/api.w.org\/{rel}","templated":true}]}}