{"id":20472,"date":"2020-07-20T18:05:38","date_gmt":"2020-07-20T18:05:38","guid":{"rendered":"https:\/\/elregionalvm.com.ar\/noticias-villa-maria\/?p=20472"},"modified":"2020-07-20T18:05:39","modified_gmt":"2020-07-20T18:05:39","slug":"fabrica-militar-pone-en-cuarentena-estricta-a-su-personal","status":"publish","type":"post","link":"https:\/\/elregionalvm.com.ar\/noticias-villa-maria\/fabrica-militar-pone-en-cuarentena-estricta-a-su-personal\/","title":{"rendered":"F\u00e1brica Militar pone en \u201ccuarentena estricta\u201d a su personal"},"content":{"rendered":"\n<p>Las autoridades de Fabricaciones Militares decidieron enviar a los trabajadores a sus hogares con la finalidad de cumplir una \u201ccuarentena estricta\u201d.<\/p>\n\n\n\n<p>La medida obedece a la necesidad de \u201cextremar las medidas al m\u00e1ximo para evitar una mayor propagaci\u00f3n de la pandemia, en caso de agravarse la situaci\u00f3n en Villa Mar\u00eda\u201d, indic\u00f3 en un comunicado Fernando Mercado, secretario general de ATE.<\/p>\n\n\n\n<p>La decisi\u00f3n fue tomada por el director de la F\u00e1brica, en consulta con las m\u00e1ximas autoridades de Fabricaciones Militares S.E.&nbsp;<\/p>\n\n\n\n<p>\u201cSolamente cumplir\u00e1 tareas aquel personal que est\u00e1 destinado a la seguridad interna, sectores de sanidad, y personal m\u00ednimo administrativo en sus oficinas, adem\u00e1s de alg\u00fan personal adicional en caso de extrema necesidad\u201d, precis\u00f3 el dirigente.<\/p>\n\n\n\n<p>Durante estos d\u00edas, adem\u00e1s, solo concurrir\u00e1 un reducido grupo de operarios calificados de las plantas de explosivos a fines de limpieza y desactivaci\u00f3n de materiales peligrosos por motivos de seguridad.<\/p>\n\n\n\n<p>&nbsp;\u201cEn la&nbsp; medida que vayan terminando est\u00e1s&nbsp; tareas ser\u00e1n enviados a cumplir con la cuarentena estricta en sus hogares\u201d, acot\u00f3.<\/p>\n\n\n\n<p><strong>Sin casos<\/strong><\/p>\n\n\n\n<p>\u201cHoy somos&nbsp; 200&nbsp; compa\u00f1eros trabajadores esenciales en FMVM realizando tareas m\u00ednimas de producci\u00f3n e higiene y hay que dejar bien en claro que no hay ning\u00fan caso positivo ni sospechoso entre ninguno de estos&nbsp; trabajadores\u201d, aclar\u00f3.<\/p>\n","protected":false},"excerpt":{"rendered":"<p>Las autoridades de Fabricaciones Militares decidieron enviar a los trabajadores a sus hogares con la finalidad de cumplir una \u201ccuarentena estricta\u201d. La medida obedece a la necesidad de \u201cextremar las medidas al m\u00e1ximo para evitar una mayor propagaci\u00f3n de la pandemia, en caso de agravarse la situaci\u00f3n en Villa Mar\u00eda\u201d, indic\u00f3 en un comunicado Fernando [&hellip;]<\/p>\n","protected":false},"author":6,"featured_media":20473,"comment_status":"open","ping_status":"open","sticky":false,"template":"","format":"standard","meta":{"site-sidebar-layout":"default","site-content-layout":"default","ast-site-content-layout":"default","site-content-style":"default","site-sidebar-style":"default","ast-global-header-display":"","ast-banner-title-visibility":"","ast-main-header-display":"","ast-hfb-above-header-display":"","ast-hfb-below-header-display":"","ast-hfb-mobile-header-display":"","site-post-title":"","ast-breadcrumbs-content":"","ast-featured-img":"","footer-sml-layout":"","ast-disable-related-posts":"","theme-transparent-header-meta":"default","adv-header-id-meta":"","stick-header-meta":"","header-above-stick-meta":"","header-main-stick-meta":"","header-below-stick-meta":"","astra-migrate-meta-layouts":"default","ast-page-background-enabled":"default","ast-page-background-meta":{"desktop":{"background-color":"","background-image":"","background-repeat":"repeat","background-position":"center center","background-size":"auto","background-attachment":"scroll","background-type":"","background-media":"","overlay-type":"","overlay-color":"","overlay-opacity":"","overlay-gradient":""},"tablet":{"background-color":"","background-image":"","background-repeat":"repeat","background-position":"center center","background-size":"auto","background-attachment":"scroll","background-type":"","background-media":"","overlay-type":"","overlay-color":"","overlay-opacity":"","overlay-gradient":""},"mobile":{"background-color":"","background-image":"","background-repeat":"repeat","background-position":"center center","background-size":"auto","background-attachment":"scroll","background-type":"","background-media":"","overlay-type":"","overlay-color":"","overlay-opacity":"","overlay-gradient":""}},"ast-content-background-meta":{"desktop":{"background-color":"var(--ast-global-color-5)","background-image":"","background-repeat":"repeat","background-position":"center center","background-size":"auto","background-attachment":"scroll","background-type":"","background-media":"","overlay-type":"","overlay-color":"","overlay-opacity":"","overlay-gradient":""},"tablet":{"background-color":"var(--ast-global-color-5)","background-image":"","background-repeat":"repeat","background-position":"center center","background-size":"auto","background-attachment":"scroll","background-type":"","background-media":"","overlay-type":"","overlay-color":"","overlay-opacity":"","overlay-gradient":""},"mobile":{"background-color":"var(--ast-global-color-5)","background-image":"","background-repeat":"repeat","background-position":"center center","background-size":"auto","background-attachment":"scroll","background-type":"","background-media":"","overlay-type":"","overlay-color":"","overlay-opacity":"","overlay-gradient":""}},"_jetpack_memberships_contains_paid_content":false,"_joinchat":[],"footnotes":""},"categories":[2256,2],"tags":[2054,2035,1232,852],"class_list":["post-20472","post","type-post","status-publish","format-standard","has-post-thumbnail","hentry","category-coronavirus","category-villa-maria","tag-covid-19","tag-cuarentena","tag-destacado","tag-fabrica-de-polvora"],"yoast_head":"<!-- This site is optimized with the Yoast SEO plugin v26.8 - https:\/\/yoast.com\/product\/yoast-seo-wordpress\/ -->\n<title>F\u00e1brica Militar pone en \u201ccuarentena estricta\u201d a su personal - El Regional<\/title>\n<meta name=\"description\" content=\"Las autoridades de Fabricaciones Militares decidieron enviar a los trabajadores a sus hogares con la finalidad de cumplir una \u201ccuarentena estricta\u201d.\" \/>\n<meta name=\"robots\" content=\"index, follow, max-snippet:-1, max-image-preview:large, max-video-preview:-1\" \/>\n<link rel=\"canonical\" href=\"http:\/\/elregionalvm.com.ar\/noticias-villa-maria\/fabrica-militar-pone-en-cuarentena-estricta-a-su-personal\/\" \/>\n<meta property=\"og:locale\" content=\"es_ES\" \/>\n<meta property=\"og:type\" content=\"article\" \/>\n<meta property=\"og:title\" content=\"F\u00e1brica Militar pone en \u201ccuarentena estricta\u201d a su personal - El Regional\" \/>\n<meta property=\"og:description\" content=\"Las autoridades de Fabricaciones Militares decidieron enviar a los trabajadores a sus hogares con la finalidad de cumplir una \u201ccuarentena estricta\u201d.\" \/>\n<meta property=\"og:url\" content=\"http:\/\/elregionalvm.com.ar\/noticias-villa-maria\/fabrica-militar-pone-en-cuarentena-estricta-a-su-personal\/\" \/>\n<meta property=\"og:site_name\" content=\"El Regional\" \/>\n<meta property=\"article:publisher\" content=\"https:\/\/www.facebook.com\/elregionalvm\" \/>\n<meta property=\"article:published_time\" content=\"2020-07-20T18:05:38+00:00\" \/>\n<meta property=\"article:modified_time\" content=\"2020-07-20T18:05:39+00:00\" \/>\n<meta property=\"og:image\" content=\"http:\/\/elregionalvm.com.ar\/noticias-villa-maria\/wp-content\/uploads\/2020\/07\/manifestacion-fabrica-militar.jpg\" \/>\n\t<meta property=\"og:image:width\" content=\"1020\" \/>\n\t<meta property=\"og:image:height\" content=\"560\" \/>\n\t<meta property=\"og:image:type\" content=\"image\/jpeg\" \/>\n<meta name=\"author\" content=\"Germ\u00e1n Giacchero\" \/>\n<meta name=\"twitter:card\" content=\"summary_large_image\" \/>\n<meta name=\"twitter:creator\" content=\"@elregionalvm1\" \/>\n<meta name=\"twitter:site\" content=\"@elregionalvm1\" \/>\n<meta name=\"twitter:label1\" content=\"Escrito por\" \/>\n\t<meta name=\"twitter:data1\" content=\"Germ\u00e1n Giacchero\" \/>\n\t<meta name=\"twitter:label2\" content=\"Tiempo de lectura\" \/>\n\t<meta name=\"twitter:data2\" content=\"1 minuto\" \/>\n<script type=\"application\/ld+json\" class=\"yoast-schema-graph\">{\"@context\":\"https:\/\/schema.org\",\"@graph\":[{\"@type\":\"Article\",\"@id\":\"http:\/\/elregionalvm.com.ar\/noticias-villa-maria\/fabrica-militar-pone-en-cuarentena-estricta-a-su-personal\/#article\",\"isPartOf\":{\"@id\":\"http:\/\/elregionalvm.com.ar\/noticias-villa-maria\/fabrica-militar-pone-en-cuarentena-estricta-a-su-personal\/\"},\"author\":{\"name\":\"Germ\u00e1n Giacchero\",\"@id\":\"http:\/\/elregionalvm.com.ar\/noticias-villa-maria\/#\/schema\/person\/d5e4b04966154131701e52c45d3efec9\"},\"headline\":\"F\u00e1brica Militar pone en \u201ccuarentena estricta\u201d a su personal\",\"datePublished\":\"2020-07-20T18:05:38+00:00\",\"dateModified\":\"2020-07-20T18:05:39+00:00\",\"mainEntityOfPage\":{\"@id\":\"http:\/\/elregionalvm.com.ar\/noticias-villa-maria\/fabrica-militar-pone-en-cuarentena-estricta-a-su-personal\/\"},\"wordCount\":239,\"commentCount\":0,\"image\":{\"@id\":\"http:\/\/elregionalvm.com.ar\/noticias-villa-maria\/fabrica-militar-pone-en-cuarentena-estricta-a-su-personal\/#primaryimage\"},\"thumbnailUrl\":\"https:\/\/i0.wp.com\/elregionalvm.com.ar\/noticias-villa-maria\/wp-content\/uploads\/2020\/07\/manifestacion-fabrica-militar.jpg?fit=1020%2C560&ssl=1\",\"keywords\":[\"Covid-19\",\"cuarentena\",\"destacado\",\"F\u00e1brica de Polvora\"],\"articleSection\":[\"Coronavirus\",\"Villa Mar\u00eda\"],\"inLanguage\":\"es\",\"potentialAction\":[{\"@type\":\"CommentAction\",\"name\":\"Comment\",\"target\":[\"http:\/\/elregionalvm.com.ar\/noticias-villa-maria\/fabrica-militar-pone-en-cuarentena-estricta-a-su-personal\/#respond\"]}]},{\"@type\":\"WebPage\",\"@id\":\"http:\/\/elregionalvm.com.ar\/noticias-villa-maria\/fabrica-militar-pone-en-cuarentena-estricta-a-su-personal\/\",\"url\":\"http:\/\/elregionalvm.com.ar\/noticias-villa-maria\/fabrica-militar-pone-en-cuarentena-estricta-a-su-personal\/\",\"name\":\"F\u00e1brica Militar pone en \u201ccuarentena estricta\u201d a su personal - El Regional\",\"isPartOf\":{\"@id\":\"http:\/\/elregionalvm.com.ar\/noticias-villa-maria\/#website\"},\"primaryImageOfPage\":{\"@id\":\"http:\/\/elregionalvm.com.ar\/noticias-villa-maria\/fabrica-militar-pone-en-cuarentena-estricta-a-su-personal\/#primaryimage\"},\"image\":{\"@id\":\"http:\/\/elregionalvm.com.ar\/noticias-villa-maria\/fabrica-militar-pone-en-cuarentena-estricta-a-su-personal\/#primaryimage\"},\"thumbnailUrl\":\"https:\/\/i0.wp.com\/elregionalvm.com.ar\/noticias-villa-maria\/wp-content\/uploads\/2020\/07\/manifestacion-fabrica-militar.jpg?fit=1020%2C560&ssl=1\",\"datePublished\":\"2020-07-20T18:05:38+00:00\",\"dateModified\":\"2020-07-20T18:05:39+00:00\",\"author\":{\"@id\":\"http:\/\/elregionalvm.com.ar\/noticias-villa-maria\/#\/schema\/person\/d5e4b04966154131701e52c45d3efec9\"},\"description\":\"Las autoridades de Fabricaciones Militares decidieron enviar a los trabajadores a sus hogares con la finalidad de cumplir una \u201ccuarentena estricta\u201d.\",\"breadcrumb\":{\"@id\":\"http:\/\/elregionalvm.com.ar\/noticias-villa-maria\/fabrica-militar-pone-en-cuarentena-estricta-a-su-personal\/#breadcrumb\"},\"inLanguage\":\"es\",\"potentialAction\":[{\"@type\":\"ReadAction\",\"target\":[\"http:\/\/elregionalvm.com.ar\/noticias-villa-maria\/fabrica-militar-pone-en-cuarentena-estricta-a-su-personal\/\"]}]},{\"@type\":\"ImageObject\",\"inLanguage\":\"es\",\"@id\":\"http:\/\/elregionalvm.com.ar\/noticias-villa-maria\/fabrica-militar-pone-en-cuarentena-estricta-a-su-personal\/#primaryimage\",\"url\":\"https:\/\/i0.wp.com\/elregionalvm.com.ar\/noticias-villa-maria\/wp-content\/uploads\/2020\/07\/manifestacion-fabrica-militar.jpg?fit=1020%2C560&ssl=1\",\"contentUrl\":\"https:\/\/i0.wp.com\/elregionalvm.com.ar\/noticias-villa-maria\/wp-content\/uploads\/2020\/07\/manifestacion-fabrica-militar.jpg?fit=1020%2C560&ssl=1\",\"width\":1020,\"height\":560},{\"@type\":\"BreadcrumbList\",\"@id\":\"http:\/\/elregionalvm.com.ar\/noticias-villa-maria\/fabrica-militar-pone-en-cuarentena-estricta-a-su-personal\/#breadcrumb\",\"itemListElement\":[{\"@type\":\"ListItem\",\"position\":1,\"name\":\"Portada\",\"item\":\"https:\/\/elregionalvm.com.ar\/noticias-villa-maria\/\"},{\"@type\":\"ListItem\",\"position\":2,\"name\":\"F\u00e1brica Militar pone en \u201ccuarentena estricta\u201d a su personal\"}]},{\"@type\":\"WebSite\",\"@id\":\"http:\/\/elregionalvm.com.ar\/noticias-villa-maria\/#website\",\"url\":\"http:\/\/elregionalvm.com.ar\/noticias-villa-maria\/\",\"name\":\"El Regional\",\"description\":\"Mucho m\u00e1s que informaci\u00f3n\",\"potentialAction\":[{\"@type\":\"SearchAction\",\"target\":{\"@type\":\"EntryPoint\",\"urlTemplate\":\"http:\/\/elregionalvm.com.ar\/noticias-villa-maria\/?s={search_term_string}\"},\"query-input\":{\"@type\":\"PropertyValueSpecification\",\"valueRequired\":true,\"valueName\":\"search_term_string\"}}],\"inLanguage\":\"es\"},{\"@type\":\"Person\",\"@id\":\"http:\/\/elregionalvm.com.ar\/noticias-villa-maria\/#\/schema\/person\/d5e4b04966154131701e52c45d3efec9\",\"name\":\"Germ\u00e1n Giacchero\",\"image\":{\"@type\":\"ImageObject\",\"inLanguage\":\"es\",\"@id\":\"http:\/\/elregionalvm.com.ar\/noticias-villa-maria\/#\/schema\/person\/image\/\",\"url\":\"https:\/\/secure.gravatar.com\/avatar\/fda163ba5ef0307ee5be9846e10f83b6e83d0cfb260d3b2464830318894c6b04?s=96&d=mm&r=g\",\"contentUrl\":\"https:\/\/secure.gravatar.com\/avatar\/fda163ba5ef0307ee5be9846e10f83b6e83d0cfb260d3b2464830318894c6b04?s=96&d=mm&r=g\",\"caption\":\"Germ\u00e1n Giacchero\"},\"url\":\"https:\/\/elregionalvm.com.ar\/noticias-villa-maria\/author\/germangiacchero\/\"}]}<\/script>\n<!-- \/ Yoast SEO plugin. -->","yoast_head_json":{"title":"F\u00e1brica Militar pone en \u201ccuarentena estricta\u201d a su personal - El Regional","description":"Las autoridades de Fabricaciones Militares decidieron enviar a los trabajadores a sus hogares con la finalidad de cumplir una \u201ccuarentena estricta\u201d.","robots":{"index":"index","follow":"follow","max-snippet":"max-snippet:-1","max-image-preview":"max-image-preview:large","max-video-preview":"max-video-preview:-1"},"canonical":"http:\/\/elregionalvm.com.ar\/noticias-villa-maria\/fabrica-militar-pone-en-cuarentena-estricta-a-su-personal\/","og_locale":"es_ES","og_type":"article","og_title":"F\u00e1brica Militar pone en \u201ccuarentena estricta\u201d a su personal - El Regional","og_description":"Las autoridades de Fabricaciones Militares decidieron enviar a los trabajadores a sus hogares con la finalidad de cumplir una \u201ccuarentena estricta\u201d.","og_url":"http:\/\/elregionalvm.com.ar\/noticias-villa-maria\/fabrica-militar-pone-en-cuarentena-estricta-a-su-personal\/","og_site_name":"El Regional","article_publisher":"https:\/\/www.facebook.com\/elregionalvm","article_published_time":"2020-07-20T18:05:38+00:00","article_modified_time":"2020-07-20T18:05:39+00:00","og_image":[{"width":1020,"height":560,"url":"http:\/\/elregionalvm.com.ar\/noticias-villa-maria\/wp-content\/uploads\/2020\/07\/manifestacion-fabrica-militar.jpg","type":"image\/jpeg"}],"author":"Germ\u00e1n Giacchero","twitter_card":"summary_large_image","twitter_creator":"@elregionalvm1","twitter_site":"@elregionalvm1","twitter_misc":{"Escrito por":"Germ\u00e1n Giacchero","Tiempo de lectura":"1 minuto"},"schema":{"@context":"https:\/\/schema.org","@graph":[{"@type":"Article","@id":"http:\/\/elregionalvm.com.ar\/noticias-villa-maria\/fabrica-militar-pone-en-cuarentena-estricta-a-su-personal\/#article","isPartOf":{"@id":"http:\/\/elregionalvm.com.ar\/noticias-villa-maria\/fabrica-militar-pone-en-cuarentena-estricta-a-su-personal\/"},"author":{"name":"Germ\u00e1n Giacchero","@id":"http:\/\/elregionalvm.com.ar\/noticias-villa-maria\/#\/schema\/person\/d5e4b04966154131701e52c45d3efec9"},"headline":"F\u00e1brica Militar pone en \u201ccuarentena estricta\u201d a su personal","datePublished":"2020-07-20T18:05:38+00:00","dateModified":"2020-07-20T18:05:39+00:00","mainEntityOfPage":{"@id":"http:\/\/elregionalvm.com.ar\/noticias-villa-maria\/fabrica-militar-pone-en-cuarentena-estricta-a-su-personal\/"},"wordCount":239,"commentCount":0,"image":{"@id":"http:\/\/elregionalvm.com.ar\/noticias-villa-maria\/fabrica-militar-pone-en-cuarentena-estricta-a-su-personal\/#primaryimage"},"thumbnailUrl":"https:\/\/i0.wp.com\/elregionalvm.com.ar\/noticias-villa-maria\/wp-content\/uploads\/2020\/07\/manifestacion-fabrica-militar.jpg?fit=1020%2C560&ssl=1","keywords":["Covid-19","cuarentena","destacado","F\u00e1brica de Polvora"],"articleSection":["Coronavirus","Villa Mar\u00eda"],"inLanguage":"es","potentialAction":[{"@type":"CommentAction","name":"Comment","target":["http:\/\/elregionalvm.com.ar\/noticias-villa-maria\/fabrica-militar-pone-en-cuarentena-estricta-a-su-personal\/#respond"]}]},{"@type":"WebPage","@id":"http:\/\/elregionalvm.com.ar\/noticias-villa-maria\/fabrica-militar-pone-en-cuarentena-estricta-a-su-personal\/","url":"http:\/\/elregionalvm.com.ar\/noticias-villa-maria\/fabrica-militar-pone-en-cuarentena-estricta-a-su-personal\/","name":"F\u00e1brica Militar pone en \u201ccuarentena estricta\u201d a su personal - El Regional","isPartOf":{"@id":"http:\/\/elregionalvm.com.ar\/noticias-villa-maria\/#website"},"primaryImageOfPage":{"@id":"http:\/\/elregionalvm.com.ar\/noticias-villa-maria\/fabrica-militar-pone-en-cuarentena-estricta-a-su-personal\/#primaryimage"},"image":{"@id":"http:\/\/elregionalvm.com.ar\/noticias-villa-maria\/fabrica-militar-pone-en-cuarentena-estricta-a-su-personal\/#primaryimage"},"thumbnailUrl":"https:\/\/i0.wp.com\/elregionalvm.com.ar\/noticias-villa-maria\/wp-content\/uploads\/2020\/07\/manifestacion-fabrica-militar.jpg?fit=1020%2C560&ssl=1","datePublished":"2020-07-20T18:05:38+00:00","dateModified":"2020-07-20T18:05:39+00:00","author":{"@id":"http:\/\/elregionalvm.com.ar\/noticias-villa-maria\/#\/schema\/person\/d5e4b04966154131701e52c45d3efec9"},"description":"Las autoridades de Fabricaciones Militares decidieron enviar a los trabajadores a sus hogares con la finalidad de cumplir una \u201ccuarentena estricta\u201d.","breadcrumb":{"@id":"http:\/\/elregionalvm.com.ar\/noticias-villa-maria\/fabrica-militar-pone-en-cuarentena-estricta-a-su-personal\/#breadcrumb"},"inLanguage":"es","potentialAction":[{"@type":"ReadAction","target":["http:\/\/elregionalvm.com.ar\/noticias-villa-maria\/fabrica-militar-pone-en-cuarentena-estricta-a-su-personal\/"]}]},{"@type":"ImageObject","inLanguage":"es","@id":"http:\/\/elregionalvm.com.ar\/noticias-villa-maria\/fabrica-militar-pone-en-cuarentena-estricta-a-su-personal\/#primaryimage","url":"https:\/\/i0.wp.com\/elregionalvm.com.ar\/noticias-villa-maria\/wp-content\/uploads\/2020\/07\/manifestacion-fabrica-militar.jpg?fit=1020%2C560&ssl=1","contentUrl":"https:\/\/i0.wp.com\/elregionalvm.com.ar\/noticias-villa-maria\/wp-content\/uploads\/2020\/07\/manifestacion-fabrica-militar.jpg?fit=1020%2C560&ssl=1","width":1020,"height":560},{"@type":"BreadcrumbList","@id":"http:\/\/elregionalvm.com.ar\/noticias-villa-maria\/fabrica-militar-pone-en-cuarentena-estricta-a-su-personal\/#breadcrumb","itemListElement":[{"@type":"ListItem","position":1,"name":"Portada","item":"https:\/\/elregionalvm.com.ar\/noticias-villa-maria\/"},{"@type":"ListItem","position":2,"name":"F\u00e1brica Militar pone en \u201ccuarentena estricta\u201d a su personal"}]},{"@type":"WebSite","@id":"http:\/\/elregionalvm.com.ar\/noticias-villa-maria\/#website","url":"http:\/\/elregionalvm.com.ar\/noticias-villa-maria\/","name":"El Regional","description":"Mucho m\u00e1s que informaci\u00f3n","potentialAction":[{"@type":"SearchAction","target":{"@type":"EntryPoint","urlTemplate":"http:\/\/elregionalvm.com.ar\/noticias-villa-maria\/?s={search_term_string}"},"query-input":{"@type":"PropertyValueSpecification","valueRequired":true,"valueName":"search_term_string"}}],"inLanguage":"es"},{"@type":"Person","@id":"http:\/\/elregionalvm.com.ar\/noticias-villa-maria\/#\/schema\/person\/d5e4b04966154131701e52c45d3efec9","name":"Germ\u00e1n Giacchero","image":{"@type":"ImageObject","inLanguage":"es","@id":"http:\/\/elregionalvm.com.ar\/noticias-villa-maria\/#\/schema\/person\/image\/","url":"https:\/\/secure.gravatar.com\/avatar\/fda163ba5ef0307ee5be9846e10f83b6e83d0cfb260d3b2464830318894c6b04?s=96&d=mm&r=g","contentUrl":"https:\/\/secure.gravatar.com\/avatar\/fda163ba5ef0307ee5be9846e10f83b6e83d0cfb260d3b2464830318894c6b04?s=96&d=mm&r=g","caption":"Germ\u00e1n Giacchero"},"url":"https:\/\/elregionalvm.com.ar\/noticias-villa-maria\/author\/germangiacchero\/"}]}},"jetpack_featured_media_url":"https:\/\/i0.wp.com\/elregionalvm.com.ar\/noticias-villa-maria\/wp-content\/uploads\/2020\/07\/manifestacion-fabrica-militar.jpg?fit=1020%2C560&ssl=1","jetpack_sharing_enabled":true,"_links":{"self":[{"href":"https:\/\/elregionalvm.com.ar\/noticias-villa-maria\/wp-json\/wp\/v2\/posts\/20472","targetHints":{"allow":["GET"]}}],"collection":[{"href":"https:\/\/elregionalvm.com.ar\/noticias-villa-maria\/wp-json\/wp\/v2\/posts"}],"about":[{"href":"https:\/\/elregionalvm.com.ar\/noticias-villa-maria\/wp-json\/wp\/v2\/types\/post"}],"author":[{"embeddable":true,"href":"https:\/\/elregionalvm.com.ar\/noticias-villa-maria\/wp-json\/wp\/v2\/users\/6"}],"replies":[{"embeddable":true,"href":"https:\/\/elregionalvm.com.ar\/noticias-villa-maria\/wp-json\/wp\/v2\/comments?post=20472"}],"version-history":[{"count":1,"href":"https:\/\/elregionalvm.com.ar\/noticias-villa-maria\/wp-json\/wp\/v2\/posts\/20472\/revisions"}],"predecessor-version":[{"id":20474,"href":"https:\/\/elregionalvm.com.ar\/noticias-villa-maria\/wp-json\/wp\/v2\/posts\/20472\/revisions\/20474"}],"wp:featuredmedia":[{"embeddable":true,"href":"https:\/\/elregionalvm.com.ar\/noticias-villa-maria\/wp-json\/wp\/v2\/media\/20473"}],"wp:attachment":[{"href":"https:\/\/elregionalvm.com.ar\/noticias-villa-maria\/wp-json\/wp\/v2\/media?parent=20472"}],"wp:term":[{"taxonomy":"category","embeddable":true,"href":"https:\/\/elregionalvm.com.ar\/noticias-villa-maria\/wp-json\/wp\/v2\/categories?post=20472"},{"taxonomy":"post_tag","embeddable":true,"href":"https:\/\/elregionalvm.com.ar\/noticias-villa-maria\/wp-json\/wp\/v2\/tags?post=20472"}],"curies":[{"name":"wp","href":"https:\/\/api.w.org\/{rel}","templated":true}]}}