{"id":20486,"date":"2020-07-20T22:27:24","date_gmt":"2020-07-20T22:27:24","guid":{"rendered":"https:\/\/elregionalvm.com.ar\/noticias-villa-maria\/?p=20486"},"modified":"2020-07-20T23:08:20","modified_gmt":"2020-07-20T23:08:20","slug":"como-es-la-atencion-en-la-asistencia-y-caps-de-la-ciudad","status":"publish","type":"post","link":"https:\/\/elregionalvm.com.ar\/noticias-villa-maria\/como-es-la-atencion-en-la-asistencia-y-caps-de-la-ciudad\/","title":{"rendered":"\u00bfC\u00f3mo es la atenci\u00f3n en la Asistencia y CAPS de la ciudad?"},"content":{"rendered":"\n<p>La Secretar\u00eda de Salud del municipio defini\u00f3 la implementaci\u00f3n estricta de un protocolo de atenci\u00f3n en la Asistencia P\u00fablica y en los centros de Atenci\u00f3n Primaria de la Salud, en funci\u00f3n de la detecci\u00f3n de casos positivos de Covid-19 en la ciudad.<\/p>\n\n\n\n<p>Se prev\u00e9 un procedimiento aplicable a todos los casos, que consiste en la realizaci\u00f3n de un adecuado triage para el ingreso de los usuarios a cada espacio de atenci\u00f3n. <strong>Todos los pacientes \u2013y acompa\u00f1antes, cuando se trata de menores- deben concurrir con tapabocas o barbijo.<\/strong><\/p>\n\n\n\n<p><strong>Los equipos de salud est\u00e1n trabajando con recorridos territoriales casa por casa para sensibilizar a la poblaci\u00f3n sobre las medidas b\u00e1sicas de prevenci\u00f3n de Covid-19<\/strong>, es decir, distanciamiento social, uso de tapabocas o barbijo y lavado frecuente de manos.<\/p>\n\n\n\n<p><strong>Controles a ni\u00f1os y ni\u00f1as<\/strong><\/p>\n\n\n\n<p>El \u00e1rea de Salud municipal realizar\u00e1 los controles sanos hasta el a\u00f1o de vida con turnos programados a los que debe concurrir solo un adulto responsable con el paciente. La misma metodolog\u00eda se implementa para los controles sanos a ni\u00f1os con patolog\u00eda de riesgo con turno programado.<\/p>\n\n\n\n<p><strong>Fichas m\u00e9dicas<\/strong><\/p>\n\n\n\n<p>La realizaci\u00f3n de fichas m\u00e9dicas solo se llevar\u00e1 adelante para quienes lo necesiten para completar formularios de ANSES, mientras que la vacunaci\u00f3n se concretar\u00e1 seg\u00fan calendario oficial en los CAPS o a domicilio. Por \u00faltimo, las cajas de leche se entregar\u00e1n a un familiar sano del ni\u00f1o o ni\u00f1a.<\/p>\n\n\n\n<p><strong>Controles prenatales<\/strong> <strong>y m\u00e1s<\/strong><\/p>\n\n\n\n<p>Se llevar\u00e1n adelante con turno previo de manera trimestral o mensual para embarazos de riesgo. Las embarazadas deben concurrir sin acompa\u00f1antes y los estudios complementarios se llevar\u00e1n adelante en la Asistencia P\u00fablica.<\/p>\n\n\n\n<p>En cuanto a las personas con enfermedades cr\u00f3nicas, est\u00e1 prevista la continuidad de la atenci\u00f3n con turno programado y complementada con atenci\u00f3n telef\u00f3nica. Se garantizar\u00e1 la entrega de la medicaci\u00f3n en los CAPS o a domicilio del paciente, seg\u00fan el caso, y se mantendr\u00e1n activas las redes de comunicaci\u00f3n para contacto y seguimiento de cada persona. La vacunaci\u00f3n se realizar\u00e1 seg\u00fan padr\u00f3n y a domicilio.<\/p>\n\n\n\n<p>Adem\u00e1s, se garantizar\u00e1 la entrega de anticonceptivos para las mujeres que lo requieran, mientras que en lo que respecta a la atenci\u00f3n en especialidades m\u00e9dicas, se realizar\u00e1 con turnos programados cada 40 minutos y se priorizar\u00e1n las urgencias para laboratorio y estudios complementarios.<\/p>\n\n\n\n<p><strong>Guardia las 24 horas<\/strong><\/p>\n\n\n\n<p>La guardia de la Asistencia P\u00fablica, en tanto, se mantendr\u00e1n las 24 horas los siete d\u00edas de la semana. Se solicita a los vecinos concurrir con barbijo o tapabocas en todos los casos, y hacerlo sin acompa\u00f1ante. En el caso de menores, solo se permitir\u00e1 la presencia de un adulto responsable.<\/p>\n\n\n\n<p><strong>MuniCerca, con turno<\/strong><\/p>\n\n\n\n<p>La atenci\u00f3n en los ocho MuniCerca se realizar\u00e1 en forma telef\u00f3nica primordialmente, en el horario de 9:00 a 13:00.En los casos en los que la consulta o tr\u00e1mite no pueda concretarse por tel\u00e9fono, se gestionar\u00e1 un turno previo para la atenci\u00f3n.<\/p>\n\n\n\n<p>Los tel\u00e9fonos de cada sede son los siguientes:<\/p>\n\n\n\n<p>MuniCerca 1: 353 4273578<br>MuniCerca 2: 353 4247351<br>MuniCerca 3: 353 5690857<br>MuniCerca 4: 353 4061401<br>MuniCerca 5: 353 4137003<br>MuniCerca 6: 353 4172674<br>MuniCerca 7: 353 5637842<br>MuniCerca 8: 353 4147382<\/p>\n\n\n\n<p>Asistencia: 4522854<\/p>\n\n\n\n<p><strong>Refuerzo de medidas preventivas en el Mercado de Abasto por brotes de Covid-19 en la regi\u00f3n<\/strong><\/p>\n\n\n\n<p>Desde el inicio de la pandemia por el Covid-19, y ante su agudizaci\u00f3n en la regi\u00f3n cercana a Villa Mar\u00eda, el Mercado de Abasto establece medidas para prevenir el contagio:<\/p>\n\n\n\n<p>\u2022Espacios exclusivos para clientes de zonas rojas. <\/p>\n\n\n\n<p>\u2022Desinfecciones semanales. <\/p>\n\n\n\n<p>\u2022Refuerzo de los controles en los ingresos y medici\u00f3n de temperatura. <\/p>\n\n\n\n<p>\u2022Disposici\u00f3n de dispenser de alcohol en gel y carteler\u00eda con cuidados esenciales. <\/p>\n\n\n\n<p>Adem\u00e1s, existe carteler\u00eda d\u00f3nde se recuerda el uso obligatorio del tapabocas, el distanciamiento social y el lavado constante de manos. Tanto Seguridad Ciudadana como Policia de la Provincia de C\u00f3rdoba colaboran para controlar el cumplimiento de los protocolos.<\/p>\n\n\n\n<figure class=\"wp-block-gallery columns-2 is-cropped wp-block-gallery-1 is-layout-flex wp-block-gallery-is-layout-flex\"><ul class=\"blocks-gallery-grid\"><li class=\"blocks-gallery-item\"><figure><img data-recalc-dims=\"1\" fetchpriority=\"high\" decoding=\"async\" width=\"1024\" height=\"649\" src=\"https:\/\/i0.wp.com\/elregionalvm.com.ar\/noticias-villa-maria\/wp-content\/uploads\/2020\/07\/mercado-abasto-1.jpg?resize=1024%2C649&#038;ssl=1\" alt=\"\" data-id=\"20487\" data-link=\"https:\/\/elregionalvm.com.ar\/noticias-villa-maria\/?attachment_id=20487\" class=\"wp-image-20487\" srcset=\"https:\/\/i0.wp.com\/elregionalvm.com.ar\/noticias-villa-maria\/wp-content\/uploads\/2020\/07\/mercado-abasto-1.jpg?resize=1024%2C649&amp;ssl=1 1024w, https:\/\/i0.wp.com\/elregionalvm.com.ar\/noticias-villa-maria\/wp-content\/uploads\/2020\/07\/mercado-abasto-1.jpg?resize=300%2C190&amp;ssl=1 300w, https:\/\/i0.wp.com\/elregionalvm.com.ar\/noticias-villa-maria\/wp-content\/uploads\/2020\/07\/mercado-abasto-1.jpg?resize=768%2C487&amp;ssl=1 768w, https:\/\/i0.wp.com\/elregionalvm.com.ar\/noticias-villa-maria\/wp-content\/uploads\/2020\/07\/mercado-abasto-1.jpg?w=1032&amp;ssl=1 1032w\" sizes=\"(max-width: 1000px) 100vw, 1000px\" \/><\/figure><\/li><li class=\"blocks-gallery-item\"><figure><img data-recalc-dims=\"1\" decoding=\"async\" width=\"868\" height=\"658\" src=\"https:\/\/i0.wp.com\/elregionalvm.com.ar\/noticias-villa-maria\/wp-content\/uploads\/2020\/07\/mercado-de-abasto-2.jpg?resize=868%2C658&#038;ssl=1\" alt=\"\" data-id=\"20488\" data-full-url=\"https:\/\/elregionalvm.com.ar\/noticias-villa-maria\/wp-content\/uploads\/2020\/07\/mercado-de-abasto-2.jpg\" data-link=\"https:\/\/elregionalvm.com.ar\/noticias-villa-maria\/?attachment_id=20488\" class=\"wp-image-20488\" srcset=\"https:\/\/i0.wp.com\/elregionalvm.com.ar\/noticias-villa-maria\/wp-content\/uploads\/2020\/07\/mercado-de-abasto-2.jpg?w=868&amp;ssl=1 868w, https:\/\/i0.wp.com\/elregionalvm.com.ar\/noticias-villa-maria\/wp-content\/uploads\/2020\/07\/mercado-de-abasto-2.jpg?resize=300%2C227&amp;ssl=1 300w, https:\/\/i0.wp.com\/elregionalvm.com.ar\/noticias-villa-maria\/wp-content\/uploads\/2020\/07\/mercado-de-abasto-2.jpg?resize=768%2C582&amp;ssl=1 768w\" sizes=\"(max-width: 868px) 100vw, 868px\" \/><\/figure><\/li><\/ul><\/figure>\n","protected":false},"excerpt":{"rendered":"<p>La Secretar\u00eda de Salud del municipio defini\u00f3 la implementaci\u00f3n estricta de un protocolo de atenci\u00f3n en la Asistencia P\u00fablica y en los centros de Atenci\u00f3n Primaria de la Salud, en funci\u00f3n de la detecci\u00f3n de casos positivos de Covid-19 en la ciudad. Se prev\u00e9 un procedimiento aplicable a todos los casos, que consiste en la [&hellip;]<\/p>\n","protected":false},"author":4,"featured_media":20493,"comment_status":"open","ping_status":"open","sticky":false,"template":"","format":"standard","meta":{"site-sidebar-layout":"default","site-content-layout":"default","ast-site-content-layout":"default","site-content-style":"default","site-sidebar-style":"default","ast-global-header-display":"","ast-banner-title-visibility":"","ast-main-header-display":"","ast-hfb-above-header-display":"","ast-hfb-below-header-display":"","ast-hfb-mobile-header-display":"","site-post-title":"","ast-breadcrumbs-content":"","ast-featured-img":"","footer-sml-layout":"","ast-disable-related-posts":"","theme-transparent-header-meta":"default","adv-header-id-meta":"","stick-header-meta":"","header-above-stick-meta":"","header-main-stick-meta":"","header-below-stick-meta":"","astra-migrate-meta-layouts":"default","ast-page-background-enabled":"default","ast-page-background-meta":{"desktop":{"background-color":"","background-image":"","background-repeat":"repeat","background-position":"center center","background-size":"auto","background-attachment":"scroll","background-type":"","background-media":"","overlay-type":"","overlay-color":"","overlay-opacity":"","overlay-gradient":""},"tablet":{"background-color":"","background-image":"","background-repeat":"repeat","background-position":"center center","background-size":"auto","background-attachment":"scroll","background-type":"","background-media":"","overlay-type":"","overlay-color":"","overlay-opacity":"","overlay-gradient":""},"mobile":{"background-color":"","background-image":"","background-repeat":"repeat","background-position":"center center","background-size":"auto","background-attachment":"scroll","background-type":"","background-media":"","overlay-type":"","overlay-color":"","overlay-opacity":"","overlay-gradient":""}},"ast-content-background-meta":{"desktop":{"background-color":"var(--ast-global-color-5)","background-image":"","background-repeat":"repeat","background-position":"center center","background-size":"auto","background-attachment":"scroll","background-type":"","background-media":"","overlay-type":"","overlay-color":"","overlay-opacity":"","overlay-gradient":""},"tablet":{"background-color":"var(--ast-global-color-5)","background-image":"","background-repeat":"repeat","background-position":"center center","background-size":"auto","background-attachment":"scroll","background-type":"","background-media":"","overlay-type":"","overlay-color":"","overlay-opacity":"","overlay-gradient":""},"mobile":{"background-color":"var(--ast-global-color-5)","background-image":"","background-repeat":"repeat","background-position":"center center","background-size":"auto","background-attachment":"scroll","background-type":"","background-media":"","overlay-type":"","overlay-color":"","overlay-opacity":"","overlay-gradient":""}},"_jetpack_memberships_contains_paid_content":false,"_joinchat":[],"footnotes":""},"categories":[2],"tags":[2336,2225,2627],"class_list":["post-20486","post","type-post","status-publish","format-standard","has-post-thumbnail","hentry","category-villa-maria","tag-asistencia","tag-caps","tag-salud-publica"],"yoast_head":"<!-- This site is optimized with the Yoast SEO plugin v26.8 - https:\/\/yoast.com\/product\/yoast-seo-wordpress\/ -->\n<title>\u00bfC\u00f3mo es la atenci\u00f3n en la Asistencia y CAPS de la ciudad? - El Regional<\/title>\n<meta name=\"robots\" content=\"index, follow, max-snippet:-1, max-image-preview:large, max-video-preview:-1\" \/>\n<link rel=\"canonical\" href=\"http:\/\/elregionalvm.com.ar\/noticias-villa-maria\/como-es-la-atencion-en-la-asistencia-y-caps-de-la-ciudad\/\" \/>\n<meta property=\"og:locale\" content=\"es_ES\" \/>\n<meta property=\"og:type\" content=\"article\" \/>\n<meta property=\"og:title\" content=\"\u00bfC\u00f3mo es la atenci\u00f3n en la Asistencia y CAPS de la ciudad? - El Regional\" \/>\n<meta property=\"og:description\" content=\"La Secretar\u00eda de Salud del municipio defini\u00f3 la implementaci\u00f3n estricta de un protocolo de atenci\u00f3n en la Asistencia P\u00fablica y en los centros de Atenci\u00f3n Primaria de la Salud, en funci\u00f3n de la detecci\u00f3n de casos positivos de Covid-19 en la ciudad. Se prev\u00e9 un procedimiento aplicable a todos los casos, que consiste en la [&hellip;]\" \/>\n<meta property=\"og:url\" content=\"http:\/\/elregionalvm.com.ar\/noticias-villa-maria\/como-es-la-atencion-en-la-asistencia-y-caps-de-la-ciudad\/\" \/>\n<meta property=\"og:site_name\" content=\"El Regional\" \/>\n<meta property=\"article:publisher\" content=\"https:\/\/www.facebook.com\/elregionalvm\" \/>\n<meta property=\"article:published_time\" content=\"2020-07-20T22:27:24+00:00\" \/>\n<meta property=\"article:modified_time\" content=\"2020-07-20T23:08:20+00:00\" \/>\n<meta property=\"og:image\" content=\"http:\/\/elregionalvm.com.ar\/noticias-villa-maria\/wp-content\/uploads\/2020\/07\/WhatsApp-Image-2020-07-20-at-18.25.51.jpeg\" \/>\n\t<meta property=\"og:image:width\" content=\"1280\" \/>\n\t<meta property=\"og:image:height\" content=\"853\" \/>\n\t<meta property=\"og:image:type\" content=\"image\/jpeg\" \/>\n<meta name=\"author\" content=\"Contenidos El Regional\" \/>\n<meta name=\"twitter:card\" content=\"summary_large_image\" \/>\n<meta name=\"twitter:creator\" content=\"@elregionalvm1\" \/>\n<meta name=\"twitter:site\" content=\"@elregionalvm1\" \/>\n<meta name=\"twitter:label1\" content=\"Escrito por\" \/>\n\t<meta name=\"twitter:data1\" content=\"Contenidos El Regional\" \/>\n\t<meta name=\"twitter:label2\" content=\"Tiempo de lectura\" \/>\n\t<meta name=\"twitter:data2\" content=\"3 minutos\" \/>\n<script type=\"application\/ld+json\" class=\"yoast-schema-graph\">{\"@context\":\"https:\/\/schema.org\",\"@graph\":[{\"@type\":\"Article\",\"@id\":\"http:\/\/elregionalvm.com.ar\/noticias-villa-maria\/como-es-la-atencion-en-la-asistencia-y-caps-de-la-ciudad\/#article\",\"isPartOf\":{\"@id\":\"http:\/\/elregionalvm.com.ar\/noticias-villa-maria\/como-es-la-atencion-en-la-asistencia-y-caps-de-la-ciudad\/\"},\"author\":{\"name\":\"Contenidos El Regional\",\"@id\":\"http:\/\/elregionalvm.com.ar\/noticias-villa-maria\/#\/schema\/person\/a0fb9c422317faca23d50163151bc354\"},\"headline\":\"\u00bfC\u00f3mo es la atenci\u00f3n en la Asistencia y CAPS de la ciudad?\",\"datePublished\":\"2020-07-20T22:27:24+00:00\",\"dateModified\":\"2020-07-20T23:08:20+00:00\",\"mainEntityOfPage\":{\"@id\":\"http:\/\/elregionalvm.com.ar\/noticias-villa-maria\/como-es-la-atencion-en-la-asistencia-y-caps-de-la-ciudad\/\"},\"wordCount\":684,\"commentCount\":0,\"image\":{\"@id\":\"http:\/\/elregionalvm.com.ar\/noticias-villa-maria\/como-es-la-atencion-en-la-asistencia-y-caps-de-la-ciudad\/#primaryimage\"},\"thumbnailUrl\":\"https:\/\/i0.wp.com\/elregionalvm.com.ar\/noticias-villa-maria\/wp-content\/uploads\/2020\/07\/WhatsApp-Image-2020-07-20-at-18.25.51.jpeg?fit=1280%2C853&ssl=1\",\"keywords\":[\"asistencia\",\"CAPS\",\"Salud P\u00fablica\"],\"articleSection\":[\"Villa Mar\u00eda\"],\"inLanguage\":\"es\",\"potentialAction\":[{\"@type\":\"CommentAction\",\"name\":\"Comment\",\"target\":[\"http:\/\/elregionalvm.com.ar\/noticias-villa-maria\/como-es-la-atencion-en-la-asistencia-y-caps-de-la-ciudad\/#respond\"]}]},{\"@type\":\"WebPage\",\"@id\":\"http:\/\/elregionalvm.com.ar\/noticias-villa-maria\/como-es-la-atencion-en-la-asistencia-y-caps-de-la-ciudad\/\",\"url\":\"http:\/\/elregionalvm.com.ar\/noticias-villa-maria\/como-es-la-atencion-en-la-asistencia-y-caps-de-la-ciudad\/\",\"name\":\"\u00bfC\u00f3mo es la atenci\u00f3n en la Asistencia y CAPS de la ciudad? - El Regional\",\"isPartOf\":{\"@id\":\"http:\/\/elregionalvm.com.ar\/noticias-villa-maria\/#website\"},\"primaryImageOfPage\":{\"@id\":\"http:\/\/elregionalvm.com.ar\/noticias-villa-maria\/como-es-la-atencion-en-la-asistencia-y-caps-de-la-ciudad\/#primaryimage\"},\"image\":{\"@id\":\"http:\/\/elregionalvm.com.ar\/noticias-villa-maria\/como-es-la-atencion-en-la-asistencia-y-caps-de-la-ciudad\/#primaryimage\"},\"thumbnailUrl\":\"https:\/\/i0.wp.com\/elregionalvm.com.ar\/noticias-villa-maria\/wp-content\/uploads\/2020\/07\/WhatsApp-Image-2020-07-20-at-18.25.51.jpeg?fit=1280%2C853&ssl=1\",\"datePublished\":\"2020-07-20T22:27:24+00:00\",\"dateModified\":\"2020-07-20T23:08:20+00:00\",\"author\":{\"@id\":\"http:\/\/elregionalvm.com.ar\/noticias-villa-maria\/#\/schema\/person\/a0fb9c422317faca23d50163151bc354\"},\"breadcrumb\":{\"@id\":\"http:\/\/elregionalvm.com.ar\/noticias-villa-maria\/como-es-la-atencion-en-la-asistencia-y-caps-de-la-ciudad\/#breadcrumb\"},\"inLanguage\":\"es\",\"potentialAction\":[{\"@type\":\"ReadAction\",\"target\":[\"http:\/\/elregionalvm.com.ar\/noticias-villa-maria\/como-es-la-atencion-en-la-asistencia-y-caps-de-la-ciudad\/\"]}]},{\"@type\":\"ImageObject\",\"inLanguage\":\"es\",\"@id\":\"http:\/\/elregionalvm.com.ar\/noticias-villa-maria\/como-es-la-atencion-en-la-asistencia-y-caps-de-la-ciudad\/#primaryimage\",\"url\":\"https:\/\/i0.wp.com\/elregionalvm.com.ar\/noticias-villa-maria\/wp-content\/uploads\/2020\/07\/WhatsApp-Image-2020-07-20-at-18.25.51.jpeg?fit=1280%2C853&ssl=1\",\"contentUrl\":\"https:\/\/i0.wp.com\/elregionalvm.com.ar\/noticias-villa-maria\/wp-content\/uploads\/2020\/07\/WhatsApp-Image-2020-07-20-at-18.25.51.jpeg?fit=1280%2C853&ssl=1\",\"width\":1280,\"height\":853},{\"@type\":\"BreadcrumbList\",\"@id\":\"http:\/\/elregionalvm.com.ar\/noticias-villa-maria\/como-es-la-atencion-en-la-asistencia-y-caps-de-la-ciudad\/#breadcrumb\",\"itemListElement\":[{\"@type\":\"ListItem\",\"position\":1,\"name\":\"Portada\",\"item\":\"https:\/\/elregionalvm.com.ar\/noticias-villa-maria\/\"},{\"@type\":\"ListItem\",\"position\":2,\"name\":\"\u00bfC\u00f3mo es la atenci\u00f3n en la Asistencia y CAPS de la ciudad?\"}]},{\"@type\":\"WebSite\",\"@id\":\"http:\/\/elregionalvm.com.ar\/noticias-villa-maria\/#website\",\"url\":\"http:\/\/elregionalvm.com.ar\/noticias-villa-maria\/\",\"name\":\"El Regional\",\"description\":\"Mucho m\u00e1s que informaci\u00f3n\",\"potentialAction\":[{\"@type\":\"SearchAction\",\"target\":{\"@type\":\"EntryPoint\",\"urlTemplate\":\"http:\/\/elregionalvm.com.ar\/noticias-villa-maria\/?s={search_term_string}\"},\"query-input\":{\"@type\":\"PropertyValueSpecification\",\"valueRequired\":true,\"valueName\":\"search_term_string\"}}],\"inLanguage\":\"es\"},{\"@type\":\"Person\",\"@id\":\"http:\/\/elregionalvm.com.ar\/noticias-villa-maria\/#\/schema\/person\/a0fb9c422317faca23d50163151bc354\",\"name\":\"Contenidos El Regional\",\"image\":{\"@type\":\"ImageObject\",\"inLanguage\":\"es\",\"@id\":\"http:\/\/elregionalvm.com.ar\/noticias-villa-maria\/#\/schema\/person\/image\/\",\"url\":\"https:\/\/secure.gravatar.com\/avatar\/265b27cb2209af7bb3a1318f03305787d7981a5cc6e6cd08fe5a4ecdf99d4b48?s=96&d=mm&r=g\",\"contentUrl\":\"https:\/\/secure.gravatar.com\/avatar\/265b27cb2209af7bb3a1318f03305787d7981a5cc6e6cd08fe5a4ecdf99d4b48?s=96&d=mm&r=g\",\"caption\":\"Contenidos El Regional\"},\"url\":\"https:\/\/elregionalvm.com.ar\/noticias-villa-maria\/author\/contenido\/\"}]}<\/script>\n<!-- \/ Yoast SEO plugin. -->","yoast_head_json":{"title":"\u00bfC\u00f3mo es la atenci\u00f3n en la Asistencia y CAPS de la ciudad? - El Regional","robots":{"index":"index","follow":"follow","max-snippet":"max-snippet:-1","max-image-preview":"max-image-preview:large","max-video-preview":"max-video-preview:-1"},"canonical":"http:\/\/elregionalvm.com.ar\/noticias-villa-maria\/como-es-la-atencion-en-la-asistencia-y-caps-de-la-ciudad\/","og_locale":"es_ES","og_type":"article","og_title":"\u00bfC\u00f3mo es la atenci\u00f3n en la Asistencia y CAPS de la ciudad? - El Regional","og_description":"La Secretar\u00eda de Salud del municipio defini\u00f3 la implementaci\u00f3n estricta de un protocolo de atenci\u00f3n en la Asistencia P\u00fablica y en los centros de Atenci\u00f3n Primaria de la Salud, en funci\u00f3n de la detecci\u00f3n de casos positivos de Covid-19 en la ciudad. Se prev\u00e9 un procedimiento aplicable a todos los casos, que consiste en la [&hellip;]","og_url":"http:\/\/elregionalvm.com.ar\/noticias-villa-maria\/como-es-la-atencion-en-la-asistencia-y-caps-de-la-ciudad\/","og_site_name":"El Regional","article_publisher":"https:\/\/www.facebook.com\/elregionalvm","article_published_time":"2020-07-20T22:27:24+00:00","article_modified_time":"2020-07-20T23:08:20+00:00","og_image":[{"width":1280,"height":853,"url":"http:\/\/elregionalvm.com.ar\/noticias-villa-maria\/wp-content\/uploads\/2020\/07\/WhatsApp-Image-2020-07-20-at-18.25.51.jpeg","type":"image\/jpeg"}],"author":"Contenidos El Regional","twitter_card":"summary_large_image","twitter_creator":"@elregionalvm1","twitter_site":"@elregionalvm1","twitter_misc":{"Escrito por":"Contenidos El Regional","Tiempo de lectura":"3 minutos"},"schema":{"@context":"https:\/\/schema.org","@graph":[{"@type":"Article","@id":"http:\/\/elregionalvm.com.ar\/noticias-villa-maria\/como-es-la-atencion-en-la-asistencia-y-caps-de-la-ciudad\/#article","isPartOf":{"@id":"http:\/\/elregionalvm.com.ar\/noticias-villa-maria\/como-es-la-atencion-en-la-asistencia-y-caps-de-la-ciudad\/"},"author":{"name":"Contenidos El Regional","@id":"http:\/\/elregionalvm.com.ar\/noticias-villa-maria\/#\/schema\/person\/a0fb9c422317faca23d50163151bc354"},"headline":"\u00bfC\u00f3mo es la atenci\u00f3n en la Asistencia y CAPS de la ciudad?","datePublished":"2020-07-20T22:27:24+00:00","dateModified":"2020-07-20T23:08:20+00:00","mainEntityOfPage":{"@id":"http:\/\/elregionalvm.com.ar\/noticias-villa-maria\/como-es-la-atencion-en-la-asistencia-y-caps-de-la-ciudad\/"},"wordCount":684,"commentCount":0,"image":{"@id":"http:\/\/elregionalvm.com.ar\/noticias-villa-maria\/como-es-la-atencion-en-la-asistencia-y-caps-de-la-ciudad\/#primaryimage"},"thumbnailUrl":"https:\/\/i0.wp.com\/elregionalvm.com.ar\/noticias-villa-maria\/wp-content\/uploads\/2020\/07\/WhatsApp-Image-2020-07-20-at-18.25.51.jpeg?fit=1280%2C853&ssl=1","keywords":["asistencia","CAPS","Salud P\u00fablica"],"articleSection":["Villa Mar\u00eda"],"inLanguage":"es","potentialAction":[{"@type":"CommentAction","name":"Comment","target":["http:\/\/elregionalvm.com.ar\/noticias-villa-maria\/como-es-la-atencion-en-la-asistencia-y-caps-de-la-ciudad\/#respond"]}]},{"@type":"WebPage","@id":"http:\/\/elregionalvm.com.ar\/noticias-villa-maria\/como-es-la-atencion-en-la-asistencia-y-caps-de-la-ciudad\/","url":"http:\/\/elregionalvm.com.ar\/noticias-villa-maria\/como-es-la-atencion-en-la-asistencia-y-caps-de-la-ciudad\/","name":"\u00bfC\u00f3mo es la atenci\u00f3n en la Asistencia y CAPS de la ciudad? - El Regional","isPartOf":{"@id":"http:\/\/elregionalvm.com.ar\/noticias-villa-maria\/#website"},"primaryImageOfPage":{"@id":"http:\/\/elregionalvm.com.ar\/noticias-villa-maria\/como-es-la-atencion-en-la-asistencia-y-caps-de-la-ciudad\/#primaryimage"},"image":{"@id":"http:\/\/elregionalvm.com.ar\/noticias-villa-maria\/como-es-la-atencion-en-la-asistencia-y-caps-de-la-ciudad\/#primaryimage"},"thumbnailUrl":"https:\/\/i0.wp.com\/elregionalvm.com.ar\/noticias-villa-maria\/wp-content\/uploads\/2020\/07\/WhatsApp-Image-2020-07-20-at-18.25.51.jpeg?fit=1280%2C853&ssl=1","datePublished":"2020-07-20T22:27:24+00:00","dateModified":"2020-07-20T23:08:20+00:00","author":{"@id":"http:\/\/elregionalvm.com.ar\/noticias-villa-maria\/#\/schema\/person\/a0fb9c422317faca23d50163151bc354"},"breadcrumb":{"@id":"http:\/\/elregionalvm.com.ar\/noticias-villa-maria\/como-es-la-atencion-en-la-asistencia-y-caps-de-la-ciudad\/#breadcrumb"},"inLanguage":"es","potentialAction":[{"@type":"ReadAction","target":["http:\/\/elregionalvm.com.ar\/noticias-villa-maria\/como-es-la-atencion-en-la-asistencia-y-caps-de-la-ciudad\/"]}]},{"@type":"ImageObject","inLanguage":"es","@id":"http:\/\/elregionalvm.com.ar\/noticias-villa-maria\/como-es-la-atencion-en-la-asistencia-y-caps-de-la-ciudad\/#primaryimage","url":"https:\/\/i0.wp.com\/elregionalvm.com.ar\/noticias-villa-maria\/wp-content\/uploads\/2020\/07\/WhatsApp-Image-2020-07-20-at-18.25.51.jpeg?fit=1280%2C853&ssl=1","contentUrl":"https:\/\/i0.wp.com\/elregionalvm.com.ar\/noticias-villa-maria\/wp-content\/uploads\/2020\/07\/WhatsApp-Image-2020-07-20-at-18.25.51.jpeg?fit=1280%2C853&ssl=1","width":1280,"height":853},{"@type":"BreadcrumbList","@id":"http:\/\/elregionalvm.com.ar\/noticias-villa-maria\/como-es-la-atencion-en-la-asistencia-y-caps-de-la-ciudad\/#breadcrumb","itemListElement":[{"@type":"ListItem","position":1,"name":"Portada","item":"https:\/\/elregionalvm.com.ar\/noticias-villa-maria\/"},{"@type":"ListItem","position":2,"name":"\u00bfC\u00f3mo es la atenci\u00f3n en la Asistencia y CAPS de la ciudad?"}]},{"@type":"WebSite","@id":"http:\/\/elregionalvm.com.ar\/noticias-villa-maria\/#website","url":"http:\/\/elregionalvm.com.ar\/noticias-villa-maria\/","name":"El Regional","description":"Mucho m\u00e1s que informaci\u00f3n","potentialAction":[{"@type":"SearchAction","target":{"@type":"EntryPoint","urlTemplate":"http:\/\/elregionalvm.com.ar\/noticias-villa-maria\/?s={search_term_string}"},"query-input":{"@type":"PropertyValueSpecification","valueRequired":true,"valueName":"search_term_string"}}],"inLanguage":"es"},{"@type":"Person","@id":"http:\/\/elregionalvm.com.ar\/noticias-villa-maria\/#\/schema\/person\/a0fb9c422317faca23d50163151bc354","name":"Contenidos El Regional","image":{"@type":"ImageObject","inLanguage":"es","@id":"http:\/\/elregionalvm.com.ar\/noticias-villa-maria\/#\/schema\/person\/image\/","url":"https:\/\/secure.gravatar.com\/avatar\/265b27cb2209af7bb3a1318f03305787d7981a5cc6e6cd08fe5a4ecdf99d4b48?s=96&d=mm&r=g","contentUrl":"https:\/\/secure.gravatar.com\/avatar\/265b27cb2209af7bb3a1318f03305787d7981a5cc6e6cd08fe5a4ecdf99d4b48?s=96&d=mm&r=g","caption":"Contenidos El Regional"},"url":"https:\/\/elregionalvm.com.ar\/noticias-villa-maria\/author\/contenido\/"}]}},"jetpack_featured_media_url":"https:\/\/i0.wp.com\/elregionalvm.com.ar\/noticias-villa-maria\/wp-content\/uploads\/2020\/07\/WhatsApp-Image-2020-07-20-at-18.25.51.jpeg?fit=1280%2C853&ssl=1","jetpack_sharing_enabled":true,"_links":{"self":[{"href":"https:\/\/elregionalvm.com.ar\/noticias-villa-maria\/wp-json\/wp\/v2\/posts\/20486","targetHints":{"allow":["GET"]}}],"collection":[{"href":"https:\/\/elregionalvm.com.ar\/noticias-villa-maria\/wp-json\/wp\/v2\/posts"}],"about":[{"href":"https:\/\/elregionalvm.com.ar\/noticias-villa-maria\/wp-json\/wp\/v2\/types\/post"}],"author":[{"embeddable":true,"href":"https:\/\/elregionalvm.com.ar\/noticias-villa-maria\/wp-json\/wp\/v2\/users\/4"}],"replies":[{"embeddable":true,"href":"https:\/\/elregionalvm.com.ar\/noticias-villa-maria\/wp-json\/wp\/v2\/comments?post=20486"}],"version-history":[{"count":1,"href":"https:\/\/elregionalvm.com.ar\/noticias-villa-maria\/wp-json\/wp\/v2\/posts\/20486\/revisions"}],"predecessor-version":[{"id":20489,"href":"https:\/\/elregionalvm.com.ar\/noticias-villa-maria\/wp-json\/wp\/v2\/posts\/20486\/revisions\/20489"}],"wp:featuredmedia":[{"embeddable":true,"href":"https:\/\/elregionalvm.com.ar\/noticias-villa-maria\/wp-json\/wp\/v2\/media\/20493"}],"wp:attachment":[{"href":"https:\/\/elregionalvm.com.ar\/noticias-villa-maria\/wp-json\/wp\/v2\/media?parent=20486"}],"wp:term":[{"taxonomy":"category","embeddable":true,"href":"https:\/\/elregionalvm.com.ar\/noticias-villa-maria\/wp-json\/wp\/v2\/categories?post=20486"},{"taxonomy":"post_tag","embeddable":true,"href":"https:\/\/elregionalvm.com.ar\/noticias-villa-maria\/wp-json\/wp\/v2\/tags?post=20486"}],"curies":[{"name":"wp","href":"https:\/\/api.w.org\/{rel}","templated":true}]}}