{"id":20622,"date":"2020-07-23T03:50:42","date_gmt":"2020-07-23T03:50:42","guid":{"rendered":"https:\/\/elregionalvm.com.ar\/noticias-villa-maria\/?p=20622"},"modified":"2020-07-23T05:28:41","modified_gmt":"2020-07-23T05:28:41","slug":"cierran-bares-y-restaurantes-por-14-dias","status":"publish","type":"post","link":"https:\/\/elregionalvm.com.ar\/noticias-villa-maria\/cierran-bares-y-restaurantes-por-14-dias\/","title":{"rendered":"Cierran bares y restaurantes por 14 d\u00edas. \u00bfY ahora?"},"content":{"rendered":"\n<p>El Centro de Operaciones de Emergencia (COE) suspendi\u00f3, desde las 0 horas del d\u00eda jueves 23 de julio, la actividad gastron\u00f3mica. Comprende bares, restaurantes y confiter\u00edas.<\/p>\n\n\n\n<p>La medida abarca las localidades comprendidas entre R\u00edo Segundo y General Roca, en el corredor de la ruta 9, durante 14 d\u00edas.<\/p>\n\n\n\n<p><br>En tanto,  estar\u00e1 permitido el servicio de delivery como de take away. <\/p>\n\n\n\n<p>La medida se tom\u00f3 con el objetivo de disminuir la circulaci\u00f3n de personas conforme a la situaci\u00f3n epidemiol\u00f3gica actual generada por la pandemia del coronavirus, y de acuerdo al impacto que est\u00e1 generando el brote de la ciudad de Oliva y su estrecho v\u00ednculo con las localidades de ese corredor.<\/p>\n\n\n\n<p>Este brote se ha convertido en el m\u00e1s grande de una comunidad abierta en todo el territorio de la Provincia conforme a su casu\u00edstica, incluso superando al de Villa Dolores, indic\u00f3 el COE.<\/p>\n\n\n\n<p>La medida abarca, adem\u00e1s de Villa Mar\u00eda y Villa Nueva, las localidades de: R\u00edo Segundo, Pilar, Laguna Larga, Manfredi, Oncativo, Oliva, Pampayasta Sud, Pampayasta Norte, James Craik, T\u00edo Pujio, Ballesteros, Morrison, Bell Ville, San Marcos Sud, Monte Le\u00f1a, Leones, Marcos Ju\u00e1rez y General Roca.<\/p>\n\n\n\n<p>Estas dos \u00faltimas localidades se encuentran en fase 1 por lo que la actividad  gastron\u00f3mica ya se encuentra limitada.<\/p>\n\n\n\n<p><strong><a href=\"https:\/\/elregionalvm.com.ar\/noticias-villa-maria\/villa-maria-son-14-los-casos-positivos\/\">Le\u00e9 m\u00e1s: Confirman 10 nuevos casos y suman 14 en Villa Mar\u00eda<\/a><\/strong><\/p>\n","protected":false},"excerpt":{"rendered":"<p>El Centro de Operaciones de Emergencia (COE) suspendi\u00f3, desde las 0 horas del d\u00eda jueves 23 de julio, la actividad gastron\u00f3mica. Comprende bares, restaurantes y confiter\u00edas. La medida abarca las localidades comprendidas entre R\u00edo Segundo y General Roca, en el corredor de la ruta 9, durante 14 d\u00edas. En tanto, estar\u00e1 permitido el servicio de [&hellip;]<\/p>\n","protected":false},"author":4,"featured_media":20624,"comment_status":"open","ping_status":"open","sticky":false,"template":"","format":"standard","meta":{"site-sidebar-layout":"default","site-content-layout":"default","ast-site-content-layout":"default","site-content-style":"default","site-sidebar-style":"default","ast-global-header-display":"","ast-banner-title-visibility":"","ast-main-header-display":"","ast-hfb-above-header-display":"","ast-hfb-below-header-display":"","ast-hfb-mobile-header-display":"","site-post-title":"","ast-breadcrumbs-content":"","ast-featured-img":"","footer-sml-layout":"","ast-disable-related-posts":"","theme-transparent-header-meta":"default","adv-header-id-meta":"","stick-header-meta":"","header-above-stick-meta":"","header-main-stick-meta":"","header-below-stick-meta":"","astra-migrate-meta-layouts":"default","ast-page-background-enabled":"default","ast-page-background-meta":{"desktop":{"background-color":"","background-image":"","background-repeat":"repeat","background-position":"center center","background-size":"auto","background-attachment":"scroll","background-type":"","background-media":"","overlay-type":"","overlay-color":"","overlay-opacity":"","overlay-gradient":""},"tablet":{"background-color":"","background-image":"","background-repeat":"repeat","background-position":"center center","background-size":"auto","background-attachment":"scroll","background-type":"","background-media":"","overlay-type":"","overlay-color":"","overlay-opacity":"","overlay-gradient":""},"mobile":{"background-color":"","background-image":"","background-repeat":"repeat","background-position":"center center","background-size":"auto","background-attachment":"scroll","background-type":"","background-media":"","overlay-type":"","overlay-color":"","overlay-opacity":"","overlay-gradient":""}},"ast-content-background-meta":{"desktop":{"background-color":"var(--ast-global-color-5)","background-image":"","background-repeat":"repeat","background-position":"center center","background-size":"auto","background-attachment":"scroll","background-type":"","background-media":"","overlay-type":"","overlay-color":"","overlay-opacity":"","overlay-gradient":""},"tablet":{"background-color":"var(--ast-global-color-5)","background-image":"","background-repeat":"repeat","background-position":"center center","background-size":"auto","background-attachment":"scroll","background-type":"","background-media":"","overlay-type":"","overlay-color":"","overlay-opacity":"","overlay-gradient":""},"mobile":{"background-color":"var(--ast-global-color-5)","background-image":"","background-repeat":"repeat","background-position":"center center","background-size":"auto","background-attachment":"scroll","background-type":"","background-media":"","overlay-type":"","overlay-color":"","overlay-opacity":"","overlay-gradient":""}},"_jetpack_memberships_contains_paid_content":false,"_joinchat":[],"footnotes":""},"categories":[2256,2323,2],"tags":[2212,2422,2217,2779],"class_list":["post-20622","post","type-post","status-publish","format-standard","has-post-thumbnail","hentry","category-coronavirus","category-notas-secundarias","category-villa-maria","tag-bares","tag-coe","tag-restaurantes","tag-suspension"],"yoast_head":"<!-- This site is optimized with the Yoast SEO plugin v26.8 - https:\/\/yoast.com\/product\/yoast-seo-wordpress\/ -->\n<title>Cierran bares y restaurantes por 14 d\u00edas. \u00bfY ahora? - El Regional<\/title>\n<meta name=\"description\" content=\"El COE suspendi\u00f3, desde las 0 horas de este jueves 23 de julio, la actividad gastron\u00f3mica. Abarca a bares, restaurantes y confiter\u00edas.\" \/>\n<meta name=\"robots\" content=\"index, follow, max-snippet:-1, max-image-preview:large, max-video-preview:-1\" \/>\n<link rel=\"canonical\" href=\"http:\/\/elregionalvm.com.ar\/noticias-villa-maria\/cierran-bares-y-restaurantes-por-14-dias\/\" \/>\n<meta property=\"og:locale\" content=\"es_ES\" \/>\n<meta property=\"og:type\" content=\"article\" \/>\n<meta property=\"og:title\" content=\"Cierran bares y restaurantes por 14 d\u00edas. \u00bfY ahora? - El Regional\" \/>\n<meta property=\"og:description\" content=\"El COE suspendi\u00f3, desde las 0 horas de este jueves 23 de julio, la actividad gastron\u00f3mica. Abarca a bares, restaurantes y confiter\u00edas.\" \/>\n<meta property=\"og:url\" content=\"http:\/\/elregionalvm.com.ar\/noticias-villa-maria\/cierran-bares-y-restaurantes-por-14-dias\/\" \/>\n<meta property=\"og:site_name\" content=\"El Regional\" \/>\n<meta property=\"article:publisher\" content=\"https:\/\/www.facebook.com\/elregionalvm\" \/>\n<meta property=\"article:published_time\" content=\"2020-07-23T03:50:42+00:00\" \/>\n<meta property=\"article:modified_time\" content=\"2020-07-23T05:28:41+00:00\" \/>\n<meta property=\"og:image\" content=\"http:\/\/elregionalvm.com.ar\/noticias-villa-maria\/wp-content\/uploads\/2020\/07\/bar-ilustrativa.jpg\" \/>\n\t<meta property=\"og:image:width\" content=\"1200\" \/>\n\t<meta property=\"og:image:height\" content=\"675\" \/>\n\t<meta property=\"og:image:type\" content=\"image\/jpeg\" \/>\n<meta name=\"author\" content=\"Contenidos El Regional\" \/>\n<meta name=\"twitter:card\" content=\"summary_large_image\" \/>\n<meta name=\"twitter:creator\" content=\"@elregionalvm1\" \/>\n<meta name=\"twitter:site\" content=\"@elregionalvm1\" \/>\n<meta name=\"twitter:label1\" content=\"Escrito por\" \/>\n\t<meta name=\"twitter:data1\" content=\"Contenidos El Regional\" \/>\n\t<meta name=\"twitter:label2\" content=\"Tiempo de lectura\" \/>\n\t<meta name=\"twitter:data2\" content=\"1 minuto\" \/>\n<script type=\"application\/ld+json\" class=\"yoast-schema-graph\">{\"@context\":\"https:\/\/schema.org\",\"@graph\":[{\"@type\":\"Article\",\"@id\":\"http:\/\/elregionalvm.com.ar\/noticias-villa-maria\/cierran-bares-y-restaurantes-por-14-dias\/#article\",\"isPartOf\":{\"@id\":\"http:\/\/elregionalvm.com.ar\/noticias-villa-maria\/cierran-bares-y-restaurantes-por-14-dias\/\"},\"author\":{\"name\":\"Contenidos El Regional\",\"@id\":\"http:\/\/elregionalvm.com.ar\/noticias-villa-maria\/#\/schema\/person\/a0fb9c422317faca23d50163151bc354\"},\"headline\":\"Cierran bares y restaurantes por 14 d\u00edas. \u00bfY ahora?\",\"datePublished\":\"2020-07-23T03:50:42+00:00\",\"dateModified\":\"2020-07-23T05:28:41+00:00\",\"mainEntityOfPage\":{\"@id\":\"http:\/\/elregionalvm.com.ar\/noticias-villa-maria\/cierran-bares-y-restaurantes-por-14-dias\/\"},\"wordCount\":240,\"commentCount\":2,\"image\":{\"@id\":\"http:\/\/elregionalvm.com.ar\/noticias-villa-maria\/cierran-bares-y-restaurantes-por-14-dias\/#primaryimage\"},\"thumbnailUrl\":\"https:\/\/i0.wp.com\/elregionalvm.com.ar\/noticias-villa-maria\/wp-content\/uploads\/2020\/07\/bar-ilustrativa.jpg?fit=1200%2C675&ssl=1\",\"keywords\":[\"Bares\",\"COE\",\"restaurantes\",\"Suspensi\u00f3n\"],\"articleSection\":[\"Coronavirus\",\"Notas\",\"Villa Mar\u00eda\"],\"inLanguage\":\"es\",\"potentialAction\":[{\"@type\":\"CommentAction\",\"name\":\"Comment\",\"target\":[\"http:\/\/elregionalvm.com.ar\/noticias-villa-maria\/cierran-bares-y-restaurantes-por-14-dias\/#respond\"]}]},{\"@type\":\"WebPage\",\"@id\":\"http:\/\/elregionalvm.com.ar\/noticias-villa-maria\/cierran-bares-y-restaurantes-por-14-dias\/\",\"url\":\"http:\/\/elregionalvm.com.ar\/noticias-villa-maria\/cierran-bares-y-restaurantes-por-14-dias\/\",\"name\":\"Cierran bares y restaurantes por 14 d\u00edas. \u00bfY ahora? - El Regional\",\"isPartOf\":{\"@id\":\"http:\/\/elregionalvm.com.ar\/noticias-villa-maria\/#website\"},\"primaryImageOfPage\":{\"@id\":\"http:\/\/elregionalvm.com.ar\/noticias-villa-maria\/cierran-bares-y-restaurantes-por-14-dias\/#primaryimage\"},\"image\":{\"@id\":\"http:\/\/elregionalvm.com.ar\/noticias-villa-maria\/cierran-bares-y-restaurantes-por-14-dias\/#primaryimage\"},\"thumbnailUrl\":\"https:\/\/i0.wp.com\/elregionalvm.com.ar\/noticias-villa-maria\/wp-content\/uploads\/2020\/07\/bar-ilustrativa.jpg?fit=1200%2C675&ssl=1\",\"datePublished\":\"2020-07-23T03:50:42+00:00\",\"dateModified\":\"2020-07-23T05:28:41+00:00\",\"author\":{\"@id\":\"http:\/\/elregionalvm.com.ar\/noticias-villa-maria\/#\/schema\/person\/a0fb9c422317faca23d50163151bc354\"},\"description\":\"El COE suspendi\u00f3, desde las 0 horas de este jueves 23 de julio, la actividad gastron\u00f3mica. Abarca a bares, restaurantes y confiter\u00edas.\",\"breadcrumb\":{\"@id\":\"http:\/\/elregionalvm.com.ar\/noticias-villa-maria\/cierran-bares-y-restaurantes-por-14-dias\/#breadcrumb\"},\"inLanguage\":\"es\",\"potentialAction\":[{\"@type\":\"ReadAction\",\"target\":[\"http:\/\/elregionalvm.com.ar\/noticias-villa-maria\/cierran-bares-y-restaurantes-por-14-dias\/\"]}]},{\"@type\":\"ImageObject\",\"inLanguage\":\"es\",\"@id\":\"http:\/\/elregionalvm.com.ar\/noticias-villa-maria\/cierran-bares-y-restaurantes-por-14-dias\/#primaryimage\",\"url\":\"https:\/\/i0.wp.com\/elregionalvm.com.ar\/noticias-villa-maria\/wp-content\/uploads\/2020\/07\/bar-ilustrativa.jpg?fit=1200%2C675&ssl=1\",\"contentUrl\":\"https:\/\/i0.wp.com\/elregionalvm.com.ar\/noticias-villa-maria\/wp-content\/uploads\/2020\/07\/bar-ilustrativa.jpg?fit=1200%2C675&ssl=1\",\"width\":1200,\"height\":675},{\"@type\":\"BreadcrumbList\",\"@id\":\"http:\/\/elregionalvm.com.ar\/noticias-villa-maria\/cierran-bares-y-restaurantes-por-14-dias\/#breadcrumb\",\"itemListElement\":[{\"@type\":\"ListItem\",\"position\":1,\"name\":\"Portada\",\"item\":\"https:\/\/elregionalvm.com.ar\/noticias-villa-maria\/\"},{\"@type\":\"ListItem\",\"position\":2,\"name\":\"Cierran bares y restaurantes por 14 d\u00edas. \u00bfY ahora?\"}]},{\"@type\":\"WebSite\",\"@id\":\"http:\/\/elregionalvm.com.ar\/noticias-villa-maria\/#website\",\"url\":\"http:\/\/elregionalvm.com.ar\/noticias-villa-maria\/\",\"name\":\"El Regional\",\"description\":\"Mucho m\u00e1s que informaci\u00f3n\",\"potentialAction\":[{\"@type\":\"SearchAction\",\"target\":{\"@type\":\"EntryPoint\",\"urlTemplate\":\"http:\/\/elregionalvm.com.ar\/noticias-villa-maria\/?s={search_term_string}\"},\"query-input\":{\"@type\":\"PropertyValueSpecification\",\"valueRequired\":true,\"valueName\":\"search_term_string\"}}],\"inLanguage\":\"es\"},{\"@type\":\"Person\",\"@id\":\"http:\/\/elregionalvm.com.ar\/noticias-villa-maria\/#\/schema\/person\/a0fb9c422317faca23d50163151bc354\",\"name\":\"Contenidos El Regional\",\"image\":{\"@type\":\"ImageObject\",\"inLanguage\":\"es\",\"@id\":\"http:\/\/elregionalvm.com.ar\/noticias-villa-maria\/#\/schema\/person\/image\/\",\"url\":\"https:\/\/secure.gravatar.com\/avatar\/265b27cb2209af7bb3a1318f03305787d7981a5cc6e6cd08fe5a4ecdf99d4b48?s=96&d=mm&r=g\",\"contentUrl\":\"https:\/\/secure.gravatar.com\/avatar\/265b27cb2209af7bb3a1318f03305787d7981a5cc6e6cd08fe5a4ecdf99d4b48?s=96&d=mm&r=g\",\"caption\":\"Contenidos El Regional\"},\"url\":\"https:\/\/elregionalvm.com.ar\/noticias-villa-maria\/author\/contenido\/\"}]}<\/script>\n<!-- \/ Yoast SEO plugin. -->","yoast_head_json":{"title":"Cierran bares y restaurantes por 14 d\u00edas. \u00bfY ahora? - El Regional","description":"El COE suspendi\u00f3, desde las 0 horas de este jueves 23 de julio, la actividad gastron\u00f3mica. Abarca a bares, restaurantes y confiter\u00edas.","robots":{"index":"index","follow":"follow","max-snippet":"max-snippet:-1","max-image-preview":"max-image-preview:large","max-video-preview":"max-video-preview:-1"},"canonical":"http:\/\/elregionalvm.com.ar\/noticias-villa-maria\/cierran-bares-y-restaurantes-por-14-dias\/","og_locale":"es_ES","og_type":"article","og_title":"Cierran bares y restaurantes por 14 d\u00edas. \u00bfY ahora? - El Regional","og_description":"El COE suspendi\u00f3, desde las 0 horas de este jueves 23 de julio, la actividad gastron\u00f3mica. Abarca a bares, restaurantes y confiter\u00edas.","og_url":"http:\/\/elregionalvm.com.ar\/noticias-villa-maria\/cierran-bares-y-restaurantes-por-14-dias\/","og_site_name":"El Regional","article_publisher":"https:\/\/www.facebook.com\/elregionalvm","article_published_time":"2020-07-23T03:50:42+00:00","article_modified_time":"2020-07-23T05:28:41+00:00","og_image":[{"width":1200,"height":675,"url":"http:\/\/elregionalvm.com.ar\/noticias-villa-maria\/wp-content\/uploads\/2020\/07\/bar-ilustrativa.jpg","type":"image\/jpeg"}],"author":"Contenidos El Regional","twitter_card":"summary_large_image","twitter_creator":"@elregionalvm1","twitter_site":"@elregionalvm1","twitter_misc":{"Escrito por":"Contenidos El Regional","Tiempo de lectura":"1 minuto"},"schema":{"@context":"https:\/\/schema.org","@graph":[{"@type":"Article","@id":"http:\/\/elregionalvm.com.ar\/noticias-villa-maria\/cierran-bares-y-restaurantes-por-14-dias\/#article","isPartOf":{"@id":"http:\/\/elregionalvm.com.ar\/noticias-villa-maria\/cierran-bares-y-restaurantes-por-14-dias\/"},"author":{"name":"Contenidos El Regional","@id":"http:\/\/elregionalvm.com.ar\/noticias-villa-maria\/#\/schema\/person\/a0fb9c422317faca23d50163151bc354"},"headline":"Cierran bares y restaurantes por 14 d\u00edas. \u00bfY ahora?","datePublished":"2020-07-23T03:50:42+00:00","dateModified":"2020-07-23T05:28:41+00:00","mainEntityOfPage":{"@id":"http:\/\/elregionalvm.com.ar\/noticias-villa-maria\/cierran-bares-y-restaurantes-por-14-dias\/"},"wordCount":240,"commentCount":2,"image":{"@id":"http:\/\/elregionalvm.com.ar\/noticias-villa-maria\/cierran-bares-y-restaurantes-por-14-dias\/#primaryimage"},"thumbnailUrl":"https:\/\/i0.wp.com\/elregionalvm.com.ar\/noticias-villa-maria\/wp-content\/uploads\/2020\/07\/bar-ilustrativa.jpg?fit=1200%2C675&ssl=1","keywords":["Bares","COE","restaurantes","Suspensi\u00f3n"],"articleSection":["Coronavirus","Notas","Villa Mar\u00eda"],"inLanguage":"es","potentialAction":[{"@type":"CommentAction","name":"Comment","target":["http:\/\/elregionalvm.com.ar\/noticias-villa-maria\/cierran-bares-y-restaurantes-por-14-dias\/#respond"]}]},{"@type":"WebPage","@id":"http:\/\/elregionalvm.com.ar\/noticias-villa-maria\/cierran-bares-y-restaurantes-por-14-dias\/","url":"http:\/\/elregionalvm.com.ar\/noticias-villa-maria\/cierran-bares-y-restaurantes-por-14-dias\/","name":"Cierran bares y restaurantes por 14 d\u00edas. \u00bfY ahora? - El Regional","isPartOf":{"@id":"http:\/\/elregionalvm.com.ar\/noticias-villa-maria\/#website"},"primaryImageOfPage":{"@id":"http:\/\/elregionalvm.com.ar\/noticias-villa-maria\/cierran-bares-y-restaurantes-por-14-dias\/#primaryimage"},"image":{"@id":"http:\/\/elregionalvm.com.ar\/noticias-villa-maria\/cierran-bares-y-restaurantes-por-14-dias\/#primaryimage"},"thumbnailUrl":"https:\/\/i0.wp.com\/elregionalvm.com.ar\/noticias-villa-maria\/wp-content\/uploads\/2020\/07\/bar-ilustrativa.jpg?fit=1200%2C675&ssl=1","datePublished":"2020-07-23T03:50:42+00:00","dateModified":"2020-07-23T05:28:41+00:00","author":{"@id":"http:\/\/elregionalvm.com.ar\/noticias-villa-maria\/#\/schema\/person\/a0fb9c422317faca23d50163151bc354"},"description":"El COE suspendi\u00f3, desde las 0 horas de este jueves 23 de julio, la actividad gastron\u00f3mica. Abarca a bares, restaurantes y confiter\u00edas.","breadcrumb":{"@id":"http:\/\/elregionalvm.com.ar\/noticias-villa-maria\/cierran-bares-y-restaurantes-por-14-dias\/#breadcrumb"},"inLanguage":"es","potentialAction":[{"@type":"ReadAction","target":["http:\/\/elregionalvm.com.ar\/noticias-villa-maria\/cierran-bares-y-restaurantes-por-14-dias\/"]}]},{"@type":"ImageObject","inLanguage":"es","@id":"http:\/\/elregionalvm.com.ar\/noticias-villa-maria\/cierran-bares-y-restaurantes-por-14-dias\/#primaryimage","url":"https:\/\/i0.wp.com\/elregionalvm.com.ar\/noticias-villa-maria\/wp-content\/uploads\/2020\/07\/bar-ilustrativa.jpg?fit=1200%2C675&ssl=1","contentUrl":"https:\/\/i0.wp.com\/elregionalvm.com.ar\/noticias-villa-maria\/wp-content\/uploads\/2020\/07\/bar-ilustrativa.jpg?fit=1200%2C675&ssl=1","width":1200,"height":675},{"@type":"BreadcrumbList","@id":"http:\/\/elregionalvm.com.ar\/noticias-villa-maria\/cierran-bares-y-restaurantes-por-14-dias\/#breadcrumb","itemListElement":[{"@type":"ListItem","position":1,"name":"Portada","item":"https:\/\/elregionalvm.com.ar\/noticias-villa-maria\/"},{"@type":"ListItem","position":2,"name":"Cierran bares y restaurantes por 14 d\u00edas. \u00bfY ahora?"}]},{"@type":"WebSite","@id":"http:\/\/elregionalvm.com.ar\/noticias-villa-maria\/#website","url":"http:\/\/elregionalvm.com.ar\/noticias-villa-maria\/","name":"El Regional","description":"Mucho m\u00e1s que informaci\u00f3n","potentialAction":[{"@type":"SearchAction","target":{"@type":"EntryPoint","urlTemplate":"http:\/\/elregionalvm.com.ar\/noticias-villa-maria\/?s={search_term_string}"},"query-input":{"@type":"PropertyValueSpecification","valueRequired":true,"valueName":"search_term_string"}}],"inLanguage":"es"},{"@type":"Person","@id":"http:\/\/elregionalvm.com.ar\/noticias-villa-maria\/#\/schema\/person\/a0fb9c422317faca23d50163151bc354","name":"Contenidos El Regional","image":{"@type":"ImageObject","inLanguage":"es","@id":"http:\/\/elregionalvm.com.ar\/noticias-villa-maria\/#\/schema\/person\/image\/","url":"https:\/\/secure.gravatar.com\/avatar\/265b27cb2209af7bb3a1318f03305787d7981a5cc6e6cd08fe5a4ecdf99d4b48?s=96&d=mm&r=g","contentUrl":"https:\/\/secure.gravatar.com\/avatar\/265b27cb2209af7bb3a1318f03305787d7981a5cc6e6cd08fe5a4ecdf99d4b48?s=96&d=mm&r=g","caption":"Contenidos El Regional"},"url":"https:\/\/elregionalvm.com.ar\/noticias-villa-maria\/author\/contenido\/"}]}},"jetpack_featured_media_url":"https:\/\/i0.wp.com\/elregionalvm.com.ar\/noticias-villa-maria\/wp-content\/uploads\/2020\/07\/bar-ilustrativa.jpg?fit=1200%2C675&ssl=1","jetpack_sharing_enabled":true,"_links":{"self":[{"href":"https:\/\/elregionalvm.com.ar\/noticias-villa-maria\/wp-json\/wp\/v2\/posts\/20622","targetHints":{"allow":["GET"]}}],"collection":[{"href":"https:\/\/elregionalvm.com.ar\/noticias-villa-maria\/wp-json\/wp\/v2\/posts"}],"about":[{"href":"https:\/\/elregionalvm.com.ar\/noticias-villa-maria\/wp-json\/wp\/v2\/types\/post"}],"author":[{"embeddable":true,"href":"https:\/\/elregionalvm.com.ar\/noticias-villa-maria\/wp-json\/wp\/v2\/users\/4"}],"replies":[{"embeddable":true,"href":"https:\/\/elregionalvm.com.ar\/noticias-villa-maria\/wp-json\/wp\/v2\/comments?post=20622"}],"version-history":[{"count":3,"href":"https:\/\/elregionalvm.com.ar\/noticias-villa-maria\/wp-json\/wp\/v2\/posts\/20622\/revisions"}],"predecessor-version":[{"id":20634,"href":"https:\/\/elregionalvm.com.ar\/noticias-villa-maria\/wp-json\/wp\/v2\/posts\/20622\/revisions\/20634"}],"wp:featuredmedia":[{"embeddable":true,"href":"https:\/\/elregionalvm.com.ar\/noticias-villa-maria\/wp-json\/wp\/v2\/media\/20624"}],"wp:attachment":[{"href":"https:\/\/elregionalvm.com.ar\/noticias-villa-maria\/wp-json\/wp\/v2\/media?parent=20622"}],"wp:term":[{"taxonomy":"category","embeddable":true,"href":"https:\/\/elregionalvm.com.ar\/noticias-villa-maria\/wp-json\/wp\/v2\/categories?post=20622"},{"taxonomy":"post_tag","embeddable":true,"href":"https:\/\/elregionalvm.com.ar\/noticias-villa-maria\/wp-json\/wp\/v2\/tags?post=20622"}],"curies":[{"name":"wp","href":"https:\/\/api.w.org\/{rel}","templated":true}]}}