{"id":20701,"date":"2020-07-24T00:21:42","date_gmt":"2020-07-24T00:21:42","guid":{"rendered":"https:\/\/elregionalvm.com.ar\/noticias-villa-maria\/?p=20701"},"modified":"2020-07-24T01:44:00","modified_gmt":"2020-07-24T01:44:00","slug":"casos-positivos-aun-no-hay-nuevos-datos-por-retraso-desde-laboratorio-central","status":"publish","type":"post","link":"https:\/\/elregionalvm.com.ar\/noticias-villa-maria\/casos-positivos-aun-no-hay-nuevos-datos-por-retraso-desde-laboratorio-central\/","title":{"rendered":"Casos positivos: a\u00fan no hay nuevos datos por retraso desde Laboratorio Central"},"content":{"rendered":"\n<p>En un nuevo informe de la situaci\u00f3n epidemiol\u00f3gica en Villa Mar\u00eda por la pandemia de Covid 19, el concejal a cargo de la Intendencia, Pablo Rosso, y el infect\u00f3logo Dar\u00edo Quinodoz no dieron a conocer nuevos casos positivos en la ciudad.<\/p>\n\n\n\n<p>Se debe a un retraso en la llegada de la informaci\u00f3n de los resultados de los hisopados desde el Laboratorio Central de la Provincia.<\/p>\n\n\n\n<p>Esto va en sinton\u00eda con el \u00faltimo informe oficial emitido desde el Hospital Pasteur, donde no figuran nuevos casos. <\/p>\n\n\n\n<p>De esta manera, por ahora siguen siendo 14 los casos detectados. <\/p>\n\n\n\n<p>De ese total, 13 son contactos estrechos de pacientes positivos relacionados con los brotes de Marcos Ju\u00e1rez y de Oliva. En tanto, se encuentra bajo estudio el origen del contagio del positivo restante.<\/p>\n\n\n\n<p>\u00abHay un paciente internado en el Hospital Pasteur con neumon\u00eda bilateral y otra persona en su domicilio presenta s\u00edntomas leves. El resto se encuentra asintom\u00e1ticos\u00bb, indic\u00f3 Quinodoz. <\/p>\n\n\n\n<p><strong>Contactos estrechos<\/strong><\/p>\n\n\n\n<p>Por otro lado, de los 105 contactos estrechos detectados hasta ayer, se conoci\u00f3 que 25 de ellos tuvieron resultado negativo en sus hisopados. <\/p>\n\n\n\n<p>Estas personas se encuentran aisladas en su domicilio y sin s\u00edntomas. <\/p>\n\n\n\n<p>Todas las personas consideradas contactos estrechos son notificadas inmediatamente para que se a\u00edslen con sus familiares. <\/p>\n\n\n\n<p>El seguimiento que se les realiza es a trav\u00e9s de un sistema de geolocalizaci\u00f3n provisto por la Provincia.<\/p>\n\n\n\n<p><strong><a href=\"https:\/\/elregionalvm.com.ar\/noticias-villa-maria\/cierran-bares-y-restaurantes-por-14-dias\/\">Le\u00e9 m\u00e1s: Cierran bares y restaurantes por 14 d\u00edas. \u00bfY ahora?<\/a><\/strong><\/p>\n\n\n\n<p><strong>Estaci\u00f3n de control<\/strong><\/p>\n\n\n\n<p>En la Estaci\u00f3n de Control Virol\u00f3gico se controlaron hoy 312 veh\u00edculos detectados como provenientes de zonas rojas. Se realizaron 33 test r\u00e1pidos, derivando en la realizaci\u00f3n de 17 hisopados. <\/p>\n\n\n\n<p>Una de esas personas debi\u00f3 ser encapsulada y derivada al Hospital Pasteur.<\/p>\n\n\n\n<p><strong><a href=\"https:\/\/elregionalvm.com.ar\/noticias-villa-maria\/quienes-deben-sacar-el-permiso-para-entrar-a-villa-maria-y-villa-nueva\/\">Le\u00e9 m\u00e1s: Qui\u00e9nes deben sacar el permiso para entrar a Villa Mar\u00eda y Villa Nueva<\/a><\/strong><\/p>\n\n\n\n<p><strong>En la Provincia<\/strong><\/p>\n\n\n\n<p>En tanto, el Ministerio de Salud de la Provincia inform\u00f3 este jueves\u00a099 nuevos casos de Covid-19. De ese total, 45 tienen domicilio en la ciudad de C\u00f3rdoba, siete en Marcos Ju\u00e1rez, uno en General Roca, uno en Alta Gracia, 23 en Oliva, uno en T\u00edo Pujio, siete en Villa Mar\u00eda, dos en Manfredi, uno en Colazo y 11 en Oncativo. <\/p>\n\n\n\n<p>Del total de casos, 87 est\u00e1n vinculados a contactos estrechos de casos confirmados anteriormente y 12 se encuentran en investigaci\u00f3n (11 de C\u00f3rdoba Capital y uno de Alta Gracia).<\/p>\n\n\n\n<p>En el caso de Villa Mar\u00eda, se trata de casos que ya hab\u00edan sido notificados desde el COE Regional. <\/p>\n\n\n\n<p><\/p>\n","protected":false},"excerpt":{"rendered":"<p>En un nuevo informe de la situaci\u00f3n epidemiol\u00f3gica en Villa Mar\u00eda por la pandemia de Covid 19, el concejal a cargo de la Intendencia, Pablo Rosso, y el infect\u00f3logo Dar\u00edo Quinodoz no dieron a conocer nuevos casos positivos en la ciudad. Se debe a un retraso en la llegada de la informaci\u00f3n de los resultados [&hellip;]<\/p>\n","protected":false},"author":4,"featured_media":20702,"comment_status":"open","ping_status":"open","sticky":false,"template":"","format":"standard","meta":{"site-sidebar-layout":"default","site-content-layout":"default","ast-site-content-layout":"default","site-content-style":"default","site-sidebar-style":"default","ast-global-header-display":"","ast-banner-title-visibility":"","ast-main-header-display":"","ast-hfb-above-header-display":"","ast-hfb-below-header-display":"","ast-hfb-mobile-header-display":"","site-post-title":"","ast-breadcrumbs-content":"","ast-featured-img":"","footer-sml-layout":"","ast-disable-related-posts":"","theme-transparent-header-meta":"default","adv-header-id-meta":"","stick-header-meta":"","header-above-stick-meta":"","header-main-stick-meta":"","header-below-stick-meta":"","astra-migrate-meta-layouts":"default","ast-page-background-enabled":"default","ast-page-background-meta":{"desktop":{"background-color":"","background-image":"","background-repeat":"repeat","background-position":"center center","background-size":"auto","background-attachment":"scroll","background-type":"","background-media":"","overlay-type":"","overlay-color":"","overlay-opacity":"","overlay-gradient":""},"tablet":{"background-color":"","background-image":"","background-repeat":"repeat","background-position":"center center","background-size":"auto","background-attachment":"scroll","background-type":"","background-media":"","overlay-type":"","overlay-color":"","overlay-opacity":"","overlay-gradient":""},"mobile":{"background-color":"","background-image":"","background-repeat":"repeat","background-position":"center center","background-size":"auto","background-attachment":"scroll","background-type":"","background-media":"","overlay-type":"","overlay-color":"","overlay-opacity":"","overlay-gradient":""}},"ast-content-background-meta":{"desktop":{"background-color":"var(--ast-global-color-5)","background-image":"","background-repeat":"repeat","background-position":"center center","background-size":"auto","background-attachment":"scroll","background-type":"","background-media":"","overlay-type":"","overlay-color":"","overlay-opacity":"","overlay-gradient":""},"tablet":{"background-color":"var(--ast-global-color-5)","background-image":"","background-repeat":"repeat","background-position":"center center","background-size":"auto","background-attachment":"scroll","background-type":"","background-media":"","overlay-type":"","overlay-color":"","overlay-opacity":"","overlay-gradient":""},"mobile":{"background-color":"var(--ast-global-color-5)","background-image":"","background-repeat":"repeat","background-position":"center center","background-size":"auto","background-attachment":"scroll","background-type":"","background-media":"","overlay-type":"","overlay-color":"","overlay-opacity":"","overlay-gradient":""}},"_jetpack_memberships_contains_paid_content":false,"_joinchat":[],"footnotes":""},"categories":[2256,2],"tags":[2810,1232,2623,2413,2597,1878],"class_list":["post-20701","post","type-post","status-publish","format-standard","has-post-thumbnail","hentry","category-coronavirus","category-villa-maria","tag-dario-quinodoz","tag-destacado","tag-informe-epidemiologico","tag-laboratorio-central","tag-nuevos-casos","tag-pablo-rosso"],"yoast_head":"<!-- This site is optimized with the Yoast SEO plugin v26.8 - https:\/\/yoast.com\/product\/yoast-seo-wordpress\/ -->\n<title>Casos positivos: a\u00fan no hay nuevos datos por retraso desde Laboratorio Central - El Regional<\/title>\n<meta name=\"description\" content=\"Se debe a un retraso en la llegada de la informaci\u00f3n de los resultados de los hisopados desde el Laboratorio Central de la Provincia.\" \/>\n<meta name=\"robots\" content=\"index, follow, max-snippet:-1, max-image-preview:large, max-video-preview:-1\" \/>\n<link rel=\"canonical\" href=\"http:\/\/elregionalvm.com.ar\/noticias-villa-maria\/casos-positivos-aun-no-hay-nuevos-datos-por-retraso-desde-laboratorio-central\/\" \/>\n<meta property=\"og:locale\" content=\"es_ES\" \/>\n<meta property=\"og:type\" content=\"article\" \/>\n<meta property=\"og:title\" content=\"Casos positivos: a\u00fan no hay nuevos datos por retraso desde Laboratorio Central - El Regional\" \/>\n<meta property=\"og:description\" content=\"Se debe a un retraso en la llegada de la informaci\u00f3n de los resultados de los hisopados desde el Laboratorio Central de la Provincia.\" \/>\n<meta property=\"og:url\" content=\"http:\/\/elregionalvm.com.ar\/noticias-villa-maria\/casos-positivos-aun-no-hay-nuevos-datos-por-retraso-desde-laboratorio-central\/\" \/>\n<meta property=\"og:site_name\" content=\"El Regional\" \/>\n<meta property=\"article:publisher\" content=\"https:\/\/www.facebook.com\/elregionalvm\" \/>\n<meta property=\"article:published_time\" content=\"2020-07-24T00:21:42+00:00\" \/>\n<meta property=\"article:modified_time\" content=\"2020-07-24T01:44:00+00:00\" \/>\n<meta property=\"og:image\" content=\"http:\/\/elregionalvm.com.ar\/noticias-villa-maria\/wp-content\/uploads\/2020\/07\/Rosso-Quinodoz-facebook-informe-jueves-3.jpg\" \/>\n\t<meta property=\"og:image:width\" content=\"987\" \/>\n\t<meta property=\"og:image:height\" content=\"490\" \/>\n\t<meta property=\"og:image:type\" content=\"image\/jpeg\" \/>\n<meta name=\"author\" content=\"Contenidos El Regional\" \/>\n<meta name=\"twitter:card\" content=\"summary_large_image\" \/>\n<meta name=\"twitter:creator\" content=\"@elregionalvm1\" \/>\n<meta name=\"twitter:site\" content=\"@elregionalvm1\" \/>\n<meta name=\"twitter:label1\" content=\"Escrito por\" \/>\n\t<meta name=\"twitter:data1\" content=\"Contenidos El Regional\" \/>\n\t<meta name=\"twitter:label2\" content=\"Tiempo de lectura\" \/>\n\t<meta name=\"twitter:data2\" content=\"2 minutos\" \/>\n<script type=\"application\/ld+json\" class=\"yoast-schema-graph\">{\"@context\":\"https:\/\/schema.org\",\"@graph\":[{\"@type\":\"Article\",\"@id\":\"http:\/\/elregionalvm.com.ar\/noticias-villa-maria\/casos-positivos-aun-no-hay-nuevos-datos-por-retraso-desde-laboratorio-central\/#article\",\"isPartOf\":{\"@id\":\"http:\/\/elregionalvm.com.ar\/noticias-villa-maria\/casos-positivos-aun-no-hay-nuevos-datos-por-retraso-desde-laboratorio-central\/\"},\"author\":{\"name\":\"Contenidos El Regional\",\"@id\":\"http:\/\/elregionalvm.com.ar\/noticias-villa-maria\/#\/schema\/person\/a0fb9c422317faca23d50163151bc354\"},\"headline\":\"Casos positivos: a\u00fan no hay nuevos datos por retraso desde Laboratorio Central\",\"datePublished\":\"2020-07-24T00:21:42+00:00\",\"dateModified\":\"2020-07-24T01:44:00+00:00\",\"mainEntityOfPage\":{\"@id\":\"http:\/\/elregionalvm.com.ar\/noticias-villa-maria\/casos-positivos-aun-no-hay-nuevos-datos-por-retraso-desde-laboratorio-central\/\"},\"wordCount\":439,\"commentCount\":0,\"image\":{\"@id\":\"http:\/\/elregionalvm.com.ar\/noticias-villa-maria\/casos-positivos-aun-no-hay-nuevos-datos-por-retraso-desde-laboratorio-central\/#primaryimage\"},\"thumbnailUrl\":\"https:\/\/i0.wp.com\/elregionalvm.com.ar\/noticias-villa-maria\/wp-content\/uploads\/2020\/07\/Rosso-Quinodoz-facebook-informe-jueves-3.jpg?fit=987%2C490&ssl=1\",\"keywords\":[\"Dar\u00edo Quinodoz\",\"destacado\",\"Informe epidemiol\u00f3gico\",\"Laboratorio central\",\"Nuevos casos\",\"Pablo Rosso\"],\"articleSection\":[\"Coronavirus\",\"Villa Mar\u00eda\"],\"inLanguage\":\"es\",\"potentialAction\":[{\"@type\":\"CommentAction\",\"name\":\"Comment\",\"target\":[\"http:\/\/elregionalvm.com.ar\/noticias-villa-maria\/casos-positivos-aun-no-hay-nuevos-datos-por-retraso-desde-laboratorio-central\/#respond\"]}]},{\"@type\":\"WebPage\",\"@id\":\"http:\/\/elregionalvm.com.ar\/noticias-villa-maria\/casos-positivos-aun-no-hay-nuevos-datos-por-retraso-desde-laboratorio-central\/\",\"url\":\"http:\/\/elregionalvm.com.ar\/noticias-villa-maria\/casos-positivos-aun-no-hay-nuevos-datos-por-retraso-desde-laboratorio-central\/\",\"name\":\"Casos positivos: a\u00fan no hay nuevos datos por retraso desde Laboratorio Central - El Regional\",\"isPartOf\":{\"@id\":\"http:\/\/elregionalvm.com.ar\/noticias-villa-maria\/#website\"},\"primaryImageOfPage\":{\"@id\":\"http:\/\/elregionalvm.com.ar\/noticias-villa-maria\/casos-positivos-aun-no-hay-nuevos-datos-por-retraso-desde-laboratorio-central\/#primaryimage\"},\"image\":{\"@id\":\"http:\/\/elregionalvm.com.ar\/noticias-villa-maria\/casos-positivos-aun-no-hay-nuevos-datos-por-retraso-desde-laboratorio-central\/#primaryimage\"},\"thumbnailUrl\":\"https:\/\/i0.wp.com\/elregionalvm.com.ar\/noticias-villa-maria\/wp-content\/uploads\/2020\/07\/Rosso-Quinodoz-facebook-informe-jueves-3.jpg?fit=987%2C490&ssl=1\",\"datePublished\":\"2020-07-24T00:21:42+00:00\",\"dateModified\":\"2020-07-24T01:44:00+00:00\",\"author\":{\"@id\":\"http:\/\/elregionalvm.com.ar\/noticias-villa-maria\/#\/schema\/person\/a0fb9c422317faca23d50163151bc354\"},\"description\":\"Se debe a un retraso en la llegada de la informaci\u00f3n de los resultados de los hisopados desde el Laboratorio Central de la Provincia.\",\"breadcrumb\":{\"@id\":\"http:\/\/elregionalvm.com.ar\/noticias-villa-maria\/casos-positivos-aun-no-hay-nuevos-datos-por-retraso-desde-laboratorio-central\/#breadcrumb\"},\"inLanguage\":\"es\",\"potentialAction\":[{\"@type\":\"ReadAction\",\"target\":[\"http:\/\/elregionalvm.com.ar\/noticias-villa-maria\/casos-positivos-aun-no-hay-nuevos-datos-por-retraso-desde-laboratorio-central\/\"]}]},{\"@type\":\"ImageObject\",\"inLanguage\":\"es\",\"@id\":\"http:\/\/elregionalvm.com.ar\/noticias-villa-maria\/casos-positivos-aun-no-hay-nuevos-datos-por-retraso-desde-laboratorio-central\/#primaryimage\",\"url\":\"https:\/\/i0.wp.com\/elregionalvm.com.ar\/noticias-villa-maria\/wp-content\/uploads\/2020\/07\/Rosso-Quinodoz-facebook-informe-jueves-3.jpg?fit=987%2C490&ssl=1\",\"contentUrl\":\"https:\/\/i0.wp.com\/elregionalvm.com.ar\/noticias-villa-maria\/wp-content\/uploads\/2020\/07\/Rosso-Quinodoz-facebook-informe-jueves-3.jpg?fit=987%2C490&ssl=1\",\"width\":987,\"height\":490},{\"@type\":\"BreadcrumbList\",\"@id\":\"http:\/\/elregionalvm.com.ar\/noticias-villa-maria\/casos-positivos-aun-no-hay-nuevos-datos-por-retraso-desde-laboratorio-central\/#breadcrumb\",\"itemListElement\":[{\"@type\":\"ListItem\",\"position\":1,\"name\":\"Portada\",\"item\":\"https:\/\/elregionalvm.com.ar\/noticias-villa-maria\/\"},{\"@type\":\"ListItem\",\"position\":2,\"name\":\"Casos positivos: a\u00fan no hay nuevos datos por retraso desde Laboratorio Central\"}]},{\"@type\":\"WebSite\",\"@id\":\"http:\/\/elregionalvm.com.ar\/noticias-villa-maria\/#website\",\"url\":\"http:\/\/elregionalvm.com.ar\/noticias-villa-maria\/\",\"name\":\"El Regional\",\"description\":\"Mucho m\u00e1s que informaci\u00f3n\",\"potentialAction\":[{\"@type\":\"SearchAction\",\"target\":{\"@type\":\"EntryPoint\",\"urlTemplate\":\"http:\/\/elregionalvm.com.ar\/noticias-villa-maria\/?s={search_term_string}\"},\"query-input\":{\"@type\":\"PropertyValueSpecification\",\"valueRequired\":true,\"valueName\":\"search_term_string\"}}],\"inLanguage\":\"es\"},{\"@type\":\"Person\",\"@id\":\"http:\/\/elregionalvm.com.ar\/noticias-villa-maria\/#\/schema\/person\/a0fb9c422317faca23d50163151bc354\",\"name\":\"Contenidos El Regional\",\"image\":{\"@type\":\"ImageObject\",\"inLanguage\":\"es\",\"@id\":\"http:\/\/elregionalvm.com.ar\/noticias-villa-maria\/#\/schema\/person\/image\/\",\"url\":\"https:\/\/secure.gravatar.com\/avatar\/265b27cb2209af7bb3a1318f03305787d7981a5cc6e6cd08fe5a4ecdf99d4b48?s=96&d=mm&r=g\",\"contentUrl\":\"https:\/\/secure.gravatar.com\/avatar\/265b27cb2209af7bb3a1318f03305787d7981a5cc6e6cd08fe5a4ecdf99d4b48?s=96&d=mm&r=g\",\"caption\":\"Contenidos El Regional\"},\"url\":\"https:\/\/elregionalvm.com.ar\/noticias-villa-maria\/author\/contenido\/\"}]}<\/script>\n<!-- \/ Yoast SEO plugin. -->","yoast_head_json":{"title":"Casos positivos: a\u00fan no hay nuevos datos por retraso desde Laboratorio Central - El Regional","description":"Se debe a un retraso en la llegada de la informaci\u00f3n de los resultados de los hisopados desde el Laboratorio Central de la Provincia.","robots":{"index":"index","follow":"follow","max-snippet":"max-snippet:-1","max-image-preview":"max-image-preview:large","max-video-preview":"max-video-preview:-1"},"canonical":"http:\/\/elregionalvm.com.ar\/noticias-villa-maria\/casos-positivos-aun-no-hay-nuevos-datos-por-retraso-desde-laboratorio-central\/","og_locale":"es_ES","og_type":"article","og_title":"Casos positivos: a\u00fan no hay nuevos datos por retraso desde Laboratorio Central - El Regional","og_description":"Se debe a un retraso en la llegada de la informaci\u00f3n de los resultados de los hisopados desde el Laboratorio Central de la Provincia.","og_url":"http:\/\/elregionalvm.com.ar\/noticias-villa-maria\/casos-positivos-aun-no-hay-nuevos-datos-por-retraso-desde-laboratorio-central\/","og_site_name":"El Regional","article_publisher":"https:\/\/www.facebook.com\/elregionalvm","article_published_time":"2020-07-24T00:21:42+00:00","article_modified_time":"2020-07-24T01:44:00+00:00","og_image":[{"width":987,"height":490,"url":"http:\/\/elregionalvm.com.ar\/noticias-villa-maria\/wp-content\/uploads\/2020\/07\/Rosso-Quinodoz-facebook-informe-jueves-3.jpg","type":"image\/jpeg"}],"author":"Contenidos El Regional","twitter_card":"summary_large_image","twitter_creator":"@elregionalvm1","twitter_site":"@elregionalvm1","twitter_misc":{"Escrito por":"Contenidos El Regional","Tiempo de lectura":"2 minutos"},"schema":{"@context":"https:\/\/schema.org","@graph":[{"@type":"Article","@id":"http:\/\/elregionalvm.com.ar\/noticias-villa-maria\/casos-positivos-aun-no-hay-nuevos-datos-por-retraso-desde-laboratorio-central\/#article","isPartOf":{"@id":"http:\/\/elregionalvm.com.ar\/noticias-villa-maria\/casos-positivos-aun-no-hay-nuevos-datos-por-retraso-desde-laboratorio-central\/"},"author":{"name":"Contenidos El Regional","@id":"http:\/\/elregionalvm.com.ar\/noticias-villa-maria\/#\/schema\/person\/a0fb9c422317faca23d50163151bc354"},"headline":"Casos positivos: a\u00fan no hay nuevos datos por retraso desde Laboratorio Central","datePublished":"2020-07-24T00:21:42+00:00","dateModified":"2020-07-24T01:44:00+00:00","mainEntityOfPage":{"@id":"http:\/\/elregionalvm.com.ar\/noticias-villa-maria\/casos-positivos-aun-no-hay-nuevos-datos-por-retraso-desde-laboratorio-central\/"},"wordCount":439,"commentCount":0,"image":{"@id":"http:\/\/elregionalvm.com.ar\/noticias-villa-maria\/casos-positivos-aun-no-hay-nuevos-datos-por-retraso-desde-laboratorio-central\/#primaryimage"},"thumbnailUrl":"https:\/\/i0.wp.com\/elregionalvm.com.ar\/noticias-villa-maria\/wp-content\/uploads\/2020\/07\/Rosso-Quinodoz-facebook-informe-jueves-3.jpg?fit=987%2C490&ssl=1","keywords":["Dar\u00edo Quinodoz","destacado","Informe epidemiol\u00f3gico","Laboratorio central","Nuevos casos","Pablo Rosso"],"articleSection":["Coronavirus","Villa Mar\u00eda"],"inLanguage":"es","potentialAction":[{"@type":"CommentAction","name":"Comment","target":["http:\/\/elregionalvm.com.ar\/noticias-villa-maria\/casos-positivos-aun-no-hay-nuevos-datos-por-retraso-desde-laboratorio-central\/#respond"]}]},{"@type":"WebPage","@id":"http:\/\/elregionalvm.com.ar\/noticias-villa-maria\/casos-positivos-aun-no-hay-nuevos-datos-por-retraso-desde-laboratorio-central\/","url":"http:\/\/elregionalvm.com.ar\/noticias-villa-maria\/casos-positivos-aun-no-hay-nuevos-datos-por-retraso-desde-laboratorio-central\/","name":"Casos positivos: a\u00fan no hay nuevos datos por retraso desde Laboratorio Central - El Regional","isPartOf":{"@id":"http:\/\/elregionalvm.com.ar\/noticias-villa-maria\/#website"},"primaryImageOfPage":{"@id":"http:\/\/elregionalvm.com.ar\/noticias-villa-maria\/casos-positivos-aun-no-hay-nuevos-datos-por-retraso-desde-laboratorio-central\/#primaryimage"},"image":{"@id":"http:\/\/elregionalvm.com.ar\/noticias-villa-maria\/casos-positivos-aun-no-hay-nuevos-datos-por-retraso-desde-laboratorio-central\/#primaryimage"},"thumbnailUrl":"https:\/\/i0.wp.com\/elregionalvm.com.ar\/noticias-villa-maria\/wp-content\/uploads\/2020\/07\/Rosso-Quinodoz-facebook-informe-jueves-3.jpg?fit=987%2C490&ssl=1","datePublished":"2020-07-24T00:21:42+00:00","dateModified":"2020-07-24T01:44:00+00:00","author":{"@id":"http:\/\/elregionalvm.com.ar\/noticias-villa-maria\/#\/schema\/person\/a0fb9c422317faca23d50163151bc354"},"description":"Se debe a un retraso en la llegada de la informaci\u00f3n de los resultados de los hisopados desde el Laboratorio Central de la Provincia.","breadcrumb":{"@id":"http:\/\/elregionalvm.com.ar\/noticias-villa-maria\/casos-positivos-aun-no-hay-nuevos-datos-por-retraso-desde-laboratorio-central\/#breadcrumb"},"inLanguage":"es","potentialAction":[{"@type":"ReadAction","target":["http:\/\/elregionalvm.com.ar\/noticias-villa-maria\/casos-positivos-aun-no-hay-nuevos-datos-por-retraso-desde-laboratorio-central\/"]}]},{"@type":"ImageObject","inLanguage":"es","@id":"http:\/\/elregionalvm.com.ar\/noticias-villa-maria\/casos-positivos-aun-no-hay-nuevos-datos-por-retraso-desde-laboratorio-central\/#primaryimage","url":"https:\/\/i0.wp.com\/elregionalvm.com.ar\/noticias-villa-maria\/wp-content\/uploads\/2020\/07\/Rosso-Quinodoz-facebook-informe-jueves-3.jpg?fit=987%2C490&ssl=1","contentUrl":"https:\/\/i0.wp.com\/elregionalvm.com.ar\/noticias-villa-maria\/wp-content\/uploads\/2020\/07\/Rosso-Quinodoz-facebook-informe-jueves-3.jpg?fit=987%2C490&ssl=1","width":987,"height":490},{"@type":"BreadcrumbList","@id":"http:\/\/elregionalvm.com.ar\/noticias-villa-maria\/casos-positivos-aun-no-hay-nuevos-datos-por-retraso-desde-laboratorio-central\/#breadcrumb","itemListElement":[{"@type":"ListItem","position":1,"name":"Portada","item":"https:\/\/elregionalvm.com.ar\/noticias-villa-maria\/"},{"@type":"ListItem","position":2,"name":"Casos positivos: a\u00fan no hay nuevos datos por retraso desde Laboratorio Central"}]},{"@type":"WebSite","@id":"http:\/\/elregionalvm.com.ar\/noticias-villa-maria\/#website","url":"http:\/\/elregionalvm.com.ar\/noticias-villa-maria\/","name":"El Regional","description":"Mucho m\u00e1s que informaci\u00f3n","potentialAction":[{"@type":"SearchAction","target":{"@type":"EntryPoint","urlTemplate":"http:\/\/elregionalvm.com.ar\/noticias-villa-maria\/?s={search_term_string}"},"query-input":{"@type":"PropertyValueSpecification","valueRequired":true,"valueName":"search_term_string"}}],"inLanguage":"es"},{"@type":"Person","@id":"http:\/\/elregionalvm.com.ar\/noticias-villa-maria\/#\/schema\/person\/a0fb9c422317faca23d50163151bc354","name":"Contenidos El Regional","image":{"@type":"ImageObject","inLanguage":"es","@id":"http:\/\/elregionalvm.com.ar\/noticias-villa-maria\/#\/schema\/person\/image\/","url":"https:\/\/secure.gravatar.com\/avatar\/265b27cb2209af7bb3a1318f03305787d7981a5cc6e6cd08fe5a4ecdf99d4b48?s=96&d=mm&r=g","contentUrl":"https:\/\/secure.gravatar.com\/avatar\/265b27cb2209af7bb3a1318f03305787d7981a5cc6e6cd08fe5a4ecdf99d4b48?s=96&d=mm&r=g","caption":"Contenidos El Regional"},"url":"https:\/\/elregionalvm.com.ar\/noticias-villa-maria\/author\/contenido\/"}]}},"jetpack_featured_media_url":"https:\/\/i0.wp.com\/elregionalvm.com.ar\/noticias-villa-maria\/wp-content\/uploads\/2020\/07\/Rosso-Quinodoz-facebook-informe-jueves-3.jpg?fit=987%2C490&ssl=1","jetpack_sharing_enabled":true,"_links":{"self":[{"href":"https:\/\/elregionalvm.com.ar\/noticias-villa-maria\/wp-json\/wp\/v2\/posts\/20701","targetHints":{"allow":["GET"]}}],"collection":[{"href":"https:\/\/elregionalvm.com.ar\/noticias-villa-maria\/wp-json\/wp\/v2\/posts"}],"about":[{"href":"https:\/\/elregionalvm.com.ar\/noticias-villa-maria\/wp-json\/wp\/v2\/types\/post"}],"author":[{"embeddable":true,"href":"https:\/\/elregionalvm.com.ar\/noticias-villa-maria\/wp-json\/wp\/v2\/users\/4"}],"replies":[{"embeddable":true,"href":"https:\/\/elregionalvm.com.ar\/noticias-villa-maria\/wp-json\/wp\/v2\/comments?post=20701"}],"version-history":[{"count":4,"href":"https:\/\/elregionalvm.com.ar\/noticias-villa-maria\/wp-json\/wp\/v2\/posts\/20701\/revisions"}],"predecessor-version":[{"id":20708,"href":"https:\/\/elregionalvm.com.ar\/noticias-villa-maria\/wp-json\/wp\/v2\/posts\/20701\/revisions\/20708"}],"wp:featuredmedia":[{"embeddable":true,"href":"https:\/\/elregionalvm.com.ar\/noticias-villa-maria\/wp-json\/wp\/v2\/media\/20702"}],"wp:attachment":[{"href":"https:\/\/elregionalvm.com.ar\/noticias-villa-maria\/wp-json\/wp\/v2\/media?parent=20701"}],"wp:term":[{"taxonomy":"category","embeddable":true,"href":"https:\/\/elregionalvm.com.ar\/noticias-villa-maria\/wp-json\/wp\/v2\/categories?post=20701"},{"taxonomy":"post_tag","embeddable":true,"href":"https:\/\/elregionalvm.com.ar\/noticias-villa-maria\/wp-json\/wp\/v2\/tags?post=20701"}],"curies":[{"name":"wp","href":"https:\/\/api.w.org\/{rel}","templated":true}]}}