{"id":20713,"date":"2020-07-24T02:25:41","date_gmt":"2020-07-24T02:25:41","guid":{"rendered":"https:\/\/elregionalvm.com.ar\/noticias-villa-maria\/?p=20713"},"modified":"2020-07-26T00:03:50","modified_gmt":"2020-07-26T00:03:50","slug":"jean-maggi-el-condor-en-bicicleta-adaptada-que-trepo-el-himalaya","status":"publish","type":"post","link":"https:\/\/elregionalvm.com.ar\/noticias-villa-maria\/jean-maggi-el-condor-en-bicicleta-adaptada-que-trepo-el-himalaya\/","title":{"rendered":"Jean Maggi: El c\u00f3ndor en bicicleta adaptada que trep\u00f3 el Himalaya"},"content":{"rendered":"\n<p><strong>Un gladiador de la vida que tiene ra\u00edces villamarienses<\/strong>. <strong>Protagonista de una filme de Netflix, es hijo y nietos de vecinos de esta ciudad. <\/strong><\/p>\n\n\n\n<p><strong>Escribe: Miguel Andreis<\/strong><\/p>\n\n\n\n<p>El pasado domingo 19, en el programa de la FM Centro \u201cLa Rebeli\u00f3n de los Viejos\u201d, se estableci\u00f3 una comunicaci\u00f3n telef\u00f3nica con Jean Maggi (57). Casado, cinco hijos (Juan Ignacio, Camilo, Amparo, Catalina y Sara), quien, entre otras cosas, logr\u00f3 en una bicicleta adaptada para personas con capacidades diferentes, alcanzar la mayor altura que individuo alguno conquistara: hizo cumbre en el Himalaya.<\/p>\n\n\n\n<p>Este cordob\u00e9s que adquiriera notoriedad en el orden mundial, entre otras cosas, con el filme que lo tiene como protagonista y que dirigiera Juan Jos\u00e9 Campanella, \u201cEl L\u00edmite infinito\u201d, sin dudas demuestra que \u00e9l es uno m\u00e1s encerrado en aquel viejo axioma del \u201cHombre y sus circunstancias\u201d.<\/p>\n\n\n\n<p>La pel\u00edcula sobre este fana de Talleres, dura 47 minutos, una extensi\u00f3n pedag\u00f3gica, de esfuerzo y convicciones en una interminable lucha contra la adversidad. Conmovedora y ejemplificadora. Eso es lo que se puede observar en Jean, un deportista con estrechos lazos con Villa Mar\u00eda.<\/p>\n\n\n\n<p>Jean, es hijo del ingeniero Coqui Maggi y Nelia Arp\u00f3n, todos de Villa Mar\u00eda, al igual que sus abuelos. Familias tradicionales de esta geograf\u00eda. A lo largo de la entrevista siempre deja parpadear alg\u00fan recuerdo de su ni\u00f1ez, adolescencia y juventud en nuestra ciudad. De sus t\u00edos y primos. Donde casi todas las semanas la salida de rigor era venir de la Docta a pasear a este terru\u00f1o. Las vacaciones y sus largas horas en el Sport Club. &nbsp;Las vivencias con sus cuatro abuelos\u2026<\/p>\n\n\n\n<p>Comenzar a desandar los d\u00edas de este gladiador de la vida, por momentos -como en la pel\u00edcula-, su existencia se vuelve estremecedora, cargando un mensaje de dos rostros que lo forjaron. El de la ni\u00f1ez, cuando al a\u00f1o lo atac\u00f3 la poliomielitis, tom\u00e1ndole sus miembros inferiores, que se los dejara, no solo d\u00e9biles sino acotados de movimientos. La lucha para salir adelante. Los tratamientos interminables y generalmente cruentos. Siempre dispuesto a la batalla.<\/p>\n\n\n\n<p>\u201cMucho de lo que soy se lo debo a mis padres, que me inculcaron el arreglarme solo para todo\u2026\u201d, explica.<\/p>\n\n\n\n<p>El otro factor es una palabra, que, siendo ni\u00f1o, le sirvi\u00f3 de bistur\u00ed y anab\u00f3lico a la vez: \u201cNunca me olvidar\u00e9 cuando la gente me ve\u00eda caminar con mucha dificultad, siempre estaba aquel o aquella, a qui\u00e9n le sal\u00eda \u00b4pobrecito\u00b4, Y yo no quer\u00eda ser pobrecito, quer\u00eda ser un chico m\u00e1s. Pero eso me fortific\u00f3 para cualquier contienda que se me presentara\u201d, narra.&nbsp; Largas cirug\u00edas que lo manten\u00edan postrado por meses.<\/p>\n\n\n\n<p>En la actualidad conduce la \u201cFundaci\u00f3n Jean Maggi\u201d, donde fabrican bicicletas especiales adaptadas para ni\u00f1os que no se pueden trasladar por sus propios medios. Todos los meses se entregan varias sin cargo. A Villa Mar\u00eda le toc\u00f3 dos el pasado mes. <\/p>\n\n\n\n<figure class=\"wp-block-image size-large is-resized\"><img data-recalc-dims=\"1\" fetchpriority=\"high\" decoding=\"async\" src=\"https:\/\/i0.wp.com\/elregionalvm.com.ar\/noticias-villa-maria\/wp-content\/uploads\/2020\/07\/Ayel%C3%A9n-bici-adaptada.jpeg?resize=627%2C796&#038;ssl=1\" alt=\"\" class=\"wp-image-20714\" width=\"627\" height=\"796\" srcset=\"https:\/\/i0.wp.com\/elregionalvm.com.ar\/noticias-villa-maria\/wp-content\/uploads\/2020\/07\/Ayel%C3%A9n-bici-adaptada.jpeg?resize=806%2C1024&amp;ssl=1 806w, https:\/\/i0.wp.com\/elregionalvm.com.ar\/noticias-villa-maria\/wp-content\/uploads\/2020\/07\/Ayel%C3%A9n-bici-adaptada.jpeg?resize=236%2C300&amp;ssl=1 236w, https:\/\/i0.wp.com\/elregionalvm.com.ar\/noticias-villa-maria\/wp-content\/uploads\/2020\/07\/Ayel%C3%A9n-bici-adaptada.jpeg?resize=768%2C976&amp;ssl=1 768w, https:\/\/i0.wp.com\/elregionalvm.com.ar\/noticias-villa-maria\/wp-content\/uploads\/2020\/07\/Ayel%C3%A9n-bici-adaptada.jpeg?w=843&amp;ssl=1 843w\" sizes=\"(max-width: 627px) 100vw, 627px\" \/><figcaption><em>Jean Maggi con Ayel\u00e9n, una de las villamarienses beneficiadas con una bicicleta adaptada entregada por la fundaci\u00f3n que preside.<\/em> <\/figcaption><\/figure>\n\n\n\n<p><strong><a href=\"https:\/\/elregionalvm.com.ar\/noticias-villa-maria\/videos-ayelen-recibio-una-bicicleta-adaptada-de-la-fundacion-jean-maggi\/\">Le\u00e9 m\u00e1s: La historia de Ayel\u00e9n, la villamariense que recibi\u00f3 una bicicleta de la Fundaci\u00f3n Jean Maggi<\/a><\/strong><\/p>\n\n\n\n<p>El pedaleo es a mano. Con una de esas, especialmente preparada, trep\u00f3 ese tan inh\u00f3spito lugar: el Himalaya.<\/p>\n\n\n\n<p>Hab\u00eda comenzado compitiendo en EE.UU., Nueva York, Roma; jug\u00f3 al tenis, al b\u00e1squet, se sum\u00f3 al equipo de esquiadores, concurri\u00f3 a los Juegos Paraol\u00edmpicos. Cruz\u00f3 Los Andes a caballo. Siempre una meta comprometida para su cuerpo y su psiquis.<\/p>\n\n\n\n<p><strong>Gracias al infarto viv\u00ed<\/strong><\/p>\n\n\n\n<p>Detalla que: \u201cLo que para otros es del final de una vida plena, para m\u00ed fue el nacimiento a una existencia sin fronteras. Sin l\u00edmites. No hab\u00eda llevado una historia ordenada, cigarrillos, comidas, sedentarismo, sue\u00f1os entrecortados, hasta que a los 37 a\u00f1os me dio un infarto. De ah\u00ed en m\u00e1s, comenc\u00e9 a habitarme interiormente. Comprender que la cuesti\u00f3n no es perdurar, sino sentir la existencia a pleno. A quererme un poco m\u00e1s y a valorar de distinta manera a la familia\u201d.<\/p>\n\n\n\n<p>\u201cEl gimnasio, la bicicleta, los objetivos salieron a flote. Desde entonces y, parad\u00f3jicamente, gracias al infarto me transform\u00e9 en alguien que no aceptaba las demarcaciones. Todo cambi\u00f3. Vinieron las competencias. Una preparaci\u00f3n f\u00edsica con mi profe; poner la cabeza a tono\u201d, relata.<\/p>\n\n\n\n<p><strong>En busca del alto objetivo<\/strong><\/p>\n\n\n\n<p>Varios meses le llev\u00f3 la gestaci\u00f3n y preparativos, despu\u00e9s que alguien lo incentivara con el animarse el monumental Himalaya. Jean, temerario por convicci\u00f3n, se hab\u00eda atrevido a tantos duelos, que no dud\u00f3 en comenzar el lento camino de sue\u00f1os que se transforman en realidades. &nbsp;<\/p>\n\n\n\n<p>Atr\u00e1s fue dejando sus atisbos de orgullo, bronca y enojos consigo mismo. Comenzar de nuevo, siempre destac\u00e1ndose en cualquier orden del deporte adaptado.<\/p>\n\n\n\n<p>Cuando describe los momentos que antecedieron al inicio de la gran trepada comenta: \u201cAlcanzar la cima fueron once d\u00edas, mientras tanto ah\u00ed se acaba lo imaginario y comienza la realidad. Olv\u00eddate de ba\u00f1arte. La monta\u00f1a te vuelve insignificante. Eran entre 10 y 12 horas de pedaleo por d\u00eda. En trepada. Las manos por momentos no se sienten. Es por entonces que me retumbaba la palabra \u2018pobrecito\u2019. Pero extra\u00f1amente es como que la misma me empujaba\u2026\u201d<\/p>\n\n\n\n<p><strong>Cuando se le pregunta si volver\u00eda a subir al Himalaya, la respuesta de t\u00edpico tono cordob\u00e9s le pone la imprescindible dosis de humor: \u201cNi en pedo\u2026\u201d<\/strong><\/p>\n\n\n\n<p>Su otro objetivo es dar batalla a la indiferencia, que no pocas veces baja desde la cultura y el poder, sobre el tema discapacidad. \u201cHay que inculcar el s\u00ed se puede. Eso tambi\u00e9n depende de nosotros\u201d.<\/p>\n\n\n\n<p>Relata la necesidad de estar con su familia. \u201cQue nunca dej\u00f3 de tener miedo, pero hab\u00eda que superarlo\u201d.<\/p>\n\n\n\n<p>El Papa Francisco lo invit\u00f3 al Vaticano. Le envi\u00f3 una carta cont\u00e1ndole su vida. A los pocos d\u00edas de regresar estaba junto a su esposa entreg\u00e1ndole el celuloide al Sumo Pont\u00edfice, de su traves\u00eda \u201cChallenge Himalaya\u201d.<\/p>\n\n\n\n<p>No se siente ejemplo. \u201cNo hay lugar para la tristeza personal, reflexiona, el deporte siempre es gozo, por grandioso que sea el esfuerzo\u201d.<\/p>\n\n\n\n<p>No es un protagonista de ciencia ficci\u00f3n, apenas un hombre que, cuando el final parec\u00eda haberle llegado, abri\u00f3 la puerta y se encontr\u00f3 con la VIDA\u2026<\/p>\n\n\n\n<p><\/p>\n\n\n\n<p><strong>Mir\u00e1 el trailer del filme \u00abEl l\u00edmite infinito\u00bb que lo tiene como protagonista<\/strong>: <\/p>\n\n\n\n<figure class=\"wp-block-embed-youtube wp-block-embed is-type-video is-provider-youtube wp-embed-aspect-16-9 wp-has-aspect-ratio\"><div class=\"wp-block-embed__wrapper\">\n<iframe title=\"Trailer &quot;El limite infinito&quot;\" width=\"500\" height=\"281\" src=\"https:\/\/www.youtube.com\/embed\/HL3uL50ApY8?feature=oembed\" frameborder=\"0\" allow=\"accelerometer; autoplay; clipboard-write; encrypted-media; gyroscope; picture-in-picture; web-share\" referrerpolicy=\"strict-origin-when-cross-origin\" allowfullscreen><\/iframe>\n<\/div><\/figure>\n","protected":false},"excerpt":{"rendered":"<p>Un gladiador de la vida que tiene ra\u00edces villamarienses. Protagonista de una filme de Netflix, es hijo y nietos de vecinos de esta ciudad. Escribe: Miguel Andreis El pasado domingo 19, en el programa de la FM Centro \u201cLa Rebeli\u00f3n de los Viejos\u201d, se estableci\u00f3 una comunicaci\u00f3n telef\u00f3nica con Jean Maggi (57). Casado, cinco hijos [&hellip;]<\/p>\n","protected":false},"author":5,"featured_media":20860,"comment_status":"open","ping_status":"open","sticky":false,"template":"","format":"standard","meta":{"site-sidebar-layout":"default","site-content-layout":"default","ast-site-content-layout":"default","site-content-style":"default","site-sidebar-style":"default","ast-global-header-display":"","ast-banner-title-visibility":"","ast-main-header-display":"","ast-hfb-above-header-display":"","ast-hfb-below-header-display":"","ast-hfb-mobile-header-display":"","site-post-title":"","ast-breadcrumbs-content":"","ast-featured-img":"","footer-sml-layout":"","ast-disable-related-posts":"","theme-transparent-header-meta":"default","adv-header-id-meta":"","stick-header-meta":"","header-above-stick-meta":"","header-main-stick-meta":"","header-below-stick-meta":"","astra-migrate-meta-layouts":"default","ast-page-background-enabled":"default","ast-page-background-meta":{"desktop":{"background-color":"","background-image":"","background-repeat":"repeat","background-position":"center center","background-size":"auto","background-attachment":"scroll","background-type":"","background-media":"","overlay-type":"","overlay-color":"","overlay-opacity":"","overlay-gradient":""},"tablet":{"background-color":"","background-image":"","background-repeat":"repeat","background-position":"center center","background-size":"auto","background-attachment":"scroll","background-type":"","background-media":"","overlay-type":"","overlay-color":"","overlay-opacity":"","overlay-gradient":""},"mobile":{"background-color":"","background-image":"","background-repeat":"repeat","background-position":"center center","background-size":"auto","background-attachment":"scroll","background-type":"","background-media":"","overlay-type":"","overlay-color":"","overlay-opacity":"","overlay-gradient":""}},"ast-content-background-meta":{"desktop":{"background-color":"var(--ast-global-color-5)","background-image":"","background-repeat":"repeat","background-position":"center center","background-size":"auto","background-attachment":"scroll","background-type":"","background-media":"","overlay-type":"","overlay-color":"","overlay-opacity":"","overlay-gradient":""},"tablet":{"background-color":"var(--ast-global-color-5)","background-image":"","background-repeat":"repeat","background-position":"center center","background-size":"auto","background-attachment":"scroll","background-type":"","background-media":"","overlay-type":"","overlay-color":"","overlay-opacity":"","overlay-gradient":""},"mobile":{"background-color":"var(--ast-global-color-5)","background-image":"","background-repeat":"repeat","background-position":"center center","background-size":"auto","background-attachment":"scroll","background-type":"","background-media":"","overlay-type":"","overlay-color":"","overlay-opacity":"","overlay-gradient":""}},"_jetpack_memberships_contains_paid_content":false,"_joinchat":[],"footnotes":""},"categories":[2098,2323],"tags":[2601,2602,2816,2815,1856,1602],"class_list":["post-20713","post","type-post","status-publish","format-standard","has-post-thumbnail","hentry","category-historias","category-notas-secundarias","tag-bicicleta-adaptada","tag-fundacion-jean-maggi","tag-juan-jose-campanella","tag-limite-infinito","tag-netflix","tag-villamarienses"],"yoast_head":"<!-- This site is optimized with the Yoast SEO plugin v26.8 - https:\/\/yoast.com\/product\/yoast-seo-wordpress\/ -->\n<title>Jean Maggi: El c\u00f3ndor en bicicleta adaptada que trep\u00f3 el Himalaya - El Regional<\/title>\n<meta name=\"robots\" content=\"index, follow, max-snippet:-1, max-image-preview:large, max-video-preview:-1\" \/>\n<link rel=\"canonical\" href=\"http:\/\/elregionalvm.com.ar\/noticias-villa-maria\/jean-maggi-el-condor-en-bicicleta-adaptada-que-trepo-el-himalaya\/\" \/>\n<meta property=\"og:locale\" content=\"es_ES\" \/>\n<meta property=\"og:type\" content=\"article\" \/>\n<meta property=\"og:title\" content=\"Jean Maggi: El c\u00f3ndor en bicicleta adaptada que trep\u00f3 el Himalaya - El Regional\" \/>\n<meta property=\"og:description\" content=\"Un gladiador de la vida que tiene ra\u00edces villamarienses. Protagonista de una filme de Netflix, es hijo y nietos de vecinos de esta ciudad. Escribe: Miguel Andreis El pasado domingo 19, en el programa de la FM Centro \u201cLa Rebeli\u00f3n de los Viejos\u201d, se estableci\u00f3 una comunicaci\u00f3n telef\u00f3nica con Jean Maggi (57). Casado, cinco hijos [&hellip;]\" \/>\n<meta property=\"og:url\" content=\"http:\/\/elregionalvm.com.ar\/noticias-villa-maria\/jean-maggi-el-condor-en-bicicleta-adaptada-que-trepo-el-himalaya\/\" \/>\n<meta property=\"og:site_name\" content=\"El Regional\" \/>\n<meta property=\"article:publisher\" content=\"https:\/\/www.facebook.com\/elregionalvm\" \/>\n<meta property=\"article:published_time\" content=\"2020-07-24T02:25:41+00:00\" \/>\n<meta property=\"article:modified_time\" content=\"2020-07-26T00:03:50+00:00\" \/>\n<meta property=\"og:image\" content=\"http:\/\/elregionalvm.com.ar\/noticias-villa-maria\/wp-content\/uploads\/2020\/07\/GENTE-JEAN-MAGGI-APERTURA-1.jpg\" \/>\n\t<meta property=\"og:image:width\" content=\"1920\" \/>\n\t<meta property=\"og:image:height\" content=\"1080\" \/>\n\t<meta property=\"og:image:type\" content=\"image\/jpeg\" \/>\n<meta name=\"author\" content=\"Miguel Andreis\" \/>\n<meta name=\"twitter:card\" content=\"summary_large_image\" \/>\n<meta name=\"twitter:creator\" content=\"@elregionalvm1\" \/>\n<meta name=\"twitter:site\" content=\"@elregionalvm1\" \/>\n<meta name=\"twitter:label1\" content=\"Escrito por\" \/>\n\t<meta name=\"twitter:data1\" content=\"Miguel Andreis\" \/>\n\t<meta name=\"twitter:label2\" content=\"Tiempo de lectura\" \/>\n\t<meta name=\"twitter:data2\" content=\"6 minutos\" \/>\n<script type=\"application\/ld+json\" class=\"yoast-schema-graph\">{\"@context\":\"https:\/\/schema.org\",\"@graph\":[{\"@type\":\"Article\",\"@id\":\"http:\/\/elregionalvm.com.ar\/noticias-villa-maria\/jean-maggi-el-condor-en-bicicleta-adaptada-que-trepo-el-himalaya\/#article\",\"isPartOf\":{\"@id\":\"http:\/\/elregionalvm.com.ar\/noticias-villa-maria\/jean-maggi-el-condor-en-bicicleta-adaptada-que-trepo-el-himalaya\/\"},\"author\":{\"name\":\"Miguel Andreis\",\"@id\":\"http:\/\/elregionalvm.com.ar\/noticias-villa-maria\/#\/schema\/person\/df5ff3f005acf29788aed9cb359f1193\"},\"headline\":\"Jean Maggi: El c\u00f3ndor en bicicleta adaptada que trep\u00f3 el Himalaya\",\"datePublished\":\"2020-07-24T02:25:41+00:00\",\"dateModified\":\"2020-07-26T00:03:50+00:00\",\"mainEntityOfPage\":{\"@id\":\"http:\/\/elregionalvm.com.ar\/noticias-villa-maria\/jean-maggi-el-condor-en-bicicleta-adaptada-que-trepo-el-himalaya\/\"},\"wordCount\":1112,\"commentCount\":0,\"image\":{\"@id\":\"http:\/\/elregionalvm.com.ar\/noticias-villa-maria\/jean-maggi-el-condor-en-bicicleta-adaptada-que-trepo-el-himalaya\/#primaryimage\"},\"thumbnailUrl\":\"https:\/\/i0.wp.com\/elregionalvm.com.ar\/noticias-villa-maria\/wp-content\/uploads\/2020\/07\/GENTE-JEAN-MAGGI-APERTURA-1.jpg?fit=1920%2C1080&ssl=1\",\"keywords\":[\"bicicleta adaptada\",\"Fundaci\u00f3n Jean Maggi\",\"Juan Jos\u00e9 Campanella\",\"L\u00edmite infinito\",\"Netflix\",\"villamarienses\"],\"articleSection\":[\"Historias\",\"Notas\"],\"inLanguage\":\"es\",\"potentialAction\":[{\"@type\":\"CommentAction\",\"name\":\"Comment\",\"target\":[\"http:\/\/elregionalvm.com.ar\/noticias-villa-maria\/jean-maggi-el-condor-en-bicicleta-adaptada-que-trepo-el-himalaya\/#respond\"]}]},{\"@type\":\"WebPage\",\"@id\":\"http:\/\/elregionalvm.com.ar\/noticias-villa-maria\/jean-maggi-el-condor-en-bicicleta-adaptada-que-trepo-el-himalaya\/\",\"url\":\"http:\/\/elregionalvm.com.ar\/noticias-villa-maria\/jean-maggi-el-condor-en-bicicleta-adaptada-que-trepo-el-himalaya\/\",\"name\":\"Jean Maggi: El c\u00f3ndor en bicicleta adaptada que trep\u00f3 el Himalaya - El Regional\",\"isPartOf\":{\"@id\":\"http:\/\/elregionalvm.com.ar\/noticias-villa-maria\/#website\"},\"primaryImageOfPage\":{\"@id\":\"http:\/\/elregionalvm.com.ar\/noticias-villa-maria\/jean-maggi-el-condor-en-bicicleta-adaptada-que-trepo-el-himalaya\/#primaryimage\"},\"image\":{\"@id\":\"http:\/\/elregionalvm.com.ar\/noticias-villa-maria\/jean-maggi-el-condor-en-bicicleta-adaptada-que-trepo-el-himalaya\/#primaryimage\"},\"thumbnailUrl\":\"https:\/\/i0.wp.com\/elregionalvm.com.ar\/noticias-villa-maria\/wp-content\/uploads\/2020\/07\/GENTE-JEAN-MAGGI-APERTURA-1.jpg?fit=1920%2C1080&ssl=1\",\"datePublished\":\"2020-07-24T02:25:41+00:00\",\"dateModified\":\"2020-07-26T00:03:50+00:00\",\"author\":{\"@id\":\"http:\/\/elregionalvm.com.ar\/noticias-villa-maria\/#\/schema\/person\/df5ff3f005acf29788aed9cb359f1193\"},\"breadcrumb\":{\"@id\":\"http:\/\/elregionalvm.com.ar\/noticias-villa-maria\/jean-maggi-el-condor-en-bicicleta-adaptada-que-trepo-el-himalaya\/#breadcrumb\"},\"inLanguage\":\"es\",\"potentialAction\":[{\"@type\":\"ReadAction\",\"target\":[\"http:\/\/elregionalvm.com.ar\/noticias-villa-maria\/jean-maggi-el-condor-en-bicicleta-adaptada-que-trepo-el-himalaya\/\"]}]},{\"@type\":\"ImageObject\",\"inLanguage\":\"es\",\"@id\":\"http:\/\/elregionalvm.com.ar\/noticias-villa-maria\/jean-maggi-el-condor-en-bicicleta-adaptada-que-trepo-el-himalaya\/#primaryimage\",\"url\":\"https:\/\/i0.wp.com\/elregionalvm.com.ar\/noticias-villa-maria\/wp-content\/uploads\/2020\/07\/GENTE-JEAN-MAGGI-APERTURA-1.jpg?fit=1920%2C1080&ssl=1\",\"contentUrl\":\"https:\/\/i0.wp.com\/elregionalvm.com.ar\/noticias-villa-maria\/wp-content\/uploads\/2020\/07\/GENTE-JEAN-MAGGI-APERTURA-1.jpg?fit=1920%2C1080&ssl=1\",\"width\":1920,\"height\":1080},{\"@type\":\"BreadcrumbList\",\"@id\":\"http:\/\/elregionalvm.com.ar\/noticias-villa-maria\/jean-maggi-el-condor-en-bicicleta-adaptada-que-trepo-el-himalaya\/#breadcrumb\",\"itemListElement\":[{\"@type\":\"ListItem\",\"position\":1,\"name\":\"Portada\",\"item\":\"https:\/\/elregionalvm.com.ar\/noticias-villa-maria\/\"},{\"@type\":\"ListItem\",\"position\":2,\"name\":\"Jean Maggi: El c\u00f3ndor en bicicleta adaptada que trep\u00f3 el Himalaya\"}]},{\"@type\":\"WebSite\",\"@id\":\"http:\/\/elregionalvm.com.ar\/noticias-villa-maria\/#website\",\"url\":\"http:\/\/elregionalvm.com.ar\/noticias-villa-maria\/\",\"name\":\"El Regional\",\"description\":\"Mucho m\u00e1s que informaci\u00f3n\",\"potentialAction\":[{\"@type\":\"SearchAction\",\"target\":{\"@type\":\"EntryPoint\",\"urlTemplate\":\"http:\/\/elregionalvm.com.ar\/noticias-villa-maria\/?s={search_term_string}\"},\"query-input\":{\"@type\":\"PropertyValueSpecification\",\"valueRequired\":true,\"valueName\":\"search_term_string\"}}],\"inLanguage\":\"es\"},{\"@type\":\"Person\",\"@id\":\"http:\/\/elregionalvm.com.ar\/noticias-villa-maria\/#\/schema\/person\/df5ff3f005acf29788aed9cb359f1193\",\"name\":\"Miguel Andreis\",\"image\":{\"@type\":\"ImageObject\",\"inLanguage\":\"es\",\"@id\":\"http:\/\/elregionalvm.com.ar\/noticias-villa-maria\/#\/schema\/person\/image\/\",\"url\":\"https:\/\/secure.gravatar.com\/avatar\/c643381cd03da38327c6407e6886e7182d881f2ecf94a7902ca262c41f9d8884?s=96&d=mm&r=g\",\"contentUrl\":\"https:\/\/secure.gravatar.com\/avatar\/c643381cd03da38327c6407e6886e7182d881f2ecf94a7902ca262c41f9d8884?s=96&d=mm&r=g\",\"caption\":\"Miguel Andreis\"},\"url\":\"https:\/\/elregionalvm.com.ar\/noticias-villa-maria\/author\/miguelandreis\/\"}]}<\/script>\n<!-- \/ Yoast SEO plugin. -->","yoast_head_json":{"title":"Jean Maggi: El c\u00f3ndor en bicicleta adaptada que trep\u00f3 el Himalaya - El Regional","robots":{"index":"index","follow":"follow","max-snippet":"max-snippet:-1","max-image-preview":"max-image-preview:large","max-video-preview":"max-video-preview:-1"},"canonical":"http:\/\/elregionalvm.com.ar\/noticias-villa-maria\/jean-maggi-el-condor-en-bicicleta-adaptada-que-trepo-el-himalaya\/","og_locale":"es_ES","og_type":"article","og_title":"Jean Maggi: El c\u00f3ndor en bicicleta adaptada que trep\u00f3 el Himalaya - El Regional","og_description":"Un gladiador de la vida que tiene ra\u00edces villamarienses. Protagonista de una filme de Netflix, es hijo y nietos de vecinos de esta ciudad. Escribe: Miguel Andreis El pasado domingo 19, en el programa de la FM Centro \u201cLa Rebeli\u00f3n de los Viejos\u201d, se estableci\u00f3 una comunicaci\u00f3n telef\u00f3nica con Jean Maggi (57). Casado, cinco hijos [&hellip;]","og_url":"http:\/\/elregionalvm.com.ar\/noticias-villa-maria\/jean-maggi-el-condor-en-bicicleta-adaptada-que-trepo-el-himalaya\/","og_site_name":"El Regional","article_publisher":"https:\/\/www.facebook.com\/elregionalvm","article_published_time":"2020-07-24T02:25:41+00:00","article_modified_time":"2020-07-26T00:03:50+00:00","og_image":[{"width":1920,"height":1080,"url":"http:\/\/elregionalvm.com.ar\/noticias-villa-maria\/wp-content\/uploads\/2020\/07\/GENTE-JEAN-MAGGI-APERTURA-1.jpg","type":"image\/jpeg"}],"author":"Miguel Andreis","twitter_card":"summary_large_image","twitter_creator":"@elregionalvm1","twitter_site":"@elregionalvm1","twitter_misc":{"Escrito por":"Miguel Andreis","Tiempo de lectura":"6 minutos"},"schema":{"@context":"https:\/\/schema.org","@graph":[{"@type":"Article","@id":"http:\/\/elregionalvm.com.ar\/noticias-villa-maria\/jean-maggi-el-condor-en-bicicleta-adaptada-que-trepo-el-himalaya\/#article","isPartOf":{"@id":"http:\/\/elregionalvm.com.ar\/noticias-villa-maria\/jean-maggi-el-condor-en-bicicleta-adaptada-que-trepo-el-himalaya\/"},"author":{"name":"Miguel Andreis","@id":"http:\/\/elregionalvm.com.ar\/noticias-villa-maria\/#\/schema\/person\/df5ff3f005acf29788aed9cb359f1193"},"headline":"Jean Maggi: El c\u00f3ndor en bicicleta adaptada que trep\u00f3 el Himalaya","datePublished":"2020-07-24T02:25:41+00:00","dateModified":"2020-07-26T00:03:50+00:00","mainEntityOfPage":{"@id":"http:\/\/elregionalvm.com.ar\/noticias-villa-maria\/jean-maggi-el-condor-en-bicicleta-adaptada-que-trepo-el-himalaya\/"},"wordCount":1112,"commentCount":0,"image":{"@id":"http:\/\/elregionalvm.com.ar\/noticias-villa-maria\/jean-maggi-el-condor-en-bicicleta-adaptada-que-trepo-el-himalaya\/#primaryimage"},"thumbnailUrl":"https:\/\/i0.wp.com\/elregionalvm.com.ar\/noticias-villa-maria\/wp-content\/uploads\/2020\/07\/GENTE-JEAN-MAGGI-APERTURA-1.jpg?fit=1920%2C1080&ssl=1","keywords":["bicicleta adaptada","Fundaci\u00f3n Jean Maggi","Juan Jos\u00e9 Campanella","L\u00edmite infinito","Netflix","villamarienses"],"articleSection":["Historias","Notas"],"inLanguage":"es","potentialAction":[{"@type":"CommentAction","name":"Comment","target":["http:\/\/elregionalvm.com.ar\/noticias-villa-maria\/jean-maggi-el-condor-en-bicicleta-adaptada-que-trepo-el-himalaya\/#respond"]}]},{"@type":"WebPage","@id":"http:\/\/elregionalvm.com.ar\/noticias-villa-maria\/jean-maggi-el-condor-en-bicicleta-adaptada-que-trepo-el-himalaya\/","url":"http:\/\/elregionalvm.com.ar\/noticias-villa-maria\/jean-maggi-el-condor-en-bicicleta-adaptada-que-trepo-el-himalaya\/","name":"Jean Maggi: El c\u00f3ndor en bicicleta adaptada que trep\u00f3 el Himalaya - El Regional","isPartOf":{"@id":"http:\/\/elregionalvm.com.ar\/noticias-villa-maria\/#website"},"primaryImageOfPage":{"@id":"http:\/\/elregionalvm.com.ar\/noticias-villa-maria\/jean-maggi-el-condor-en-bicicleta-adaptada-que-trepo-el-himalaya\/#primaryimage"},"image":{"@id":"http:\/\/elregionalvm.com.ar\/noticias-villa-maria\/jean-maggi-el-condor-en-bicicleta-adaptada-que-trepo-el-himalaya\/#primaryimage"},"thumbnailUrl":"https:\/\/i0.wp.com\/elregionalvm.com.ar\/noticias-villa-maria\/wp-content\/uploads\/2020\/07\/GENTE-JEAN-MAGGI-APERTURA-1.jpg?fit=1920%2C1080&ssl=1","datePublished":"2020-07-24T02:25:41+00:00","dateModified":"2020-07-26T00:03:50+00:00","author":{"@id":"http:\/\/elregionalvm.com.ar\/noticias-villa-maria\/#\/schema\/person\/df5ff3f005acf29788aed9cb359f1193"},"breadcrumb":{"@id":"http:\/\/elregionalvm.com.ar\/noticias-villa-maria\/jean-maggi-el-condor-en-bicicleta-adaptada-que-trepo-el-himalaya\/#breadcrumb"},"inLanguage":"es","potentialAction":[{"@type":"ReadAction","target":["http:\/\/elregionalvm.com.ar\/noticias-villa-maria\/jean-maggi-el-condor-en-bicicleta-adaptada-que-trepo-el-himalaya\/"]}]},{"@type":"ImageObject","inLanguage":"es","@id":"http:\/\/elregionalvm.com.ar\/noticias-villa-maria\/jean-maggi-el-condor-en-bicicleta-adaptada-que-trepo-el-himalaya\/#primaryimage","url":"https:\/\/i0.wp.com\/elregionalvm.com.ar\/noticias-villa-maria\/wp-content\/uploads\/2020\/07\/GENTE-JEAN-MAGGI-APERTURA-1.jpg?fit=1920%2C1080&ssl=1","contentUrl":"https:\/\/i0.wp.com\/elregionalvm.com.ar\/noticias-villa-maria\/wp-content\/uploads\/2020\/07\/GENTE-JEAN-MAGGI-APERTURA-1.jpg?fit=1920%2C1080&ssl=1","width":1920,"height":1080},{"@type":"BreadcrumbList","@id":"http:\/\/elregionalvm.com.ar\/noticias-villa-maria\/jean-maggi-el-condor-en-bicicleta-adaptada-que-trepo-el-himalaya\/#breadcrumb","itemListElement":[{"@type":"ListItem","position":1,"name":"Portada","item":"https:\/\/elregionalvm.com.ar\/noticias-villa-maria\/"},{"@type":"ListItem","position":2,"name":"Jean Maggi: El c\u00f3ndor en bicicleta adaptada que trep\u00f3 el Himalaya"}]},{"@type":"WebSite","@id":"http:\/\/elregionalvm.com.ar\/noticias-villa-maria\/#website","url":"http:\/\/elregionalvm.com.ar\/noticias-villa-maria\/","name":"El Regional","description":"Mucho m\u00e1s que informaci\u00f3n","potentialAction":[{"@type":"SearchAction","target":{"@type":"EntryPoint","urlTemplate":"http:\/\/elregionalvm.com.ar\/noticias-villa-maria\/?s={search_term_string}"},"query-input":{"@type":"PropertyValueSpecification","valueRequired":true,"valueName":"search_term_string"}}],"inLanguage":"es"},{"@type":"Person","@id":"http:\/\/elregionalvm.com.ar\/noticias-villa-maria\/#\/schema\/person\/df5ff3f005acf29788aed9cb359f1193","name":"Miguel Andreis","image":{"@type":"ImageObject","inLanguage":"es","@id":"http:\/\/elregionalvm.com.ar\/noticias-villa-maria\/#\/schema\/person\/image\/","url":"https:\/\/secure.gravatar.com\/avatar\/c643381cd03da38327c6407e6886e7182d881f2ecf94a7902ca262c41f9d8884?s=96&d=mm&r=g","contentUrl":"https:\/\/secure.gravatar.com\/avatar\/c643381cd03da38327c6407e6886e7182d881f2ecf94a7902ca262c41f9d8884?s=96&d=mm&r=g","caption":"Miguel Andreis"},"url":"https:\/\/elregionalvm.com.ar\/noticias-villa-maria\/author\/miguelandreis\/"}]}},"jetpack_featured_media_url":"https:\/\/i0.wp.com\/elregionalvm.com.ar\/noticias-villa-maria\/wp-content\/uploads\/2020\/07\/GENTE-JEAN-MAGGI-APERTURA-1.jpg?fit=1920%2C1080&ssl=1","jetpack_sharing_enabled":true,"_links":{"self":[{"href":"https:\/\/elregionalvm.com.ar\/noticias-villa-maria\/wp-json\/wp\/v2\/posts\/20713","targetHints":{"allow":["GET"]}}],"collection":[{"href":"https:\/\/elregionalvm.com.ar\/noticias-villa-maria\/wp-json\/wp\/v2\/posts"}],"about":[{"href":"https:\/\/elregionalvm.com.ar\/noticias-villa-maria\/wp-json\/wp\/v2\/types\/post"}],"author":[{"embeddable":true,"href":"https:\/\/elregionalvm.com.ar\/noticias-villa-maria\/wp-json\/wp\/v2\/users\/5"}],"replies":[{"embeddable":true,"href":"https:\/\/elregionalvm.com.ar\/noticias-villa-maria\/wp-json\/wp\/v2\/comments?post=20713"}],"version-history":[{"count":2,"href":"https:\/\/elregionalvm.com.ar\/noticias-villa-maria\/wp-json\/wp\/v2\/posts\/20713\/revisions"}],"predecessor-version":[{"id":20716,"href":"https:\/\/elregionalvm.com.ar\/noticias-villa-maria\/wp-json\/wp\/v2\/posts\/20713\/revisions\/20716"}],"wp:featuredmedia":[{"embeddable":true,"href":"https:\/\/elregionalvm.com.ar\/noticias-villa-maria\/wp-json\/wp\/v2\/media\/20860"}],"wp:attachment":[{"href":"https:\/\/elregionalvm.com.ar\/noticias-villa-maria\/wp-json\/wp\/v2\/media?parent=20713"}],"wp:term":[{"taxonomy":"category","embeddable":true,"href":"https:\/\/elregionalvm.com.ar\/noticias-villa-maria\/wp-json\/wp\/v2\/categories?post=20713"},{"taxonomy":"post_tag","embeddable":true,"href":"https:\/\/elregionalvm.com.ar\/noticias-villa-maria\/wp-json\/wp\/v2\/tags?post=20713"}],"curies":[{"name":"wp","href":"https:\/\/api.w.org\/{rel}","templated":true}]}}