{"id":20748,"date":"2020-07-24T18:30:24","date_gmt":"2020-07-24T18:30:24","guid":{"rendered":"https:\/\/elregionalvm.com.ar\/noticias-villa-maria\/?p=20748"},"modified":"2020-07-24T18:30:24","modified_gmt":"2020-07-24T18:30:24","slug":"convenio-con-nestle-para-mejorar-tratamiento-de-residuos","status":"publish","type":"post","link":"https:\/\/elregionalvm.com.ar\/noticias-villa-maria\/convenio-con-nestle-para-mejorar-tratamiento-de-residuos\/","title":{"rendered":"Convenio con Nestl\u00e9 para mejorar tratamiento de residuos"},"content":{"rendered":"\n<p>El intendente Natalio Graglia encabez\u00f3 una nueva reuni\u00f3n con autoridades de la planta local de Nestl\u00e9, para avanzar con la segunda etapa del plan conjunto para mejorar la gesti\u00f3n y el tratamiento de los residuos s\u00f3lidos urbanos de Villa Nueva. <\/p>\n\n\n\n<p>Esta fase incluye tareas de capacitaci\u00f3n y ejecuci\u00f3n de pol\u00edticas p\u00fablicas orientadas a la mejora del tratamiento de la basura generada en la ciudad. <\/p>\n\n\n\n<p>En este sentido, se prev\u00e9 la formulaci\u00f3n de proyectos de ordenamiento y zonificaci\u00f3n del predio de dep\u00f3sito final de los residuos s\u00f3lidos urbanos, y de recuperaci\u00f3n y destino de residuos. <\/p>\n\n\n\n<p>Tambi\u00e9n, la capacitaci\u00f3n y firma de convenios con los grandes generadores de residuos de Villa Nueva, y desarrollo de iniciativas constructivas sustentables a largo plazo.  Adem\u00e1s, se sumar\u00e1 a nuevos municipios.<\/p>\n\n\n\n<p>A trav\u00e9s de la participaci\u00f3n de la fundaci\u00f3n CEMPRE, personal municipal y docentes villanovenses han recibido charlas de capacitaci\u00f3n, que fueron el inicio del trabajo en la primera etapa ya ejecutada.<\/p>\n\n\n\n<p><\/p>\n","protected":false},"excerpt":{"rendered":"<p>El intendente Natalio Graglia encabez\u00f3 una nueva reuni\u00f3n con autoridades de la planta local de Nestl\u00e9, para avanzar con la segunda etapa del plan conjunto para mejorar la gesti\u00f3n y el tratamiento de los residuos s\u00f3lidos urbanos de Villa Nueva. Esta fase incluye tareas de capacitaci\u00f3n y ejecuci\u00f3n de pol\u00edticas p\u00fablicas orientadas a la mejora [&hellip;]<\/p>\n","protected":false},"author":4,"featured_media":20749,"comment_status":"open","ping_status":"open","sticky":false,"template":"","format":"standard","meta":{"site-sidebar-layout":"default","site-content-layout":"default","ast-site-content-layout":"default","site-content-style":"default","site-sidebar-style":"default","ast-global-header-display":"","ast-banner-title-visibility":"","ast-main-header-display":"","ast-hfb-above-header-display":"","ast-hfb-below-header-display":"","ast-hfb-mobile-header-display":"","site-post-title":"","ast-breadcrumbs-content":"","ast-featured-img":"","footer-sml-layout":"","ast-disable-related-posts":"","theme-transparent-header-meta":"default","adv-header-id-meta":"","stick-header-meta":"","header-above-stick-meta":"","header-main-stick-meta":"","header-below-stick-meta":"","astra-migrate-meta-layouts":"default","ast-page-background-enabled":"default","ast-page-background-meta":{"desktop":{"background-color":"","background-image":"","background-repeat":"repeat","background-position":"center center","background-size":"auto","background-attachment":"scroll","background-type":"","background-media":"","overlay-type":"","overlay-color":"","overlay-opacity":"","overlay-gradient":""},"tablet":{"background-color":"","background-image":"","background-repeat":"repeat","background-position":"center center","background-size":"auto","background-attachment":"scroll","background-type":"","background-media":"","overlay-type":"","overlay-color":"","overlay-opacity":"","overlay-gradient":""},"mobile":{"background-color":"","background-image":"","background-repeat":"repeat","background-position":"center center","background-size":"auto","background-attachment":"scroll","background-type":"","background-media":"","overlay-type":"","overlay-color":"","overlay-opacity":"","overlay-gradient":""}},"ast-content-background-meta":{"desktop":{"background-color":"var(--ast-global-color-5)","background-image":"","background-repeat":"repeat","background-position":"center center","background-size":"auto","background-attachment":"scroll","background-type":"","background-media":"","overlay-type":"","overlay-color":"","overlay-opacity":"","overlay-gradient":""},"tablet":{"background-color":"var(--ast-global-color-5)","background-image":"","background-repeat":"repeat","background-position":"center center","background-size":"auto","background-attachment":"scroll","background-type":"","background-media":"","overlay-type":"","overlay-color":"","overlay-opacity":"","overlay-gradient":""},"mobile":{"background-color":"var(--ast-global-color-5)","background-image":"","background-repeat":"repeat","background-position":"center center","background-size":"auto","background-attachment":"scroll","background-type":"","background-media":"","overlay-type":"","overlay-color":"","overlay-opacity":"","overlay-gradient":""}},"_jetpack_memberships_contains_paid_content":false,"_joinchat":[],"footnotes":""},"categories":[1408],"tags":[1252,2823,2544,2822,232],"class_list":["post-20748","post","type-post","status-publish","format-standard","has-post-thumbnail","hentry","category-villa-nueva","tag-natalio-graglia","tag-nestle","tag-separacion-de-residuos","tag-tratamiento-de-residuos","tag-villa-nueva"],"yoast_head":"<!-- This site is optimized with the Yoast SEO plugin v26.8 - https:\/\/yoast.com\/product\/yoast-seo-wordpress\/ -->\n<title>Convenio con Nestl\u00e9 para mejorar tratamiento de residuos - El Regional<\/title>\n<meta name=\"description\" content=\"Se avanza con la segunda etapa del plan conjunto para mejorar la gesti\u00f3n y el tratamiento de los residuos s\u00f3lidos urbanos de Villa Nueva.\" \/>\n<meta name=\"robots\" content=\"index, follow, max-snippet:-1, max-image-preview:large, max-video-preview:-1\" \/>\n<link rel=\"canonical\" href=\"http:\/\/elregionalvm.com.ar\/noticias-villa-maria\/convenio-con-nestle-para-mejorar-tratamiento-de-residuos\/\" \/>\n<meta property=\"og:locale\" content=\"es_ES\" \/>\n<meta property=\"og:type\" content=\"article\" \/>\n<meta property=\"og:title\" content=\"Convenio con Nestl\u00e9 para mejorar tratamiento de residuos - El Regional\" \/>\n<meta property=\"og:description\" content=\"Se avanza con la segunda etapa del plan conjunto para mejorar la gesti\u00f3n y el tratamiento de los residuos s\u00f3lidos urbanos de Villa Nueva.\" \/>\n<meta property=\"og:url\" content=\"http:\/\/elregionalvm.com.ar\/noticias-villa-maria\/convenio-con-nestle-para-mejorar-tratamiento-de-residuos\/\" \/>\n<meta property=\"og:site_name\" content=\"El Regional\" \/>\n<meta property=\"article:publisher\" content=\"https:\/\/www.facebook.com\/elregionalvm\" \/>\n<meta property=\"article:published_time\" content=\"2020-07-24T18:30:24+00:00\" \/>\n<meta property=\"og:image\" content=\"http:\/\/elregionalvm.com.ar\/noticias-villa-maria\/wp-content\/uploads\/2020\/07\/Graglia-y-directivos-Nestl\u00e9.jpg\" \/>\n\t<meta property=\"og:image:width\" content=\"1280\" \/>\n\t<meta property=\"og:image:height\" content=\"605\" \/>\n\t<meta property=\"og:image:type\" content=\"image\/jpeg\" \/>\n<meta name=\"author\" content=\"Contenidos El Regional\" \/>\n<meta name=\"twitter:card\" content=\"summary_large_image\" \/>\n<meta name=\"twitter:creator\" content=\"@elregionalvm1\" \/>\n<meta name=\"twitter:site\" content=\"@elregionalvm1\" \/>\n<meta name=\"twitter:label1\" content=\"Escrito por\" \/>\n\t<meta name=\"twitter:data1\" content=\"Contenidos El Regional\" \/>\n\t<meta name=\"twitter:label2\" content=\"Tiempo de lectura\" \/>\n\t<meta name=\"twitter:data2\" content=\"1 minuto\" \/>\n<script type=\"application\/ld+json\" class=\"yoast-schema-graph\">{\"@context\":\"https:\/\/schema.org\",\"@graph\":[{\"@type\":\"Article\",\"@id\":\"http:\/\/elregionalvm.com.ar\/noticias-villa-maria\/convenio-con-nestle-para-mejorar-tratamiento-de-residuos\/#article\",\"isPartOf\":{\"@id\":\"http:\/\/elregionalvm.com.ar\/noticias-villa-maria\/convenio-con-nestle-para-mejorar-tratamiento-de-residuos\/\"},\"author\":{\"name\":\"Contenidos El Regional\",\"@id\":\"http:\/\/elregionalvm.com.ar\/noticias-villa-maria\/#\/schema\/person\/a0fb9c422317faca23d50163151bc354\"},\"headline\":\"Convenio con Nestl\u00e9 para mejorar tratamiento de residuos\",\"datePublished\":\"2020-07-24T18:30:24+00:00\",\"mainEntityOfPage\":{\"@id\":\"http:\/\/elregionalvm.com.ar\/noticias-villa-maria\/convenio-con-nestle-para-mejorar-tratamiento-de-residuos\/\"},\"wordCount\":183,\"commentCount\":0,\"image\":{\"@id\":\"http:\/\/elregionalvm.com.ar\/noticias-villa-maria\/convenio-con-nestle-para-mejorar-tratamiento-de-residuos\/#primaryimage\"},\"thumbnailUrl\":\"https:\/\/i0.wp.com\/elregionalvm.com.ar\/noticias-villa-maria\/wp-content\/uploads\/2020\/07\/Graglia-y-directivos-Nestl%C3%A9.jpg?fit=1280%2C605&ssl=1\",\"keywords\":[\"Natalio Graglia\",\"Nestl\u00e9\",\"separaci\u00f3n de residuos\",\"tratamiento de residuos\",\"VILLA NUEVA\"],\"articleSection\":[\"Villa Nueva\"],\"inLanguage\":\"es\",\"potentialAction\":[{\"@type\":\"CommentAction\",\"name\":\"Comment\",\"target\":[\"http:\/\/elregionalvm.com.ar\/noticias-villa-maria\/convenio-con-nestle-para-mejorar-tratamiento-de-residuos\/#respond\"]}]},{\"@type\":\"WebPage\",\"@id\":\"http:\/\/elregionalvm.com.ar\/noticias-villa-maria\/convenio-con-nestle-para-mejorar-tratamiento-de-residuos\/\",\"url\":\"http:\/\/elregionalvm.com.ar\/noticias-villa-maria\/convenio-con-nestle-para-mejorar-tratamiento-de-residuos\/\",\"name\":\"Convenio con Nestl\u00e9 para mejorar tratamiento de residuos - El Regional\",\"isPartOf\":{\"@id\":\"http:\/\/elregionalvm.com.ar\/noticias-villa-maria\/#website\"},\"primaryImageOfPage\":{\"@id\":\"http:\/\/elregionalvm.com.ar\/noticias-villa-maria\/convenio-con-nestle-para-mejorar-tratamiento-de-residuos\/#primaryimage\"},\"image\":{\"@id\":\"http:\/\/elregionalvm.com.ar\/noticias-villa-maria\/convenio-con-nestle-para-mejorar-tratamiento-de-residuos\/#primaryimage\"},\"thumbnailUrl\":\"https:\/\/i0.wp.com\/elregionalvm.com.ar\/noticias-villa-maria\/wp-content\/uploads\/2020\/07\/Graglia-y-directivos-Nestl%C3%A9.jpg?fit=1280%2C605&ssl=1\",\"datePublished\":\"2020-07-24T18:30:24+00:00\",\"author\":{\"@id\":\"http:\/\/elregionalvm.com.ar\/noticias-villa-maria\/#\/schema\/person\/a0fb9c422317faca23d50163151bc354\"},\"description\":\"Se avanza con la segunda etapa del plan conjunto para mejorar la gesti\u00f3n y el tratamiento de los residuos s\u00f3lidos urbanos de Villa Nueva.\",\"breadcrumb\":{\"@id\":\"http:\/\/elregionalvm.com.ar\/noticias-villa-maria\/convenio-con-nestle-para-mejorar-tratamiento-de-residuos\/#breadcrumb\"},\"inLanguage\":\"es\",\"potentialAction\":[{\"@type\":\"ReadAction\",\"target\":[\"http:\/\/elregionalvm.com.ar\/noticias-villa-maria\/convenio-con-nestle-para-mejorar-tratamiento-de-residuos\/\"]}]},{\"@type\":\"ImageObject\",\"inLanguage\":\"es\",\"@id\":\"http:\/\/elregionalvm.com.ar\/noticias-villa-maria\/convenio-con-nestle-para-mejorar-tratamiento-de-residuos\/#primaryimage\",\"url\":\"https:\/\/i0.wp.com\/elregionalvm.com.ar\/noticias-villa-maria\/wp-content\/uploads\/2020\/07\/Graglia-y-directivos-Nestl%C3%A9.jpg?fit=1280%2C605&ssl=1\",\"contentUrl\":\"https:\/\/i0.wp.com\/elregionalvm.com.ar\/noticias-villa-maria\/wp-content\/uploads\/2020\/07\/Graglia-y-directivos-Nestl%C3%A9.jpg?fit=1280%2C605&ssl=1\",\"width\":1280,\"height\":605},{\"@type\":\"BreadcrumbList\",\"@id\":\"http:\/\/elregionalvm.com.ar\/noticias-villa-maria\/convenio-con-nestle-para-mejorar-tratamiento-de-residuos\/#breadcrumb\",\"itemListElement\":[{\"@type\":\"ListItem\",\"position\":1,\"name\":\"Portada\",\"item\":\"https:\/\/elregionalvm.com.ar\/noticias-villa-maria\/\"},{\"@type\":\"ListItem\",\"position\":2,\"name\":\"Convenio con Nestl\u00e9 para mejorar tratamiento de residuos\"}]},{\"@type\":\"WebSite\",\"@id\":\"http:\/\/elregionalvm.com.ar\/noticias-villa-maria\/#website\",\"url\":\"http:\/\/elregionalvm.com.ar\/noticias-villa-maria\/\",\"name\":\"El Regional\",\"description\":\"Mucho m\u00e1s que informaci\u00f3n\",\"potentialAction\":[{\"@type\":\"SearchAction\",\"target\":{\"@type\":\"EntryPoint\",\"urlTemplate\":\"http:\/\/elregionalvm.com.ar\/noticias-villa-maria\/?s={search_term_string}\"},\"query-input\":{\"@type\":\"PropertyValueSpecification\",\"valueRequired\":true,\"valueName\":\"search_term_string\"}}],\"inLanguage\":\"es\"},{\"@type\":\"Person\",\"@id\":\"http:\/\/elregionalvm.com.ar\/noticias-villa-maria\/#\/schema\/person\/a0fb9c422317faca23d50163151bc354\",\"name\":\"Contenidos El Regional\",\"image\":{\"@type\":\"ImageObject\",\"inLanguage\":\"es\",\"@id\":\"http:\/\/elregionalvm.com.ar\/noticias-villa-maria\/#\/schema\/person\/image\/\",\"url\":\"https:\/\/secure.gravatar.com\/avatar\/265b27cb2209af7bb3a1318f03305787d7981a5cc6e6cd08fe5a4ecdf99d4b48?s=96&d=mm&r=g\",\"contentUrl\":\"https:\/\/secure.gravatar.com\/avatar\/265b27cb2209af7bb3a1318f03305787d7981a5cc6e6cd08fe5a4ecdf99d4b48?s=96&d=mm&r=g\",\"caption\":\"Contenidos El Regional\"},\"url\":\"https:\/\/elregionalvm.com.ar\/noticias-villa-maria\/author\/contenido\/\"}]}<\/script>\n<!-- \/ Yoast SEO plugin. -->","yoast_head_json":{"title":"Convenio con Nestl\u00e9 para mejorar tratamiento de residuos - El Regional","description":"Se avanza con la segunda etapa del plan conjunto para mejorar la gesti\u00f3n y el tratamiento de los residuos s\u00f3lidos urbanos de Villa Nueva.","robots":{"index":"index","follow":"follow","max-snippet":"max-snippet:-1","max-image-preview":"max-image-preview:large","max-video-preview":"max-video-preview:-1"},"canonical":"http:\/\/elregionalvm.com.ar\/noticias-villa-maria\/convenio-con-nestle-para-mejorar-tratamiento-de-residuos\/","og_locale":"es_ES","og_type":"article","og_title":"Convenio con Nestl\u00e9 para mejorar tratamiento de residuos - El Regional","og_description":"Se avanza con la segunda etapa del plan conjunto para mejorar la gesti\u00f3n y el tratamiento de los residuos s\u00f3lidos urbanos de Villa Nueva.","og_url":"http:\/\/elregionalvm.com.ar\/noticias-villa-maria\/convenio-con-nestle-para-mejorar-tratamiento-de-residuos\/","og_site_name":"El Regional","article_publisher":"https:\/\/www.facebook.com\/elregionalvm","article_published_time":"2020-07-24T18:30:24+00:00","og_image":[{"width":1280,"height":605,"url":"http:\/\/elregionalvm.com.ar\/noticias-villa-maria\/wp-content\/uploads\/2020\/07\/Graglia-y-directivos-Nestl\u00e9.jpg","type":"image\/jpeg"}],"author":"Contenidos El Regional","twitter_card":"summary_large_image","twitter_creator":"@elregionalvm1","twitter_site":"@elregionalvm1","twitter_misc":{"Escrito por":"Contenidos El Regional","Tiempo de lectura":"1 minuto"},"schema":{"@context":"https:\/\/schema.org","@graph":[{"@type":"Article","@id":"http:\/\/elregionalvm.com.ar\/noticias-villa-maria\/convenio-con-nestle-para-mejorar-tratamiento-de-residuos\/#article","isPartOf":{"@id":"http:\/\/elregionalvm.com.ar\/noticias-villa-maria\/convenio-con-nestle-para-mejorar-tratamiento-de-residuos\/"},"author":{"name":"Contenidos El Regional","@id":"http:\/\/elregionalvm.com.ar\/noticias-villa-maria\/#\/schema\/person\/a0fb9c422317faca23d50163151bc354"},"headline":"Convenio con Nestl\u00e9 para mejorar tratamiento de residuos","datePublished":"2020-07-24T18:30:24+00:00","mainEntityOfPage":{"@id":"http:\/\/elregionalvm.com.ar\/noticias-villa-maria\/convenio-con-nestle-para-mejorar-tratamiento-de-residuos\/"},"wordCount":183,"commentCount":0,"image":{"@id":"http:\/\/elregionalvm.com.ar\/noticias-villa-maria\/convenio-con-nestle-para-mejorar-tratamiento-de-residuos\/#primaryimage"},"thumbnailUrl":"https:\/\/i0.wp.com\/elregionalvm.com.ar\/noticias-villa-maria\/wp-content\/uploads\/2020\/07\/Graglia-y-directivos-Nestl%C3%A9.jpg?fit=1280%2C605&ssl=1","keywords":["Natalio Graglia","Nestl\u00e9","separaci\u00f3n de residuos","tratamiento de residuos","VILLA NUEVA"],"articleSection":["Villa Nueva"],"inLanguage":"es","potentialAction":[{"@type":"CommentAction","name":"Comment","target":["http:\/\/elregionalvm.com.ar\/noticias-villa-maria\/convenio-con-nestle-para-mejorar-tratamiento-de-residuos\/#respond"]}]},{"@type":"WebPage","@id":"http:\/\/elregionalvm.com.ar\/noticias-villa-maria\/convenio-con-nestle-para-mejorar-tratamiento-de-residuos\/","url":"http:\/\/elregionalvm.com.ar\/noticias-villa-maria\/convenio-con-nestle-para-mejorar-tratamiento-de-residuos\/","name":"Convenio con Nestl\u00e9 para mejorar tratamiento de residuos - El Regional","isPartOf":{"@id":"http:\/\/elregionalvm.com.ar\/noticias-villa-maria\/#website"},"primaryImageOfPage":{"@id":"http:\/\/elregionalvm.com.ar\/noticias-villa-maria\/convenio-con-nestle-para-mejorar-tratamiento-de-residuos\/#primaryimage"},"image":{"@id":"http:\/\/elregionalvm.com.ar\/noticias-villa-maria\/convenio-con-nestle-para-mejorar-tratamiento-de-residuos\/#primaryimage"},"thumbnailUrl":"https:\/\/i0.wp.com\/elregionalvm.com.ar\/noticias-villa-maria\/wp-content\/uploads\/2020\/07\/Graglia-y-directivos-Nestl%C3%A9.jpg?fit=1280%2C605&ssl=1","datePublished":"2020-07-24T18:30:24+00:00","author":{"@id":"http:\/\/elregionalvm.com.ar\/noticias-villa-maria\/#\/schema\/person\/a0fb9c422317faca23d50163151bc354"},"description":"Se avanza con la segunda etapa del plan conjunto para mejorar la gesti\u00f3n y el tratamiento de los residuos s\u00f3lidos urbanos de Villa Nueva.","breadcrumb":{"@id":"http:\/\/elregionalvm.com.ar\/noticias-villa-maria\/convenio-con-nestle-para-mejorar-tratamiento-de-residuos\/#breadcrumb"},"inLanguage":"es","potentialAction":[{"@type":"ReadAction","target":["http:\/\/elregionalvm.com.ar\/noticias-villa-maria\/convenio-con-nestle-para-mejorar-tratamiento-de-residuos\/"]}]},{"@type":"ImageObject","inLanguage":"es","@id":"http:\/\/elregionalvm.com.ar\/noticias-villa-maria\/convenio-con-nestle-para-mejorar-tratamiento-de-residuos\/#primaryimage","url":"https:\/\/i0.wp.com\/elregionalvm.com.ar\/noticias-villa-maria\/wp-content\/uploads\/2020\/07\/Graglia-y-directivos-Nestl%C3%A9.jpg?fit=1280%2C605&ssl=1","contentUrl":"https:\/\/i0.wp.com\/elregionalvm.com.ar\/noticias-villa-maria\/wp-content\/uploads\/2020\/07\/Graglia-y-directivos-Nestl%C3%A9.jpg?fit=1280%2C605&ssl=1","width":1280,"height":605},{"@type":"BreadcrumbList","@id":"http:\/\/elregionalvm.com.ar\/noticias-villa-maria\/convenio-con-nestle-para-mejorar-tratamiento-de-residuos\/#breadcrumb","itemListElement":[{"@type":"ListItem","position":1,"name":"Portada","item":"https:\/\/elregionalvm.com.ar\/noticias-villa-maria\/"},{"@type":"ListItem","position":2,"name":"Convenio con Nestl\u00e9 para mejorar tratamiento de residuos"}]},{"@type":"WebSite","@id":"http:\/\/elregionalvm.com.ar\/noticias-villa-maria\/#website","url":"http:\/\/elregionalvm.com.ar\/noticias-villa-maria\/","name":"El Regional","description":"Mucho m\u00e1s que informaci\u00f3n","potentialAction":[{"@type":"SearchAction","target":{"@type":"EntryPoint","urlTemplate":"http:\/\/elregionalvm.com.ar\/noticias-villa-maria\/?s={search_term_string}"},"query-input":{"@type":"PropertyValueSpecification","valueRequired":true,"valueName":"search_term_string"}}],"inLanguage":"es"},{"@type":"Person","@id":"http:\/\/elregionalvm.com.ar\/noticias-villa-maria\/#\/schema\/person\/a0fb9c422317faca23d50163151bc354","name":"Contenidos El Regional","image":{"@type":"ImageObject","inLanguage":"es","@id":"http:\/\/elregionalvm.com.ar\/noticias-villa-maria\/#\/schema\/person\/image\/","url":"https:\/\/secure.gravatar.com\/avatar\/265b27cb2209af7bb3a1318f03305787d7981a5cc6e6cd08fe5a4ecdf99d4b48?s=96&d=mm&r=g","contentUrl":"https:\/\/secure.gravatar.com\/avatar\/265b27cb2209af7bb3a1318f03305787d7981a5cc6e6cd08fe5a4ecdf99d4b48?s=96&d=mm&r=g","caption":"Contenidos El Regional"},"url":"https:\/\/elregionalvm.com.ar\/noticias-villa-maria\/author\/contenido\/"}]}},"jetpack_featured_media_url":"https:\/\/i0.wp.com\/elregionalvm.com.ar\/noticias-villa-maria\/wp-content\/uploads\/2020\/07\/Graglia-y-directivos-Nestl%C3%A9.jpg?fit=1280%2C605&ssl=1","jetpack_sharing_enabled":true,"_links":{"self":[{"href":"https:\/\/elregionalvm.com.ar\/noticias-villa-maria\/wp-json\/wp\/v2\/posts\/20748","targetHints":{"allow":["GET"]}}],"collection":[{"href":"https:\/\/elregionalvm.com.ar\/noticias-villa-maria\/wp-json\/wp\/v2\/posts"}],"about":[{"href":"https:\/\/elregionalvm.com.ar\/noticias-villa-maria\/wp-json\/wp\/v2\/types\/post"}],"author":[{"embeddable":true,"href":"https:\/\/elregionalvm.com.ar\/noticias-villa-maria\/wp-json\/wp\/v2\/users\/4"}],"replies":[{"embeddable":true,"href":"https:\/\/elregionalvm.com.ar\/noticias-villa-maria\/wp-json\/wp\/v2\/comments?post=20748"}],"version-history":[{"count":1,"href":"https:\/\/elregionalvm.com.ar\/noticias-villa-maria\/wp-json\/wp\/v2\/posts\/20748\/revisions"}],"predecessor-version":[{"id":20750,"href":"https:\/\/elregionalvm.com.ar\/noticias-villa-maria\/wp-json\/wp\/v2\/posts\/20748\/revisions\/20750"}],"wp:featuredmedia":[{"embeddable":true,"href":"https:\/\/elregionalvm.com.ar\/noticias-villa-maria\/wp-json\/wp\/v2\/media\/20749"}],"wp:attachment":[{"href":"https:\/\/elregionalvm.com.ar\/noticias-villa-maria\/wp-json\/wp\/v2\/media?parent=20748"}],"wp:term":[{"taxonomy":"category","embeddable":true,"href":"https:\/\/elregionalvm.com.ar\/noticias-villa-maria\/wp-json\/wp\/v2\/categories?post=20748"},{"taxonomy":"post_tag","embeddable":true,"href":"https:\/\/elregionalvm.com.ar\/noticias-villa-maria\/wp-json\/wp\/v2\/tags?post=20748"}],"curies":[{"name":"wp","href":"https:\/\/api.w.org\/{rel}","templated":true}]}}