{"id":21075,"date":"2020-07-30T00:09:37","date_gmt":"2020-07-30T00:09:37","guid":{"rendered":"https:\/\/elregionalvm.com.ar\/noticias-villa-maria\/?p=21075"},"modified":"2020-07-30T01:18:03","modified_gmt":"2020-07-30T01:18:03","slug":"villa-maria-3-nuevos-casos-33-en-total","status":"publish","type":"post","link":"https:\/\/elregionalvm.com.ar\/noticias-villa-maria\/villa-maria-3-nuevos-casos-33-en-total\/","title":{"rendered":"Villa Mar\u00eda: 3 nuevos casos, 33 en total"},"content":{"rendered":"\n<p>En un nuevo informe de la situaci\u00f3n epidemiol\u00f3gica en Villa Mar\u00eda por la pandemia de Covid 19, el municipio confirm\u00f3 3 nuevos casos positivos de Covid 19.<\/p>\n\n\n\n<p>De esta cantidad, uno se vincula a un brote de la regi\u00f3n y dos no tienen nexo epidemiol\u00f3gico. Con los casos de ayer, suman 4 los casos donde no se puede establecer el origen del contagio. <\/p>\n\n\n\n<p>\u00abPor lo que el conglomerado podr\u00eda estar ante circulaci\u00f3n comunitaria del virus\u00bb, advirtieron las autoridades.<\/p>\n\n\n\n<p>De esta manera, suman 33 los casos positivos hasta el momento en la ciudad. Todos los pacientes permanecen en sus domicilios aislados, con sintomatolog\u00eda leve o asintom\u00e1ticos.<\/p>\n\n\n\n<p>Hoy se sumaron 32 nuevos contactos estrechos, totalizando 165, dado que 10 personas recibieron el alta del aislamiento por contar con un segundo hisopado negativo.<\/p>\n\n\n\n<p><strong><span style=\"text-decoration: underline;\"><a href=\"https:\/\/elregionalvm.com.ar\/noticias-villa-maria\/bloquearon-ocho-ingresos-secundarios-a-villa-maria\/\">Bloquearon ocho ingresos secundarios a Villa Mar\u00eda<\/a><\/span><\/strong><\/p>\n\n\n\n<p>En Villa Nueva no se detectaron casos, pero hay 32 personas aisladas a la espera de los resultados. Todos tuvieron contactos con casos  positivos de Villa Mar\u00eda.<\/p>\n\n\n\n<p>Por otro lado, se defini\u00f3 solicitar a la Provincia la aplicaci\u00f3n del Programa Identificar en el conglomerado de Villa Mar\u00eda y Villa Nueva. Es posible que se realice el pr\u00f3ximo fin de semana.<\/p>\n\n\n\n<p>El informe fue dado por el concejal a cargo del Ejecutivo municipal, Pablo Rosso, y el intendente de Villa Nueva, Natalio Graglia. <\/p>\n\n\n\n<figure class=\"wp-block-image size-large\"><img data-recalc-dims=\"1\" fetchpriority=\"high\" decoding=\"async\" width=\"1024\" height=\"520\" src=\"https:\/\/i0.wp.com\/elregionalvm.com.ar\/noticias-villa-maria\/wp-content\/uploads\/2020\/07\/Informe-diario-29-de-julio-1.jpg?resize=1024%2C520&#038;ssl=1\" alt=\"\" class=\"wp-image-21086\" srcset=\"https:\/\/i0.wp.com\/elregionalvm.com.ar\/noticias-villa-maria\/wp-content\/uploads\/2020\/07\/Informe-diario-29-de-julio-1.jpg?resize=1024%2C520&amp;ssl=1 1024w, https:\/\/i0.wp.com\/elregionalvm.com.ar\/noticias-villa-maria\/wp-content\/uploads\/2020\/07\/Informe-diario-29-de-julio-1.jpg?resize=300%2C152&amp;ssl=1 300w, https:\/\/i0.wp.com\/elregionalvm.com.ar\/noticias-villa-maria\/wp-content\/uploads\/2020\/07\/Informe-diario-29-de-julio-1.jpg?resize=768%2C390&amp;ssl=1 768w, https:\/\/i0.wp.com\/elregionalvm.com.ar\/noticias-villa-maria\/wp-content\/uploads\/2020\/07\/Informe-diario-29-de-julio-1.jpg?w=1154&amp;ssl=1 1154w\" sizes=\"(max-width: 1000px) 100vw, 1000px\" \/><figcaption><em>Informe del mi\u00e9rcoles 29 de julio para la ciudad de Villa Mar\u00eda. <\/em><\/figcaption><\/figure>\n\n\n\n<p><strong>107 casos en la provincia<\/strong><\/p>\n\n\n\n<p>El Ministerio de Salud confirm\u00f3 este mi\u00e9rcoles 29 de julio&nbsp;107 nuevos casos de Covid-19. De ese total, 45 tienen domicilio en la ciudad de C\u00f3rdoba (Capital), 22 en Marcos Ju\u00e1rez (Marcos Ju\u00e1rez), uno en Monte Buey (Marcos Ju\u00e1rez), tres en Los Surgentes (Marcos Ju\u00e1rez), cinco en Villa Mar\u00eda (General San Mart\u00edn) y dos en Pasco (General San Mart\u00edn).<\/p>\n\n\n\n<p>Tambi\u00e9n, hubo tres en Tanti (Punilla), cinco en Oncativo (R\u00edo Segundo), uno en Colazo (R\u00edo Segundo), tres en Alta Gracia (Santa Mar\u00eda), uno en Anisacate (Santa Mar\u00eda), 15 en Oliva (Tercero Arriba) y uno en General Fotheringham (Tercero Arriba).<\/p>\n\n\n\n<p>En los casos de Villa Mar\u00eda y Pasco, los positivos fueron confirmados ayer por los propios municipios. <\/p>\n\n\n\n<p>De la cantidad global, 96 est\u00e1n vinculados a contactos estrechos de casos confirmados anteriormente, ocho se encuentran en investigaci\u00f3n (seis de C\u00f3rdoba Capital, uno de Monte Buey y uno de Colazo) y tres son importados (Tanti).<\/p>\n\n\n\n<p>Por otra parte, se notific\u00f3 cuatro casos al Sistema Nacional de Vigilancia de la Salud (SNVS), correspondientes a tres personas con residencia en Ciudad Aut\u00f3noma de Buenos Aires, pero dos con domicilio legal en C\u00f3rdoba Capital y uno en Oliva (Tercero Arriba). El cuarto caso reside en Rosario, pero domicilio legal en Los Surgentes (Marcos Ju\u00e1rez).<\/p>\n\n\n\n<p>De esta manera, la provincia registra a la fecha un&nbsp;total de 111 casos nuevos y un acumulado de 2.052 casos<strong>.<\/strong><\/p>\n","protected":false},"excerpt":{"rendered":"<p>En un nuevo informe de la situaci\u00f3n epidemiol\u00f3gica en Villa Mar\u00eda por la pandemia de Covid 19, el municipio confirm\u00f3 3 nuevos casos positivos de Covid 19. De esta cantidad, uno se vincula a un brote de la regi\u00f3n y dos no tienen nexo epidemiol\u00f3gico. Con los casos de ayer, suman 4 los casos donde [&hellip;]<\/p>\n","protected":false},"author":4,"featured_media":21078,"comment_status":"open","ping_status":"open","sticky":false,"template":"","format":"standard","meta":{"site-sidebar-layout":"default","site-content-layout":"default","ast-site-content-layout":"default","site-content-style":"default","site-sidebar-style":"default","ast-global-header-display":"","ast-banner-title-visibility":"","ast-main-header-display":"","ast-hfb-above-header-display":"","ast-hfb-below-header-display":"","ast-hfb-mobile-header-display":"","site-post-title":"","ast-breadcrumbs-content":"","ast-featured-img":"","footer-sml-layout":"","ast-disable-related-posts":"","theme-transparent-header-meta":"default","adv-header-id-meta":"","stick-header-meta":"","header-above-stick-meta":"","header-main-stick-meta":"","header-below-stick-meta":"","astra-migrate-meta-layouts":"default","ast-page-background-enabled":"default","ast-page-background-meta":{"desktop":{"background-color":"","background-image":"","background-repeat":"repeat","background-position":"center center","background-size":"auto","background-attachment":"scroll","background-type":"","background-media":"","overlay-type":"","overlay-color":"","overlay-opacity":"","overlay-gradient":""},"tablet":{"background-color":"","background-image":"","background-repeat":"repeat","background-position":"center center","background-size":"auto","background-attachment":"scroll","background-type":"","background-media":"","overlay-type":"","overlay-color":"","overlay-opacity":"","overlay-gradient":""},"mobile":{"background-color":"","background-image":"","background-repeat":"repeat","background-position":"center center","background-size":"auto","background-attachment":"scroll","background-type":"","background-media":"","overlay-type":"","overlay-color":"","overlay-opacity":"","overlay-gradient":""}},"ast-content-background-meta":{"desktop":{"background-color":"var(--ast-global-color-5)","background-image":"","background-repeat":"repeat","background-position":"center center","background-size":"auto","background-attachment":"scroll","background-type":"","background-media":"","overlay-type":"","overlay-color":"","overlay-opacity":"","overlay-gradient":""},"tablet":{"background-color":"var(--ast-global-color-5)","background-image":"","background-repeat":"repeat","background-position":"center center","background-size":"auto","background-attachment":"scroll","background-type":"","background-media":"","overlay-type":"","overlay-color":"","overlay-opacity":"","overlay-gradient":""},"mobile":{"background-color":"var(--ast-global-color-5)","background-image":"","background-repeat":"repeat","background-position":"center center","background-size":"auto","background-attachment":"scroll","background-type":"","background-media":"","overlay-type":"","overlay-color":"","overlay-opacity":"","overlay-gradient":""}},"_jetpack_memberships_contains_paid_content":false,"_joinchat":[],"footnotes":""},"categories":[2256,2074],"tags":[2422,2054,1232,2130,2623,2474,2597,1998,2248],"class_list":["post-21075","post","type-post","status-publish","format-standard","has-post-thumbnail","hentry","category-coronavirus","category-videos","tag-coe","tag-covid-19","tag-destacado","tag-hospital-pasteur","tag-informe-epidemiologico","tag-municipalidad-de-villa-maria","tag-nuevos-casos","tag-pandemia","tag-villa-maria-2"],"yoast_head":"<!-- This site is optimized with the Yoast SEO plugin v26.8 - https:\/\/yoast.com\/product\/yoast-seo-wordpress\/ -->\n<title>Villa Mar\u00eda: 3 nuevos casos, 33 en total - El Regional<\/title>\n<meta name=\"description\" content=\"En un nuevo informe de la situaci\u00f3n epidemiol\u00f3gica en Villa Mar\u00eda por la pandemia de Covid 19, el municipio confirm\u00f3 3 nuevos casos positivos de Covid 19.\" \/>\n<meta name=\"robots\" content=\"index, follow, max-snippet:-1, max-image-preview:large, max-video-preview:-1\" \/>\n<link rel=\"canonical\" href=\"http:\/\/elregionalvm.com.ar\/noticias-villa-maria\/villa-maria-3-nuevos-casos-33-en-total\/\" \/>\n<meta property=\"og:locale\" content=\"es_ES\" \/>\n<meta property=\"og:type\" content=\"article\" \/>\n<meta property=\"og:title\" content=\"Villa Mar\u00eda: 3 nuevos casos, 33 en total - El Regional\" \/>\n<meta property=\"og:description\" content=\"En un nuevo informe de la situaci\u00f3n epidemiol\u00f3gica en Villa Mar\u00eda por la pandemia de Covid 19, el municipio confirm\u00f3 3 nuevos casos positivos de Covid 19.\" \/>\n<meta property=\"og:url\" content=\"http:\/\/elregionalvm.com.ar\/noticias-villa-maria\/villa-maria-3-nuevos-casos-33-en-total\/\" \/>\n<meta property=\"og:site_name\" content=\"El Regional\" \/>\n<meta property=\"article:publisher\" content=\"https:\/\/www.facebook.com\/elregionalvm\" \/>\n<meta property=\"article:published_time\" content=\"2020-07-30T00:09:37+00:00\" \/>\n<meta property=\"article:modified_time\" content=\"2020-07-30T01:18:03+00:00\" \/>\n<meta property=\"og:image\" content=\"http:\/\/elregionalvm.com.ar\/noticias-villa-maria\/wp-content\/uploads\/2020\/07\/Rosso-Graglia-informe-diario.jpg\" \/>\n\t<meta property=\"og:image:width\" content=\"1201\" \/>\n\t<meta property=\"og:image:height\" content=\"635\" \/>\n\t<meta property=\"og:image:type\" content=\"image\/jpeg\" \/>\n<meta name=\"author\" content=\"Contenidos El Regional\" \/>\n<meta name=\"twitter:card\" content=\"summary_large_image\" \/>\n<meta name=\"twitter:creator\" content=\"@elregionalvm1\" \/>\n<meta name=\"twitter:site\" content=\"@elregionalvm1\" \/>\n<meta name=\"twitter:label1\" content=\"Escrito por\" \/>\n\t<meta name=\"twitter:data1\" content=\"Contenidos El Regional\" \/>\n\t<meta name=\"twitter:label2\" content=\"Tiempo de lectura\" \/>\n\t<meta name=\"twitter:data2\" content=\"2 minutos\" \/>\n<script type=\"application\/ld+json\" class=\"yoast-schema-graph\">{\"@context\":\"https:\/\/schema.org\",\"@graph\":[{\"@type\":\"Article\",\"@id\":\"http:\/\/elregionalvm.com.ar\/noticias-villa-maria\/villa-maria-3-nuevos-casos-33-en-total\/#article\",\"isPartOf\":{\"@id\":\"http:\/\/elregionalvm.com.ar\/noticias-villa-maria\/villa-maria-3-nuevos-casos-33-en-total\/\"},\"author\":{\"name\":\"Contenidos El Regional\",\"@id\":\"http:\/\/elregionalvm.com.ar\/noticias-villa-maria\/#\/schema\/person\/a0fb9c422317faca23d50163151bc354\"},\"headline\":\"Villa Mar\u00eda: 3 nuevos casos, 33 en total\",\"datePublished\":\"2020-07-30T00:09:37+00:00\",\"dateModified\":\"2020-07-30T01:18:03+00:00\",\"mainEntityOfPage\":{\"@id\":\"http:\/\/elregionalvm.com.ar\/noticias-villa-maria\/villa-maria-3-nuevos-casos-33-en-total\/\"},\"wordCount\":491,\"commentCount\":0,\"image\":{\"@id\":\"http:\/\/elregionalvm.com.ar\/noticias-villa-maria\/villa-maria-3-nuevos-casos-33-en-total\/#primaryimage\"},\"thumbnailUrl\":\"https:\/\/i0.wp.com\/elregionalvm.com.ar\/noticias-villa-maria\/wp-content\/uploads\/2020\/07\/Rosso-Graglia-informe-diario.jpg?fit=1201%2C635&ssl=1\",\"keywords\":[\"COE\",\"Covid-19\",\"destacado\",\"Hospital Pasteur\",\"Informe epidemiol\u00f3gico\",\"Municipalidad de Villa Mar\u00eda\",\"Nuevos casos\",\"pandemia\",\"Villa Mar\u00eda\"],\"articleSection\":[\"Coronavirus\",\"Videos\"],\"inLanguage\":\"es\",\"potentialAction\":[{\"@type\":\"CommentAction\",\"name\":\"Comment\",\"target\":[\"http:\/\/elregionalvm.com.ar\/noticias-villa-maria\/villa-maria-3-nuevos-casos-33-en-total\/#respond\"]}]},{\"@type\":\"WebPage\",\"@id\":\"http:\/\/elregionalvm.com.ar\/noticias-villa-maria\/villa-maria-3-nuevos-casos-33-en-total\/\",\"url\":\"http:\/\/elregionalvm.com.ar\/noticias-villa-maria\/villa-maria-3-nuevos-casos-33-en-total\/\",\"name\":\"Villa Mar\u00eda: 3 nuevos casos, 33 en total - El Regional\",\"isPartOf\":{\"@id\":\"http:\/\/elregionalvm.com.ar\/noticias-villa-maria\/#website\"},\"primaryImageOfPage\":{\"@id\":\"http:\/\/elregionalvm.com.ar\/noticias-villa-maria\/villa-maria-3-nuevos-casos-33-en-total\/#primaryimage\"},\"image\":{\"@id\":\"http:\/\/elregionalvm.com.ar\/noticias-villa-maria\/villa-maria-3-nuevos-casos-33-en-total\/#primaryimage\"},\"thumbnailUrl\":\"https:\/\/i0.wp.com\/elregionalvm.com.ar\/noticias-villa-maria\/wp-content\/uploads\/2020\/07\/Rosso-Graglia-informe-diario.jpg?fit=1201%2C635&ssl=1\",\"datePublished\":\"2020-07-30T00:09:37+00:00\",\"dateModified\":\"2020-07-30T01:18:03+00:00\",\"author\":{\"@id\":\"http:\/\/elregionalvm.com.ar\/noticias-villa-maria\/#\/schema\/person\/a0fb9c422317faca23d50163151bc354\"},\"description\":\"En un nuevo informe de la situaci\u00f3n epidemiol\u00f3gica en Villa Mar\u00eda por la pandemia de Covid 19, el municipio confirm\u00f3 3 nuevos casos positivos de Covid 19.\",\"breadcrumb\":{\"@id\":\"http:\/\/elregionalvm.com.ar\/noticias-villa-maria\/villa-maria-3-nuevos-casos-33-en-total\/#breadcrumb\"},\"inLanguage\":\"es\",\"potentialAction\":[{\"@type\":\"ReadAction\",\"target\":[\"http:\/\/elregionalvm.com.ar\/noticias-villa-maria\/villa-maria-3-nuevos-casos-33-en-total\/\"]}]},{\"@type\":\"ImageObject\",\"inLanguage\":\"es\",\"@id\":\"http:\/\/elregionalvm.com.ar\/noticias-villa-maria\/villa-maria-3-nuevos-casos-33-en-total\/#primaryimage\",\"url\":\"https:\/\/i0.wp.com\/elregionalvm.com.ar\/noticias-villa-maria\/wp-content\/uploads\/2020\/07\/Rosso-Graglia-informe-diario.jpg?fit=1201%2C635&ssl=1\",\"contentUrl\":\"https:\/\/i0.wp.com\/elregionalvm.com.ar\/noticias-villa-maria\/wp-content\/uploads\/2020\/07\/Rosso-Graglia-informe-diario.jpg?fit=1201%2C635&ssl=1\",\"width\":1201,\"height\":635},{\"@type\":\"BreadcrumbList\",\"@id\":\"http:\/\/elregionalvm.com.ar\/noticias-villa-maria\/villa-maria-3-nuevos-casos-33-en-total\/#breadcrumb\",\"itemListElement\":[{\"@type\":\"ListItem\",\"position\":1,\"name\":\"Portada\",\"item\":\"https:\/\/elregionalvm.com.ar\/noticias-villa-maria\/\"},{\"@type\":\"ListItem\",\"position\":2,\"name\":\"Villa Mar\u00eda: 3 nuevos casos, 33 en total\"}]},{\"@type\":\"WebSite\",\"@id\":\"http:\/\/elregionalvm.com.ar\/noticias-villa-maria\/#website\",\"url\":\"http:\/\/elregionalvm.com.ar\/noticias-villa-maria\/\",\"name\":\"El Regional\",\"description\":\"Mucho m\u00e1s que informaci\u00f3n\",\"potentialAction\":[{\"@type\":\"SearchAction\",\"target\":{\"@type\":\"EntryPoint\",\"urlTemplate\":\"http:\/\/elregionalvm.com.ar\/noticias-villa-maria\/?s={search_term_string}\"},\"query-input\":{\"@type\":\"PropertyValueSpecification\",\"valueRequired\":true,\"valueName\":\"search_term_string\"}}],\"inLanguage\":\"es\"},{\"@type\":\"Person\",\"@id\":\"http:\/\/elregionalvm.com.ar\/noticias-villa-maria\/#\/schema\/person\/a0fb9c422317faca23d50163151bc354\",\"name\":\"Contenidos El Regional\",\"image\":{\"@type\":\"ImageObject\",\"inLanguage\":\"es\",\"@id\":\"http:\/\/elregionalvm.com.ar\/noticias-villa-maria\/#\/schema\/person\/image\/\",\"url\":\"https:\/\/secure.gravatar.com\/avatar\/265b27cb2209af7bb3a1318f03305787d7981a5cc6e6cd08fe5a4ecdf99d4b48?s=96&d=mm&r=g\",\"contentUrl\":\"https:\/\/secure.gravatar.com\/avatar\/265b27cb2209af7bb3a1318f03305787d7981a5cc6e6cd08fe5a4ecdf99d4b48?s=96&d=mm&r=g\",\"caption\":\"Contenidos El Regional\"},\"url\":\"https:\/\/elregionalvm.com.ar\/noticias-villa-maria\/author\/contenido\/\"}]}<\/script>\n<!-- \/ Yoast SEO plugin. -->","yoast_head_json":{"title":"Villa Mar\u00eda: 3 nuevos casos, 33 en total - El Regional","description":"En un nuevo informe de la situaci\u00f3n epidemiol\u00f3gica en Villa Mar\u00eda por la pandemia de Covid 19, el municipio confirm\u00f3 3 nuevos casos positivos de Covid 19.","robots":{"index":"index","follow":"follow","max-snippet":"max-snippet:-1","max-image-preview":"max-image-preview:large","max-video-preview":"max-video-preview:-1"},"canonical":"http:\/\/elregionalvm.com.ar\/noticias-villa-maria\/villa-maria-3-nuevos-casos-33-en-total\/","og_locale":"es_ES","og_type":"article","og_title":"Villa Mar\u00eda: 3 nuevos casos, 33 en total - El Regional","og_description":"En un nuevo informe de la situaci\u00f3n epidemiol\u00f3gica en Villa Mar\u00eda por la pandemia de Covid 19, el municipio confirm\u00f3 3 nuevos casos positivos de Covid 19.","og_url":"http:\/\/elregionalvm.com.ar\/noticias-villa-maria\/villa-maria-3-nuevos-casos-33-en-total\/","og_site_name":"El Regional","article_publisher":"https:\/\/www.facebook.com\/elregionalvm","article_published_time":"2020-07-30T00:09:37+00:00","article_modified_time":"2020-07-30T01:18:03+00:00","og_image":[{"width":1201,"height":635,"url":"http:\/\/elregionalvm.com.ar\/noticias-villa-maria\/wp-content\/uploads\/2020\/07\/Rosso-Graglia-informe-diario.jpg","type":"image\/jpeg"}],"author":"Contenidos El Regional","twitter_card":"summary_large_image","twitter_creator":"@elregionalvm1","twitter_site":"@elregionalvm1","twitter_misc":{"Escrito por":"Contenidos El Regional","Tiempo de lectura":"2 minutos"},"schema":{"@context":"https:\/\/schema.org","@graph":[{"@type":"Article","@id":"http:\/\/elregionalvm.com.ar\/noticias-villa-maria\/villa-maria-3-nuevos-casos-33-en-total\/#article","isPartOf":{"@id":"http:\/\/elregionalvm.com.ar\/noticias-villa-maria\/villa-maria-3-nuevos-casos-33-en-total\/"},"author":{"name":"Contenidos El Regional","@id":"http:\/\/elregionalvm.com.ar\/noticias-villa-maria\/#\/schema\/person\/a0fb9c422317faca23d50163151bc354"},"headline":"Villa Mar\u00eda: 3 nuevos casos, 33 en total","datePublished":"2020-07-30T00:09:37+00:00","dateModified":"2020-07-30T01:18:03+00:00","mainEntityOfPage":{"@id":"http:\/\/elregionalvm.com.ar\/noticias-villa-maria\/villa-maria-3-nuevos-casos-33-en-total\/"},"wordCount":491,"commentCount":0,"image":{"@id":"http:\/\/elregionalvm.com.ar\/noticias-villa-maria\/villa-maria-3-nuevos-casos-33-en-total\/#primaryimage"},"thumbnailUrl":"https:\/\/i0.wp.com\/elregionalvm.com.ar\/noticias-villa-maria\/wp-content\/uploads\/2020\/07\/Rosso-Graglia-informe-diario.jpg?fit=1201%2C635&ssl=1","keywords":["COE","Covid-19","destacado","Hospital Pasteur","Informe epidemiol\u00f3gico","Municipalidad de Villa Mar\u00eda","Nuevos casos","pandemia","Villa Mar\u00eda"],"articleSection":["Coronavirus","Videos"],"inLanguage":"es","potentialAction":[{"@type":"CommentAction","name":"Comment","target":["http:\/\/elregionalvm.com.ar\/noticias-villa-maria\/villa-maria-3-nuevos-casos-33-en-total\/#respond"]}]},{"@type":"WebPage","@id":"http:\/\/elregionalvm.com.ar\/noticias-villa-maria\/villa-maria-3-nuevos-casos-33-en-total\/","url":"http:\/\/elregionalvm.com.ar\/noticias-villa-maria\/villa-maria-3-nuevos-casos-33-en-total\/","name":"Villa Mar\u00eda: 3 nuevos casos, 33 en total - El Regional","isPartOf":{"@id":"http:\/\/elregionalvm.com.ar\/noticias-villa-maria\/#website"},"primaryImageOfPage":{"@id":"http:\/\/elregionalvm.com.ar\/noticias-villa-maria\/villa-maria-3-nuevos-casos-33-en-total\/#primaryimage"},"image":{"@id":"http:\/\/elregionalvm.com.ar\/noticias-villa-maria\/villa-maria-3-nuevos-casos-33-en-total\/#primaryimage"},"thumbnailUrl":"https:\/\/i0.wp.com\/elregionalvm.com.ar\/noticias-villa-maria\/wp-content\/uploads\/2020\/07\/Rosso-Graglia-informe-diario.jpg?fit=1201%2C635&ssl=1","datePublished":"2020-07-30T00:09:37+00:00","dateModified":"2020-07-30T01:18:03+00:00","author":{"@id":"http:\/\/elregionalvm.com.ar\/noticias-villa-maria\/#\/schema\/person\/a0fb9c422317faca23d50163151bc354"},"description":"En un nuevo informe de la situaci\u00f3n epidemiol\u00f3gica en Villa Mar\u00eda por la pandemia de Covid 19, el municipio confirm\u00f3 3 nuevos casos positivos de Covid 19.","breadcrumb":{"@id":"http:\/\/elregionalvm.com.ar\/noticias-villa-maria\/villa-maria-3-nuevos-casos-33-en-total\/#breadcrumb"},"inLanguage":"es","potentialAction":[{"@type":"ReadAction","target":["http:\/\/elregionalvm.com.ar\/noticias-villa-maria\/villa-maria-3-nuevos-casos-33-en-total\/"]}]},{"@type":"ImageObject","inLanguage":"es","@id":"http:\/\/elregionalvm.com.ar\/noticias-villa-maria\/villa-maria-3-nuevos-casos-33-en-total\/#primaryimage","url":"https:\/\/i0.wp.com\/elregionalvm.com.ar\/noticias-villa-maria\/wp-content\/uploads\/2020\/07\/Rosso-Graglia-informe-diario.jpg?fit=1201%2C635&ssl=1","contentUrl":"https:\/\/i0.wp.com\/elregionalvm.com.ar\/noticias-villa-maria\/wp-content\/uploads\/2020\/07\/Rosso-Graglia-informe-diario.jpg?fit=1201%2C635&ssl=1","width":1201,"height":635},{"@type":"BreadcrumbList","@id":"http:\/\/elregionalvm.com.ar\/noticias-villa-maria\/villa-maria-3-nuevos-casos-33-en-total\/#breadcrumb","itemListElement":[{"@type":"ListItem","position":1,"name":"Portada","item":"https:\/\/elregionalvm.com.ar\/noticias-villa-maria\/"},{"@type":"ListItem","position":2,"name":"Villa Mar\u00eda: 3 nuevos casos, 33 en total"}]},{"@type":"WebSite","@id":"http:\/\/elregionalvm.com.ar\/noticias-villa-maria\/#website","url":"http:\/\/elregionalvm.com.ar\/noticias-villa-maria\/","name":"El Regional","description":"Mucho m\u00e1s que informaci\u00f3n","potentialAction":[{"@type":"SearchAction","target":{"@type":"EntryPoint","urlTemplate":"http:\/\/elregionalvm.com.ar\/noticias-villa-maria\/?s={search_term_string}"},"query-input":{"@type":"PropertyValueSpecification","valueRequired":true,"valueName":"search_term_string"}}],"inLanguage":"es"},{"@type":"Person","@id":"http:\/\/elregionalvm.com.ar\/noticias-villa-maria\/#\/schema\/person\/a0fb9c422317faca23d50163151bc354","name":"Contenidos El Regional","image":{"@type":"ImageObject","inLanguage":"es","@id":"http:\/\/elregionalvm.com.ar\/noticias-villa-maria\/#\/schema\/person\/image\/","url":"https:\/\/secure.gravatar.com\/avatar\/265b27cb2209af7bb3a1318f03305787d7981a5cc6e6cd08fe5a4ecdf99d4b48?s=96&d=mm&r=g","contentUrl":"https:\/\/secure.gravatar.com\/avatar\/265b27cb2209af7bb3a1318f03305787d7981a5cc6e6cd08fe5a4ecdf99d4b48?s=96&d=mm&r=g","caption":"Contenidos El Regional"},"url":"https:\/\/elregionalvm.com.ar\/noticias-villa-maria\/author\/contenido\/"}]}},"jetpack_featured_media_url":"https:\/\/i0.wp.com\/elregionalvm.com.ar\/noticias-villa-maria\/wp-content\/uploads\/2020\/07\/Rosso-Graglia-informe-diario.jpg?fit=1201%2C635&ssl=1","jetpack_sharing_enabled":true,"_links":{"self":[{"href":"https:\/\/elregionalvm.com.ar\/noticias-villa-maria\/wp-json\/wp\/v2\/posts\/21075","targetHints":{"allow":["GET"]}}],"collection":[{"href":"https:\/\/elregionalvm.com.ar\/noticias-villa-maria\/wp-json\/wp\/v2\/posts"}],"about":[{"href":"https:\/\/elregionalvm.com.ar\/noticias-villa-maria\/wp-json\/wp\/v2\/types\/post"}],"author":[{"embeddable":true,"href":"https:\/\/elregionalvm.com.ar\/noticias-villa-maria\/wp-json\/wp\/v2\/users\/4"}],"replies":[{"embeddable":true,"href":"https:\/\/elregionalvm.com.ar\/noticias-villa-maria\/wp-json\/wp\/v2\/comments?post=21075"}],"version-history":[{"count":7,"href":"https:\/\/elregionalvm.com.ar\/noticias-villa-maria\/wp-json\/wp\/v2\/posts\/21075\/revisions"}],"predecessor-version":[{"id":21092,"href":"https:\/\/elregionalvm.com.ar\/noticias-villa-maria\/wp-json\/wp\/v2\/posts\/21075\/revisions\/21092"}],"wp:featuredmedia":[{"embeddable":true,"href":"https:\/\/elregionalvm.com.ar\/noticias-villa-maria\/wp-json\/wp\/v2\/media\/21078"}],"wp:attachment":[{"href":"https:\/\/elregionalvm.com.ar\/noticias-villa-maria\/wp-json\/wp\/v2\/media?parent=21075"}],"wp:term":[{"taxonomy":"category","embeddable":true,"href":"https:\/\/elregionalvm.com.ar\/noticias-villa-maria\/wp-json\/wp\/v2\/categories?post=21075"},{"taxonomy":"post_tag","embeddable":true,"href":"https:\/\/elregionalvm.com.ar\/noticias-villa-maria\/wp-json\/wp\/v2\/tags?post=21075"}],"curies":[{"name":"wp","href":"https:\/\/api.w.org\/{rel}","templated":true}]}}