{"id":21149,"date":"2020-07-31T00:02:52","date_gmt":"2020-07-31T00:02:52","guid":{"rendered":"https:\/\/elregionalvm.com.ar\/noticias-villa-maria\/?p=21149"},"modified":"2020-07-31T00:02:53","modified_gmt":"2020-07-31T00:02:53","slug":"villa-maria-8-nuevos-casos-41-en-total","status":"publish","type":"post","link":"https:\/\/elregionalvm.com.ar\/noticias-villa-maria\/villa-maria-8-nuevos-casos-41-en-total\/","title":{"rendered":"Villa Mar\u00eda: 8 nuevos casos, 41 en total"},"content":{"rendered":"\n<p>En un nuevo informe de la situaci\u00f3n epidemiol\u00f3gica en Villa Mar\u00eda por la pandemia de Covid 19, el municipio confirm\u00f3 8 nuevos casos positivos de Covid 19.<\/p>\n\n\n\n<p>De esta manera, suman 41 los casos positivos hasta el momento en la ciudad. Todos los pacientes permanecen en sus domicilios aislados, con sintomatolog\u00eda leve o asintom\u00e1ticos.<\/p>\n\n\n\n<p>La mayor parte de los contagios se relacionan con brotes surgidos en la regi\u00f3n, en Marcos Ju\u00e1rez y Oliva sobre todo. Pero, hay algunos pocos de los cuales a\u00fan no se ha podido trazar su origen. <\/p>\n\n\n\n<p>En cuanto a los contactos estrechos, totalizan 155, de los cuales 65 ya recibieron el primer hisopado negativo. Por lo tanto, restan de conocerse los resultados de 90 hisopados. <\/p>\n\n\n\n<p><\/p>\n","protected":false},"excerpt":{"rendered":"<p>En un nuevo informe de la situaci\u00f3n epidemiol\u00f3gica en Villa Mar\u00eda por la pandemia de Covid 19, el municipio confirm\u00f3 8 nuevos casos positivos de Covid 19. De esta manera, suman 41 los casos positivos hasta el momento en la ciudad. Todos los pacientes permanecen en sus domicilios aislados, con sintomatolog\u00eda leve o asintom\u00e1ticos. La [&hellip;]<\/p>\n","protected":false},"author":4,"featured_media":21150,"comment_status":"open","ping_status":"open","sticky":false,"template":"","format":"standard","meta":{"site-sidebar-layout":"default","site-content-layout":"default","ast-site-content-layout":"default","site-content-style":"default","site-sidebar-style":"default","ast-global-header-display":"","ast-banner-title-visibility":"","ast-main-header-display":"","ast-hfb-above-header-display":"","ast-hfb-below-header-display":"","ast-hfb-mobile-header-display":"","site-post-title":"","ast-breadcrumbs-content":"","ast-featured-img":"","footer-sml-layout":"","ast-disable-related-posts":"","theme-transparent-header-meta":"default","adv-header-id-meta":"","stick-header-meta":"","header-above-stick-meta":"","header-main-stick-meta":"","header-below-stick-meta":"","astra-migrate-meta-layouts":"default","ast-page-background-enabled":"default","ast-page-background-meta":{"desktop":{"background-color":"","background-image":"","background-repeat":"repeat","background-position":"center center","background-size":"auto","background-attachment":"scroll","background-type":"","background-media":"","overlay-type":"","overlay-color":"","overlay-opacity":"","overlay-gradient":""},"tablet":{"background-color":"","background-image":"","background-repeat":"repeat","background-position":"center center","background-size":"auto","background-attachment":"scroll","background-type":"","background-media":"","overlay-type":"","overlay-color":"","overlay-opacity":"","overlay-gradient":""},"mobile":{"background-color":"","background-image":"","background-repeat":"repeat","background-position":"center center","background-size":"auto","background-attachment":"scroll","background-type":"","background-media":"","overlay-type":"","overlay-color":"","overlay-opacity":"","overlay-gradient":""}},"ast-content-background-meta":{"desktop":{"background-color":"var(--ast-global-color-5)","background-image":"","background-repeat":"repeat","background-position":"center center","background-size":"auto","background-attachment":"scroll","background-type":"","background-media":"","overlay-type":"","overlay-color":"","overlay-opacity":"","overlay-gradient":""},"tablet":{"background-color":"var(--ast-global-color-5)","background-image":"","background-repeat":"repeat","background-position":"center center","background-size":"auto","background-attachment":"scroll","background-type":"","background-media":"","overlay-type":"","overlay-color":"","overlay-opacity":"","overlay-gradient":""},"mobile":{"background-color":"var(--ast-global-color-5)","background-image":"","background-repeat":"repeat","background-position":"center center","background-size":"auto","background-attachment":"scroll","background-type":"","background-media":"","overlay-type":"","overlay-color":"","overlay-opacity":"","overlay-gradient":""}},"_jetpack_memberships_contains_paid_content":false,"_joinchat":[],"footnotes":""},"categories":[2256,2],"tags":[2865,1232,2496,2130,2623,2474,2597],"class_list":["post-21149","post","type-post","status-publish","format-standard","has-post-thumbnail","hentry","category-coronavirus","category-villa-maria","tag-covid-19-2","tag-destacado","tag-hisopados","tag-hospital-pasteur","tag-informe-epidemiologico","tag-municipalidad-de-villa-maria","tag-nuevos-casos"],"yoast_head":"<!-- This site is optimized with the Yoast SEO plugin v26.8 - https:\/\/yoast.com\/product\/yoast-seo-wordpress\/ -->\n<title>Villa Mar\u00eda: 8 nuevos casos, 41 en total - El Regional<\/title>\n<meta name=\"description\" content=\"En un nuevo informe de la situaci\u00f3n epidemiol\u00f3gica en Villa Mar\u00eda por la pandemia de Covid 19, el municipio confirm\u00f3 8 nuevos casos positivos de Covid 19.\" \/>\n<meta name=\"robots\" content=\"index, follow, max-snippet:-1, max-image-preview:large, max-video-preview:-1\" \/>\n<link rel=\"canonical\" href=\"http:\/\/elregionalvm.com.ar\/noticias-villa-maria\/villa-maria-8-nuevos-casos-41-en-total\/\" \/>\n<meta property=\"og:locale\" content=\"es_ES\" \/>\n<meta property=\"og:type\" content=\"article\" \/>\n<meta property=\"og:title\" content=\"Villa Mar\u00eda: 8 nuevos casos, 41 en total - El Regional\" \/>\n<meta property=\"og:description\" content=\"En un nuevo informe de la situaci\u00f3n epidemiol\u00f3gica en Villa Mar\u00eda por la pandemia de Covid 19, el municipio confirm\u00f3 8 nuevos casos positivos de Covid 19.\" \/>\n<meta property=\"og:url\" content=\"http:\/\/elregionalvm.com.ar\/noticias-villa-maria\/villa-maria-8-nuevos-casos-41-en-total\/\" \/>\n<meta property=\"og:site_name\" content=\"El Regional\" \/>\n<meta property=\"article:publisher\" content=\"https:\/\/www.facebook.com\/elregionalvm\" \/>\n<meta property=\"article:published_time\" content=\"2020-07-31T00:02:52+00:00\" \/>\n<meta property=\"article:modified_time\" content=\"2020-07-31T00:02:53+00:00\" \/>\n<meta property=\"og:image\" content=\"http:\/\/elregionalvm.com.ar\/noticias-villa-maria\/wp-content\/uploads\/2020\/07\/Informe-diario-30-de-julio-gr\u00e1fico-humanos.jpg\" \/>\n\t<meta property=\"og:image:width\" content=\"1119\" \/>\n\t<meta property=\"og:image:height\" content=\"665\" \/>\n\t<meta property=\"og:image:type\" content=\"image\/jpeg\" \/>\n<meta name=\"author\" content=\"Contenidos El Regional\" \/>\n<meta name=\"twitter:card\" content=\"summary_large_image\" \/>\n<meta name=\"twitter:creator\" content=\"@elregionalvm1\" \/>\n<meta name=\"twitter:site\" content=\"@elregionalvm1\" \/>\n<meta name=\"twitter:label1\" content=\"Escrito por\" \/>\n\t<meta name=\"twitter:data1\" content=\"Contenidos El Regional\" \/>\n\t<meta name=\"twitter:label2\" content=\"Tiempo de lectura\" \/>\n\t<meta name=\"twitter:data2\" content=\"1 minuto\" \/>\n<script type=\"application\/ld+json\" class=\"yoast-schema-graph\">{\"@context\":\"https:\/\/schema.org\",\"@graph\":[{\"@type\":\"Article\",\"@id\":\"http:\/\/elregionalvm.com.ar\/noticias-villa-maria\/villa-maria-8-nuevos-casos-41-en-total\/#article\",\"isPartOf\":{\"@id\":\"http:\/\/elregionalvm.com.ar\/noticias-villa-maria\/villa-maria-8-nuevos-casos-41-en-total\/\"},\"author\":{\"name\":\"Contenidos El Regional\",\"@id\":\"http:\/\/elregionalvm.com.ar\/noticias-villa-maria\/#\/schema\/person\/a0fb9c422317faca23d50163151bc354\"},\"headline\":\"Villa Mar\u00eda: 8 nuevos casos, 41 en total\",\"datePublished\":\"2020-07-31T00:02:52+00:00\",\"dateModified\":\"2020-07-31T00:02:53+00:00\",\"mainEntityOfPage\":{\"@id\":\"http:\/\/elregionalvm.com.ar\/noticias-villa-maria\/villa-maria-8-nuevos-casos-41-en-total\/\"},\"wordCount\":127,\"commentCount\":0,\"image\":{\"@id\":\"http:\/\/elregionalvm.com.ar\/noticias-villa-maria\/villa-maria-8-nuevos-casos-41-en-total\/#primaryimage\"},\"thumbnailUrl\":\"https:\/\/i0.wp.com\/elregionalvm.com.ar\/noticias-villa-maria\/wp-content\/uploads\/2020\/07\/Informe-diario-30-de-julio-gr%C3%A1fico-humanos.jpg?fit=1119%2C665&ssl=1\",\"keywords\":[\"Covid 19\",\"destacado\",\"Hisopados\",\"Hospital Pasteur\",\"Informe epidemiol\u00f3gico\",\"Municipalidad de Villa Mar\u00eda\",\"Nuevos casos\"],\"articleSection\":[\"Coronavirus\",\"Villa Mar\u00eda\"],\"inLanguage\":\"es\",\"potentialAction\":[{\"@type\":\"CommentAction\",\"name\":\"Comment\",\"target\":[\"http:\/\/elregionalvm.com.ar\/noticias-villa-maria\/villa-maria-8-nuevos-casos-41-en-total\/#respond\"]}]},{\"@type\":\"WebPage\",\"@id\":\"http:\/\/elregionalvm.com.ar\/noticias-villa-maria\/villa-maria-8-nuevos-casos-41-en-total\/\",\"url\":\"http:\/\/elregionalvm.com.ar\/noticias-villa-maria\/villa-maria-8-nuevos-casos-41-en-total\/\",\"name\":\"Villa Mar\u00eda: 8 nuevos casos, 41 en total - El Regional\",\"isPartOf\":{\"@id\":\"http:\/\/elregionalvm.com.ar\/noticias-villa-maria\/#website\"},\"primaryImageOfPage\":{\"@id\":\"http:\/\/elregionalvm.com.ar\/noticias-villa-maria\/villa-maria-8-nuevos-casos-41-en-total\/#primaryimage\"},\"image\":{\"@id\":\"http:\/\/elregionalvm.com.ar\/noticias-villa-maria\/villa-maria-8-nuevos-casos-41-en-total\/#primaryimage\"},\"thumbnailUrl\":\"https:\/\/i0.wp.com\/elregionalvm.com.ar\/noticias-villa-maria\/wp-content\/uploads\/2020\/07\/Informe-diario-30-de-julio-gr%C3%A1fico-humanos.jpg?fit=1119%2C665&ssl=1\",\"datePublished\":\"2020-07-31T00:02:52+00:00\",\"dateModified\":\"2020-07-31T00:02:53+00:00\",\"author\":{\"@id\":\"http:\/\/elregionalvm.com.ar\/noticias-villa-maria\/#\/schema\/person\/a0fb9c422317faca23d50163151bc354\"},\"description\":\"En un nuevo informe de la situaci\u00f3n epidemiol\u00f3gica en Villa Mar\u00eda por la pandemia de Covid 19, el municipio confirm\u00f3 8 nuevos casos positivos de Covid 19.\",\"breadcrumb\":{\"@id\":\"http:\/\/elregionalvm.com.ar\/noticias-villa-maria\/villa-maria-8-nuevos-casos-41-en-total\/#breadcrumb\"},\"inLanguage\":\"es\",\"potentialAction\":[{\"@type\":\"ReadAction\",\"target\":[\"http:\/\/elregionalvm.com.ar\/noticias-villa-maria\/villa-maria-8-nuevos-casos-41-en-total\/\"]}]},{\"@type\":\"ImageObject\",\"inLanguage\":\"es\",\"@id\":\"http:\/\/elregionalvm.com.ar\/noticias-villa-maria\/villa-maria-8-nuevos-casos-41-en-total\/#primaryimage\",\"url\":\"https:\/\/i0.wp.com\/elregionalvm.com.ar\/noticias-villa-maria\/wp-content\/uploads\/2020\/07\/Informe-diario-30-de-julio-gr%C3%A1fico-humanos.jpg?fit=1119%2C665&ssl=1\",\"contentUrl\":\"https:\/\/i0.wp.com\/elregionalvm.com.ar\/noticias-villa-maria\/wp-content\/uploads\/2020\/07\/Informe-diario-30-de-julio-gr%C3%A1fico-humanos.jpg?fit=1119%2C665&ssl=1\",\"width\":1119,\"height\":665},{\"@type\":\"BreadcrumbList\",\"@id\":\"http:\/\/elregionalvm.com.ar\/noticias-villa-maria\/villa-maria-8-nuevos-casos-41-en-total\/#breadcrumb\",\"itemListElement\":[{\"@type\":\"ListItem\",\"position\":1,\"name\":\"Portada\",\"item\":\"https:\/\/elregionalvm.com.ar\/noticias-villa-maria\/\"},{\"@type\":\"ListItem\",\"position\":2,\"name\":\"Villa Mar\u00eda: 8 nuevos casos, 41 en total\"}]},{\"@type\":\"WebSite\",\"@id\":\"http:\/\/elregionalvm.com.ar\/noticias-villa-maria\/#website\",\"url\":\"http:\/\/elregionalvm.com.ar\/noticias-villa-maria\/\",\"name\":\"El Regional\",\"description\":\"Mucho m\u00e1s que informaci\u00f3n\",\"potentialAction\":[{\"@type\":\"SearchAction\",\"target\":{\"@type\":\"EntryPoint\",\"urlTemplate\":\"http:\/\/elregionalvm.com.ar\/noticias-villa-maria\/?s={search_term_string}\"},\"query-input\":{\"@type\":\"PropertyValueSpecification\",\"valueRequired\":true,\"valueName\":\"search_term_string\"}}],\"inLanguage\":\"es\"},{\"@type\":\"Person\",\"@id\":\"http:\/\/elregionalvm.com.ar\/noticias-villa-maria\/#\/schema\/person\/a0fb9c422317faca23d50163151bc354\",\"name\":\"Contenidos El Regional\",\"image\":{\"@type\":\"ImageObject\",\"inLanguage\":\"es\",\"@id\":\"http:\/\/elregionalvm.com.ar\/noticias-villa-maria\/#\/schema\/person\/image\/\",\"url\":\"https:\/\/secure.gravatar.com\/avatar\/265b27cb2209af7bb3a1318f03305787d7981a5cc6e6cd08fe5a4ecdf99d4b48?s=96&d=mm&r=g\",\"contentUrl\":\"https:\/\/secure.gravatar.com\/avatar\/265b27cb2209af7bb3a1318f03305787d7981a5cc6e6cd08fe5a4ecdf99d4b48?s=96&d=mm&r=g\",\"caption\":\"Contenidos El Regional\"},\"url\":\"https:\/\/elregionalvm.com.ar\/noticias-villa-maria\/author\/contenido\/\"}]}<\/script>\n<!-- \/ Yoast SEO plugin. -->","yoast_head_json":{"title":"Villa Mar\u00eda: 8 nuevos casos, 41 en total - El Regional","description":"En un nuevo informe de la situaci\u00f3n epidemiol\u00f3gica en Villa Mar\u00eda por la pandemia de Covid 19, el municipio confirm\u00f3 8 nuevos casos positivos de Covid 19.","robots":{"index":"index","follow":"follow","max-snippet":"max-snippet:-1","max-image-preview":"max-image-preview:large","max-video-preview":"max-video-preview:-1"},"canonical":"http:\/\/elregionalvm.com.ar\/noticias-villa-maria\/villa-maria-8-nuevos-casos-41-en-total\/","og_locale":"es_ES","og_type":"article","og_title":"Villa Mar\u00eda: 8 nuevos casos, 41 en total - El Regional","og_description":"En un nuevo informe de la situaci\u00f3n epidemiol\u00f3gica en Villa Mar\u00eda por la pandemia de Covid 19, el municipio confirm\u00f3 8 nuevos casos positivos de Covid 19.","og_url":"http:\/\/elregionalvm.com.ar\/noticias-villa-maria\/villa-maria-8-nuevos-casos-41-en-total\/","og_site_name":"El Regional","article_publisher":"https:\/\/www.facebook.com\/elregionalvm","article_published_time":"2020-07-31T00:02:52+00:00","article_modified_time":"2020-07-31T00:02:53+00:00","og_image":[{"width":1119,"height":665,"url":"http:\/\/elregionalvm.com.ar\/noticias-villa-maria\/wp-content\/uploads\/2020\/07\/Informe-diario-30-de-julio-gr\u00e1fico-humanos.jpg","type":"image\/jpeg"}],"author":"Contenidos El Regional","twitter_card":"summary_large_image","twitter_creator":"@elregionalvm1","twitter_site":"@elregionalvm1","twitter_misc":{"Escrito por":"Contenidos El Regional","Tiempo de lectura":"1 minuto"},"schema":{"@context":"https:\/\/schema.org","@graph":[{"@type":"Article","@id":"http:\/\/elregionalvm.com.ar\/noticias-villa-maria\/villa-maria-8-nuevos-casos-41-en-total\/#article","isPartOf":{"@id":"http:\/\/elregionalvm.com.ar\/noticias-villa-maria\/villa-maria-8-nuevos-casos-41-en-total\/"},"author":{"name":"Contenidos El Regional","@id":"http:\/\/elregionalvm.com.ar\/noticias-villa-maria\/#\/schema\/person\/a0fb9c422317faca23d50163151bc354"},"headline":"Villa Mar\u00eda: 8 nuevos casos, 41 en total","datePublished":"2020-07-31T00:02:52+00:00","dateModified":"2020-07-31T00:02:53+00:00","mainEntityOfPage":{"@id":"http:\/\/elregionalvm.com.ar\/noticias-villa-maria\/villa-maria-8-nuevos-casos-41-en-total\/"},"wordCount":127,"commentCount":0,"image":{"@id":"http:\/\/elregionalvm.com.ar\/noticias-villa-maria\/villa-maria-8-nuevos-casos-41-en-total\/#primaryimage"},"thumbnailUrl":"https:\/\/i0.wp.com\/elregionalvm.com.ar\/noticias-villa-maria\/wp-content\/uploads\/2020\/07\/Informe-diario-30-de-julio-gr%C3%A1fico-humanos.jpg?fit=1119%2C665&ssl=1","keywords":["Covid 19","destacado","Hisopados","Hospital Pasteur","Informe epidemiol\u00f3gico","Municipalidad de Villa Mar\u00eda","Nuevos casos"],"articleSection":["Coronavirus","Villa Mar\u00eda"],"inLanguage":"es","potentialAction":[{"@type":"CommentAction","name":"Comment","target":["http:\/\/elregionalvm.com.ar\/noticias-villa-maria\/villa-maria-8-nuevos-casos-41-en-total\/#respond"]}]},{"@type":"WebPage","@id":"http:\/\/elregionalvm.com.ar\/noticias-villa-maria\/villa-maria-8-nuevos-casos-41-en-total\/","url":"http:\/\/elregionalvm.com.ar\/noticias-villa-maria\/villa-maria-8-nuevos-casos-41-en-total\/","name":"Villa Mar\u00eda: 8 nuevos casos, 41 en total - El Regional","isPartOf":{"@id":"http:\/\/elregionalvm.com.ar\/noticias-villa-maria\/#website"},"primaryImageOfPage":{"@id":"http:\/\/elregionalvm.com.ar\/noticias-villa-maria\/villa-maria-8-nuevos-casos-41-en-total\/#primaryimage"},"image":{"@id":"http:\/\/elregionalvm.com.ar\/noticias-villa-maria\/villa-maria-8-nuevos-casos-41-en-total\/#primaryimage"},"thumbnailUrl":"https:\/\/i0.wp.com\/elregionalvm.com.ar\/noticias-villa-maria\/wp-content\/uploads\/2020\/07\/Informe-diario-30-de-julio-gr%C3%A1fico-humanos.jpg?fit=1119%2C665&ssl=1","datePublished":"2020-07-31T00:02:52+00:00","dateModified":"2020-07-31T00:02:53+00:00","author":{"@id":"http:\/\/elregionalvm.com.ar\/noticias-villa-maria\/#\/schema\/person\/a0fb9c422317faca23d50163151bc354"},"description":"En un nuevo informe de la situaci\u00f3n epidemiol\u00f3gica en Villa Mar\u00eda por la pandemia de Covid 19, el municipio confirm\u00f3 8 nuevos casos positivos de Covid 19.","breadcrumb":{"@id":"http:\/\/elregionalvm.com.ar\/noticias-villa-maria\/villa-maria-8-nuevos-casos-41-en-total\/#breadcrumb"},"inLanguage":"es","potentialAction":[{"@type":"ReadAction","target":["http:\/\/elregionalvm.com.ar\/noticias-villa-maria\/villa-maria-8-nuevos-casos-41-en-total\/"]}]},{"@type":"ImageObject","inLanguage":"es","@id":"http:\/\/elregionalvm.com.ar\/noticias-villa-maria\/villa-maria-8-nuevos-casos-41-en-total\/#primaryimage","url":"https:\/\/i0.wp.com\/elregionalvm.com.ar\/noticias-villa-maria\/wp-content\/uploads\/2020\/07\/Informe-diario-30-de-julio-gr%C3%A1fico-humanos.jpg?fit=1119%2C665&ssl=1","contentUrl":"https:\/\/i0.wp.com\/elregionalvm.com.ar\/noticias-villa-maria\/wp-content\/uploads\/2020\/07\/Informe-diario-30-de-julio-gr%C3%A1fico-humanos.jpg?fit=1119%2C665&ssl=1","width":1119,"height":665},{"@type":"BreadcrumbList","@id":"http:\/\/elregionalvm.com.ar\/noticias-villa-maria\/villa-maria-8-nuevos-casos-41-en-total\/#breadcrumb","itemListElement":[{"@type":"ListItem","position":1,"name":"Portada","item":"https:\/\/elregionalvm.com.ar\/noticias-villa-maria\/"},{"@type":"ListItem","position":2,"name":"Villa Mar\u00eda: 8 nuevos casos, 41 en total"}]},{"@type":"WebSite","@id":"http:\/\/elregionalvm.com.ar\/noticias-villa-maria\/#website","url":"http:\/\/elregionalvm.com.ar\/noticias-villa-maria\/","name":"El Regional","description":"Mucho m\u00e1s que informaci\u00f3n","potentialAction":[{"@type":"SearchAction","target":{"@type":"EntryPoint","urlTemplate":"http:\/\/elregionalvm.com.ar\/noticias-villa-maria\/?s={search_term_string}"},"query-input":{"@type":"PropertyValueSpecification","valueRequired":true,"valueName":"search_term_string"}}],"inLanguage":"es"},{"@type":"Person","@id":"http:\/\/elregionalvm.com.ar\/noticias-villa-maria\/#\/schema\/person\/a0fb9c422317faca23d50163151bc354","name":"Contenidos El Regional","image":{"@type":"ImageObject","inLanguage":"es","@id":"http:\/\/elregionalvm.com.ar\/noticias-villa-maria\/#\/schema\/person\/image\/","url":"https:\/\/secure.gravatar.com\/avatar\/265b27cb2209af7bb3a1318f03305787d7981a5cc6e6cd08fe5a4ecdf99d4b48?s=96&d=mm&r=g","contentUrl":"https:\/\/secure.gravatar.com\/avatar\/265b27cb2209af7bb3a1318f03305787d7981a5cc6e6cd08fe5a4ecdf99d4b48?s=96&d=mm&r=g","caption":"Contenidos El Regional"},"url":"https:\/\/elregionalvm.com.ar\/noticias-villa-maria\/author\/contenido\/"}]}},"jetpack_featured_media_url":"https:\/\/i0.wp.com\/elregionalvm.com.ar\/noticias-villa-maria\/wp-content\/uploads\/2020\/07\/Informe-diario-30-de-julio-gr%C3%A1fico-humanos.jpg?fit=1119%2C665&ssl=1","jetpack_sharing_enabled":true,"_links":{"self":[{"href":"https:\/\/elregionalvm.com.ar\/noticias-villa-maria\/wp-json\/wp\/v2\/posts\/21149","targetHints":{"allow":["GET"]}}],"collection":[{"href":"https:\/\/elregionalvm.com.ar\/noticias-villa-maria\/wp-json\/wp\/v2\/posts"}],"about":[{"href":"https:\/\/elregionalvm.com.ar\/noticias-villa-maria\/wp-json\/wp\/v2\/types\/post"}],"author":[{"embeddable":true,"href":"https:\/\/elregionalvm.com.ar\/noticias-villa-maria\/wp-json\/wp\/v2\/users\/4"}],"replies":[{"embeddable":true,"href":"https:\/\/elregionalvm.com.ar\/noticias-villa-maria\/wp-json\/wp\/v2\/comments?post=21149"}],"version-history":[{"count":1,"href":"https:\/\/elregionalvm.com.ar\/noticias-villa-maria\/wp-json\/wp\/v2\/posts\/21149\/revisions"}],"predecessor-version":[{"id":21151,"href":"https:\/\/elregionalvm.com.ar\/noticias-villa-maria\/wp-json\/wp\/v2\/posts\/21149\/revisions\/21151"}],"wp:featuredmedia":[{"embeddable":true,"href":"https:\/\/elregionalvm.com.ar\/noticias-villa-maria\/wp-json\/wp\/v2\/media\/21150"}],"wp:attachment":[{"href":"https:\/\/elregionalvm.com.ar\/noticias-villa-maria\/wp-json\/wp\/v2\/media?parent=21149"}],"wp:term":[{"taxonomy":"category","embeddable":true,"href":"https:\/\/elregionalvm.com.ar\/noticias-villa-maria\/wp-json\/wp\/v2\/categories?post=21149"},{"taxonomy":"post_tag","embeddable":true,"href":"https:\/\/elregionalvm.com.ar\/noticias-villa-maria\/wp-json\/wp\/v2\/tags?post=21149"}],"curies":[{"name":"wp","href":"https:\/\/api.w.org\/{rel}","templated":true}]}}