{"id":21174,"date":"2020-07-31T13:50:07","date_gmt":"2020-07-31T13:50:07","guid":{"rendered":"https:\/\/elregionalvm.com.ar\/noticias-villa-maria\/?p=21174"},"modified":"2020-07-31T13:50:08","modified_gmt":"2020-07-31T13:50:08","slug":"intendente-repudio-comunicado-de-la-ucr-sobre-gill","status":"publish","type":"post","link":"https:\/\/elregionalvm.com.ar\/noticias-villa-maria\/intendente-repudio-comunicado-de-la-ucr-sobre-gill\/","title":{"rendered":"Intendente repudi\u00f3 comunicado de la UCR sobre Gill"},"content":{"rendered":"\n<p>El jefe comunal de Dalmacio V\u00e9lez Daniel Torres expres\u00f3 su \u201crepudio por la canallesca actitud asumida por un partido que presume en los foros p\u00fablicos de democr\u00e1tico y de ser respetuoso de las reglas republicanas\u201d.<\/p>\n\n\n\n<p>Hac\u00eda referencia al \u201creciente comunicado p\u00fablico elaborado por la UCR Villa Mar\u00eda presidida por el se\u00f1or Marcelo Barotto\u201d.<\/p>\n\n\n\n<p>\u201cHoy vemos, con tristeza, que no es as\u00ed y no podemos dejar de&nbsp; alertar a la ciudadan\u00eda en general, que lo que no consiguieron con los votos, pretenden mediante artima\u00f1as de la m\u00e1s baja pol\u00edtica, lograrlo\u201d, expres\u00f3 Torres quien emiti\u00f3 un comunicado hablando en nombre de otros intendentes.<\/p>\n\n\n\n<p>\u201cHay formas m\u00e1s honorables, mucho m\u00e1s republicanas de&nbsp; posicionarse pol\u00edticamente, para ser una oposici\u00f3n constructiva, pero lamentablemente&nbsp; esto es muy dif\u00edcil de pedir a quienes, imposibilitados por la voluntad popular de acceder a la gesti\u00f3n de la ciudad, llevados por sus propios deseos y urgencias los conducen a este oposicionismo err\u00e1tico y peligrosamente antidemocr\u00e1tico, que ve en la destrucci\u00f3n personal del adversario su principal objetivo pol\u00edtico\u201d, remarc\u00f3 el mandatario.<\/p>\n\n\n\n<p><strong>Ataques<\/strong><\/p>\n\n\n\n<p>\u201cNo podemos callarnos frente al atropello que se hace, no al compa\u00f1ero Mart\u00edn Gill, sino&nbsp; a quienes expresamos en la persona de Mart\u00edn, las aspiraciones de una regi\u00f3n que se proyecta en lo provincial y lo nacional, merced a dirigentes comprometidos con su pueblo\u201d, continu\u00f3.<\/p>\n\n\n\n<p>\u201cEstos ataques son de una extraordinaria injusticia\u201d, agreg\u00f3.<\/p>\n\n\n\n<p>Torres tambi\u00e9n mencion\u00f3 las acusaciones del radicalismo contra la Fiscal\u00eda, \u201cdejando entender manejos&nbsp; poco claros, en un obvio intento de presionar a la justicia, rompiendo con esto, la actitud c\u00edvica esperada&nbsp; de dirigentes pol\u00edticos responsables que se precian comprendidos en&nbsp; una rep\u00fablica bien constituida\u201d.<\/p>\n\n\n\n<p>\u201cHagan pol\u00edtica con may\u00fasculas, no se escondan detr\u00e1s de artima\u00f1as que erosionan la rep\u00fablica y ahondan las grieta, les aseguramos que as\u00ed una nueva Argentina florecer\u00e1 en tolerancia y respeto\u201d, finaliz\u00f3.<\/p>\n","protected":false},"excerpt":{"rendered":"<p>El jefe comunal de Dalmacio V\u00e9lez Daniel Torres expres\u00f3 su \u201crepudio por la canallesca actitud asumida por un partido que presume en los foros p\u00fablicos de democr\u00e1tico y de ser respetuoso de las reglas republicanas\u201d. Hac\u00eda referencia al \u201creciente comunicado p\u00fablico elaborado por la UCR Villa Mar\u00eda presidida por el se\u00f1or Marcelo Barotto\u201d. \u201cHoy vemos, [&hellip;]<\/p>\n","protected":false},"author":4,"featured_media":21175,"comment_status":"open","ping_status":"open","sticky":false,"template":"","format":"standard","meta":{"site-sidebar-layout":"default","site-content-layout":"default","ast-site-content-layout":"default","site-content-style":"default","site-sidebar-style":"default","ast-global-header-display":"","ast-banner-title-visibility":"","ast-main-header-display":"","ast-hfb-above-header-display":"","ast-hfb-below-header-display":"","ast-hfb-mobile-header-display":"","site-post-title":"","ast-breadcrumbs-content":"","ast-featured-img":"","footer-sml-layout":"","ast-disable-related-posts":"","theme-transparent-header-meta":"default","adv-header-id-meta":"","stick-header-meta":"","header-above-stick-meta":"","header-main-stick-meta":"","header-below-stick-meta":"","astra-migrate-meta-layouts":"default","ast-page-background-enabled":"default","ast-page-background-meta":{"desktop":{"background-color":"","background-image":"","background-repeat":"repeat","background-position":"center center","background-size":"auto","background-attachment":"scroll","background-type":"","background-media":"","overlay-type":"","overlay-color":"","overlay-opacity":"","overlay-gradient":""},"tablet":{"background-color":"","background-image":"","background-repeat":"repeat","background-position":"center center","background-size":"auto","background-attachment":"scroll","background-type":"","background-media":"","overlay-type":"","overlay-color":"","overlay-opacity":"","overlay-gradient":""},"mobile":{"background-color":"","background-image":"","background-repeat":"repeat","background-position":"center center","background-size":"auto","background-attachment":"scroll","background-type":"","background-media":"","overlay-type":"","overlay-color":"","overlay-opacity":"","overlay-gradient":""}},"ast-content-background-meta":{"desktop":{"background-color":"var(--ast-global-color-5)","background-image":"","background-repeat":"repeat","background-position":"center center","background-size":"auto","background-attachment":"scroll","background-type":"","background-media":"","overlay-type":"","overlay-color":"","overlay-opacity":"","overlay-gradient":""},"tablet":{"background-color":"var(--ast-global-color-5)","background-image":"","background-repeat":"repeat","background-position":"center center","background-size":"auto","background-attachment":"scroll","background-type":"","background-media":"","overlay-type":"","overlay-color":"","overlay-opacity":"","overlay-gradient":""},"mobile":{"background-color":"var(--ast-global-color-5)","background-image":"","background-repeat":"repeat","background-position":"center center","background-size":"auto","background-attachment":"scroll","background-type":"","background-media":"","overlay-type":"","overlay-color":"","overlay-opacity":"","overlay-gradient":""}},"_jetpack_memberships_contains_paid_content":false,"_joinchat":[],"footnotes":""},"categories":[2089,2091],"tags":[2959,2969,1696,1125,2970,697],"class_list":["post-21174","post","type-post","status-publish","format-standard","has-post-thumbnail","hentry","category-politica","category-region","tag-dalmacio-velez-2","tag-daniel-torres","tag-marcelo-barotto","tag-martin-gill","tag-repudio","tag-ucr"],"yoast_head":"<!-- This site is optimized with the Yoast SEO plugin v26.8 - https:\/\/yoast.com\/product\/yoast-seo-wordpress\/ -->\n<title>Intendente repudi\u00f3 comunicado de la UCR sobre Gill - El Regional<\/title>\n<meta name=\"description\" content=\"Daniel Torres expres\u00f3 su \u201crepudio por la canallesca actitud asumida por un partido que presume en los foros p\u00fablicos de democr\u00e1tico\u201d.\" \/>\n<meta name=\"robots\" content=\"index, follow, max-snippet:-1, max-image-preview:large, max-video-preview:-1\" \/>\n<link rel=\"canonical\" href=\"http:\/\/elregionalvm.com.ar\/noticias-villa-maria\/intendente-repudio-comunicado-de-la-ucr-sobre-gill\/\" \/>\n<meta property=\"og:locale\" content=\"es_ES\" \/>\n<meta property=\"og:type\" content=\"article\" \/>\n<meta property=\"og:title\" content=\"Intendente repudi\u00f3 comunicado de la UCR sobre Gill - El Regional\" \/>\n<meta property=\"og:description\" content=\"Daniel Torres expres\u00f3 su \u201crepudio por la canallesca actitud asumida por un partido que presume en los foros p\u00fablicos de democr\u00e1tico\u201d.\" \/>\n<meta property=\"og:url\" content=\"http:\/\/elregionalvm.com.ar\/noticias-villa-maria\/intendente-repudio-comunicado-de-la-ucr-sobre-gill\/\" \/>\n<meta property=\"og:site_name\" content=\"El Regional\" \/>\n<meta property=\"article:publisher\" content=\"https:\/\/www.facebook.com\/elregionalvm\" \/>\n<meta property=\"article:published_time\" content=\"2020-07-31T13:50:07+00:00\" \/>\n<meta property=\"article:modified_time\" content=\"2020-07-31T13:50:08+00:00\" \/>\n<meta property=\"og:image\" content=\"http:\/\/elregionalvm.com.ar\/noticias-villa-maria\/wp-content\/uploads\/2020\/07\/Daniel-Torres-intendente-de-Dalmacio-V\u00e9lez.jpeg\" \/>\n\t<meta property=\"og:image:width\" content=\"927\" \/>\n\t<meta property=\"og:image:height\" content=\"690\" \/>\n\t<meta property=\"og:image:type\" content=\"image\/jpeg\" \/>\n<meta name=\"author\" content=\"Contenidos El Regional\" \/>\n<meta name=\"twitter:card\" content=\"summary_large_image\" \/>\n<meta name=\"twitter:creator\" content=\"@elregionalvm1\" \/>\n<meta name=\"twitter:site\" content=\"@elregionalvm1\" \/>\n<meta name=\"twitter:label1\" content=\"Escrito por\" \/>\n\t<meta name=\"twitter:data1\" content=\"Contenidos El Regional\" \/>\n\t<meta name=\"twitter:label2\" content=\"Tiempo de lectura\" \/>\n\t<meta name=\"twitter:data2\" content=\"2 minutos\" \/>\n<script type=\"application\/ld+json\" class=\"yoast-schema-graph\">{\"@context\":\"https:\/\/schema.org\",\"@graph\":[{\"@type\":\"Article\",\"@id\":\"http:\/\/elregionalvm.com.ar\/noticias-villa-maria\/intendente-repudio-comunicado-de-la-ucr-sobre-gill\/#article\",\"isPartOf\":{\"@id\":\"http:\/\/elregionalvm.com.ar\/noticias-villa-maria\/intendente-repudio-comunicado-de-la-ucr-sobre-gill\/\"},\"author\":{\"name\":\"Contenidos El Regional\",\"@id\":\"http:\/\/elregionalvm.com.ar\/noticias-villa-maria\/#\/schema\/person\/a0fb9c422317faca23d50163151bc354\"},\"headline\":\"Intendente repudi\u00f3 comunicado de la UCR sobre Gill\",\"datePublished\":\"2020-07-31T13:50:07+00:00\",\"dateModified\":\"2020-07-31T13:50:08+00:00\",\"mainEntityOfPage\":{\"@id\":\"http:\/\/elregionalvm.com.ar\/noticias-villa-maria\/intendente-repudio-comunicado-de-la-ucr-sobre-gill\/\"},\"wordCount\":349,\"commentCount\":0,\"image\":{\"@id\":\"http:\/\/elregionalvm.com.ar\/noticias-villa-maria\/intendente-repudio-comunicado-de-la-ucr-sobre-gill\/#primaryimage\"},\"thumbnailUrl\":\"https:\/\/i0.wp.com\/elregionalvm.com.ar\/noticias-villa-maria\/wp-content\/uploads\/2020\/07\/Daniel-Torres-intendente-de-Dalmacio-V%C3%A9lez.jpeg?fit=927%2C690&ssl=1\",\"keywords\":[\"Dalmacio V\u00e9lez\",\"Daniel Torres\",\"Marcelo Barotto\",\"mart\u00edn gill\",\"Repudio\",\"UCR\"],\"articleSection\":[\"Pol\u00edtica\",\"Regi\u00f3n\"],\"inLanguage\":\"es\",\"potentialAction\":[{\"@type\":\"CommentAction\",\"name\":\"Comment\",\"target\":[\"http:\/\/elregionalvm.com.ar\/noticias-villa-maria\/intendente-repudio-comunicado-de-la-ucr-sobre-gill\/#respond\"]}]},{\"@type\":\"WebPage\",\"@id\":\"http:\/\/elregionalvm.com.ar\/noticias-villa-maria\/intendente-repudio-comunicado-de-la-ucr-sobre-gill\/\",\"url\":\"http:\/\/elregionalvm.com.ar\/noticias-villa-maria\/intendente-repudio-comunicado-de-la-ucr-sobre-gill\/\",\"name\":\"Intendente repudi\u00f3 comunicado de la UCR sobre Gill - El Regional\",\"isPartOf\":{\"@id\":\"http:\/\/elregionalvm.com.ar\/noticias-villa-maria\/#website\"},\"primaryImageOfPage\":{\"@id\":\"http:\/\/elregionalvm.com.ar\/noticias-villa-maria\/intendente-repudio-comunicado-de-la-ucr-sobre-gill\/#primaryimage\"},\"image\":{\"@id\":\"http:\/\/elregionalvm.com.ar\/noticias-villa-maria\/intendente-repudio-comunicado-de-la-ucr-sobre-gill\/#primaryimage\"},\"thumbnailUrl\":\"https:\/\/i0.wp.com\/elregionalvm.com.ar\/noticias-villa-maria\/wp-content\/uploads\/2020\/07\/Daniel-Torres-intendente-de-Dalmacio-V%C3%A9lez.jpeg?fit=927%2C690&ssl=1\",\"datePublished\":\"2020-07-31T13:50:07+00:00\",\"dateModified\":\"2020-07-31T13:50:08+00:00\",\"author\":{\"@id\":\"http:\/\/elregionalvm.com.ar\/noticias-villa-maria\/#\/schema\/person\/a0fb9c422317faca23d50163151bc354\"},\"description\":\"Daniel Torres expres\u00f3 su \u201crepudio por la canallesca actitud asumida por un partido que presume en los foros p\u00fablicos de democr\u00e1tico\u201d.\",\"breadcrumb\":{\"@id\":\"http:\/\/elregionalvm.com.ar\/noticias-villa-maria\/intendente-repudio-comunicado-de-la-ucr-sobre-gill\/#breadcrumb\"},\"inLanguage\":\"es\",\"potentialAction\":[{\"@type\":\"ReadAction\",\"target\":[\"http:\/\/elregionalvm.com.ar\/noticias-villa-maria\/intendente-repudio-comunicado-de-la-ucr-sobre-gill\/\"]}]},{\"@type\":\"ImageObject\",\"inLanguage\":\"es\",\"@id\":\"http:\/\/elregionalvm.com.ar\/noticias-villa-maria\/intendente-repudio-comunicado-de-la-ucr-sobre-gill\/#primaryimage\",\"url\":\"https:\/\/i0.wp.com\/elregionalvm.com.ar\/noticias-villa-maria\/wp-content\/uploads\/2020\/07\/Daniel-Torres-intendente-de-Dalmacio-V%C3%A9lez.jpeg?fit=927%2C690&ssl=1\",\"contentUrl\":\"https:\/\/i0.wp.com\/elregionalvm.com.ar\/noticias-villa-maria\/wp-content\/uploads\/2020\/07\/Daniel-Torres-intendente-de-Dalmacio-V%C3%A9lez.jpeg?fit=927%2C690&ssl=1\",\"width\":927,\"height\":690},{\"@type\":\"BreadcrumbList\",\"@id\":\"http:\/\/elregionalvm.com.ar\/noticias-villa-maria\/intendente-repudio-comunicado-de-la-ucr-sobre-gill\/#breadcrumb\",\"itemListElement\":[{\"@type\":\"ListItem\",\"position\":1,\"name\":\"Portada\",\"item\":\"https:\/\/elregionalvm.com.ar\/noticias-villa-maria\/\"},{\"@type\":\"ListItem\",\"position\":2,\"name\":\"Intendente repudi\u00f3 comunicado de la UCR sobre Gill\"}]},{\"@type\":\"WebSite\",\"@id\":\"http:\/\/elregionalvm.com.ar\/noticias-villa-maria\/#website\",\"url\":\"http:\/\/elregionalvm.com.ar\/noticias-villa-maria\/\",\"name\":\"El Regional\",\"description\":\"Mucho m\u00e1s que informaci\u00f3n\",\"potentialAction\":[{\"@type\":\"SearchAction\",\"target\":{\"@type\":\"EntryPoint\",\"urlTemplate\":\"http:\/\/elregionalvm.com.ar\/noticias-villa-maria\/?s={search_term_string}\"},\"query-input\":{\"@type\":\"PropertyValueSpecification\",\"valueRequired\":true,\"valueName\":\"search_term_string\"}}],\"inLanguage\":\"es\"},{\"@type\":\"Person\",\"@id\":\"http:\/\/elregionalvm.com.ar\/noticias-villa-maria\/#\/schema\/person\/a0fb9c422317faca23d50163151bc354\",\"name\":\"Contenidos El Regional\",\"image\":{\"@type\":\"ImageObject\",\"inLanguage\":\"es\",\"@id\":\"http:\/\/elregionalvm.com.ar\/noticias-villa-maria\/#\/schema\/person\/image\/\",\"url\":\"https:\/\/secure.gravatar.com\/avatar\/265b27cb2209af7bb3a1318f03305787d7981a5cc6e6cd08fe5a4ecdf99d4b48?s=96&d=mm&r=g\",\"contentUrl\":\"https:\/\/secure.gravatar.com\/avatar\/265b27cb2209af7bb3a1318f03305787d7981a5cc6e6cd08fe5a4ecdf99d4b48?s=96&d=mm&r=g\",\"caption\":\"Contenidos El Regional\"},\"url\":\"https:\/\/elregionalvm.com.ar\/noticias-villa-maria\/author\/contenido\/\"}]}<\/script>\n<!-- \/ Yoast SEO plugin. -->","yoast_head_json":{"title":"Intendente repudi\u00f3 comunicado de la UCR sobre Gill - El Regional","description":"Daniel Torres expres\u00f3 su \u201crepudio por la canallesca actitud asumida por un partido que presume en los foros p\u00fablicos de democr\u00e1tico\u201d.","robots":{"index":"index","follow":"follow","max-snippet":"max-snippet:-1","max-image-preview":"max-image-preview:large","max-video-preview":"max-video-preview:-1"},"canonical":"http:\/\/elregionalvm.com.ar\/noticias-villa-maria\/intendente-repudio-comunicado-de-la-ucr-sobre-gill\/","og_locale":"es_ES","og_type":"article","og_title":"Intendente repudi\u00f3 comunicado de la UCR sobre Gill - El Regional","og_description":"Daniel Torres expres\u00f3 su \u201crepudio por la canallesca actitud asumida por un partido que presume en los foros p\u00fablicos de democr\u00e1tico\u201d.","og_url":"http:\/\/elregionalvm.com.ar\/noticias-villa-maria\/intendente-repudio-comunicado-de-la-ucr-sobre-gill\/","og_site_name":"El Regional","article_publisher":"https:\/\/www.facebook.com\/elregionalvm","article_published_time":"2020-07-31T13:50:07+00:00","article_modified_time":"2020-07-31T13:50:08+00:00","og_image":[{"width":927,"height":690,"url":"http:\/\/elregionalvm.com.ar\/noticias-villa-maria\/wp-content\/uploads\/2020\/07\/Daniel-Torres-intendente-de-Dalmacio-V\u00e9lez.jpeg","type":"image\/jpeg"}],"author":"Contenidos El Regional","twitter_card":"summary_large_image","twitter_creator":"@elregionalvm1","twitter_site":"@elregionalvm1","twitter_misc":{"Escrito por":"Contenidos El Regional","Tiempo de lectura":"2 minutos"},"schema":{"@context":"https:\/\/schema.org","@graph":[{"@type":"Article","@id":"http:\/\/elregionalvm.com.ar\/noticias-villa-maria\/intendente-repudio-comunicado-de-la-ucr-sobre-gill\/#article","isPartOf":{"@id":"http:\/\/elregionalvm.com.ar\/noticias-villa-maria\/intendente-repudio-comunicado-de-la-ucr-sobre-gill\/"},"author":{"name":"Contenidos El Regional","@id":"http:\/\/elregionalvm.com.ar\/noticias-villa-maria\/#\/schema\/person\/a0fb9c422317faca23d50163151bc354"},"headline":"Intendente repudi\u00f3 comunicado de la UCR sobre Gill","datePublished":"2020-07-31T13:50:07+00:00","dateModified":"2020-07-31T13:50:08+00:00","mainEntityOfPage":{"@id":"http:\/\/elregionalvm.com.ar\/noticias-villa-maria\/intendente-repudio-comunicado-de-la-ucr-sobre-gill\/"},"wordCount":349,"commentCount":0,"image":{"@id":"http:\/\/elregionalvm.com.ar\/noticias-villa-maria\/intendente-repudio-comunicado-de-la-ucr-sobre-gill\/#primaryimage"},"thumbnailUrl":"https:\/\/i0.wp.com\/elregionalvm.com.ar\/noticias-villa-maria\/wp-content\/uploads\/2020\/07\/Daniel-Torres-intendente-de-Dalmacio-V%C3%A9lez.jpeg?fit=927%2C690&ssl=1","keywords":["Dalmacio V\u00e9lez","Daniel Torres","Marcelo Barotto","mart\u00edn gill","Repudio","UCR"],"articleSection":["Pol\u00edtica","Regi\u00f3n"],"inLanguage":"es","potentialAction":[{"@type":"CommentAction","name":"Comment","target":["http:\/\/elregionalvm.com.ar\/noticias-villa-maria\/intendente-repudio-comunicado-de-la-ucr-sobre-gill\/#respond"]}]},{"@type":"WebPage","@id":"http:\/\/elregionalvm.com.ar\/noticias-villa-maria\/intendente-repudio-comunicado-de-la-ucr-sobre-gill\/","url":"http:\/\/elregionalvm.com.ar\/noticias-villa-maria\/intendente-repudio-comunicado-de-la-ucr-sobre-gill\/","name":"Intendente repudi\u00f3 comunicado de la UCR sobre Gill - El Regional","isPartOf":{"@id":"http:\/\/elregionalvm.com.ar\/noticias-villa-maria\/#website"},"primaryImageOfPage":{"@id":"http:\/\/elregionalvm.com.ar\/noticias-villa-maria\/intendente-repudio-comunicado-de-la-ucr-sobre-gill\/#primaryimage"},"image":{"@id":"http:\/\/elregionalvm.com.ar\/noticias-villa-maria\/intendente-repudio-comunicado-de-la-ucr-sobre-gill\/#primaryimage"},"thumbnailUrl":"https:\/\/i0.wp.com\/elregionalvm.com.ar\/noticias-villa-maria\/wp-content\/uploads\/2020\/07\/Daniel-Torres-intendente-de-Dalmacio-V%C3%A9lez.jpeg?fit=927%2C690&ssl=1","datePublished":"2020-07-31T13:50:07+00:00","dateModified":"2020-07-31T13:50:08+00:00","author":{"@id":"http:\/\/elregionalvm.com.ar\/noticias-villa-maria\/#\/schema\/person\/a0fb9c422317faca23d50163151bc354"},"description":"Daniel Torres expres\u00f3 su \u201crepudio por la canallesca actitud asumida por un partido que presume en los foros p\u00fablicos de democr\u00e1tico\u201d.","breadcrumb":{"@id":"http:\/\/elregionalvm.com.ar\/noticias-villa-maria\/intendente-repudio-comunicado-de-la-ucr-sobre-gill\/#breadcrumb"},"inLanguage":"es","potentialAction":[{"@type":"ReadAction","target":["http:\/\/elregionalvm.com.ar\/noticias-villa-maria\/intendente-repudio-comunicado-de-la-ucr-sobre-gill\/"]}]},{"@type":"ImageObject","inLanguage":"es","@id":"http:\/\/elregionalvm.com.ar\/noticias-villa-maria\/intendente-repudio-comunicado-de-la-ucr-sobre-gill\/#primaryimage","url":"https:\/\/i0.wp.com\/elregionalvm.com.ar\/noticias-villa-maria\/wp-content\/uploads\/2020\/07\/Daniel-Torres-intendente-de-Dalmacio-V%C3%A9lez.jpeg?fit=927%2C690&ssl=1","contentUrl":"https:\/\/i0.wp.com\/elregionalvm.com.ar\/noticias-villa-maria\/wp-content\/uploads\/2020\/07\/Daniel-Torres-intendente-de-Dalmacio-V%C3%A9lez.jpeg?fit=927%2C690&ssl=1","width":927,"height":690},{"@type":"BreadcrumbList","@id":"http:\/\/elregionalvm.com.ar\/noticias-villa-maria\/intendente-repudio-comunicado-de-la-ucr-sobre-gill\/#breadcrumb","itemListElement":[{"@type":"ListItem","position":1,"name":"Portada","item":"https:\/\/elregionalvm.com.ar\/noticias-villa-maria\/"},{"@type":"ListItem","position":2,"name":"Intendente repudi\u00f3 comunicado de la UCR sobre Gill"}]},{"@type":"WebSite","@id":"http:\/\/elregionalvm.com.ar\/noticias-villa-maria\/#website","url":"http:\/\/elregionalvm.com.ar\/noticias-villa-maria\/","name":"El Regional","description":"Mucho m\u00e1s que informaci\u00f3n","potentialAction":[{"@type":"SearchAction","target":{"@type":"EntryPoint","urlTemplate":"http:\/\/elregionalvm.com.ar\/noticias-villa-maria\/?s={search_term_string}"},"query-input":{"@type":"PropertyValueSpecification","valueRequired":true,"valueName":"search_term_string"}}],"inLanguage":"es"},{"@type":"Person","@id":"http:\/\/elregionalvm.com.ar\/noticias-villa-maria\/#\/schema\/person\/a0fb9c422317faca23d50163151bc354","name":"Contenidos El Regional","image":{"@type":"ImageObject","inLanguage":"es","@id":"http:\/\/elregionalvm.com.ar\/noticias-villa-maria\/#\/schema\/person\/image\/","url":"https:\/\/secure.gravatar.com\/avatar\/265b27cb2209af7bb3a1318f03305787d7981a5cc6e6cd08fe5a4ecdf99d4b48?s=96&d=mm&r=g","contentUrl":"https:\/\/secure.gravatar.com\/avatar\/265b27cb2209af7bb3a1318f03305787d7981a5cc6e6cd08fe5a4ecdf99d4b48?s=96&d=mm&r=g","caption":"Contenidos El Regional"},"url":"https:\/\/elregionalvm.com.ar\/noticias-villa-maria\/author\/contenido\/"}]}},"jetpack_featured_media_url":"https:\/\/i0.wp.com\/elregionalvm.com.ar\/noticias-villa-maria\/wp-content\/uploads\/2020\/07\/Daniel-Torres-intendente-de-Dalmacio-V%C3%A9lez.jpeg?fit=927%2C690&ssl=1","jetpack_sharing_enabled":true,"_links":{"self":[{"href":"https:\/\/elregionalvm.com.ar\/noticias-villa-maria\/wp-json\/wp\/v2\/posts\/21174","targetHints":{"allow":["GET"]}}],"collection":[{"href":"https:\/\/elregionalvm.com.ar\/noticias-villa-maria\/wp-json\/wp\/v2\/posts"}],"about":[{"href":"https:\/\/elregionalvm.com.ar\/noticias-villa-maria\/wp-json\/wp\/v2\/types\/post"}],"author":[{"embeddable":true,"href":"https:\/\/elregionalvm.com.ar\/noticias-villa-maria\/wp-json\/wp\/v2\/users\/4"}],"replies":[{"embeddable":true,"href":"https:\/\/elregionalvm.com.ar\/noticias-villa-maria\/wp-json\/wp\/v2\/comments?post=21174"}],"version-history":[{"count":1,"href":"https:\/\/elregionalvm.com.ar\/noticias-villa-maria\/wp-json\/wp\/v2\/posts\/21174\/revisions"}],"predecessor-version":[{"id":21176,"href":"https:\/\/elregionalvm.com.ar\/noticias-villa-maria\/wp-json\/wp\/v2\/posts\/21174\/revisions\/21176"}],"wp:featuredmedia":[{"embeddable":true,"href":"https:\/\/elregionalvm.com.ar\/noticias-villa-maria\/wp-json\/wp\/v2\/media\/21175"}],"wp:attachment":[{"href":"https:\/\/elregionalvm.com.ar\/noticias-villa-maria\/wp-json\/wp\/v2\/media?parent=21174"}],"wp:term":[{"taxonomy":"category","embeddable":true,"href":"https:\/\/elregionalvm.com.ar\/noticias-villa-maria\/wp-json\/wp\/v2\/categories?post=21174"},{"taxonomy":"post_tag","embeddable":true,"href":"https:\/\/elregionalvm.com.ar\/noticias-villa-maria\/wp-json\/wp\/v2\/tags?post=21174"}],"curies":[{"name":"wp","href":"https:\/\/api.w.org\/{rel}","templated":true}]}}