{"id":21181,"date":"2020-07-31T16:49:12","date_gmt":"2020-07-31T16:49:12","guid":{"rendered":"https:\/\/elregionalvm.com.ar\/noticias-villa-maria\/?p=21181"},"modified":"2020-07-31T23:56:12","modified_gmt":"2020-07-31T23:56:12","slug":"tio-pujio-17-imputados-por-reunion-empresarial-no-autorizada","status":"publish","type":"post","link":"https:\/\/elregionalvm.com.ar\/noticias-villa-maria\/tio-pujio-17-imputados-por-reunion-empresarial-no-autorizada\/","title":{"rendered":"T\u00edo Pujio: 17 imputados por reuni\u00f3n empresarial no autorizada"},"content":{"rendered":"\n<p>Una reuni\u00f3n gastron\u00f3mica entre empresarios y personal jer\u00e1rquico de una firma local deriv\u00f3 en la imputaci\u00f3n de 17 asistentes y el contagio de Covid 19 de 22 personas.<\/p>\n\n\n\n<p>En la jornada de este viernes se realizar\u00e1n nuevos hisopados para el resto de los contactos.<\/p>\n\n\n\n<p><strong><span style=\"text-decoration: underline;\"><a href=\"https:\/\/elregionalvm.com.ar\/noticias-villa-maria\/murio-en-el-hospital-un-hombre-de-oliva-con-covid-19\/\">Muri\u00f3 en el Hospital un hombre de Oliva con Covid-19<\/a><\/span><\/strong><\/p>\n\n\n\n<p>\u00abNo fue una fiesta, sino una reuni\u00f3n de empresarios y personal jer\u00e1rquico del lugar, con un sistema gastron\u00f3mico para compartir el rato\u201d, indic\u00f3 a Cadena 3 la intendenta de la localidad Nancy Schiavi.<\/p>\n\n\n\n<p>\u00abFue una reuni\u00f3n muy controlada, pero que no estaba autorizada\u201d, agreg\u00f3.<\/p>\n\n\n\n<p>\u00abEllos en un momento hab\u00edan llamado al municipio y se les dijo que no se pod\u00edan juntar porque se estaba en cuarentena. Pero, tampoco se supo despu\u00e9s si se hab\u00eda concretado o no. Yo me enter\u00e9 despu\u00e9s, con el caso cero y nadie sab\u00eda que el se\u00f1or hab\u00eda sido hisopado\u00bb, coment\u00f3 a la emisora capitalina.<\/p>\n\n\n\n<p><strong><span style=\"text-decoration: underline;\"><a href=\"https:\/\/elregionalvm.com.ar\/noticias-villa-maria\/se-duplicaron-los-contagios-hay-96-casos-diarios-en-la-provincia\/\">Se duplicaron los contagios: hay 96 casos diarios en la provincia<\/a><\/span><\/strong><\/p>\n","protected":false},"excerpt":{"rendered":"<p>Una reuni\u00f3n gastron\u00f3mica entre empresarios y personal jer\u00e1rquico de una firma local deriv\u00f3 en la imputaci\u00f3n de 17 asistentes y el contagio de Covid 19 de 22 personas. En la jornada de este viernes se realizar\u00e1n nuevos hisopados para el resto de los contactos. Muri\u00f3 en el Hospital un hombre de Oliva con Covid-19 \u00abNo [&hellip;]<\/p>\n","protected":false},"author":4,"featured_media":21184,"comment_status":"open","ping_status":"open","sticky":false,"template":"","format":"standard","meta":{"site-sidebar-layout":"default","site-content-layout":"default","ast-site-content-layout":"default","site-content-style":"default","site-sidebar-style":"default","ast-global-header-display":"","ast-banner-title-visibility":"","ast-main-header-display":"","ast-hfb-above-header-display":"","ast-hfb-below-header-display":"","ast-hfb-mobile-header-display":"","site-post-title":"","ast-breadcrumbs-content":"","ast-featured-img":"","footer-sml-layout":"","ast-disable-related-posts":"","theme-transparent-header-meta":"default","adv-header-id-meta":"","stick-header-meta":"","header-above-stick-meta":"","header-main-stick-meta":"","header-below-stick-meta":"","astra-migrate-meta-layouts":"default","ast-page-background-enabled":"default","ast-page-background-meta":{"desktop":{"background-color":"","background-image":"","background-repeat":"repeat","background-position":"center center","background-size":"auto","background-attachment":"scroll","background-type":"","background-media":"","overlay-type":"","overlay-color":"","overlay-opacity":"","overlay-gradient":""},"tablet":{"background-color":"","background-image":"","background-repeat":"repeat","background-position":"center center","background-size":"auto","background-attachment":"scroll","background-type":"","background-media":"","overlay-type":"","overlay-color":"","overlay-opacity":"","overlay-gradient":""},"mobile":{"background-color":"","background-image":"","background-repeat":"repeat","background-position":"center center","background-size":"auto","background-attachment":"scroll","background-type":"","background-media":"","overlay-type":"","overlay-color":"","overlay-opacity":"","overlay-gradient":""}},"ast-content-background-meta":{"desktop":{"background-color":"var(--ast-global-color-5)","background-image":"","background-repeat":"repeat","background-position":"center center","background-size":"auto","background-attachment":"scroll","background-type":"","background-media":"","overlay-type":"","overlay-color":"","overlay-opacity":"","overlay-gradient":""},"tablet":{"background-color":"var(--ast-global-color-5)","background-image":"","background-repeat":"repeat","background-position":"center center","background-size":"auto","background-attachment":"scroll","background-type":"","background-media":"","overlay-type":"","overlay-color":"","overlay-opacity":"","overlay-gradient":""},"mobile":{"background-color":"var(--ast-global-color-5)","background-image":"","background-repeat":"repeat","background-position":"center center","background-size":"auto","background-attachment":"scroll","background-type":"","background-media":"","overlay-type":"","overlay-color":"","overlay-opacity":"","overlay-gradient":""}},"_jetpack_memberships_contains_paid_content":false,"_joinchat":[],"footnotes":""},"categories":[2256,2091],"tags":[2054,2421,2975,2974,2578],"class_list":["post-21181","post","type-post","status-publish","format-standard","has-post-thumbnail","hentry","category-coronavirus","category-region","tag-covid-19","tag-imputacion","tag-nancy-schiavi","tag-reunion-empresarial","tag-tio-pujio"],"yoast_head":"<!-- This site is optimized with the Yoast SEO plugin v26.8 - https:\/\/yoast.com\/product\/yoast-seo-wordpress\/ -->\n<title>T\u00edo Pujio: 17 imputados por reuni\u00f3n empresarial no autorizada - El Regional<\/title>\n<meta name=\"description\" content=\"Una reuni\u00f3n gastron\u00f3mica de una firma local deriv\u00f3 en la imputaci\u00f3n de 17 asistentes y el contagio de Covid 19 de 22 personas.\" \/>\n<meta name=\"robots\" content=\"index, follow, max-snippet:-1, max-image-preview:large, max-video-preview:-1\" \/>\n<link rel=\"canonical\" href=\"http:\/\/elregionalvm.com.ar\/noticias-villa-maria\/tio-pujio-17-imputados-por-reunion-empresarial-no-autorizada\/\" \/>\n<meta property=\"og:locale\" content=\"es_ES\" \/>\n<meta property=\"og:type\" content=\"article\" \/>\n<meta property=\"og:title\" content=\"T\u00edo Pujio: 17 imputados por reuni\u00f3n empresarial no autorizada - El Regional\" \/>\n<meta property=\"og:description\" content=\"Una reuni\u00f3n gastron\u00f3mica de una firma local deriv\u00f3 en la imputaci\u00f3n de 17 asistentes y el contagio de Covid 19 de 22 personas.\" \/>\n<meta property=\"og:url\" content=\"http:\/\/elregionalvm.com.ar\/noticias-villa-maria\/tio-pujio-17-imputados-por-reunion-empresarial-no-autorizada\/\" \/>\n<meta property=\"og:site_name\" content=\"El Regional\" \/>\n<meta property=\"article:publisher\" content=\"https:\/\/www.facebook.com\/elregionalvm\" \/>\n<meta property=\"article:published_time\" content=\"2020-07-31T16:49:12+00:00\" \/>\n<meta property=\"article:modified_time\" content=\"2020-07-31T23:56:12+00:00\" \/>\n<meta property=\"og:image\" content=\"http:\/\/elregionalvm.com.ar\/noticias-villa-maria\/wp-content\/uploads\/2020\/07\/T\u00edo-Pujio-hisopados-1.jpg\" \/>\n\t<meta property=\"og:image:width\" content=\"1638\" \/>\n\t<meta property=\"og:image:height\" content=\"910\" \/>\n\t<meta property=\"og:image:type\" content=\"image\/jpeg\" \/>\n<meta name=\"author\" content=\"Contenidos El Regional\" \/>\n<meta name=\"twitter:card\" content=\"summary_large_image\" \/>\n<meta name=\"twitter:creator\" content=\"@elregionalvm1\" \/>\n<meta name=\"twitter:site\" content=\"@elregionalvm1\" \/>\n<meta name=\"twitter:label1\" content=\"Escrito por\" \/>\n\t<meta name=\"twitter:data1\" content=\"Contenidos El Regional\" \/>\n\t<meta name=\"twitter:label2\" content=\"Tiempo de lectura\" \/>\n\t<meta name=\"twitter:data2\" content=\"1 minuto\" \/>\n<script type=\"application\/ld+json\" class=\"yoast-schema-graph\">{\"@context\":\"https:\/\/schema.org\",\"@graph\":[{\"@type\":\"Article\",\"@id\":\"http:\/\/elregionalvm.com.ar\/noticias-villa-maria\/tio-pujio-17-imputados-por-reunion-empresarial-no-autorizada\/#article\",\"isPartOf\":{\"@id\":\"http:\/\/elregionalvm.com.ar\/noticias-villa-maria\/tio-pujio-17-imputados-por-reunion-empresarial-no-autorizada\/\"},\"author\":{\"name\":\"Contenidos El Regional\",\"@id\":\"http:\/\/elregionalvm.com.ar\/noticias-villa-maria\/#\/schema\/person\/a0fb9c422317faca23d50163151bc354\"},\"headline\":\"T\u00edo Pujio: 17 imputados por reuni\u00f3n empresarial no autorizada\",\"datePublished\":\"2020-07-31T16:49:12+00:00\",\"dateModified\":\"2020-07-31T23:56:12+00:00\",\"mainEntityOfPage\":{\"@id\":\"http:\/\/elregionalvm.com.ar\/noticias-villa-maria\/tio-pujio-17-imputados-por-reunion-empresarial-no-autorizada\/\"},\"wordCount\":186,\"commentCount\":0,\"image\":{\"@id\":\"http:\/\/elregionalvm.com.ar\/noticias-villa-maria\/tio-pujio-17-imputados-por-reunion-empresarial-no-autorizada\/#primaryimage\"},\"thumbnailUrl\":\"https:\/\/i0.wp.com\/elregionalvm.com.ar\/noticias-villa-maria\/wp-content\/uploads\/2020\/07\/T%C3%ADo-Pujio-hisopados-1.jpg?fit=1638%2C910&ssl=1\",\"keywords\":[\"Covid-19\",\"Imputaci\u00f3n\",\"Nancy Schiavi\",\"Reuni\u00f3n empresarial\",\"T\u00edo Pujio\"],\"articleSection\":[\"Coronavirus\",\"Regi\u00f3n\"],\"inLanguage\":\"es\",\"potentialAction\":[{\"@type\":\"CommentAction\",\"name\":\"Comment\",\"target\":[\"http:\/\/elregionalvm.com.ar\/noticias-villa-maria\/tio-pujio-17-imputados-por-reunion-empresarial-no-autorizada\/#respond\"]}]},{\"@type\":\"WebPage\",\"@id\":\"http:\/\/elregionalvm.com.ar\/noticias-villa-maria\/tio-pujio-17-imputados-por-reunion-empresarial-no-autorizada\/\",\"url\":\"http:\/\/elregionalvm.com.ar\/noticias-villa-maria\/tio-pujio-17-imputados-por-reunion-empresarial-no-autorizada\/\",\"name\":\"T\u00edo Pujio: 17 imputados por reuni\u00f3n empresarial no autorizada - El Regional\",\"isPartOf\":{\"@id\":\"http:\/\/elregionalvm.com.ar\/noticias-villa-maria\/#website\"},\"primaryImageOfPage\":{\"@id\":\"http:\/\/elregionalvm.com.ar\/noticias-villa-maria\/tio-pujio-17-imputados-por-reunion-empresarial-no-autorizada\/#primaryimage\"},\"image\":{\"@id\":\"http:\/\/elregionalvm.com.ar\/noticias-villa-maria\/tio-pujio-17-imputados-por-reunion-empresarial-no-autorizada\/#primaryimage\"},\"thumbnailUrl\":\"https:\/\/i0.wp.com\/elregionalvm.com.ar\/noticias-villa-maria\/wp-content\/uploads\/2020\/07\/T%C3%ADo-Pujio-hisopados-1.jpg?fit=1638%2C910&ssl=1\",\"datePublished\":\"2020-07-31T16:49:12+00:00\",\"dateModified\":\"2020-07-31T23:56:12+00:00\",\"author\":{\"@id\":\"http:\/\/elregionalvm.com.ar\/noticias-villa-maria\/#\/schema\/person\/a0fb9c422317faca23d50163151bc354\"},\"description\":\"Una reuni\u00f3n gastron\u00f3mica de una firma local deriv\u00f3 en la imputaci\u00f3n de 17 asistentes y el contagio de Covid 19 de 22 personas.\",\"breadcrumb\":{\"@id\":\"http:\/\/elregionalvm.com.ar\/noticias-villa-maria\/tio-pujio-17-imputados-por-reunion-empresarial-no-autorizada\/#breadcrumb\"},\"inLanguage\":\"es\",\"potentialAction\":[{\"@type\":\"ReadAction\",\"target\":[\"http:\/\/elregionalvm.com.ar\/noticias-villa-maria\/tio-pujio-17-imputados-por-reunion-empresarial-no-autorizada\/\"]}]},{\"@type\":\"ImageObject\",\"inLanguage\":\"es\",\"@id\":\"http:\/\/elregionalvm.com.ar\/noticias-villa-maria\/tio-pujio-17-imputados-por-reunion-empresarial-no-autorizada\/#primaryimage\",\"url\":\"https:\/\/i0.wp.com\/elregionalvm.com.ar\/noticias-villa-maria\/wp-content\/uploads\/2020\/07\/T%C3%ADo-Pujio-hisopados-1.jpg?fit=1638%2C910&ssl=1\",\"contentUrl\":\"https:\/\/i0.wp.com\/elregionalvm.com.ar\/noticias-villa-maria\/wp-content\/uploads\/2020\/07\/T%C3%ADo-Pujio-hisopados-1.jpg?fit=1638%2C910&ssl=1\",\"width\":1638,\"height\":910},{\"@type\":\"BreadcrumbList\",\"@id\":\"http:\/\/elregionalvm.com.ar\/noticias-villa-maria\/tio-pujio-17-imputados-por-reunion-empresarial-no-autorizada\/#breadcrumb\",\"itemListElement\":[{\"@type\":\"ListItem\",\"position\":1,\"name\":\"Portada\",\"item\":\"https:\/\/elregionalvm.com.ar\/noticias-villa-maria\/\"},{\"@type\":\"ListItem\",\"position\":2,\"name\":\"T\u00edo Pujio: 17 imputados por reuni\u00f3n empresarial no autorizada\"}]},{\"@type\":\"WebSite\",\"@id\":\"http:\/\/elregionalvm.com.ar\/noticias-villa-maria\/#website\",\"url\":\"http:\/\/elregionalvm.com.ar\/noticias-villa-maria\/\",\"name\":\"El Regional\",\"description\":\"Mucho m\u00e1s que informaci\u00f3n\",\"potentialAction\":[{\"@type\":\"SearchAction\",\"target\":{\"@type\":\"EntryPoint\",\"urlTemplate\":\"http:\/\/elregionalvm.com.ar\/noticias-villa-maria\/?s={search_term_string}\"},\"query-input\":{\"@type\":\"PropertyValueSpecification\",\"valueRequired\":true,\"valueName\":\"search_term_string\"}}],\"inLanguage\":\"es\"},{\"@type\":\"Person\",\"@id\":\"http:\/\/elregionalvm.com.ar\/noticias-villa-maria\/#\/schema\/person\/a0fb9c422317faca23d50163151bc354\",\"name\":\"Contenidos El Regional\",\"image\":{\"@type\":\"ImageObject\",\"inLanguage\":\"es\",\"@id\":\"http:\/\/elregionalvm.com.ar\/noticias-villa-maria\/#\/schema\/person\/image\/\",\"url\":\"https:\/\/secure.gravatar.com\/avatar\/265b27cb2209af7bb3a1318f03305787d7981a5cc6e6cd08fe5a4ecdf99d4b48?s=96&d=mm&r=g\",\"contentUrl\":\"https:\/\/secure.gravatar.com\/avatar\/265b27cb2209af7bb3a1318f03305787d7981a5cc6e6cd08fe5a4ecdf99d4b48?s=96&d=mm&r=g\",\"caption\":\"Contenidos El Regional\"},\"url\":\"https:\/\/elregionalvm.com.ar\/noticias-villa-maria\/author\/contenido\/\"}]}<\/script>\n<!-- \/ Yoast SEO plugin. -->","yoast_head_json":{"title":"T\u00edo Pujio: 17 imputados por reuni\u00f3n empresarial no autorizada - El Regional","description":"Una reuni\u00f3n gastron\u00f3mica de una firma local deriv\u00f3 en la imputaci\u00f3n de 17 asistentes y el contagio de Covid 19 de 22 personas.","robots":{"index":"index","follow":"follow","max-snippet":"max-snippet:-1","max-image-preview":"max-image-preview:large","max-video-preview":"max-video-preview:-1"},"canonical":"http:\/\/elregionalvm.com.ar\/noticias-villa-maria\/tio-pujio-17-imputados-por-reunion-empresarial-no-autorizada\/","og_locale":"es_ES","og_type":"article","og_title":"T\u00edo Pujio: 17 imputados por reuni\u00f3n empresarial no autorizada - El Regional","og_description":"Una reuni\u00f3n gastron\u00f3mica de una firma local deriv\u00f3 en la imputaci\u00f3n de 17 asistentes y el contagio de Covid 19 de 22 personas.","og_url":"http:\/\/elregionalvm.com.ar\/noticias-villa-maria\/tio-pujio-17-imputados-por-reunion-empresarial-no-autorizada\/","og_site_name":"El Regional","article_publisher":"https:\/\/www.facebook.com\/elregionalvm","article_published_time":"2020-07-31T16:49:12+00:00","article_modified_time":"2020-07-31T23:56:12+00:00","og_image":[{"width":1638,"height":910,"url":"http:\/\/elregionalvm.com.ar\/noticias-villa-maria\/wp-content\/uploads\/2020\/07\/T\u00edo-Pujio-hisopados-1.jpg","type":"image\/jpeg"}],"author":"Contenidos El Regional","twitter_card":"summary_large_image","twitter_creator":"@elregionalvm1","twitter_site":"@elregionalvm1","twitter_misc":{"Escrito por":"Contenidos El Regional","Tiempo de lectura":"1 minuto"},"schema":{"@context":"https:\/\/schema.org","@graph":[{"@type":"Article","@id":"http:\/\/elregionalvm.com.ar\/noticias-villa-maria\/tio-pujio-17-imputados-por-reunion-empresarial-no-autorizada\/#article","isPartOf":{"@id":"http:\/\/elregionalvm.com.ar\/noticias-villa-maria\/tio-pujio-17-imputados-por-reunion-empresarial-no-autorizada\/"},"author":{"name":"Contenidos El Regional","@id":"http:\/\/elregionalvm.com.ar\/noticias-villa-maria\/#\/schema\/person\/a0fb9c422317faca23d50163151bc354"},"headline":"T\u00edo Pujio: 17 imputados por reuni\u00f3n empresarial no autorizada","datePublished":"2020-07-31T16:49:12+00:00","dateModified":"2020-07-31T23:56:12+00:00","mainEntityOfPage":{"@id":"http:\/\/elregionalvm.com.ar\/noticias-villa-maria\/tio-pujio-17-imputados-por-reunion-empresarial-no-autorizada\/"},"wordCount":186,"commentCount":0,"image":{"@id":"http:\/\/elregionalvm.com.ar\/noticias-villa-maria\/tio-pujio-17-imputados-por-reunion-empresarial-no-autorizada\/#primaryimage"},"thumbnailUrl":"https:\/\/i0.wp.com\/elregionalvm.com.ar\/noticias-villa-maria\/wp-content\/uploads\/2020\/07\/T%C3%ADo-Pujio-hisopados-1.jpg?fit=1638%2C910&ssl=1","keywords":["Covid-19","Imputaci\u00f3n","Nancy Schiavi","Reuni\u00f3n empresarial","T\u00edo Pujio"],"articleSection":["Coronavirus","Regi\u00f3n"],"inLanguage":"es","potentialAction":[{"@type":"CommentAction","name":"Comment","target":["http:\/\/elregionalvm.com.ar\/noticias-villa-maria\/tio-pujio-17-imputados-por-reunion-empresarial-no-autorizada\/#respond"]}]},{"@type":"WebPage","@id":"http:\/\/elregionalvm.com.ar\/noticias-villa-maria\/tio-pujio-17-imputados-por-reunion-empresarial-no-autorizada\/","url":"http:\/\/elregionalvm.com.ar\/noticias-villa-maria\/tio-pujio-17-imputados-por-reunion-empresarial-no-autorizada\/","name":"T\u00edo Pujio: 17 imputados por reuni\u00f3n empresarial no autorizada - El Regional","isPartOf":{"@id":"http:\/\/elregionalvm.com.ar\/noticias-villa-maria\/#website"},"primaryImageOfPage":{"@id":"http:\/\/elregionalvm.com.ar\/noticias-villa-maria\/tio-pujio-17-imputados-por-reunion-empresarial-no-autorizada\/#primaryimage"},"image":{"@id":"http:\/\/elregionalvm.com.ar\/noticias-villa-maria\/tio-pujio-17-imputados-por-reunion-empresarial-no-autorizada\/#primaryimage"},"thumbnailUrl":"https:\/\/i0.wp.com\/elregionalvm.com.ar\/noticias-villa-maria\/wp-content\/uploads\/2020\/07\/T%C3%ADo-Pujio-hisopados-1.jpg?fit=1638%2C910&ssl=1","datePublished":"2020-07-31T16:49:12+00:00","dateModified":"2020-07-31T23:56:12+00:00","author":{"@id":"http:\/\/elregionalvm.com.ar\/noticias-villa-maria\/#\/schema\/person\/a0fb9c422317faca23d50163151bc354"},"description":"Una reuni\u00f3n gastron\u00f3mica de una firma local deriv\u00f3 en la imputaci\u00f3n de 17 asistentes y el contagio de Covid 19 de 22 personas.","breadcrumb":{"@id":"http:\/\/elregionalvm.com.ar\/noticias-villa-maria\/tio-pujio-17-imputados-por-reunion-empresarial-no-autorizada\/#breadcrumb"},"inLanguage":"es","potentialAction":[{"@type":"ReadAction","target":["http:\/\/elregionalvm.com.ar\/noticias-villa-maria\/tio-pujio-17-imputados-por-reunion-empresarial-no-autorizada\/"]}]},{"@type":"ImageObject","inLanguage":"es","@id":"http:\/\/elregionalvm.com.ar\/noticias-villa-maria\/tio-pujio-17-imputados-por-reunion-empresarial-no-autorizada\/#primaryimage","url":"https:\/\/i0.wp.com\/elregionalvm.com.ar\/noticias-villa-maria\/wp-content\/uploads\/2020\/07\/T%C3%ADo-Pujio-hisopados-1.jpg?fit=1638%2C910&ssl=1","contentUrl":"https:\/\/i0.wp.com\/elregionalvm.com.ar\/noticias-villa-maria\/wp-content\/uploads\/2020\/07\/T%C3%ADo-Pujio-hisopados-1.jpg?fit=1638%2C910&ssl=1","width":1638,"height":910},{"@type":"BreadcrumbList","@id":"http:\/\/elregionalvm.com.ar\/noticias-villa-maria\/tio-pujio-17-imputados-por-reunion-empresarial-no-autorizada\/#breadcrumb","itemListElement":[{"@type":"ListItem","position":1,"name":"Portada","item":"https:\/\/elregionalvm.com.ar\/noticias-villa-maria\/"},{"@type":"ListItem","position":2,"name":"T\u00edo Pujio: 17 imputados por reuni\u00f3n empresarial no autorizada"}]},{"@type":"WebSite","@id":"http:\/\/elregionalvm.com.ar\/noticias-villa-maria\/#website","url":"http:\/\/elregionalvm.com.ar\/noticias-villa-maria\/","name":"El Regional","description":"Mucho m\u00e1s que informaci\u00f3n","potentialAction":[{"@type":"SearchAction","target":{"@type":"EntryPoint","urlTemplate":"http:\/\/elregionalvm.com.ar\/noticias-villa-maria\/?s={search_term_string}"},"query-input":{"@type":"PropertyValueSpecification","valueRequired":true,"valueName":"search_term_string"}}],"inLanguage":"es"},{"@type":"Person","@id":"http:\/\/elregionalvm.com.ar\/noticias-villa-maria\/#\/schema\/person\/a0fb9c422317faca23d50163151bc354","name":"Contenidos El Regional","image":{"@type":"ImageObject","inLanguage":"es","@id":"http:\/\/elregionalvm.com.ar\/noticias-villa-maria\/#\/schema\/person\/image\/","url":"https:\/\/secure.gravatar.com\/avatar\/265b27cb2209af7bb3a1318f03305787d7981a5cc6e6cd08fe5a4ecdf99d4b48?s=96&d=mm&r=g","contentUrl":"https:\/\/secure.gravatar.com\/avatar\/265b27cb2209af7bb3a1318f03305787d7981a5cc6e6cd08fe5a4ecdf99d4b48?s=96&d=mm&r=g","caption":"Contenidos El Regional"},"url":"https:\/\/elregionalvm.com.ar\/noticias-villa-maria\/author\/contenido\/"}]}},"jetpack_featured_media_url":"https:\/\/i0.wp.com\/elregionalvm.com.ar\/noticias-villa-maria\/wp-content\/uploads\/2020\/07\/T%C3%ADo-Pujio-hisopados-1.jpg?fit=1638%2C910&ssl=1","jetpack_sharing_enabled":true,"_links":{"self":[{"href":"https:\/\/elregionalvm.com.ar\/noticias-villa-maria\/wp-json\/wp\/v2\/posts\/21181","targetHints":{"allow":["GET"]}}],"collection":[{"href":"https:\/\/elregionalvm.com.ar\/noticias-villa-maria\/wp-json\/wp\/v2\/posts"}],"about":[{"href":"https:\/\/elregionalvm.com.ar\/noticias-villa-maria\/wp-json\/wp\/v2\/types\/post"}],"author":[{"embeddable":true,"href":"https:\/\/elregionalvm.com.ar\/noticias-villa-maria\/wp-json\/wp\/v2\/users\/4"}],"replies":[{"embeddable":true,"href":"https:\/\/elregionalvm.com.ar\/noticias-villa-maria\/wp-json\/wp\/v2\/comments?post=21181"}],"version-history":[{"count":1,"href":"https:\/\/elregionalvm.com.ar\/noticias-villa-maria\/wp-json\/wp\/v2\/posts\/21181\/revisions"}],"predecessor-version":[{"id":21183,"href":"https:\/\/elregionalvm.com.ar\/noticias-villa-maria\/wp-json\/wp\/v2\/posts\/21181\/revisions\/21183"}],"wp:featuredmedia":[{"embeddable":true,"href":"https:\/\/elregionalvm.com.ar\/noticias-villa-maria\/wp-json\/wp\/v2\/media\/21184"}],"wp:attachment":[{"href":"https:\/\/elregionalvm.com.ar\/noticias-villa-maria\/wp-json\/wp\/v2\/media?parent=21181"}],"wp:term":[{"taxonomy":"category","embeddable":true,"href":"https:\/\/elregionalvm.com.ar\/noticias-villa-maria\/wp-json\/wp\/v2\/categories?post=21181"},{"taxonomy":"post_tag","embeddable":true,"href":"https:\/\/elregionalvm.com.ar\/noticias-villa-maria\/wp-json\/wp\/v2\/tags?post=21181"}],"curies":[{"name":"wp","href":"https:\/\/api.w.org\/{rel}","templated":true}]}}