{"id":21189,"date":"2020-07-31T21:05:13","date_gmt":"2020-07-31T21:05:13","guid":{"rendered":"https:\/\/elregionalvm.com.ar\/noticias-villa-maria\/?p=21189"},"modified":"2020-07-31T21:05:14","modified_gmt":"2020-07-31T21:05:14","slug":"el-derecho-a-morir","status":"publish","type":"post","link":"https:\/\/elregionalvm.com.ar\/noticias-villa-maria\/el-derecho-a-morir\/","title":{"rendered":"El derecho a morir\u2026"},"content":{"rendered":"\n<p><strong>Escribe:  Miguel Andreis<\/strong><\/p>\n\n\n\n<p>No se vive una sola muerte. No existe solamente un hombre dentro del mismo hombre, sino muchos. Antonio, no era la excepci\u00f3n y \u00e9l siempre lo supo. Le hab\u00eda prometido a Mar\u00eda Esther, la \u00abNena\u00bb que volver\u00eda a Villa Mar\u00eda apenas lograra estabilizar sus cosas.<\/p>\n\n\n\n<p>No hab\u00eda quedado bien despu\u00e9s de la muerte de Adela. Treinta y dos a\u00f1os de matrimonio y una relaci\u00f3n que les dej\u00f3 una hija. Jam\u00e1s pudo entender que alguien sufriera de depresi\u00f3n.<\/p>\n\n\n\n<p>\u00a1Carajo que es jodida! Se dijo entre dientes mientras revolv\u00eda varias pastillas en la gaseosa. Sosten\u00eda en su mano el telegrama y una vieja birome.<\/p>\n\n\n\n<p>Cuando cerraron la oleaginosa (o aceitera) en la ciudad, fue uno de los tantos que se quedaron sin trabajo. Nunca se olvid\u00f3 de don \u00c1lvaro Alsogaray, que fue uno de los accionistas. Hicieron una gran estafa. Por eso tal vez sent\u00eda repulsi\u00f3n cada vez que en las pantallas aparec\u00eda la imagen del almirante.<\/p>\n\n\n\n<p>No era un tipo de putear, pero a \u00e9l lo puteaba. Debi\u00f3 salir a buscar otros rumbos. La villa no mostraba grandes perspectivas laborales. Le ofrecieron un puesto de guardiac\u00e1rcel, no acept\u00f3, ni a\u00fan bajo las presiones de Adela y sus familiares. \u00abEn ese laburo todos est\u00e1n presos\u00bb. No quer\u00edan que se fueran. Igualmente partieron.<\/p>\n\n\n\n<p>&nbsp;De aquello pasaron m\u00e1s de 25 a\u00f1os. Aquella C\u00f3rdoba de los sesenta-setenta, con su nuevo perfil industrial sumaba mano de obra que llegaba del interior. Ingres\u00f3 en Kaiser, que m\u00e1s tarde se transformar\u00eda en IKA-Renault.<\/p>\n\n\n\n<p>La piba, Mar\u00eda Esther, comenz\u00f3 la primaria. El nunca met\u00eda menos de diez horas diarias, sobre el torno. Se hab\u00eda recibido en la Escuela de Artes y Oficios &#8211; la del Trabajo-. Primero alquilaron una casita saliendo para Carlos Paz, m\u00e1s tarde les toc\u00f3 una vivienda de un plan del Banco Hipotecario, en barrio Pilar.<\/p>\n\n\n\n<p>Desde entonces todos los d\u00edas caminaba dos cuadras hasta la plaza que est\u00e1 sobre&nbsp; la calle Tres Arroyos. All\u00ed a las 5.15 tomaba el colectivo. Le cost\u00f3 acostumbrarse a ese movimiento, en Villa Mar\u00eda siempre se manej\u00f3 en la&nbsp; Zanella-Cecatto. Todo quedaba cerca.<\/p>\n\n\n\n<p>All\u00e1 era distinto. Los horarios, el madrugar para viajar cuarenta minutos de ida y otro tanto de vuelta. Dormitando contra el vidrio como para ganarle alg\u00fan tiempo al sue\u00f1o ya cr\u00f3nico. Vinieron momentos duros. Movimientos gremiales, luchas sindicales, enfrentamientos sociales. Gente despedida. Antonio entre ellos. Tampoco le hizo caso a Adela cuando le insist\u00eda en que fuera a trabajar, \u00abTotal vos no sos delegado, qu\u00e9 quer\u00e9s, que te echen. Pens\u00e1 en tu familia, en tu hija\u2026\u00bb- le recordaba-.<\/p>\n\n\n\n<p>Estaba convencido de que los reclamos eran justos. \u00abDe hambre no nos vamos a morir. S\u00e9 hacer cualquier cosa\u00bb -respond\u00eda. Sin embargo en su interior un miedo muy singular le iba quitando el sue\u00f1o\u2026 cada vez se agigantaba m\u00e1s. Era consciente de que cada hombre muere m\u00e1s de una vez.<\/p>\n\n\n\n<p>Mar\u00eda Esther termin\u00f3 la secundaria y sigui\u00f3 medicina. El sue\u00f1o de todos. Iba a ser \u00abdoctora\u00bb. Para Antonio los domingos figuraban como feriados s\u00f3lo en el almanaque. Ped\u00eda horas extras. No quer\u00eda que a la nena le faltase nada.<\/p>\n\n\n\n<p>No ocult\u00f3 su orgullo cuando luego de mucho tiempo volvi\u00f3 a comprarse un traje para el acto de colaci\u00f3n de grado, y bail\u00f3 con Mar\u00eda Esther, y no sinti\u00f3 verg\u00fcenza de mostrar sus manos astilladas y percudidas con grasa de a\u00f1os. Llor\u00f3.<\/p>\n\n\n\n<p>Uno de los objetivos que le cost\u00f3 invertir gran parte de la vida ya estaba cumplido. El temor lo envolv\u00eda y de eso no pod\u00eda hablar. En cada hombre hay cientos de hombres conviviendo. La nena regres\u00f3 a Villa Mar\u00eda, adem\u00e1s de tener un buen campo en su especialidad, estaban los abuelos, los t\u00edos y, Roberto, con quien cursaron juntos la carrera.<\/p>\n\n\n\n<p>Antonio volvi\u00f3 a ponerse el mismo traje para el casamiento. El hombre fuerte volvi\u00f3 a llorar. La industria computariz\u00f3 todas las maquinarias. Sobraba personal. Una tardecita el cartero le deja el telegrama. Le pagaron la indemnizaci\u00f3n y algo sinti\u00f3 que se quebraba. Estaba a punto de cumplir los 64. Dos meses despu\u00e9s le ofrecen ser portero en una embotelladora de gaseosas. \u00a1Yo portero, con todo lo que s\u00e9 hacer! -se replante\u00f3 en voz baja-, pero acept\u00f3.<\/p>\n\n\n\n<p>Se hab\u00eda quedado sin mutual y Adela comenz\u00f3 con unos s\u00edntomas raros. Los v\u00f3mitos y el dolor en la boca del est\u00f3mago se suced\u00edan achicando tiempos. \u00bfEra a eso que le ten\u00eda miedo? \u00bfUn presentimiento? Varios estudios y un diagn\u00f3stico irreversible. Mar\u00eda Esther lo supo enseguida. Fue ella quien le dio el cuadro de situaci\u00f3n. Cuatro meses despu\u00e9s la pesadilla de gritos y olores mezclados llegaba a su fin. Curiosamente casi no llor\u00f3.<\/p>\n\n\n\n<p>Mar\u00eda Esther le ofreci\u00f3 venirse para Villa Mar\u00eda. No respondi\u00f3. Le pesaba la palabra sexagenario. \u00bfQui\u00e9n mierda la habr\u00e1 inventado? Se preguntaba. Todav\u00eda podr\u00eda arreglarse solo. Ten\u00eda los aportes para jubilarse a los 65.<\/p>\n\n\n\n<p>Desde aquella noche en que a la cama grande le sobraba espacio, comenz\u00f3 a dormir con la luz encendida. Le espantaba la vejez que se la llev\u00f3 por delante sin darse cuenta. Odiaba los fines de semana, perdi\u00f3 las ganas de venir para Villa Mar\u00eda. La Nena, cada vez con m\u00e1s trabajo no ten\u00eda demasiado tiempo para dedicarle. Primero iba cada quince d\u00edas, luego una vez al mes.<\/p>\n\n\n\n<p>Observaba como nunca antes a los viejos sentados al sol, caminando despacio, le espantaba esos que llegaban resquebrajados a pedir \u00abalgo\u00bb a la f\u00e1brica. Le dol\u00eda el invierno. La vejez era una de las condiciones m\u00e1s perversas por la que debe atravesar un ser humano, se dec\u00eda. La ausencia de Adela se acrecentaba. Y le era inevitable asociar jubilaci\u00f3n con vejez, y vejez con hombre in\u00fatil.<\/p>\n\n\n\n<p>Esa tardecita volvi\u00f3 a pasar el cartero. Ya no ten\u00eda duda de qu\u00e9 se trataba. Desde hac\u00eda dos a\u00f1os todas las noches se preparaba, el s\u00e1ndwich de milanesa al horno, con algo de mayonesa -muy poco porque el h\u00edgado ya no aguantaba-, tres rodajas de tomate y dos huevos duros. En el termo, caf\u00e9 con leche. Abri\u00f3 el sobre y ley\u00f3 despacio. Era el momento.<\/p>\n\n\n\n<p>Bebi\u00f3 la gaseosa de fondo espeso. Tom\u00f3 una lapicera y escribi\u00f3 debajo del informe de la Caja de Jubilaciones. Dos d\u00edas despu\u00e9s ingresaba la polic\u00eda judicial con Mar\u00eda Esther. Ten\u00eda el papel en la mano hecho un bollo. La Nena lo abri\u00f3 y ley\u00f3 que se le \u00abotorgaban los beneficios de la jubilaci\u00f3n\u00bb.<\/p>\n\n\n\n<p>Antonio, de impecable letra, le hab\u00eda agregado abajo una frase que lo marc\u00f3 para siempre: \u201cHay que morirse joven lo m\u00e1s tarde posible\u201d.<\/p>\n\n\n\n<p>Y le agreg\u00f3 \u201cEs tarde&nbsp; y ya comenc\u00e9 a no sentirme joven&#8230;\u00bb.<\/p>\n","protected":false},"excerpt":{"rendered":"<p>Escribe: Miguel Andreis No se vive una sola muerte. No existe solamente un hombre dentro del mismo hombre, sino muchos. Antonio, no era la excepci\u00f3n y \u00e9l siempre lo supo. Le hab\u00eda prometido a Mar\u00eda Esther, la \u00abNena\u00bb que volver\u00eda a Villa Mar\u00eda apenas lograra estabilizar sus cosas. No hab\u00eda quedado bien despu\u00e9s de la [&hellip;]<\/p>\n","protected":false},"author":5,"featured_media":21190,"comment_status":"open","ping_status":"open","sticky":false,"template":"","format":"standard","meta":{"site-sidebar-layout":"default","site-content-layout":"default","ast-site-content-layout":"default","site-content-style":"default","site-sidebar-style":"default","ast-global-header-display":"","ast-banner-title-visibility":"","ast-main-header-display":"","ast-hfb-above-header-display":"","ast-hfb-below-header-display":"","ast-hfb-mobile-header-display":"","site-post-title":"","ast-breadcrumbs-content":"","ast-featured-img":"","footer-sml-layout":"","ast-disable-related-posts":"","theme-transparent-header-meta":"default","adv-header-id-meta":"","stick-header-meta":"","header-above-stick-meta":"","header-main-stick-meta":"","header-below-stick-meta":"","astra-migrate-meta-layouts":"default","ast-page-background-enabled":"default","ast-page-background-meta":{"desktop":{"background-color":"","background-image":"","background-repeat":"repeat","background-position":"center center","background-size":"auto","background-attachment":"scroll","background-type":"","background-media":"","overlay-type":"","overlay-color":"","overlay-opacity":"","overlay-gradient":""},"tablet":{"background-color":"","background-image":"","background-repeat":"repeat","background-position":"center center","background-size":"auto","background-attachment":"scroll","background-type":"","background-media":"","overlay-type":"","overlay-color":"","overlay-opacity":"","overlay-gradient":""},"mobile":{"background-color":"","background-image":"","background-repeat":"repeat","background-position":"center center","background-size":"auto","background-attachment":"scroll","background-type":"","background-media":"","overlay-type":"","overlay-color":"","overlay-opacity":"","overlay-gradient":""}},"ast-content-background-meta":{"desktop":{"background-color":"var(--ast-global-color-5)","background-image":"","background-repeat":"repeat","background-position":"center center","background-size":"auto","background-attachment":"scroll","background-type":"","background-media":"","overlay-type":"","overlay-color":"","overlay-opacity":"","overlay-gradient":""},"tablet":{"background-color":"var(--ast-global-color-5)","background-image":"","background-repeat":"repeat","background-position":"center center","background-size":"auto","background-attachment":"scroll","background-type":"","background-media":"","overlay-type":"","overlay-color":"","overlay-opacity":"","overlay-gradient":""},"mobile":{"background-color":"var(--ast-global-color-5)","background-image":"","background-repeat":"repeat","background-position":"center center","background-size":"auto","background-attachment":"scroll","background-type":"","background-media":"","overlay-type":"","overlay-color":"","overlay-opacity":"","overlay-gradient":""}},"_jetpack_memberships_contains_paid_content":false,"_joinchat":[],"footnotes":""},"categories":[2098,2323],"tags":[322,2980,1386,2981,2248],"class_list":["post-21189","post","type-post","status-publish","format-standard","has-post-thumbnail","hentry","category-historias","category-notas-secundarias","tag-cordoba","tag-derecho-a-morir","tag-historias","tag-oleaginosa","tag-villa-maria-2"],"yoast_head":"<!-- This site is optimized with the Yoast SEO plugin v26.8 - https:\/\/yoast.com\/product\/yoast-seo-wordpress\/ -->\n<title>El derecho a morir\u2026 - El Regional<\/title>\n<meta name=\"description\" content=\"No se vive una sola muerte. No existe solamente un hombre dentro del mismo hombre, sino muchos. Antonio, no era la excepci\u00f3n y \u00e9l siempre lo supo.\" \/>\n<meta name=\"robots\" content=\"index, follow, max-snippet:-1, max-image-preview:large, max-video-preview:-1\" \/>\n<link rel=\"canonical\" href=\"http:\/\/elregionalvm.com.ar\/noticias-villa-maria\/el-derecho-a-morir\/\" \/>\n<meta property=\"og:locale\" content=\"es_ES\" \/>\n<meta property=\"og:type\" content=\"article\" \/>\n<meta property=\"og:title\" content=\"El derecho a morir\u2026 - El Regional\" \/>\n<meta property=\"og:description\" content=\"No se vive una sola muerte. No existe solamente un hombre dentro del mismo hombre, sino muchos. Antonio, no era la excepci\u00f3n y \u00e9l siempre lo supo.\" \/>\n<meta property=\"og:url\" content=\"http:\/\/elregionalvm.com.ar\/noticias-villa-maria\/el-derecho-a-morir\/\" \/>\n<meta property=\"og:site_name\" content=\"El Regional\" \/>\n<meta property=\"article:publisher\" content=\"https:\/\/www.facebook.com\/elregionalvm\" \/>\n<meta property=\"article:published_time\" content=\"2020-07-31T21:05:13+00:00\" \/>\n<meta property=\"article:modified_time\" content=\"2020-07-31T21:05:14+00:00\" \/>\n<meta property=\"og:image\" content=\"http:\/\/elregionalvm.com.ar\/noticias-villa-maria\/wp-content\/uploads\/2020\/07\/HOMBRE-CON-CAJA-EN-SU-CABEZA.jpg\" \/>\n\t<meta property=\"og:image:width\" content=\"750\" \/>\n\t<meta property=\"og:image:height\" content=\"346\" \/>\n\t<meta property=\"og:image:type\" content=\"image\/jpeg\" \/>\n<meta name=\"author\" content=\"Miguel Andreis\" \/>\n<meta name=\"twitter:card\" content=\"summary_large_image\" \/>\n<meta name=\"twitter:creator\" content=\"@elregionalvm1\" \/>\n<meta name=\"twitter:site\" content=\"@elregionalvm1\" \/>\n<meta name=\"twitter:label1\" content=\"Escrito por\" \/>\n\t<meta name=\"twitter:data1\" content=\"Miguel Andreis\" \/>\n\t<meta name=\"twitter:label2\" content=\"Tiempo de lectura\" \/>\n\t<meta name=\"twitter:data2\" content=\"6 minutos\" \/>\n<script type=\"application\/ld+json\" class=\"yoast-schema-graph\">{\"@context\":\"https:\/\/schema.org\",\"@graph\":[{\"@type\":\"Article\",\"@id\":\"http:\/\/elregionalvm.com.ar\/noticias-villa-maria\/el-derecho-a-morir\/#article\",\"isPartOf\":{\"@id\":\"http:\/\/elregionalvm.com.ar\/noticias-villa-maria\/el-derecho-a-morir\/\"},\"author\":{\"name\":\"Miguel Andreis\",\"@id\":\"http:\/\/elregionalvm.com.ar\/noticias-villa-maria\/#\/schema\/person\/df5ff3f005acf29788aed9cb359f1193\"},\"headline\":\"El derecho a morir\u2026\",\"datePublished\":\"2020-07-31T21:05:13+00:00\",\"dateModified\":\"2020-07-31T21:05:14+00:00\",\"mainEntityOfPage\":{\"@id\":\"http:\/\/elregionalvm.com.ar\/noticias-villa-maria\/el-derecho-a-morir\/\"},\"wordCount\":1187,\"commentCount\":0,\"image\":{\"@id\":\"http:\/\/elregionalvm.com.ar\/noticias-villa-maria\/el-derecho-a-morir\/#primaryimage\"},\"thumbnailUrl\":\"https:\/\/i0.wp.com\/elregionalvm.com.ar\/noticias-villa-maria\/wp-content\/uploads\/2020\/07\/HOMBRE-CON-CAJA-EN-SU-CABEZA.jpg?fit=750%2C346&ssl=1\",\"keywords\":[\"c\u00f3rdoba\",\"Derecho a morir\",\"historias\",\"oleaginosa\",\"Villa Mar\u00eda\"],\"articleSection\":[\"Historias\",\"Notas\"],\"inLanguage\":\"es\",\"potentialAction\":[{\"@type\":\"CommentAction\",\"name\":\"Comment\",\"target\":[\"http:\/\/elregionalvm.com.ar\/noticias-villa-maria\/el-derecho-a-morir\/#respond\"]}]},{\"@type\":\"WebPage\",\"@id\":\"http:\/\/elregionalvm.com.ar\/noticias-villa-maria\/el-derecho-a-morir\/\",\"url\":\"http:\/\/elregionalvm.com.ar\/noticias-villa-maria\/el-derecho-a-morir\/\",\"name\":\"El derecho a morir\u2026 - El Regional\",\"isPartOf\":{\"@id\":\"http:\/\/elregionalvm.com.ar\/noticias-villa-maria\/#website\"},\"primaryImageOfPage\":{\"@id\":\"http:\/\/elregionalvm.com.ar\/noticias-villa-maria\/el-derecho-a-morir\/#primaryimage\"},\"image\":{\"@id\":\"http:\/\/elregionalvm.com.ar\/noticias-villa-maria\/el-derecho-a-morir\/#primaryimage\"},\"thumbnailUrl\":\"https:\/\/i0.wp.com\/elregionalvm.com.ar\/noticias-villa-maria\/wp-content\/uploads\/2020\/07\/HOMBRE-CON-CAJA-EN-SU-CABEZA.jpg?fit=750%2C346&ssl=1\",\"datePublished\":\"2020-07-31T21:05:13+00:00\",\"dateModified\":\"2020-07-31T21:05:14+00:00\",\"author\":{\"@id\":\"http:\/\/elregionalvm.com.ar\/noticias-villa-maria\/#\/schema\/person\/df5ff3f005acf29788aed9cb359f1193\"},\"description\":\"No se vive una sola muerte. No existe solamente un hombre dentro del mismo hombre, sino muchos. Antonio, no era la excepci\u00f3n y \u00e9l siempre lo supo.\",\"breadcrumb\":{\"@id\":\"http:\/\/elregionalvm.com.ar\/noticias-villa-maria\/el-derecho-a-morir\/#breadcrumb\"},\"inLanguage\":\"es\",\"potentialAction\":[{\"@type\":\"ReadAction\",\"target\":[\"http:\/\/elregionalvm.com.ar\/noticias-villa-maria\/el-derecho-a-morir\/\"]}]},{\"@type\":\"ImageObject\",\"inLanguage\":\"es\",\"@id\":\"http:\/\/elregionalvm.com.ar\/noticias-villa-maria\/el-derecho-a-morir\/#primaryimage\",\"url\":\"https:\/\/i0.wp.com\/elregionalvm.com.ar\/noticias-villa-maria\/wp-content\/uploads\/2020\/07\/HOMBRE-CON-CAJA-EN-SU-CABEZA.jpg?fit=750%2C346&ssl=1\",\"contentUrl\":\"https:\/\/i0.wp.com\/elregionalvm.com.ar\/noticias-villa-maria\/wp-content\/uploads\/2020\/07\/HOMBRE-CON-CAJA-EN-SU-CABEZA.jpg?fit=750%2C346&ssl=1\",\"width\":750,\"height\":346},{\"@type\":\"BreadcrumbList\",\"@id\":\"http:\/\/elregionalvm.com.ar\/noticias-villa-maria\/el-derecho-a-morir\/#breadcrumb\",\"itemListElement\":[{\"@type\":\"ListItem\",\"position\":1,\"name\":\"Portada\",\"item\":\"https:\/\/elregionalvm.com.ar\/noticias-villa-maria\/\"},{\"@type\":\"ListItem\",\"position\":2,\"name\":\"El derecho a morir\u2026\"}]},{\"@type\":\"WebSite\",\"@id\":\"http:\/\/elregionalvm.com.ar\/noticias-villa-maria\/#website\",\"url\":\"http:\/\/elregionalvm.com.ar\/noticias-villa-maria\/\",\"name\":\"El Regional\",\"description\":\"Mucho m\u00e1s que informaci\u00f3n\",\"potentialAction\":[{\"@type\":\"SearchAction\",\"target\":{\"@type\":\"EntryPoint\",\"urlTemplate\":\"http:\/\/elregionalvm.com.ar\/noticias-villa-maria\/?s={search_term_string}\"},\"query-input\":{\"@type\":\"PropertyValueSpecification\",\"valueRequired\":true,\"valueName\":\"search_term_string\"}}],\"inLanguage\":\"es\"},{\"@type\":\"Person\",\"@id\":\"http:\/\/elregionalvm.com.ar\/noticias-villa-maria\/#\/schema\/person\/df5ff3f005acf29788aed9cb359f1193\",\"name\":\"Miguel Andreis\",\"image\":{\"@type\":\"ImageObject\",\"inLanguage\":\"es\",\"@id\":\"http:\/\/elregionalvm.com.ar\/noticias-villa-maria\/#\/schema\/person\/image\/\",\"url\":\"https:\/\/secure.gravatar.com\/avatar\/c643381cd03da38327c6407e6886e7182d881f2ecf94a7902ca262c41f9d8884?s=96&d=mm&r=g\",\"contentUrl\":\"https:\/\/secure.gravatar.com\/avatar\/c643381cd03da38327c6407e6886e7182d881f2ecf94a7902ca262c41f9d8884?s=96&d=mm&r=g\",\"caption\":\"Miguel Andreis\"},\"url\":\"https:\/\/elregionalvm.com.ar\/noticias-villa-maria\/author\/miguelandreis\/\"}]}<\/script>\n<!-- \/ Yoast SEO plugin. -->","yoast_head_json":{"title":"El derecho a morir\u2026 - El Regional","description":"No se vive una sola muerte. No existe solamente un hombre dentro del mismo hombre, sino muchos. Antonio, no era la excepci\u00f3n y \u00e9l siempre lo supo.","robots":{"index":"index","follow":"follow","max-snippet":"max-snippet:-1","max-image-preview":"max-image-preview:large","max-video-preview":"max-video-preview:-1"},"canonical":"http:\/\/elregionalvm.com.ar\/noticias-villa-maria\/el-derecho-a-morir\/","og_locale":"es_ES","og_type":"article","og_title":"El derecho a morir\u2026 - El Regional","og_description":"No se vive una sola muerte. No existe solamente un hombre dentro del mismo hombre, sino muchos. Antonio, no era la excepci\u00f3n y \u00e9l siempre lo supo.","og_url":"http:\/\/elregionalvm.com.ar\/noticias-villa-maria\/el-derecho-a-morir\/","og_site_name":"El Regional","article_publisher":"https:\/\/www.facebook.com\/elregionalvm","article_published_time":"2020-07-31T21:05:13+00:00","article_modified_time":"2020-07-31T21:05:14+00:00","og_image":[{"width":750,"height":346,"url":"http:\/\/elregionalvm.com.ar\/noticias-villa-maria\/wp-content\/uploads\/2020\/07\/HOMBRE-CON-CAJA-EN-SU-CABEZA.jpg","type":"image\/jpeg"}],"author":"Miguel Andreis","twitter_card":"summary_large_image","twitter_creator":"@elregionalvm1","twitter_site":"@elregionalvm1","twitter_misc":{"Escrito por":"Miguel Andreis","Tiempo de lectura":"6 minutos"},"schema":{"@context":"https:\/\/schema.org","@graph":[{"@type":"Article","@id":"http:\/\/elregionalvm.com.ar\/noticias-villa-maria\/el-derecho-a-morir\/#article","isPartOf":{"@id":"http:\/\/elregionalvm.com.ar\/noticias-villa-maria\/el-derecho-a-morir\/"},"author":{"name":"Miguel Andreis","@id":"http:\/\/elregionalvm.com.ar\/noticias-villa-maria\/#\/schema\/person\/df5ff3f005acf29788aed9cb359f1193"},"headline":"El derecho a morir\u2026","datePublished":"2020-07-31T21:05:13+00:00","dateModified":"2020-07-31T21:05:14+00:00","mainEntityOfPage":{"@id":"http:\/\/elregionalvm.com.ar\/noticias-villa-maria\/el-derecho-a-morir\/"},"wordCount":1187,"commentCount":0,"image":{"@id":"http:\/\/elregionalvm.com.ar\/noticias-villa-maria\/el-derecho-a-morir\/#primaryimage"},"thumbnailUrl":"https:\/\/i0.wp.com\/elregionalvm.com.ar\/noticias-villa-maria\/wp-content\/uploads\/2020\/07\/HOMBRE-CON-CAJA-EN-SU-CABEZA.jpg?fit=750%2C346&ssl=1","keywords":["c\u00f3rdoba","Derecho a morir","historias","oleaginosa","Villa Mar\u00eda"],"articleSection":["Historias","Notas"],"inLanguage":"es","potentialAction":[{"@type":"CommentAction","name":"Comment","target":["http:\/\/elregionalvm.com.ar\/noticias-villa-maria\/el-derecho-a-morir\/#respond"]}]},{"@type":"WebPage","@id":"http:\/\/elregionalvm.com.ar\/noticias-villa-maria\/el-derecho-a-morir\/","url":"http:\/\/elregionalvm.com.ar\/noticias-villa-maria\/el-derecho-a-morir\/","name":"El derecho a morir\u2026 - El Regional","isPartOf":{"@id":"http:\/\/elregionalvm.com.ar\/noticias-villa-maria\/#website"},"primaryImageOfPage":{"@id":"http:\/\/elregionalvm.com.ar\/noticias-villa-maria\/el-derecho-a-morir\/#primaryimage"},"image":{"@id":"http:\/\/elregionalvm.com.ar\/noticias-villa-maria\/el-derecho-a-morir\/#primaryimage"},"thumbnailUrl":"https:\/\/i0.wp.com\/elregionalvm.com.ar\/noticias-villa-maria\/wp-content\/uploads\/2020\/07\/HOMBRE-CON-CAJA-EN-SU-CABEZA.jpg?fit=750%2C346&ssl=1","datePublished":"2020-07-31T21:05:13+00:00","dateModified":"2020-07-31T21:05:14+00:00","author":{"@id":"http:\/\/elregionalvm.com.ar\/noticias-villa-maria\/#\/schema\/person\/df5ff3f005acf29788aed9cb359f1193"},"description":"No se vive una sola muerte. No existe solamente un hombre dentro del mismo hombre, sino muchos. Antonio, no era la excepci\u00f3n y \u00e9l siempre lo supo.","breadcrumb":{"@id":"http:\/\/elregionalvm.com.ar\/noticias-villa-maria\/el-derecho-a-morir\/#breadcrumb"},"inLanguage":"es","potentialAction":[{"@type":"ReadAction","target":["http:\/\/elregionalvm.com.ar\/noticias-villa-maria\/el-derecho-a-morir\/"]}]},{"@type":"ImageObject","inLanguage":"es","@id":"http:\/\/elregionalvm.com.ar\/noticias-villa-maria\/el-derecho-a-morir\/#primaryimage","url":"https:\/\/i0.wp.com\/elregionalvm.com.ar\/noticias-villa-maria\/wp-content\/uploads\/2020\/07\/HOMBRE-CON-CAJA-EN-SU-CABEZA.jpg?fit=750%2C346&ssl=1","contentUrl":"https:\/\/i0.wp.com\/elregionalvm.com.ar\/noticias-villa-maria\/wp-content\/uploads\/2020\/07\/HOMBRE-CON-CAJA-EN-SU-CABEZA.jpg?fit=750%2C346&ssl=1","width":750,"height":346},{"@type":"BreadcrumbList","@id":"http:\/\/elregionalvm.com.ar\/noticias-villa-maria\/el-derecho-a-morir\/#breadcrumb","itemListElement":[{"@type":"ListItem","position":1,"name":"Portada","item":"https:\/\/elregionalvm.com.ar\/noticias-villa-maria\/"},{"@type":"ListItem","position":2,"name":"El derecho a morir\u2026"}]},{"@type":"WebSite","@id":"http:\/\/elregionalvm.com.ar\/noticias-villa-maria\/#website","url":"http:\/\/elregionalvm.com.ar\/noticias-villa-maria\/","name":"El Regional","description":"Mucho m\u00e1s que informaci\u00f3n","potentialAction":[{"@type":"SearchAction","target":{"@type":"EntryPoint","urlTemplate":"http:\/\/elregionalvm.com.ar\/noticias-villa-maria\/?s={search_term_string}"},"query-input":{"@type":"PropertyValueSpecification","valueRequired":true,"valueName":"search_term_string"}}],"inLanguage":"es"},{"@type":"Person","@id":"http:\/\/elregionalvm.com.ar\/noticias-villa-maria\/#\/schema\/person\/df5ff3f005acf29788aed9cb359f1193","name":"Miguel Andreis","image":{"@type":"ImageObject","inLanguage":"es","@id":"http:\/\/elregionalvm.com.ar\/noticias-villa-maria\/#\/schema\/person\/image\/","url":"https:\/\/secure.gravatar.com\/avatar\/c643381cd03da38327c6407e6886e7182d881f2ecf94a7902ca262c41f9d8884?s=96&d=mm&r=g","contentUrl":"https:\/\/secure.gravatar.com\/avatar\/c643381cd03da38327c6407e6886e7182d881f2ecf94a7902ca262c41f9d8884?s=96&d=mm&r=g","caption":"Miguel Andreis"},"url":"https:\/\/elregionalvm.com.ar\/noticias-villa-maria\/author\/miguelandreis\/"}]}},"jetpack_featured_media_url":"https:\/\/i0.wp.com\/elregionalvm.com.ar\/noticias-villa-maria\/wp-content\/uploads\/2020\/07\/HOMBRE-CON-CAJA-EN-SU-CABEZA.jpg?fit=750%2C346&ssl=1","jetpack_sharing_enabled":true,"_links":{"self":[{"href":"https:\/\/elregionalvm.com.ar\/noticias-villa-maria\/wp-json\/wp\/v2\/posts\/21189","targetHints":{"allow":["GET"]}}],"collection":[{"href":"https:\/\/elregionalvm.com.ar\/noticias-villa-maria\/wp-json\/wp\/v2\/posts"}],"about":[{"href":"https:\/\/elregionalvm.com.ar\/noticias-villa-maria\/wp-json\/wp\/v2\/types\/post"}],"author":[{"embeddable":true,"href":"https:\/\/elregionalvm.com.ar\/noticias-villa-maria\/wp-json\/wp\/v2\/users\/5"}],"replies":[{"embeddable":true,"href":"https:\/\/elregionalvm.com.ar\/noticias-villa-maria\/wp-json\/wp\/v2\/comments?post=21189"}],"version-history":[{"count":1,"href":"https:\/\/elregionalvm.com.ar\/noticias-villa-maria\/wp-json\/wp\/v2\/posts\/21189\/revisions"}],"predecessor-version":[{"id":21191,"href":"https:\/\/elregionalvm.com.ar\/noticias-villa-maria\/wp-json\/wp\/v2\/posts\/21189\/revisions\/21191"}],"wp:featuredmedia":[{"embeddable":true,"href":"https:\/\/elregionalvm.com.ar\/noticias-villa-maria\/wp-json\/wp\/v2\/media\/21190"}],"wp:attachment":[{"href":"https:\/\/elregionalvm.com.ar\/noticias-villa-maria\/wp-json\/wp\/v2\/media?parent=21189"}],"wp:term":[{"taxonomy":"category","embeddable":true,"href":"https:\/\/elregionalvm.com.ar\/noticias-villa-maria\/wp-json\/wp\/v2\/categories?post=21189"},{"taxonomy":"post_tag","embeddable":true,"href":"https:\/\/elregionalvm.com.ar\/noticias-villa-maria\/wp-json\/wp\/v2\/tags?post=21189"}],"curies":[{"name":"wp","href":"https:\/\/api.w.org\/{rel}","templated":true}]}}