{"id":21193,"date":"2020-07-31T23:03:54","date_gmt":"2020-07-31T23:03:54","guid":{"rendered":"https:\/\/elregionalvm.com.ar\/noticias-villa-maria\/?p=21193"},"modified":"2020-08-01T00:19:27","modified_gmt":"2020-08-01T00:19:27","slug":"allanamientos-detienen-a-joven-que-robo-una-moto-a-punta-de-pistola","status":"publish","type":"post","link":"https:\/\/elregionalvm.com.ar\/noticias-villa-maria\/allanamientos-detienen-a-joven-que-robo-una-moto-a-punta-de-pistola\/","title":{"rendered":"Allanamientos: detienen a joven que rob\u00f3 una moto a punta de pistola"},"content":{"rendered":"\n<p>Este viernes, aproximadamente a  las 06.30, se efectuaron tres \u00f3rdenes de allanamientos para domicilios de Villa Mar\u00eda. Uno fue en calle Victorino de la Plaza al 3100, los otros dos en Teniente Iba\u00f1ez al 2800 y Ramiro Su\u00e1rez al 2600.<\/p>\n\n\n\n<p>En uno de los domicilios se detuvo a un hombre de 23 a\u00f1os como el supuesto autor de un hecho de robo calificado por uso de arma de fuego. Tambi\u00e9n se procedi\u00f3 al secuestro de motopartes varias y vestimentas. Se logr\u00f3 el secuestro de una motocicleta que habr\u00eda sido utilizada para cometer el il\u00edcito. <\/p>\n\n\n\n<p>El procedimiento est\u00e1 relacionado a un hecho de robo calificado ocurrido el d\u00eda s\u00e1bado 25 de julio en calle Victoria Ocampo al 1600, donde a una mujer de 35 a\u00f1os de edad mediante amenazas con un arma de fuego le sustrajeron una motocicleta Corven 110 cc.<\/p>\n\n\n\n<p><strong>Villa Nueva: otro joven detenido por un hecho de violencia familiar<\/strong><\/p>\n\n\n\n<p>Por otra parte, en la tarde de hoy, aproximadamente a las 13:30, personal de la Comisar\u00eda de Villa Nueva, arrest\u00f3 a un joven  de 23 a\u00f1os por desobediencia a la autoridad y lesiones leves calificadas, encontr\u00e1ndose relacionado a un hecho de violencia familiar denunciado d\u00edas atr\u00e1s por una mujer de 26 a\u00f1os de edad.<\/p>\n","protected":false},"excerpt":{"rendered":"<p>Este viernes, aproximadamente a las 06.30, se efectuaron tres \u00f3rdenes de allanamientos para domicilios de Villa Mar\u00eda. Uno fue en calle Victorino de la Plaza al 3100, los otros dos en Teniente Iba\u00f1ez al 2800 y Ramiro Su\u00e1rez al 2600. En uno de los domicilios se detuvo a un hombre de 23 a\u00f1os como el [&hellip;]<\/p>\n","protected":false},"author":4,"featured_media":20637,"comment_status":"open","ping_status":"open","sticky":false,"template":"","format":"standard","meta":{"site-sidebar-layout":"default","site-content-layout":"default","ast-site-content-layout":"default","site-content-style":"default","site-sidebar-style":"default","ast-global-header-display":"","ast-banner-title-visibility":"","ast-main-header-display":"","ast-hfb-above-header-display":"","ast-hfb-below-header-display":"","ast-hfb-mobile-header-display":"","site-post-title":"","ast-breadcrumbs-content":"","ast-featured-img":"","footer-sml-layout":"","ast-disable-related-posts":"","theme-transparent-header-meta":"default","adv-header-id-meta":"","stick-header-meta":"","header-above-stick-meta":"","header-main-stick-meta":"","header-below-stick-meta":"","astra-migrate-meta-layouts":"default","ast-page-background-enabled":"default","ast-page-background-meta":{"desktop":{"background-color":"","background-image":"","background-repeat":"repeat","background-position":"center center","background-size":"auto","background-attachment":"scroll","background-type":"","background-media":"","overlay-type":"","overlay-color":"","overlay-opacity":"","overlay-gradient":""},"tablet":{"background-color":"","background-image":"","background-repeat":"repeat","background-position":"center center","background-size":"auto","background-attachment":"scroll","background-type":"","background-media":"","overlay-type":"","overlay-color":"","overlay-opacity":"","overlay-gradient":""},"mobile":{"background-color":"","background-image":"","background-repeat":"repeat","background-position":"center center","background-size":"auto","background-attachment":"scroll","background-type":"","background-media":"","overlay-type":"","overlay-color":"","overlay-opacity":"","overlay-gradient":""}},"ast-content-background-meta":{"desktop":{"background-color":"var(--ast-global-color-5)","background-image":"","background-repeat":"repeat","background-position":"center center","background-size":"auto","background-attachment":"scroll","background-type":"","background-media":"","overlay-type":"","overlay-color":"","overlay-opacity":"","overlay-gradient":""},"tablet":{"background-color":"var(--ast-global-color-5)","background-image":"","background-repeat":"repeat","background-position":"center center","background-size":"auto","background-attachment":"scroll","background-type":"","background-media":"","overlay-type":"","overlay-color":"","overlay-opacity":"","overlay-gradient":""},"mobile":{"background-color":"var(--ast-global-color-5)","background-image":"","background-repeat":"repeat","background-position":"center center","background-size":"auto","background-attachment":"scroll","background-type":"","background-media":"","overlay-type":"","overlay-color":"","overlay-opacity":"","overlay-gradient":""}},"_jetpack_memberships_contains_paid_content":false,"_joinchat":[],"footnotes":""},"categories":[2234],"tags":[1232,2414,2983,741,2982,2608],"class_list":["post-21193","post","type-post","status-publish","format-standard","has-post-thumbnail","hentry","category-policiales","tag-destacado","tag-detenidos","tag-joven-detenido","tag-policiales","tag-robo-a-mano-armada","tag-violencia-familiar"],"yoast_head":"<!-- This site is optimized with the Yoast SEO plugin v26.8 - https:\/\/yoast.com\/product\/yoast-seo-wordpress\/ -->\n<title>Allanamientos: detienen a joven que rob\u00f3 una moto a punta de pistola - El Regional<\/title>\n<meta name=\"robots\" content=\"index, follow, max-snippet:-1, max-image-preview:large, max-video-preview:-1\" \/>\n<link rel=\"canonical\" href=\"http:\/\/elregionalvm.com.ar\/noticias-villa-maria\/allanamientos-detienen-a-joven-que-robo-una-moto-a-punta-de-pistola\/\" \/>\n<meta property=\"og:locale\" content=\"es_ES\" \/>\n<meta property=\"og:type\" content=\"article\" \/>\n<meta property=\"og:title\" content=\"Allanamientos: detienen a joven que rob\u00f3 una moto a punta de pistola - El Regional\" \/>\n<meta property=\"og:description\" content=\"Este viernes, aproximadamente a las 06.30, se efectuaron tres \u00f3rdenes de allanamientos para domicilios de Villa Mar\u00eda. Uno fue en calle Victorino de la Plaza al 3100, los otros dos en Teniente Iba\u00f1ez al 2800 y Ramiro Su\u00e1rez al 2600. En uno de los domicilios se detuvo a un hombre de 23 a\u00f1os como el [&hellip;]\" \/>\n<meta property=\"og:url\" content=\"http:\/\/elregionalvm.com.ar\/noticias-villa-maria\/allanamientos-detienen-a-joven-que-robo-una-moto-a-punta-de-pistola\/\" \/>\n<meta property=\"og:site_name\" content=\"El Regional\" \/>\n<meta property=\"article:publisher\" content=\"https:\/\/www.facebook.com\/elregionalvm\" \/>\n<meta property=\"article:published_time\" content=\"2020-07-31T23:03:54+00:00\" \/>\n<meta property=\"article:modified_time\" content=\"2020-08-01T00:19:27+00:00\" \/>\n<meta property=\"og:image\" content=\"http:\/\/elregionalvm.com.ar\/noticias-villa-maria\/wp-content\/uploads\/2020\/07\/detenido-por-policia.jpg\" \/>\n\t<meta property=\"og:image:width\" content=\"472\" \/>\n\t<meta property=\"og:image:height\" content=\"279\" \/>\n\t<meta property=\"og:image:type\" content=\"image\/jpeg\" \/>\n<meta name=\"author\" content=\"Contenidos El Regional\" \/>\n<meta name=\"twitter:card\" content=\"summary_large_image\" \/>\n<meta name=\"twitter:creator\" content=\"@elregionalvm1\" \/>\n<meta name=\"twitter:site\" content=\"@elregionalvm1\" \/>\n<meta name=\"twitter:label1\" content=\"Escrito por\" \/>\n\t<meta name=\"twitter:data1\" content=\"Contenidos El Regional\" \/>\n\t<meta name=\"twitter:label2\" content=\"Tiempo de lectura\" \/>\n\t<meta name=\"twitter:data2\" content=\"1 minuto\" \/>\n<script type=\"application\/ld+json\" class=\"yoast-schema-graph\">{\"@context\":\"https:\/\/schema.org\",\"@graph\":[{\"@type\":\"Article\",\"@id\":\"http:\/\/elregionalvm.com.ar\/noticias-villa-maria\/allanamientos-detienen-a-joven-que-robo-una-moto-a-punta-de-pistola\/#article\",\"isPartOf\":{\"@id\":\"http:\/\/elregionalvm.com.ar\/noticias-villa-maria\/allanamientos-detienen-a-joven-que-robo-una-moto-a-punta-de-pistola\/\"},\"author\":{\"name\":\"Contenidos El Regional\",\"@id\":\"http:\/\/elregionalvm.com.ar\/noticias-villa-maria\/#\/schema\/person\/a0fb9c422317faca23d50163151bc354\"},\"headline\":\"Allanamientos: detienen a joven que rob\u00f3 una moto a punta de pistola\",\"datePublished\":\"2020-07-31T23:03:54+00:00\",\"dateModified\":\"2020-08-01T00:19:27+00:00\",\"mainEntityOfPage\":{\"@id\":\"http:\/\/elregionalvm.com.ar\/noticias-villa-maria\/allanamientos-detienen-a-joven-que-robo-una-moto-a-punta-de-pistola\/\"},\"wordCount\":221,\"commentCount\":0,\"image\":{\"@id\":\"http:\/\/elregionalvm.com.ar\/noticias-villa-maria\/allanamientos-detienen-a-joven-que-robo-una-moto-a-punta-de-pistola\/#primaryimage\"},\"thumbnailUrl\":\"https:\/\/i0.wp.com\/elregionalvm.com.ar\/noticias-villa-maria\/wp-content\/uploads\/2020\/07\/detenido-por-policia.jpg?fit=472%2C279&ssl=1\",\"keywords\":[\"destacado\",\"detenidos\",\"joven detenido\",\"Policiales\",\"robo a mano armada\",\"violencia familiar\"],\"articleSection\":[\"Policiales\"],\"inLanguage\":\"es\",\"potentialAction\":[{\"@type\":\"CommentAction\",\"name\":\"Comment\",\"target\":[\"http:\/\/elregionalvm.com.ar\/noticias-villa-maria\/allanamientos-detienen-a-joven-que-robo-una-moto-a-punta-de-pistola\/#respond\"]}]},{\"@type\":\"WebPage\",\"@id\":\"http:\/\/elregionalvm.com.ar\/noticias-villa-maria\/allanamientos-detienen-a-joven-que-robo-una-moto-a-punta-de-pistola\/\",\"url\":\"http:\/\/elregionalvm.com.ar\/noticias-villa-maria\/allanamientos-detienen-a-joven-que-robo-una-moto-a-punta-de-pistola\/\",\"name\":\"Allanamientos: detienen a joven que rob\u00f3 una moto a punta de pistola - El Regional\",\"isPartOf\":{\"@id\":\"http:\/\/elregionalvm.com.ar\/noticias-villa-maria\/#website\"},\"primaryImageOfPage\":{\"@id\":\"http:\/\/elregionalvm.com.ar\/noticias-villa-maria\/allanamientos-detienen-a-joven-que-robo-una-moto-a-punta-de-pistola\/#primaryimage\"},\"image\":{\"@id\":\"http:\/\/elregionalvm.com.ar\/noticias-villa-maria\/allanamientos-detienen-a-joven-que-robo-una-moto-a-punta-de-pistola\/#primaryimage\"},\"thumbnailUrl\":\"https:\/\/i0.wp.com\/elregionalvm.com.ar\/noticias-villa-maria\/wp-content\/uploads\/2020\/07\/detenido-por-policia.jpg?fit=472%2C279&ssl=1\",\"datePublished\":\"2020-07-31T23:03:54+00:00\",\"dateModified\":\"2020-08-01T00:19:27+00:00\",\"author\":{\"@id\":\"http:\/\/elregionalvm.com.ar\/noticias-villa-maria\/#\/schema\/person\/a0fb9c422317faca23d50163151bc354\"},\"breadcrumb\":{\"@id\":\"http:\/\/elregionalvm.com.ar\/noticias-villa-maria\/allanamientos-detienen-a-joven-que-robo-una-moto-a-punta-de-pistola\/#breadcrumb\"},\"inLanguage\":\"es\",\"potentialAction\":[{\"@type\":\"ReadAction\",\"target\":[\"http:\/\/elregionalvm.com.ar\/noticias-villa-maria\/allanamientos-detienen-a-joven-que-robo-una-moto-a-punta-de-pistola\/\"]}]},{\"@type\":\"ImageObject\",\"inLanguage\":\"es\",\"@id\":\"http:\/\/elregionalvm.com.ar\/noticias-villa-maria\/allanamientos-detienen-a-joven-que-robo-una-moto-a-punta-de-pistola\/#primaryimage\",\"url\":\"https:\/\/i0.wp.com\/elregionalvm.com.ar\/noticias-villa-maria\/wp-content\/uploads\/2020\/07\/detenido-por-policia.jpg?fit=472%2C279&ssl=1\",\"contentUrl\":\"https:\/\/i0.wp.com\/elregionalvm.com.ar\/noticias-villa-maria\/wp-content\/uploads\/2020\/07\/detenido-por-policia.jpg?fit=472%2C279&ssl=1\",\"width\":472,\"height\":279,\"caption\":\"Foto de archivo\"},{\"@type\":\"BreadcrumbList\",\"@id\":\"http:\/\/elregionalvm.com.ar\/noticias-villa-maria\/allanamientos-detienen-a-joven-que-robo-una-moto-a-punta-de-pistola\/#breadcrumb\",\"itemListElement\":[{\"@type\":\"ListItem\",\"position\":1,\"name\":\"Portada\",\"item\":\"https:\/\/elregionalvm.com.ar\/noticias-villa-maria\/\"},{\"@type\":\"ListItem\",\"position\":2,\"name\":\"Allanamientos: detienen a joven que rob\u00f3 una moto a punta de pistola\"}]},{\"@type\":\"WebSite\",\"@id\":\"http:\/\/elregionalvm.com.ar\/noticias-villa-maria\/#website\",\"url\":\"http:\/\/elregionalvm.com.ar\/noticias-villa-maria\/\",\"name\":\"El Regional\",\"description\":\"Mucho m\u00e1s que informaci\u00f3n\",\"potentialAction\":[{\"@type\":\"SearchAction\",\"target\":{\"@type\":\"EntryPoint\",\"urlTemplate\":\"http:\/\/elregionalvm.com.ar\/noticias-villa-maria\/?s={search_term_string}\"},\"query-input\":{\"@type\":\"PropertyValueSpecification\",\"valueRequired\":true,\"valueName\":\"search_term_string\"}}],\"inLanguage\":\"es\"},{\"@type\":\"Person\",\"@id\":\"http:\/\/elregionalvm.com.ar\/noticias-villa-maria\/#\/schema\/person\/a0fb9c422317faca23d50163151bc354\",\"name\":\"Contenidos El Regional\",\"image\":{\"@type\":\"ImageObject\",\"inLanguage\":\"es\",\"@id\":\"http:\/\/elregionalvm.com.ar\/noticias-villa-maria\/#\/schema\/person\/image\/\",\"url\":\"https:\/\/secure.gravatar.com\/avatar\/265b27cb2209af7bb3a1318f03305787d7981a5cc6e6cd08fe5a4ecdf99d4b48?s=96&d=mm&r=g\",\"contentUrl\":\"https:\/\/secure.gravatar.com\/avatar\/265b27cb2209af7bb3a1318f03305787d7981a5cc6e6cd08fe5a4ecdf99d4b48?s=96&d=mm&r=g\",\"caption\":\"Contenidos El Regional\"},\"url\":\"https:\/\/elregionalvm.com.ar\/noticias-villa-maria\/author\/contenido\/\"}]}<\/script>\n<!-- \/ Yoast SEO plugin. -->","yoast_head_json":{"title":"Allanamientos: detienen a joven que rob\u00f3 una moto a punta de pistola - El Regional","robots":{"index":"index","follow":"follow","max-snippet":"max-snippet:-1","max-image-preview":"max-image-preview:large","max-video-preview":"max-video-preview:-1"},"canonical":"http:\/\/elregionalvm.com.ar\/noticias-villa-maria\/allanamientos-detienen-a-joven-que-robo-una-moto-a-punta-de-pistola\/","og_locale":"es_ES","og_type":"article","og_title":"Allanamientos: detienen a joven que rob\u00f3 una moto a punta de pistola - El Regional","og_description":"Este viernes, aproximadamente a las 06.30, se efectuaron tres \u00f3rdenes de allanamientos para domicilios de Villa Mar\u00eda. Uno fue en calle Victorino de la Plaza al 3100, los otros dos en Teniente Iba\u00f1ez al 2800 y Ramiro Su\u00e1rez al 2600. En uno de los domicilios se detuvo a un hombre de 23 a\u00f1os como el [&hellip;]","og_url":"http:\/\/elregionalvm.com.ar\/noticias-villa-maria\/allanamientos-detienen-a-joven-que-robo-una-moto-a-punta-de-pistola\/","og_site_name":"El Regional","article_publisher":"https:\/\/www.facebook.com\/elregionalvm","article_published_time":"2020-07-31T23:03:54+00:00","article_modified_time":"2020-08-01T00:19:27+00:00","og_image":[{"width":472,"height":279,"url":"http:\/\/elregionalvm.com.ar\/noticias-villa-maria\/wp-content\/uploads\/2020\/07\/detenido-por-policia.jpg","type":"image\/jpeg"}],"author":"Contenidos El Regional","twitter_card":"summary_large_image","twitter_creator":"@elregionalvm1","twitter_site":"@elregionalvm1","twitter_misc":{"Escrito por":"Contenidos El Regional","Tiempo de lectura":"1 minuto"},"schema":{"@context":"https:\/\/schema.org","@graph":[{"@type":"Article","@id":"http:\/\/elregionalvm.com.ar\/noticias-villa-maria\/allanamientos-detienen-a-joven-que-robo-una-moto-a-punta-de-pistola\/#article","isPartOf":{"@id":"http:\/\/elregionalvm.com.ar\/noticias-villa-maria\/allanamientos-detienen-a-joven-que-robo-una-moto-a-punta-de-pistola\/"},"author":{"name":"Contenidos El Regional","@id":"http:\/\/elregionalvm.com.ar\/noticias-villa-maria\/#\/schema\/person\/a0fb9c422317faca23d50163151bc354"},"headline":"Allanamientos: detienen a joven que rob\u00f3 una moto a punta de pistola","datePublished":"2020-07-31T23:03:54+00:00","dateModified":"2020-08-01T00:19:27+00:00","mainEntityOfPage":{"@id":"http:\/\/elregionalvm.com.ar\/noticias-villa-maria\/allanamientos-detienen-a-joven-que-robo-una-moto-a-punta-de-pistola\/"},"wordCount":221,"commentCount":0,"image":{"@id":"http:\/\/elregionalvm.com.ar\/noticias-villa-maria\/allanamientos-detienen-a-joven-que-robo-una-moto-a-punta-de-pistola\/#primaryimage"},"thumbnailUrl":"https:\/\/i0.wp.com\/elregionalvm.com.ar\/noticias-villa-maria\/wp-content\/uploads\/2020\/07\/detenido-por-policia.jpg?fit=472%2C279&ssl=1","keywords":["destacado","detenidos","joven detenido","Policiales","robo a mano armada","violencia familiar"],"articleSection":["Policiales"],"inLanguage":"es","potentialAction":[{"@type":"CommentAction","name":"Comment","target":["http:\/\/elregionalvm.com.ar\/noticias-villa-maria\/allanamientos-detienen-a-joven-que-robo-una-moto-a-punta-de-pistola\/#respond"]}]},{"@type":"WebPage","@id":"http:\/\/elregionalvm.com.ar\/noticias-villa-maria\/allanamientos-detienen-a-joven-que-robo-una-moto-a-punta-de-pistola\/","url":"http:\/\/elregionalvm.com.ar\/noticias-villa-maria\/allanamientos-detienen-a-joven-que-robo-una-moto-a-punta-de-pistola\/","name":"Allanamientos: detienen a joven que rob\u00f3 una moto a punta de pistola - El Regional","isPartOf":{"@id":"http:\/\/elregionalvm.com.ar\/noticias-villa-maria\/#website"},"primaryImageOfPage":{"@id":"http:\/\/elregionalvm.com.ar\/noticias-villa-maria\/allanamientos-detienen-a-joven-que-robo-una-moto-a-punta-de-pistola\/#primaryimage"},"image":{"@id":"http:\/\/elregionalvm.com.ar\/noticias-villa-maria\/allanamientos-detienen-a-joven-que-robo-una-moto-a-punta-de-pistola\/#primaryimage"},"thumbnailUrl":"https:\/\/i0.wp.com\/elregionalvm.com.ar\/noticias-villa-maria\/wp-content\/uploads\/2020\/07\/detenido-por-policia.jpg?fit=472%2C279&ssl=1","datePublished":"2020-07-31T23:03:54+00:00","dateModified":"2020-08-01T00:19:27+00:00","author":{"@id":"http:\/\/elregionalvm.com.ar\/noticias-villa-maria\/#\/schema\/person\/a0fb9c422317faca23d50163151bc354"},"breadcrumb":{"@id":"http:\/\/elregionalvm.com.ar\/noticias-villa-maria\/allanamientos-detienen-a-joven-que-robo-una-moto-a-punta-de-pistola\/#breadcrumb"},"inLanguage":"es","potentialAction":[{"@type":"ReadAction","target":["http:\/\/elregionalvm.com.ar\/noticias-villa-maria\/allanamientos-detienen-a-joven-que-robo-una-moto-a-punta-de-pistola\/"]}]},{"@type":"ImageObject","inLanguage":"es","@id":"http:\/\/elregionalvm.com.ar\/noticias-villa-maria\/allanamientos-detienen-a-joven-que-robo-una-moto-a-punta-de-pistola\/#primaryimage","url":"https:\/\/i0.wp.com\/elregionalvm.com.ar\/noticias-villa-maria\/wp-content\/uploads\/2020\/07\/detenido-por-policia.jpg?fit=472%2C279&ssl=1","contentUrl":"https:\/\/i0.wp.com\/elregionalvm.com.ar\/noticias-villa-maria\/wp-content\/uploads\/2020\/07\/detenido-por-policia.jpg?fit=472%2C279&ssl=1","width":472,"height":279,"caption":"Foto de archivo"},{"@type":"BreadcrumbList","@id":"http:\/\/elregionalvm.com.ar\/noticias-villa-maria\/allanamientos-detienen-a-joven-que-robo-una-moto-a-punta-de-pistola\/#breadcrumb","itemListElement":[{"@type":"ListItem","position":1,"name":"Portada","item":"https:\/\/elregionalvm.com.ar\/noticias-villa-maria\/"},{"@type":"ListItem","position":2,"name":"Allanamientos: detienen a joven que rob\u00f3 una moto a punta de pistola"}]},{"@type":"WebSite","@id":"http:\/\/elregionalvm.com.ar\/noticias-villa-maria\/#website","url":"http:\/\/elregionalvm.com.ar\/noticias-villa-maria\/","name":"El Regional","description":"Mucho m\u00e1s que informaci\u00f3n","potentialAction":[{"@type":"SearchAction","target":{"@type":"EntryPoint","urlTemplate":"http:\/\/elregionalvm.com.ar\/noticias-villa-maria\/?s={search_term_string}"},"query-input":{"@type":"PropertyValueSpecification","valueRequired":true,"valueName":"search_term_string"}}],"inLanguage":"es"},{"@type":"Person","@id":"http:\/\/elregionalvm.com.ar\/noticias-villa-maria\/#\/schema\/person\/a0fb9c422317faca23d50163151bc354","name":"Contenidos El Regional","image":{"@type":"ImageObject","inLanguage":"es","@id":"http:\/\/elregionalvm.com.ar\/noticias-villa-maria\/#\/schema\/person\/image\/","url":"https:\/\/secure.gravatar.com\/avatar\/265b27cb2209af7bb3a1318f03305787d7981a5cc6e6cd08fe5a4ecdf99d4b48?s=96&d=mm&r=g","contentUrl":"https:\/\/secure.gravatar.com\/avatar\/265b27cb2209af7bb3a1318f03305787d7981a5cc6e6cd08fe5a4ecdf99d4b48?s=96&d=mm&r=g","caption":"Contenidos El Regional"},"url":"https:\/\/elregionalvm.com.ar\/noticias-villa-maria\/author\/contenido\/"}]}},"jetpack_featured_media_url":"https:\/\/i0.wp.com\/elregionalvm.com.ar\/noticias-villa-maria\/wp-content\/uploads\/2020\/07\/detenido-por-policia.jpg?fit=472%2C279&ssl=1","jetpack_sharing_enabled":true,"_links":{"self":[{"href":"https:\/\/elregionalvm.com.ar\/noticias-villa-maria\/wp-json\/wp\/v2\/posts\/21193","targetHints":{"allow":["GET"]}}],"collection":[{"href":"https:\/\/elregionalvm.com.ar\/noticias-villa-maria\/wp-json\/wp\/v2\/posts"}],"about":[{"href":"https:\/\/elregionalvm.com.ar\/noticias-villa-maria\/wp-json\/wp\/v2\/types\/post"}],"author":[{"embeddable":true,"href":"https:\/\/elregionalvm.com.ar\/noticias-villa-maria\/wp-json\/wp\/v2\/users\/4"}],"replies":[{"embeddable":true,"href":"https:\/\/elregionalvm.com.ar\/noticias-villa-maria\/wp-json\/wp\/v2\/comments?post=21193"}],"version-history":[{"count":1,"href":"https:\/\/elregionalvm.com.ar\/noticias-villa-maria\/wp-json\/wp\/v2\/posts\/21193\/revisions"}],"predecessor-version":[{"id":21199,"href":"https:\/\/elregionalvm.com.ar\/noticias-villa-maria\/wp-json\/wp\/v2\/posts\/21193\/revisions\/21199"}],"wp:featuredmedia":[{"embeddable":true,"href":"https:\/\/elregionalvm.com.ar\/noticias-villa-maria\/wp-json\/wp\/v2\/media\/20637"}],"wp:attachment":[{"href":"https:\/\/elregionalvm.com.ar\/noticias-villa-maria\/wp-json\/wp\/v2\/media?parent=21193"}],"wp:term":[{"taxonomy":"category","embeddable":true,"href":"https:\/\/elregionalvm.com.ar\/noticias-villa-maria\/wp-json\/wp\/v2\/categories?post=21193"},{"taxonomy":"post_tag","embeddable":true,"href":"https:\/\/elregionalvm.com.ar\/noticias-villa-maria\/wp-json\/wp\/v2\/tags?post=21193"}],"curies":[{"name":"wp","href":"https:\/\/api.w.org\/{rel}","templated":true}]}}