{"id":21385,"date":"2020-08-04T00:12:59","date_gmt":"2020-08-04T00:12:59","guid":{"rendered":"https:\/\/elregionalvm.com.ar\/noticias-villa-maria\/?p=21385"},"modified":"2020-08-05T11:43:58","modified_gmt":"2020-08-05T11:43:58","slug":"sin-nuevos-casos-siete-altas-definitivas-y-300-test-negativos","status":"publish","type":"post","link":"https:\/\/elregionalvm.com.ar\/noticias-villa-maria\/sin-nuevos-casos-siete-altas-definitivas-y-300-test-negativos\/","title":{"rendered":"Sin nuevos casos, siete pacientes recuperados y 300 test negativos"},"content":{"rendered":"\n<p>El municipio villamariense inform\u00f3 que no hubo nuevos casos positivos de Covid 19 en la ciudad, este lunes 3 de agosto. <\/p>\n\n\n\n<p>Hasta ayer, el n\u00famero de casos activos ascend\u00eda a 50. Pero, hoy cayeron a 43, ya que se dio el alta definitiva a 7 pacientes. <\/p>\n\n\n\n<p>Por otro lado, la cantidad de contactos estrechos alcanz\u00f3 a 152 personas. A los siete positivos dados de alta se sumaron 24 altas de aislamiento de contactos estrechos al reconfirmarse resultados negativos. <\/p>\n\n\n\n<p><strong>Operativo Identificar <\/strong><\/p>\n\n\n\n<p>En tanto, en el marco del operativo Identificar desarrollado en Villa Nueva como en los barrios Ram\u00f3n Carrillo y Parque Norte de Villa Mar\u00eda,  se confirm\u00f3 que la totalidad de las personas analizadas tuvieron resultado negativo.<\/p>\n\n\n\n<p>Fueron 300 vecinos en total, 100 de la vecina ciudad y 200 de Villa Mar\u00eda.  En este \u00faltimo caso, ayer se hab\u00eda informado que  10 personas (5 de Parque Norte y 5 de Ram\u00f3n Carrillo) hab\u00edan quedado en estudio epidemiol\u00f3gico hasta que concluyeran las investigaciones m\u00e9dicas.<\/p>\n\n\n\n<p>Esta noche, el infect\u00f3logo Dar\u00edo Quinodoz confirm\u00f3 que todos dieron negativo como resultado final. <\/p>\n\n\n\n<p><strong>133 casos en la provincia<\/strong><\/p>\n\n\n\n<p>Con el desfasaje de cada d\u00eda en relaci\u00f3n a los casos informados por los municipios, el Ministerio de Salud de la Provincia confirm\u00f3\u00a0hoy 132 nuevos casos de Covid-19. De este total, \u00a046 tienen domicilio en la ciudad de C\u00f3rdoba (Capital), tres en Mendiolaza (Col\u00f3n), dos en Villa Allende (Col\u00f3n), 2 en Villa Mar\u00eda (General San Mart\u00edn), uno en General Deheza (Ju\u00e1rez Celman), uno en General Roca (Marcos Ju\u00e1rez) y cuatro en Inriville (Marcos Ju\u00e1rez).<\/p>\n\n\n\n<p>Tambi\u00e9n, 15 en Los Surgentes (Marcos Ju\u00e1rez), 16 en Marcos Ju\u00e1rez (Marcos Ju\u00e1rez), siete en Monte Buey (Marcos Ju\u00e1rez), cinco en Villa Carlos Paz (Punilla), uno en Las Higueras (R\u00edo Cuarto), uno en R\u00edo Primero (R\u00edo Primero), cuatro en Villa Santa Rosa (R\u00edo Primero), cinco en Luque (R\u00edo Segundo), siete en Oncativo (R\u00edo Segundo), uno en Balnearia (San Justo), uno en Malague\u00f1o (Santa Mar\u00eda), cinco en Oliva (Tercero Arriba), uno en Bell Ville (Uni\u00f3n), y 4 son importados (dos de Buenos Aires, uno de Santa Cruz y uno de Paraguay).<\/p>\n\n\n\n<p>Del total de casos, 108 est\u00e1n vinculados a contactos estrechos de casos confirmados anteriormente, 20 se encuentran en investigaci\u00f3n (11 de C\u00f3rdoba Capital, uno de Villa Mar\u00eda, cinco de Villa Carlos Paz, uno de R\u00edo Primero, uno de Malague\u00f1o y uno de Bell Ville) y cuatro son importados (dos personas de Buenos Aires que fueron diagnosticadas en Totoral y en Villa Mar\u00eda; una de Santa Cruz, asistida en Jes\u00fas Mar\u00eda; y una de Paraguay, cuya detecci\u00f3n de Covid-19 se efectu\u00f3 en San Francisco).<\/p>\n\n\n\n<p>Por otra parte,\u00a0se notific\u00f3 un caso al Sistema Nacional de Vigilancia de la Salud (SNVS), correspondiente a una persona con residencia en provincia de Buenos Aires, pero con domicilio legal en Jes\u00fas Mar\u00eda.<\/p>\n\n\n\n<p>De esta manera, la provincia  registra a la fecha un\u00a0total de 133 casos nuevos y un acumulado de 2.563 casos.<\/p>\n","protected":false},"excerpt":{"rendered":"<p>El municipio villamariense inform\u00f3 que no hubo nuevos casos positivos de Covid 19 en la ciudad, este lunes 3 de agosto. Hasta ayer, el n\u00famero de casos activos ascend\u00eda a 50. Pero, hoy cayeron a 43, ya que se dio el alta definitiva a 7 pacientes. Por otro lado, la cantidad de contactos estrechos alcanz\u00f3 [&hellip;]<\/p>\n","protected":false},"author":4,"featured_media":21388,"comment_status":"open","ping_status":"open","sticky":false,"template":"","format":"standard","meta":{"site-sidebar-layout":"default","site-content-layout":"default","ast-site-content-layout":"default","site-content-style":"default","site-sidebar-style":"default","ast-global-header-display":"","ast-banner-title-visibility":"","ast-main-header-display":"","ast-hfb-above-header-display":"","ast-hfb-below-header-display":"","ast-hfb-mobile-header-display":"","site-post-title":"","ast-breadcrumbs-content":"","ast-featured-img":"","footer-sml-layout":"","ast-disable-related-posts":"","theme-transparent-header-meta":"default","adv-header-id-meta":"","stick-header-meta":"","header-above-stick-meta":"","header-main-stick-meta":"","header-below-stick-meta":"","astra-migrate-meta-layouts":"default","ast-page-background-enabled":"default","ast-page-background-meta":{"desktop":{"background-color":"","background-image":"","background-repeat":"repeat","background-position":"center center","background-size":"auto","background-attachment":"scroll","background-type":"","background-media":"","overlay-type":"","overlay-color":"","overlay-opacity":"","overlay-gradient":""},"tablet":{"background-color":"","background-image":"","background-repeat":"repeat","background-position":"center center","background-size":"auto","background-attachment":"scroll","background-type":"","background-media":"","overlay-type":"","overlay-color":"","overlay-opacity":"","overlay-gradient":""},"mobile":{"background-color":"","background-image":"","background-repeat":"repeat","background-position":"center center","background-size":"auto","background-attachment":"scroll","background-type":"","background-media":"","overlay-type":"","overlay-color":"","overlay-opacity":"","overlay-gradient":""}},"ast-content-background-meta":{"desktop":{"background-color":"var(--ast-global-color-5)","background-image":"","background-repeat":"repeat","background-position":"center center","background-size":"auto","background-attachment":"scroll","background-type":"","background-media":"","overlay-type":"","overlay-color":"","overlay-opacity":"","overlay-gradient":""},"tablet":{"background-color":"var(--ast-global-color-5)","background-image":"","background-repeat":"repeat","background-position":"center center","background-size":"auto","background-attachment":"scroll","background-type":"","background-media":"","overlay-type":"","overlay-color":"","overlay-opacity":"","overlay-gradient":""},"mobile":{"background-color":"var(--ast-global-color-5)","background-image":"","background-repeat":"repeat","background-position":"center center","background-size":"auto","background-attachment":"scroll","background-type":"","background-media":"","overlay-type":"","overlay-color":"","overlay-opacity":"","overlay-gradient":""}},"_jetpack_memberships_contains_paid_content":false,"_joinchat":[],"footnotes":""},"categories":[2256,2],"tags":[2422,2054,2623,2474,2977,2978],"class_list":["post-21385","post","type-post","status-publish","format-standard","has-post-thumbnail","hentry","category-coronavirus","category-villa-maria","tag-coe","tag-covid-19","tag-informe-epidemiologico","tag-municipalidad-de-villa-maria","tag-operativo-identificar","tag-testeos-masivos"],"yoast_head":"<!-- This site is optimized with the Yoast SEO plugin v26.8 - https:\/\/yoast.com\/product\/yoast-seo-wordpress\/ -->\n<title>Sin nuevos casos, siete pacientes recuperados y 300 test negativos - El Regional<\/title>\n<meta name=\"description\" content=\"El municipio villamariense inform\u00f3 que no hubo nuevos casos positivos de Covid 19 en Villa Mar\u00eda, este lunes 3 de agosto.\" \/>\n<meta name=\"robots\" content=\"index, follow, max-snippet:-1, max-image-preview:large, max-video-preview:-1\" \/>\n<link rel=\"canonical\" href=\"http:\/\/elregionalvm.com.ar\/noticias-villa-maria\/sin-nuevos-casos-siete-altas-definitivas-y-300-test-negativos\/\" \/>\n<meta property=\"og:locale\" content=\"es_ES\" \/>\n<meta property=\"og:type\" content=\"article\" \/>\n<meta property=\"og:title\" content=\"Sin nuevos casos, siete pacientes recuperados y 300 test negativos - El Regional\" \/>\n<meta property=\"og:description\" content=\"El municipio villamariense inform\u00f3 que no hubo nuevos casos positivos de Covid 19 en Villa Mar\u00eda, este lunes 3 de agosto.\" \/>\n<meta property=\"og:url\" content=\"http:\/\/elregionalvm.com.ar\/noticias-villa-maria\/sin-nuevos-casos-siete-altas-definitivas-y-300-test-negativos\/\" \/>\n<meta property=\"og:site_name\" content=\"El Regional\" \/>\n<meta property=\"article:publisher\" content=\"https:\/\/www.facebook.com\/elregionalvm\" \/>\n<meta property=\"article:published_time\" content=\"2020-08-04T00:12:59+00:00\" \/>\n<meta property=\"article:modified_time\" content=\"2020-08-05T11:43:58+00:00\" \/>\n<meta property=\"og:image\" content=\"http:\/\/elregionalvm.com.ar\/noticias-villa-maria\/wp-content\/uploads\/2020\/08\/Informe-diario-3-de-agosto.jpg\" \/>\n\t<meta property=\"og:image:width\" content=\"916\" \/>\n\t<meta property=\"og:image:height\" content=\"566\" \/>\n\t<meta property=\"og:image:type\" content=\"image\/jpeg\" \/>\n<meta name=\"author\" content=\"Contenidos El Regional\" \/>\n<meta name=\"twitter:card\" content=\"summary_large_image\" \/>\n<meta name=\"twitter:creator\" content=\"@elregionalvm1\" \/>\n<meta name=\"twitter:site\" content=\"@elregionalvm1\" \/>\n<meta name=\"twitter:label1\" content=\"Escrito por\" \/>\n\t<meta name=\"twitter:data1\" content=\"Contenidos El Regional\" \/>\n\t<meta name=\"twitter:label2\" content=\"Tiempo de lectura\" \/>\n\t<meta name=\"twitter:data2\" content=\"3 minutos\" \/>\n<script type=\"application\/ld+json\" class=\"yoast-schema-graph\">{\"@context\":\"https:\/\/schema.org\",\"@graph\":[{\"@type\":\"Article\",\"@id\":\"http:\/\/elregionalvm.com.ar\/noticias-villa-maria\/sin-nuevos-casos-siete-altas-definitivas-y-300-test-negativos\/#article\",\"isPartOf\":{\"@id\":\"http:\/\/elregionalvm.com.ar\/noticias-villa-maria\/sin-nuevos-casos-siete-altas-definitivas-y-300-test-negativos\/\"},\"author\":{\"name\":\"Contenidos El Regional\",\"@id\":\"http:\/\/elregionalvm.com.ar\/noticias-villa-maria\/#\/schema\/person\/a0fb9c422317faca23d50163151bc354\"},\"headline\":\"Sin nuevos casos, siete pacientes recuperados y 300 test negativos\",\"datePublished\":\"2020-08-04T00:12:59+00:00\",\"dateModified\":\"2020-08-05T11:43:58+00:00\",\"mainEntityOfPage\":{\"@id\":\"http:\/\/elregionalvm.com.ar\/noticias-villa-maria\/sin-nuevos-casos-siete-altas-definitivas-y-300-test-negativos\/\"},\"wordCount\":516,\"commentCount\":0,\"image\":{\"@id\":\"http:\/\/elregionalvm.com.ar\/noticias-villa-maria\/sin-nuevos-casos-siete-altas-definitivas-y-300-test-negativos\/#primaryimage\"},\"thumbnailUrl\":\"https:\/\/i0.wp.com\/elregionalvm.com.ar\/noticias-villa-maria\/wp-content\/uploads\/2020\/08\/Informe-diario-3-de-agosto.jpg?fit=916%2C566&ssl=1\",\"keywords\":[\"COE\",\"Covid-19\",\"Informe epidemiol\u00f3gico\",\"Municipalidad de Villa Mar\u00eda\",\"Operativo Identificar\",\"Testeos masivos\"],\"articleSection\":[\"Coronavirus\",\"Villa Mar\u00eda\"],\"inLanguage\":\"es\",\"potentialAction\":[{\"@type\":\"CommentAction\",\"name\":\"Comment\",\"target\":[\"http:\/\/elregionalvm.com.ar\/noticias-villa-maria\/sin-nuevos-casos-siete-altas-definitivas-y-300-test-negativos\/#respond\"]}]},{\"@type\":\"WebPage\",\"@id\":\"http:\/\/elregionalvm.com.ar\/noticias-villa-maria\/sin-nuevos-casos-siete-altas-definitivas-y-300-test-negativos\/\",\"url\":\"http:\/\/elregionalvm.com.ar\/noticias-villa-maria\/sin-nuevos-casos-siete-altas-definitivas-y-300-test-negativos\/\",\"name\":\"Sin nuevos casos, siete pacientes recuperados y 300 test negativos - El Regional\",\"isPartOf\":{\"@id\":\"http:\/\/elregionalvm.com.ar\/noticias-villa-maria\/#website\"},\"primaryImageOfPage\":{\"@id\":\"http:\/\/elregionalvm.com.ar\/noticias-villa-maria\/sin-nuevos-casos-siete-altas-definitivas-y-300-test-negativos\/#primaryimage\"},\"image\":{\"@id\":\"http:\/\/elregionalvm.com.ar\/noticias-villa-maria\/sin-nuevos-casos-siete-altas-definitivas-y-300-test-negativos\/#primaryimage\"},\"thumbnailUrl\":\"https:\/\/i0.wp.com\/elregionalvm.com.ar\/noticias-villa-maria\/wp-content\/uploads\/2020\/08\/Informe-diario-3-de-agosto.jpg?fit=916%2C566&ssl=1\",\"datePublished\":\"2020-08-04T00:12:59+00:00\",\"dateModified\":\"2020-08-05T11:43:58+00:00\",\"author\":{\"@id\":\"http:\/\/elregionalvm.com.ar\/noticias-villa-maria\/#\/schema\/person\/a0fb9c422317faca23d50163151bc354\"},\"description\":\"El municipio villamariense inform\u00f3 que no hubo nuevos casos positivos de Covid 19 en Villa Mar\u00eda, este lunes 3 de agosto.\",\"breadcrumb\":{\"@id\":\"http:\/\/elregionalvm.com.ar\/noticias-villa-maria\/sin-nuevos-casos-siete-altas-definitivas-y-300-test-negativos\/#breadcrumb\"},\"inLanguage\":\"es\",\"potentialAction\":[{\"@type\":\"ReadAction\",\"target\":[\"http:\/\/elregionalvm.com.ar\/noticias-villa-maria\/sin-nuevos-casos-siete-altas-definitivas-y-300-test-negativos\/\"]}]},{\"@type\":\"ImageObject\",\"inLanguage\":\"es\",\"@id\":\"http:\/\/elregionalvm.com.ar\/noticias-villa-maria\/sin-nuevos-casos-siete-altas-definitivas-y-300-test-negativos\/#primaryimage\",\"url\":\"https:\/\/i0.wp.com\/elregionalvm.com.ar\/noticias-villa-maria\/wp-content\/uploads\/2020\/08\/Informe-diario-3-de-agosto.jpg?fit=916%2C566&ssl=1\",\"contentUrl\":\"https:\/\/i0.wp.com\/elregionalvm.com.ar\/noticias-villa-maria\/wp-content\/uploads\/2020\/08\/Informe-diario-3-de-agosto.jpg?fit=916%2C566&ssl=1\",\"width\":916,\"height\":566},{\"@type\":\"BreadcrumbList\",\"@id\":\"http:\/\/elregionalvm.com.ar\/noticias-villa-maria\/sin-nuevos-casos-siete-altas-definitivas-y-300-test-negativos\/#breadcrumb\",\"itemListElement\":[{\"@type\":\"ListItem\",\"position\":1,\"name\":\"Portada\",\"item\":\"https:\/\/elregionalvm.com.ar\/noticias-villa-maria\/\"},{\"@type\":\"ListItem\",\"position\":2,\"name\":\"Sin nuevos casos, siete pacientes recuperados y 300 test negativos\"}]},{\"@type\":\"WebSite\",\"@id\":\"http:\/\/elregionalvm.com.ar\/noticias-villa-maria\/#website\",\"url\":\"http:\/\/elregionalvm.com.ar\/noticias-villa-maria\/\",\"name\":\"El Regional\",\"description\":\"Mucho m\u00e1s que informaci\u00f3n\",\"potentialAction\":[{\"@type\":\"SearchAction\",\"target\":{\"@type\":\"EntryPoint\",\"urlTemplate\":\"http:\/\/elregionalvm.com.ar\/noticias-villa-maria\/?s={search_term_string}\"},\"query-input\":{\"@type\":\"PropertyValueSpecification\",\"valueRequired\":true,\"valueName\":\"search_term_string\"}}],\"inLanguage\":\"es\"},{\"@type\":\"Person\",\"@id\":\"http:\/\/elregionalvm.com.ar\/noticias-villa-maria\/#\/schema\/person\/a0fb9c422317faca23d50163151bc354\",\"name\":\"Contenidos El Regional\",\"image\":{\"@type\":\"ImageObject\",\"inLanguage\":\"es\",\"@id\":\"http:\/\/elregionalvm.com.ar\/noticias-villa-maria\/#\/schema\/person\/image\/\",\"url\":\"https:\/\/secure.gravatar.com\/avatar\/265b27cb2209af7bb3a1318f03305787d7981a5cc6e6cd08fe5a4ecdf99d4b48?s=96&d=mm&r=g\",\"contentUrl\":\"https:\/\/secure.gravatar.com\/avatar\/265b27cb2209af7bb3a1318f03305787d7981a5cc6e6cd08fe5a4ecdf99d4b48?s=96&d=mm&r=g\",\"caption\":\"Contenidos El Regional\"},\"url\":\"https:\/\/elregionalvm.com.ar\/noticias-villa-maria\/author\/contenido\/\"}]}<\/script>\n<!-- \/ Yoast SEO plugin. -->","yoast_head_json":{"title":"Sin nuevos casos, siete pacientes recuperados y 300 test negativos - El Regional","description":"El municipio villamariense inform\u00f3 que no hubo nuevos casos positivos de Covid 19 en Villa Mar\u00eda, este lunes 3 de agosto.","robots":{"index":"index","follow":"follow","max-snippet":"max-snippet:-1","max-image-preview":"max-image-preview:large","max-video-preview":"max-video-preview:-1"},"canonical":"http:\/\/elregionalvm.com.ar\/noticias-villa-maria\/sin-nuevos-casos-siete-altas-definitivas-y-300-test-negativos\/","og_locale":"es_ES","og_type":"article","og_title":"Sin nuevos casos, siete pacientes recuperados y 300 test negativos - El Regional","og_description":"El municipio villamariense inform\u00f3 que no hubo nuevos casos positivos de Covid 19 en Villa Mar\u00eda, este lunes 3 de agosto.","og_url":"http:\/\/elregionalvm.com.ar\/noticias-villa-maria\/sin-nuevos-casos-siete-altas-definitivas-y-300-test-negativos\/","og_site_name":"El Regional","article_publisher":"https:\/\/www.facebook.com\/elregionalvm","article_published_time":"2020-08-04T00:12:59+00:00","article_modified_time":"2020-08-05T11:43:58+00:00","og_image":[{"width":916,"height":566,"url":"http:\/\/elregionalvm.com.ar\/noticias-villa-maria\/wp-content\/uploads\/2020\/08\/Informe-diario-3-de-agosto.jpg","type":"image\/jpeg"}],"author":"Contenidos El Regional","twitter_card":"summary_large_image","twitter_creator":"@elregionalvm1","twitter_site":"@elregionalvm1","twitter_misc":{"Escrito por":"Contenidos El Regional","Tiempo de lectura":"3 minutos"},"schema":{"@context":"https:\/\/schema.org","@graph":[{"@type":"Article","@id":"http:\/\/elregionalvm.com.ar\/noticias-villa-maria\/sin-nuevos-casos-siete-altas-definitivas-y-300-test-negativos\/#article","isPartOf":{"@id":"http:\/\/elregionalvm.com.ar\/noticias-villa-maria\/sin-nuevos-casos-siete-altas-definitivas-y-300-test-negativos\/"},"author":{"name":"Contenidos El Regional","@id":"http:\/\/elregionalvm.com.ar\/noticias-villa-maria\/#\/schema\/person\/a0fb9c422317faca23d50163151bc354"},"headline":"Sin nuevos casos, siete pacientes recuperados y 300 test negativos","datePublished":"2020-08-04T00:12:59+00:00","dateModified":"2020-08-05T11:43:58+00:00","mainEntityOfPage":{"@id":"http:\/\/elregionalvm.com.ar\/noticias-villa-maria\/sin-nuevos-casos-siete-altas-definitivas-y-300-test-negativos\/"},"wordCount":516,"commentCount":0,"image":{"@id":"http:\/\/elregionalvm.com.ar\/noticias-villa-maria\/sin-nuevos-casos-siete-altas-definitivas-y-300-test-negativos\/#primaryimage"},"thumbnailUrl":"https:\/\/i0.wp.com\/elregionalvm.com.ar\/noticias-villa-maria\/wp-content\/uploads\/2020\/08\/Informe-diario-3-de-agosto.jpg?fit=916%2C566&ssl=1","keywords":["COE","Covid-19","Informe epidemiol\u00f3gico","Municipalidad de Villa Mar\u00eda","Operativo Identificar","Testeos masivos"],"articleSection":["Coronavirus","Villa Mar\u00eda"],"inLanguage":"es","potentialAction":[{"@type":"CommentAction","name":"Comment","target":["http:\/\/elregionalvm.com.ar\/noticias-villa-maria\/sin-nuevos-casos-siete-altas-definitivas-y-300-test-negativos\/#respond"]}]},{"@type":"WebPage","@id":"http:\/\/elregionalvm.com.ar\/noticias-villa-maria\/sin-nuevos-casos-siete-altas-definitivas-y-300-test-negativos\/","url":"http:\/\/elregionalvm.com.ar\/noticias-villa-maria\/sin-nuevos-casos-siete-altas-definitivas-y-300-test-negativos\/","name":"Sin nuevos casos, siete pacientes recuperados y 300 test negativos - El Regional","isPartOf":{"@id":"http:\/\/elregionalvm.com.ar\/noticias-villa-maria\/#website"},"primaryImageOfPage":{"@id":"http:\/\/elregionalvm.com.ar\/noticias-villa-maria\/sin-nuevos-casos-siete-altas-definitivas-y-300-test-negativos\/#primaryimage"},"image":{"@id":"http:\/\/elregionalvm.com.ar\/noticias-villa-maria\/sin-nuevos-casos-siete-altas-definitivas-y-300-test-negativos\/#primaryimage"},"thumbnailUrl":"https:\/\/i0.wp.com\/elregionalvm.com.ar\/noticias-villa-maria\/wp-content\/uploads\/2020\/08\/Informe-diario-3-de-agosto.jpg?fit=916%2C566&ssl=1","datePublished":"2020-08-04T00:12:59+00:00","dateModified":"2020-08-05T11:43:58+00:00","author":{"@id":"http:\/\/elregionalvm.com.ar\/noticias-villa-maria\/#\/schema\/person\/a0fb9c422317faca23d50163151bc354"},"description":"El municipio villamariense inform\u00f3 que no hubo nuevos casos positivos de Covid 19 en Villa Mar\u00eda, este lunes 3 de agosto.","breadcrumb":{"@id":"http:\/\/elregionalvm.com.ar\/noticias-villa-maria\/sin-nuevos-casos-siete-altas-definitivas-y-300-test-negativos\/#breadcrumb"},"inLanguage":"es","potentialAction":[{"@type":"ReadAction","target":["http:\/\/elregionalvm.com.ar\/noticias-villa-maria\/sin-nuevos-casos-siete-altas-definitivas-y-300-test-negativos\/"]}]},{"@type":"ImageObject","inLanguage":"es","@id":"http:\/\/elregionalvm.com.ar\/noticias-villa-maria\/sin-nuevos-casos-siete-altas-definitivas-y-300-test-negativos\/#primaryimage","url":"https:\/\/i0.wp.com\/elregionalvm.com.ar\/noticias-villa-maria\/wp-content\/uploads\/2020\/08\/Informe-diario-3-de-agosto.jpg?fit=916%2C566&ssl=1","contentUrl":"https:\/\/i0.wp.com\/elregionalvm.com.ar\/noticias-villa-maria\/wp-content\/uploads\/2020\/08\/Informe-diario-3-de-agosto.jpg?fit=916%2C566&ssl=1","width":916,"height":566},{"@type":"BreadcrumbList","@id":"http:\/\/elregionalvm.com.ar\/noticias-villa-maria\/sin-nuevos-casos-siete-altas-definitivas-y-300-test-negativos\/#breadcrumb","itemListElement":[{"@type":"ListItem","position":1,"name":"Portada","item":"https:\/\/elregionalvm.com.ar\/noticias-villa-maria\/"},{"@type":"ListItem","position":2,"name":"Sin nuevos casos, siete pacientes recuperados y 300 test negativos"}]},{"@type":"WebSite","@id":"http:\/\/elregionalvm.com.ar\/noticias-villa-maria\/#website","url":"http:\/\/elregionalvm.com.ar\/noticias-villa-maria\/","name":"El Regional","description":"Mucho m\u00e1s que informaci\u00f3n","potentialAction":[{"@type":"SearchAction","target":{"@type":"EntryPoint","urlTemplate":"http:\/\/elregionalvm.com.ar\/noticias-villa-maria\/?s={search_term_string}"},"query-input":{"@type":"PropertyValueSpecification","valueRequired":true,"valueName":"search_term_string"}}],"inLanguage":"es"},{"@type":"Person","@id":"http:\/\/elregionalvm.com.ar\/noticias-villa-maria\/#\/schema\/person\/a0fb9c422317faca23d50163151bc354","name":"Contenidos El Regional","image":{"@type":"ImageObject","inLanguage":"es","@id":"http:\/\/elregionalvm.com.ar\/noticias-villa-maria\/#\/schema\/person\/image\/","url":"https:\/\/secure.gravatar.com\/avatar\/265b27cb2209af7bb3a1318f03305787d7981a5cc6e6cd08fe5a4ecdf99d4b48?s=96&d=mm&r=g","contentUrl":"https:\/\/secure.gravatar.com\/avatar\/265b27cb2209af7bb3a1318f03305787d7981a5cc6e6cd08fe5a4ecdf99d4b48?s=96&d=mm&r=g","caption":"Contenidos El Regional"},"url":"https:\/\/elregionalvm.com.ar\/noticias-villa-maria\/author\/contenido\/"}]}},"jetpack_featured_media_url":"https:\/\/i0.wp.com\/elregionalvm.com.ar\/noticias-villa-maria\/wp-content\/uploads\/2020\/08\/Informe-diario-3-de-agosto.jpg?fit=916%2C566&ssl=1","jetpack_sharing_enabled":true,"_links":{"self":[{"href":"https:\/\/elregionalvm.com.ar\/noticias-villa-maria\/wp-json\/wp\/v2\/posts\/21385","targetHints":{"allow":["GET"]}}],"collection":[{"href":"https:\/\/elregionalvm.com.ar\/noticias-villa-maria\/wp-json\/wp\/v2\/posts"}],"about":[{"href":"https:\/\/elregionalvm.com.ar\/noticias-villa-maria\/wp-json\/wp\/v2\/types\/post"}],"author":[{"embeddable":true,"href":"https:\/\/elregionalvm.com.ar\/noticias-villa-maria\/wp-json\/wp\/v2\/users\/4"}],"replies":[{"embeddable":true,"href":"https:\/\/elregionalvm.com.ar\/noticias-villa-maria\/wp-json\/wp\/v2\/comments?post=21385"}],"version-history":[{"count":5,"href":"https:\/\/elregionalvm.com.ar\/noticias-villa-maria\/wp-json\/wp\/v2\/posts\/21385\/revisions"}],"predecessor-version":[{"id":21391,"href":"https:\/\/elregionalvm.com.ar\/noticias-villa-maria\/wp-json\/wp\/v2\/posts\/21385\/revisions\/21391"}],"wp:featuredmedia":[{"embeddable":true,"href":"https:\/\/elregionalvm.com.ar\/noticias-villa-maria\/wp-json\/wp\/v2\/media\/21388"}],"wp:attachment":[{"href":"https:\/\/elregionalvm.com.ar\/noticias-villa-maria\/wp-json\/wp\/v2\/media?parent=21385"}],"wp:term":[{"taxonomy":"category","embeddable":true,"href":"https:\/\/elregionalvm.com.ar\/noticias-villa-maria\/wp-json\/wp\/v2\/categories?post=21385"},{"taxonomy":"post_tag","embeddable":true,"href":"https:\/\/elregionalvm.com.ar\/noticias-villa-maria\/wp-json\/wp\/v2\/tags?post=21385"}],"curies":[{"name":"wp","href":"https:\/\/api.w.org\/{rel}","templated":true}]}}