{"id":21403,"date":"2020-08-04T12:44:42","date_gmt":"2020-08-04T12:44:42","guid":{"rendered":"https:\/\/elregionalvm.com.ar\/noticias-villa-maria\/?p=21403"},"modified":"2020-08-04T12:44:46","modified_gmt":"2020-08-04T12:44:46","slug":"oncativo-el-intendente-e-intendente-interino-ambos-con-covid-19","status":"publish","type":"post","link":"https:\/\/elregionalvm.com.ar\/noticias-villa-maria\/oncativo-el-intendente-e-intendente-interino-ambos-con-covid-19\/","title":{"rendered":"Oncativo: el intendente e intendente interino, ambos con Covid 19"},"content":{"rendered":"\n<p>Anoche se supo que Juan Carlos Ghibaudo, el intendente interino de  Oncativo, dio positivo en coronavirus. Recordamos que Ghibaudo estaba reemplazando a Gast\u00f3n Re, quien d\u00edas atr\u00e1s confirm\u00f3 que contrajo la enfermedad por lo que fue reemplazado por el presidente del Concejo Deliberante.<\/p>\n\n\n\n<p>La Municipalidad de Oncativo confirm\u00f3 que Ghibaudo era uno de los siete contagios que se informaron en las \u00faltimas 24 horas en la localidad. A la fecha, Ghibaudo tambi\u00e9n  fue trasladado a la Ciudad de C\u00f3rdoba para asistir la enfermedad.<\/p>\n\n\n\n<p>El funcionario hab\u00eda asumido el Ejecutivo luego de que el titular del cargo, Gast\u00f3n Re, tambi\u00e9n diera positivo de Covid-19 y quien se encuentra internado en el Hospital Rawson de C\u00f3rdoba.<\/p>\n\n\n\n<p>En el \u00faltimo reporte diario sobre la situaci\u00f3n epidemiol\u00f3gica de Oncativo se confirmaron dos positivos y acumulan un total de 108 casos positivos. Preocupante situaci\u00f3n por la que atraviesa esta localidad de la provincia.<\/p>\n","protected":false},"excerpt":{"rendered":"<p>Anoche se supo que Juan Carlos Ghibaudo, el intendente interino de Oncativo, dio positivo en coronavirus. Recordamos que Ghibaudo estaba reemplazando a Gast\u00f3n Re, quien d\u00edas atr\u00e1s confirm\u00f3 que contrajo la enfermedad por lo que fue reemplazado por el presidente del Concejo Deliberante. La Municipalidad de Oncativo confirm\u00f3 que Ghibaudo era uno de los siete [&hellip;]<\/p>\n","protected":false},"author":4,"featured_media":21404,"comment_status":"open","ping_status":"open","sticky":false,"template":"","format":"standard","meta":{"site-sidebar-layout":"default","site-content-layout":"default","ast-site-content-layout":"default","site-content-style":"default","site-sidebar-style":"default","ast-global-header-display":"","ast-banner-title-visibility":"","ast-main-header-display":"","ast-hfb-above-header-display":"","ast-hfb-below-header-display":"","ast-hfb-mobile-header-display":"","site-post-title":"","ast-breadcrumbs-content":"","ast-featured-img":"","footer-sml-layout":"","ast-disable-related-posts":"","theme-transparent-header-meta":"default","adv-header-id-meta":"","stick-header-meta":"","header-above-stick-meta":"","header-main-stick-meta":"","header-below-stick-meta":"","astra-migrate-meta-layouts":"default","ast-page-background-enabled":"default","ast-page-background-meta":{"desktop":{"background-color":"","background-image":"","background-repeat":"repeat","background-position":"center center","background-size":"auto","background-attachment":"scroll","background-type":"","background-media":"","overlay-type":"","overlay-color":"","overlay-opacity":"","overlay-gradient":""},"tablet":{"background-color":"","background-image":"","background-repeat":"repeat","background-position":"center center","background-size":"auto","background-attachment":"scroll","background-type":"","background-media":"","overlay-type":"","overlay-color":"","overlay-opacity":"","overlay-gradient":""},"mobile":{"background-color":"","background-image":"","background-repeat":"repeat","background-position":"center center","background-size":"auto","background-attachment":"scroll","background-type":"","background-media":"","overlay-type":"","overlay-color":"","overlay-opacity":"","overlay-gradient":""}},"ast-content-background-meta":{"desktop":{"background-color":"var(--ast-global-color-5)","background-image":"","background-repeat":"repeat","background-position":"center center","background-size":"auto","background-attachment":"scroll","background-type":"","background-media":"","overlay-type":"","overlay-color":"","overlay-opacity":"","overlay-gradient":""},"tablet":{"background-color":"var(--ast-global-color-5)","background-image":"","background-repeat":"repeat","background-position":"center center","background-size":"auto","background-attachment":"scroll","background-type":"","background-media":"","overlay-type":"","overlay-color":"","overlay-opacity":"","overlay-gradient":""},"mobile":{"background-color":"var(--ast-global-color-5)","background-image":"","background-repeat":"repeat","background-position":"center center","background-size":"auto","background-attachment":"scroll","background-type":"","background-media":"","overlay-type":"","overlay-color":"","overlay-opacity":"","overlay-gradient":""}},"_jetpack_memberships_contains_paid_content":false,"_joinchat":[],"footnotes":""},"categories":[2091],"tags":[3073,2865,3072,3070,3069,2739,3071],"class_list":["post-21403","post","type-post","status-publish","format-standard","has-post-thumbnail","hentry","category-region","tag-ambos-con-covid","tag-covid-19-2","tag-diagnosticos","tag-intendente-interino","tag-intendente-re","tag-oncativo","tag-positivos"],"yoast_head":"<!-- This site is optimized with the Yoast SEO plugin v26.8 - https:\/\/yoast.com\/product\/yoast-seo-wordpress\/ -->\n<title>Oncativo: el intendente e intendente interino, ambos con Covid 19 - El Regional<\/title>\n<meta name=\"robots\" content=\"index, follow, max-snippet:-1, max-image-preview:large, max-video-preview:-1\" \/>\n<link rel=\"canonical\" href=\"http:\/\/elregionalvm.com.ar\/noticias-villa-maria\/oncativo-el-intendente-e-intendente-interino-ambos-con-covid-19\/\" \/>\n<meta property=\"og:locale\" content=\"es_ES\" \/>\n<meta property=\"og:type\" content=\"article\" \/>\n<meta property=\"og:title\" content=\"Oncativo: el intendente e intendente interino, ambos con Covid 19 - El Regional\" \/>\n<meta property=\"og:description\" content=\"Anoche se supo que Juan Carlos Ghibaudo, el intendente interino de Oncativo, dio positivo en coronavirus. Recordamos que Ghibaudo estaba reemplazando a Gast\u00f3n Re, quien d\u00edas atr\u00e1s confirm\u00f3 que contrajo la enfermedad por lo que fue reemplazado por el presidente del Concejo Deliberante. La Municipalidad de Oncativo confirm\u00f3 que Ghibaudo era uno de los siete [&hellip;]\" \/>\n<meta property=\"og:url\" content=\"http:\/\/elregionalvm.com.ar\/noticias-villa-maria\/oncativo-el-intendente-e-intendente-interino-ambos-con-covid-19\/\" \/>\n<meta property=\"og:site_name\" content=\"El Regional\" \/>\n<meta property=\"article:publisher\" content=\"https:\/\/www.facebook.com\/elregionalvm\" \/>\n<meta property=\"article:published_time\" content=\"2020-08-04T12:44:42+00:00\" \/>\n<meta property=\"article:modified_time\" content=\"2020-08-04T12:44:46+00:00\" \/>\n<meta property=\"og:image\" content=\"http:\/\/elregionalvm.com.ar\/noticias-villa-maria\/wp-content\/uploads\/2020\/08\/Municipalidad-de-Oncativo.jpg\" \/>\n\t<meta property=\"og:image:width\" content=\"780\" \/>\n\t<meta property=\"og:image:height\" content=\"405\" \/>\n\t<meta property=\"og:image:type\" content=\"image\/jpeg\" \/>\n<meta name=\"author\" content=\"Contenidos El Regional\" \/>\n<meta name=\"twitter:card\" content=\"summary_large_image\" \/>\n<meta name=\"twitter:creator\" content=\"@elregionalvm1\" \/>\n<meta name=\"twitter:site\" content=\"@elregionalvm1\" \/>\n<meta name=\"twitter:label1\" content=\"Escrito por\" \/>\n\t<meta name=\"twitter:data1\" content=\"Contenidos El Regional\" \/>\n\t<meta name=\"twitter:label2\" content=\"Tiempo de lectura\" \/>\n\t<meta name=\"twitter:data2\" content=\"1 minuto\" \/>\n<script type=\"application\/ld+json\" class=\"yoast-schema-graph\">{\"@context\":\"https:\/\/schema.org\",\"@graph\":[{\"@type\":\"Article\",\"@id\":\"http:\/\/elregionalvm.com.ar\/noticias-villa-maria\/oncativo-el-intendente-e-intendente-interino-ambos-con-covid-19\/#article\",\"isPartOf\":{\"@id\":\"http:\/\/elregionalvm.com.ar\/noticias-villa-maria\/oncativo-el-intendente-e-intendente-interino-ambos-con-covid-19\/\"},\"author\":{\"name\":\"Contenidos El Regional\",\"@id\":\"http:\/\/elregionalvm.com.ar\/noticias-villa-maria\/#\/schema\/person\/a0fb9c422317faca23d50163151bc354\"},\"headline\":\"Oncativo: el intendente e intendente interino, ambos con Covid 19\",\"datePublished\":\"2020-08-04T12:44:42+00:00\",\"dateModified\":\"2020-08-04T12:44:46+00:00\",\"mainEntityOfPage\":{\"@id\":\"http:\/\/elregionalvm.com.ar\/noticias-villa-maria\/oncativo-el-intendente-e-intendente-interino-ambos-con-covid-19\/\"},\"wordCount\":167,\"commentCount\":0,\"image\":{\"@id\":\"http:\/\/elregionalvm.com.ar\/noticias-villa-maria\/oncativo-el-intendente-e-intendente-interino-ambos-con-covid-19\/#primaryimage\"},\"thumbnailUrl\":\"https:\/\/i0.wp.com\/elregionalvm.com.ar\/noticias-villa-maria\/wp-content\/uploads\/2020\/08\/Municipalidad-de-Oncativo.jpg?fit=780%2C405&ssl=1\",\"keywords\":[\"ambos con Covid\",\"Covid 19\",\"diagn\u00f3sticos\",\"intendente interino\",\"intendente Re\",\"Oncativo\",\"positivos\"],\"articleSection\":[\"Regi\u00f3n\"],\"inLanguage\":\"es\",\"potentialAction\":[{\"@type\":\"CommentAction\",\"name\":\"Comment\",\"target\":[\"http:\/\/elregionalvm.com.ar\/noticias-villa-maria\/oncativo-el-intendente-e-intendente-interino-ambos-con-covid-19\/#respond\"]}]},{\"@type\":\"WebPage\",\"@id\":\"http:\/\/elregionalvm.com.ar\/noticias-villa-maria\/oncativo-el-intendente-e-intendente-interino-ambos-con-covid-19\/\",\"url\":\"http:\/\/elregionalvm.com.ar\/noticias-villa-maria\/oncativo-el-intendente-e-intendente-interino-ambos-con-covid-19\/\",\"name\":\"Oncativo: el intendente e intendente interino, ambos con Covid 19 - El Regional\",\"isPartOf\":{\"@id\":\"http:\/\/elregionalvm.com.ar\/noticias-villa-maria\/#website\"},\"primaryImageOfPage\":{\"@id\":\"http:\/\/elregionalvm.com.ar\/noticias-villa-maria\/oncativo-el-intendente-e-intendente-interino-ambos-con-covid-19\/#primaryimage\"},\"image\":{\"@id\":\"http:\/\/elregionalvm.com.ar\/noticias-villa-maria\/oncativo-el-intendente-e-intendente-interino-ambos-con-covid-19\/#primaryimage\"},\"thumbnailUrl\":\"https:\/\/i0.wp.com\/elregionalvm.com.ar\/noticias-villa-maria\/wp-content\/uploads\/2020\/08\/Municipalidad-de-Oncativo.jpg?fit=780%2C405&ssl=1\",\"datePublished\":\"2020-08-04T12:44:42+00:00\",\"dateModified\":\"2020-08-04T12:44:46+00:00\",\"author\":{\"@id\":\"http:\/\/elregionalvm.com.ar\/noticias-villa-maria\/#\/schema\/person\/a0fb9c422317faca23d50163151bc354\"},\"breadcrumb\":{\"@id\":\"http:\/\/elregionalvm.com.ar\/noticias-villa-maria\/oncativo-el-intendente-e-intendente-interino-ambos-con-covid-19\/#breadcrumb\"},\"inLanguage\":\"es\",\"potentialAction\":[{\"@type\":\"ReadAction\",\"target\":[\"http:\/\/elregionalvm.com.ar\/noticias-villa-maria\/oncativo-el-intendente-e-intendente-interino-ambos-con-covid-19\/\"]}]},{\"@type\":\"ImageObject\",\"inLanguage\":\"es\",\"@id\":\"http:\/\/elregionalvm.com.ar\/noticias-villa-maria\/oncativo-el-intendente-e-intendente-interino-ambos-con-covid-19\/#primaryimage\",\"url\":\"https:\/\/i0.wp.com\/elregionalvm.com.ar\/noticias-villa-maria\/wp-content\/uploads\/2020\/08\/Municipalidad-de-Oncativo.jpg?fit=780%2C405&ssl=1\",\"contentUrl\":\"https:\/\/i0.wp.com\/elregionalvm.com.ar\/noticias-villa-maria\/wp-content\/uploads\/2020\/08\/Municipalidad-de-Oncativo.jpg?fit=780%2C405&ssl=1\",\"width\":780,\"height\":405},{\"@type\":\"BreadcrumbList\",\"@id\":\"http:\/\/elregionalvm.com.ar\/noticias-villa-maria\/oncativo-el-intendente-e-intendente-interino-ambos-con-covid-19\/#breadcrumb\",\"itemListElement\":[{\"@type\":\"ListItem\",\"position\":1,\"name\":\"Portada\",\"item\":\"https:\/\/elregionalvm.com.ar\/noticias-villa-maria\/\"},{\"@type\":\"ListItem\",\"position\":2,\"name\":\"Oncativo: el intendente e intendente interino, ambos con Covid 19\"}]},{\"@type\":\"WebSite\",\"@id\":\"http:\/\/elregionalvm.com.ar\/noticias-villa-maria\/#website\",\"url\":\"http:\/\/elregionalvm.com.ar\/noticias-villa-maria\/\",\"name\":\"El Regional\",\"description\":\"Mucho m\u00e1s que informaci\u00f3n\",\"potentialAction\":[{\"@type\":\"SearchAction\",\"target\":{\"@type\":\"EntryPoint\",\"urlTemplate\":\"http:\/\/elregionalvm.com.ar\/noticias-villa-maria\/?s={search_term_string}\"},\"query-input\":{\"@type\":\"PropertyValueSpecification\",\"valueRequired\":true,\"valueName\":\"search_term_string\"}}],\"inLanguage\":\"es\"},{\"@type\":\"Person\",\"@id\":\"http:\/\/elregionalvm.com.ar\/noticias-villa-maria\/#\/schema\/person\/a0fb9c422317faca23d50163151bc354\",\"name\":\"Contenidos El Regional\",\"image\":{\"@type\":\"ImageObject\",\"inLanguage\":\"es\",\"@id\":\"http:\/\/elregionalvm.com.ar\/noticias-villa-maria\/#\/schema\/person\/image\/\",\"url\":\"https:\/\/secure.gravatar.com\/avatar\/265b27cb2209af7bb3a1318f03305787d7981a5cc6e6cd08fe5a4ecdf99d4b48?s=96&d=mm&r=g\",\"contentUrl\":\"https:\/\/secure.gravatar.com\/avatar\/265b27cb2209af7bb3a1318f03305787d7981a5cc6e6cd08fe5a4ecdf99d4b48?s=96&d=mm&r=g\",\"caption\":\"Contenidos El Regional\"},\"url\":\"https:\/\/elregionalvm.com.ar\/noticias-villa-maria\/author\/contenido\/\"}]}<\/script>\n<!-- \/ Yoast SEO plugin. -->","yoast_head_json":{"title":"Oncativo: el intendente e intendente interino, ambos con Covid 19 - El Regional","robots":{"index":"index","follow":"follow","max-snippet":"max-snippet:-1","max-image-preview":"max-image-preview:large","max-video-preview":"max-video-preview:-1"},"canonical":"http:\/\/elregionalvm.com.ar\/noticias-villa-maria\/oncativo-el-intendente-e-intendente-interino-ambos-con-covid-19\/","og_locale":"es_ES","og_type":"article","og_title":"Oncativo: el intendente e intendente interino, ambos con Covid 19 - El Regional","og_description":"Anoche se supo que Juan Carlos Ghibaudo, el intendente interino de Oncativo, dio positivo en coronavirus. Recordamos que Ghibaudo estaba reemplazando a Gast\u00f3n Re, quien d\u00edas atr\u00e1s confirm\u00f3 que contrajo la enfermedad por lo que fue reemplazado por el presidente del Concejo Deliberante. La Municipalidad de Oncativo confirm\u00f3 que Ghibaudo era uno de los siete [&hellip;]","og_url":"http:\/\/elregionalvm.com.ar\/noticias-villa-maria\/oncativo-el-intendente-e-intendente-interino-ambos-con-covid-19\/","og_site_name":"El Regional","article_publisher":"https:\/\/www.facebook.com\/elregionalvm","article_published_time":"2020-08-04T12:44:42+00:00","article_modified_time":"2020-08-04T12:44:46+00:00","og_image":[{"width":780,"height":405,"url":"http:\/\/elregionalvm.com.ar\/noticias-villa-maria\/wp-content\/uploads\/2020\/08\/Municipalidad-de-Oncativo.jpg","type":"image\/jpeg"}],"author":"Contenidos El Regional","twitter_card":"summary_large_image","twitter_creator":"@elregionalvm1","twitter_site":"@elregionalvm1","twitter_misc":{"Escrito por":"Contenidos El Regional","Tiempo de lectura":"1 minuto"},"schema":{"@context":"https:\/\/schema.org","@graph":[{"@type":"Article","@id":"http:\/\/elregionalvm.com.ar\/noticias-villa-maria\/oncativo-el-intendente-e-intendente-interino-ambos-con-covid-19\/#article","isPartOf":{"@id":"http:\/\/elregionalvm.com.ar\/noticias-villa-maria\/oncativo-el-intendente-e-intendente-interino-ambos-con-covid-19\/"},"author":{"name":"Contenidos El Regional","@id":"http:\/\/elregionalvm.com.ar\/noticias-villa-maria\/#\/schema\/person\/a0fb9c422317faca23d50163151bc354"},"headline":"Oncativo: el intendente e intendente interino, ambos con Covid 19","datePublished":"2020-08-04T12:44:42+00:00","dateModified":"2020-08-04T12:44:46+00:00","mainEntityOfPage":{"@id":"http:\/\/elregionalvm.com.ar\/noticias-villa-maria\/oncativo-el-intendente-e-intendente-interino-ambos-con-covid-19\/"},"wordCount":167,"commentCount":0,"image":{"@id":"http:\/\/elregionalvm.com.ar\/noticias-villa-maria\/oncativo-el-intendente-e-intendente-interino-ambos-con-covid-19\/#primaryimage"},"thumbnailUrl":"https:\/\/i0.wp.com\/elregionalvm.com.ar\/noticias-villa-maria\/wp-content\/uploads\/2020\/08\/Municipalidad-de-Oncativo.jpg?fit=780%2C405&ssl=1","keywords":["ambos con Covid","Covid 19","diagn\u00f3sticos","intendente interino","intendente Re","Oncativo","positivos"],"articleSection":["Regi\u00f3n"],"inLanguage":"es","potentialAction":[{"@type":"CommentAction","name":"Comment","target":["http:\/\/elregionalvm.com.ar\/noticias-villa-maria\/oncativo-el-intendente-e-intendente-interino-ambos-con-covid-19\/#respond"]}]},{"@type":"WebPage","@id":"http:\/\/elregionalvm.com.ar\/noticias-villa-maria\/oncativo-el-intendente-e-intendente-interino-ambos-con-covid-19\/","url":"http:\/\/elregionalvm.com.ar\/noticias-villa-maria\/oncativo-el-intendente-e-intendente-interino-ambos-con-covid-19\/","name":"Oncativo: el intendente e intendente interino, ambos con Covid 19 - El Regional","isPartOf":{"@id":"http:\/\/elregionalvm.com.ar\/noticias-villa-maria\/#website"},"primaryImageOfPage":{"@id":"http:\/\/elregionalvm.com.ar\/noticias-villa-maria\/oncativo-el-intendente-e-intendente-interino-ambos-con-covid-19\/#primaryimage"},"image":{"@id":"http:\/\/elregionalvm.com.ar\/noticias-villa-maria\/oncativo-el-intendente-e-intendente-interino-ambos-con-covid-19\/#primaryimage"},"thumbnailUrl":"https:\/\/i0.wp.com\/elregionalvm.com.ar\/noticias-villa-maria\/wp-content\/uploads\/2020\/08\/Municipalidad-de-Oncativo.jpg?fit=780%2C405&ssl=1","datePublished":"2020-08-04T12:44:42+00:00","dateModified":"2020-08-04T12:44:46+00:00","author":{"@id":"http:\/\/elregionalvm.com.ar\/noticias-villa-maria\/#\/schema\/person\/a0fb9c422317faca23d50163151bc354"},"breadcrumb":{"@id":"http:\/\/elregionalvm.com.ar\/noticias-villa-maria\/oncativo-el-intendente-e-intendente-interino-ambos-con-covid-19\/#breadcrumb"},"inLanguage":"es","potentialAction":[{"@type":"ReadAction","target":["http:\/\/elregionalvm.com.ar\/noticias-villa-maria\/oncativo-el-intendente-e-intendente-interino-ambos-con-covid-19\/"]}]},{"@type":"ImageObject","inLanguage":"es","@id":"http:\/\/elregionalvm.com.ar\/noticias-villa-maria\/oncativo-el-intendente-e-intendente-interino-ambos-con-covid-19\/#primaryimage","url":"https:\/\/i0.wp.com\/elregionalvm.com.ar\/noticias-villa-maria\/wp-content\/uploads\/2020\/08\/Municipalidad-de-Oncativo.jpg?fit=780%2C405&ssl=1","contentUrl":"https:\/\/i0.wp.com\/elregionalvm.com.ar\/noticias-villa-maria\/wp-content\/uploads\/2020\/08\/Municipalidad-de-Oncativo.jpg?fit=780%2C405&ssl=1","width":780,"height":405},{"@type":"BreadcrumbList","@id":"http:\/\/elregionalvm.com.ar\/noticias-villa-maria\/oncativo-el-intendente-e-intendente-interino-ambos-con-covid-19\/#breadcrumb","itemListElement":[{"@type":"ListItem","position":1,"name":"Portada","item":"https:\/\/elregionalvm.com.ar\/noticias-villa-maria\/"},{"@type":"ListItem","position":2,"name":"Oncativo: el intendente e intendente interino, ambos con Covid 19"}]},{"@type":"WebSite","@id":"http:\/\/elregionalvm.com.ar\/noticias-villa-maria\/#website","url":"http:\/\/elregionalvm.com.ar\/noticias-villa-maria\/","name":"El Regional","description":"Mucho m\u00e1s que informaci\u00f3n","potentialAction":[{"@type":"SearchAction","target":{"@type":"EntryPoint","urlTemplate":"http:\/\/elregionalvm.com.ar\/noticias-villa-maria\/?s={search_term_string}"},"query-input":{"@type":"PropertyValueSpecification","valueRequired":true,"valueName":"search_term_string"}}],"inLanguage":"es"},{"@type":"Person","@id":"http:\/\/elregionalvm.com.ar\/noticias-villa-maria\/#\/schema\/person\/a0fb9c422317faca23d50163151bc354","name":"Contenidos El Regional","image":{"@type":"ImageObject","inLanguage":"es","@id":"http:\/\/elregionalvm.com.ar\/noticias-villa-maria\/#\/schema\/person\/image\/","url":"https:\/\/secure.gravatar.com\/avatar\/265b27cb2209af7bb3a1318f03305787d7981a5cc6e6cd08fe5a4ecdf99d4b48?s=96&d=mm&r=g","contentUrl":"https:\/\/secure.gravatar.com\/avatar\/265b27cb2209af7bb3a1318f03305787d7981a5cc6e6cd08fe5a4ecdf99d4b48?s=96&d=mm&r=g","caption":"Contenidos El Regional"},"url":"https:\/\/elregionalvm.com.ar\/noticias-villa-maria\/author\/contenido\/"}]}},"jetpack_featured_media_url":"https:\/\/i0.wp.com\/elregionalvm.com.ar\/noticias-villa-maria\/wp-content\/uploads\/2020\/08\/Municipalidad-de-Oncativo.jpg?fit=780%2C405&ssl=1","jetpack_sharing_enabled":true,"_links":{"self":[{"href":"https:\/\/elregionalvm.com.ar\/noticias-villa-maria\/wp-json\/wp\/v2\/posts\/21403","targetHints":{"allow":["GET"]}}],"collection":[{"href":"https:\/\/elregionalvm.com.ar\/noticias-villa-maria\/wp-json\/wp\/v2\/posts"}],"about":[{"href":"https:\/\/elregionalvm.com.ar\/noticias-villa-maria\/wp-json\/wp\/v2\/types\/post"}],"author":[{"embeddable":true,"href":"https:\/\/elregionalvm.com.ar\/noticias-villa-maria\/wp-json\/wp\/v2\/users\/4"}],"replies":[{"embeddable":true,"href":"https:\/\/elregionalvm.com.ar\/noticias-villa-maria\/wp-json\/wp\/v2\/comments?post=21403"}],"version-history":[{"count":1,"href":"https:\/\/elregionalvm.com.ar\/noticias-villa-maria\/wp-json\/wp\/v2\/posts\/21403\/revisions"}],"predecessor-version":[{"id":21405,"href":"https:\/\/elregionalvm.com.ar\/noticias-villa-maria\/wp-json\/wp\/v2\/posts\/21403\/revisions\/21405"}],"wp:featuredmedia":[{"embeddable":true,"href":"https:\/\/elregionalvm.com.ar\/noticias-villa-maria\/wp-json\/wp\/v2\/media\/21404"}],"wp:attachment":[{"href":"https:\/\/elregionalvm.com.ar\/noticias-villa-maria\/wp-json\/wp\/v2\/media?parent=21403"}],"wp:term":[{"taxonomy":"category","embeddable":true,"href":"https:\/\/elregionalvm.com.ar\/noticias-villa-maria\/wp-json\/wp\/v2\/categories?post=21403"},{"taxonomy":"post_tag","embeddable":true,"href":"https:\/\/elregionalvm.com.ar\/noticias-villa-maria\/wp-json\/wp\/v2\/tags?post=21403"}],"curies":[{"name":"wp","href":"https:\/\/api.w.org\/{rel}","templated":true}]}}