{"id":21409,"date":"2020-08-04T13:25:11","date_gmt":"2020-08-04T13:25:11","guid":{"rendered":"https:\/\/elregionalvm.com.ar\/noticias-villa-maria\/?p=21409"},"modified":"2020-08-04T13:25:12","modified_gmt":"2020-08-04T13:25:12","slug":"si-esto-no-es-cinismo-el-cinismo-donde-esta","status":"publish","type":"post","link":"https:\/\/elregionalvm.com.ar\/noticias-villa-maria\/si-esto-no-es-cinismo-el-cinismo-donde-esta\/","title":{"rendered":"\u00a1Si esto no es cinismo, el cinismo d\u00f3nde est\u00e1\u2026!"},"content":{"rendered":"\n<p><strong>Escribe: Miguel Andreis<\/strong><\/p>\n\n\n\n<p>No sin sorpresa, encuentro este domingo en los diarios de la ciudad, una p\u00e1gina completa de publicidad, bajo el t\u00edtulo de \u201cLa Salud es prioridad\u201d. Auspiciado por la Municipalidad de Villa Mar\u00eda. Donde entre otras frases aparece, el <strong><u>\u201cSeguimos avanzando y construyendo el futuro\u201d.<\/u><\/strong><\/p>\n\n\n\n<p>Sinceramente, lo que m\u00e1s me cuesta superar es el nivel de cinismo que se observa en no pocos sectores de los que gobiernan. En todos los niveles. Claro que esto romp\u00eda todos mis esquemas de tolerancia. La desverg\u00fcenza y el cinismo suele ser un c\u00f3ctel de impredecibles consecuencias.<\/p>\n\n\n\n<p>O no se dan cuenta o de verdad creen que los ciudadanos somos unos bobos que votamos porque ellos son los iluminados convertidos en h\u00e9roes. Que los elegimos y les damos un cheque en blanco para que nos compren las ilusiones de un pa\u00eds distinto, sabiendo que dicho cheque carece de fondos.<\/p>\n\n\n\n<p>Abajo, como un clan de pr\u00f3ceres impolutos, firman, en una p\u00e1gina que, al ser de la Municipalidad de Villa Mar\u00eda, lasa pagamos todos: Mart\u00edn Gill y Pablo Rosso.<\/p>\n\n\n\n<p>Esta, la nuestra, debe ser una de las pocas ciudades del mundo que tiene dos intendentes o, en todo caso, ninguno. All\u00ed, en tal escrito, aparecen algunas de las promesas que bajan del Ministerio de Obras P\u00fablicas de la Naci\u00f3n, proposiciones de obras que, primero tenemos que verlas. En todo caso suenan m\u00e1s a \u201cya nos estamos preparando para las pr\u00f3ximas elecciones que misiones que ir\u00edan a poner en marcha.<\/p>\n\n\n\n<p>Seguramente el \u201cNi\u00f1o\u201d, quiere sacarse de encima el barro que supo cosechar en estos \u00faltimos meses. Quiz\u00e1s que no le sea f\u00e1cil. &nbsp;Tampoco hay que creer que tiene terminada su carrera pol\u00edtica. En Argentina, aunque nos duela, a la hora de las urnas, con una canasta cargada de s\u00e1ndwiches de mortadela, se puede lograr los objetivos m\u00e1s perversos. Por ejemplo, que se lo vuelva a elegir. No va a ser tan lineal, peroooo\u2026 &nbsp;<\/p>\n\n\n\n<p>Justo Gill viene a publicitar que \u201cLa Salud es prioridad\u201d. De su terrible metida de pata, no pasaron tres semanas y tirarnos con ese concepto, es decirnos, \u201cUstedes, (l\u00e9ase pueblo) se van al carajo\u201d. \u201cMe importan un corno\u201d. \u201cDentro de un a\u00f1o no se acuerda nadie\u201d. Y capaz que, para una gran parte de la ciudadan\u00eda, sea as\u00ed.<\/p>\n\n\n\n<p><strong>Dale nom\u00e1s, dale que va\u2026<\/strong><\/p>\n\n\n\n<p>Hay que ser muy c\u00ednicos para sacar una publicidad con el contenido expuesto. Gill y Rosso, ustedes sobrepasan todos los l\u00edmites de la sensatez y se sumergen en el cinismo y la irrespetuosidad del poder, al ciudadano. Esto es IMPUNIDAD. Y adjetiven todo lo que quieran. Impunidad y cinismo. Vayan sabiendo que todo estado de sumisi\u00f3n tiene un l\u00edmite. No nos sigan provocando. Podemos ser muy bol\u2026, claro, pero hasta los m\u00e1s bol\u2026 tienen l\u00edmites. Por ahora nos seguir\u00e1n manteni\u00e9ndonos encerrados; amenaz\u00e1ndonos, quit\u00e1ndolos los m\u00e1s elementales derechos constitucionales. Ustedes continuar\u00e1n gozando de la impunidad, sigan por el camino de la impudencia y el descaro. Son insolentes, pero nunca olviden, como dec\u00eda el Mart\u00edn Fierro, que no hay plazo que no se cumpla ni tiento que no se corte\u2026<\/p>\n\n\n\n<p>\u201cCualquiera dir\u00eda que la industria del caradurismo en Villa Mar\u00eda, no para de producir\u201d.<\/p>\n","protected":false},"excerpt":{"rendered":"<p>Escribe: Miguel Andreis No sin sorpresa, encuentro este domingo en los diarios de la ciudad, una p\u00e1gina completa de publicidad, bajo el t\u00edtulo de \u201cLa Salud es prioridad\u201d. Auspiciado por la Municipalidad de Villa Mar\u00eda. Donde entre otras frases aparece, el \u201cSeguimos avanzando y construyendo el futuro\u201d. Sinceramente, lo que m\u00e1s me cuesta superar es [&hellip;]<\/p>\n","protected":false},"author":5,"featured_media":21411,"comment_status":"open","ping_status":"open","sticky":false,"template":"","format":"standard","meta":{"site-sidebar-layout":"default","site-content-layout":"default","ast-site-content-layout":"default","site-content-style":"default","site-sidebar-style":"default","ast-global-header-display":"","ast-banner-title-visibility":"","ast-main-header-display":"","ast-hfb-above-header-display":"","ast-hfb-below-header-display":"","ast-hfb-mobile-header-display":"","site-post-title":"","ast-breadcrumbs-content":"","ast-featured-img":"","footer-sml-layout":"","ast-disable-related-posts":"","theme-transparent-header-meta":"default","adv-header-id-meta":"","stick-header-meta":"","header-above-stick-meta":"","header-main-stick-meta":"","header-below-stick-meta":"","astra-migrate-meta-layouts":"default","ast-page-background-enabled":"default","ast-page-background-meta":{"desktop":{"background-color":"","background-image":"","background-repeat":"repeat","background-position":"center center","background-size":"auto","background-attachment":"scroll","background-type":"","background-media":"","overlay-type":"","overlay-color":"","overlay-opacity":"","overlay-gradient":""},"tablet":{"background-color":"","background-image":"","background-repeat":"repeat","background-position":"center center","background-size":"auto","background-attachment":"scroll","background-type":"","background-media":"","overlay-type":"","overlay-color":"","overlay-opacity":"","overlay-gradient":""},"mobile":{"background-color":"","background-image":"","background-repeat":"repeat","background-position":"center center","background-size":"auto","background-attachment":"scroll","background-type":"","background-media":"","overlay-type":"","overlay-color":"","overlay-opacity":"","overlay-gradient":""}},"ast-content-background-meta":{"desktop":{"background-color":"var(--ast-global-color-5)","background-image":"","background-repeat":"repeat","background-position":"center center","background-size":"auto","background-attachment":"scroll","background-type":"","background-media":"","overlay-type":"","overlay-color":"","overlay-opacity":"","overlay-gradient":""},"tablet":{"background-color":"var(--ast-global-color-5)","background-image":"","background-repeat":"repeat","background-position":"center center","background-size":"auto","background-attachment":"scroll","background-type":"","background-media":"","overlay-type":"","overlay-color":"","overlay-opacity":"","overlay-gradient":""},"mobile":{"background-color":"var(--ast-global-color-5)","background-image":"","background-repeat":"repeat","background-position":"center center","background-size":"auto","background-attachment":"scroll","background-type":"","background-media":"","overlay-type":"","overlay-color":"","overlay-opacity":"","overlay-gradient":""}},"_jetpack_memberships_contains_paid_content":false,"_joinchat":[],"footnotes":""},"categories":[365],"tags":[1653,1125,1878,2186],"class_list":["post-21409","post","type-post","status-publish","format-standard","has-post-thumbnail","hentry","category-opinion","tag-cinismo","tag-martin-gill","tag-pablo-rosso","tag-publicidad"],"yoast_head":"<!-- This site is optimized with the Yoast SEO plugin v26.8 - https:\/\/yoast.com\/product\/yoast-seo-wordpress\/ -->\n<title>\u00a1Si esto no es cinismo, el cinismo d\u00f3nde est\u00e1\u2026! - El Regional<\/title>\n<meta name=\"description\" content=\"No sin sorpresa, encuentro este domingo en los diarios de la ciudad, una p\u00e1gina completa de publicidad, bajo el t\u00edtulo de \u201cLa Salud es prioridad\u201d.\" \/>\n<meta name=\"robots\" content=\"index, follow, max-snippet:-1, max-image-preview:large, max-video-preview:-1\" \/>\n<link rel=\"canonical\" href=\"http:\/\/elregionalvm.com.ar\/noticias-villa-maria\/si-esto-no-es-cinismo-el-cinismo-donde-esta\/\" \/>\n<meta property=\"og:locale\" content=\"es_ES\" \/>\n<meta property=\"og:type\" content=\"article\" \/>\n<meta property=\"og:title\" content=\"\u00a1Si esto no es cinismo, el cinismo d\u00f3nde est\u00e1\u2026! - El Regional\" \/>\n<meta property=\"og:description\" content=\"No sin sorpresa, encuentro este domingo en los diarios de la ciudad, una p\u00e1gina completa de publicidad, bajo el t\u00edtulo de \u201cLa Salud es prioridad\u201d.\" \/>\n<meta property=\"og:url\" content=\"http:\/\/elregionalvm.com.ar\/noticias-villa-maria\/si-esto-no-es-cinismo-el-cinismo-donde-esta\/\" \/>\n<meta property=\"og:site_name\" content=\"El Regional\" \/>\n<meta property=\"article:publisher\" content=\"https:\/\/www.facebook.com\/elregionalvm\" \/>\n<meta property=\"article:published_time\" content=\"2020-08-04T13:25:11+00:00\" \/>\n<meta property=\"article:modified_time\" content=\"2020-08-04T13:25:12+00:00\" \/>\n<meta property=\"og:image\" content=\"http:\/\/elregionalvm.com.ar\/noticias-villa-maria\/wp-content\/uploads\/2020\/08\/p\u00e1gian-de-Gill-y-Roso-1.jpg\" \/>\n\t<meta property=\"og:image:width\" content=\"576\" \/>\n\t<meta property=\"og:image:height\" content=\"665\" \/>\n\t<meta property=\"og:image:type\" content=\"image\/jpeg\" \/>\n<meta name=\"author\" content=\"Miguel Andreis\" \/>\n<meta name=\"twitter:card\" content=\"summary_large_image\" \/>\n<meta name=\"twitter:creator\" content=\"@elregionalvm1\" \/>\n<meta name=\"twitter:site\" content=\"@elregionalvm1\" \/>\n<meta name=\"twitter:label1\" content=\"Escrito por\" \/>\n\t<meta name=\"twitter:data1\" content=\"Miguel Andreis\" \/>\n\t<meta name=\"twitter:label2\" content=\"Tiempo de lectura\" \/>\n\t<meta name=\"twitter:data2\" content=\"3 minutos\" \/>\n<script type=\"application\/ld+json\" class=\"yoast-schema-graph\">{\"@context\":\"https:\/\/schema.org\",\"@graph\":[{\"@type\":\"Article\",\"@id\":\"http:\/\/elregionalvm.com.ar\/noticias-villa-maria\/si-esto-no-es-cinismo-el-cinismo-donde-esta\/#article\",\"isPartOf\":{\"@id\":\"http:\/\/elregionalvm.com.ar\/noticias-villa-maria\/si-esto-no-es-cinismo-el-cinismo-donde-esta\/\"},\"author\":{\"name\":\"Miguel Andreis\",\"@id\":\"http:\/\/elregionalvm.com.ar\/noticias-villa-maria\/#\/schema\/person\/df5ff3f005acf29788aed9cb359f1193\"},\"headline\":\"\u00a1Si esto no es cinismo, el cinismo d\u00f3nde est\u00e1\u2026!\",\"datePublished\":\"2020-08-04T13:25:11+00:00\",\"dateModified\":\"2020-08-04T13:25:12+00:00\",\"mainEntityOfPage\":{\"@id\":\"http:\/\/elregionalvm.com.ar\/noticias-villa-maria\/si-esto-no-es-cinismo-el-cinismo-donde-esta\/\"},\"wordCount\":579,\"commentCount\":1,\"image\":{\"@id\":\"http:\/\/elregionalvm.com.ar\/noticias-villa-maria\/si-esto-no-es-cinismo-el-cinismo-donde-esta\/#primaryimage\"},\"thumbnailUrl\":\"https:\/\/i0.wp.com\/elregionalvm.com.ar\/noticias-villa-maria\/wp-content\/uploads\/2020\/08\/p%C3%A1gian-de-Gill-y-Roso-1.jpg?fit=576%2C665&ssl=1\",\"keywords\":[\"cinismo\",\"mart\u00edn gill\",\"Pablo Rosso\",\"Publicidad\"],\"articleSection\":[\"Opini\u00f3n\"],\"inLanguage\":\"es\",\"potentialAction\":[{\"@type\":\"CommentAction\",\"name\":\"Comment\",\"target\":[\"http:\/\/elregionalvm.com.ar\/noticias-villa-maria\/si-esto-no-es-cinismo-el-cinismo-donde-esta\/#respond\"]}]},{\"@type\":\"WebPage\",\"@id\":\"http:\/\/elregionalvm.com.ar\/noticias-villa-maria\/si-esto-no-es-cinismo-el-cinismo-donde-esta\/\",\"url\":\"http:\/\/elregionalvm.com.ar\/noticias-villa-maria\/si-esto-no-es-cinismo-el-cinismo-donde-esta\/\",\"name\":\"\u00a1Si esto no es cinismo, el cinismo d\u00f3nde est\u00e1\u2026! - El Regional\",\"isPartOf\":{\"@id\":\"http:\/\/elregionalvm.com.ar\/noticias-villa-maria\/#website\"},\"primaryImageOfPage\":{\"@id\":\"http:\/\/elregionalvm.com.ar\/noticias-villa-maria\/si-esto-no-es-cinismo-el-cinismo-donde-esta\/#primaryimage\"},\"image\":{\"@id\":\"http:\/\/elregionalvm.com.ar\/noticias-villa-maria\/si-esto-no-es-cinismo-el-cinismo-donde-esta\/#primaryimage\"},\"thumbnailUrl\":\"https:\/\/i0.wp.com\/elregionalvm.com.ar\/noticias-villa-maria\/wp-content\/uploads\/2020\/08\/p%C3%A1gian-de-Gill-y-Roso-1.jpg?fit=576%2C665&ssl=1\",\"datePublished\":\"2020-08-04T13:25:11+00:00\",\"dateModified\":\"2020-08-04T13:25:12+00:00\",\"author\":{\"@id\":\"http:\/\/elregionalvm.com.ar\/noticias-villa-maria\/#\/schema\/person\/df5ff3f005acf29788aed9cb359f1193\"},\"description\":\"No sin sorpresa, encuentro este domingo en los diarios de la ciudad, una p\u00e1gina completa de publicidad, bajo el t\u00edtulo de \u201cLa Salud es prioridad\u201d.\",\"breadcrumb\":{\"@id\":\"http:\/\/elregionalvm.com.ar\/noticias-villa-maria\/si-esto-no-es-cinismo-el-cinismo-donde-esta\/#breadcrumb\"},\"inLanguage\":\"es\",\"potentialAction\":[{\"@type\":\"ReadAction\",\"target\":[\"http:\/\/elregionalvm.com.ar\/noticias-villa-maria\/si-esto-no-es-cinismo-el-cinismo-donde-esta\/\"]}]},{\"@type\":\"ImageObject\",\"inLanguage\":\"es\",\"@id\":\"http:\/\/elregionalvm.com.ar\/noticias-villa-maria\/si-esto-no-es-cinismo-el-cinismo-donde-esta\/#primaryimage\",\"url\":\"https:\/\/i0.wp.com\/elregionalvm.com.ar\/noticias-villa-maria\/wp-content\/uploads\/2020\/08\/p%C3%A1gian-de-Gill-y-Roso-1.jpg?fit=576%2C665&ssl=1\",\"contentUrl\":\"https:\/\/i0.wp.com\/elregionalvm.com.ar\/noticias-villa-maria\/wp-content\/uploads\/2020\/08\/p%C3%A1gian-de-Gill-y-Roso-1.jpg?fit=576%2C665&ssl=1\",\"width\":576,\"height\":665},{\"@type\":\"BreadcrumbList\",\"@id\":\"http:\/\/elregionalvm.com.ar\/noticias-villa-maria\/si-esto-no-es-cinismo-el-cinismo-donde-esta\/#breadcrumb\",\"itemListElement\":[{\"@type\":\"ListItem\",\"position\":1,\"name\":\"Portada\",\"item\":\"https:\/\/elregionalvm.com.ar\/noticias-villa-maria\/\"},{\"@type\":\"ListItem\",\"position\":2,\"name\":\"\u00a1Si esto no es cinismo, el cinismo d\u00f3nde est\u00e1\u2026!\"}]},{\"@type\":\"WebSite\",\"@id\":\"http:\/\/elregionalvm.com.ar\/noticias-villa-maria\/#website\",\"url\":\"http:\/\/elregionalvm.com.ar\/noticias-villa-maria\/\",\"name\":\"El Regional\",\"description\":\"Mucho m\u00e1s que informaci\u00f3n\",\"potentialAction\":[{\"@type\":\"SearchAction\",\"target\":{\"@type\":\"EntryPoint\",\"urlTemplate\":\"http:\/\/elregionalvm.com.ar\/noticias-villa-maria\/?s={search_term_string}\"},\"query-input\":{\"@type\":\"PropertyValueSpecification\",\"valueRequired\":true,\"valueName\":\"search_term_string\"}}],\"inLanguage\":\"es\"},{\"@type\":\"Person\",\"@id\":\"http:\/\/elregionalvm.com.ar\/noticias-villa-maria\/#\/schema\/person\/df5ff3f005acf29788aed9cb359f1193\",\"name\":\"Miguel Andreis\",\"image\":{\"@type\":\"ImageObject\",\"inLanguage\":\"es\",\"@id\":\"http:\/\/elregionalvm.com.ar\/noticias-villa-maria\/#\/schema\/person\/image\/\",\"url\":\"https:\/\/secure.gravatar.com\/avatar\/c643381cd03da38327c6407e6886e7182d881f2ecf94a7902ca262c41f9d8884?s=96&d=mm&r=g\",\"contentUrl\":\"https:\/\/secure.gravatar.com\/avatar\/c643381cd03da38327c6407e6886e7182d881f2ecf94a7902ca262c41f9d8884?s=96&d=mm&r=g\",\"caption\":\"Miguel Andreis\"},\"url\":\"https:\/\/elregionalvm.com.ar\/noticias-villa-maria\/author\/miguelandreis\/\"}]}<\/script>\n<!-- \/ Yoast SEO plugin. -->","yoast_head_json":{"title":"\u00a1Si esto no es cinismo, el cinismo d\u00f3nde est\u00e1\u2026! - El Regional","description":"No sin sorpresa, encuentro este domingo en los diarios de la ciudad, una p\u00e1gina completa de publicidad, bajo el t\u00edtulo de \u201cLa Salud es prioridad\u201d.","robots":{"index":"index","follow":"follow","max-snippet":"max-snippet:-1","max-image-preview":"max-image-preview:large","max-video-preview":"max-video-preview:-1"},"canonical":"http:\/\/elregionalvm.com.ar\/noticias-villa-maria\/si-esto-no-es-cinismo-el-cinismo-donde-esta\/","og_locale":"es_ES","og_type":"article","og_title":"\u00a1Si esto no es cinismo, el cinismo d\u00f3nde est\u00e1\u2026! - El Regional","og_description":"No sin sorpresa, encuentro este domingo en los diarios de la ciudad, una p\u00e1gina completa de publicidad, bajo el t\u00edtulo de \u201cLa Salud es prioridad\u201d.","og_url":"http:\/\/elregionalvm.com.ar\/noticias-villa-maria\/si-esto-no-es-cinismo-el-cinismo-donde-esta\/","og_site_name":"El Regional","article_publisher":"https:\/\/www.facebook.com\/elregionalvm","article_published_time":"2020-08-04T13:25:11+00:00","article_modified_time":"2020-08-04T13:25:12+00:00","og_image":[{"width":576,"height":665,"url":"http:\/\/elregionalvm.com.ar\/noticias-villa-maria\/wp-content\/uploads\/2020\/08\/p\u00e1gian-de-Gill-y-Roso-1.jpg","type":"image\/jpeg"}],"author":"Miguel Andreis","twitter_card":"summary_large_image","twitter_creator":"@elregionalvm1","twitter_site":"@elregionalvm1","twitter_misc":{"Escrito por":"Miguel Andreis","Tiempo de lectura":"3 minutos"},"schema":{"@context":"https:\/\/schema.org","@graph":[{"@type":"Article","@id":"http:\/\/elregionalvm.com.ar\/noticias-villa-maria\/si-esto-no-es-cinismo-el-cinismo-donde-esta\/#article","isPartOf":{"@id":"http:\/\/elregionalvm.com.ar\/noticias-villa-maria\/si-esto-no-es-cinismo-el-cinismo-donde-esta\/"},"author":{"name":"Miguel Andreis","@id":"http:\/\/elregionalvm.com.ar\/noticias-villa-maria\/#\/schema\/person\/df5ff3f005acf29788aed9cb359f1193"},"headline":"\u00a1Si esto no es cinismo, el cinismo d\u00f3nde est\u00e1\u2026!","datePublished":"2020-08-04T13:25:11+00:00","dateModified":"2020-08-04T13:25:12+00:00","mainEntityOfPage":{"@id":"http:\/\/elregionalvm.com.ar\/noticias-villa-maria\/si-esto-no-es-cinismo-el-cinismo-donde-esta\/"},"wordCount":579,"commentCount":1,"image":{"@id":"http:\/\/elregionalvm.com.ar\/noticias-villa-maria\/si-esto-no-es-cinismo-el-cinismo-donde-esta\/#primaryimage"},"thumbnailUrl":"https:\/\/i0.wp.com\/elregionalvm.com.ar\/noticias-villa-maria\/wp-content\/uploads\/2020\/08\/p%C3%A1gian-de-Gill-y-Roso-1.jpg?fit=576%2C665&ssl=1","keywords":["cinismo","mart\u00edn gill","Pablo Rosso","Publicidad"],"articleSection":["Opini\u00f3n"],"inLanguage":"es","potentialAction":[{"@type":"CommentAction","name":"Comment","target":["http:\/\/elregionalvm.com.ar\/noticias-villa-maria\/si-esto-no-es-cinismo-el-cinismo-donde-esta\/#respond"]}]},{"@type":"WebPage","@id":"http:\/\/elregionalvm.com.ar\/noticias-villa-maria\/si-esto-no-es-cinismo-el-cinismo-donde-esta\/","url":"http:\/\/elregionalvm.com.ar\/noticias-villa-maria\/si-esto-no-es-cinismo-el-cinismo-donde-esta\/","name":"\u00a1Si esto no es cinismo, el cinismo d\u00f3nde est\u00e1\u2026! - El Regional","isPartOf":{"@id":"http:\/\/elregionalvm.com.ar\/noticias-villa-maria\/#website"},"primaryImageOfPage":{"@id":"http:\/\/elregionalvm.com.ar\/noticias-villa-maria\/si-esto-no-es-cinismo-el-cinismo-donde-esta\/#primaryimage"},"image":{"@id":"http:\/\/elregionalvm.com.ar\/noticias-villa-maria\/si-esto-no-es-cinismo-el-cinismo-donde-esta\/#primaryimage"},"thumbnailUrl":"https:\/\/i0.wp.com\/elregionalvm.com.ar\/noticias-villa-maria\/wp-content\/uploads\/2020\/08\/p%C3%A1gian-de-Gill-y-Roso-1.jpg?fit=576%2C665&ssl=1","datePublished":"2020-08-04T13:25:11+00:00","dateModified":"2020-08-04T13:25:12+00:00","author":{"@id":"http:\/\/elregionalvm.com.ar\/noticias-villa-maria\/#\/schema\/person\/df5ff3f005acf29788aed9cb359f1193"},"description":"No sin sorpresa, encuentro este domingo en los diarios de la ciudad, una p\u00e1gina completa de publicidad, bajo el t\u00edtulo de \u201cLa Salud es prioridad\u201d.","breadcrumb":{"@id":"http:\/\/elregionalvm.com.ar\/noticias-villa-maria\/si-esto-no-es-cinismo-el-cinismo-donde-esta\/#breadcrumb"},"inLanguage":"es","potentialAction":[{"@type":"ReadAction","target":["http:\/\/elregionalvm.com.ar\/noticias-villa-maria\/si-esto-no-es-cinismo-el-cinismo-donde-esta\/"]}]},{"@type":"ImageObject","inLanguage":"es","@id":"http:\/\/elregionalvm.com.ar\/noticias-villa-maria\/si-esto-no-es-cinismo-el-cinismo-donde-esta\/#primaryimage","url":"https:\/\/i0.wp.com\/elregionalvm.com.ar\/noticias-villa-maria\/wp-content\/uploads\/2020\/08\/p%C3%A1gian-de-Gill-y-Roso-1.jpg?fit=576%2C665&ssl=1","contentUrl":"https:\/\/i0.wp.com\/elregionalvm.com.ar\/noticias-villa-maria\/wp-content\/uploads\/2020\/08\/p%C3%A1gian-de-Gill-y-Roso-1.jpg?fit=576%2C665&ssl=1","width":576,"height":665},{"@type":"BreadcrumbList","@id":"http:\/\/elregionalvm.com.ar\/noticias-villa-maria\/si-esto-no-es-cinismo-el-cinismo-donde-esta\/#breadcrumb","itemListElement":[{"@type":"ListItem","position":1,"name":"Portada","item":"https:\/\/elregionalvm.com.ar\/noticias-villa-maria\/"},{"@type":"ListItem","position":2,"name":"\u00a1Si esto no es cinismo, el cinismo d\u00f3nde est\u00e1\u2026!"}]},{"@type":"WebSite","@id":"http:\/\/elregionalvm.com.ar\/noticias-villa-maria\/#website","url":"http:\/\/elregionalvm.com.ar\/noticias-villa-maria\/","name":"El Regional","description":"Mucho m\u00e1s que informaci\u00f3n","potentialAction":[{"@type":"SearchAction","target":{"@type":"EntryPoint","urlTemplate":"http:\/\/elregionalvm.com.ar\/noticias-villa-maria\/?s={search_term_string}"},"query-input":{"@type":"PropertyValueSpecification","valueRequired":true,"valueName":"search_term_string"}}],"inLanguage":"es"},{"@type":"Person","@id":"http:\/\/elregionalvm.com.ar\/noticias-villa-maria\/#\/schema\/person\/df5ff3f005acf29788aed9cb359f1193","name":"Miguel Andreis","image":{"@type":"ImageObject","inLanguage":"es","@id":"http:\/\/elregionalvm.com.ar\/noticias-villa-maria\/#\/schema\/person\/image\/","url":"https:\/\/secure.gravatar.com\/avatar\/c643381cd03da38327c6407e6886e7182d881f2ecf94a7902ca262c41f9d8884?s=96&d=mm&r=g","contentUrl":"https:\/\/secure.gravatar.com\/avatar\/c643381cd03da38327c6407e6886e7182d881f2ecf94a7902ca262c41f9d8884?s=96&d=mm&r=g","caption":"Miguel Andreis"},"url":"https:\/\/elregionalvm.com.ar\/noticias-villa-maria\/author\/miguelandreis\/"}]}},"jetpack_featured_media_url":"https:\/\/i0.wp.com\/elregionalvm.com.ar\/noticias-villa-maria\/wp-content\/uploads\/2020\/08\/p%C3%A1gian-de-Gill-y-Roso-1.jpg?fit=576%2C665&ssl=1","jetpack_sharing_enabled":true,"_links":{"self":[{"href":"https:\/\/elregionalvm.com.ar\/noticias-villa-maria\/wp-json\/wp\/v2\/posts\/21409","targetHints":{"allow":["GET"]}}],"collection":[{"href":"https:\/\/elregionalvm.com.ar\/noticias-villa-maria\/wp-json\/wp\/v2\/posts"}],"about":[{"href":"https:\/\/elregionalvm.com.ar\/noticias-villa-maria\/wp-json\/wp\/v2\/types\/post"}],"author":[{"embeddable":true,"href":"https:\/\/elregionalvm.com.ar\/noticias-villa-maria\/wp-json\/wp\/v2\/users\/5"}],"replies":[{"embeddable":true,"href":"https:\/\/elregionalvm.com.ar\/noticias-villa-maria\/wp-json\/wp\/v2\/comments?post=21409"}],"version-history":[{"count":1,"href":"https:\/\/elregionalvm.com.ar\/noticias-villa-maria\/wp-json\/wp\/v2\/posts\/21409\/revisions"}],"predecessor-version":[{"id":21412,"href":"https:\/\/elregionalvm.com.ar\/noticias-villa-maria\/wp-json\/wp\/v2\/posts\/21409\/revisions\/21412"}],"wp:featuredmedia":[{"embeddable":true,"href":"https:\/\/elregionalvm.com.ar\/noticias-villa-maria\/wp-json\/wp\/v2\/media\/21411"}],"wp:attachment":[{"href":"https:\/\/elregionalvm.com.ar\/noticias-villa-maria\/wp-json\/wp\/v2\/media?parent=21409"}],"wp:term":[{"taxonomy":"category","embeddable":true,"href":"https:\/\/elregionalvm.com.ar\/noticias-villa-maria\/wp-json\/wp\/v2\/categories?post=21409"},{"taxonomy":"post_tag","embeddable":true,"href":"https:\/\/elregionalvm.com.ar\/noticias-villa-maria\/wp-json\/wp\/v2\/tags?post=21409"}],"curies":[{"name":"wp","href":"https:\/\/api.w.org\/{rel}","templated":true}]}}