{"id":21417,"date":"2020-08-04T15:56:49","date_gmt":"2020-08-04T15:56:49","guid":{"rendered":"https:\/\/elregionalvm.com.ar\/noticias-villa-maria\/?p=21417"},"modified":"2020-08-04T18:11:45","modified_gmt":"2020-08-04T18:11:45","slug":"cirugia-inedita-en-el-hospital-pasteur","status":"publish","type":"post","link":"https:\/\/elregionalvm.com.ar\/noticias-villa-maria\/cirugia-inedita-en-el-hospital-pasteur\/","title":{"rendered":"Cirug\u00eda in\u00e9dita en el Hospital Pasteur"},"content":{"rendered":"\n<p>El Hospital Pasteur realiz\u00f3 una in\u00e9dita cirug\u00eda de alta complejidad  a pacientes oftalmol\u00f3gicos.  <\/p>\n\n\n\n<p>La t\u00e9cnica, denominada dacriocistorrinostom\u00eda (DCR), es una intervenci\u00f3n quir\u00fargica endosc\u00f3pica v\u00eda nasal, cuyo objetivo principal es tratar la dacriocistitis. Se trata de una infecci\u00f3n del saco lagrimal que puede conducir a la formaci\u00f3n de abscesos que provoca un lagrimeo casi constante sin desearlo.<\/p>\n\n\n\n<p>Este tipo de obstrucci\u00f3n del nasolagrimal afecta fundamentalmente a mujeres a partir de los 45 a\u00f1os, llegando a alcanzar tasas de incidencia de hasta el 60% a partir de los 70.<\/p>\n\n\n\n<p>La intervenci\u00f3n fue posible a partir de la articulaci\u00f3n con el sector privado y de un trabajo interdisciplinario entre los servicios de otorrinolaringolog\u00eda y el de oftalmolog\u00eda.<\/p>\n\n\n\n<p>El trabajo en equipo bajo estrictas normas de bioseguridad fue encabezado por la oftalm\u00f3loga Carolina Picotti y Mauro Zernotti, integrante del servicio de ORL quienes contaron con el aporte de instrumental del sector privado para realizar por primera vez esta intervenci\u00f3n quir\u00fargica en el centro de salud provincial. <\/p>\n\n\n\n<p><strong>La t\u00e9cnica<\/strong><\/p>\n\n\n\n<p>La dacriocistorrinostom\u00eda endosc\u00f3pica permite restablecer una comunicaci\u00f3n entre las v\u00edas lagrimales y la fosa nasal por v\u00eda endonasal sin efectuar incisiones en la piel de la cara. <\/p>\n\n\n\n<p>La indicaci\u00f3n quir\u00fargica la establece el m\u00e9dico oftalm\u00f3logo, mientras que la exploraci\u00f3n rinol\u00f3gica, el m\u00e9dico otorrinolaring\u00f3logo. Son las pruebas de imagen las que precisan cu\u00e1les ser\u00e1n las modalidades quir\u00fargicas.<\/p>\n\n\n\n<p>El abordaje endosc\u00f3pico endonasal ofrece ciertas ventajas como menor tasa de complicaciones, menor tiempo de operaci\u00f3n y preservaci\u00f3n completa de la funci\u00f3n de la bomba al evitar cualquier manipulaci\u00f3n del musculo orbicular del ojo. <\/p>\n\n\n\n<p>\u201cLa mayor\u00eda de los pacientes es intervenida con anestesia local y sedaci\u00f3n, por lo que pueden ir de alta el mismo d\u00eda en r\u00e9gimen de cirug\u00eda mayor ambulatoria\u201d, precisaron los profesionales.<\/p>\n\n\n\n<p><\/p>\n","protected":false},"excerpt":{"rendered":"<p>El Hospital Pasteur realiz\u00f3 una in\u00e9dita cirug\u00eda de alta complejidad a pacientes oftalmol\u00f3gicos. La t\u00e9cnica, denominada dacriocistorrinostom\u00eda (DCR), es una intervenci\u00f3n quir\u00fargica endosc\u00f3pica v\u00eda nasal, cuyo objetivo principal es tratar la dacriocistitis. Se trata de una infecci\u00f3n del saco lagrimal que puede conducir a la formaci\u00f3n de abscesos que provoca un lagrimeo casi constante sin [&hellip;]<\/p>\n","protected":false},"author":6,"featured_media":21418,"comment_status":"open","ping_status":"open","sticky":false,"template":"","format":"standard","meta":{"site-sidebar-layout":"default","site-content-layout":"default","ast-site-content-layout":"default","site-content-style":"default","site-sidebar-style":"default","ast-global-header-display":"","ast-banner-title-visibility":"","ast-main-header-display":"","ast-hfb-above-header-display":"","ast-hfb-below-header-display":"","ast-hfb-mobile-header-display":"","site-post-title":"","ast-breadcrumbs-content":"","ast-featured-img":"","footer-sml-layout":"","ast-disable-related-posts":"","theme-transparent-header-meta":"default","adv-header-id-meta":"","stick-header-meta":"","header-above-stick-meta":"","header-main-stick-meta":"","header-below-stick-meta":"","astra-migrate-meta-layouts":"default","ast-page-background-enabled":"default","ast-page-background-meta":{"desktop":{"background-color":"","background-image":"","background-repeat":"repeat","background-position":"center center","background-size":"auto","background-attachment":"scroll","background-type":"","background-media":"","overlay-type":"","overlay-color":"","overlay-opacity":"","overlay-gradient":""},"tablet":{"background-color":"","background-image":"","background-repeat":"repeat","background-position":"center center","background-size":"auto","background-attachment":"scroll","background-type":"","background-media":"","overlay-type":"","overlay-color":"","overlay-opacity":"","overlay-gradient":""},"mobile":{"background-color":"","background-image":"","background-repeat":"repeat","background-position":"center center","background-size":"auto","background-attachment":"scroll","background-type":"","background-media":"","overlay-type":"","overlay-color":"","overlay-opacity":"","overlay-gradient":""}},"ast-content-background-meta":{"desktop":{"background-color":"var(--ast-global-color-5)","background-image":"","background-repeat":"repeat","background-position":"center center","background-size":"auto","background-attachment":"scroll","background-type":"","background-media":"","overlay-type":"","overlay-color":"","overlay-opacity":"","overlay-gradient":""},"tablet":{"background-color":"var(--ast-global-color-5)","background-image":"","background-repeat":"repeat","background-position":"center center","background-size":"auto","background-attachment":"scroll","background-type":"","background-media":"","overlay-type":"","overlay-color":"","overlay-opacity":"","overlay-gradient":""},"mobile":{"background-color":"var(--ast-global-color-5)","background-image":"","background-repeat":"repeat","background-position":"center center","background-size":"auto","background-attachment":"scroll","background-type":"","background-media":"","overlay-type":"","overlay-color":"","overlay-opacity":"","overlay-gradient":""}},"_jetpack_memberships_contains_paid_content":false,"_joinchat":[],"footnotes":""},"categories":[2],"tags":[3080,3078,2130,3079,3081,3082],"class_list":["post-21417","post","type-post","status-publish","format-standard","has-post-thumbnail","hentry","category-villa-maria","tag-alta-complejidad","tag-cirugia","tag-hospital-pasteur","tag-inedita","tag-oftalmologia","tag-otorrinolaringologia"],"yoast_head":"<!-- This site is optimized with the Yoast SEO plugin v26.8 - https:\/\/yoast.com\/product\/yoast-seo-wordpress\/ -->\n<title>Cirug\u00eda in\u00e9dita en el Hospital Pasteur - El Regional<\/title>\n<meta name=\"description\" content=\"El Hospital Pasteur realiz\u00f3 una in\u00e9dita cirug\u00eda de alta complejidad a pacientes oftalmol\u00f3gicos. Para tratar la dacriocistitis.\" \/>\n<meta name=\"robots\" content=\"index, follow, max-snippet:-1, max-image-preview:large, max-video-preview:-1\" \/>\n<link rel=\"canonical\" href=\"http:\/\/elregionalvm.com.ar\/noticias-villa-maria\/cirugia-inedita-en-el-hospital-pasteur\/\" \/>\n<meta property=\"og:locale\" content=\"es_ES\" \/>\n<meta property=\"og:type\" content=\"article\" \/>\n<meta property=\"og:title\" content=\"Cirug\u00eda in\u00e9dita en el Hospital Pasteur - El Regional\" \/>\n<meta property=\"og:description\" content=\"El Hospital Pasteur realiz\u00f3 una in\u00e9dita cirug\u00eda de alta complejidad a pacientes oftalmol\u00f3gicos. Para tratar la dacriocistitis.\" \/>\n<meta property=\"og:url\" content=\"http:\/\/elregionalvm.com.ar\/noticias-villa-maria\/cirugia-inedita-en-el-hospital-pasteur\/\" \/>\n<meta property=\"og:site_name\" content=\"El Regional\" \/>\n<meta property=\"article:publisher\" content=\"https:\/\/www.facebook.com\/elregionalvm\" \/>\n<meta property=\"article:published_time\" content=\"2020-08-04T15:56:49+00:00\" \/>\n<meta property=\"article:modified_time\" content=\"2020-08-04T18:11:45+00:00\" \/>\n<meta property=\"og:image\" content=\"http:\/\/elregionalvm.com.ar\/noticias-villa-maria\/wp-content\/uploads\/2020\/08\/WhatsApp-Image-2020-08-04-at-12.46.07-PM.jpeg\" \/>\n\t<meta property=\"og:image:width\" content=\"768\" \/>\n\t<meta property=\"og:image:height\" content=\"1024\" \/>\n\t<meta property=\"og:image:type\" content=\"image\/jpeg\" \/>\n<meta name=\"author\" content=\"Germ\u00e1n Giacchero\" \/>\n<meta name=\"twitter:card\" content=\"summary_large_image\" \/>\n<meta name=\"twitter:creator\" content=\"@elregionalvm1\" \/>\n<meta name=\"twitter:site\" content=\"@elregionalvm1\" \/>\n<meta name=\"twitter:label1\" content=\"Escrito por\" \/>\n\t<meta name=\"twitter:data1\" content=\"Germ\u00e1n Giacchero\" \/>\n\t<meta name=\"twitter:label2\" content=\"Tiempo de lectura\" \/>\n\t<meta name=\"twitter:data2\" content=\"2 minutos\" \/>\n<script type=\"application\/ld+json\" class=\"yoast-schema-graph\">{\"@context\":\"https:\/\/schema.org\",\"@graph\":[{\"@type\":\"Article\",\"@id\":\"http:\/\/elregionalvm.com.ar\/noticias-villa-maria\/cirugia-inedita-en-el-hospital-pasteur\/#article\",\"isPartOf\":{\"@id\":\"http:\/\/elregionalvm.com.ar\/noticias-villa-maria\/cirugia-inedita-en-el-hospital-pasteur\/\"},\"author\":{\"name\":\"Germ\u00e1n Giacchero\",\"@id\":\"http:\/\/elregionalvm.com.ar\/noticias-villa-maria\/#\/schema\/person\/d5e4b04966154131701e52c45d3efec9\"},\"headline\":\"Cirug\u00eda in\u00e9dita en el Hospital Pasteur\",\"datePublished\":\"2020-08-04T15:56:49+00:00\",\"dateModified\":\"2020-08-04T18:11:45+00:00\",\"mainEntityOfPage\":{\"@id\":\"http:\/\/elregionalvm.com.ar\/noticias-villa-maria\/cirugia-inedita-en-el-hospital-pasteur\/\"},\"wordCount\":337,\"commentCount\":0,\"image\":{\"@id\":\"http:\/\/elregionalvm.com.ar\/noticias-villa-maria\/cirugia-inedita-en-el-hospital-pasteur\/#primaryimage\"},\"thumbnailUrl\":\"https:\/\/i0.wp.com\/elregionalvm.com.ar\/noticias-villa-maria\/wp-content\/uploads\/2020\/08\/WhatsApp-Image-2020-08-04-at-12.46.07-PM.jpeg?fit=768%2C1024&ssl=1\",\"keywords\":[\"Alta complejidad\",\"Cirug\u00eda\",\"Hospital Pasteur\",\"In\u00e9dita\",\"Oftalmolog\u00eda\",\"Otorrinolaringolog\u00eda\"],\"articleSection\":[\"Villa Mar\u00eda\"],\"inLanguage\":\"es\",\"potentialAction\":[{\"@type\":\"CommentAction\",\"name\":\"Comment\",\"target\":[\"http:\/\/elregionalvm.com.ar\/noticias-villa-maria\/cirugia-inedita-en-el-hospital-pasteur\/#respond\"]}]},{\"@type\":\"WebPage\",\"@id\":\"http:\/\/elregionalvm.com.ar\/noticias-villa-maria\/cirugia-inedita-en-el-hospital-pasteur\/\",\"url\":\"http:\/\/elregionalvm.com.ar\/noticias-villa-maria\/cirugia-inedita-en-el-hospital-pasteur\/\",\"name\":\"Cirug\u00eda in\u00e9dita en el Hospital Pasteur - El Regional\",\"isPartOf\":{\"@id\":\"http:\/\/elregionalvm.com.ar\/noticias-villa-maria\/#website\"},\"primaryImageOfPage\":{\"@id\":\"http:\/\/elregionalvm.com.ar\/noticias-villa-maria\/cirugia-inedita-en-el-hospital-pasteur\/#primaryimage\"},\"image\":{\"@id\":\"http:\/\/elregionalvm.com.ar\/noticias-villa-maria\/cirugia-inedita-en-el-hospital-pasteur\/#primaryimage\"},\"thumbnailUrl\":\"https:\/\/i0.wp.com\/elregionalvm.com.ar\/noticias-villa-maria\/wp-content\/uploads\/2020\/08\/WhatsApp-Image-2020-08-04-at-12.46.07-PM.jpeg?fit=768%2C1024&ssl=1\",\"datePublished\":\"2020-08-04T15:56:49+00:00\",\"dateModified\":\"2020-08-04T18:11:45+00:00\",\"author\":{\"@id\":\"http:\/\/elregionalvm.com.ar\/noticias-villa-maria\/#\/schema\/person\/d5e4b04966154131701e52c45d3efec9\"},\"description\":\"El Hospital Pasteur realiz\u00f3 una in\u00e9dita cirug\u00eda de alta complejidad a pacientes oftalmol\u00f3gicos. Para tratar la dacriocistitis.\",\"breadcrumb\":{\"@id\":\"http:\/\/elregionalvm.com.ar\/noticias-villa-maria\/cirugia-inedita-en-el-hospital-pasteur\/#breadcrumb\"},\"inLanguage\":\"es\",\"potentialAction\":[{\"@type\":\"ReadAction\",\"target\":[\"http:\/\/elregionalvm.com.ar\/noticias-villa-maria\/cirugia-inedita-en-el-hospital-pasteur\/\"]}]},{\"@type\":\"ImageObject\",\"inLanguage\":\"es\",\"@id\":\"http:\/\/elregionalvm.com.ar\/noticias-villa-maria\/cirugia-inedita-en-el-hospital-pasteur\/#primaryimage\",\"url\":\"https:\/\/i0.wp.com\/elregionalvm.com.ar\/noticias-villa-maria\/wp-content\/uploads\/2020\/08\/WhatsApp-Image-2020-08-04-at-12.46.07-PM.jpeg?fit=768%2C1024&ssl=1\",\"contentUrl\":\"https:\/\/i0.wp.com\/elregionalvm.com.ar\/noticias-villa-maria\/wp-content\/uploads\/2020\/08\/WhatsApp-Image-2020-08-04-at-12.46.07-PM.jpeg?fit=768%2C1024&ssl=1\",\"width\":768,\"height\":1024},{\"@type\":\"BreadcrumbList\",\"@id\":\"http:\/\/elregionalvm.com.ar\/noticias-villa-maria\/cirugia-inedita-en-el-hospital-pasteur\/#breadcrumb\",\"itemListElement\":[{\"@type\":\"ListItem\",\"position\":1,\"name\":\"Portada\",\"item\":\"https:\/\/elregionalvm.com.ar\/noticias-villa-maria\/\"},{\"@type\":\"ListItem\",\"position\":2,\"name\":\"Cirug\u00eda in\u00e9dita en el Hospital Pasteur\"}]},{\"@type\":\"WebSite\",\"@id\":\"http:\/\/elregionalvm.com.ar\/noticias-villa-maria\/#website\",\"url\":\"http:\/\/elregionalvm.com.ar\/noticias-villa-maria\/\",\"name\":\"El Regional\",\"description\":\"Mucho m\u00e1s que informaci\u00f3n\",\"potentialAction\":[{\"@type\":\"SearchAction\",\"target\":{\"@type\":\"EntryPoint\",\"urlTemplate\":\"http:\/\/elregionalvm.com.ar\/noticias-villa-maria\/?s={search_term_string}\"},\"query-input\":{\"@type\":\"PropertyValueSpecification\",\"valueRequired\":true,\"valueName\":\"search_term_string\"}}],\"inLanguage\":\"es\"},{\"@type\":\"Person\",\"@id\":\"http:\/\/elregionalvm.com.ar\/noticias-villa-maria\/#\/schema\/person\/d5e4b04966154131701e52c45d3efec9\",\"name\":\"Germ\u00e1n Giacchero\",\"image\":{\"@type\":\"ImageObject\",\"inLanguage\":\"es\",\"@id\":\"http:\/\/elregionalvm.com.ar\/noticias-villa-maria\/#\/schema\/person\/image\/\",\"url\":\"https:\/\/secure.gravatar.com\/avatar\/fda163ba5ef0307ee5be9846e10f83b6e83d0cfb260d3b2464830318894c6b04?s=96&d=mm&r=g\",\"contentUrl\":\"https:\/\/secure.gravatar.com\/avatar\/fda163ba5ef0307ee5be9846e10f83b6e83d0cfb260d3b2464830318894c6b04?s=96&d=mm&r=g\",\"caption\":\"Germ\u00e1n Giacchero\"},\"url\":\"https:\/\/elregionalvm.com.ar\/noticias-villa-maria\/author\/germangiacchero\/\"}]}<\/script>\n<!-- \/ Yoast SEO plugin. -->","yoast_head_json":{"title":"Cirug\u00eda in\u00e9dita en el Hospital Pasteur - El Regional","description":"El Hospital Pasteur realiz\u00f3 una in\u00e9dita cirug\u00eda de alta complejidad a pacientes oftalmol\u00f3gicos. Para tratar la dacriocistitis.","robots":{"index":"index","follow":"follow","max-snippet":"max-snippet:-1","max-image-preview":"max-image-preview:large","max-video-preview":"max-video-preview:-1"},"canonical":"http:\/\/elregionalvm.com.ar\/noticias-villa-maria\/cirugia-inedita-en-el-hospital-pasteur\/","og_locale":"es_ES","og_type":"article","og_title":"Cirug\u00eda in\u00e9dita en el Hospital Pasteur - El Regional","og_description":"El Hospital Pasteur realiz\u00f3 una in\u00e9dita cirug\u00eda de alta complejidad a pacientes oftalmol\u00f3gicos. Para tratar la dacriocistitis.","og_url":"http:\/\/elregionalvm.com.ar\/noticias-villa-maria\/cirugia-inedita-en-el-hospital-pasteur\/","og_site_name":"El Regional","article_publisher":"https:\/\/www.facebook.com\/elregionalvm","article_published_time":"2020-08-04T15:56:49+00:00","article_modified_time":"2020-08-04T18:11:45+00:00","og_image":[{"width":768,"height":1024,"url":"http:\/\/elregionalvm.com.ar\/noticias-villa-maria\/wp-content\/uploads\/2020\/08\/WhatsApp-Image-2020-08-04-at-12.46.07-PM.jpeg","type":"image\/jpeg"}],"author":"Germ\u00e1n Giacchero","twitter_card":"summary_large_image","twitter_creator":"@elregionalvm1","twitter_site":"@elregionalvm1","twitter_misc":{"Escrito por":"Germ\u00e1n Giacchero","Tiempo de lectura":"2 minutos"},"schema":{"@context":"https:\/\/schema.org","@graph":[{"@type":"Article","@id":"http:\/\/elregionalvm.com.ar\/noticias-villa-maria\/cirugia-inedita-en-el-hospital-pasteur\/#article","isPartOf":{"@id":"http:\/\/elregionalvm.com.ar\/noticias-villa-maria\/cirugia-inedita-en-el-hospital-pasteur\/"},"author":{"name":"Germ\u00e1n Giacchero","@id":"http:\/\/elregionalvm.com.ar\/noticias-villa-maria\/#\/schema\/person\/d5e4b04966154131701e52c45d3efec9"},"headline":"Cirug\u00eda in\u00e9dita en el Hospital Pasteur","datePublished":"2020-08-04T15:56:49+00:00","dateModified":"2020-08-04T18:11:45+00:00","mainEntityOfPage":{"@id":"http:\/\/elregionalvm.com.ar\/noticias-villa-maria\/cirugia-inedita-en-el-hospital-pasteur\/"},"wordCount":337,"commentCount":0,"image":{"@id":"http:\/\/elregionalvm.com.ar\/noticias-villa-maria\/cirugia-inedita-en-el-hospital-pasteur\/#primaryimage"},"thumbnailUrl":"https:\/\/i0.wp.com\/elregionalvm.com.ar\/noticias-villa-maria\/wp-content\/uploads\/2020\/08\/WhatsApp-Image-2020-08-04-at-12.46.07-PM.jpeg?fit=768%2C1024&ssl=1","keywords":["Alta complejidad","Cirug\u00eda","Hospital Pasteur","In\u00e9dita","Oftalmolog\u00eda","Otorrinolaringolog\u00eda"],"articleSection":["Villa Mar\u00eda"],"inLanguage":"es","potentialAction":[{"@type":"CommentAction","name":"Comment","target":["http:\/\/elregionalvm.com.ar\/noticias-villa-maria\/cirugia-inedita-en-el-hospital-pasteur\/#respond"]}]},{"@type":"WebPage","@id":"http:\/\/elregionalvm.com.ar\/noticias-villa-maria\/cirugia-inedita-en-el-hospital-pasteur\/","url":"http:\/\/elregionalvm.com.ar\/noticias-villa-maria\/cirugia-inedita-en-el-hospital-pasteur\/","name":"Cirug\u00eda in\u00e9dita en el Hospital Pasteur - El Regional","isPartOf":{"@id":"http:\/\/elregionalvm.com.ar\/noticias-villa-maria\/#website"},"primaryImageOfPage":{"@id":"http:\/\/elregionalvm.com.ar\/noticias-villa-maria\/cirugia-inedita-en-el-hospital-pasteur\/#primaryimage"},"image":{"@id":"http:\/\/elregionalvm.com.ar\/noticias-villa-maria\/cirugia-inedita-en-el-hospital-pasteur\/#primaryimage"},"thumbnailUrl":"https:\/\/i0.wp.com\/elregionalvm.com.ar\/noticias-villa-maria\/wp-content\/uploads\/2020\/08\/WhatsApp-Image-2020-08-04-at-12.46.07-PM.jpeg?fit=768%2C1024&ssl=1","datePublished":"2020-08-04T15:56:49+00:00","dateModified":"2020-08-04T18:11:45+00:00","author":{"@id":"http:\/\/elregionalvm.com.ar\/noticias-villa-maria\/#\/schema\/person\/d5e4b04966154131701e52c45d3efec9"},"description":"El Hospital Pasteur realiz\u00f3 una in\u00e9dita cirug\u00eda de alta complejidad a pacientes oftalmol\u00f3gicos. Para tratar la dacriocistitis.","breadcrumb":{"@id":"http:\/\/elregionalvm.com.ar\/noticias-villa-maria\/cirugia-inedita-en-el-hospital-pasteur\/#breadcrumb"},"inLanguage":"es","potentialAction":[{"@type":"ReadAction","target":["http:\/\/elregionalvm.com.ar\/noticias-villa-maria\/cirugia-inedita-en-el-hospital-pasteur\/"]}]},{"@type":"ImageObject","inLanguage":"es","@id":"http:\/\/elregionalvm.com.ar\/noticias-villa-maria\/cirugia-inedita-en-el-hospital-pasteur\/#primaryimage","url":"https:\/\/i0.wp.com\/elregionalvm.com.ar\/noticias-villa-maria\/wp-content\/uploads\/2020\/08\/WhatsApp-Image-2020-08-04-at-12.46.07-PM.jpeg?fit=768%2C1024&ssl=1","contentUrl":"https:\/\/i0.wp.com\/elregionalvm.com.ar\/noticias-villa-maria\/wp-content\/uploads\/2020\/08\/WhatsApp-Image-2020-08-04-at-12.46.07-PM.jpeg?fit=768%2C1024&ssl=1","width":768,"height":1024},{"@type":"BreadcrumbList","@id":"http:\/\/elregionalvm.com.ar\/noticias-villa-maria\/cirugia-inedita-en-el-hospital-pasteur\/#breadcrumb","itemListElement":[{"@type":"ListItem","position":1,"name":"Portada","item":"https:\/\/elregionalvm.com.ar\/noticias-villa-maria\/"},{"@type":"ListItem","position":2,"name":"Cirug\u00eda in\u00e9dita en el Hospital Pasteur"}]},{"@type":"WebSite","@id":"http:\/\/elregionalvm.com.ar\/noticias-villa-maria\/#website","url":"http:\/\/elregionalvm.com.ar\/noticias-villa-maria\/","name":"El Regional","description":"Mucho m\u00e1s que informaci\u00f3n","potentialAction":[{"@type":"SearchAction","target":{"@type":"EntryPoint","urlTemplate":"http:\/\/elregionalvm.com.ar\/noticias-villa-maria\/?s={search_term_string}"},"query-input":{"@type":"PropertyValueSpecification","valueRequired":true,"valueName":"search_term_string"}}],"inLanguage":"es"},{"@type":"Person","@id":"http:\/\/elregionalvm.com.ar\/noticias-villa-maria\/#\/schema\/person\/d5e4b04966154131701e52c45d3efec9","name":"Germ\u00e1n Giacchero","image":{"@type":"ImageObject","inLanguage":"es","@id":"http:\/\/elregionalvm.com.ar\/noticias-villa-maria\/#\/schema\/person\/image\/","url":"https:\/\/secure.gravatar.com\/avatar\/fda163ba5ef0307ee5be9846e10f83b6e83d0cfb260d3b2464830318894c6b04?s=96&d=mm&r=g","contentUrl":"https:\/\/secure.gravatar.com\/avatar\/fda163ba5ef0307ee5be9846e10f83b6e83d0cfb260d3b2464830318894c6b04?s=96&d=mm&r=g","caption":"Germ\u00e1n Giacchero"},"url":"https:\/\/elregionalvm.com.ar\/noticias-villa-maria\/author\/germangiacchero\/"}]}},"jetpack_featured_media_url":"https:\/\/i0.wp.com\/elregionalvm.com.ar\/noticias-villa-maria\/wp-content\/uploads\/2020\/08\/WhatsApp-Image-2020-08-04-at-12.46.07-PM.jpeg?fit=768%2C1024&ssl=1","jetpack_sharing_enabled":true,"_links":{"self":[{"href":"https:\/\/elregionalvm.com.ar\/noticias-villa-maria\/wp-json\/wp\/v2\/posts\/21417","targetHints":{"allow":["GET"]}}],"collection":[{"href":"https:\/\/elregionalvm.com.ar\/noticias-villa-maria\/wp-json\/wp\/v2\/posts"}],"about":[{"href":"https:\/\/elregionalvm.com.ar\/noticias-villa-maria\/wp-json\/wp\/v2\/types\/post"}],"author":[{"embeddable":true,"href":"https:\/\/elregionalvm.com.ar\/noticias-villa-maria\/wp-json\/wp\/v2\/users\/6"}],"replies":[{"embeddable":true,"href":"https:\/\/elregionalvm.com.ar\/noticias-villa-maria\/wp-json\/wp\/v2\/comments?post=21417"}],"version-history":[{"count":1,"href":"https:\/\/elregionalvm.com.ar\/noticias-villa-maria\/wp-json\/wp\/v2\/posts\/21417\/revisions"}],"predecessor-version":[{"id":21419,"href":"https:\/\/elregionalvm.com.ar\/noticias-villa-maria\/wp-json\/wp\/v2\/posts\/21417\/revisions\/21419"}],"wp:featuredmedia":[{"embeddable":true,"href":"https:\/\/elregionalvm.com.ar\/noticias-villa-maria\/wp-json\/wp\/v2\/media\/21418"}],"wp:attachment":[{"href":"https:\/\/elregionalvm.com.ar\/noticias-villa-maria\/wp-json\/wp\/v2\/media?parent=21417"}],"wp:term":[{"taxonomy":"category","embeddable":true,"href":"https:\/\/elregionalvm.com.ar\/noticias-villa-maria\/wp-json\/wp\/v2\/categories?post=21417"},{"taxonomy":"post_tag","embeddable":true,"href":"https:\/\/elregionalvm.com.ar\/noticias-villa-maria\/wp-json\/wp\/v2\/tags?post=21417"}],"curies":[{"name":"wp","href":"https:\/\/api.w.org\/{rel}","templated":true}]}}