{"id":21420,"date":"2020-08-04T18:06:31","date_gmt":"2020-08-04T18:06:31","guid":{"rendered":"https:\/\/elregionalvm.com.ar\/noticias-villa-maria\/?p=21420"},"modified":"2020-08-04T18:06:32","modified_gmt":"2020-08-04T18:06:32","slug":"vivencias-de-una-paramedica-en-tiempos-de-pandemia","status":"publish","type":"post","link":"https:\/\/elregionalvm.com.ar\/noticias-villa-maria\/vivencias-de-una-paramedica-en-tiempos-de-pandemia\/","title":{"rendered":"Vivencias de una param\u00e9dica en tiempos de pandemia"},"content":{"rendered":"\n<p><strong>Carolina Laborde tiene 39 a\u00f1os, es param\u00e9dica y enfermera. Trabaja en el Hospital Villa Nueva. Su familia est\u00e1 compuesta por su hija de 7 a\u00f1os, su marido y sus padres, que si bien viven en la casa de al lado, el contacto es a diario, ya que ellos cuidan a la peque\u00f1a cuando Carolina trabaja.<\/strong><\/p>\n\n\n\n<p><strong>Escribe: Carolina Durand<\/strong><\/p>\n\n\n\n<p>Ella es una de las tantas que est\u00e1n en la primera l\u00ednea para dar batalla a la pandemia de coronavirus que tantos estragos ha provocado en el mundo. Villa Nueva, junto con Villa Mar\u00eda, luego de m\u00e1s de 130 d\u00edas de aislamiento y distanciamiento, empez\u00f3 a sentir su rigor.<\/p>\n\n\n\n<p>Sus padres son de riesgo. Su mam\u00e1 tiene Epoc y su pap\u00e1 es diab\u00e9tico e hipertenso.<\/p>\n\n\n\n<p>\u201cEstudi\u00e9 enfermer\u00eda en el Ram\u00f3n Carillo y param\u00e9dica en el instituto Colbert en C\u00f3rdoba. Me gusta ayudar a la gente, me form\u00e9 para eso, sabemos que estudiamos para asistir en urgencias, para salvar vidas y cuando esta pandemia se instal\u00f3 en la Argentina, tuve muchas emociones encontradas\u201d, explic\u00f3 la param\u00e9dica.<\/p>\n\n\n\n<p><strong>\u201cPedimos que nos ayuden, cuid\u00e1ndose\u201d<\/strong><\/p>\n\n\n\n<p>\u201cNos convocaron a todo el personal de salud del Hospital, se nos prepar\u00f3 en tiempo y en forma, se aislaron a quienes ten\u00edan patolog\u00edas de base, que no pod\u00edan trabajar y exponerse\u201d, comenta.<\/p>\n\n\n\n<p>\u201cNo nos obligaron a estar en la primera l\u00ednea de trabajo, se nos pregunt\u00f3, algunos tuvieron miedo y otros decidimos afrontar el virus, y trabajar codo a codo junto a m\u00e9dicos, funcionarios. Son pol\u00edticas sanitarias totalmente nuevas para nosotros, pero entendimos que era parte de lo que deb\u00edamos hacer, ayudar a salvar vidas\u201d, remarc\u00f3.<\/p>\n\n\n\n<p>Laborde resalt\u00f3 que en un principio su familia tuvo miedo por ella, y por ellos mismos, pero entendieron que era parte de lo que implicaba su vocaci\u00f3n. \u201cMi hija con 7 a\u00f1os es s\u00faper cuidadosa, con el lavado de manos, tapabocas, entiende qu\u00e9 puede pasar si no nos cuidamos. Una forma de cuidarla, en ense\u00f1\u00e1ndole\u201d.<\/p>\n\n\n\n<p>Al momento de puntualizar qu\u00e9 es lo que m\u00e1s le da miedo de esta pandemia, la profesional asinti\u00f3: \u201cMe da miedo la gente que no entiende, que no respeta los protocolos, que no se cuida y, en consecuencia, no cuida al otro\u201d.<\/p>\n\n\n\n<p>Tambi\u00e9n destac\u00f3 que el personal sanitario atraviesa tiempos en los cuales parad\u00f3jicamente no tiene horarios. \u201cEl personal se vio reducido a ra\u00edz de quienes son de riesgo y debieron aislarse, por lo que hacemos m\u00e1s horas, guardias y parte de las siguientes\u201d.<\/p>\n\n\n\n<p>\u201cLo entendemos, es una situaci\u00f3n anormal y es nuestro deber, pero tambi\u00e9n estamos cansados, en nuestras casas nos ven poco y nada y estamos expuestos permanentemente. Es por eso que pedimos tanto a la gente que nos ayude con lo m\u00ednimo, que es cuidarse, mantener distancia, usar tapabocas, quedarse en sus casas sino es urgente que salgan\u201d, pidi\u00f3 la param\u00e9dica.<\/p>\n\n\n\n<figure class=\"wp-block-gallery columns-2 is-cropped wp-block-gallery-1 is-layout-flex wp-block-gallery-is-layout-flex\"><ul class=\"blocks-gallery-grid\"><li class=\"blocks-gallery-item\"><figure><img data-recalc-dims=\"1\" fetchpriority=\"high\" decoding=\"async\" width=\"960\" height=\"925\" src=\"https:\/\/i0.wp.com\/elregionalvm.com.ar\/noticias-villa-maria\/wp-content\/uploads\/2020\/08\/Carolina-Laborde-param%C3%A9dica.jpg?resize=960%2C925&#038;ssl=1\" alt=\"\" data-id=\"21423\" data-link=\"https:\/\/elregionalvm.com.ar\/noticias-villa-maria\/?attachment_id=21423\" class=\"wp-image-21423\" srcset=\"https:\/\/i0.wp.com\/elregionalvm.com.ar\/noticias-villa-maria\/wp-content\/uploads\/2020\/08\/Carolina-Laborde-param%C3%A9dica.jpg?w=960&amp;ssl=1 960w, https:\/\/i0.wp.com\/elregionalvm.com.ar\/noticias-villa-maria\/wp-content\/uploads\/2020\/08\/Carolina-Laborde-param%C3%A9dica.jpg?resize=300%2C289&amp;ssl=1 300w, https:\/\/i0.wp.com\/elregionalvm.com.ar\/noticias-villa-maria\/wp-content\/uploads\/2020\/08\/Carolina-Laborde-param%C3%A9dica.jpg?resize=768%2C740&amp;ssl=1 768w\" sizes=\"(max-width: 960px) 100vw, 960px\" \/><\/figure><\/li><li class=\"blocks-gallery-item\"><figure><img data-recalc-dims=\"1\" decoding=\"async\" width=\"768\" height=\"1024\" src=\"https:\/\/i0.wp.com\/elregionalvm.com.ar\/noticias-villa-maria\/wp-content\/uploads\/2020\/08\/Control-en-Hospital-Villa-Nueva.jpeg?resize=768%2C1024&#038;ssl=1\" alt=\"\" data-id=\"21424\" data-full-url=\"https:\/\/elregionalvm.com.ar\/noticias-villa-maria\/wp-content\/uploads\/2020\/08\/Control-en-Hospital-Villa-Nueva.jpeg\" data-link=\"https:\/\/elregionalvm.com.ar\/noticias-villa-maria\/?attachment_id=21424\" class=\"wp-image-21424\" srcset=\"https:\/\/i0.wp.com\/elregionalvm.com.ar\/noticias-villa-maria\/wp-content\/uploads\/2020\/08\/Control-en-Hospital-Villa-Nueva.jpeg?resize=768%2C1024&amp;ssl=1 768w, https:\/\/i0.wp.com\/elregionalvm.com.ar\/noticias-villa-maria\/wp-content\/uploads\/2020\/08\/Control-en-Hospital-Villa-Nueva.jpeg?resize=225%2C300&amp;ssl=1 225w, https:\/\/i0.wp.com\/elregionalvm.com.ar\/noticias-villa-maria\/wp-content\/uploads\/2020\/08\/Control-en-Hospital-Villa-Nueva.jpeg?w=960&amp;ssl=1 960w\" sizes=\"(max-width: 768px) 100vw, 768px\" \/><\/figure><\/li><\/ul><figcaption class=\"blocks-gallery-caption\"><em>Carolina, protegida para la ocasi\u00f3n, se desempe\u00f1a en el Hospital de Villa Nueva, donde se atiende con sistema de turnos. <\/em><\/figcaption><\/figure>\n\n\n\n<p><\/p>\n\n\n\n<p><strong>Mal momento<\/strong><\/p>\n\n\n\n<p>Carolina cont\u00f3 que hace unos meses atr\u00e1s, cuando a\u00fan no hab\u00eda casos en la localidad, se encontraba en un Pago F\u00e1cil frente a la plaza c\u00e9ntrica con su hija, con distancia de los dem\u00e1s y tapabocas, y una se\u00f1ora comenz\u00f3 a gritarle que se fuera de la fila, que por trabajar en el hospital podr\u00eda contagiar con el virus.<\/p>\n\n\n\n<p>Desde adentro del comercio al visualizar lo sucedido la hicieron pasar para que pudiera retirarse. \u201cEs incre\u00edble c\u00f3mo algunos nos estigmatizan, cuando somos los primeros que vamos a estar cuando algo les ocurra\u201d, reclam\u00f3.<\/p>\n\n\n\n<p>La profesional indic\u00f3 que el Hospital local cuenta con dos ambulancias, la \u201cactiva\u201d para emergencias \/ urgencias, domicilios y calle, y la \u201cpasiva\u201d, para s\u00edndromes febriles o sospechas de COVID-19.<\/p>\n\n\n\n<p>Actualmente el Hospital atiende con turnos, incluso en las guardias. Lo hace de acuerdo con algunos c\u00f3digos. C\u00f3digo verde, situaciones que no son de vida o muerte; c\u00f3digo rojo donde est\u00e1 en riesgo y peligro inminente la vida del paciente; y c\u00f3digo negro si hay fallecidos.<\/p>\n\n\n\n<p>El personal sanitario hace las preguntas pertinentes y activan ambulancia y param\u00e9dicos, o ambulancia y m\u00e9dico, pero atentos al tipo de llamado, para poder tomar las precauciones de asistir con protocolo y el personal adecuado seg\u00fan la urgencia. (Turnos 4910070, 107 &#8211; 4911633 urgencias)<\/p>\n\n\n\n<p><strong>Hisopados<\/strong><\/p>\n\n\n\n<p>Para evitar que la gente se exponga en el Hospital y a quienes est\u00e1n en el lugar, cuando hay indicaciones que deben hisopar a u paciente, se lo hace en su domicilio. \u201cSale la ambulancia preparada con m\u00e9dico y enfermero. Con todo el equipo apto del que va a hisopar, gafas, barbijos N\u00ba 95, se le hace un hisopado orofar\u00edngeo&nbsp;para detectar coronavirus, en el cual se le raspa en la zona de las am\u00edgdalas, de aqu\u00ed se env\u00eda muestra a Villa Mar\u00eda y sale para C\u00f3rdoba, y el paciente debe cumplir 14 d\u00edas m\u00ednimos en su domicilio aguando resultados\u201d, precis\u00f3 la enfermera.<\/p>\n\n\n\n<p>Laborde pidi\u00f3 conciencia y compromiso social. \u201cTengan conciencia, no piensen que no les va a pasar, porque todos estamos expuestos, y no por eso somos culpables. \u00a0Yo me cuido para proteger a mi familia, a mis amigos y a la gente que atiendo a diario. La enfermedad no conoce de religi\u00f3n, banderas pol\u00edticas, edad ni g\u00e9nero\u201d, concluy\u00f3.<\/p>\n\n\n\n<p><strong>Mir\u00e1 el video con el testimonio de Carolina: <\/strong><\/p>\n\n\n\n<figure class=\"wp-block-embed-youtube wp-block-embed is-type-video is-provider-youtube wp-embed-aspect-16-9 wp-has-aspect-ratio\"><div class=\"wp-block-embed__wrapper\">\n<iframe title=\"31 de julio de 2020\" width=\"500\" height=\"281\" src=\"https:\/\/www.youtube.com\/embed\/Sf7hmuRfc1k?feature=oembed\" frameborder=\"0\" allow=\"accelerometer; autoplay; clipboard-write; encrypted-media; gyroscope; picture-in-picture; web-share\" referrerpolicy=\"strict-origin-when-cross-origin\" allowfullscreen><\/iframe>\n<\/div><\/figure>\n\n\n\n<p><\/p>\n","protected":false},"excerpt":{"rendered":"<p>Carolina Laborde tiene 39 a\u00f1os, es param\u00e9dica y enfermera. Trabaja en el Hospital Villa Nueva. Su familia est\u00e1 compuesta por su hija de 7 a\u00f1os, su marido y sus padres, que si bien viven en la casa de al lado, el contacto es a diario, ya que ellos cuidan a la peque\u00f1a cuando Carolina trabaja. [&hellip;]<\/p>\n","protected":false},"author":4,"featured_media":21422,"comment_status":"open","ping_status":"open","sticky":false,"template":"","format":"standard","meta":{"site-sidebar-layout":"default","site-content-layout":"default","ast-site-content-layout":"default","site-content-style":"default","site-sidebar-style":"default","ast-global-header-display":"","ast-banner-title-visibility":"","ast-main-header-display":"","ast-hfb-above-header-display":"","ast-hfb-below-header-display":"","ast-hfb-mobile-header-display":"","site-post-title":"","ast-breadcrumbs-content":"","ast-featured-img":"","footer-sml-layout":"","ast-disable-related-posts":"","theme-transparent-header-meta":"default","adv-header-id-meta":"","stick-header-meta":"","header-above-stick-meta":"","header-main-stick-meta":"","header-below-stick-meta":"","astra-migrate-meta-layouts":"default","ast-page-background-enabled":"default","ast-page-background-meta":{"desktop":{"background-color":"","background-image":"","background-repeat":"repeat","background-position":"center center","background-size":"auto","background-attachment":"scroll","background-type":"","background-media":"","overlay-type":"","overlay-color":"","overlay-opacity":"","overlay-gradient":""},"tablet":{"background-color":"","background-image":"","background-repeat":"repeat","background-position":"center center","background-size":"auto","background-attachment":"scroll","background-type":"","background-media":"","overlay-type":"","overlay-color":"","overlay-opacity":"","overlay-gradient":""},"mobile":{"background-color":"","background-image":"","background-repeat":"repeat","background-position":"center center","background-size":"auto","background-attachment":"scroll","background-type":"","background-media":"","overlay-type":"","overlay-color":"","overlay-opacity":"","overlay-gradient":""}},"ast-content-background-meta":{"desktop":{"background-color":"var(--ast-global-color-5)","background-image":"","background-repeat":"repeat","background-position":"center center","background-size":"auto","background-attachment":"scroll","background-type":"","background-media":"","overlay-type":"","overlay-color":"","overlay-opacity":"","overlay-gradient":""},"tablet":{"background-color":"var(--ast-global-color-5)","background-image":"","background-repeat":"repeat","background-position":"center center","background-size":"auto","background-attachment":"scroll","background-type":"","background-media":"","overlay-type":"","overlay-color":"","overlay-opacity":"","overlay-gradient":""},"mobile":{"background-color":"var(--ast-global-color-5)","background-image":"","background-repeat":"repeat","background-position":"center center","background-size":"auto","background-attachment":"scroll","background-type":"","background-media":"","overlay-type":"","overlay-color":"","overlay-opacity":"","overlay-gradient":""}},"_jetpack_memberships_contains_paid_content":false,"_joinchat":[],"footnotes":""},"categories":[2256,2323,1408],"tags":[2054,3084,2366,1998,3083,2248,232,3085],"class_list":["post-21420","post","type-post","status-publish","format-standard","has-post-thumbnail","hentry","category-coronavirus","category-notas-secundarias","category-villa-nueva","tag-covid-19","tag-enfermera","tag-hospital-villa-nueva","tag-pandemia","tag-paramedica","tag-villa-maria-2","tag-villa-nueva","tag-vivencias"],"yoast_head":"<!-- This site is optimized with the Yoast SEO plugin v26.8 - https:\/\/yoast.com\/product\/yoast-seo-wordpress\/ -->\n<title>Vivencias de una param\u00e9dica en tiempos de pandemia - El Regional<\/title>\n<meta name=\"description\" content=\"Carolina Laborde tiene 39 a\u00f1os, es param\u00e9dica y enfermera. Es una de las tantas que est\u00e1n en la primera l\u00ednea para dar batalla a la pandemia.\" \/>\n<meta name=\"robots\" content=\"index, follow, max-snippet:-1, max-image-preview:large, max-video-preview:-1\" \/>\n<link rel=\"canonical\" href=\"http:\/\/elregionalvm.com.ar\/noticias-villa-maria\/vivencias-de-una-paramedica-en-tiempos-de-pandemia\/\" \/>\n<meta property=\"og:locale\" content=\"es_ES\" \/>\n<meta property=\"og:type\" content=\"article\" \/>\n<meta property=\"og:title\" content=\"Vivencias de una param\u00e9dica en tiempos de pandemia - El Regional\" \/>\n<meta property=\"og:description\" content=\"Carolina Laborde tiene 39 a\u00f1os, es param\u00e9dica y enfermera. Es una de las tantas que est\u00e1n en la primera l\u00ednea para dar batalla a la pandemia.\" \/>\n<meta property=\"og:url\" content=\"http:\/\/elregionalvm.com.ar\/noticias-villa-maria\/vivencias-de-una-paramedica-en-tiempos-de-pandemia\/\" \/>\n<meta property=\"og:site_name\" content=\"El Regional\" \/>\n<meta property=\"article:publisher\" content=\"https:\/\/www.facebook.com\/elregionalvm\" \/>\n<meta property=\"article:published_time\" content=\"2020-08-04T18:06:31+00:00\" \/>\n<meta property=\"article:modified_time\" content=\"2020-08-04T18:06:32+00:00\" \/>\n<meta property=\"og:image\" content=\"http:\/\/elregionalvm.com.ar\/noticias-villa-maria\/wp-content\/uploads\/2020\/08\/Carolina-Laborde-param\u00e9dica-2.jpg\" \/>\n\t<meta property=\"og:image:width\" content=\"960\" \/>\n\t<meta property=\"og:image:height\" content=\"974\" \/>\n\t<meta property=\"og:image:type\" content=\"image\/jpeg\" \/>\n<meta name=\"author\" content=\"Contenidos El Regional\" \/>\n<meta name=\"twitter:card\" content=\"summary_large_image\" \/>\n<meta name=\"twitter:creator\" content=\"@elregionalvm1\" \/>\n<meta name=\"twitter:site\" content=\"@elregionalvm1\" \/>\n<meta name=\"twitter:label1\" content=\"Escrito por\" \/>\n\t<meta name=\"twitter:data1\" content=\"Contenidos El Regional\" \/>\n\t<meta name=\"twitter:label2\" content=\"Tiempo de lectura\" \/>\n\t<meta name=\"twitter:data2\" content=\"5 minutos\" \/>\n<script type=\"application\/ld+json\" class=\"yoast-schema-graph\">{\"@context\":\"https:\/\/schema.org\",\"@graph\":[{\"@type\":\"Article\",\"@id\":\"http:\/\/elregionalvm.com.ar\/noticias-villa-maria\/vivencias-de-una-paramedica-en-tiempos-de-pandemia\/#article\",\"isPartOf\":{\"@id\":\"http:\/\/elregionalvm.com.ar\/noticias-villa-maria\/vivencias-de-una-paramedica-en-tiempos-de-pandemia\/\"},\"author\":{\"name\":\"Contenidos El Regional\",\"@id\":\"http:\/\/elregionalvm.com.ar\/noticias-villa-maria\/#\/schema\/person\/a0fb9c422317faca23d50163151bc354\"},\"headline\":\"Vivencias de una param\u00e9dica en tiempos de pandemia\",\"datePublished\":\"2020-08-04T18:06:31+00:00\",\"dateModified\":\"2020-08-04T18:06:32+00:00\",\"mainEntityOfPage\":{\"@id\":\"http:\/\/elregionalvm.com.ar\/noticias-villa-maria\/vivencias-de-una-paramedica-en-tiempos-de-pandemia\/\"},\"wordCount\":945,\"commentCount\":0,\"image\":{\"@id\":\"http:\/\/elregionalvm.com.ar\/noticias-villa-maria\/vivencias-de-una-paramedica-en-tiempos-de-pandemia\/#primaryimage\"},\"thumbnailUrl\":\"https:\/\/i0.wp.com\/elregionalvm.com.ar\/noticias-villa-maria\/wp-content\/uploads\/2020\/08\/Carolina-Laborde-param%C3%A9dica-2.jpg?fit=960%2C974&ssl=1\",\"keywords\":[\"Covid-19\",\"Enfermera\",\"Hospital Villa Nueva\",\"pandemia\",\"Param\u00e9dica\",\"Villa Mar\u00eda\",\"VILLA NUEVA\",\"vivencias\"],\"articleSection\":[\"Coronavirus\",\"Notas\",\"Villa Nueva\"],\"inLanguage\":\"es\",\"potentialAction\":[{\"@type\":\"CommentAction\",\"name\":\"Comment\",\"target\":[\"http:\/\/elregionalvm.com.ar\/noticias-villa-maria\/vivencias-de-una-paramedica-en-tiempos-de-pandemia\/#respond\"]}]},{\"@type\":\"WebPage\",\"@id\":\"http:\/\/elregionalvm.com.ar\/noticias-villa-maria\/vivencias-de-una-paramedica-en-tiempos-de-pandemia\/\",\"url\":\"http:\/\/elregionalvm.com.ar\/noticias-villa-maria\/vivencias-de-una-paramedica-en-tiempos-de-pandemia\/\",\"name\":\"Vivencias de una param\u00e9dica en tiempos de pandemia - El Regional\",\"isPartOf\":{\"@id\":\"http:\/\/elregionalvm.com.ar\/noticias-villa-maria\/#website\"},\"primaryImageOfPage\":{\"@id\":\"http:\/\/elregionalvm.com.ar\/noticias-villa-maria\/vivencias-de-una-paramedica-en-tiempos-de-pandemia\/#primaryimage\"},\"image\":{\"@id\":\"http:\/\/elregionalvm.com.ar\/noticias-villa-maria\/vivencias-de-una-paramedica-en-tiempos-de-pandemia\/#primaryimage\"},\"thumbnailUrl\":\"https:\/\/i0.wp.com\/elregionalvm.com.ar\/noticias-villa-maria\/wp-content\/uploads\/2020\/08\/Carolina-Laborde-param%C3%A9dica-2.jpg?fit=960%2C974&ssl=1\",\"datePublished\":\"2020-08-04T18:06:31+00:00\",\"dateModified\":\"2020-08-04T18:06:32+00:00\",\"author\":{\"@id\":\"http:\/\/elregionalvm.com.ar\/noticias-villa-maria\/#\/schema\/person\/a0fb9c422317faca23d50163151bc354\"},\"description\":\"Carolina Laborde tiene 39 a\u00f1os, es param\u00e9dica y enfermera. Es una de las tantas que est\u00e1n en la primera l\u00ednea para dar batalla a la pandemia.\",\"breadcrumb\":{\"@id\":\"http:\/\/elregionalvm.com.ar\/noticias-villa-maria\/vivencias-de-una-paramedica-en-tiempos-de-pandemia\/#breadcrumb\"},\"inLanguage\":\"es\",\"potentialAction\":[{\"@type\":\"ReadAction\",\"target\":[\"http:\/\/elregionalvm.com.ar\/noticias-villa-maria\/vivencias-de-una-paramedica-en-tiempos-de-pandemia\/\"]}]},{\"@type\":\"ImageObject\",\"inLanguage\":\"es\",\"@id\":\"http:\/\/elregionalvm.com.ar\/noticias-villa-maria\/vivencias-de-una-paramedica-en-tiempos-de-pandemia\/#primaryimage\",\"url\":\"https:\/\/i0.wp.com\/elregionalvm.com.ar\/noticias-villa-maria\/wp-content\/uploads\/2020\/08\/Carolina-Laborde-param%C3%A9dica-2.jpg?fit=960%2C974&ssl=1\",\"contentUrl\":\"https:\/\/i0.wp.com\/elregionalvm.com.ar\/noticias-villa-maria\/wp-content\/uploads\/2020\/08\/Carolina-Laborde-param%C3%A9dica-2.jpg?fit=960%2C974&ssl=1\",\"width\":960,\"height\":974},{\"@type\":\"BreadcrumbList\",\"@id\":\"http:\/\/elregionalvm.com.ar\/noticias-villa-maria\/vivencias-de-una-paramedica-en-tiempos-de-pandemia\/#breadcrumb\",\"itemListElement\":[{\"@type\":\"ListItem\",\"position\":1,\"name\":\"Portada\",\"item\":\"https:\/\/elregionalvm.com.ar\/noticias-villa-maria\/\"},{\"@type\":\"ListItem\",\"position\":2,\"name\":\"Vivencias de una param\u00e9dica en tiempos de pandemia\"}]},{\"@type\":\"WebSite\",\"@id\":\"http:\/\/elregionalvm.com.ar\/noticias-villa-maria\/#website\",\"url\":\"http:\/\/elregionalvm.com.ar\/noticias-villa-maria\/\",\"name\":\"El Regional\",\"description\":\"Mucho m\u00e1s que informaci\u00f3n\",\"potentialAction\":[{\"@type\":\"SearchAction\",\"target\":{\"@type\":\"EntryPoint\",\"urlTemplate\":\"http:\/\/elregionalvm.com.ar\/noticias-villa-maria\/?s={search_term_string}\"},\"query-input\":{\"@type\":\"PropertyValueSpecification\",\"valueRequired\":true,\"valueName\":\"search_term_string\"}}],\"inLanguage\":\"es\"},{\"@type\":\"Person\",\"@id\":\"http:\/\/elregionalvm.com.ar\/noticias-villa-maria\/#\/schema\/person\/a0fb9c422317faca23d50163151bc354\",\"name\":\"Contenidos El Regional\",\"image\":{\"@type\":\"ImageObject\",\"inLanguage\":\"es\",\"@id\":\"http:\/\/elregionalvm.com.ar\/noticias-villa-maria\/#\/schema\/person\/image\/\",\"url\":\"https:\/\/secure.gravatar.com\/avatar\/265b27cb2209af7bb3a1318f03305787d7981a5cc6e6cd08fe5a4ecdf99d4b48?s=96&d=mm&r=g\",\"contentUrl\":\"https:\/\/secure.gravatar.com\/avatar\/265b27cb2209af7bb3a1318f03305787d7981a5cc6e6cd08fe5a4ecdf99d4b48?s=96&d=mm&r=g\",\"caption\":\"Contenidos El Regional\"},\"url\":\"https:\/\/elregionalvm.com.ar\/noticias-villa-maria\/author\/contenido\/\"}]}<\/script>\n<!-- \/ Yoast SEO plugin. -->","yoast_head_json":{"title":"Vivencias de una param\u00e9dica en tiempos de pandemia - El Regional","description":"Carolina Laborde tiene 39 a\u00f1os, es param\u00e9dica y enfermera. Es una de las tantas que est\u00e1n en la primera l\u00ednea para dar batalla a la pandemia.","robots":{"index":"index","follow":"follow","max-snippet":"max-snippet:-1","max-image-preview":"max-image-preview:large","max-video-preview":"max-video-preview:-1"},"canonical":"http:\/\/elregionalvm.com.ar\/noticias-villa-maria\/vivencias-de-una-paramedica-en-tiempos-de-pandemia\/","og_locale":"es_ES","og_type":"article","og_title":"Vivencias de una param\u00e9dica en tiempos de pandemia - El Regional","og_description":"Carolina Laborde tiene 39 a\u00f1os, es param\u00e9dica y enfermera. Es una de las tantas que est\u00e1n en la primera l\u00ednea para dar batalla a la pandemia.","og_url":"http:\/\/elregionalvm.com.ar\/noticias-villa-maria\/vivencias-de-una-paramedica-en-tiempos-de-pandemia\/","og_site_name":"El Regional","article_publisher":"https:\/\/www.facebook.com\/elregionalvm","article_published_time":"2020-08-04T18:06:31+00:00","article_modified_time":"2020-08-04T18:06:32+00:00","og_image":[{"width":960,"height":974,"url":"http:\/\/elregionalvm.com.ar\/noticias-villa-maria\/wp-content\/uploads\/2020\/08\/Carolina-Laborde-param\u00e9dica-2.jpg","type":"image\/jpeg"}],"author":"Contenidos El Regional","twitter_card":"summary_large_image","twitter_creator":"@elregionalvm1","twitter_site":"@elregionalvm1","twitter_misc":{"Escrito por":"Contenidos El Regional","Tiempo de lectura":"5 minutos"},"schema":{"@context":"https:\/\/schema.org","@graph":[{"@type":"Article","@id":"http:\/\/elregionalvm.com.ar\/noticias-villa-maria\/vivencias-de-una-paramedica-en-tiempos-de-pandemia\/#article","isPartOf":{"@id":"http:\/\/elregionalvm.com.ar\/noticias-villa-maria\/vivencias-de-una-paramedica-en-tiempos-de-pandemia\/"},"author":{"name":"Contenidos El Regional","@id":"http:\/\/elregionalvm.com.ar\/noticias-villa-maria\/#\/schema\/person\/a0fb9c422317faca23d50163151bc354"},"headline":"Vivencias de una param\u00e9dica en tiempos de pandemia","datePublished":"2020-08-04T18:06:31+00:00","dateModified":"2020-08-04T18:06:32+00:00","mainEntityOfPage":{"@id":"http:\/\/elregionalvm.com.ar\/noticias-villa-maria\/vivencias-de-una-paramedica-en-tiempos-de-pandemia\/"},"wordCount":945,"commentCount":0,"image":{"@id":"http:\/\/elregionalvm.com.ar\/noticias-villa-maria\/vivencias-de-una-paramedica-en-tiempos-de-pandemia\/#primaryimage"},"thumbnailUrl":"https:\/\/i0.wp.com\/elregionalvm.com.ar\/noticias-villa-maria\/wp-content\/uploads\/2020\/08\/Carolina-Laborde-param%C3%A9dica-2.jpg?fit=960%2C974&ssl=1","keywords":["Covid-19","Enfermera","Hospital Villa Nueva","pandemia","Param\u00e9dica","Villa Mar\u00eda","VILLA NUEVA","vivencias"],"articleSection":["Coronavirus","Notas","Villa Nueva"],"inLanguage":"es","potentialAction":[{"@type":"CommentAction","name":"Comment","target":["http:\/\/elregionalvm.com.ar\/noticias-villa-maria\/vivencias-de-una-paramedica-en-tiempos-de-pandemia\/#respond"]}]},{"@type":"WebPage","@id":"http:\/\/elregionalvm.com.ar\/noticias-villa-maria\/vivencias-de-una-paramedica-en-tiempos-de-pandemia\/","url":"http:\/\/elregionalvm.com.ar\/noticias-villa-maria\/vivencias-de-una-paramedica-en-tiempos-de-pandemia\/","name":"Vivencias de una param\u00e9dica en tiempos de pandemia - El Regional","isPartOf":{"@id":"http:\/\/elregionalvm.com.ar\/noticias-villa-maria\/#website"},"primaryImageOfPage":{"@id":"http:\/\/elregionalvm.com.ar\/noticias-villa-maria\/vivencias-de-una-paramedica-en-tiempos-de-pandemia\/#primaryimage"},"image":{"@id":"http:\/\/elregionalvm.com.ar\/noticias-villa-maria\/vivencias-de-una-paramedica-en-tiempos-de-pandemia\/#primaryimage"},"thumbnailUrl":"https:\/\/i0.wp.com\/elregionalvm.com.ar\/noticias-villa-maria\/wp-content\/uploads\/2020\/08\/Carolina-Laborde-param%C3%A9dica-2.jpg?fit=960%2C974&ssl=1","datePublished":"2020-08-04T18:06:31+00:00","dateModified":"2020-08-04T18:06:32+00:00","author":{"@id":"http:\/\/elregionalvm.com.ar\/noticias-villa-maria\/#\/schema\/person\/a0fb9c422317faca23d50163151bc354"},"description":"Carolina Laborde tiene 39 a\u00f1os, es param\u00e9dica y enfermera. Es una de las tantas que est\u00e1n en la primera l\u00ednea para dar batalla a la pandemia.","breadcrumb":{"@id":"http:\/\/elregionalvm.com.ar\/noticias-villa-maria\/vivencias-de-una-paramedica-en-tiempos-de-pandemia\/#breadcrumb"},"inLanguage":"es","potentialAction":[{"@type":"ReadAction","target":["http:\/\/elregionalvm.com.ar\/noticias-villa-maria\/vivencias-de-una-paramedica-en-tiempos-de-pandemia\/"]}]},{"@type":"ImageObject","inLanguage":"es","@id":"http:\/\/elregionalvm.com.ar\/noticias-villa-maria\/vivencias-de-una-paramedica-en-tiempos-de-pandemia\/#primaryimage","url":"https:\/\/i0.wp.com\/elregionalvm.com.ar\/noticias-villa-maria\/wp-content\/uploads\/2020\/08\/Carolina-Laborde-param%C3%A9dica-2.jpg?fit=960%2C974&ssl=1","contentUrl":"https:\/\/i0.wp.com\/elregionalvm.com.ar\/noticias-villa-maria\/wp-content\/uploads\/2020\/08\/Carolina-Laborde-param%C3%A9dica-2.jpg?fit=960%2C974&ssl=1","width":960,"height":974},{"@type":"BreadcrumbList","@id":"http:\/\/elregionalvm.com.ar\/noticias-villa-maria\/vivencias-de-una-paramedica-en-tiempos-de-pandemia\/#breadcrumb","itemListElement":[{"@type":"ListItem","position":1,"name":"Portada","item":"https:\/\/elregionalvm.com.ar\/noticias-villa-maria\/"},{"@type":"ListItem","position":2,"name":"Vivencias de una param\u00e9dica en tiempos de pandemia"}]},{"@type":"WebSite","@id":"http:\/\/elregionalvm.com.ar\/noticias-villa-maria\/#website","url":"http:\/\/elregionalvm.com.ar\/noticias-villa-maria\/","name":"El Regional","description":"Mucho m\u00e1s que informaci\u00f3n","potentialAction":[{"@type":"SearchAction","target":{"@type":"EntryPoint","urlTemplate":"http:\/\/elregionalvm.com.ar\/noticias-villa-maria\/?s={search_term_string}"},"query-input":{"@type":"PropertyValueSpecification","valueRequired":true,"valueName":"search_term_string"}}],"inLanguage":"es"},{"@type":"Person","@id":"http:\/\/elregionalvm.com.ar\/noticias-villa-maria\/#\/schema\/person\/a0fb9c422317faca23d50163151bc354","name":"Contenidos El Regional","image":{"@type":"ImageObject","inLanguage":"es","@id":"http:\/\/elregionalvm.com.ar\/noticias-villa-maria\/#\/schema\/person\/image\/","url":"https:\/\/secure.gravatar.com\/avatar\/265b27cb2209af7bb3a1318f03305787d7981a5cc6e6cd08fe5a4ecdf99d4b48?s=96&d=mm&r=g","contentUrl":"https:\/\/secure.gravatar.com\/avatar\/265b27cb2209af7bb3a1318f03305787d7981a5cc6e6cd08fe5a4ecdf99d4b48?s=96&d=mm&r=g","caption":"Contenidos El Regional"},"url":"https:\/\/elregionalvm.com.ar\/noticias-villa-maria\/author\/contenido\/"}]}},"jetpack_featured_media_url":"https:\/\/i0.wp.com\/elregionalvm.com.ar\/noticias-villa-maria\/wp-content\/uploads\/2020\/08\/Carolina-Laborde-param%C3%A9dica-2.jpg?fit=960%2C974&ssl=1","jetpack_sharing_enabled":true,"_links":{"self":[{"href":"https:\/\/elregionalvm.com.ar\/noticias-villa-maria\/wp-json\/wp\/v2\/posts\/21420","targetHints":{"allow":["GET"]}}],"collection":[{"href":"https:\/\/elregionalvm.com.ar\/noticias-villa-maria\/wp-json\/wp\/v2\/posts"}],"about":[{"href":"https:\/\/elregionalvm.com.ar\/noticias-villa-maria\/wp-json\/wp\/v2\/types\/post"}],"author":[{"embeddable":true,"href":"https:\/\/elregionalvm.com.ar\/noticias-villa-maria\/wp-json\/wp\/v2\/users\/4"}],"replies":[{"embeddable":true,"href":"https:\/\/elregionalvm.com.ar\/noticias-villa-maria\/wp-json\/wp\/v2\/comments?post=21420"}],"version-history":[{"count":3,"href":"https:\/\/elregionalvm.com.ar\/noticias-villa-maria\/wp-json\/wp\/v2\/posts\/21420\/revisions"}],"predecessor-version":[{"id":21427,"href":"https:\/\/elregionalvm.com.ar\/noticias-villa-maria\/wp-json\/wp\/v2\/posts\/21420\/revisions\/21427"}],"wp:featuredmedia":[{"embeddable":true,"href":"https:\/\/elregionalvm.com.ar\/noticias-villa-maria\/wp-json\/wp\/v2\/media\/21422"}],"wp:attachment":[{"href":"https:\/\/elregionalvm.com.ar\/noticias-villa-maria\/wp-json\/wp\/v2\/media?parent=21420"}],"wp:term":[{"taxonomy":"category","embeddable":true,"href":"https:\/\/elregionalvm.com.ar\/noticias-villa-maria\/wp-json\/wp\/v2\/categories?post=21420"},{"taxonomy":"post_tag","embeddable":true,"href":"https:\/\/elregionalvm.com.ar\/noticias-villa-maria\/wp-json\/wp\/v2\/tags?post=21420"}],"curies":[{"name":"wp","href":"https:\/\/api.w.org\/{rel}","templated":true}]}}