{"id":21431,"date":"2020-08-04T20:02:53","date_gmt":"2020-08-04T20:02:53","guid":{"rendered":"https:\/\/elregionalvm.com.ar\/noticias-villa-maria\/?p=21431"},"modified":"2020-08-04T21:39:48","modified_gmt":"2020-08-04T21:39:48","slug":"suoem-aceptaron-el-20-de-aumento-escalonado","status":"publish","type":"post","link":"https:\/\/elregionalvm.com.ar\/noticias-villa-maria\/suoem-aceptaron-el-20-de-aumento-escalonado\/","title":{"rendered":"SUOEM: aceptaron el 20% de aumento escalonado"},"content":{"rendered":"\n<p>Este martes, el SUOEM inform\u00f3 que luego de una reuni\u00f3n de la Comisi\u00f3n Directiva y delegados en la que estuvieron presentes el secretario general de ese sindicato, Sergio Rodriguez, acompa\u00f1ado por el secretario adjunto Juan V\u00e1zquez y miembro de la comisi\u00f3n Jos\u00e9 Ferreyra,  con el cuerpo de delegados municipales de Villa Mar\u00eda, trataron las paritarias con respecto al aumento de sueldos.<\/p>\n\n\n\n<p>Esa reuni\u00f3n fue propicia merced a la autorizaci\u00f3n del COE, ya que es de suma importancia para los trabajadores municipales y se concret\u00f3 tomando todas las medidas establecidas. Fue as\u00ed que la Comisi\u00f3n Directiva y delegados, aceptaron la propuesta del Departamento Ejecutivo Municipal que consiste en el aumento del 20% de manera escalonada, comenzando con el cobro del 4% en el mes de Agosto, luego Septiembre, Octubre, Noviembre y Diciembre. Las paritarias quedar\u00e1n abiertas para ver como avanza el \u00edndice de precios al consumidor (IPC).<\/p>\n\n\n\n<p>Por otro lado, en el Acta de Acuerdo se firmar\u00e1 que a partir del mes de Julio, se descongelar\u00e1n 3 a\u00f1os m\u00e1s de antig\u00fcedad (ser\u00e1 de los 10 a los 13 a\u00f1os), y en el mes de Enero 2 a\u00f1os m\u00e1s. De esa manera, se lograr\u00e1 que m\u00e1s empleados municipales tengan el mismo beneficio y para aquellos que ingresaron en Planta Permanente en el 2007.<\/p>\n\n\n\n<p>A partir del 20 de Septiembre, comenzar\u00e1n los concursos para el ingreso de 80 compa\u00f1eros a Planta Permanente en distintas secciones de la Municipalidad de Villa Mar\u00eda.<\/p>\n","protected":false},"excerpt":{"rendered":"<p>Este martes, el SUOEM inform\u00f3 que luego de una reuni\u00f3n de la Comisi\u00f3n Directiva y delegados en la que estuvieron presentes el secretario general de ese sindicato, Sergio Rodriguez, acompa\u00f1ado por el secretario adjunto Juan V\u00e1zquez y miembro de la comisi\u00f3n Jos\u00e9 Ferreyra, con el cuerpo de delegados municipales de Villa Mar\u00eda, trataron las paritarias [&hellip;]<\/p>\n","protected":false},"author":4,"featured_media":21432,"comment_status":"open","ping_status":"open","sticky":false,"template":"","format":"standard","meta":{"site-sidebar-layout":"default","site-content-layout":"default","ast-site-content-layout":"default","site-content-style":"default","site-sidebar-style":"default","ast-global-header-display":"","ast-banner-title-visibility":"","ast-main-header-display":"","ast-hfb-above-header-display":"","ast-hfb-below-header-display":"","ast-hfb-mobile-header-display":"","site-post-title":"","ast-breadcrumbs-content":"","ast-featured-img":"","footer-sml-layout":"","ast-disable-related-posts":"","theme-transparent-header-meta":"default","adv-header-id-meta":"","stick-header-meta":"","header-above-stick-meta":"","header-main-stick-meta":"","header-below-stick-meta":"","astra-migrate-meta-layouts":"default","ast-page-background-enabled":"default","ast-page-background-meta":{"desktop":{"background-color":"","background-image":"","background-repeat":"repeat","background-position":"center center","background-size":"auto","background-attachment":"scroll","background-type":"","background-media":"","overlay-type":"","overlay-color":"","overlay-opacity":"","overlay-gradient":""},"tablet":{"background-color":"","background-image":"","background-repeat":"repeat","background-position":"center center","background-size":"auto","background-attachment":"scroll","background-type":"","background-media":"","overlay-type":"","overlay-color":"","overlay-opacity":"","overlay-gradient":""},"mobile":{"background-color":"","background-image":"","background-repeat":"repeat","background-position":"center center","background-size":"auto","background-attachment":"scroll","background-type":"","background-media":"","overlay-type":"","overlay-color":"","overlay-opacity":"","overlay-gradient":""}},"ast-content-background-meta":{"desktop":{"background-color":"var(--ast-global-color-5)","background-image":"","background-repeat":"repeat","background-position":"center center","background-size":"auto","background-attachment":"scroll","background-type":"","background-media":"","overlay-type":"","overlay-color":"","overlay-opacity":"","overlay-gradient":""},"tablet":{"background-color":"var(--ast-global-color-5)","background-image":"","background-repeat":"repeat","background-position":"center center","background-size":"auto","background-attachment":"scroll","background-type":"","background-media":"","overlay-type":"","overlay-color":"","overlay-opacity":"","overlay-gradient":""},"mobile":{"background-color":"var(--ast-global-color-5)","background-image":"","background-repeat":"repeat","background-position":"center center","background-size":"auto","background-attachment":"scroll","background-type":"","background-media":"","overlay-type":"","overlay-color":"","overlay-opacity":"","overlay-gradient":""}},"_jetpack_memberships_contains_paid_content":false,"_joinchat":[],"footnotes":""},"categories":[2],"tags":[3087,2545,3090,3088,3089,1232,3091,3092,2364,3086],"class_list":["post-21431","post","type-post","status-publish","format-standard","has-post-thumbnail","hentry","category-villa-maria","tag-3087","tag-aumento","tag-aumento-escalonado","tag-comision-directiva","tag-delegados","tag-destacado","tag-empleados-municipales","tag-paritaria","tag-reunion","tag-suoem"],"yoast_head":"<!-- This site is optimized with the Yoast SEO plugin v26.8 - https:\/\/yoast.com\/product\/yoast-seo-wordpress\/ -->\n<title>SUOEM: aceptaron el 20% de aumento escalonado - El Regional<\/title>\n<meta name=\"robots\" content=\"index, follow, max-snippet:-1, max-image-preview:large, max-video-preview:-1\" \/>\n<link rel=\"canonical\" href=\"http:\/\/elregionalvm.com.ar\/noticias-villa-maria\/suoem-aceptaron-el-20-de-aumento-escalonado\/\" \/>\n<meta property=\"og:locale\" content=\"es_ES\" \/>\n<meta property=\"og:type\" content=\"article\" \/>\n<meta property=\"og:title\" content=\"SUOEM: aceptaron el 20% de aumento escalonado - El Regional\" \/>\n<meta property=\"og:description\" content=\"Este martes, el SUOEM inform\u00f3 que luego de una reuni\u00f3n de la Comisi\u00f3n Directiva y delegados en la que estuvieron presentes el secretario general de ese sindicato, Sergio Rodriguez, acompa\u00f1ado por el secretario adjunto Juan V\u00e1zquez y miembro de la comisi\u00f3n Jos\u00e9 Ferreyra, con el cuerpo de delegados municipales de Villa Mar\u00eda, trataron las paritarias [&hellip;]\" \/>\n<meta property=\"og:url\" content=\"http:\/\/elregionalvm.com.ar\/noticias-villa-maria\/suoem-aceptaron-el-20-de-aumento-escalonado\/\" \/>\n<meta property=\"og:site_name\" content=\"El Regional\" \/>\n<meta property=\"article:publisher\" content=\"https:\/\/www.facebook.com\/elregionalvm\" \/>\n<meta property=\"article:published_time\" content=\"2020-08-04T20:02:53+00:00\" \/>\n<meta property=\"article:modified_time\" content=\"2020-08-04T21:39:48+00:00\" \/>\n<meta property=\"og:image\" content=\"http:\/\/elregionalvm.com.ar\/noticias-villa-maria\/wp-content\/uploads\/2020\/08\/WhatsApp-Image-2020-08-04-at-10.08.09.jpeg\" \/>\n\t<meta property=\"og:image:width\" content=\"1280\" \/>\n\t<meta property=\"og:image:height\" content=\"720\" \/>\n\t<meta property=\"og:image:type\" content=\"image\/jpeg\" \/>\n<meta name=\"author\" content=\"Contenidos El Regional\" \/>\n<meta name=\"twitter:card\" content=\"summary_large_image\" \/>\n<meta name=\"twitter:creator\" content=\"@elregionalvm1\" \/>\n<meta name=\"twitter:site\" content=\"@elregionalvm1\" \/>\n<meta name=\"twitter:label1\" content=\"Escrito por\" \/>\n\t<meta name=\"twitter:data1\" content=\"Contenidos El Regional\" \/>\n\t<meta name=\"twitter:label2\" content=\"Tiempo de lectura\" \/>\n\t<meta name=\"twitter:data2\" content=\"1 minuto\" \/>\n<script type=\"application\/ld+json\" class=\"yoast-schema-graph\">{\"@context\":\"https:\/\/schema.org\",\"@graph\":[{\"@type\":\"Article\",\"@id\":\"http:\/\/elregionalvm.com.ar\/noticias-villa-maria\/suoem-aceptaron-el-20-de-aumento-escalonado\/#article\",\"isPartOf\":{\"@id\":\"http:\/\/elregionalvm.com.ar\/noticias-villa-maria\/suoem-aceptaron-el-20-de-aumento-escalonado\/\"},\"author\":{\"name\":\"Contenidos El Regional\",\"@id\":\"http:\/\/elregionalvm.com.ar\/noticias-villa-maria\/#\/schema\/person\/a0fb9c422317faca23d50163151bc354\"},\"headline\":\"SUOEM: aceptaron el 20% de aumento escalonado\",\"datePublished\":\"2020-08-04T20:02:53+00:00\",\"dateModified\":\"2020-08-04T21:39:48+00:00\",\"mainEntityOfPage\":{\"@id\":\"http:\/\/elregionalvm.com.ar\/noticias-villa-maria\/suoem-aceptaron-el-20-de-aumento-escalonado\/\"},\"wordCount\":256,\"commentCount\":0,\"image\":{\"@id\":\"http:\/\/elregionalvm.com.ar\/noticias-villa-maria\/suoem-aceptaron-el-20-de-aumento-escalonado\/#primaryimage\"},\"thumbnailUrl\":\"https:\/\/i0.wp.com\/elregionalvm.com.ar\/noticias-villa-maria\/wp-content\/uploads\/2020\/08\/WhatsApp-Image-2020-08-04-at-10.08.09.jpeg?fit=1280%2C720&ssl=1\",\"keywords\":[\"20%\",\"aumento\",\"aumento escalonado\",\"Comisi\u00f3n Directiva\",\"delegados\",\"destacado\",\"empleados municipales\",\"paritaria\",\"reuni\u00f3n\",\"SUOEM\"],\"articleSection\":[\"Villa Mar\u00eda\"],\"inLanguage\":\"es\",\"potentialAction\":[{\"@type\":\"CommentAction\",\"name\":\"Comment\",\"target\":[\"http:\/\/elregionalvm.com.ar\/noticias-villa-maria\/suoem-aceptaron-el-20-de-aumento-escalonado\/#respond\"]}]},{\"@type\":\"WebPage\",\"@id\":\"http:\/\/elregionalvm.com.ar\/noticias-villa-maria\/suoem-aceptaron-el-20-de-aumento-escalonado\/\",\"url\":\"http:\/\/elregionalvm.com.ar\/noticias-villa-maria\/suoem-aceptaron-el-20-de-aumento-escalonado\/\",\"name\":\"SUOEM: aceptaron el 20% de aumento escalonado - El Regional\",\"isPartOf\":{\"@id\":\"http:\/\/elregionalvm.com.ar\/noticias-villa-maria\/#website\"},\"primaryImageOfPage\":{\"@id\":\"http:\/\/elregionalvm.com.ar\/noticias-villa-maria\/suoem-aceptaron-el-20-de-aumento-escalonado\/#primaryimage\"},\"image\":{\"@id\":\"http:\/\/elregionalvm.com.ar\/noticias-villa-maria\/suoem-aceptaron-el-20-de-aumento-escalonado\/#primaryimage\"},\"thumbnailUrl\":\"https:\/\/i0.wp.com\/elregionalvm.com.ar\/noticias-villa-maria\/wp-content\/uploads\/2020\/08\/WhatsApp-Image-2020-08-04-at-10.08.09.jpeg?fit=1280%2C720&ssl=1\",\"datePublished\":\"2020-08-04T20:02:53+00:00\",\"dateModified\":\"2020-08-04T21:39:48+00:00\",\"author\":{\"@id\":\"http:\/\/elregionalvm.com.ar\/noticias-villa-maria\/#\/schema\/person\/a0fb9c422317faca23d50163151bc354\"},\"breadcrumb\":{\"@id\":\"http:\/\/elregionalvm.com.ar\/noticias-villa-maria\/suoem-aceptaron-el-20-de-aumento-escalonado\/#breadcrumb\"},\"inLanguage\":\"es\",\"potentialAction\":[{\"@type\":\"ReadAction\",\"target\":[\"http:\/\/elregionalvm.com.ar\/noticias-villa-maria\/suoem-aceptaron-el-20-de-aumento-escalonado\/\"]}]},{\"@type\":\"ImageObject\",\"inLanguage\":\"es\",\"@id\":\"http:\/\/elregionalvm.com.ar\/noticias-villa-maria\/suoem-aceptaron-el-20-de-aumento-escalonado\/#primaryimage\",\"url\":\"https:\/\/i0.wp.com\/elregionalvm.com.ar\/noticias-villa-maria\/wp-content\/uploads\/2020\/08\/WhatsApp-Image-2020-08-04-at-10.08.09.jpeg?fit=1280%2C720&ssl=1\",\"contentUrl\":\"https:\/\/i0.wp.com\/elregionalvm.com.ar\/noticias-villa-maria\/wp-content\/uploads\/2020\/08\/WhatsApp-Image-2020-08-04-at-10.08.09.jpeg?fit=1280%2C720&ssl=1\",\"width\":1280,\"height\":720},{\"@type\":\"BreadcrumbList\",\"@id\":\"http:\/\/elregionalvm.com.ar\/noticias-villa-maria\/suoem-aceptaron-el-20-de-aumento-escalonado\/#breadcrumb\",\"itemListElement\":[{\"@type\":\"ListItem\",\"position\":1,\"name\":\"Portada\",\"item\":\"https:\/\/elregionalvm.com.ar\/noticias-villa-maria\/\"},{\"@type\":\"ListItem\",\"position\":2,\"name\":\"SUOEM: aceptaron el 20% de aumento escalonado\"}]},{\"@type\":\"WebSite\",\"@id\":\"http:\/\/elregionalvm.com.ar\/noticias-villa-maria\/#website\",\"url\":\"http:\/\/elregionalvm.com.ar\/noticias-villa-maria\/\",\"name\":\"El Regional\",\"description\":\"Mucho m\u00e1s que informaci\u00f3n\",\"potentialAction\":[{\"@type\":\"SearchAction\",\"target\":{\"@type\":\"EntryPoint\",\"urlTemplate\":\"http:\/\/elregionalvm.com.ar\/noticias-villa-maria\/?s={search_term_string}\"},\"query-input\":{\"@type\":\"PropertyValueSpecification\",\"valueRequired\":true,\"valueName\":\"search_term_string\"}}],\"inLanguage\":\"es\"},{\"@type\":\"Person\",\"@id\":\"http:\/\/elregionalvm.com.ar\/noticias-villa-maria\/#\/schema\/person\/a0fb9c422317faca23d50163151bc354\",\"name\":\"Contenidos El Regional\",\"image\":{\"@type\":\"ImageObject\",\"inLanguage\":\"es\",\"@id\":\"http:\/\/elregionalvm.com.ar\/noticias-villa-maria\/#\/schema\/person\/image\/\",\"url\":\"https:\/\/secure.gravatar.com\/avatar\/265b27cb2209af7bb3a1318f03305787d7981a5cc6e6cd08fe5a4ecdf99d4b48?s=96&d=mm&r=g\",\"contentUrl\":\"https:\/\/secure.gravatar.com\/avatar\/265b27cb2209af7bb3a1318f03305787d7981a5cc6e6cd08fe5a4ecdf99d4b48?s=96&d=mm&r=g\",\"caption\":\"Contenidos El Regional\"},\"url\":\"https:\/\/elregionalvm.com.ar\/noticias-villa-maria\/author\/contenido\/\"}]}<\/script>\n<!-- \/ Yoast SEO plugin. -->","yoast_head_json":{"title":"SUOEM: aceptaron el 20% de aumento escalonado - El Regional","robots":{"index":"index","follow":"follow","max-snippet":"max-snippet:-1","max-image-preview":"max-image-preview:large","max-video-preview":"max-video-preview:-1"},"canonical":"http:\/\/elregionalvm.com.ar\/noticias-villa-maria\/suoem-aceptaron-el-20-de-aumento-escalonado\/","og_locale":"es_ES","og_type":"article","og_title":"SUOEM: aceptaron el 20% de aumento escalonado - El Regional","og_description":"Este martes, el SUOEM inform\u00f3 que luego de una reuni\u00f3n de la Comisi\u00f3n Directiva y delegados en la que estuvieron presentes el secretario general de ese sindicato, Sergio Rodriguez, acompa\u00f1ado por el secretario adjunto Juan V\u00e1zquez y miembro de la comisi\u00f3n Jos\u00e9 Ferreyra, con el cuerpo de delegados municipales de Villa Mar\u00eda, trataron las paritarias [&hellip;]","og_url":"http:\/\/elregionalvm.com.ar\/noticias-villa-maria\/suoem-aceptaron-el-20-de-aumento-escalonado\/","og_site_name":"El Regional","article_publisher":"https:\/\/www.facebook.com\/elregionalvm","article_published_time":"2020-08-04T20:02:53+00:00","article_modified_time":"2020-08-04T21:39:48+00:00","og_image":[{"width":1280,"height":720,"url":"http:\/\/elregionalvm.com.ar\/noticias-villa-maria\/wp-content\/uploads\/2020\/08\/WhatsApp-Image-2020-08-04-at-10.08.09.jpeg","type":"image\/jpeg"}],"author":"Contenidos El Regional","twitter_card":"summary_large_image","twitter_creator":"@elregionalvm1","twitter_site":"@elregionalvm1","twitter_misc":{"Escrito por":"Contenidos El Regional","Tiempo de lectura":"1 minuto"},"schema":{"@context":"https:\/\/schema.org","@graph":[{"@type":"Article","@id":"http:\/\/elregionalvm.com.ar\/noticias-villa-maria\/suoem-aceptaron-el-20-de-aumento-escalonado\/#article","isPartOf":{"@id":"http:\/\/elregionalvm.com.ar\/noticias-villa-maria\/suoem-aceptaron-el-20-de-aumento-escalonado\/"},"author":{"name":"Contenidos El Regional","@id":"http:\/\/elregionalvm.com.ar\/noticias-villa-maria\/#\/schema\/person\/a0fb9c422317faca23d50163151bc354"},"headline":"SUOEM: aceptaron el 20% de aumento escalonado","datePublished":"2020-08-04T20:02:53+00:00","dateModified":"2020-08-04T21:39:48+00:00","mainEntityOfPage":{"@id":"http:\/\/elregionalvm.com.ar\/noticias-villa-maria\/suoem-aceptaron-el-20-de-aumento-escalonado\/"},"wordCount":256,"commentCount":0,"image":{"@id":"http:\/\/elregionalvm.com.ar\/noticias-villa-maria\/suoem-aceptaron-el-20-de-aumento-escalonado\/#primaryimage"},"thumbnailUrl":"https:\/\/i0.wp.com\/elregionalvm.com.ar\/noticias-villa-maria\/wp-content\/uploads\/2020\/08\/WhatsApp-Image-2020-08-04-at-10.08.09.jpeg?fit=1280%2C720&ssl=1","keywords":["20%","aumento","aumento escalonado","Comisi\u00f3n Directiva","delegados","destacado","empleados municipales","paritaria","reuni\u00f3n","SUOEM"],"articleSection":["Villa Mar\u00eda"],"inLanguage":"es","potentialAction":[{"@type":"CommentAction","name":"Comment","target":["http:\/\/elregionalvm.com.ar\/noticias-villa-maria\/suoem-aceptaron-el-20-de-aumento-escalonado\/#respond"]}]},{"@type":"WebPage","@id":"http:\/\/elregionalvm.com.ar\/noticias-villa-maria\/suoem-aceptaron-el-20-de-aumento-escalonado\/","url":"http:\/\/elregionalvm.com.ar\/noticias-villa-maria\/suoem-aceptaron-el-20-de-aumento-escalonado\/","name":"SUOEM: aceptaron el 20% de aumento escalonado - El Regional","isPartOf":{"@id":"http:\/\/elregionalvm.com.ar\/noticias-villa-maria\/#website"},"primaryImageOfPage":{"@id":"http:\/\/elregionalvm.com.ar\/noticias-villa-maria\/suoem-aceptaron-el-20-de-aumento-escalonado\/#primaryimage"},"image":{"@id":"http:\/\/elregionalvm.com.ar\/noticias-villa-maria\/suoem-aceptaron-el-20-de-aumento-escalonado\/#primaryimage"},"thumbnailUrl":"https:\/\/i0.wp.com\/elregionalvm.com.ar\/noticias-villa-maria\/wp-content\/uploads\/2020\/08\/WhatsApp-Image-2020-08-04-at-10.08.09.jpeg?fit=1280%2C720&ssl=1","datePublished":"2020-08-04T20:02:53+00:00","dateModified":"2020-08-04T21:39:48+00:00","author":{"@id":"http:\/\/elregionalvm.com.ar\/noticias-villa-maria\/#\/schema\/person\/a0fb9c422317faca23d50163151bc354"},"breadcrumb":{"@id":"http:\/\/elregionalvm.com.ar\/noticias-villa-maria\/suoem-aceptaron-el-20-de-aumento-escalonado\/#breadcrumb"},"inLanguage":"es","potentialAction":[{"@type":"ReadAction","target":["http:\/\/elregionalvm.com.ar\/noticias-villa-maria\/suoem-aceptaron-el-20-de-aumento-escalonado\/"]}]},{"@type":"ImageObject","inLanguage":"es","@id":"http:\/\/elregionalvm.com.ar\/noticias-villa-maria\/suoem-aceptaron-el-20-de-aumento-escalonado\/#primaryimage","url":"https:\/\/i0.wp.com\/elregionalvm.com.ar\/noticias-villa-maria\/wp-content\/uploads\/2020\/08\/WhatsApp-Image-2020-08-04-at-10.08.09.jpeg?fit=1280%2C720&ssl=1","contentUrl":"https:\/\/i0.wp.com\/elregionalvm.com.ar\/noticias-villa-maria\/wp-content\/uploads\/2020\/08\/WhatsApp-Image-2020-08-04-at-10.08.09.jpeg?fit=1280%2C720&ssl=1","width":1280,"height":720},{"@type":"BreadcrumbList","@id":"http:\/\/elregionalvm.com.ar\/noticias-villa-maria\/suoem-aceptaron-el-20-de-aumento-escalonado\/#breadcrumb","itemListElement":[{"@type":"ListItem","position":1,"name":"Portada","item":"https:\/\/elregionalvm.com.ar\/noticias-villa-maria\/"},{"@type":"ListItem","position":2,"name":"SUOEM: aceptaron el 20% de aumento escalonado"}]},{"@type":"WebSite","@id":"http:\/\/elregionalvm.com.ar\/noticias-villa-maria\/#website","url":"http:\/\/elregionalvm.com.ar\/noticias-villa-maria\/","name":"El Regional","description":"Mucho m\u00e1s que informaci\u00f3n","potentialAction":[{"@type":"SearchAction","target":{"@type":"EntryPoint","urlTemplate":"http:\/\/elregionalvm.com.ar\/noticias-villa-maria\/?s={search_term_string}"},"query-input":{"@type":"PropertyValueSpecification","valueRequired":true,"valueName":"search_term_string"}}],"inLanguage":"es"},{"@type":"Person","@id":"http:\/\/elregionalvm.com.ar\/noticias-villa-maria\/#\/schema\/person\/a0fb9c422317faca23d50163151bc354","name":"Contenidos El Regional","image":{"@type":"ImageObject","inLanguage":"es","@id":"http:\/\/elregionalvm.com.ar\/noticias-villa-maria\/#\/schema\/person\/image\/","url":"https:\/\/secure.gravatar.com\/avatar\/265b27cb2209af7bb3a1318f03305787d7981a5cc6e6cd08fe5a4ecdf99d4b48?s=96&d=mm&r=g","contentUrl":"https:\/\/secure.gravatar.com\/avatar\/265b27cb2209af7bb3a1318f03305787d7981a5cc6e6cd08fe5a4ecdf99d4b48?s=96&d=mm&r=g","caption":"Contenidos El Regional"},"url":"https:\/\/elregionalvm.com.ar\/noticias-villa-maria\/author\/contenido\/"}]}},"jetpack_featured_media_url":"https:\/\/i0.wp.com\/elregionalvm.com.ar\/noticias-villa-maria\/wp-content\/uploads\/2020\/08\/WhatsApp-Image-2020-08-04-at-10.08.09.jpeg?fit=1280%2C720&ssl=1","jetpack_sharing_enabled":true,"_links":{"self":[{"href":"https:\/\/elregionalvm.com.ar\/noticias-villa-maria\/wp-json\/wp\/v2\/posts\/21431","targetHints":{"allow":["GET"]}}],"collection":[{"href":"https:\/\/elregionalvm.com.ar\/noticias-villa-maria\/wp-json\/wp\/v2\/posts"}],"about":[{"href":"https:\/\/elregionalvm.com.ar\/noticias-villa-maria\/wp-json\/wp\/v2\/types\/post"}],"author":[{"embeddable":true,"href":"https:\/\/elregionalvm.com.ar\/noticias-villa-maria\/wp-json\/wp\/v2\/users\/4"}],"replies":[{"embeddable":true,"href":"https:\/\/elregionalvm.com.ar\/noticias-villa-maria\/wp-json\/wp\/v2\/comments?post=21431"}],"version-history":[{"count":1,"href":"https:\/\/elregionalvm.com.ar\/noticias-villa-maria\/wp-json\/wp\/v2\/posts\/21431\/revisions"}],"predecessor-version":[{"id":21433,"href":"https:\/\/elregionalvm.com.ar\/noticias-villa-maria\/wp-json\/wp\/v2\/posts\/21431\/revisions\/21433"}],"wp:featuredmedia":[{"embeddable":true,"href":"https:\/\/elregionalvm.com.ar\/noticias-villa-maria\/wp-json\/wp\/v2\/media\/21432"}],"wp:attachment":[{"href":"https:\/\/elregionalvm.com.ar\/noticias-villa-maria\/wp-json\/wp\/v2\/media?parent=21431"}],"wp:term":[{"taxonomy":"category","embeddable":true,"href":"https:\/\/elregionalvm.com.ar\/noticias-villa-maria\/wp-json\/wp\/v2\/categories?post=21431"},{"taxonomy":"post_tag","embeddable":true,"href":"https:\/\/elregionalvm.com.ar\/noticias-villa-maria\/wp-json\/wp\/v2\/tags?post=21431"}],"curies":[{"name":"wp","href":"https:\/\/api.w.org\/{rel}","templated":true}]}}