{"id":21434,"date":"2020-08-04T20:33:44","date_gmt":"2020-08-04T20:33:44","guid":{"rendered":"https:\/\/elregionalvm.com.ar\/noticias-villa-maria\/?p=21434"},"modified":"2020-08-05T11:43:27","modified_gmt":"2020-08-05T11:43:27","slug":"imputaron-al-intendente-dellarossa-y-la-gente-de-marcos-juarez-salio-a-respaldarlo","status":"publish","type":"post","link":"https:\/\/elregionalvm.com.ar\/noticias-villa-maria\/imputaron-al-intendente-dellarossa-y-la-gente-de-marcos-juarez-salio-a-respaldarlo\/","title":{"rendered":"Imputaron al intendente Dellarossa y vecinos de Marcos Ju\u00e1rez salieron a respaldarlo"},"content":{"rendered":"\n<p>Tras la marcha que se vivi\u00f3 este lunes, donde comerciantes y ciudadanos en general se aunaron en una caravana por las calles c\u00e9ntricas de Marcos Juarez, el intendente de esa ciudad, el Ing. Pedro Dellarossa decidi\u00f3 autorizar la apertura comercial desde este martes por el agobio econ\u00f3mico que est\u00e1n atravesando.<\/p>\n\n\n\n<p>Este martes, el propio intendente Dellarossa qued\u00f3 imputado por la decisi\u00f3n tomada a nivel local tras la queja del COE y el gobierno de la Provincia de C\u00f3rdoba. Cumpliendo con el procedimiento, el propio intendente marcosjuarense debi\u00f3 acudir a declarar a la comisaria local ante la Unidad Judicial, pero fue acompa\u00f1ado por una multitud que lleg\u00f3 para respaldarlo en su decisi\u00f3n, con aplausos y carteles.<\/p>\n\n\n\n<p>Seg\u00fan indica el portal Red Panorama el Intendente lleg\u00f3 acompa\u00f1ado adem\u00e1s con varios funcionarios municipales, entre ellos Sara Majorel, Ariel Mosconi, Leonardo Ayuso, entre otros. Aunque en virtud de los protocolos actuales, Dellarossa  ingres\u00f3 a la comisaria \u00fanicamente con la abogada Vilma Sigaudo.<\/p>\n\n\n\n<figure class=\"wp-block-gallery columns-3 is-cropped wp-block-gallery-1 is-layout-flex wp-block-gallery-is-layout-flex\"><ul class=\"blocks-gallery-grid\"><li class=\"blocks-gallery-item\"><figure><img data-recalc-dims=\"1\" fetchpriority=\"high\" decoding=\"async\" width=\"1024\" height=\"576\" src=\"https:\/\/i0.wp.com\/elregionalvm.com.ar\/noticias-villa-maria\/wp-content\/uploads\/2020\/08\/WhatsApp-Image-2020-08-04-at-14.46.48.jpeg?resize=1024%2C576&#038;ssl=1\" alt=\"\" data-id=\"21436\" data-link=\"https:\/\/elregionalvm.com.ar\/noticias-villa-maria\/?attachment_id=21436\" class=\"wp-image-21436\" srcset=\"https:\/\/i0.wp.com\/elregionalvm.com.ar\/noticias-villa-maria\/wp-content\/uploads\/2020\/08\/WhatsApp-Image-2020-08-04-at-14.46.48.jpeg?resize=1024%2C576&amp;ssl=1 1024w, https:\/\/i0.wp.com\/elregionalvm.com.ar\/noticias-villa-maria\/wp-content\/uploads\/2020\/08\/WhatsApp-Image-2020-08-04-at-14.46.48.jpeg?resize=300%2C169&amp;ssl=1 300w, https:\/\/i0.wp.com\/elregionalvm.com.ar\/noticias-villa-maria\/wp-content\/uploads\/2020\/08\/WhatsApp-Image-2020-08-04-at-14.46.48.jpeg?resize=768%2C432&amp;ssl=1 768w, https:\/\/i0.wp.com\/elregionalvm.com.ar\/noticias-villa-maria\/wp-content\/uploads\/2020\/08\/WhatsApp-Image-2020-08-04-at-14.46.48.jpeg?w=1280&amp;ssl=1 1280w\" sizes=\"(max-width: 1000px) 100vw, 1000px\" \/><\/figure><\/li><li class=\"blocks-gallery-item\"><figure><img data-recalc-dims=\"1\" decoding=\"async\" width=\"1024\" height=\"576\" src=\"https:\/\/i0.wp.com\/elregionalvm.com.ar\/noticias-villa-maria\/wp-content\/uploads\/2020\/08\/WhatsApp-Image-2020-08-04-at-14.46.49.jpeg?resize=1024%2C576&#038;ssl=1\" alt=\"\" data-id=\"21437\" data-link=\"https:\/\/elregionalvm.com.ar\/noticias-villa-maria\/?attachment_id=21437\" class=\"wp-image-21437\" srcset=\"https:\/\/i0.wp.com\/elregionalvm.com.ar\/noticias-villa-maria\/wp-content\/uploads\/2020\/08\/WhatsApp-Image-2020-08-04-at-14.46.49.jpeg?resize=1024%2C576&amp;ssl=1 1024w, https:\/\/i0.wp.com\/elregionalvm.com.ar\/noticias-villa-maria\/wp-content\/uploads\/2020\/08\/WhatsApp-Image-2020-08-04-at-14.46.49.jpeg?resize=300%2C169&amp;ssl=1 300w, https:\/\/i0.wp.com\/elregionalvm.com.ar\/noticias-villa-maria\/wp-content\/uploads\/2020\/08\/WhatsApp-Image-2020-08-04-at-14.46.49.jpeg?resize=768%2C432&amp;ssl=1 768w, https:\/\/i0.wp.com\/elregionalvm.com.ar\/noticias-villa-maria\/wp-content\/uploads\/2020\/08\/WhatsApp-Image-2020-08-04-at-14.46.49.jpeg?w=1280&amp;ssl=1 1280w\" sizes=\"(max-width: 1000px) 100vw, 1000px\" \/><\/figure><\/li><li class=\"blocks-gallery-item\"><figure><img data-recalc-dims=\"1\" decoding=\"async\" width=\"1024\" height=\"576\" src=\"https:\/\/i0.wp.com\/elregionalvm.com.ar\/noticias-villa-maria\/wp-content\/uploads\/2020\/08\/WhatsApp-Image-2020-08-04-at-14.46.49-1.jpeg?resize=1024%2C576&#038;ssl=1\" alt=\"\" data-id=\"21439\" data-full-url=\"https:\/\/elregionalvm.com.ar\/noticias-villa-maria\/wp-content\/uploads\/2020\/08\/WhatsApp-Image-2020-08-04-at-14.46.49-1.jpeg\" data-link=\"https:\/\/elregionalvm.com.ar\/noticias-villa-maria\/?attachment_id=21439\" class=\"wp-image-21439\" srcset=\"https:\/\/i0.wp.com\/elregionalvm.com.ar\/noticias-villa-maria\/wp-content\/uploads\/2020\/08\/WhatsApp-Image-2020-08-04-at-14.46.49-1.jpeg?resize=1024%2C576&amp;ssl=1 1024w, https:\/\/i0.wp.com\/elregionalvm.com.ar\/noticias-villa-maria\/wp-content\/uploads\/2020\/08\/WhatsApp-Image-2020-08-04-at-14.46.49-1.jpeg?resize=300%2C169&amp;ssl=1 300w, https:\/\/i0.wp.com\/elregionalvm.com.ar\/noticias-villa-maria\/wp-content\/uploads\/2020\/08\/WhatsApp-Image-2020-08-04-at-14.46.49-1.jpeg?resize=768%2C432&amp;ssl=1 768w, https:\/\/i0.wp.com\/elregionalvm.com.ar\/noticias-villa-maria\/wp-content\/uploads\/2020\/08\/WhatsApp-Image-2020-08-04-at-14.46.49-1.jpeg?w=1280&amp;ssl=1 1280w\" sizes=\"(max-width: 1000px) 100vw, 1000px\" \/><\/figure><\/li><\/ul><figcaption class=\"blocks-gallery-caption\">As\u00ed lleg\u00f3 Dellarossa a declarar a la Comisar\u00ed de Marcos Ju\u00e1rez<br><\/figcaption><\/figure>\n","protected":false},"excerpt":{"rendered":"<p>Tras la marcha que se vivi\u00f3 este lunes, donde comerciantes y ciudadanos en general se aunaron en una caravana por las calles c\u00e9ntricas de Marcos Juarez, el intendente de esa ciudad, el Ing. Pedro Dellarossa decidi\u00f3 autorizar la apertura comercial desde este martes por el agobio econ\u00f3mico que est\u00e1n atravesando. Este martes, el propio intendente [&hellip;]<\/p>\n","protected":false},"author":4,"featured_media":21435,"comment_status":"open","ping_status":"open","sticky":false,"template":"","format":"standard","meta":{"site-sidebar-layout":"default","site-content-layout":"default","ast-site-content-layout":"default","site-content-style":"default","site-sidebar-style":"default","ast-global-header-display":"","ast-banner-title-visibility":"","ast-main-header-display":"","ast-hfb-above-header-display":"","ast-hfb-below-header-display":"","ast-hfb-mobile-header-display":"","site-post-title":"","ast-breadcrumbs-content":"","ast-featured-img":"","footer-sml-layout":"","ast-disable-related-posts":"","theme-transparent-header-meta":"default","adv-header-id-meta":"","stick-header-meta":"","header-above-stick-meta":"","header-main-stick-meta":"","header-below-stick-meta":"","astra-migrate-meta-layouts":"default","ast-page-background-enabled":"default","ast-page-background-meta":{"desktop":{"background-color":"","background-image":"","background-repeat":"repeat","background-position":"center center","background-size":"auto","background-attachment":"scroll","background-type":"","background-media":"","overlay-type":"","overlay-color":"","overlay-opacity":"","overlay-gradient":""},"tablet":{"background-color":"","background-image":"","background-repeat":"repeat","background-position":"center center","background-size":"auto","background-attachment":"scroll","background-type":"","background-media":"","overlay-type":"","overlay-color":"","overlay-opacity":"","overlay-gradient":""},"mobile":{"background-color":"","background-image":"","background-repeat":"repeat","background-position":"center center","background-size":"auto","background-attachment":"scroll","background-type":"","background-media":"","overlay-type":"","overlay-color":"","overlay-opacity":"","overlay-gradient":""}},"ast-content-background-meta":{"desktop":{"background-color":"var(--ast-global-color-5)","background-image":"","background-repeat":"repeat","background-position":"center center","background-size":"auto","background-attachment":"scroll","background-type":"","background-media":"","overlay-type":"","overlay-color":"","overlay-opacity":"","overlay-gradient":""},"tablet":{"background-color":"var(--ast-global-color-5)","background-image":"","background-repeat":"repeat","background-position":"center center","background-size":"auto","background-attachment":"scroll","background-type":"","background-media":"","overlay-type":"","overlay-color":"","overlay-opacity":"","overlay-gradient":""},"mobile":{"background-color":"var(--ast-global-color-5)","background-image":"","background-repeat":"repeat","background-position":"center center","background-size":"auto","background-attachment":"scroll","background-type":"","background-media":"","overlay-type":"","overlay-color":"","overlay-opacity":"","overlay-gradient":""}},"_jetpack_memberships_contains_paid_content":false,"_joinchat":[],"footnotes":""},"categories":[2091],"tags":[3095,2422,3097,3093,3040,3094,912],"class_list":["post-21434","post","type-post","status-publish","format-standard","has-post-thumbnail","hentry","category-region","tag-apertura-comercial","tag-coe","tag-comisaria","tag-dellarossa","tag-gobierno-de-cordoba","tag-imputado","tag-marcos-juarez"],"yoast_head":"<!-- This site is optimized with the Yoast SEO plugin v26.8 - https:\/\/yoast.com\/product\/yoast-seo-wordpress\/ -->\n<title>Imputaron al intendente Dellarossa y vecinos de Marcos Ju\u00e1rez salieron a respaldarlo - El Regional<\/title>\n<meta name=\"robots\" content=\"index, follow, max-snippet:-1, max-image-preview:large, max-video-preview:-1\" \/>\n<link rel=\"canonical\" href=\"http:\/\/elregionalvm.com.ar\/noticias-villa-maria\/imputaron-al-intendente-dellarossa-y-la-gente-de-marcos-juarez-salio-a-respaldarlo\/\" \/>\n<meta property=\"og:locale\" content=\"es_ES\" \/>\n<meta property=\"og:type\" content=\"article\" \/>\n<meta property=\"og:title\" content=\"Imputaron al intendente Dellarossa y vecinos de Marcos Ju\u00e1rez salieron a respaldarlo - El Regional\" \/>\n<meta property=\"og:description\" content=\"Tras la marcha que se vivi\u00f3 este lunes, donde comerciantes y ciudadanos en general se aunaron en una caravana por las calles c\u00e9ntricas de Marcos Juarez, el intendente de esa ciudad, el Ing. Pedro Dellarossa decidi\u00f3 autorizar la apertura comercial desde este martes por el agobio econ\u00f3mico que est\u00e1n atravesando. Este martes, el propio intendente [&hellip;]\" \/>\n<meta property=\"og:url\" content=\"http:\/\/elregionalvm.com.ar\/noticias-villa-maria\/imputaron-al-intendente-dellarossa-y-la-gente-de-marcos-juarez-salio-a-respaldarlo\/\" \/>\n<meta property=\"og:site_name\" content=\"El Regional\" \/>\n<meta property=\"article:publisher\" content=\"https:\/\/www.facebook.com\/elregionalvm\" \/>\n<meta property=\"article:published_time\" content=\"2020-08-04T20:33:44+00:00\" \/>\n<meta property=\"article:modified_time\" content=\"2020-08-05T11:43:27+00:00\" \/>\n<meta property=\"og:image\" content=\"http:\/\/elregionalvm.com.ar\/noticias-villa-maria\/wp-content\/uploads\/2020\/08\/dellarossa-comisaria.jpg\" \/>\n\t<meta property=\"og:image:width\" content=\"1280\" \/>\n\t<meta property=\"og:image:height\" content=\"720\" \/>\n\t<meta property=\"og:image:type\" content=\"image\/jpeg\" \/>\n<meta name=\"author\" content=\"Contenidos El Regional\" \/>\n<meta name=\"twitter:card\" content=\"summary_large_image\" \/>\n<meta name=\"twitter:creator\" content=\"@elregionalvm1\" \/>\n<meta name=\"twitter:site\" content=\"@elregionalvm1\" \/>\n<meta name=\"twitter:label1\" content=\"Escrito por\" \/>\n\t<meta name=\"twitter:data1\" content=\"Contenidos El Regional\" \/>\n\t<meta name=\"twitter:label2\" content=\"Tiempo de lectura\" \/>\n\t<meta name=\"twitter:data2\" content=\"1 minuto\" \/>\n<script type=\"application\/ld+json\" class=\"yoast-schema-graph\">{\"@context\":\"https:\/\/schema.org\",\"@graph\":[{\"@type\":\"Article\",\"@id\":\"http:\/\/elregionalvm.com.ar\/noticias-villa-maria\/imputaron-al-intendente-dellarossa-y-la-gente-de-marcos-juarez-salio-a-respaldarlo\/#article\",\"isPartOf\":{\"@id\":\"http:\/\/elregionalvm.com.ar\/noticias-villa-maria\/imputaron-al-intendente-dellarossa-y-la-gente-de-marcos-juarez-salio-a-respaldarlo\/\"},\"author\":{\"name\":\"Contenidos El Regional\",\"@id\":\"http:\/\/elregionalvm.com.ar\/noticias-villa-maria\/#\/schema\/person\/a0fb9c422317faca23d50163151bc354\"},\"headline\":\"Imputaron al intendente Dellarossa y vecinos de Marcos Ju\u00e1rez salieron a respaldarlo\",\"datePublished\":\"2020-08-04T20:33:44+00:00\",\"dateModified\":\"2020-08-05T11:43:27+00:00\",\"mainEntityOfPage\":{\"@id\":\"http:\/\/elregionalvm.com.ar\/noticias-villa-maria\/imputaron-al-intendente-dellarossa-y-la-gente-de-marcos-juarez-salio-a-respaldarlo\/\"},\"wordCount\":193,\"commentCount\":0,\"image\":{\"@id\":\"http:\/\/elregionalvm.com.ar\/noticias-villa-maria\/imputaron-al-intendente-dellarossa-y-la-gente-de-marcos-juarez-salio-a-respaldarlo\/#primaryimage\"},\"thumbnailUrl\":\"https:\/\/i0.wp.com\/elregionalvm.com.ar\/noticias-villa-maria\/wp-content\/uploads\/2020\/08\/dellarossa-comisaria.jpg?fit=1280%2C720&ssl=1\",\"keywords\":[\"apertura comercial\",\"COE\",\"Comisaria\",\"Dellarossa\",\"Gobierno de C\u00f3rdoba\",\"imputado\",\"Marcos Juarez\"],\"articleSection\":[\"Regi\u00f3n\"],\"inLanguage\":\"es\",\"potentialAction\":[{\"@type\":\"CommentAction\",\"name\":\"Comment\",\"target\":[\"http:\/\/elregionalvm.com.ar\/noticias-villa-maria\/imputaron-al-intendente-dellarossa-y-la-gente-de-marcos-juarez-salio-a-respaldarlo\/#respond\"]}]},{\"@type\":\"WebPage\",\"@id\":\"http:\/\/elregionalvm.com.ar\/noticias-villa-maria\/imputaron-al-intendente-dellarossa-y-la-gente-de-marcos-juarez-salio-a-respaldarlo\/\",\"url\":\"http:\/\/elregionalvm.com.ar\/noticias-villa-maria\/imputaron-al-intendente-dellarossa-y-la-gente-de-marcos-juarez-salio-a-respaldarlo\/\",\"name\":\"Imputaron al intendente Dellarossa y vecinos de Marcos Ju\u00e1rez salieron a respaldarlo - El Regional\",\"isPartOf\":{\"@id\":\"http:\/\/elregionalvm.com.ar\/noticias-villa-maria\/#website\"},\"primaryImageOfPage\":{\"@id\":\"http:\/\/elregionalvm.com.ar\/noticias-villa-maria\/imputaron-al-intendente-dellarossa-y-la-gente-de-marcos-juarez-salio-a-respaldarlo\/#primaryimage\"},\"image\":{\"@id\":\"http:\/\/elregionalvm.com.ar\/noticias-villa-maria\/imputaron-al-intendente-dellarossa-y-la-gente-de-marcos-juarez-salio-a-respaldarlo\/#primaryimage\"},\"thumbnailUrl\":\"https:\/\/i0.wp.com\/elregionalvm.com.ar\/noticias-villa-maria\/wp-content\/uploads\/2020\/08\/dellarossa-comisaria.jpg?fit=1280%2C720&ssl=1\",\"datePublished\":\"2020-08-04T20:33:44+00:00\",\"dateModified\":\"2020-08-05T11:43:27+00:00\",\"author\":{\"@id\":\"http:\/\/elregionalvm.com.ar\/noticias-villa-maria\/#\/schema\/person\/a0fb9c422317faca23d50163151bc354\"},\"breadcrumb\":{\"@id\":\"http:\/\/elregionalvm.com.ar\/noticias-villa-maria\/imputaron-al-intendente-dellarossa-y-la-gente-de-marcos-juarez-salio-a-respaldarlo\/#breadcrumb\"},\"inLanguage\":\"es\",\"potentialAction\":[{\"@type\":\"ReadAction\",\"target\":[\"http:\/\/elregionalvm.com.ar\/noticias-villa-maria\/imputaron-al-intendente-dellarossa-y-la-gente-de-marcos-juarez-salio-a-respaldarlo\/\"]}]},{\"@type\":\"ImageObject\",\"inLanguage\":\"es\",\"@id\":\"http:\/\/elregionalvm.com.ar\/noticias-villa-maria\/imputaron-al-intendente-dellarossa-y-la-gente-de-marcos-juarez-salio-a-respaldarlo\/#primaryimage\",\"url\":\"https:\/\/i0.wp.com\/elregionalvm.com.ar\/noticias-villa-maria\/wp-content\/uploads\/2020\/08\/dellarossa-comisaria.jpg?fit=1280%2C720&ssl=1\",\"contentUrl\":\"https:\/\/i0.wp.com\/elregionalvm.com.ar\/noticias-villa-maria\/wp-content\/uploads\/2020\/08\/dellarossa-comisaria.jpg?fit=1280%2C720&ssl=1\",\"width\":1280,\"height\":720},{\"@type\":\"BreadcrumbList\",\"@id\":\"http:\/\/elregionalvm.com.ar\/noticias-villa-maria\/imputaron-al-intendente-dellarossa-y-la-gente-de-marcos-juarez-salio-a-respaldarlo\/#breadcrumb\",\"itemListElement\":[{\"@type\":\"ListItem\",\"position\":1,\"name\":\"Portada\",\"item\":\"https:\/\/elregionalvm.com.ar\/noticias-villa-maria\/\"},{\"@type\":\"ListItem\",\"position\":2,\"name\":\"Imputaron al intendente Dellarossa y vecinos de Marcos Ju\u00e1rez salieron a respaldarlo\"}]},{\"@type\":\"WebSite\",\"@id\":\"http:\/\/elregionalvm.com.ar\/noticias-villa-maria\/#website\",\"url\":\"http:\/\/elregionalvm.com.ar\/noticias-villa-maria\/\",\"name\":\"El Regional\",\"description\":\"Mucho m\u00e1s que informaci\u00f3n\",\"potentialAction\":[{\"@type\":\"SearchAction\",\"target\":{\"@type\":\"EntryPoint\",\"urlTemplate\":\"http:\/\/elregionalvm.com.ar\/noticias-villa-maria\/?s={search_term_string}\"},\"query-input\":{\"@type\":\"PropertyValueSpecification\",\"valueRequired\":true,\"valueName\":\"search_term_string\"}}],\"inLanguage\":\"es\"},{\"@type\":\"Person\",\"@id\":\"http:\/\/elregionalvm.com.ar\/noticias-villa-maria\/#\/schema\/person\/a0fb9c422317faca23d50163151bc354\",\"name\":\"Contenidos El Regional\",\"image\":{\"@type\":\"ImageObject\",\"inLanguage\":\"es\",\"@id\":\"http:\/\/elregionalvm.com.ar\/noticias-villa-maria\/#\/schema\/person\/image\/\",\"url\":\"https:\/\/secure.gravatar.com\/avatar\/265b27cb2209af7bb3a1318f03305787d7981a5cc6e6cd08fe5a4ecdf99d4b48?s=96&d=mm&r=g\",\"contentUrl\":\"https:\/\/secure.gravatar.com\/avatar\/265b27cb2209af7bb3a1318f03305787d7981a5cc6e6cd08fe5a4ecdf99d4b48?s=96&d=mm&r=g\",\"caption\":\"Contenidos El Regional\"},\"url\":\"https:\/\/elregionalvm.com.ar\/noticias-villa-maria\/author\/contenido\/\"}]}<\/script>\n<!-- \/ Yoast SEO plugin. -->","yoast_head_json":{"title":"Imputaron al intendente Dellarossa y vecinos de Marcos Ju\u00e1rez salieron a respaldarlo - El Regional","robots":{"index":"index","follow":"follow","max-snippet":"max-snippet:-1","max-image-preview":"max-image-preview:large","max-video-preview":"max-video-preview:-1"},"canonical":"http:\/\/elregionalvm.com.ar\/noticias-villa-maria\/imputaron-al-intendente-dellarossa-y-la-gente-de-marcos-juarez-salio-a-respaldarlo\/","og_locale":"es_ES","og_type":"article","og_title":"Imputaron al intendente Dellarossa y vecinos de Marcos Ju\u00e1rez salieron a respaldarlo - El Regional","og_description":"Tras la marcha que se vivi\u00f3 este lunes, donde comerciantes y ciudadanos en general se aunaron en una caravana por las calles c\u00e9ntricas de Marcos Juarez, el intendente de esa ciudad, el Ing. Pedro Dellarossa decidi\u00f3 autorizar la apertura comercial desde este martes por el agobio econ\u00f3mico que est\u00e1n atravesando. Este martes, el propio intendente [&hellip;]","og_url":"http:\/\/elregionalvm.com.ar\/noticias-villa-maria\/imputaron-al-intendente-dellarossa-y-la-gente-de-marcos-juarez-salio-a-respaldarlo\/","og_site_name":"El Regional","article_publisher":"https:\/\/www.facebook.com\/elregionalvm","article_published_time":"2020-08-04T20:33:44+00:00","article_modified_time":"2020-08-05T11:43:27+00:00","og_image":[{"width":1280,"height":720,"url":"http:\/\/elregionalvm.com.ar\/noticias-villa-maria\/wp-content\/uploads\/2020\/08\/dellarossa-comisaria.jpg","type":"image\/jpeg"}],"author":"Contenidos El Regional","twitter_card":"summary_large_image","twitter_creator":"@elregionalvm1","twitter_site":"@elregionalvm1","twitter_misc":{"Escrito por":"Contenidos El Regional","Tiempo de lectura":"1 minuto"},"schema":{"@context":"https:\/\/schema.org","@graph":[{"@type":"Article","@id":"http:\/\/elregionalvm.com.ar\/noticias-villa-maria\/imputaron-al-intendente-dellarossa-y-la-gente-de-marcos-juarez-salio-a-respaldarlo\/#article","isPartOf":{"@id":"http:\/\/elregionalvm.com.ar\/noticias-villa-maria\/imputaron-al-intendente-dellarossa-y-la-gente-de-marcos-juarez-salio-a-respaldarlo\/"},"author":{"name":"Contenidos El Regional","@id":"http:\/\/elregionalvm.com.ar\/noticias-villa-maria\/#\/schema\/person\/a0fb9c422317faca23d50163151bc354"},"headline":"Imputaron al intendente Dellarossa y vecinos de Marcos Ju\u00e1rez salieron a respaldarlo","datePublished":"2020-08-04T20:33:44+00:00","dateModified":"2020-08-05T11:43:27+00:00","mainEntityOfPage":{"@id":"http:\/\/elregionalvm.com.ar\/noticias-villa-maria\/imputaron-al-intendente-dellarossa-y-la-gente-de-marcos-juarez-salio-a-respaldarlo\/"},"wordCount":193,"commentCount":0,"image":{"@id":"http:\/\/elregionalvm.com.ar\/noticias-villa-maria\/imputaron-al-intendente-dellarossa-y-la-gente-de-marcos-juarez-salio-a-respaldarlo\/#primaryimage"},"thumbnailUrl":"https:\/\/i0.wp.com\/elregionalvm.com.ar\/noticias-villa-maria\/wp-content\/uploads\/2020\/08\/dellarossa-comisaria.jpg?fit=1280%2C720&ssl=1","keywords":["apertura comercial","COE","Comisaria","Dellarossa","Gobierno de C\u00f3rdoba","imputado","Marcos Juarez"],"articleSection":["Regi\u00f3n"],"inLanguage":"es","potentialAction":[{"@type":"CommentAction","name":"Comment","target":["http:\/\/elregionalvm.com.ar\/noticias-villa-maria\/imputaron-al-intendente-dellarossa-y-la-gente-de-marcos-juarez-salio-a-respaldarlo\/#respond"]}]},{"@type":"WebPage","@id":"http:\/\/elregionalvm.com.ar\/noticias-villa-maria\/imputaron-al-intendente-dellarossa-y-la-gente-de-marcos-juarez-salio-a-respaldarlo\/","url":"http:\/\/elregionalvm.com.ar\/noticias-villa-maria\/imputaron-al-intendente-dellarossa-y-la-gente-de-marcos-juarez-salio-a-respaldarlo\/","name":"Imputaron al intendente Dellarossa y vecinos de Marcos Ju\u00e1rez salieron a respaldarlo - El Regional","isPartOf":{"@id":"http:\/\/elregionalvm.com.ar\/noticias-villa-maria\/#website"},"primaryImageOfPage":{"@id":"http:\/\/elregionalvm.com.ar\/noticias-villa-maria\/imputaron-al-intendente-dellarossa-y-la-gente-de-marcos-juarez-salio-a-respaldarlo\/#primaryimage"},"image":{"@id":"http:\/\/elregionalvm.com.ar\/noticias-villa-maria\/imputaron-al-intendente-dellarossa-y-la-gente-de-marcos-juarez-salio-a-respaldarlo\/#primaryimage"},"thumbnailUrl":"https:\/\/i0.wp.com\/elregionalvm.com.ar\/noticias-villa-maria\/wp-content\/uploads\/2020\/08\/dellarossa-comisaria.jpg?fit=1280%2C720&ssl=1","datePublished":"2020-08-04T20:33:44+00:00","dateModified":"2020-08-05T11:43:27+00:00","author":{"@id":"http:\/\/elregionalvm.com.ar\/noticias-villa-maria\/#\/schema\/person\/a0fb9c422317faca23d50163151bc354"},"breadcrumb":{"@id":"http:\/\/elregionalvm.com.ar\/noticias-villa-maria\/imputaron-al-intendente-dellarossa-y-la-gente-de-marcos-juarez-salio-a-respaldarlo\/#breadcrumb"},"inLanguage":"es","potentialAction":[{"@type":"ReadAction","target":["http:\/\/elregionalvm.com.ar\/noticias-villa-maria\/imputaron-al-intendente-dellarossa-y-la-gente-de-marcos-juarez-salio-a-respaldarlo\/"]}]},{"@type":"ImageObject","inLanguage":"es","@id":"http:\/\/elregionalvm.com.ar\/noticias-villa-maria\/imputaron-al-intendente-dellarossa-y-la-gente-de-marcos-juarez-salio-a-respaldarlo\/#primaryimage","url":"https:\/\/i0.wp.com\/elregionalvm.com.ar\/noticias-villa-maria\/wp-content\/uploads\/2020\/08\/dellarossa-comisaria.jpg?fit=1280%2C720&ssl=1","contentUrl":"https:\/\/i0.wp.com\/elregionalvm.com.ar\/noticias-villa-maria\/wp-content\/uploads\/2020\/08\/dellarossa-comisaria.jpg?fit=1280%2C720&ssl=1","width":1280,"height":720},{"@type":"BreadcrumbList","@id":"http:\/\/elregionalvm.com.ar\/noticias-villa-maria\/imputaron-al-intendente-dellarossa-y-la-gente-de-marcos-juarez-salio-a-respaldarlo\/#breadcrumb","itemListElement":[{"@type":"ListItem","position":1,"name":"Portada","item":"https:\/\/elregionalvm.com.ar\/noticias-villa-maria\/"},{"@type":"ListItem","position":2,"name":"Imputaron al intendente Dellarossa y vecinos de Marcos Ju\u00e1rez salieron a respaldarlo"}]},{"@type":"WebSite","@id":"http:\/\/elregionalvm.com.ar\/noticias-villa-maria\/#website","url":"http:\/\/elregionalvm.com.ar\/noticias-villa-maria\/","name":"El Regional","description":"Mucho m\u00e1s que informaci\u00f3n","potentialAction":[{"@type":"SearchAction","target":{"@type":"EntryPoint","urlTemplate":"http:\/\/elregionalvm.com.ar\/noticias-villa-maria\/?s={search_term_string}"},"query-input":{"@type":"PropertyValueSpecification","valueRequired":true,"valueName":"search_term_string"}}],"inLanguage":"es"},{"@type":"Person","@id":"http:\/\/elregionalvm.com.ar\/noticias-villa-maria\/#\/schema\/person\/a0fb9c422317faca23d50163151bc354","name":"Contenidos El Regional","image":{"@type":"ImageObject","inLanguage":"es","@id":"http:\/\/elregionalvm.com.ar\/noticias-villa-maria\/#\/schema\/person\/image\/","url":"https:\/\/secure.gravatar.com\/avatar\/265b27cb2209af7bb3a1318f03305787d7981a5cc6e6cd08fe5a4ecdf99d4b48?s=96&d=mm&r=g","contentUrl":"https:\/\/secure.gravatar.com\/avatar\/265b27cb2209af7bb3a1318f03305787d7981a5cc6e6cd08fe5a4ecdf99d4b48?s=96&d=mm&r=g","caption":"Contenidos El Regional"},"url":"https:\/\/elregionalvm.com.ar\/noticias-villa-maria\/author\/contenido\/"}]}},"jetpack_featured_media_url":"https:\/\/i0.wp.com\/elregionalvm.com.ar\/noticias-villa-maria\/wp-content\/uploads\/2020\/08\/dellarossa-comisaria.jpg?fit=1280%2C720&ssl=1","jetpack_sharing_enabled":true,"_links":{"self":[{"href":"https:\/\/elregionalvm.com.ar\/noticias-villa-maria\/wp-json\/wp\/v2\/posts\/21434","targetHints":{"allow":["GET"]}}],"collection":[{"href":"https:\/\/elregionalvm.com.ar\/noticias-villa-maria\/wp-json\/wp\/v2\/posts"}],"about":[{"href":"https:\/\/elregionalvm.com.ar\/noticias-villa-maria\/wp-json\/wp\/v2\/types\/post"}],"author":[{"embeddable":true,"href":"https:\/\/elregionalvm.com.ar\/noticias-villa-maria\/wp-json\/wp\/v2\/users\/4"}],"replies":[{"embeddable":true,"href":"https:\/\/elregionalvm.com.ar\/noticias-villa-maria\/wp-json\/wp\/v2\/comments?post=21434"}],"version-history":[{"count":2,"href":"https:\/\/elregionalvm.com.ar\/noticias-villa-maria\/wp-json\/wp\/v2\/posts\/21434\/revisions"}],"predecessor-version":[{"id":21460,"href":"https:\/\/elregionalvm.com.ar\/noticias-villa-maria\/wp-json\/wp\/v2\/posts\/21434\/revisions\/21460"}],"wp:featuredmedia":[{"embeddable":true,"href":"https:\/\/elregionalvm.com.ar\/noticias-villa-maria\/wp-json\/wp\/v2\/media\/21435"}],"wp:attachment":[{"href":"https:\/\/elregionalvm.com.ar\/noticias-villa-maria\/wp-json\/wp\/v2\/media?parent=21434"}],"wp:term":[{"taxonomy":"category","embeddable":true,"href":"https:\/\/elregionalvm.com.ar\/noticias-villa-maria\/wp-json\/wp\/v2\/categories?post=21434"},{"taxonomy":"post_tag","embeddable":true,"href":"https:\/\/elregionalvm.com.ar\/noticias-villa-maria\/wp-json\/wp\/v2\/tags?post=21434"}],"curies":[{"name":"wp","href":"https:\/\/api.w.org\/{rel}","templated":true}]}}