{"id":21451,"date":"2020-08-04T22:51:20","date_gmt":"2020-08-04T22:51:20","guid":{"rendered":"https:\/\/elregionalvm.com.ar\/noticias-villa-maria\/?p=21451"},"modified":"2020-08-04T22:51:21","modified_gmt":"2020-08-04T22:51:21","slug":"detuvieron-al-presunto-autor-intencional-del-incendio-rural-de-silvio-pellico","status":"publish","type":"post","link":"https:\/\/elregionalvm.com.ar\/noticias-villa-maria\/detuvieron-al-presunto-autor-intencional-del-incendio-rural-de-silvio-pellico\/","title":{"rendered":"Detuvieron al presunto autor intencional del incendio rural de Silvio Pellico"},"content":{"rendered":"\n<p>Este martes, tras investigaciones relacionadas  al incendio rural ocurrido ayer en jurisdicci\u00f3n de la localidad de Silvio Pellico lograron dar con el presunto responsable del fuego que afect\u00f3 a campos de la zona y caus\u00f3 p\u00e9rdidas a sus propietarios.<\/p>\n\n\n\n<p>El presunto autor del incendio intencional, tiene 38 a\u00f1os y qued\u00f3 detenido tras tomarse varios testimonios de los afectados, que lo implicaron directamente con el fuego.  El foco \u00edgneo demand\u00f3 un gran operativo zonal, con unos 40 bomberos de Silvio Pellico y de la ciudad de Villa Mar\u00eda, originando un tremendo gasto operativo por el movimiento de maquinarias para combatir las llamas y que implicaron varias horas de trabajo a los servidores p\u00fablicos.<\/p>\n\n\n\n<p>Tras su detenci\u00f3n se labraron las actuaciones correspondientes y deber\u00e1 responder ante la Justicia, ya que el incendio afect\u00f3 unas 24 hect\u00e1reas de avena y fardos, provocando cuantiosos da\u00f1os.<\/p>\n\n\n\n<p><strong>Detenidos por incumplir la cuarentena<\/strong><\/p>\n\n\n\n<p>Desde la intersecci\u00f3n de los bulevares Alvear y Sarmiento se procedi\u00f3 a la aprehensi\u00f3n de dos masculinos de 20 y 31 a\u00f1os de edad, domiciliados en Villa Mar\u00eda y se secuestraron una garrafa de diez kilos, una moto guada\u00f1a y un cuchillo tipo serrucho entre las pertenencias de uno de los aprehendidos. Quedaron detenidos en virtud al incumplimiento del decreto nacional de aislamiento social preventivo y obligatorio por el virus covid-19. Se labraron actuaciones correspondientes.<\/p>\n\n\n\n<p><\/p>\n","protected":false},"excerpt":{"rendered":"<p>Este martes, tras investigaciones relacionadas al incendio rural ocurrido ayer en jurisdicci\u00f3n de la localidad de Silvio Pellico lograron dar con el presunto responsable del fuego que afect\u00f3 a campos de la zona y caus\u00f3 p\u00e9rdidas a sus propietarios. El presunto autor del incendio intencional, tiene 38 a\u00f1os y qued\u00f3 detenido tras tomarse varios testimonios [&hellip;]<\/p>\n","protected":false},"author":4,"featured_media":21452,"comment_status":"open","ping_status":"open","sticky":false,"template":"","format":"standard","meta":{"site-sidebar-layout":"default","site-content-layout":"default","ast-site-content-layout":"default","site-content-style":"default","site-sidebar-style":"default","ast-global-header-display":"","ast-banner-title-visibility":"","ast-main-header-display":"","ast-hfb-above-header-display":"","ast-hfb-below-header-display":"","ast-hfb-mobile-header-display":"","site-post-title":"","ast-breadcrumbs-content":"","ast-featured-img":"","footer-sml-layout":"","ast-disable-related-posts":"","theme-transparent-header-meta":"default","adv-header-id-meta":"","stick-header-meta":"","header-above-stick-meta":"","header-main-stick-meta":"","header-below-stick-meta":"","astra-migrate-meta-layouts":"default","ast-page-background-enabled":"default","ast-page-background-meta":{"desktop":{"background-color":"","background-image":"","background-repeat":"repeat","background-position":"center center","background-size":"auto","background-attachment":"scroll","background-type":"","background-media":"","overlay-type":"","overlay-color":"","overlay-opacity":"","overlay-gradient":""},"tablet":{"background-color":"","background-image":"","background-repeat":"repeat","background-position":"center center","background-size":"auto","background-attachment":"scroll","background-type":"","background-media":"","overlay-type":"","overlay-color":"","overlay-opacity":"","overlay-gradient":""},"mobile":{"background-color":"","background-image":"","background-repeat":"repeat","background-position":"center center","background-size":"auto","background-attachment":"scroll","background-type":"","background-media":"","overlay-type":"","overlay-color":"","overlay-opacity":"","overlay-gradient":""}},"ast-content-background-meta":{"desktop":{"background-color":"var(--ast-global-color-5)","background-image":"","background-repeat":"repeat","background-position":"center center","background-size":"auto","background-attachment":"scroll","background-type":"","background-media":"","overlay-type":"","overlay-color":"","overlay-opacity":"","overlay-gradient":""},"tablet":{"background-color":"var(--ast-global-color-5)","background-image":"","background-repeat":"repeat","background-position":"center center","background-size":"auto","background-attachment":"scroll","background-type":"","background-media":"","overlay-type":"","overlay-color":"","overlay-opacity":"","overlay-gradient":""},"mobile":{"background-color":"var(--ast-global-color-5)","background-image":"","background-repeat":"repeat","background-position":"center center","background-size":"auto","background-attachment":"scroll","background-type":"","background-media":"","overlay-type":"","overlay-color":"","overlay-opacity":"","overlay-gradient":""}},"_jetpack_memberships_contains_paid_content":false,"_joinchat":[],"footnotes":""},"categories":[2234],"tags":[2305,3103,3101,3104,2737,2689,3102,1056],"class_list":["post-21451","post","type-post","status-publish","format-standard","has-post-thumbnail","hentry","category-policiales","tag-detenido","tag-fuego-intencional","tag-incendio-intencional","tag-incendio-rural","tag-investigaciones","tag-policias","tag-presunto-responsable","tag-silvio-pellico"],"yoast_head":"<!-- This site is optimized with the Yoast SEO plugin v26.8 - https:\/\/yoast.com\/product\/yoast-seo-wordpress\/ -->\n<title>Detuvieron al presunto autor intencional del incendio rural de Silvio Pellico - El Regional<\/title>\n<meta name=\"robots\" content=\"index, follow, max-snippet:-1, max-image-preview:large, max-video-preview:-1\" \/>\n<link rel=\"canonical\" href=\"http:\/\/elregionalvm.com.ar\/noticias-villa-maria\/detuvieron-al-presunto-autor-intencional-del-incendio-rural-de-silvio-pellico\/\" \/>\n<meta property=\"og:locale\" content=\"es_ES\" \/>\n<meta property=\"og:type\" content=\"article\" \/>\n<meta property=\"og:title\" content=\"Detuvieron al presunto autor intencional del incendio rural de Silvio Pellico - El Regional\" \/>\n<meta property=\"og:description\" content=\"Este martes, tras investigaciones relacionadas al incendio rural ocurrido ayer en jurisdicci\u00f3n de la localidad de Silvio Pellico lograron dar con el presunto responsable del fuego que afect\u00f3 a campos de la zona y caus\u00f3 p\u00e9rdidas a sus propietarios. El presunto autor del incendio intencional, tiene 38 a\u00f1os y qued\u00f3 detenido tras tomarse varios testimonios [&hellip;]\" \/>\n<meta property=\"og:url\" content=\"http:\/\/elregionalvm.com.ar\/noticias-villa-maria\/detuvieron-al-presunto-autor-intencional-del-incendio-rural-de-silvio-pellico\/\" \/>\n<meta property=\"og:site_name\" content=\"El Regional\" \/>\n<meta property=\"article:publisher\" content=\"https:\/\/www.facebook.com\/elregionalvm\" \/>\n<meta property=\"article:published_time\" content=\"2020-08-04T22:51:20+00:00\" \/>\n<meta property=\"article:modified_time\" content=\"2020-08-04T22:51:21+00:00\" \/>\n<meta property=\"og:image\" content=\"http:\/\/elregionalvm.com.ar\/noticias-villa-maria\/wp-content\/uploads\/2020\/08\/WhatsApp-Image-2020-08-04-at-18.34.37.jpeg\" \/>\n\t<meta property=\"og:image:width\" content=\"1280\" \/>\n\t<meta property=\"og:image:height\" content=\"605\" \/>\n\t<meta property=\"og:image:type\" content=\"image\/jpeg\" \/>\n<meta name=\"author\" content=\"Contenidos El Regional\" \/>\n<meta name=\"twitter:card\" content=\"summary_large_image\" \/>\n<meta name=\"twitter:creator\" content=\"@elregionalvm1\" \/>\n<meta name=\"twitter:site\" content=\"@elregionalvm1\" \/>\n<meta name=\"twitter:label1\" content=\"Escrito por\" \/>\n\t<meta name=\"twitter:data1\" content=\"Contenidos El Regional\" \/>\n\t<meta name=\"twitter:label2\" content=\"Tiempo de lectura\" \/>\n\t<meta name=\"twitter:data2\" content=\"1 minuto\" \/>\n<script type=\"application\/ld+json\" class=\"yoast-schema-graph\">{\"@context\":\"https:\/\/schema.org\",\"@graph\":[{\"@type\":\"Article\",\"@id\":\"http:\/\/elregionalvm.com.ar\/noticias-villa-maria\/detuvieron-al-presunto-autor-intencional-del-incendio-rural-de-silvio-pellico\/#article\",\"isPartOf\":{\"@id\":\"http:\/\/elregionalvm.com.ar\/noticias-villa-maria\/detuvieron-al-presunto-autor-intencional-del-incendio-rural-de-silvio-pellico\/\"},\"author\":{\"name\":\"Contenidos El Regional\",\"@id\":\"http:\/\/elregionalvm.com.ar\/noticias-villa-maria\/#\/schema\/person\/a0fb9c422317faca23d50163151bc354\"},\"headline\":\"Detuvieron al presunto autor intencional del incendio rural de Silvio Pellico\",\"datePublished\":\"2020-08-04T22:51:20+00:00\",\"dateModified\":\"2020-08-04T22:51:21+00:00\",\"mainEntityOfPage\":{\"@id\":\"http:\/\/elregionalvm.com.ar\/noticias-villa-maria\/detuvieron-al-presunto-autor-intencional-del-incendio-rural-de-silvio-pellico\/\"},\"wordCount\":240,\"commentCount\":0,\"image\":{\"@id\":\"http:\/\/elregionalvm.com.ar\/noticias-villa-maria\/detuvieron-al-presunto-autor-intencional-del-incendio-rural-de-silvio-pellico\/#primaryimage\"},\"thumbnailUrl\":\"https:\/\/i0.wp.com\/elregionalvm.com.ar\/noticias-villa-maria\/wp-content\/uploads\/2020\/08\/WhatsApp-Image-2020-08-04-at-18.34.37.jpeg?fit=1280%2C605&ssl=1\",\"keywords\":[\"detenido\",\"fuego intencional\",\"incendio intencional\",\"incendio rural\",\"investigaciones\",\"polic\u00edas\",\"presunto responsable\",\"Silvio Pellico\"],\"articleSection\":[\"Policiales\"],\"inLanguage\":\"es\",\"potentialAction\":[{\"@type\":\"CommentAction\",\"name\":\"Comment\",\"target\":[\"http:\/\/elregionalvm.com.ar\/noticias-villa-maria\/detuvieron-al-presunto-autor-intencional-del-incendio-rural-de-silvio-pellico\/#respond\"]}]},{\"@type\":\"WebPage\",\"@id\":\"http:\/\/elregionalvm.com.ar\/noticias-villa-maria\/detuvieron-al-presunto-autor-intencional-del-incendio-rural-de-silvio-pellico\/\",\"url\":\"http:\/\/elregionalvm.com.ar\/noticias-villa-maria\/detuvieron-al-presunto-autor-intencional-del-incendio-rural-de-silvio-pellico\/\",\"name\":\"Detuvieron al presunto autor intencional del incendio rural de Silvio Pellico - El Regional\",\"isPartOf\":{\"@id\":\"http:\/\/elregionalvm.com.ar\/noticias-villa-maria\/#website\"},\"primaryImageOfPage\":{\"@id\":\"http:\/\/elregionalvm.com.ar\/noticias-villa-maria\/detuvieron-al-presunto-autor-intencional-del-incendio-rural-de-silvio-pellico\/#primaryimage\"},\"image\":{\"@id\":\"http:\/\/elregionalvm.com.ar\/noticias-villa-maria\/detuvieron-al-presunto-autor-intencional-del-incendio-rural-de-silvio-pellico\/#primaryimage\"},\"thumbnailUrl\":\"https:\/\/i0.wp.com\/elregionalvm.com.ar\/noticias-villa-maria\/wp-content\/uploads\/2020\/08\/WhatsApp-Image-2020-08-04-at-18.34.37.jpeg?fit=1280%2C605&ssl=1\",\"datePublished\":\"2020-08-04T22:51:20+00:00\",\"dateModified\":\"2020-08-04T22:51:21+00:00\",\"author\":{\"@id\":\"http:\/\/elregionalvm.com.ar\/noticias-villa-maria\/#\/schema\/person\/a0fb9c422317faca23d50163151bc354\"},\"breadcrumb\":{\"@id\":\"http:\/\/elregionalvm.com.ar\/noticias-villa-maria\/detuvieron-al-presunto-autor-intencional-del-incendio-rural-de-silvio-pellico\/#breadcrumb\"},\"inLanguage\":\"es\",\"potentialAction\":[{\"@type\":\"ReadAction\",\"target\":[\"http:\/\/elregionalvm.com.ar\/noticias-villa-maria\/detuvieron-al-presunto-autor-intencional-del-incendio-rural-de-silvio-pellico\/\"]}]},{\"@type\":\"ImageObject\",\"inLanguage\":\"es\",\"@id\":\"http:\/\/elregionalvm.com.ar\/noticias-villa-maria\/detuvieron-al-presunto-autor-intencional-del-incendio-rural-de-silvio-pellico\/#primaryimage\",\"url\":\"https:\/\/i0.wp.com\/elregionalvm.com.ar\/noticias-villa-maria\/wp-content\/uploads\/2020\/08\/WhatsApp-Image-2020-08-04-at-18.34.37.jpeg?fit=1280%2C605&ssl=1\",\"contentUrl\":\"https:\/\/i0.wp.com\/elregionalvm.com.ar\/noticias-villa-maria\/wp-content\/uploads\/2020\/08\/WhatsApp-Image-2020-08-04-at-18.34.37.jpeg?fit=1280%2C605&ssl=1\",\"width\":1280,\"height\":605},{\"@type\":\"BreadcrumbList\",\"@id\":\"http:\/\/elregionalvm.com.ar\/noticias-villa-maria\/detuvieron-al-presunto-autor-intencional-del-incendio-rural-de-silvio-pellico\/#breadcrumb\",\"itemListElement\":[{\"@type\":\"ListItem\",\"position\":1,\"name\":\"Portada\",\"item\":\"https:\/\/elregionalvm.com.ar\/noticias-villa-maria\/\"},{\"@type\":\"ListItem\",\"position\":2,\"name\":\"Detuvieron al presunto autor intencional del incendio rural de Silvio Pellico\"}]},{\"@type\":\"WebSite\",\"@id\":\"http:\/\/elregionalvm.com.ar\/noticias-villa-maria\/#website\",\"url\":\"http:\/\/elregionalvm.com.ar\/noticias-villa-maria\/\",\"name\":\"El Regional\",\"description\":\"Mucho m\u00e1s que informaci\u00f3n\",\"potentialAction\":[{\"@type\":\"SearchAction\",\"target\":{\"@type\":\"EntryPoint\",\"urlTemplate\":\"http:\/\/elregionalvm.com.ar\/noticias-villa-maria\/?s={search_term_string}\"},\"query-input\":{\"@type\":\"PropertyValueSpecification\",\"valueRequired\":true,\"valueName\":\"search_term_string\"}}],\"inLanguage\":\"es\"},{\"@type\":\"Person\",\"@id\":\"http:\/\/elregionalvm.com.ar\/noticias-villa-maria\/#\/schema\/person\/a0fb9c422317faca23d50163151bc354\",\"name\":\"Contenidos El Regional\",\"image\":{\"@type\":\"ImageObject\",\"inLanguage\":\"es\",\"@id\":\"http:\/\/elregionalvm.com.ar\/noticias-villa-maria\/#\/schema\/person\/image\/\",\"url\":\"https:\/\/secure.gravatar.com\/avatar\/265b27cb2209af7bb3a1318f03305787d7981a5cc6e6cd08fe5a4ecdf99d4b48?s=96&d=mm&r=g\",\"contentUrl\":\"https:\/\/secure.gravatar.com\/avatar\/265b27cb2209af7bb3a1318f03305787d7981a5cc6e6cd08fe5a4ecdf99d4b48?s=96&d=mm&r=g\",\"caption\":\"Contenidos El Regional\"},\"url\":\"https:\/\/elregionalvm.com.ar\/noticias-villa-maria\/author\/contenido\/\"}]}<\/script>\n<!-- \/ Yoast SEO plugin. -->","yoast_head_json":{"title":"Detuvieron al presunto autor intencional del incendio rural de Silvio Pellico - El Regional","robots":{"index":"index","follow":"follow","max-snippet":"max-snippet:-1","max-image-preview":"max-image-preview:large","max-video-preview":"max-video-preview:-1"},"canonical":"http:\/\/elregionalvm.com.ar\/noticias-villa-maria\/detuvieron-al-presunto-autor-intencional-del-incendio-rural-de-silvio-pellico\/","og_locale":"es_ES","og_type":"article","og_title":"Detuvieron al presunto autor intencional del incendio rural de Silvio Pellico - El Regional","og_description":"Este martes, tras investigaciones relacionadas al incendio rural ocurrido ayer en jurisdicci\u00f3n de la localidad de Silvio Pellico lograron dar con el presunto responsable del fuego que afect\u00f3 a campos de la zona y caus\u00f3 p\u00e9rdidas a sus propietarios. El presunto autor del incendio intencional, tiene 38 a\u00f1os y qued\u00f3 detenido tras tomarse varios testimonios [&hellip;]","og_url":"http:\/\/elregionalvm.com.ar\/noticias-villa-maria\/detuvieron-al-presunto-autor-intencional-del-incendio-rural-de-silvio-pellico\/","og_site_name":"El Regional","article_publisher":"https:\/\/www.facebook.com\/elregionalvm","article_published_time":"2020-08-04T22:51:20+00:00","article_modified_time":"2020-08-04T22:51:21+00:00","og_image":[{"width":1280,"height":605,"url":"http:\/\/elregionalvm.com.ar\/noticias-villa-maria\/wp-content\/uploads\/2020\/08\/WhatsApp-Image-2020-08-04-at-18.34.37.jpeg","type":"image\/jpeg"}],"author":"Contenidos El Regional","twitter_card":"summary_large_image","twitter_creator":"@elregionalvm1","twitter_site":"@elregionalvm1","twitter_misc":{"Escrito por":"Contenidos El Regional","Tiempo de lectura":"1 minuto"},"schema":{"@context":"https:\/\/schema.org","@graph":[{"@type":"Article","@id":"http:\/\/elregionalvm.com.ar\/noticias-villa-maria\/detuvieron-al-presunto-autor-intencional-del-incendio-rural-de-silvio-pellico\/#article","isPartOf":{"@id":"http:\/\/elregionalvm.com.ar\/noticias-villa-maria\/detuvieron-al-presunto-autor-intencional-del-incendio-rural-de-silvio-pellico\/"},"author":{"name":"Contenidos El Regional","@id":"http:\/\/elregionalvm.com.ar\/noticias-villa-maria\/#\/schema\/person\/a0fb9c422317faca23d50163151bc354"},"headline":"Detuvieron al presunto autor intencional del incendio rural de Silvio Pellico","datePublished":"2020-08-04T22:51:20+00:00","dateModified":"2020-08-04T22:51:21+00:00","mainEntityOfPage":{"@id":"http:\/\/elregionalvm.com.ar\/noticias-villa-maria\/detuvieron-al-presunto-autor-intencional-del-incendio-rural-de-silvio-pellico\/"},"wordCount":240,"commentCount":0,"image":{"@id":"http:\/\/elregionalvm.com.ar\/noticias-villa-maria\/detuvieron-al-presunto-autor-intencional-del-incendio-rural-de-silvio-pellico\/#primaryimage"},"thumbnailUrl":"https:\/\/i0.wp.com\/elregionalvm.com.ar\/noticias-villa-maria\/wp-content\/uploads\/2020\/08\/WhatsApp-Image-2020-08-04-at-18.34.37.jpeg?fit=1280%2C605&ssl=1","keywords":["detenido","fuego intencional","incendio intencional","incendio rural","investigaciones","polic\u00edas","presunto responsable","Silvio Pellico"],"articleSection":["Policiales"],"inLanguage":"es","potentialAction":[{"@type":"CommentAction","name":"Comment","target":["http:\/\/elregionalvm.com.ar\/noticias-villa-maria\/detuvieron-al-presunto-autor-intencional-del-incendio-rural-de-silvio-pellico\/#respond"]}]},{"@type":"WebPage","@id":"http:\/\/elregionalvm.com.ar\/noticias-villa-maria\/detuvieron-al-presunto-autor-intencional-del-incendio-rural-de-silvio-pellico\/","url":"http:\/\/elregionalvm.com.ar\/noticias-villa-maria\/detuvieron-al-presunto-autor-intencional-del-incendio-rural-de-silvio-pellico\/","name":"Detuvieron al presunto autor intencional del incendio rural de Silvio Pellico - El Regional","isPartOf":{"@id":"http:\/\/elregionalvm.com.ar\/noticias-villa-maria\/#website"},"primaryImageOfPage":{"@id":"http:\/\/elregionalvm.com.ar\/noticias-villa-maria\/detuvieron-al-presunto-autor-intencional-del-incendio-rural-de-silvio-pellico\/#primaryimage"},"image":{"@id":"http:\/\/elregionalvm.com.ar\/noticias-villa-maria\/detuvieron-al-presunto-autor-intencional-del-incendio-rural-de-silvio-pellico\/#primaryimage"},"thumbnailUrl":"https:\/\/i0.wp.com\/elregionalvm.com.ar\/noticias-villa-maria\/wp-content\/uploads\/2020\/08\/WhatsApp-Image-2020-08-04-at-18.34.37.jpeg?fit=1280%2C605&ssl=1","datePublished":"2020-08-04T22:51:20+00:00","dateModified":"2020-08-04T22:51:21+00:00","author":{"@id":"http:\/\/elregionalvm.com.ar\/noticias-villa-maria\/#\/schema\/person\/a0fb9c422317faca23d50163151bc354"},"breadcrumb":{"@id":"http:\/\/elregionalvm.com.ar\/noticias-villa-maria\/detuvieron-al-presunto-autor-intencional-del-incendio-rural-de-silvio-pellico\/#breadcrumb"},"inLanguage":"es","potentialAction":[{"@type":"ReadAction","target":["http:\/\/elregionalvm.com.ar\/noticias-villa-maria\/detuvieron-al-presunto-autor-intencional-del-incendio-rural-de-silvio-pellico\/"]}]},{"@type":"ImageObject","inLanguage":"es","@id":"http:\/\/elregionalvm.com.ar\/noticias-villa-maria\/detuvieron-al-presunto-autor-intencional-del-incendio-rural-de-silvio-pellico\/#primaryimage","url":"https:\/\/i0.wp.com\/elregionalvm.com.ar\/noticias-villa-maria\/wp-content\/uploads\/2020\/08\/WhatsApp-Image-2020-08-04-at-18.34.37.jpeg?fit=1280%2C605&ssl=1","contentUrl":"https:\/\/i0.wp.com\/elregionalvm.com.ar\/noticias-villa-maria\/wp-content\/uploads\/2020\/08\/WhatsApp-Image-2020-08-04-at-18.34.37.jpeg?fit=1280%2C605&ssl=1","width":1280,"height":605},{"@type":"BreadcrumbList","@id":"http:\/\/elregionalvm.com.ar\/noticias-villa-maria\/detuvieron-al-presunto-autor-intencional-del-incendio-rural-de-silvio-pellico\/#breadcrumb","itemListElement":[{"@type":"ListItem","position":1,"name":"Portada","item":"https:\/\/elregionalvm.com.ar\/noticias-villa-maria\/"},{"@type":"ListItem","position":2,"name":"Detuvieron al presunto autor intencional del incendio rural de Silvio Pellico"}]},{"@type":"WebSite","@id":"http:\/\/elregionalvm.com.ar\/noticias-villa-maria\/#website","url":"http:\/\/elregionalvm.com.ar\/noticias-villa-maria\/","name":"El Regional","description":"Mucho m\u00e1s que informaci\u00f3n","potentialAction":[{"@type":"SearchAction","target":{"@type":"EntryPoint","urlTemplate":"http:\/\/elregionalvm.com.ar\/noticias-villa-maria\/?s={search_term_string}"},"query-input":{"@type":"PropertyValueSpecification","valueRequired":true,"valueName":"search_term_string"}}],"inLanguage":"es"},{"@type":"Person","@id":"http:\/\/elregionalvm.com.ar\/noticias-villa-maria\/#\/schema\/person\/a0fb9c422317faca23d50163151bc354","name":"Contenidos El Regional","image":{"@type":"ImageObject","inLanguage":"es","@id":"http:\/\/elregionalvm.com.ar\/noticias-villa-maria\/#\/schema\/person\/image\/","url":"https:\/\/secure.gravatar.com\/avatar\/265b27cb2209af7bb3a1318f03305787d7981a5cc6e6cd08fe5a4ecdf99d4b48?s=96&d=mm&r=g","contentUrl":"https:\/\/secure.gravatar.com\/avatar\/265b27cb2209af7bb3a1318f03305787d7981a5cc6e6cd08fe5a4ecdf99d4b48?s=96&d=mm&r=g","caption":"Contenidos El Regional"},"url":"https:\/\/elregionalvm.com.ar\/noticias-villa-maria\/author\/contenido\/"}]}},"jetpack_featured_media_url":"https:\/\/i0.wp.com\/elregionalvm.com.ar\/noticias-villa-maria\/wp-content\/uploads\/2020\/08\/WhatsApp-Image-2020-08-04-at-18.34.37.jpeg?fit=1280%2C605&ssl=1","jetpack_sharing_enabled":true,"_links":{"self":[{"href":"https:\/\/elregionalvm.com.ar\/noticias-villa-maria\/wp-json\/wp\/v2\/posts\/21451","targetHints":{"allow":["GET"]}}],"collection":[{"href":"https:\/\/elregionalvm.com.ar\/noticias-villa-maria\/wp-json\/wp\/v2\/posts"}],"about":[{"href":"https:\/\/elregionalvm.com.ar\/noticias-villa-maria\/wp-json\/wp\/v2\/types\/post"}],"author":[{"embeddable":true,"href":"https:\/\/elregionalvm.com.ar\/noticias-villa-maria\/wp-json\/wp\/v2\/users\/4"}],"replies":[{"embeddable":true,"href":"https:\/\/elregionalvm.com.ar\/noticias-villa-maria\/wp-json\/wp\/v2\/comments?post=21451"}],"version-history":[{"count":1,"href":"https:\/\/elregionalvm.com.ar\/noticias-villa-maria\/wp-json\/wp\/v2\/posts\/21451\/revisions"}],"predecessor-version":[{"id":21453,"href":"https:\/\/elregionalvm.com.ar\/noticias-villa-maria\/wp-json\/wp\/v2\/posts\/21451\/revisions\/21453"}],"wp:featuredmedia":[{"embeddable":true,"href":"https:\/\/elregionalvm.com.ar\/noticias-villa-maria\/wp-json\/wp\/v2\/media\/21452"}],"wp:attachment":[{"href":"https:\/\/elregionalvm.com.ar\/noticias-villa-maria\/wp-json\/wp\/v2\/media?parent=21451"}],"wp:term":[{"taxonomy":"category","embeddable":true,"href":"https:\/\/elregionalvm.com.ar\/noticias-villa-maria\/wp-json\/wp\/v2\/categories?post=21451"},{"taxonomy":"post_tag","embeddable":true,"href":"https:\/\/elregionalvm.com.ar\/noticias-villa-maria\/wp-json\/wp\/v2\/tags?post=21451"}],"curies":[{"name":"wp","href":"https:\/\/api.w.org\/{rel}","templated":true}]}}