{"id":21467,"date":"2020-08-05T11:42:47","date_gmt":"2020-08-05T11:42:47","guid":{"rendered":"https:\/\/elregionalvm.com.ar\/noticias-villa-maria\/?p=21467"},"modified":"2020-08-06T04:01:24","modified_gmt":"2020-08-06T04:01:24","slug":"rebelion-en-marcos-juarez-temen-que-se-extienda-a-otras-ciudades","status":"publish","type":"post","link":"https:\/\/elregionalvm.com.ar\/noticias-villa-maria\/rebelion-en-marcos-juarez-temen-que-se-extienda-a-otras-ciudades\/","title":{"rendered":"Rebeli\u00f3n en Marcos Ju\u00e1rez: temen que se extienda a otras ciudades"},"content":{"rendered":"\n<p><strong>Escribe: Miguel Andreis<\/strong><\/p>\n\n\n\n<p>La imputaci\u00f3n a Pedro Dellarossa, intendente de Marcos Ju\u00e1rez por parte del Justicia, se habr\u00eda formalizado el mismo domingo en horas de la tarde. Debi\u00f3 presentarse a declarar este martes 4 de agosto en la Unidad Judicial de esa ciudad. En el medio queda la expresi\u00f3n de un mandatario que escuch\u00f3, antes que nada y a nadie a sus propios ciudadanos que salieron a respaldarlo.<\/p>\n\n\n\n<p><strong>Siempre hay un primer paso<\/strong><\/p>\n\n\n\n<p>El disparador de esta controvertida situaci\u00f3n nace luego de que Dellarossa expuso en un decreto, un duro cuestionamiento al COE, permitiendo la apertura de comercios. Desde el COE se informa que las definiciones adoptadas a\u00fan no se hab\u00edan establecido.<\/p>\n\n\n\n<p>\u201cHemos venido cumpliendo con todas las normativas. Marcos Ju\u00e1rez siempre acept\u00f3 el mandato que nos llegaba desde la Provincia. Fuimos absolutamente respetuosos de las medidas preventivas, pero tambi\u00e9n es preciso indicar que la gente lleg\u00f3 al hartazgo, se cans\u00f3 de no saber por qu\u00e9 le cerr\u00e1bamos sus negocios. Se puede estar de acuerdo con las medidas preventivas, pero que despu\u00e9s tomen determinaciones que perjudican a todos y nadie d\u00e9 explicaciones, suena a provocaci\u00f3n\u201d.<\/p>\n\n\n\n<p>El jefe comunal coment\u00f3 que fue d\u00e1ndose cuenta de que el clima social comenzaba a cambiar de tenor y que se podr\u00eda llegar a una rebeli\u00f3n: \u201cLo palpamos la pasada semana con una manifestaci\u00f3n con gran n\u00famero de personas. Los comerciantes tienen que vivir. Necesitan vender, producir, trabajar. M\u00e1s de 200 marcojuarences se llegaron hasta el edificio municipal. Dialogu\u00e9 con ellos y los invit\u00e9 a que nos fu\u00e9ramos en paz, cada uno a su casa y ver\u00edamos c\u00f3mo seguimos adelante. Indic\u00e1ndole que si abr\u00edan lo hicieran con la mayor responsabilidad y siguiendo los protocolos\u201d, report\u00f3 Dellarossa.<\/p>\n\n\n\n<p>Gran parte de la ciudadan\u00eda lo acompa\u00f1\u00f3 hasta el lugar de la Justicia, donde el mandatario deb\u00eda declarar. Y, pese a todos los llamados llegados desde el orden provincial y nacional, justific\u00f3 ante el magistrado judicial actuante, por qu\u00e9 hab\u00eda tomado dicha medida, contraponiendo las determinaciones del COE.<\/p>\n\n\n\n<p><\/p>\n\n\n\n<div class=\"wp-block-group\"><div class=\"wp-block-group__inner-container is-layout-flow wp-block-group-is-layout-flow\">\n<figure class=\"wp-block-embed-wordpress wp-block-embed is-type-wp-embed is-provider-el-regional\"><div class=\"wp-block-embed__wrapper\">\n<blockquote class=\"wp-embedded-content\" data-secret=\"EDhnNAEjPa\"><a href=\"https:\/\/elregionalvm.com.ar\/noticias-villa-maria\/imputaron-al-intendente-dellarossa-y-la-gente-de-marcos-juarez-salio-a-respaldarlo\/\">Imputaron al intendente Dellarossa y vecinos de Marcos Ju\u00e1rez salieron a respaldarlo<\/a><\/blockquote><iframe class=\"wp-embedded-content\" sandbox=\"allow-scripts\" security=\"restricted\" style=\"position: absolute; clip: rect(1px, 1px, 1px, 1px);\" title=\"\u00abImputaron al intendente Dellarossa y vecinos de Marcos Ju\u00e1rez salieron a respaldarlo\u00bb \u2014 El Regional\" src=\"https:\/\/elregionalvm.com.ar\/noticias-villa-maria\/imputaron-al-intendente-dellarossa-y-la-gente-de-marcos-juarez-salio-a-respaldarlo\/embed\/#?secret=UErbLmRFSo#?secret=EDhnNAEjPa\" data-secret=\"EDhnNAEjPa\" width=\"500\" height=\"282\" frameborder=\"0\" marginwidth=\"0\" marginheight=\"0\" scrolling=\"no\"><\/iframe>\n<\/div><\/figure>\n<\/div><\/div>\n\n\n\n<p><\/p>\n\n\n\n<p><strong>Lo que pretendemos del COE es que nos expliquen el porqu\u00e9 de las medidas<\/strong><\/p>\n\n\n\n<p>En otras afirmaciones remarc\u00f3 que, \u201cno estoy en contra del COE, sino que nos den explicaciones de por qu\u00e9 hacen lo que hacen. No se puede permitir que se sigan fundiendo m\u00e1s negocios y comercios y nadie se haga cargo. Los gastos siguen corriendo, pero no ingresa ning\u00fan dinero. Nuestra obligaci\u00f3n, no solo pasa por cuidar la salud, sino evitar tambi\u00e9n los efectos colaterales que nos va dejando esta cuarentena. Los responsables del COE, se supone, deben entender que hay miles de personas que ya no pueden abrir nuevamente sus fuentes laborales con lo que ello implica\u201d.<\/p>\n\n\n\n<p><strong>La incertidumbre de lo que puede venir<\/strong><\/p>\n\n\n\n<p>El Intendente duda de algunos criterios de quienes bajan la l\u00ednea: \u201cMe gustar\u00eda que me explicaran el por qu\u00e9 a algunas localidades se les da una cantidad de d\u00edas de cuarentena y a otras, un n\u00famero diferente. Les pido que me lo expliquen, pero hasta el momento no he obtenido respuestas. En ocasiones a las 11 de la noche de un domingo, te llamaban para que aplicar\u00e1s una determinaci\u00f3n sin aclaraci\u00f3n alguna\u201d.<\/p>\n\n\n\n<p>\u201cLo \u00fanico que he hecho y convencido de defender los intereses de mi ciudad, donde nos conocemos todos, es ayudarlos a que puedan trabajar\u201d. El intendente dijo que tom\u00f3 la decisi\u00f3n para frenar una \u201crebeli\u00f3n\u201d social.<\/p>\n\n\n\n<p>No menos cierto es que dentro de las autoridades pol\u00edticas comienzan a darse cuenta que la conformaci\u00f3n de los COE fue hecha sin un criterio uniforme y, temen haberse equivocado en la elecci\u00f3n de algunos miembros. Dar\u00eda la impresi\u00f3n que ya la ciudadan\u00eda no est\u00e1 tan segura que lo que est\u00e1n haciendo sea efectivo. Al menos, en un cuidado bajo todos los par\u00e1metros.<\/p>\n\n\n\n<p>Se estar\u00eda pidiendo informes, desde los distintos servicios de inteligencia, si lo acontecido en Marcos Ju\u00e1rez, no podr\u00eda ser una mecha, con muchas posibilidades de extenderse en todo el orden nacional.<\/p>\n\n\n\n<p>La domesticaci\u00f3n social que se ha aplicado, en muchos casos, se parece m\u00e1s a los tiempos de los gobiernos de los uniformados, que a una etapa de la democracia. El hast\u00edo y la impotencia van creciendo paralelamente y en contraposici\u00f3n con una econom\u00eda detonada que promete que para diciembre el n\u00famero de pobres alcanzar\u00eda a casi el 60% de la poblaci\u00f3n\u2026<\/p>\n\n\n\n<p>No ser\u00eda de extra\u00f1ar, que este escenario de rebeld\u00edas se multiplique en no demasiado tiempo.<\/p>\n","protected":false},"excerpt":{"rendered":"<p>Escribe: Miguel Andreis La imputaci\u00f3n a Pedro Dellarossa, intendente de Marcos Ju\u00e1rez por parte del Justicia, se habr\u00eda formalizado el mismo domingo en horas de la tarde. Debi\u00f3 presentarse a declarar este martes 4 de agosto en la Unidad Judicial de esa ciudad. En el medio queda la expresi\u00f3n de un mandatario que escuch\u00f3, antes [&hellip;]<\/p>\n","protected":false},"author":5,"featured_media":21469,"comment_status":"open","ping_status":"open","sticky":false,"template":"","format":"standard","meta":{"site-sidebar-layout":"default","site-content-layout":"default","ast-site-content-layout":"default","site-content-style":"default","site-sidebar-style":"default","ast-global-header-display":"","ast-banner-title-visibility":"","ast-main-header-display":"","ast-hfb-above-header-display":"","ast-hfb-below-header-display":"","ast-hfb-mobile-header-display":"","site-post-title":"","ast-breadcrumbs-content":"","ast-featured-img":"","footer-sml-layout":"","ast-disable-related-posts":"","theme-transparent-header-meta":"default","adv-header-id-meta":"","stick-header-meta":"","header-above-stick-meta":"","header-main-stick-meta":"","header-below-stick-meta":"","astra-migrate-meta-layouts":"default","ast-page-background-enabled":"default","ast-page-background-meta":{"desktop":{"background-color":"","background-image":"","background-repeat":"repeat","background-position":"center center","background-size":"auto","background-attachment":"scroll","background-type":"","background-media":"","overlay-type":"","overlay-color":"","overlay-opacity":"","overlay-gradient":""},"tablet":{"background-color":"","background-image":"","background-repeat":"repeat","background-position":"center center","background-size":"auto","background-attachment":"scroll","background-type":"","background-media":"","overlay-type":"","overlay-color":"","overlay-opacity":"","overlay-gradient":""},"mobile":{"background-color":"","background-image":"","background-repeat":"repeat","background-position":"center center","background-size":"auto","background-attachment":"scroll","background-type":"","background-media":"","overlay-type":"","overlay-color":"","overlay-opacity":"","overlay-gradient":""}},"ast-content-background-meta":{"desktop":{"background-color":"var(--ast-global-color-5)","background-image":"","background-repeat":"repeat","background-position":"center center","background-size":"auto","background-attachment":"scroll","background-type":"","background-media":"","overlay-type":"","overlay-color":"","overlay-opacity":"","overlay-gradient":""},"tablet":{"background-color":"var(--ast-global-color-5)","background-image":"","background-repeat":"repeat","background-position":"center center","background-size":"auto","background-attachment":"scroll","background-type":"","background-media":"","overlay-type":"","overlay-color":"","overlay-opacity":"","overlay-gradient":""},"mobile":{"background-color":"var(--ast-global-color-5)","background-image":"","background-repeat":"repeat","background-position":"center center","background-size":"auto","background-attachment":"scroll","background-type":"","background-media":"","overlay-type":"","overlay-color":"","overlay-opacity":"","overlay-gradient":""}},"_jetpack_memberships_contains_paid_content":false,"_joinchat":[],"footnotes":""},"categories":[2256,2323,2089],"tags":[2422,2421,912,2472,3109,1901],"class_list":["post-21467","post","type-post","status-publish","format-standard","has-post-thumbnail","hentry","category-coronavirus","category-notas-secundarias","category-politica","tag-coe","tag-imputacion","tag-marcos-juarez","tag-mpf","tag-pedro-dellarossa","tag-rebelion"],"yoast_head":"<!-- This site is optimized with the Yoast SEO plugin v26.8 - https:\/\/yoast.com\/product\/yoast-seo-wordpress\/ -->\n<title>Rebeli\u00f3n en Marcos Ju\u00e1rez: temen que se extienda a otras ciudades - El Regional<\/title>\n<meta name=\"description\" content=\"En el medio queda la expresi\u00f3n de un mandatario que escuch\u00f3, antes que nada y a nadie a sus propios ciudadanos que salieron a respaldarlo.\" \/>\n<meta name=\"robots\" content=\"index, follow, max-snippet:-1, max-image-preview:large, max-video-preview:-1\" \/>\n<link rel=\"canonical\" href=\"http:\/\/elregionalvm.com.ar\/noticias-villa-maria\/rebelion-en-marcos-juarez-temen-que-se-extienda-a-otras-ciudades\/\" \/>\n<meta property=\"og:locale\" content=\"es_ES\" \/>\n<meta property=\"og:type\" content=\"article\" \/>\n<meta property=\"og:title\" content=\"Rebeli\u00f3n en Marcos Ju\u00e1rez: temen que se extienda a otras ciudades - El Regional\" \/>\n<meta property=\"og:description\" content=\"En el medio queda la expresi\u00f3n de un mandatario que escuch\u00f3, antes que nada y a nadie a sus propios ciudadanos que salieron a respaldarlo.\" \/>\n<meta property=\"og:url\" content=\"http:\/\/elregionalvm.com.ar\/noticias-villa-maria\/rebelion-en-marcos-juarez-temen-que-se-extienda-a-otras-ciudades\/\" \/>\n<meta property=\"og:site_name\" content=\"El Regional\" \/>\n<meta property=\"article:publisher\" content=\"https:\/\/www.facebook.com\/elregionalvm\" \/>\n<meta property=\"article:published_time\" content=\"2020-08-05T11:42:47+00:00\" \/>\n<meta property=\"article:modified_time\" content=\"2020-08-06T04:01:24+00:00\" \/>\n<meta property=\"og:image\" content=\"http:\/\/elregionalvm.com.ar\/noticias-villa-maria\/wp-content\/uploads\/2020\/08\/marcos_juarez_intendentes_apoyo_1596553822.jpg\" \/>\n\t<meta property=\"og:image:width\" content=\"1072\" \/>\n\t<meta property=\"og:image:height\" content=\"589\" \/>\n\t<meta property=\"og:image:type\" content=\"image\/jpeg\" \/>\n<meta name=\"author\" content=\"Miguel Andreis\" \/>\n<meta name=\"twitter:card\" content=\"summary_large_image\" \/>\n<meta name=\"twitter:creator\" content=\"@elregionalvm1\" \/>\n<meta name=\"twitter:site\" content=\"@elregionalvm1\" \/>\n<meta name=\"twitter:label1\" content=\"Escrito por\" \/>\n\t<meta name=\"twitter:data1\" content=\"Miguel Andreis\" \/>\n\t<meta name=\"twitter:label2\" content=\"Tiempo de lectura\" \/>\n\t<meta name=\"twitter:data2\" content=\"4 minutos\" \/>\n<script type=\"application\/ld+json\" class=\"yoast-schema-graph\">{\"@context\":\"https:\/\/schema.org\",\"@graph\":[{\"@type\":\"Article\",\"@id\":\"http:\/\/elregionalvm.com.ar\/noticias-villa-maria\/rebelion-en-marcos-juarez-temen-que-se-extienda-a-otras-ciudades\/#article\",\"isPartOf\":{\"@id\":\"http:\/\/elregionalvm.com.ar\/noticias-villa-maria\/rebelion-en-marcos-juarez-temen-que-se-extienda-a-otras-ciudades\/\"},\"author\":{\"name\":\"Miguel Andreis\",\"@id\":\"http:\/\/elregionalvm.com.ar\/noticias-villa-maria\/#\/schema\/person\/df5ff3f005acf29788aed9cb359f1193\"},\"headline\":\"Rebeli\u00f3n en Marcos Ju\u00e1rez: temen que se extienda a otras ciudades\",\"datePublished\":\"2020-08-05T11:42:47+00:00\",\"dateModified\":\"2020-08-06T04:01:24+00:00\",\"mainEntityOfPage\":{\"@id\":\"http:\/\/elregionalvm.com.ar\/noticias-villa-maria\/rebelion-en-marcos-juarez-temen-que-se-extienda-a-otras-ciudades\/\"},\"wordCount\":801,\"commentCount\":1,\"image\":{\"@id\":\"http:\/\/elregionalvm.com.ar\/noticias-villa-maria\/rebelion-en-marcos-juarez-temen-que-se-extienda-a-otras-ciudades\/#primaryimage\"},\"thumbnailUrl\":\"https:\/\/i0.wp.com\/elregionalvm.com.ar\/noticias-villa-maria\/wp-content\/uploads\/2020\/08\/marcos_juarez_intendentes_apoyo_1596553822.jpg?fit=1072%2C589&ssl=1\",\"keywords\":[\"COE\",\"Imputaci\u00f3n\",\"Marcos Juarez\",\"MPF\",\"Pedro Dellarossa\",\"rebeli\u00f3n\"],\"articleSection\":[\"Coronavirus\",\"Notas\",\"Pol\u00edtica\"],\"inLanguage\":\"es\",\"potentialAction\":[{\"@type\":\"CommentAction\",\"name\":\"Comment\",\"target\":[\"http:\/\/elregionalvm.com.ar\/noticias-villa-maria\/rebelion-en-marcos-juarez-temen-que-se-extienda-a-otras-ciudades\/#respond\"]}]},{\"@type\":\"WebPage\",\"@id\":\"http:\/\/elregionalvm.com.ar\/noticias-villa-maria\/rebelion-en-marcos-juarez-temen-que-se-extienda-a-otras-ciudades\/\",\"url\":\"http:\/\/elregionalvm.com.ar\/noticias-villa-maria\/rebelion-en-marcos-juarez-temen-que-se-extienda-a-otras-ciudades\/\",\"name\":\"Rebeli\u00f3n en Marcos Ju\u00e1rez: temen que se extienda a otras ciudades - El Regional\",\"isPartOf\":{\"@id\":\"http:\/\/elregionalvm.com.ar\/noticias-villa-maria\/#website\"},\"primaryImageOfPage\":{\"@id\":\"http:\/\/elregionalvm.com.ar\/noticias-villa-maria\/rebelion-en-marcos-juarez-temen-que-se-extienda-a-otras-ciudades\/#primaryimage\"},\"image\":{\"@id\":\"http:\/\/elregionalvm.com.ar\/noticias-villa-maria\/rebelion-en-marcos-juarez-temen-que-se-extienda-a-otras-ciudades\/#primaryimage\"},\"thumbnailUrl\":\"https:\/\/i0.wp.com\/elregionalvm.com.ar\/noticias-villa-maria\/wp-content\/uploads\/2020\/08\/marcos_juarez_intendentes_apoyo_1596553822.jpg?fit=1072%2C589&ssl=1\",\"datePublished\":\"2020-08-05T11:42:47+00:00\",\"dateModified\":\"2020-08-06T04:01:24+00:00\",\"author\":{\"@id\":\"http:\/\/elregionalvm.com.ar\/noticias-villa-maria\/#\/schema\/person\/df5ff3f005acf29788aed9cb359f1193\"},\"description\":\"En el medio queda la expresi\u00f3n de un mandatario que escuch\u00f3, antes que nada y a nadie a sus propios ciudadanos que salieron a respaldarlo.\",\"breadcrumb\":{\"@id\":\"http:\/\/elregionalvm.com.ar\/noticias-villa-maria\/rebelion-en-marcos-juarez-temen-que-se-extienda-a-otras-ciudades\/#breadcrumb\"},\"inLanguage\":\"es\",\"potentialAction\":[{\"@type\":\"ReadAction\",\"target\":[\"http:\/\/elregionalvm.com.ar\/noticias-villa-maria\/rebelion-en-marcos-juarez-temen-que-se-extienda-a-otras-ciudades\/\"]}]},{\"@type\":\"ImageObject\",\"inLanguage\":\"es\",\"@id\":\"http:\/\/elregionalvm.com.ar\/noticias-villa-maria\/rebelion-en-marcos-juarez-temen-que-se-extienda-a-otras-ciudades\/#primaryimage\",\"url\":\"https:\/\/i0.wp.com\/elregionalvm.com.ar\/noticias-villa-maria\/wp-content\/uploads\/2020\/08\/marcos_juarez_intendentes_apoyo_1596553822.jpg?fit=1072%2C589&ssl=1\",\"contentUrl\":\"https:\/\/i0.wp.com\/elregionalvm.com.ar\/noticias-villa-maria\/wp-content\/uploads\/2020\/08\/marcos_juarez_intendentes_apoyo_1596553822.jpg?fit=1072%2C589&ssl=1\",\"width\":1072,\"height\":589},{\"@type\":\"BreadcrumbList\",\"@id\":\"http:\/\/elregionalvm.com.ar\/noticias-villa-maria\/rebelion-en-marcos-juarez-temen-que-se-extienda-a-otras-ciudades\/#breadcrumb\",\"itemListElement\":[{\"@type\":\"ListItem\",\"position\":1,\"name\":\"Portada\",\"item\":\"https:\/\/elregionalvm.com.ar\/noticias-villa-maria\/\"},{\"@type\":\"ListItem\",\"position\":2,\"name\":\"Rebeli\u00f3n en Marcos Ju\u00e1rez: temen que se extienda a otras ciudades\"}]},{\"@type\":\"WebSite\",\"@id\":\"http:\/\/elregionalvm.com.ar\/noticias-villa-maria\/#website\",\"url\":\"http:\/\/elregionalvm.com.ar\/noticias-villa-maria\/\",\"name\":\"El Regional\",\"description\":\"Mucho m\u00e1s que informaci\u00f3n\",\"potentialAction\":[{\"@type\":\"SearchAction\",\"target\":{\"@type\":\"EntryPoint\",\"urlTemplate\":\"http:\/\/elregionalvm.com.ar\/noticias-villa-maria\/?s={search_term_string}\"},\"query-input\":{\"@type\":\"PropertyValueSpecification\",\"valueRequired\":true,\"valueName\":\"search_term_string\"}}],\"inLanguage\":\"es\"},{\"@type\":\"Person\",\"@id\":\"http:\/\/elregionalvm.com.ar\/noticias-villa-maria\/#\/schema\/person\/df5ff3f005acf29788aed9cb359f1193\",\"name\":\"Miguel Andreis\",\"image\":{\"@type\":\"ImageObject\",\"inLanguage\":\"es\",\"@id\":\"http:\/\/elregionalvm.com.ar\/noticias-villa-maria\/#\/schema\/person\/image\/\",\"url\":\"https:\/\/secure.gravatar.com\/avatar\/c643381cd03da38327c6407e6886e7182d881f2ecf94a7902ca262c41f9d8884?s=96&d=mm&r=g\",\"contentUrl\":\"https:\/\/secure.gravatar.com\/avatar\/c643381cd03da38327c6407e6886e7182d881f2ecf94a7902ca262c41f9d8884?s=96&d=mm&r=g\",\"caption\":\"Miguel Andreis\"},\"url\":\"https:\/\/elregionalvm.com.ar\/noticias-villa-maria\/author\/miguelandreis\/\"}]}<\/script>\n<!-- \/ Yoast SEO plugin. -->","yoast_head_json":{"title":"Rebeli\u00f3n en Marcos Ju\u00e1rez: temen que se extienda a otras ciudades - El Regional","description":"En el medio queda la expresi\u00f3n de un mandatario que escuch\u00f3, antes que nada y a nadie a sus propios ciudadanos que salieron a respaldarlo.","robots":{"index":"index","follow":"follow","max-snippet":"max-snippet:-1","max-image-preview":"max-image-preview:large","max-video-preview":"max-video-preview:-1"},"canonical":"http:\/\/elregionalvm.com.ar\/noticias-villa-maria\/rebelion-en-marcos-juarez-temen-que-se-extienda-a-otras-ciudades\/","og_locale":"es_ES","og_type":"article","og_title":"Rebeli\u00f3n en Marcos Ju\u00e1rez: temen que se extienda a otras ciudades - El Regional","og_description":"En el medio queda la expresi\u00f3n de un mandatario que escuch\u00f3, antes que nada y a nadie a sus propios ciudadanos que salieron a respaldarlo.","og_url":"http:\/\/elregionalvm.com.ar\/noticias-villa-maria\/rebelion-en-marcos-juarez-temen-que-se-extienda-a-otras-ciudades\/","og_site_name":"El Regional","article_publisher":"https:\/\/www.facebook.com\/elregionalvm","article_published_time":"2020-08-05T11:42:47+00:00","article_modified_time":"2020-08-06T04:01:24+00:00","og_image":[{"width":1072,"height":589,"url":"http:\/\/elregionalvm.com.ar\/noticias-villa-maria\/wp-content\/uploads\/2020\/08\/marcos_juarez_intendentes_apoyo_1596553822.jpg","type":"image\/jpeg"}],"author":"Miguel Andreis","twitter_card":"summary_large_image","twitter_creator":"@elregionalvm1","twitter_site":"@elregionalvm1","twitter_misc":{"Escrito por":"Miguel Andreis","Tiempo de lectura":"4 minutos"},"schema":{"@context":"https:\/\/schema.org","@graph":[{"@type":"Article","@id":"http:\/\/elregionalvm.com.ar\/noticias-villa-maria\/rebelion-en-marcos-juarez-temen-que-se-extienda-a-otras-ciudades\/#article","isPartOf":{"@id":"http:\/\/elregionalvm.com.ar\/noticias-villa-maria\/rebelion-en-marcos-juarez-temen-que-se-extienda-a-otras-ciudades\/"},"author":{"name":"Miguel Andreis","@id":"http:\/\/elregionalvm.com.ar\/noticias-villa-maria\/#\/schema\/person\/df5ff3f005acf29788aed9cb359f1193"},"headline":"Rebeli\u00f3n en Marcos Ju\u00e1rez: temen que se extienda a otras ciudades","datePublished":"2020-08-05T11:42:47+00:00","dateModified":"2020-08-06T04:01:24+00:00","mainEntityOfPage":{"@id":"http:\/\/elregionalvm.com.ar\/noticias-villa-maria\/rebelion-en-marcos-juarez-temen-que-se-extienda-a-otras-ciudades\/"},"wordCount":801,"commentCount":1,"image":{"@id":"http:\/\/elregionalvm.com.ar\/noticias-villa-maria\/rebelion-en-marcos-juarez-temen-que-se-extienda-a-otras-ciudades\/#primaryimage"},"thumbnailUrl":"https:\/\/i0.wp.com\/elregionalvm.com.ar\/noticias-villa-maria\/wp-content\/uploads\/2020\/08\/marcos_juarez_intendentes_apoyo_1596553822.jpg?fit=1072%2C589&ssl=1","keywords":["COE","Imputaci\u00f3n","Marcos Juarez","MPF","Pedro Dellarossa","rebeli\u00f3n"],"articleSection":["Coronavirus","Notas","Pol\u00edtica"],"inLanguage":"es","potentialAction":[{"@type":"CommentAction","name":"Comment","target":["http:\/\/elregionalvm.com.ar\/noticias-villa-maria\/rebelion-en-marcos-juarez-temen-que-se-extienda-a-otras-ciudades\/#respond"]}]},{"@type":"WebPage","@id":"http:\/\/elregionalvm.com.ar\/noticias-villa-maria\/rebelion-en-marcos-juarez-temen-que-se-extienda-a-otras-ciudades\/","url":"http:\/\/elregionalvm.com.ar\/noticias-villa-maria\/rebelion-en-marcos-juarez-temen-que-se-extienda-a-otras-ciudades\/","name":"Rebeli\u00f3n en Marcos Ju\u00e1rez: temen que se extienda a otras ciudades - El Regional","isPartOf":{"@id":"http:\/\/elregionalvm.com.ar\/noticias-villa-maria\/#website"},"primaryImageOfPage":{"@id":"http:\/\/elregionalvm.com.ar\/noticias-villa-maria\/rebelion-en-marcos-juarez-temen-que-se-extienda-a-otras-ciudades\/#primaryimage"},"image":{"@id":"http:\/\/elregionalvm.com.ar\/noticias-villa-maria\/rebelion-en-marcos-juarez-temen-que-se-extienda-a-otras-ciudades\/#primaryimage"},"thumbnailUrl":"https:\/\/i0.wp.com\/elregionalvm.com.ar\/noticias-villa-maria\/wp-content\/uploads\/2020\/08\/marcos_juarez_intendentes_apoyo_1596553822.jpg?fit=1072%2C589&ssl=1","datePublished":"2020-08-05T11:42:47+00:00","dateModified":"2020-08-06T04:01:24+00:00","author":{"@id":"http:\/\/elregionalvm.com.ar\/noticias-villa-maria\/#\/schema\/person\/df5ff3f005acf29788aed9cb359f1193"},"description":"En el medio queda la expresi\u00f3n de un mandatario que escuch\u00f3, antes que nada y a nadie a sus propios ciudadanos que salieron a respaldarlo.","breadcrumb":{"@id":"http:\/\/elregionalvm.com.ar\/noticias-villa-maria\/rebelion-en-marcos-juarez-temen-que-se-extienda-a-otras-ciudades\/#breadcrumb"},"inLanguage":"es","potentialAction":[{"@type":"ReadAction","target":["http:\/\/elregionalvm.com.ar\/noticias-villa-maria\/rebelion-en-marcos-juarez-temen-que-se-extienda-a-otras-ciudades\/"]}]},{"@type":"ImageObject","inLanguage":"es","@id":"http:\/\/elregionalvm.com.ar\/noticias-villa-maria\/rebelion-en-marcos-juarez-temen-que-se-extienda-a-otras-ciudades\/#primaryimage","url":"https:\/\/i0.wp.com\/elregionalvm.com.ar\/noticias-villa-maria\/wp-content\/uploads\/2020\/08\/marcos_juarez_intendentes_apoyo_1596553822.jpg?fit=1072%2C589&ssl=1","contentUrl":"https:\/\/i0.wp.com\/elregionalvm.com.ar\/noticias-villa-maria\/wp-content\/uploads\/2020\/08\/marcos_juarez_intendentes_apoyo_1596553822.jpg?fit=1072%2C589&ssl=1","width":1072,"height":589},{"@type":"BreadcrumbList","@id":"http:\/\/elregionalvm.com.ar\/noticias-villa-maria\/rebelion-en-marcos-juarez-temen-que-se-extienda-a-otras-ciudades\/#breadcrumb","itemListElement":[{"@type":"ListItem","position":1,"name":"Portada","item":"https:\/\/elregionalvm.com.ar\/noticias-villa-maria\/"},{"@type":"ListItem","position":2,"name":"Rebeli\u00f3n en Marcos Ju\u00e1rez: temen que se extienda a otras ciudades"}]},{"@type":"WebSite","@id":"http:\/\/elregionalvm.com.ar\/noticias-villa-maria\/#website","url":"http:\/\/elregionalvm.com.ar\/noticias-villa-maria\/","name":"El Regional","description":"Mucho m\u00e1s que informaci\u00f3n","potentialAction":[{"@type":"SearchAction","target":{"@type":"EntryPoint","urlTemplate":"http:\/\/elregionalvm.com.ar\/noticias-villa-maria\/?s={search_term_string}"},"query-input":{"@type":"PropertyValueSpecification","valueRequired":true,"valueName":"search_term_string"}}],"inLanguage":"es"},{"@type":"Person","@id":"http:\/\/elregionalvm.com.ar\/noticias-villa-maria\/#\/schema\/person\/df5ff3f005acf29788aed9cb359f1193","name":"Miguel Andreis","image":{"@type":"ImageObject","inLanguage":"es","@id":"http:\/\/elregionalvm.com.ar\/noticias-villa-maria\/#\/schema\/person\/image\/","url":"https:\/\/secure.gravatar.com\/avatar\/c643381cd03da38327c6407e6886e7182d881f2ecf94a7902ca262c41f9d8884?s=96&d=mm&r=g","contentUrl":"https:\/\/secure.gravatar.com\/avatar\/c643381cd03da38327c6407e6886e7182d881f2ecf94a7902ca262c41f9d8884?s=96&d=mm&r=g","caption":"Miguel Andreis"},"url":"https:\/\/elregionalvm.com.ar\/noticias-villa-maria\/author\/miguelandreis\/"}]}},"jetpack_featured_media_url":"https:\/\/i0.wp.com\/elregionalvm.com.ar\/noticias-villa-maria\/wp-content\/uploads\/2020\/08\/marcos_juarez_intendentes_apoyo_1596553822.jpg?fit=1072%2C589&ssl=1","jetpack_sharing_enabled":true,"_links":{"self":[{"href":"https:\/\/elregionalvm.com.ar\/noticias-villa-maria\/wp-json\/wp\/v2\/posts\/21467","targetHints":{"allow":["GET"]}}],"collection":[{"href":"https:\/\/elregionalvm.com.ar\/noticias-villa-maria\/wp-json\/wp\/v2\/posts"}],"about":[{"href":"https:\/\/elregionalvm.com.ar\/noticias-villa-maria\/wp-json\/wp\/v2\/types\/post"}],"author":[{"embeddable":true,"href":"https:\/\/elregionalvm.com.ar\/noticias-villa-maria\/wp-json\/wp\/v2\/users\/5"}],"replies":[{"embeddable":true,"href":"https:\/\/elregionalvm.com.ar\/noticias-villa-maria\/wp-json\/wp\/v2\/comments?post=21467"}],"version-history":[{"count":1,"href":"https:\/\/elregionalvm.com.ar\/noticias-villa-maria\/wp-json\/wp\/v2\/posts\/21467\/revisions"}],"predecessor-version":[{"id":21470,"href":"https:\/\/elregionalvm.com.ar\/noticias-villa-maria\/wp-json\/wp\/v2\/posts\/21467\/revisions\/21470"}],"wp:featuredmedia":[{"embeddable":true,"href":"https:\/\/elregionalvm.com.ar\/noticias-villa-maria\/wp-json\/wp\/v2\/media\/21469"}],"wp:attachment":[{"href":"https:\/\/elregionalvm.com.ar\/noticias-villa-maria\/wp-json\/wp\/v2\/media?parent=21467"}],"wp:term":[{"taxonomy":"category","embeddable":true,"href":"https:\/\/elregionalvm.com.ar\/noticias-villa-maria\/wp-json\/wp\/v2\/categories?post=21467"},{"taxonomy":"post_tag","embeddable":true,"href":"https:\/\/elregionalvm.com.ar\/noticias-villa-maria\/wp-json\/wp\/v2\/tags?post=21467"}],"curies":[{"name":"wp","href":"https:\/\/api.w.org\/{rel}","templated":true}]}}