{"id":21491,"date":"2020-08-05T20:07:18","date_gmt":"2020-08-05T20:07:18","guid":{"rendered":"https:\/\/elregionalvm.com.ar\/noticias-villa-maria\/?p=21491"},"modified":"2020-08-06T01:39:28","modified_gmt":"2020-08-06T01:39:28","slug":"podran-abrir-manana-los-bares-y-restaurantes","status":"publish","type":"post","link":"https:\/\/elregionalvm.com.ar\/noticias-villa-maria\/podran-abrir-manana-los-bares-y-restaurantes\/","title":{"rendered":"\u00bfPodr\u00e1n abrir ma\u00f1ana los bares y restaurantes?"},"content":{"rendered":"\n<p>Como en muchas otras \u00e1reas, en el sector gastron\u00f3mico les est\u00e1 ganando la incertidumbre. Este mi\u00e9rcoles se est\u00e1 cumpliendo con los 14 d\u00edas de cierre dispuestos por el COE Central para todos los bares, confiter\u00edas y restaurantes del corredor Ruta 9 Sur, luego del brote desatado especialmente en Marcos Ju\u00e1rez y Oliva, donde hubo una explosi\u00f3n de casos de Covid-19 desde hace varias semanas.<\/p>\n\n\n\n<p>En teor\u00eda, este jueves, el plazo establecido de cierre ya estar\u00eda cumplido y los gastron\u00f3micos en Villa Mar\u00eda quieren abrir sus puertas. La situaci\u00f3n econ\u00f3mica para los empresarios se torna insostenible, los empleados del rubro necesitan volver a trabajar pero a\u00fan no tienen la certeza de poder hacerlo desde este jueves.<\/p>\n\n\n\n<p>Aunque ha habido contactos tanto con el Municipio y el COE Regional, todav\u00eda no han tenido luz verde de manera oficial, algo que ha irritado a la gran mayor\u00eda, ya que  para poder abrir sus negocios deben hacer compra de mercader\u00edas (mayormente perecederas), contactarse con sus distribuidores y avisar a los empleados para que puedan presentarse como siempre.<\/p>\n\n\n\n<p>Entre 4 y 5 comercios del rubro ya han cerrado sus puertas a nivel local, desliz\u00f3 Carlos Goya, propietario de \u00abLa Parrilla del Colo\u00bb y pidi\u00f3 que se aceleren las decisiones para que este jueves puedan volver al rubro, ya que para muchos es imperioso regresar a sus fuentes laborales. <em>\u00abMuchos deben alquileres, servicios esenciales como la luz, pagar sueldos y aportes patronales, de lo contrario no se podr\u00e1 continuar. Y a\u00fan as\u00ed muchos estar\u00e1n saliendo con lo justo para mantenerse a flote\u00bb.<\/em><\/p>\n","protected":false},"excerpt":{"rendered":"<p>Como en muchas otras \u00e1reas, en el sector gastron\u00f3mico les est\u00e1 ganando la incertidumbre. Este mi\u00e9rcoles se est\u00e1 cumpliendo con los 14 d\u00edas de cierre dispuestos por el COE Central para todos los bares, confiter\u00edas y restaurantes del corredor Ruta 9 Sur, luego del brote desatado especialmente en Marcos Ju\u00e1rez y Oliva, donde hubo una [&hellip;]<\/p>\n","protected":false},"author":4,"featured_media":21492,"comment_status":"open","ping_status":"open","sticky":false,"template":"","format":"standard","meta":{"site-sidebar-layout":"default","site-content-layout":"default","ast-site-content-layout":"default","site-content-style":"default","site-sidebar-style":"default","ast-global-header-display":"","ast-banner-title-visibility":"","ast-main-header-display":"","ast-hfb-above-header-display":"","ast-hfb-below-header-display":"","ast-hfb-mobile-header-display":"","site-post-title":"","ast-breadcrumbs-content":"","ast-featured-img":"","footer-sml-layout":"","ast-disable-related-posts":"","theme-transparent-header-meta":"default","adv-header-id-meta":"","stick-header-meta":"","header-above-stick-meta":"","header-main-stick-meta":"","header-below-stick-meta":"","astra-migrate-meta-layouts":"default","ast-page-background-enabled":"default","ast-page-background-meta":{"desktop":{"background-color":"","background-image":"","background-repeat":"repeat","background-position":"center center","background-size":"auto","background-attachment":"scroll","background-type":"","background-media":"","overlay-type":"","overlay-color":"","overlay-opacity":"","overlay-gradient":""},"tablet":{"background-color":"","background-image":"","background-repeat":"repeat","background-position":"center center","background-size":"auto","background-attachment":"scroll","background-type":"","background-media":"","overlay-type":"","overlay-color":"","overlay-opacity":"","overlay-gradient":""},"mobile":{"background-color":"","background-image":"","background-repeat":"repeat","background-position":"center center","background-size":"auto","background-attachment":"scroll","background-type":"","background-media":"","overlay-type":"","overlay-color":"","overlay-opacity":"","overlay-gradient":""}},"ast-content-background-meta":{"desktop":{"background-color":"var(--ast-global-color-5)","background-image":"","background-repeat":"repeat","background-position":"center center","background-size":"auto","background-attachment":"scroll","background-type":"","background-media":"","overlay-type":"","overlay-color":"","overlay-opacity":"","overlay-gradient":""},"tablet":{"background-color":"var(--ast-global-color-5)","background-image":"","background-repeat":"repeat","background-position":"center center","background-size":"auto","background-attachment":"scroll","background-type":"","background-media":"","overlay-type":"","overlay-color":"","overlay-opacity":"","overlay-gradient":""},"mobile":{"background-color":"var(--ast-global-color-5)","background-image":"","background-repeat":"repeat","background-position":"center center","background-size":"auto","background-attachment":"scroll","background-type":"","background-media":"","overlay-type":"","overlay-color":"","overlay-opacity":"","overlay-gradient":""}},"_jetpack_memberships_contains_paid_content":false,"_joinchat":[],"footnotes":""},"categories":[2],"tags":[3118,3119,2212,2048,3120,2803,1611,2474,2217,3121],"class_list":["post-21491","post","type-post","status-publish","format-standard","has-post-thumbnail","hentry","category-villa-maria","tag-14-dias","tag-aperturas","tag-bares","tag-cierre","tag-coe-regional","tag-gastronomicos","tag-incertidumbre","tag-municipalidad-de-villa-maria","tag-restaurantes","tag-rubro-gastronomico"],"yoast_head":"<!-- This site is optimized with the Yoast SEO plugin v26.8 - https:\/\/yoast.com\/product\/yoast-seo-wordpress\/ -->\n<title>\u00bfPodr\u00e1n abrir ma\u00f1ana los bares y restaurantes? - El Regional<\/title>\n<meta name=\"robots\" content=\"index, follow, max-snippet:-1, max-image-preview:large, max-video-preview:-1\" \/>\n<link rel=\"canonical\" href=\"http:\/\/elregionalvm.com.ar\/noticias-villa-maria\/podran-abrir-manana-los-bares-y-restaurantes\/\" \/>\n<meta property=\"og:locale\" content=\"es_ES\" \/>\n<meta property=\"og:type\" content=\"article\" \/>\n<meta property=\"og:title\" content=\"\u00bfPodr\u00e1n abrir ma\u00f1ana los bares y restaurantes? - El Regional\" \/>\n<meta property=\"og:description\" content=\"Como en muchas otras \u00e1reas, en el sector gastron\u00f3mico les est\u00e1 ganando la incertidumbre. Este mi\u00e9rcoles se est\u00e1 cumpliendo con los 14 d\u00edas de cierre dispuestos por el COE Central para todos los bares, confiter\u00edas y restaurantes del corredor Ruta 9 Sur, luego del brote desatado especialmente en Marcos Ju\u00e1rez y Oliva, donde hubo una [&hellip;]\" \/>\n<meta property=\"og:url\" content=\"http:\/\/elregionalvm.com.ar\/noticias-villa-maria\/podran-abrir-manana-los-bares-y-restaurantes\/\" \/>\n<meta property=\"og:site_name\" content=\"El Regional\" \/>\n<meta property=\"article:publisher\" content=\"https:\/\/www.facebook.com\/elregionalvm\" \/>\n<meta property=\"article:published_time\" content=\"2020-08-05T20:07:18+00:00\" \/>\n<meta property=\"article:modified_time\" content=\"2020-08-06T01:39:28+00:00\" \/>\n<meta property=\"og:image\" content=\"http:\/\/elregionalvm.com.ar\/noticias-villa-maria\/wp-content\/uploads\/2020\/08\/baress.jpg\" \/>\n\t<meta property=\"og:image:width\" content=\"2000\" \/>\n\t<meta property=\"og:image:height\" content=\"1333\" \/>\n\t<meta property=\"og:image:type\" content=\"image\/jpeg\" \/>\n<meta name=\"author\" content=\"Contenidos El Regional\" \/>\n<meta name=\"twitter:card\" content=\"summary_large_image\" \/>\n<meta name=\"twitter:creator\" content=\"@elregionalvm1\" \/>\n<meta name=\"twitter:site\" content=\"@elregionalvm1\" \/>\n<meta name=\"twitter:label1\" content=\"Escrito por\" \/>\n\t<meta name=\"twitter:data1\" content=\"Contenidos El Regional\" \/>\n\t<meta name=\"twitter:label2\" content=\"Tiempo de lectura\" \/>\n\t<meta name=\"twitter:data2\" content=\"1 minuto\" \/>\n<script type=\"application\/ld+json\" class=\"yoast-schema-graph\">{\"@context\":\"https:\/\/schema.org\",\"@graph\":[{\"@type\":\"Article\",\"@id\":\"http:\/\/elregionalvm.com.ar\/noticias-villa-maria\/podran-abrir-manana-los-bares-y-restaurantes\/#article\",\"isPartOf\":{\"@id\":\"http:\/\/elregionalvm.com.ar\/noticias-villa-maria\/podran-abrir-manana-los-bares-y-restaurantes\/\"},\"author\":{\"name\":\"Contenidos El Regional\",\"@id\":\"http:\/\/elregionalvm.com.ar\/noticias-villa-maria\/#\/schema\/person\/a0fb9c422317faca23d50163151bc354\"},\"headline\":\"\u00bfPodr\u00e1n abrir ma\u00f1ana los bares y restaurantes?\",\"datePublished\":\"2020-08-05T20:07:18+00:00\",\"dateModified\":\"2020-08-06T01:39:28+00:00\",\"mainEntityOfPage\":{\"@id\":\"http:\/\/elregionalvm.com.ar\/noticias-villa-maria\/podran-abrir-manana-los-bares-y-restaurantes\/\"},\"wordCount\":279,\"commentCount\":0,\"image\":{\"@id\":\"http:\/\/elregionalvm.com.ar\/noticias-villa-maria\/podran-abrir-manana-los-bares-y-restaurantes\/#primaryimage\"},\"thumbnailUrl\":\"https:\/\/i0.wp.com\/elregionalvm.com.ar\/noticias-villa-maria\/wp-content\/uploads\/2020\/08\/baress.jpg?fit=2000%2C1333&ssl=1\",\"keywords\":[\"14 d\u00edas\",\"aperturas\",\"Bares\",\"Cierre\",\"COE Regional\",\"gastron\u00f3micos\",\"incertidumbre\",\"Municipalidad de Villa Mar\u00eda\",\"restaurantes\",\"rubro gastron\u00f3mico\"],\"articleSection\":[\"Villa Mar\u00eda\"],\"inLanguage\":\"es\",\"potentialAction\":[{\"@type\":\"CommentAction\",\"name\":\"Comment\",\"target\":[\"http:\/\/elregionalvm.com.ar\/noticias-villa-maria\/podran-abrir-manana-los-bares-y-restaurantes\/#respond\"]}]},{\"@type\":\"WebPage\",\"@id\":\"http:\/\/elregionalvm.com.ar\/noticias-villa-maria\/podran-abrir-manana-los-bares-y-restaurantes\/\",\"url\":\"http:\/\/elregionalvm.com.ar\/noticias-villa-maria\/podran-abrir-manana-los-bares-y-restaurantes\/\",\"name\":\"\u00bfPodr\u00e1n abrir ma\u00f1ana los bares y restaurantes? - El Regional\",\"isPartOf\":{\"@id\":\"http:\/\/elregionalvm.com.ar\/noticias-villa-maria\/#website\"},\"primaryImageOfPage\":{\"@id\":\"http:\/\/elregionalvm.com.ar\/noticias-villa-maria\/podran-abrir-manana-los-bares-y-restaurantes\/#primaryimage\"},\"image\":{\"@id\":\"http:\/\/elregionalvm.com.ar\/noticias-villa-maria\/podran-abrir-manana-los-bares-y-restaurantes\/#primaryimage\"},\"thumbnailUrl\":\"https:\/\/i0.wp.com\/elregionalvm.com.ar\/noticias-villa-maria\/wp-content\/uploads\/2020\/08\/baress.jpg?fit=2000%2C1333&ssl=1\",\"datePublished\":\"2020-08-05T20:07:18+00:00\",\"dateModified\":\"2020-08-06T01:39:28+00:00\",\"author\":{\"@id\":\"http:\/\/elregionalvm.com.ar\/noticias-villa-maria\/#\/schema\/person\/a0fb9c422317faca23d50163151bc354\"},\"breadcrumb\":{\"@id\":\"http:\/\/elregionalvm.com.ar\/noticias-villa-maria\/podran-abrir-manana-los-bares-y-restaurantes\/#breadcrumb\"},\"inLanguage\":\"es\",\"potentialAction\":[{\"@type\":\"ReadAction\",\"target\":[\"http:\/\/elregionalvm.com.ar\/noticias-villa-maria\/podran-abrir-manana-los-bares-y-restaurantes\/\"]}]},{\"@type\":\"ImageObject\",\"inLanguage\":\"es\",\"@id\":\"http:\/\/elregionalvm.com.ar\/noticias-villa-maria\/podran-abrir-manana-los-bares-y-restaurantes\/#primaryimage\",\"url\":\"https:\/\/i0.wp.com\/elregionalvm.com.ar\/noticias-villa-maria\/wp-content\/uploads\/2020\/08\/baress.jpg?fit=2000%2C1333&ssl=1\",\"contentUrl\":\"https:\/\/i0.wp.com\/elregionalvm.com.ar\/noticias-villa-maria\/wp-content\/uploads\/2020\/08\/baress.jpg?fit=2000%2C1333&ssl=1\",\"width\":2000,\"height\":1333},{\"@type\":\"BreadcrumbList\",\"@id\":\"http:\/\/elregionalvm.com.ar\/noticias-villa-maria\/podran-abrir-manana-los-bares-y-restaurantes\/#breadcrumb\",\"itemListElement\":[{\"@type\":\"ListItem\",\"position\":1,\"name\":\"Portada\",\"item\":\"https:\/\/elregionalvm.com.ar\/noticias-villa-maria\/\"},{\"@type\":\"ListItem\",\"position\":2,\"name\":\"\u00bfPodr\u00e1n abrir ma\u00f1ana los bares y restaurantes?\"}]},{\"@type\":\"WebSite\",\"@id\":\"http:\/\/elregionalvm.com.ar\/noticias-villa-maria\/#website\",\"url\":\"http:\/\/elregionalvm.com.ar\/noticias-villa-maria\/\",\"name\":\"El Regional\",\"description\":\"Mucho m\u00e1s que informaci\u00f3n\",\"potentialAction\":[{\"@type\":\"SearchAction\",\"target\":{\"@type\":\"EntryPoint\",\"urlTemplate\":\"http:\/\/elregionalvm.com.ar\/noticias-villa-maria\/?s={search_term_string}\"},\"query-input\":{\"@type\":\"PropertyValueSpecification\",\"valueRequired\":true,\"valueName\":\"search_term_string\"}}],\"inLanguage\":\"es\"},{\"@type\":\"Person\",\"@id\":\"http:\/\/elregionalvm.com.ar\/noticias-villa-maria\/#\/schema\/person\/a0fb9c422317faca23d50163151bc354\",\"name\":\"Contenidos El Regional\",\"image\":{\"@type\":\"ImageObject\",\"inLanguage\":\"es\",\"@id\":\"http:\/\/elregionalvm.com.ar\/noticias-villa-maria\/#\/schema\/person\/image\/\",\"url\":\"https:\/\/secure.gravatar.com\/avatar\/265b27cb2209af7bb3a1318f03305787d7981a5cc6e6cd08fe5a4ecdf99d4b48?s=96&d=mm&r=g\",\"contentUrl\":\"https:\/\/secure.gravatar.com\/avatar\/265b27cb2209af7bb3a1318f03305787d7981a5cc6e6cd08fe5a4ecdf99d4b48?s=96&d=mm&r=g\",\"caption\":\"Contenidos El Regional\"},\"url\":\"https:\/\/elregionalvm.com.ar\/noticias-villa-maria\/author\/contenido\/\"}]}<\/script>\n<!-- \/ Yoast SEO plugin. -->","yoast_head_json":{"title":"\u00bfPodr\u00e1n abrir ma\u00f1ana los bares y restaurantes? - El Regional","robots":{"index":"index","follow":"follow","max-snippet":"max-snippet:-1","max-image-preview":"max-image-preview:large","max-video-preview":"max-video-preview:-1"},"canonical":"http:\/\/elregionalvm.com.ar\/noticias-villa-maria\/podran-abrir-manana-los-bares-y-restaurantes\/","og_locale":"es_ES","og_type":"article","og_title":"\u00bfPodr\u00e1n abrir ma\u00f1ana los bares y restaurantes? - El Regional","og_description":"Como en muchas otras \u00e1reas, en el sector gastron\u00f3mico les est\u00e1 ganando la incertidumbre. Este mi\u00e9rcoles se est\u00e1 cumpliendo con los 14 d\u00edas de cierre dispuestos por el COE Central para todos los bares, confiter\u00edas y restaurantes del corredor Ruta 9 Sur, luego del brote desatado especialmente en Marcos Ju\u00e1rez y Oliva, donde hubo una [&hellip;]","og_url":"http:\/\/elregionalvm.com.ar\/noticias-villa-maria\/podran-abrir-manana-los-bares-y-restaurantes\/","og_site_name":"El Regional","article_publisher":"https:\/\/www.facebook.com\/elregionalvm","article_published_time":"2020-08-05T20:07:18+00:00","article_modified_time":"2020-08-06T01:39:28+00:00","og_image":[{"width":2000,"height":1333,"url":"http:\/\/elregionalvm.com.ar\/noticias-villa-maria\/wp-content\/uploads\/2020\/08\/baress.jpg","type":"image\/jpeg"}],"author":"Contenidos El Regional","twitter_card":"summary_large_image","twitter_creator":"@elregionalvm1","twitter_site":"@elregionalvm1","twitter_misc":{"Escrito por":"Contenidos El Regional","Tiempo de lectura":"1 minuto"},"schema":{"@context":"https:\/\/schema.org","@graph":[{"@type":"Article","@id":"http:\/\/elregionalvm.com.ar\/noticias-villa-maria\/podran-abrir-manana-los-bares-y-restaurantes\/#article","isPartOf":{"@id":"http:\/\/elregionalvm.com.ar\/noticias-villa-maria\/podran-abrir-manana-los-bares-y-restaurantes\/"},"author":{"name":"Contenidos El Regional","@id":"http:\/\/elregionalvm.com.ar\/noticias-villa-maria\/#\/schema\/person\/a0fb9c422317faca23d50163151bc354"},"headline":"\u00bfPodr\u00e1n abrir ma\u00f1ana los bares y restaurantes?","datePublished":"2020-08-05T20:07:18+00:00","dateModified":"2020-08-06T01:39:28+00:00","mainEntityOfPage":{"@id":"http:\/\/elregionalvm.com.ar\/noticias-villa-maria\/podran-abrir-manana-los-bares-y-restaurantes\/"},"wordCount":279,"commentCount":0,"image":{"@id":"http:\/\/elregionalvm.com.ar\/noticias-villa-maria\/podran-abrir-manana-los-bares-y-restaurantes\/#primaryimage"},"thumbnailUrl":"https:\/\/i0.wp.com\/elregionalvm.com.ar\/noticias-villa-maria\/wp-content\/uploads\/2020\/08\/baress.jpg?fit=2000%2C1333&ssl=1","keywords":["14 d\u00edas","aperturas","Bares","Cierre","COE Regional","gastron\u00f3micos","incertidumbre","Municipalidad de Villa Mar\u00eda","restaurantes","rubro gastron\u00f3mico"],"articleSection":["Villa Mar\u00eda"],"inLanguage":"es","potentialAction":[{"@type":"CommentAction","name":"Comment","target":["http:\/\/elregionalvm.com.ar\/noticias-villa-maria\/podran-abrir-manana-los-bares-y-restaurantes\/#respond"]}]},{"@type":"WebPage","@id":"http:\/\/elregionalvm.com.ar\/noticias-villa-maria\/podran-abrir-manana-los-bares-y-restaurantes\/","url":"http:\/\/elregionalvm.com.ar\/noticias-villa-maria\/podran-abrir-manana-los-bares-y-restaurantes\/","name":"\u00bfPodr\u00e1n abrir ma\u00f1ana los bares y restaurantes? - El Regional","isPartOf":{"@id":"http:\/\/elregionalvm.com.ar\/noticias-villa-maria\/#website"},"primaryImageOfPage":{"@id":"http:\/\/elregionalvm.com.ar\/noticias-villa-maria\/podran-abrir-manana-los-bares-y-restaurantes\/#primaryimage"},"image":{"@id":"http:\/\/elregionalvm.com.ar\/noticias-villa-maria\/podran-abrir-manana-los-bares-y-restaurantes\/#primaryimage"},"thumbnailUrl":"https:\/\/i0.wp.com\/elregionalvm.com.ar\/noticias-villa-maria\/wp-content\/uploads\/2020\/08\/baress.jpg?fit=2000%2C1333&ssl=1","datePublished":"2020-08-05T20:07:18+00:00","dateModified":"2020-08-06T01:39:28+00:00","author":{"@id":"http:\/\/elregionalvm.com.ar\/noticias-villa-maria\/#\/schema\/person\/a0fb9c422317faca23d50163151bc354"},"breadcrumb":{"@id":"http:\/\/elregionalvm.com.ar\/noticias-villa-maria\/podran-abrir-manana-los-bares-y-restaurantes\/#breadcrumb"},"inLanguage":"es","potentialAction":[{"@type":"ReadAction","target":["http:\/\/elregionalvm.com.ar\/noticias-villa-maria\/podran-abrir-manana-los-bares-y-restaurantes\/"]}]},{"@type":"ImageObject","inLanguage":"es","@id":"http:\/\/elregionalvm.com.ar\/noticias-villa-maria\/podran-abrir-manana-los-bares-y-restaurantes\/#primaryimage","url":"https:\/\/i0.wp.com\/elregionalvm.com.ar\/noticias-villa-maria\/wp-content\/uploads\/2020\/08\/baress.jpg?fit=2000%2C1333&ssl=1","contentUrl":"https:\/\/i0.wp.com\/elregionalvm.com.ar\/noticias-villa-maria\/wp-content\/uploads\/2020\/08\/baress.jpg?fit=2000%2C1333&ssl=1","width":2000,"height":1333},{"@type":"BreadcrumbList","@id":"http:\/\/elregionalvm.com.ar\/noticias-villa-maria\/podran-abrir-manana-los-bares-y-restaurantes\/#breadcrumb","itemListElement":[{"@type":"ListItem","position":1,"name":"Portada","item":"https:\/\/elregionalvm.com.ar\/noticias-villa-maria\/"},{"@type":"ListItem","position":2,"name":"\u00bfPodr\u00e1n abrir ma\u00f1ana los bares y restaurantes?"}]},{"@type":"WebSite","@id":"http:\/\/elregionalvm.com.ar\/noticias-villa-maria\/#website","url":"http:\/\/elregionalvm.com.ar\/noticias-villa-maria\/","name":"El Regional","description":"Mucho m\u00e1s que informaci\u00f3n","potentialAction":[{"@type":"SearchAction","target":{"@type":"EntryPoint","urlTemplate":"http:\/\/elregionalvm.com.ar\/noticias-villa-maria\/?s={search_term_string}"},"query-input":{"@type":"PropertyValueSpecification","valueRequired":true,"valueName":"search_term_string"}}],"inLanguage":"es"},{"@type":"Person","@id":"http:\/\/elregionalvm.com.ar\/noticias-villa-maria\/#\/schema\/person\/a0fb9c422317faca23d50163151bc354","name":"Contenidos El Regional","image":{"@type":"ImageObject","inLanguage":"es","@id":"http:\/\/elregionalvm.com.ar\/noticias-villa-maria\/#\/schema\/person\/image\/","url":"https:\/\/secure.gravatar.com\/avatar\/265b27cb2209af7bb3a1318f03305787d7981a5cc6e6cd08fe5a4ecdf99d4b48?s=96&d=mm&r=g","contentUrl":"https:\/\/secure.gravatar.com\/avatar\/265b27cb2209af7bb3a1318f03305787d7981a5cc6e6cd08fe5a4ecdf99d4b48?s=96&d=mm&r=g","caption":"Contenidos El Regional"},"url":"https:\/\/elregionalvm.com.ar\/noticias-villa-maria\/author\/contenido\/"}]}},"jetpack_featured_media_url":"https:\/\/i0.wp.com\/elregionalvm.com.ar\/noticias-villa-maria\/wp-content\/uploads\/2020\/08\/baress.jpg?fit=2000%2C1333&ssl=1","jetpack_sharing_enabled":true,"_links":{"self":[{"href":"https:\/\/elregionalvm.com.ar\/noticias-villa-maria\/wp-json\/wp\/v2\/posts\/21491","targetHints":{"allow":["GET"]}}],"collection":[{"href":"https:\/\/elregionalvm.com.ar\/noticias-villa-maria\/wp-json\/wp\/v2\/posts"}],"about":[{"href":"https:\/\/elregionalvm.com.ar\/noticias-villa-maria\/wp-json\/wp\/v2\/types\/post"}],"author":[{"embeddable":true,"href":"https:\/\/elregionalvm.com.ar\/noticias-villa-maria\/wp-json\/wp\/v2\/users\/4"}],"replies":[{"embeddable":true,"href":"https:\/\/elregionalvm.com.ar\/noticias-villa-maria\/wp-json\/wp\/v2\/comments?post=21491"}],"version-history":[{"count":1,"href":"https:\/\/elregionalvm.com.ar\/noticias-villa-maria\/wp-json\/wp\/v2\/posts\/21491\/revisions"}],"predecessor-version":[{"id":21493,"href":"https:\/\/elregionalvm.com.ar\/noticias-villa-maria\/wp-json\/wp\/v2\/posts\/21491\/revisions\/21493"}],"wp:featuredmedia":[{"embeddable":true,"href":"https:\/\/elregionalvm.com.ar\/noticias-villa-maria\/wp-json\/wp\/v2\/media\/21492"}],"wp:attachment":[{"href":"https:\/\/elregionalvm.com.ar\/noticias-villa-maria\/wp-json\/wp\/v2\/media?parent=21491"}],"wp:term":[{"taxonomy":"category","embeddable":true,"href":"https:\/\/elregionalvm.com.ar\/noticias-villa-maria\/wp-json\/wp\/v2\/categories?post=21491"},{"taxonomy":"post_tag","embeddable":true,"href":"https:\/\/elregionalvm.com.ar\/noticias-villa-maria\/wp-json\/wp\/v2\/tags?post=21491"}],"curies":[{"name":"wp","href":"https:\/\/api.w.org\/{rel}","templated":true}]}}