{"id":21494,"date":"2020-08-05T20:26:59","date_gmt":"2020-08-05T20:26:59","guid":{"rendered":"https:\/\/elregionalvm.com.ar\/noticias-villa-maria\/?p=21494"},"modified":"2020-08-05T21:56:41","modified_gmt":"2020-08-05T21:56:41","slug":"gimnasios-elevaron-al-coe-regional-su-protocolo-y-esperan-luz-verde","status":"publish","type":"post","link":"https:\/\/elregionalvm.com.ar\/noticias-villa-maria\/gimnasios-elevaron-al-coe-regional-su-protocolo-y-esperan-luz-verde\/","title":{"rendered":"Gimnasios elevaron al COE Regional su protocolo y esperan luz verde"},"content":{"rendered":"\n<p>Este mediod\u00eda, el presidente del Ente Villa Mar\u00eda Deporte y Turismo, Gabriel Falchetto, junto a representantes de gimnasios de la ciudad, hicieron entrega ante el COE Regional del nuevo protocolo de bioseguridad para que se les permita volver despu\u00e9s de tantos meses a abrir sus puertas.<\/p>\n\n\n\n<p>D\u00edas atr\u00e1s, los representantes de este sector se reunieron con el jefe de Gabinete, H\u00e9ctor Mu\u00f1oz, para presentar el nuevo documento, con una serie de medidas para la reapertura de los locales de entrenamiento.<\/p>\n\n\n\n<p>En esa instancia, los funcionarios se comprometieron a acompa\u00f1ar el pedido de flexibilizaci\u00f3n ante el COE, lo que cumplieron esta ma\u00f1ana. Tras la entrega, el COE Regional deber\u00e1 hacer una primera evaluaci\u00f3n del protocolo para luego elevarlo al organismo central, con sede en la ciudad de C\u00f3rdoba, para la definici\u00f3n final sobre la reapertura de estos espacios.<\/p>\n\n\n\n<p>Recordamos que due\u00f1os de gimnasios y clientes amigos de la actividad f\u00edsica concretaron varias movidas en la ciudad para que se les permita regresar a la actividad.<\/p>\n","protected":false},"excerpt":{"rendered":"<p>Este mediod\u00eda, el presidente del Ente Villa Mar\u00eda Deporte y Turismo, Gabriel Falchetto, junto a representantes de gimnasios de la ciudad, hicieron entrega ante el COE Regional del nuevo protocolo de bioseguridad para que se les permita volver despu\u00e9s de tantos meses a abrir sus puertas. D\u00edas atr\u00e1s, los representantes de este sector se reunieron [&hellip;]<\/p>\n","protected":false},"author":4,"featured_media":21495,"comment_status":"open","ping_status":"open","sticky":false,"template":"","format":"standard","meta":{"site-sidebar-layout":"default","site-content-layout":"default","ast-site-content-layout":"default","site-content-style":"default","site-sidebar-style":"default","ast-global-header-display":"","ast-banner-title-visibility":"","ast-main-header-display":"","ast-hfb-above-header-display":"","ast-hfb-below-header-display":"","ast-hfb-mobile-header-display":"","site-post-title":"","ast-breadcrumbs-content":"","ast-featured-img":"","footer-sml-layout":"","ast-disable-related-posts":"","theme-transparent-header-meta":"default","adv-header-id-meta":"","stick-header-meta":"","header-above-stick-meta":"","header-main-stick-meta":"","header-below-stick-meta":"","astra-migrate-meta-layouts":"default","ast-page-background-enabled":"default","ast-page-background-meta":{"desktop":{"background-color":"","background-image":"","background-repeat":"repeat","background-position":"center center","background-size":"auto","background-attachment":"scroll","background-type":"","background-media":"","overlay-type":"","overlay-color":"","overlay-opacity":"","overlay-gradient":""},"tablet":{"background-color":"","background-image":"","background-repeat":"repeat","background-position":"center center","background-size":"auto","background-attachment":"scroll","background-type":"","background-media":"","overlay-type":"","overlay-color":"","overlay-opacity":"","overlay-gradient":""},"mobile":{"background-color":"","background-image":"","background-repeat":"repeat","background-position":"center center","background-size":"auto","background-attachment":"scroll","background-type":"","background-media":"","overlay-type":"","overlay-color":"","overlay-opacity":"","overlay-gradient":""}},"ast-content-background-meta":{"desktop":{"background-color":"var(--ast-global-color-5)","background-image":"","background-repeat":"repeat","background-position":"center center","background-size":"auto","background-attachment":"scroll","background-type":"","background-media":"","overlay-type":"","overlay-color":"","overlay-opacity":"","overlay-gradient":""},"tablet":{"background-color":"var(--ast-global-color-5)","background-image":"","background-repeat":"repeat","background-position":"center center","background-size":"auto","background-attachment":"scroll","background-type":"","background-media":"","overlay-type":"","overlay-color":"","overlay-opacity":"","overlay-gradient":""},"mobile":{"background-color":"var(--ast-global-color-5)","background-image":"","background-repeat":"repeat","background-position":"center center","background-size":"auto","background-attachment":"scroll","background-type":"","background-media":"","overlay-type":"","overlay-color":"","overlay-opacity":"","overlay-gradient":""}},"_jetpack_memberships_contains_paid_content":false,"_joinchat":[],"footnotes":""},"categories":[2],"tags":[3120,1232,3123,2448,2474,3122],"class_list":["post-21494","post","type-post","status-publish","format-standard","has-post-thumbnail","hentry","category-villa-maria","tag-coe-regional","tag-destacado","tag-esperan-abrir","tag-gimnasios","tag-municipalidad-de-villa-maria","tag-protocolos"],"yoast_head":"<!-- This site is optimized with the Yoast SEO plugin v26.8 - https:\/\/yoast.com\/product\/yoast-seo-wordpress\/ -->\n<title>Gimnasios elevaron al COE Regional su protocolo y esperan luz verde - El Regional<\/title>\n<meta name=\"robots\" content=\"index, follow, max-snippet:-1, max-image-preview:large, max-video-preview:-1\" \/>\n<link rel=\"canonical\" href=\"http:\/\/elregionalvm.com.ar\/noticias-villa-maria\/gimnasios-elevaron-al-coe-regional-su-protocolo-y-esperan-luz-verde\/\" \/>\n<meta property=\"og:locale\" content=\"es_ES\" \/>\n<meta property=\"og:type\" content=\"article\" \/>\n<meta property=\"og:title\" content=\"Gimnasios elevaron al COE Regional su protocolo y esperan luz verde - El Regional\" \/>\n<meta property=\"og:description\" content=\"Este mediod\u00eda, el presidente del Ente Villa Mar\u00eda Deporte y Turismo, Gabriel Falchetto, junto a representantes de gimnasios de la ciudad, hicieron entrega ante el COE Regional del nuevo protocolo de bioseguridad para que se les permita volver despu\u00e9s de tantos meses a abrir sus puertas. D\u00edas atr\u00e1s, los representantes de este sector se reunieron [&hellip;]\" \/>\n<meta property=\"og:url\" content=\"http:\/\/elregionalvm.com.ar\/noticias-villa-maria\/gimnasios-elevaron-al-coe-regional-su-protocolo-y-esperan-luz-verde\/\" \/>\n<meta property=\"og:site_name\" content=\"El Regional\" \/>\n<meta property=\"article:publisher\" content=\"https:\/\/www.facebook.com\/elregionalvm\" \/>\n<meta property=\"article:published_time\" content=\"2020-08-05T20:26:59+00:00\" \/>\n<meta property=\"article:modified_time\" content=\"2020-08-05T21:56:41+00:00\" \/>\n<meta property=\"og:image\" content=\"http:\/\/elregionalvm.com.ar\/noticias-villa-maria\/wp-content\/uploads\/2020\/08\/protocolo-gimnasios.jpg\" \/>\n\t<meta property=\"og:image:width\" content=\"720\" \/>\n\t<meta property=\"og:image:height\" content=\"405\" \/>\n\t<meta property=\"og:image:type\" content=\"image\/jpeg\" \/>\n<meta name=\"author\" content=\"Contenidos El Regional\" \/>\n<meta name=\"twitter:card\" content=\"summary_large_image\" \/>\n<meta name=\"twitter:creator\" content=\"@elregionalvm1\" \/>\n<meta name=\"twitter:site\" content=\"@elregionalvm1\" \/>\n<meta name=\"twitter:label1\" content=\"Escrito por\" \/>\n\t<meta name=\"twitter:data1\" content=\"Contenidos El Regional\" \/>\n\t<meta name=\"twitter:label2\" content=\"Tiempo de lectura\" \/>\n\t<meta name=\"twitter:data2\" content=\"1 minuto\" \/>\n<script type=\"application\/ld+json\" class=\"yoast-schema-graph\">{\"@context\":\"https:\/\/schema.org\",\"@graph\":[{\"@type\":\"Article\",\"@id\":\"http:\/\/elregionalvm.com.ar\/noticias-villa-maria\/gimnasios-elevaron-al-coe-regional-su-protocolo-y-esperan-luz-verde\/#article\",\"isPartOf\":{\"@id\":\"http:\/\/elregionalvm.com.ar\/noticias-villa-maria\/gimnasios-elevaron-al-coe-regional-su-protocolo-y-esperan-luz-verde\/\"},\"author\":{\"name\":\"Contenidos El Regional\",\"@id\":\"http:\/\/elregionalvm.com.ar\/noticias-villa-maria\/#\/schema\/person\/a0fb9c422317faca23d50163151bc354\"},\"headline\":\"Gimnasios elevaron al COE Regional su protocolo y esperan luz verde\",\"datePublished\":\"2020-08-05T20:26:59+00:00\",\"dateModified\":\"2020-08-05T21:56:41+00:00\",\"mainEntityOfPage\":{\"@id\":\"http:\/\/elregionalvm.com.ar\/noticias-villa-maria\/gimnasios-elevaron-al-coe-regional-su-protocolo-y-esperan-luz-verde\/\"},\"wordCount\":190,\"commentCount\":0,\"image\":{\"@id\":\"http:\/\/elregionalvm.com.ar\/noticias-villa-maria\/gimnasios-elevaron-al-coe-regional-su-protocolo-y-esperan-luz-verde\/#primaryimage\"},\"thumbnailUrl\":\"https:\/\/i0.wp.com\/elregionalvm.com.ar\/noticias-villa-maria\/wp-content\/uploads\/2020\/08\/protocolo-gimnasios.jpg?fit=720%2C405&ssl=1\",\"keywords\":[\"COE Regional\",\"destacado\",\"esperan abrir\",\"Gimnasios\",\"Municipalidad de Villa Mar\u00eda\",\"protocolos\"],\"articleSection\":[\"Villa Mar\u00eda\"],\"inLanguage\":\"es\",\"potentialAction\":[{\"@type\":\"CommentAction\",\"name\":\"Comment\",\"target\":[\"http:\/\/elregionalvm.com.ar\/noticias-villa-maria\/gimnasios-elevaron-al-coe-regional-su-protocolo-y-esperan-luz-verde\/#respond\"]}]},{\"@type\":\"WebPage\",\"@id\":\"http:\/\/elregionalvm.com.ar\/noticias-villa-maria\/gimnasios-elevaron-al-coe-regional-su-protocolo-y-esperan-luz-verde\/\",\"url\":\"http:\/\/elregionalvm.com.ar\/noticias-villa-maria\/gimnasios-elevaron-al-coe-regional-su-protocolo-y-esperan-luz-verde\/\",\"name\":\"Gimnasios elevaron al COE Regional su protocolo y esperan luz verde - El Regional\",\"isPartOf\":{\"@id\":\"http:\/\/elregionalvm.com.ar\/noticias-villa-maria\/#website\"},\"primaryImageOfPage\":{\"@id\":\"http:\/\/elregionalvm.com.ar\/noticias-villa-maria\/gimnasios-elevaron-al-coe-regional-su-protocolo-y-esperan-luz-verde\/#primaryimage\"},\"image\":{\"@id\":\"http:\/\/elregionalvm.com.ar\/noticias-villa-maria\/gimnasios-elevaron-al-coe-regional-su-protocolo-y-esperan-luz-verde\/#primaryimage\"},\"thumbnailUrl\":\"https:\/\/i0.wp.com\/elregionalvm.com.ar\/noticias-villa-maria\/wp-content\/uploads\/2020\/08\/protocolo-gimnasios.jpg?fit=720%2C405&ssl=1\",\"datePublished\":\"2020-08-05T20:26:59+00:00\",\"dateModified\":\"2020-08-05T21:56:41+00:00\",\"author\":{\"@id\":\"http:\/\/elregionalvm.com.ar\/noticias-villa-maria\/#\/schema\/person\/a0fb9c422317faca23d50163151bc354\"},\"breadcrumb\":{\"@id\":\"http:\/\/elregionalvm.com.ar\/noticias-villa-maria\/gimnasios-elevaron-al-coe-regional-su-protocolo-y-esperan-luz-verde\/#breadcrumb\"},\"inLanguage\":\"es\",\"potentialAction\":[{\"@type\":\"ReadAction\",\"target\":[\"http:\/\/elregionalvm.com.ar\/noticias-villa-maria\/gimnasios-elevaron-al-coe-regional-su-protocolo-y-esperan-luz-verde\/\"]}]},{\"@type\":\"ImageObject\",\"inLanguage\":\"es\",\"@id\":\"http:\/\/elregionalvm.com.ar\/noticias-villa-maria\/gimnasios-elevaron-al-coe-regional-su-protocolo-y-esperan-luz-verde\/#primaryimage\",\"url\":\"https:\/\/i0.wp.com\/elregionalvm.com.ar\/noticias-villa-maria\/wp-content\/uploads\/2020\/08\/protocolo-gimnasios.jpg?fit=720%2C405&ssl=1\",\"contentUrl\":\"https:\/\/i0.wp.com\/elregionalvm.com.ar\/noticias-villa-maria\/wp-content\/uploads\/2020\/08\/protocolo-gimnasios.jpg?fit=720%2C405&ssl=1\",\"width\":720,\"height\":405},{\"@type\":\"BreadcrumbList\",\"@id\":\"http:\/\/elregionalvm.com.ar\/noticias-villa-maria\/gimnasios-elevaron-al-coe-regional-su-protocolo-y-esperan-luz-verde\/#breadcrumb\",\"itemListElement\":[{\"@type\":\"ListItem\",\"position\":1,\"name\":\"Portada\",\"item\":\"https:\/\/elregionalvm.com.ar\/noticias-villa-maria\/\"},{\"@type\":\"ListItem\",\"position\":2,\"name\":\"Gimnasios elevaron al COE Regional su protocolo y esperan luz verde\"}]},{\"@type\":\"WebSite\",\"@id\":\"http:\/\/elregionalvm.com.ar\/noticias-villa-maria\/#website\",\"url\":\"http:\/\/elregionalvm.com.ar\/noticias-villa-maria\/\",\"name\":\"El Regional\",\"description\":\"Mucho m\u00e1s que informaci\u00f3n\",\"potentialAction\":[{\"@type\":\"SearchAction\",\"target\":{\"@type\":\"EntryPoint\",\"urlTemplate\":\"http:\/\/elregionalvm.com.ar\/noticias-villa-maria\/?s={search_term_string}\"},\"query-input\":{\"@type\":\"PropertyValueSpecification\",\"valueRequired\":true,\"valueName\":\"search_term_string\"}}],\"inLanguage\":\"es\"},{\"@type\":\"Person\",\"@id\":\"http:\/\/elregionalvm.com.ar\/noticias-villa-maria\/#\/schema\/person\/a0fb9c422317faca23d50163151bc354\",\"name\":\"Contenidos El Regional\",\"image\":{\"@type\":\"ImageObject\",\"inLanguage\":\"es\",\"@id\":\"http:\/\/elregionalvm.com.ar\/noticias-villa-maria\/#\/schema\/person\/image\/\",\"url\":\"https:\/\/secure.gravatar.com\/avatar\/265b27cb2209af7bb3a1318f03305787d7981a5cc6e6cd08fe5a4ecdf99d4b48?s=96&d=mm&r=g\",\"contentUrl\":\"https:\/\/secure.gravatar.com\/avatar\/265b27cb2209af7bb3a1318f03305787d7981a5cc6e6cd08fe5a4ecdf99d4b48?s=96&d=mm&r=g\",\"caption\":\"Contenidos El Regional\"},\"url\":\"https:\/\/elregionalvm.com.ar\/noticias-villa-maria\/author\/contenido\/\"}]}<\/script>\n<!-- \/ Yoast SEO plugin. -->","yoast_head_json":{"title":"Gimnasios elevaron al COE Regional su protocolo y esperan luz verde - El Regional","robots":{"index":"index","follow":"follow","max-snippet":"max-snippet:-1","max-image-preview":"max-image-preview:large","max-video-preview":"max-video-preview:-1"},"canonical":"http:\/\/elregionalvm.com.ar\/noticias-villa-maria\/gimnasios-elevaron-al-coe-regional-su-protocolo-y-esperan-luz-verde\/","og_locale":"es_ES","og_type":"article","og_title":"Gimnasios elevaron al COE Regional su protocolo y esperan luz verde - El Regional","og_description":"Este mediod\u00eda, el presidente del Ente Villa Mar\u00eda Deporte y Turismo, Gabriel Falchetto, junto a representantes de gimnasios de la ciudad, hicieron entrega ante el COE Regional del nuevo protocolo de bioseguridad para que se les permita volver despu\u00e9s de tantos meses a abrir sus puertas. D\u00edas atr\u00e1s, los representantes de este sector se reunieron [&hellip;]","og_url":"http:\/\/elregionalvm.com.ar\/noticias-villa-maria\/gimnasios-elevaron-al-coe-regional-su-protocolo-y-esperan-luz-verde\/","og_site_name":"El Regional","article_publisher":"https:\/\/www.facebook.com\/elregionalvm","article_published_time":"2020-08-05T20:26:59+00:00","article_modified_time":"2020-08-05T21:56:41+00:00","og_image":[{"width":720,"height":405,"url":"http:\/\/elregionalvm.com.ar\/noticias-villa-maria\/wp-content\/uploads\/2020\/08\/protocolo-gimnasios.jpg","type":"image\/jpeg"}],"author":"Contenidos El Regional","twitter_card":"summary_large_image","twitter_creator":"@elregionalvm1","twitter_site":"@elregionalvm1","twitter_misc":{"Escrito por":"Contenidos El Regional","Tiempo de lectura":"1 minuto"},"schema":{"@context":"https:\/\/schema.org","@graph":[{"@type":"Article","@id":"http:\/\/elregionalvm.com.ar\/noticias-villa-maria\/gimnasios-elevaron-al-coe-regional-su-protocolo-y-esperan-luz-verde\/#article","isPartOf":{"@id":"http:\/\/elregionalvm.com.ar\/noticias-villa-maria\/gimnasios-elevaron-al-coe-regional-su-protocolo-y-esperan-luz-verde\/"},"author":{"name":"Contenidos El Regional","@id":"http:\/\/elregionalvm.com.ar\/noticias-villa-maria\/#\/schema\/person\/a0fb9c422317faca23d50163151bc354"},"headline":"Gimnasios elevaron al COE Regional su protocolo y esperan luz verde","datePublished":"2020-08-05T20:26:59+00:00","dateModified":"2020-08-05T21:56:41+00:00","mainEntityOfPage":{"@id":"http:\/\/elregionalvm.com.ar\/noticias-villa-maria\/gimnasios-elevaron-al-coe-regional-su-protocolo-y-esperan-luz-verde\/"},"wordCount":190,"commentCount":0,"image":{"@id":"http:\/\/elregionalvm.com.ar\/noticias-villa-maria\/gimnasios-elevaron-al-coe-regional-su-protocolo-y-esperan-luz-verde\/#primaryimage"},"thumbnailUrl":"https:\/\/i0.wp.com\/elregionalvm.com.ar\/noticias-villa-maria\/wp-content\/uploads\/2020\/08\/protocolo-gimnasios.jpg?fit=720%2C405&ssl=1","keywords":["COE Regional","destacado","esperan abrir","Gimnasios","Municipalidad de Villa Mar\u00eda","protocolos"],"articleSection":["Villa Mar\u00eda"],"inLanguage":"es","potentialAction":[{"@type":"CommentAction","name":"Comment","target":["http:\/\/elregionalvm.com.ar\/noticias-villa-maria\/gimnasios-elevaron-al-coe-regional-su-protocolo-y-esperan-luz-verde\/#respond"]}]},{"@type":"WebPage","@id":"http:\/\/elregionalvm.com.ar\/noticias-villa-maria\/gimnasios-elevaron-al-coe-regional-su-protocolo-y-esperan-luz-verde\/","url":"http:\/\/elregionalvm.com.ar\/noticias-villa-maria\/gimnasios-elevaron-al-coe-regional-su-protocolo-y-esperan-luz-verde\/","name":"Gimnasios elevaron al COE Regional su protocolo y esperan luz verde - El Regional","isPartOf":{"@id":"http:\/\/elregionalvm.com.ar\/noticias-villa-maria\/#website"},"primaryImageOfPage":{"@id":"http:\/\/elregionalvm.com.ar\/noticias-villa-maria\/gimnasios-elevaron-al-coe-regional-su-protocolo-y-esperan-luz-verde\/#primaryimage"},"image":{"@id":"http:\/\/elregionalvm.com.ar\/noticias-villa-maria\/gimnasios-elevaron-al-coe-regional-su-protocolo-y-esperan-luz-verde\/#primaryimage"},"thumbnailUrl":"https:\/\/i0.wp.com\/elregionalvm.com.ar\/noticias-villa-maria\/wp-content\/uploads\/2020\/08\/protocolo-gimnasios.jpg?fit=720%2C405&ssl=1","datePublished":"2020-08-05T20:26:59+00:00","dateModified":"2020-08-05T21:56:41+00:00","author":{"@id":"http:\/\/elregionalvm.com.ar\/noticias-villa-maria\/#\/schema\/person\/a0fb9c422317faca23d50163151bc354"},"breadcrumb":{"@id":"http:\/\/elregionalvm.com.ar\/noticias-villa-maria\/gimnasios-elevaron-al-coe-regional-su-protocolo-y-esperan-luz-verde\/#breadcrumb"},"inLanguage":"es","potentialAction":[{"@type":"ReadAction","target":["http:\/\/elregionalvm.com.ar\/noticias-villa-maria\/gimnasios-elevaron-al-coe-regional-su-protocolo-y-esperan-luz-verde\/"]}]},{"@type":"ImageObject","inLanguage":"es","@id":"http:\/\/elregionalvm.com.ar\/noticias-villa-maria\/gimnasios-elevaron-al-coe-regional-su-protocolo-y-esperan-luz-verde\/#primaryimage","url":"https:\/\/i0.wp.com\/elregionalvm.com.ar\/noticias-villa-maria\/wp-content\/uploads\/2020\/08\/protocolo-gimnasios.jpg?fit=720%2C405&ssl=1","contentUrl":"https:\/\/i0.wp.com\/elregionalvm.com.ar\/noticias-villa-maria\/wp-content\/uploads\/2020\/08\/protocolo-gimnasios.jpg?fit=720%2C405&ssl=1","width":720,"height":405},{"@type":"BreadcrumbList","@id":"http:\/\/elregionalvm.com.ar\/noticias-villa-maria\/gimnasios-elevaron-al-coe-regional-su-protocolo-y-esperan-luz-verde\/#breadcrumb","itemListElement":[{"@type":"ListItem","position":1,"name":"Portada","item":"https:\/\/elregionalvm.com.ar\/noticias-villa-maria\/"},{"@type":"ListItem","position":2,"name":"Gimnasios elevaron al COE Regional su protocolo y esperan luz verde"}]},{"@type":"WebSite","@id":"http:\/\/elregionalvm.com.ar\/noticias-villa-maria\/#website","url":"http:\/\/elregionalvm.com.ar\/noticias-villa-maria\/","name":"El Regional","description":"Mucho m\u00e1s que informaci\u00f3n","potentialAction":[{"@type":"SearchAction","target":{"@type":"EntryPoint","urlTemplate":"http:\/\/elregionalvm.com.ar\/noticias-villa-maria\/?s={search_term_string}"},"query-input":{"@type":"PropertyValueSpecification","valueRequired":true,"valueName":"search_term_string"}}],"inLanguage":"es"},{"@type":"Person","@id":"http:\/\/elregionalvm.com.ar\/noticias-villa-maria\/#\/schema\/person\/a0fb9c422317faca23d50163151bc354","name":"Contenidos El Regional","image":{"@type":"ImageObject","inLanguage":"es","@id":"http:\/\/elregionalvm.com.ar\/noticias-villa-maria\/#\/schema\/person\/image\/","url":"https:\/\/secure.gravatar.com\/avatar\/265b27cb2209af7bb3a1318f03305787d7981a5cc6e6cd08fe5a4ecdf99d4b48?s=96&d=mm&r=g","contentUrl":"https:\/\/secure.gravatar.com\/avatar\/265b27cb2209af7bb3a1318f03305787d7981a5cc6e6cd08fe5a4ecdf99d4b48?s=96&d=mm&r=g","caption":"Contenidos El Regional"},"url":"https:\/\/elregionalvm.com.ar\/noticias-villa-maria\/author\/contenido\/"}]}},"jetpack_featured_media_url":"https:\/\/i0.wp.com\/elregionalvm.com.ar\/noticias-villa-maria\/wp-content\/uploads\/2020\/08\/protocolo-gimnasios.jpg?fit=720%2C405&ssl=1","jetpack_sharing_enabled":true,"_links":{"self":[{"href":"https:\/\/elregionalvm.com.ar\/noticias-villa-maria\/wp-json\/wp\/v2\/posts\/21494","targetHints":{"allow":["GET"]}}],"collection":[{"href":"https:\/\/elregionalvm.com.ar\/noticias-villa-maria\/wp-json\/wp\/v2\/posts"}],"about":[{"href":"https:\/\/elregionalvm.com.ar\/noticias-villa-maria\/wp-json\/wp\/v2\/types\/post"}],"author":[{"embeddable":true,"href":"https:\/\/elregionalvm.com.ar\/noticias-villa-maria\/wp-json\/wp\/v2\/users\/4"}],"replies":[{"embeddable":true,"href":"https:\/\/elregionalvm.com.ar\/noticias-villa-maria\/wp-json\/wp\/v2\/comments?post=21494"}],"version-history":[{"count":1,"href":"https:\/\/elregionalvm.com.ar\/noticias-villa-maria\/wp-json\/wp\/v2\/posts\/21494\/revisions"}],"predecessor-version":[{"id":21496,"href":"https:\/\/elregionalvm.com.ar\/noticias-villa-maria\/wp-json\/wp\/v2\/posts\/21494\/revisions\/21496"}],"wp:featuredmedia":[{"embeddable":true,"href":"https:\/\/elregionalvm.com.ar\/noticias-villa-maria\/wp-json\/wp\/v2\/media\/21495"}],"wp:attachment":[{"href":"https:\/\/elregionalvm.com.ar\/noticias-villa-maria\/wp-json\/wp\/v2\/media?parent=21494"}],"wp:term":[{"taxonomy":"category","embeddable":true,"href":"https:\/\/elregionalvm.com.ar\/noticias-villa-maria\/wp-json\/wp\/v2\/categories?post=21494"},{"taxonomy":"post_tag","embeddable":true,"href":"https:\/\/elregionalvm.com.ar\/noticias-villa-maria\/wp-json\/wp\/v2\/tags?post=21494"}],"curies":[{"name":"wp","href":"https:\/\/api.w.org\/{rel}","templated":true}]}}