{"id":21497,"date":"2020-08-05T20:38:40","date_gmt":"2020-08-05T20:38:40","guid":{"rendered":"https:\/\/elregionalvm.com.ar\/noticias-villa-maria\/?p=21497"},"modified":"2020-08-05T22:18:05","modified_gmt":"2020-08-05T22:18:05","slug":"video-incendio-entre-villa-nueva-y-ausonia","status":"publish","type":"post","link":"https:\/\/elregionalvm.com.ar\/noticias-villa-maria\/video-incendio-entre-villa-nueva-y-ausonia\/","title":{"rendered":"(VIDEO) &#8211; Incendio entre Villa Nueva y Ausonia"},"content":{"rendered":"\n<p>En la tarde de este mi\u00e9rcoles 5 de agosto, se report\u00f3 un incendio en el que est\u00e1n trabajando bomberos tanto de Villa Nueva como de Ausonia. Tal como inform\u00e1ramos esta ma\u00f1ana, desde el gobierno de C\u00f3rdoba se hab\u00eda elevado al m\u00e1ximo el alerta por incendios forestales y rurales en todo el territorio provincial. La gran sequ\u00eda  y los vientos tienen a mal traer a los bomberos de toda nuestra regi\u00f3n.<\/p>\n\n\n\n<p><strong>M\u00e1s detalles <\/strong><\/p>\n\n\n\n<p>\u00ab<em>El incendio ha tenido foco en campos ubicados entre Sanabria y Ausonia\u00bb<\/em>, explic\u00f3 el jefe de Bomberos de Villa Nueva, Henry Mandaio. El fuego se habr\u00eda originado en la banquina, ingresando a los campos del sector, generando mucho trabajo a los bomberos, ya que en el medio hay dos montes.<\/p>\n\n\n\n<p>\u00ab<em>Con el apoyo de los bomberos de Ausonia con 3 m\u00f3viles y 5 bomberos, junto a 4 unidades y 10 bomberos villanovenses han podido controlar la situaci\u00f3n. Colaboraron efectivos tambi\u00e9n de La Laguna con tres unidades y 8 bomberos voluntarios. A la labor se sumaron dos regadores de la Municipalidad de Villa Nueva, el regador de Ausonia y maquinarias del consorcio caminero de Ausonia y otras colaboraciones como el de la Polic\u00eda que ayud\u00f3 con el tr\u00e1nsito de la ruta que une esas localidades\u00bb.<\/em><\/p>\n\n\n\n<p>En total estimaron que se han quemado entre 40 y 50 hect\u00e1reas, \u00ab<em>que eran de dif\u00edcil acceso, ya que ten\u00eda montes por ambos costados, y que demandaron m\u00e1s de cuatro horas de trabajo. Todas las dotaciones volvieron a sus respectivos cuarteles\u00bb<\/em>, indic\u00f3 finalmente Mandaio.<\/p>\n\n\n\n<p><\/p>\n\n\n\n<p><strong>Mir\u00e1 el video del incendio: <\/strong><\/p>\n\n\n\n<figure class=\"wp-block-video\"><video controls src=\"https:\/\/elregionalvm.com.ar\/noticias-villa-maria\/wp-content\/uploads\/2020\/08\/WhatsApp-Video-2020-08-05-at-17.29.22.mp4\"><\/video><\/figure>\n\n\n\n<p><\/p>\n\n\n\n<figure class=\"wp-block-embed-wordpress wp-block-embed is-type-wp-embed is-provider-el-regional\"><div class=\"wp-block-embed__wrapper\">\n<blockquote class=\"wp-embedded-content\" data-secret=\"cYLmHtdxPS\"><a href=\"https:\/\/elregionalvm.com.ar\/noticias-villa-maria\/riesgo-extremo-de-incendios-en-todo-el-territorio-provincial\/\">Riesgo extremo de incendios en todo el territorio provincial<\/a><\/blockquote><iframe class=\"wp-embedded-content\" sandbox=\"allow-scripts\" security=\"restricted\" style=\"position: absolute; visibility: hidden;\" title=\"\u00abRiesgo extremo de incendios en todo el territorio provincial\u00bb \u2014 El Regional\" src=\"https:\/\/elregionalvm.com.ar\/noticias-villa-maria\/riesgo-extremo-de-incendios-en-todo-el-territorio-provincial\/embed\/#?secret=eYK3wisNl2#?secret=cYLmHtdxPS\" data-secret=\"cYLmHtdxPS\" width=\"500\" height=\"282\" frameborder=\"0\" marginwidth=\"0\" marginheight=\"0\" scrolling=\"no\"><\/iframe>\n<\/div><\/figure>\n","protected":false},"excerpt":{"rendered":"<p>En la tarde de este mi\u00e9rcoles 5 de agosto, se report\u00f3 un incendio en el que est\u00e1n trabajando bomberos tanto de Villa Nueva como de Ausonia. Tal como inform\u00e1ramos esta ma\u00f1ana, desde el gobierno de C\u00f3rdoba se hab\u00eda elevado al m\u00e1ximo el alerta por incendios forestales y rurales en todo el territorio provincial. La gran [&hellip;]<\/p>\n","protected":false},"author":4,"featured_media":21498,"comment_status":"open","ping_status":"open","sticky":false,"template":"","format":"standard","meta":{"site-sidebar-layout":"default","site-content-layout":"default","ast-site-content-layout":"default","site-content-style":"default","site-sidebar-style":"default","ast-global-header-display":"","ast-banner-title-visibility":"","ast-main-header-display":"","ast-hfb-above-header-display":"","ast-hfb-below-header-display":"","ast-hfb-mobile-header-display":"","site-post-title":"","ast-breadcrumbs-content":"","ast-featured-img":"","footer-sml-layout":"","ast-disable-related-posts":"","theme-transparent-header-meta":"default","adv-header-id-meta":"","stick-header-meta":"","header-above-stick-meta":"","header-main-stick-meta":"","header-below-stick-meta":"","astra-migrate-meta-layouts":"default","ast-page-background-enabled":"default","ast-page-background-meta":{"desktop":{"background-color":"","background-image":"","background-repeat":"repeat","background-position":"center center","background-size":"auto","background-attachment":"scroll","background-type":"","background-media":"","overlay-type":"","overlay-color":"","overlay-opacity":"","overlay-gradient":""},"tablet":{"background-color":"","background-image":"","background-repeat":"repeat","background-position":"center center","background-size":"auto","background-attachment":"scroll","background-type":"","background-media":"","overlay-type":"","overlay-color":"","overlay-opacity":"","overlay-gradient":""},"mobile":{"background-color":"","background-image":"","background-repeat":"repeat","background-position":"center center","background-size":"auto","background-attachment":"scroll","background-type":"","background-media":"","overlay-type":"","overlay-color":"","overlay-opacity":"","overlay-gradient":""}},"ast-content-background-meta":{"desktop":{"background-color":"var(--ast-global-color-5)","background-image":"","background-repeat":"repeat","background-position":"center center","background-size":"auto","background-attachment":"scroll","background-type":"","background-media":"","overlay-type":"","overlay-color":"","overlay-opacity":"","overlay-gradient":""},"tablet":{"background-color":"var(--ast-global-color-5)","background-image":"","background-repeat":"repeat","background-position":"center center","background-size":"auto","background-attachment":"scroll","background-type":"","background-media":"","overlay-type":"","overlay-color":"","overlay-opacity":"","overlay-gradient":""},"mobile":{"background-color":"var(--ast-global-color-5)","background-image":"","background-repeat":"repeat","background-position":"center center","background-size":"auto","background-attachment":"scroll","background-type":"","background-media":"","overlay-type":"","overlay-color":"","overlay-opacity":"","overlay-gradient":""}},"_jetpack_memberships_contains_paid_content":false,"_joinchat":[],"footnotes":""},"categories":[1408],"tags":[3126,1519,3124,1487,3125],"class_list":["post-21497","post","type-post","status-publish","format-standard","has-post-thumbnail","hentry","category-villa-nueva","tag-alerta-incendios","tag-ausonia","tag-bomberos-villa-nueva","tag-incendio","tag-pastizales"],"yoast_head":"<!-- This site is optimized with the Yoast SEO plugin v26.8 - https:\/\/yoast.com\/product\/yoast-seo-wordpress\/ -->\n<title>(VIDEO) - Incendio entre Villa Nueva y Ausonia - El Regional<\/title>\n<meta name=\"robots\" content=\"index, follow, max-snippet:-1, max-image-preview:large, max-video-preview:-1\" \/>\n<link rel=\"canonical\" href=\"http:\/\/elregionalvm.com.ar\/noticias-villa-maria\/video-incendio-entre-villa-nueva-y-ausonia\/\" \/>\n<meta property=\"og:locale\" content=\"es_ES\" \/>\n<meta property=\"og:type\" content=\"article\" \/>\n<meta property=\"og:title\" content=\"(VIDEO) - Incendio entre Villa Nueva y Ausonia - El Regional\" \/>\n<meta property=\"og:description\" content=\"En la tarde de este mi\u00e9rcoles 5 de agosto, se report\u00f3 un incendio en el que est\u00e1n trabajando bomberos tanto de Villa Nueva como de Ausonia. Tal como inform\u00e1ramos esta ma\u00f1ana, desde el gobierno de C\u00f3rdoba se hab\u00eda elevado al m\u00e1ximo el alerta por incendios forestales y rurales en todo el territorio provincial. La gran [&hellip;]\" \/>\n<meta property=\"og:url\" content=\"http:\/\/elregionalvm.com.ar\/noticias-villa-maria\/video-incendio-entre-villa-nueva-y-ausonia\/\" \/>\n<meta property=\"og:site_name\" content=\"El Regional\" \/>\n<meta property=\"article:publisher\" content=\"https:\/\/www.facebook.com\/elregionalvm\" \/>\n<meta property=\"article:published_time\" content=\"2020-08-05T20:38:40+00:00\" \/>\n<meta property=\"article:modified_time\" content=\"2020-08-05T22:18:05+00:00\" \/>\n<meta property=\"og:image\" content=\"http:\/\/elregionalvm.com.ar\/noticias-villa-maria\/wp-content\/uploads\/2020\/08\/WhatsApp-Image-2020-08-05-at-17.29.21.jpeg\" \/>\n\t<meta property=\"og:image:width\" content=\"780\" \/>\n\t<meta property=\"og:image:height\" content=\"1040\" \/>\n\t<meta property=\"og:image:type\" content=\"image\/jpeg\" \/>\n<meta name=\"author\" content=\"Contenidos El Regional\" \/>\n<meta name=\"twitter:card\" content=\"summary_large_image\" \/>\n<meta name=\"twitter:creator\" content=\"@elregionalvm1\" \/>\n<meta name=\"twitter:site\" content=\"@elregionalvm1\" \/>\n<meta name=\"twitter:label1\" content=\"Escrito por\" \/>\n\t<meta name=\"twitter:data1\" content=\"Contenidos El Regional\" \/>\n\t<meta name=\"twitter:label2\" content=\"Tiempo de lectura\" \/>\n\t<meta name=\"twitter:data2\" content=\"1 minuto\" \/>\n<script type=\"application\/ld+json\" class=\"yoast-schema-graph\">{\"@context\":\"https:\/\/schema.org\",\"@graph\":[{\"@type\":\"Article\",\"@id\":\"http:\/\/elregionalvm.com.ar\/noticias-villa-maria\/video-incendio-entre-villa-nueva-y-ausonia\/#article\",\"isPartOf\":{\"@id\":\"http:\/\/elregionalvm.com.ar\/noticias-villa-maria\/video-incendio-entre-villa-nueva-y-ausonia\/\"},\"author\":{\"name\":\"Contenidos El Regional\",\"@id\":\"http:\/\/elregionalvm.com.ar\/noticias-villa-maria\/#\/schema\/person\/a0fb9c422317faca23d50163151bc354\"},\"headline\":\"(VIDEO) &#8211; Incendio entre Villa Nueva y Ausonia\",\"datePublished\":\"2020-08-05T20:38:40+00:00\",\"dateModified\":\"2020-08-05T22:18:05+00:00\",\"mainEntityOfPage\":{\"@id\":\"http:\/\/elregionalvm.com.ar\/noticias-villa-maria\/video-incendio-entre-villa-nueva-y-ausonia\/\"},\"wordCount\":281,\"commentCount\":0,\"image\":{\"@id\":\"http:\/\/elregionalvm.com.ar\/noticias-villa-maria\/video-incendio-entre-villa-nueva-y-ausonia\/#primaryimage\"},\"thumbnailUrl\":\"https:\/\/i0.wp.com\/elregionalvm.com.ar\/noticias-villa-maria\/wp-content\/uploads\/2020\/08\/WhatsApp-Image-2020-08-05-at-17.29.21.jpeg?fit=780%2C1040&ssl=1\",\"keywords\":[\"alerta incendios\",\"Ausonia\",\"bomberos Villa Nueva\",\"Incendio\",\"pastizales\"],\"articleSection\":[\"Villa Nueva\"],\"inLanguage\":\"es\",\"potentialAction\":[{\"@type\":\"CommentAction\",\"name\":\"Comment\",\"target\":[\"http:\/\/elregionalvm.com.ar\/noticias-villa-maria\/video-incendio-entre-villa-nueva-y-ausonia\/#respond\"]}]},{\"@type\":\"WebPage\",\"@id\":\"http:\/\/elregionalvm.com.ar\/noticias-villa-maria\/video-incendio-entre-villa-nueva-y-ausonia\/\",\"url\":\"http:\/\/elregionalvm.com.ar\/noticias-villa-maria\/video-incendio-entre-villa-nueva-y-ausonia\/\",\"name\":\"(VIDEO) - Incendio entre Villa Nueva y Ausonia - El Regional\",\"isPartOf\":{\"@id\":\"http:\/\/elregionalvm.com.ar\/noticias-villa-maria\/#website\"},\"primaryImageOfPage\":{\"@id\":\"http:\/\/elregionalvm.com.ar\/noticias-villa-maria\/video-incendio-entre-villa-nueva-y-ausonia\/#primaryimage\"},\"image\":{\"@id\":\"http:\/\/elregionalvm.com.ar\/noticias-villa-maria\/video-incendio-entre-villa-nueva-y-ausonia\/#primaryimage\"},\"thumbnailUrl\":\"https:\/\/i0.wp.com\/elregionalvm.com.ar\/noticias-villa-maria\/wp-content\/uploads\/2020\/08\/WhatsApp-Image-2020-08-05-at-17.29.21.jpeg?fit=780%2C1040&ssl=1\",\"datePublished\":\"2020-08-05T20:38:40+00:00\",\"dateModified\":\"2020-08-05T22:18:05+00:00\",\"author\":{\"@id\":\"http:\/\/elregionalvm.com.ar\/noticias-villa-maria\/#\/schema\/person\/a0fb9c422317faca23d50163151bc354\"},\"breadcrumb\":{\"@id\":\"http:\/\/elregionalvm.com.ar\/noticias-villa-maria\/video-incendio-entre-villa-nueva-y-ausonia\/#breadcrumb\"},\"inLanguage\":\"es\",\"potentialAction\":[{\"@type\":\"ReadAction\",\"target\":[\"http:\/\/elregionalvm.com.ar\/noticias-villa-maria\/video-incendio-entre-villa-nueva-y-ausonia\/\"]}]},{\"@type\":\"ImageObject\",\"inLanguage\":\"es\",\"@id\":\"http:\/\/elregionalvm.com.ar\/noticias-villa-maria\/video-incendio-entre-villa-nueva-y-ausonia\/#primaryimage\",\"url\":\"https:\/\/i0.wp.com\/elregionalvm.com.ar\/noticias-villa-maria\/wp-content\/uploads\/2020\/08\/WhatsApp-Image-2020-08-05-at-17.29.21.jpeg?fit=780%2C1040&ssl=1\",\"contentUrl\":\"https:\/\/i0.wp.com\/elregionalvm.com.ar\/noticias-villa-maria\/wp-content\/uploads\/2020\/08\/WhatsApp-Image-2020-08-05-at-17.29.21.jpeg?fit=780%2C1040&ssl=1\",\"width\":780,\"height\":1040},{\"@type\":\"BreadcrumbList\",\"@id\":\"http:\/\/elregionalvm.com.ar\/noticias-villa-maria\/video-incendio-entre-villa-nueva-y-ausonia\/#breadcrumb\",\"itemListElement\":[{\"@type\":\"ListItem\",\"position\":1,\"name\":\"Portada\",\"item\":\"https:\/\/elregionalvm.com.ar\/noticias-villa-maria\/\"},{\"@type\":\"ListItem\",\"position\":2,\"name\":\"(VIDEO) &#8211; Incendio entre Villa Nueva y Ausonia\"}]},{\"@type\":\"WebSite\",\"@id\":\"http:\/\/elregionalvm.com.ar\/noticias-villa-maria\/#website\",\"url\":\"http:\/\/elregionalvm.com.ar\/noticias-villa-maria\/\",\"name\":\"El Regional\",\"description\":\"Mucho m\u00e1s que informaci\u00f3n\",\"potentialAction\":[{\"@type\":\"SearchAction\",\"target\":{\"@type\":\"EntryPoint\",\"urlTemplate\":\"http:\/\/elregionalvm.com.ar\/noticias-villa-maria\/?s={search_term_string}\"},\"query-input\":{\"@type\":\"PropertyValueSpecification\",\"valueRequired\":true,\"valueName\":\"search_term_string\"}}],\"inLanguage\":\"es\"},{\"@type\":\"Person\",\"@id\":\"http:\/\/elregionalvm.com.ar\/noticias-villa-maria\/#\/schema\/person\/a0fb9c422317faca23d50163151bc354\",\"name\":\"Contenidos El Regional\",\"image\":{\"@type\":\"ImageObject\",\"inLanguage\":\"es\",\"@id\":\"http:\/\/elregionalvm.com.ar\/noticias-villa-maria\/#\/schema\/person\/image\/\",\"url\":\"https:\/\/secure.gravatar.com\/avatar\/265b27cb2209af7bb3a1318f03305787d7981a5cc6e6cd08fe5a4ecdf99d4b48?s=96&d=mm&r=g\",\"contentUrl\":\"https:\/\/secure.gravatar.com\/avatar\/265b27cb2209af7bb3a1318f03305787d7981a5cc6e6cd08fe5a4ecdf99d4b48?s=96&d=mm&r=g\",\"caption\":\"Contenidos El Regional\"},\"url\":\"https:\/\/elregionalvm.com.ar\/noticias-villa-maria\/author\/contenido\/\"}]}<\/script>\n<!-- \/ Yoast SEO plugin. -->","yoast_head_json":{"title":"(VIDEO) - Incendio entre Villa Nueva y Ausonia - El Regional","robots":{"index":"index","follow":"follow","max-snippet":"max-snippet:-1","max-image-preview":"max-image-preview:large","max-video-preview":"max-video-preview:-1"},"canonical":"http:\/\/elregionalvm.com.ar\/noticias-villa-maria\/video-incendio-entre-villa-nueva-y-ausonia\/","og_locale":"es_ES","og_type":"article","og_title":"(VIDEO) - Incendio entre Villa Nueva y Ausonia - El Regional","og_description":"En la tarde de este mi\u00e9rcoles 5 de agosto, se report\u00f3 un incendio en el que est\u00e1n trabajando bomberos tanto de Villa Nueva como de Ausonia. Tal como inform\u00e1ramos esta ma\u00f1ana, desde el gobierno de C\u00f3rdoba se hab\u00eda elevado al m\u00e1ximo el alerta por incendios forestales y rurales en todo el territorio provincial. La gran [&hellip;]","og_url":"http:\/\/elregionalvm.com.ar\/noticias-villa-maria\/video-incendio-entre-villa-nueva-y-ausonia\/","og_site_name":"El Regional","article_publisher":"https:\/\/www.facebook.com\/elregionalvm","article_published_time":"2020-08-05T20:38:40+00:00","article_modified_time":"2020-08-05T22:18:05+00:00","og_image":[{"width":780,"height":1040,"url":"http:\/\/elregionalvm.com.ar\/noticias-villa-maria\/wp-content\/uploads\/2020\/08\/WhatsApp-Image-2020-08-05-at-17.29.21.jpeg","type":"image\/jpeg"}],"author":"Contenidos El Regional","twitter_card":"summary_large_image","twitter_creator":"@elregionalvm1","twitter_site":"@elregionalvm1","twitter_misc":{"Escrito por":"Contenidos El Regional","Tiempo de lectura":"1 minuto"},"schema":{"@context":"https:\/\/schema.org","@graph":[{"@type":"Article","@id":"http:\/\/elregionalvm.com.ar\/noticias-villa-maria\/video-incendio-entre-villa-nueva-y-ausonia\/#article","isPartOf":{"@id":"http:\/\/elregionalvm.com.ar\/noticias-villa-maria\/video-incendio-entre-villa-nueva-y-ausonia\/"},"author":{"name":"Contenidos El Regional","@id":"http:\/\/elregionalvm.com.ar\/noticias-villa-maria\/#\/schema\/person\/a0fb9c422317faca23d50163151bc354"},"headline":"(VIDEO) &#8211; Incendio entre Villa Nueva y Ausonia","datePublished":"2020-08-05T20:38:40+00:00","dateModified":"2020-08-05T22:18:05+00:00","mainEntityOfPage":{"@id":"http:\/\/elregionalvm.com.ar\/noticias-villa-maria\/video-incendio-entre-villa-nueva-y-ausonia\/"},"wordCount":281,"commentCount":0,"image":{"@id":"http:\/\/elregionalvm.com.ar\/noticias-villa-maria\/video-incendio-entre-villa-nueva-y-ausonia\/#primaryimage"},"thumbnailUrl":"https:\/\/i0.wp.com\/elregionalvm.com.ar\/noticias-villa-maria\/wp-content\/uploads\/2020\/08\/WhatsApp-Image-2020-08-05-at-17.29.21.jpeg?fit=780%2C1040&ssl=1","keywords":["alerta incendios","Ausonia","bomberos Villa Nueva","Incendio","pastizales"],"articleSection":["Villa Nueva"],"inLanguage":"es","potentialAction":[{"@type":"CommentAction","name":"Comment","target":["http:\/\/elregionalvm.com.ar\/noticias-villa-maria\/video-incendio-entre-villa-nueva-y-ausonia\/#respond"]}]},{"@type":"WebPage","@id":"http:\/\/elregionalvm.com.ar\/noticias-villa-maria\/video-incendio-entre-villa-nueva-y-ausonia\/","url":"http:\/\/elregionalvm.com.ar\/noticias-villa-maria\/video-incendio-entre-villa-nueva-y-ausonia\/","name":"(VIDEO) - Incendio entre Villa Nueva y Ausonia - El Regional","isPartOf":{"@id":"http:\/\/elregionalvm.com.ar\/noticias-villa-maria\/#website"},"primaryImageOfPage":{"@id":"http:\/\/elregionalvm.com.ar\/noticias-villa-maria\/video-incendio-entre-villa-nueva-y-ausonia\/#primaryimage"},"image":{"@id":"http:\/\/elregionalvm.com.ar\/noticias-villa-maria\/video-incendio-entre-villa-nueva-y-ausonia\/#primaryimage"},"thumbnailUrl":"https:\/\/i0.wp.com\/elregionalvm.com.ar\/noticias-villa-maria\/wp-content\/uploads\/2020\/08\/WhatsApp-Image-2020-08-05-at-17.29.21.jpeg?fit=780%2C1040&ssl=1","datePublished":"2020-08-05T20:38:40+00:00","dateModified":"2020-08-05T22:18:05+00:00","author":{"@id":"http:\/\/elregionalvm.com.ar\/noticias-villa-maria\/#\/schema\/person\/a0fb9c422317faca23d50163151bc354"},"breadcrumb":{"@id":"http:\/\/elregionalvm.com.ar\/noticias-villa-maria\/video-incendio-entre-villa-nueva-y-ausonia\/#breadcrumb"},"inLanguage":"es","potentialAction":[{"@type":"ReadAction","target":["http:\/\/elregionalvm.com.ar\/noticias-villa-maria\/video-incendio-entre-villa-nueva-y-ausonia\/"]}]},{"@type":"ImageObject","inLanguage":"es","@id":"http:\/\/elregionalvm.com.ar\/noticias-villa-maria\/video-incendio-entre-villa-nueva-y-ausonia\/#primaryimage","url":"https:\/\/i0.wp.com\/elregionalvm.com.ar\/noticias-villa-maria\/wp-content\/uploads\/2020\/08\/WhatsApp-Image-2020-08-05-at-17.29.21.jpeg?fit=780%2C1040&ssl=1","contentUrl":"https:\/\/i0.wp.com\/elregionalvm.com.ar\/noticias-villa-maria\/wp-content\/uploads\/2020\/08\/WhatsApp-Image-2020-08-05-at-17.29.21.jpeg?fit=780%2C1040&ssl=1","width":780,"height":1040},{"@type":"BreadcrumbList","@id":"http:\/\/elregionalvm.com.ar\/noticias-villa-maria\/video-incendio-entre-villa-nueva-y-ausonia\/#breadcrumb","itemListElement":[{"@type":"ListItem","position":1,"name":"Portada","item":"https:\/\/elregionalvm.com.ar\/noticias-villa-maria\/"},{"@type":"ListItem","position":2,"name":"(VIDEO) &#8211; Incendio entre Villa Nueva y Ausonia"}]},{"@type":"WebSite","@id":"http:\/\/elregionalvm.com.ar\/noticias-villa-maria\/#website","url":"http:\/\/elregionalvm.com.ar\/noticias-villa-maria\/","name":"El Regional","description":"Mucho m\u00e1s que informaci\u00f3n","potentialAction":[{"@type":"SearchAction","target":{"@type":"EntryPoint","urlTemplate":"http:\/\/elregionalvm.com.ar\/noticias-villa-maria\/?s={search_term_string}"},"query-input":{"@type":"PropertyValueSpecification","valueRequired":true,"valueName":"search_term_string"}}],"inLanguage":"es"},{"@type":"Person","@id":"http:\/\/elregionalvm.com.ar\/noticias-villa-maria\/#\/schema\/person\/a0fb9c422317faca23d50163151bc354","name":"Contenidos El Regional","image":{"@type":"ImageObject","inLanguage":"es","@id":"http:\/\/elregionalvm.com.ar\/noticias-villa-maria\/#\/schema\/person\/image\/","url":"https:\/\/secure.gravatar.com\/avatar\/265b27cb2209af7bb3a1318f03305787d7981a5cc6e6cd08fe5a4ecdf99d4b48?s=96&d=mm&r=g","contentUrl":"https:\/\/secure.gravatar.com\/avatar\/265b27cb2209af7bb3a1318f03305787d7981a5cc6e6cd08fe5a4ecdf99d4b48?s=96&d=mm&r=g","caption":"Contenidos El Regional"},"url":"https:\/\/elregionalvm.com.ar\/noticias-villa-maria\/author\/contenido\/"}]}},"jetpack_featured_media_url":"https:\/\/i0.wp.com\/elregionalvm.com.ar\/noticias-villa-maria\/wp-content\/uploads\/2020\/08\/WhatsApp-Image-2020-08-05-at-17.29.21.jpeg?fit=780%2C1040&ssl=1","jetpack_sharing_enabled":true,"_links":{"self":[{"href":"https:\/\/elregionalvm.com.ar\/noticias-villa-maria\/wp-json\/wp\/v2\/posts\/21497","targetHints":{"allow":["GET"]}}],"collection":[{"href":"https:\/\/elregionalvm.com.ar\/noticias-villa-maria\/wp-json\/wp\/v2\/posts"}],"about":[{"href":"https:\/\/elregionalvm.com.ar\/noticias-villa-maria\/wp-json\/wp\/v2\/types\/post"}],"author":[{"embeddable":true,"href":"https:\/\/elregionalvm.com.ar\/noticias-villa-maria\/wp-json\/wp\/v2\/users\/4"}],"replies":[{"embeddable":true,"href":"https:\/\/elregionalvm.com.ar\/noticias-villa-maria\/wp-json\/wp\/v2\/comments?post=21497"}],"version-history":[{"count":7,"href":"https:\/\/elregionalvm.com.ar\/noticias-villa-maria\/wp-json\/wp\/v2\/posts\/21497\/revisions"}],"predecessor-version":[{"id":21513,"href":"https:\/\/elregionalvm.com.ar\/noticias-villa-maria\/wp-json\/wp\/v2\/posts\/21497\/revisions\/21513"}],"wp:featuredmedia":[{"embeddable":true,"href":"https:\/\/elregionalvm.com.ar\/noticias-villa-maria\/wp-json\/wp\/v2\/media\/21498"}],"wp:attachment":[{"href":"https:\/\/elregionalvm.com.ar\/noticias-villa-maria\/wp-json\/wp\/v2\/media?parent=21497"}],"wp:term":[{"taxonomy":"category","embeddable":true,"href":"https:\/\/elregionalvm.com.ar\/noticias-villa-maria\/wp-json\/wp\/v2\/categories?post=21497"},{"taxonomy":"post_tag","embeddable":true,"href":"https:\/\/elregionalvm.com.ar\/noticias-villa-maria\/wp-json\/wp\/v2\/tags?post=21497"}],"curies":[{"name":"wp","href":"https:\/\/api.w.org\/{rel}","templated":true}]}}