{"id":21503,"date":"2020-08-05T21:00:56","date_gmt":"2020-08-05T21:00:56","guid":{"rendered":"https:\/\/elregionalvm.com.ar\/noticias-villa-maria\/?p=21503"},"modified":"2020-08-05T21:00:58","modified_gmt":"2020-08-05T21:00:58","slug":"a-fin-de-ano-llegarian-fondos-para-mejorar-el-vertedero-municipal-y-profundizar-reciclaje","status":"publish","type":"post","link":"https:\/\/elregionalvm.com.ar\/noticias-villa-maria\/a-fin-de-ano-llegarian-fondos-para-mejorar-el-vertedero-municipal-y-profundizar-reciclaje\/","title":{"rendered":"A fin de a\u00f1o llegar\u00edan fondos para mejorar el Vertedero Municipal y profundizar reciclaje"},"content":{"rendered":"\n<p>Desde el municipio se destac\u00f3 este mi\u00e9rcoles que avanzan las gestiones ante el Ministerio de Ambiente de la Naci\u00f3n, a cargo de Juan Cabandi\u00e9, y la cartera Provincial que dirige Juan Carlos Scotto, para poner en marcha un importante proyecto ambiental que busca el mejoramiento integral del Vertedero Municipal y profundizar el tratamiento y reciclaje de residuos, haciendo un uso eficiente de los recursos.<\/p>\n\n\n\n<p>\u201cEl desaf\u00edo es demostrar que podemos disminuir la producci\u00f3n de basura y profundizar los procesos de reciclaje de residuos\u201d, dijo Pablo Rosso sobre el proyecto que busca financiamiento por 400 millones de pesos, y que podr\u00eda materializarse a fin de a\u00f1o para ponerse en marcha a principios del 2021.<\/p>\n\n\n\n<p>La iniciativa fue presentada meses atr\u00e1s por el \u00e1rea de Ambiente del municipio ante la cartera nacional, que luego articul\u00f3 con la Secretar\u00eda provincial a fines de avanzar en el trabajo conjunto con los equipos municipales en los ajustes de formato exigidos por el Banco Interamericano de Desarrollo (BID), para solicitar los fondos. Esta instancia ha sido superada y el anteproyecto ya cuenta con todos los requisitos solicitados y la aprobaci\u00f3n de Naci\u00f3n.<\/p>\n\n\n\n<p>Se trata de un plan plurianual que en una primera etapa involucra asistencia, equipamiento, inversiones o acompa\u00f1amiento de fondos para las cooperativas que trabajen en el tratamiento y reciclaje de residuos.<\/p>\n\n\n\n<p>El proyecto apunta a la generaci\u00f3n de una\u00a0 \u201cEconom\u00eda Circular\u201d en donde todas las partes que forman parte del proceso \u201cno tengan gastos sino que exista un equilibrio l\u00f3gico para lograr que estos servicios no se conviertan en un gasto para los municipios sino en una soluci\u00f3n\u201d, profundiz\u00f3 el intendente interino Pablo Rosso.<\/p>\n\n\n\n<p>\u201cA medida que vaya aumentando la curva de reciclaje, se ir\u00e1 convirtiendo en una importante unidad de negocio en cuidado del medioambiente, donde sus recursos equilibren sus gastos\u201d, expres\u00f3 Rosso quien hizo referencia principalmente al trabajo que realizan las Cooperativas Sustentable y 7 de Febrero en el Vertedero Municipal.<\/p>\n\n\n\n<p>La primera de ellas realiza acciones vinculadas al saneamiento, mejoramiento y tratamiento de residuos, en tanto la segunda efect\u00faa labores de reciclaje y recuperaci\u00f3n que permiten clasificarlos en valor para comercializarlos en el mercado.<\/p>\n\n\n\n<p>La puesta en marcha del importante plan traer\u00e1 m\u00faltiples beneficios a la gesti\u00f3n de residuos impactando directamente en el mejoramiento de la calidad ambiental de la ciudad y la regi\u00f3n.&nbsp;<\/p>\n","protected":false},"excerpt":{"rendered":"<p>Desde el municipio se destac\u00f3 este mi\u00e9rcoles que avanzan las gestiones ante el Ministerio de Ambiente de la Naci\u00f3n, a cargo de Juan Cabandi\u00e9, y la cartera Provincial que dirige Juan Carlos Scotto, para poner en marcha un importante proyecto ambiental que busca el mejoramiento integral del Vertedero Municipal y profundizar el tratamiento y reciclaje [&hellip;]<\/p>\n","protected":false},"author":4,"featured_media":21505,"comment_status":"open","ping_status":"open","sticky":false,"template":"","format":"standard","meta":{"site-sidebar-layout":"default","site-content-layout":"default","ast-site-content-layout":"default","site-content-style":"default","site-sidebar-style":"default","ast-global-header-display":"","ast-banner-title-visibility":"","ast-main-header-display":"","ast-hfb-above-header-display":"","ast-hfb-below-header-display":"","ast-hfb-mobile-header-display":"","site-post-title":"","ast-breadcrumbs-content":"","ast-featured-img":"","footer-sml-layout":"","ast-disable-related-posts":"","theme-transparent-header-meta":"default","adv-header-id-meta":"","stick-header-meta":"","header-above-stick-meta":"","header-main-stick-meta":"","header-below-stick-meta":"","astra-migrate-meta-layouts":"default","ast-page-background-enabled":"default","ast-page-background-meta":{"desktop":{"background-color":"","background-image":"","background-repeat":"repeat","background-position":"center center","background-size":"auto","background-attachment":"scroll","background-type":"","background-media":"","overlay-type":"","overlay-color":"","overlay-opacity":"","overlay-gradient":""},"tablet":{"background-color":"","background-image":"","background-repeat":"repeat","background-position":"center center","background-size":"auto","background-attachment":"scroll","background-type":"","background-media":"","overlay-type":"","overlay-color":"","overlay-opacity":"","overlay-gradient":""},"mobile":{"background-color":"","background-image":"","background-repeat":"repeat","background-position":"center center","background-size":"auto","background-attachment":"scroll","background-type":"","background-media":"","overlay-type":"","overlay-color":"","overlay-opacity":"","overlay-gradient":""}},"ast-content-background-meta":{"desktop":{"background-color":"var(--ast-global-color-5)","background-image":"","background-repeat":"repeat","background-position":"center center","background-size":"auto","background-attachment":"scroll","background-type":"","background-media":"","overlay-type":"","overlay-color":"","overlay-opacity":"","overlay-gradient":""},"tablet":{"background-color":"var(--ast-global-color-5)","background-image":"","background-repeat":"repeat","background-position":"center center","background-size":"auto","background-attachment":"scroll","background-type":"","background-media":"","overlay-type":"","overlay-color":"","overlay-opacity":"","overlay-gradient":""},"mobile":{"background-color":"var(--ast-global-color-5)","background-image":"","background-repeat":"repeat","background-position":"center center","background-size":"auto","background-attachment":"scroll","background-type":"","background-media":"","overlay-type":"","overlay-color":"","overlay-opacity":"","overlay-gradient":""}},"_jetpack_memberships_contains_paid_content":false,"_joinchat":[],"footnotes":""},"categories":[2],"tags":[3128,3129,3131,3132,3133,3127,2248],"class_list":["post-21503","post","type-post","status-publish","format-standard","has-post-thumbnail","hentry","category-villa-maria","tag-esperan-fondos","tag-fin-de-ano","tag-reciclaje","tag-residuos","tag-sustentabilidad","tag-vertedero-municipal","tag-villa-maria-2"],"yoast_head":"<!-- This site is optimized with the Yoast SEO plugin v26.8 - https:\/\/yoast.com\/product\/yoast-seo-wordpress\/ -->\n<title>A fin de a\u00f1o llegar\u00edan fondos para mejorar el Vertedero Municipal y profundizar reciclaje - El Regional<\/title>\n<meta name=\"robots\" content=\"index, follow, max-snippet:-1, max-image-preview:large, max-video-preview:-1\" \/>\n<link rel=\"canonical\" href=\"http:\/\/elregionalvm.com.ar\/noticias-villa-maria\/a-fin-de-ano-llegarian-fondos-para-mejorar-el-vertedero-municipal-y-profundizar-reciclaje\/\" \/>\n<meta property=\"og:locale\" content=\"es_ES\" \/>\n<meta property=\"og:type\" content=\"article\" \/>\n<meta property=\"og:title\" content=\"A fin de a\u00f1o llegar\u00edan fondos para mejorar el Vertedero Municipal y profundizar reciclaje - El Regional\" \/>\n<meta property=\"og:description\" content=\"Desde el municipio se destac\u00f3 este mi\u00e9rcoles que avanzan las gestiones ante el Ministerio de Ambiente de la Naci\u00f3n, a cargo de Juan Cabandi\u00e9, y la cartera Provincial que dirige Juan Carlos Scotto, para poner en marcha un importante proyecto ambiental que busca el mejoramiento integral del Vertedero Municipal y profundizar el tratamiento y reciclaje [&hellip;]\" \/>\n<meta property=\"og:url\" content=\"http:\/\/elregionalvm.com.ar\/noticias-villa-maria\/a-fin-de-ano-llegarian-fondos-para-mejorar-el-vertedero-municipal-y-profundizar-reciclaje\/\" \/>\n<meta property=\"og:site_name\" content=\"El Regional\" \/>\n<meta property=\"article:publisher\" content=\"https:\/\/www.facebook.com\/elregionalvm\" \/>\n<meta property=\"article:published_time\" content=\"2020-08-05T21:00:56+00:00\" \/>\n<meta property=\"article:modified_time\" content=\"2020-08-05T21:00:58+00:00\" \/>\n<meta property=\"og:image\" content=\"http:\/\/elregionalvm.com.ar\/noticias-villa-maria\/wp-content\/uploads\/2020\/08\/Vertedero.jpeg\" \/>\n\t<meta property=\"og:image:width\" content=\"1280\" \/>\n\t<meta property=\"og:image:height\" content=\"853\" \/>\n\t<meta property=\"og:image:type\" content=\"image\/jpeg\" \/>\n<meta name=\"author\" content=\"Contenidos El Regional\" \/>\n<meta name=\"twitter:card\" content=\"summary_large_image\" \/>\n<meta name=\"twitter:creator\" content=\"@elregionalvm1\" \/>\n<meta name=\"twitter:site\" content=\"@elregionalvm1\" \/>\n<meta name=\"twitter:label1\" content=\"Escrito por\" \/>\n\t<meta name=\"twitter:data1\" content=\"Contenidos El Regional\" \/>\n\t<meta name=\"twitter:label2\" content=\"Tiempo de lectura\" \/>\n\t<meta name=\"twitter:data2\" content=\"2 minutos\" \/>\n<script type=\"application\/ld+json\" class=\"yoast-schema-graph\">{\"@context\":\"https:\/\/schema.org\",\"@graph\":[{\"@type\":\"Article\",\"@id\":\"http:\/\/elregionalvm.com.ar\/noticias-villa-maria\/a-fin-de-ano-llegarian-fondos-para-mejorar-el-vertedero-municipal-y-profundizar-reciclaje\/#article\",\"isPartOf\":{\"@id\":\"http:\/\/elregionalvm.com.ar\/noticias-villa-maria\/a-fin-de-ano-llegarian-fondos-para-mejorar-el-vertedero-municipal-y-profundizar-reciclaje\/\"},\"author\":{\"name\":\"Contenidos El Regional\",\"@id\":\"http:\/\/elregionalvm.com.ar\/noticias-villa-maria\/#\/schema\/person\/a0fb9c422317faca23d50163151bc354\"},\"headline\":\"A fin de a\u00f1o llegar\u00edan fondos para mejorar el Vertedero Municipal y profundizar reciclaje\",\"datePublished\":\"2020-08-05T21:00:56+00:00\",\"dateModified\":\"2020-08-05T21:00:58+00:00\",\"mainEntityOfPage\":{\"@id\":\"http:\/\/elregionalvm.com.ar\/noticias-villa-maria\/a-fin-de-ano-llegarian-fondos-para-mejorar-el-vertedero-municipal-y-profundizar-reciclaje\/\"},\"wordCount\":417,\"commentCount\":0,\"image\":{\"@id\":\"http:\/\/elregionalvm.com.ar\/noticias-villa-maria\/a-fin-de-ano-llegarian-fondos-para-mejorar-el-vertedero-municipal-y-profundizar-reciclaje\/#primaryimage\"},\"thumbnailUrl\":\"https:\/\/i0.wp.com\/elregionalvm.com.ar\/noticias-villa-maria\/wp-content\/uploads\/2020\/08\/Vertedero.jpeg?fit=1280%2C853&ssl=1\",\"keywords\":[\"esperan fondos\",\"fin de a\u00f1o\",\"reciclaje\",\"residuos\",\"sustentabilidad\",\"Vertedero Municipal\",\"Villa Mar\u00eda\"],\"articleSection\":[\"Villa Mar\u00eda\"],\"inLanguage\":\"es\",\"potentialAction\":[{\"@type\":\"CommentAction\",\"name\":\"Comment\",\"target\":[\"http:\/\/elregionalvm.com.ar\/noticias-villa-maria\/a-fin-de-ano-llegarian-fondos-para-mejorar-el-vertedero-municipal-y-profundizar-reciclaje\/#respond\"]}]},{\"@type\":\"WebPage\",\"@id\":\"http:\/\/elregionalvm.com.ar\/noticias-villa-maria\/a-fin-de-ano-llegarian-fondos-para-mejorar-el-vertedero-municipal-y-profundizar-reciclaje\/\",\"url\":\"http:\/\/elregionalvm.com.ar\/noticias-villa-maria\/a-fin-de-ano-llegarian-fondos-para-mejorar-el-vertedero-municipal-y-profundizar-reciclaje\/\",\"name\":\"A fin de a\u00f1o llegar\u00edan fondos para mejorar el Vertedero Municipal y profundizar reciclaje - El Regional\",\"isPartOf\":{\"@id\":\"http:\/\/elregionalvm.com.ar\/noticias-villa-maria\/#website\"},\"primaryImageOfPage\":{\"@id\":\"http:\/\/elregionalvm.com.ar\/noticias-villa-maria\/a-fin-de-ano-llegarian-fondos-para-mejorar-el-vertedero-municipal-y-profundizar-reciclaje\/#primaryimage\"},\"image\":{\"@id\":\"http:\/\/elregionalvm.com.ar\/noticias-villa-maria\/a-fin-de-ano-llegarian-fondos-para-mejorar-el-vertedero-municipal-y-profundizar-reciclaje\/#primaryimage\"},\"thumbnailUrl\":\"https:\/\/i0.wp.com\/elregionalvm.com.ar\/noticias-villa-maria\/wp-content\/uploads\/2020\/08\/Vertedero.jpeg?fit=1280%2C853&ssl=1\",\"datePublished\":\"2020-08-05T21:00:56+00:00\",\"dateModified\":\"2020-08-05T21:00:58+00:00\",\"author\":{\"@id\":\"http:\/\/elregionalvm.com.ar\/noticias-villa-maria\/#\/schema\/person\/a0fb9c422317faca23d50163151bc354\"},\"breadcrumb\":{\"@id\":\"http:\/\/elregionalvm.com.ar\/noticias-villa-maria\/a-fin-de-ano-llegarian-fondos-para-mejorar-el-vertedero-municipal-y-profundizar-reciclaje\/#breadcrumb\"},\"inLanguage\":\"es\",\"potentialAction\":[{\"@type\":\"ReadAction\",\"target\":[\"http:\/\/elregionalvm.com.ar\/noticias-villa-maria\/a-fin-de-ano-llegarian-fondos-para-mejorar-el-vertedero-municipal-y-profundizar-reciclaje\/\"]}]},{\"@type\":\"ImageObject\",\"inLanguage\":\"es\",\"@id\":\"http:\/\/elregionalvm.com.ar\/noticias-villa-maria\/a-fin-de-ano-llegarian-fondos-para-mejorar-el-vertedero-municipal-y-profundizar-reciclaje\/#primaryimage\",\"url\":\"https:\/\/i0.wp.com\/elregionalvm.com.ar\/noticias-villa-maria\/wp-content\/uploads\/2020\/08\/Vertedero.jpeg?fit=1280%2C853&ssl=1\",\"contentUrl\":\"https:\/\/i0.wp.com\/elregionalvm.com.ar\/noticias-villa-maria\/wp-content\/uploads\/2020\/08\/Vertedero.jpeg?fit=1280%2C853&ssl=1\",\"width\":1280,\"height\":853},{\"@type\":\"BreadcrumbList\",\"@id\":\"http:\/\/elregionalvm.com.ar\/noticias-villa-maria\/a-fin-de-ano-llegarian-fondos-para-mejorar-el-vertedero-municipal-y-profundizar-reciclaje\/#breadcrumb\",\"itemListElement\":[{\"@type\":\"ListItem\",\"position\":1,\"name\":\"Portada\",\"item\":\"https:\/\/elregionalvm.com.ar\/noticias-villa-maria\/\"},{\"@type\":\"ListItem\",\"position\":2,\"name\":\"A fin de a\u00f1o llegar\u00edan fondos para mejorar el Vertedero Municipal y profundizar reciclaje\"}]},{\"@type\":\"WebSite\",\"@id\":\"http:\/\/elregionalvm.com.ar\/noticias-villa-maria\/#website\",\"url\":\"http:\/\/elregionalvm.com.ar\/noticias-villa-maria\/\",\"name\":\"El Regional\",\"description\":\"Mucho m\u00e1s que informaci\u00f3n\",\"potentialAction\":[{\"@type\":\"SearchAction\",\"target\":{\"@type\":\"EntryPoint\",\"urlTemplate\":\"http:\/\/elregionalvm.com.ar\/noticias-villa-maria\/?s={search_term_string}\"},\"query-input\":{\"@type\":\"PropertyValueSpecification\",\"valueRequired\":true,\"valueName\":\"search_term_string\"}}],\"inLanguage\":\"es\"},{\"@type\":\"Person\",\"@id\":\"http:\/\/elregionalvm.com.ar\/noticias-villa-maria\/#\/schema\/person\/a0fb9c422317faca23d50163151bc354\",\"name\":\"Contenidos El Regional\",\"image\":{\"@type\":\"ImageObject\",\"inLanguage\":\"es\",\"@id\":\"http:\/\/elregionalvm.com.ar\/noticias-villa-maria\/#\/schema\/person\/image\/\",\"url\":\"https:\/\/secure.gravatar.com\/avatar\/265b27cb2209af7bb3a1318f03305787d7981a5cc6e6cd08fe5a4ecdf99d4b48?s=96&d=mm&r=g\",\"contentUrl\":\"https:\/\/secure.gravatar.com\/avatar\/265b27cb2209af7bb3a1318f03305787d7981a5cc6e6cd08fe5a4ecdf99d4b48?s=96&d=mm&r=g\",\"caption\":\"Contenidos El Regional\"},\"url\":\"https:\/\/elregionalvm.com.ar\/noticias-villa-maria\/author\/contenido\/\"}]}<\/script>\n<!-- \/ Yoast SEO plugin. -->","yoast_head_json":{"title":"A fin de a\u00f1o llegar\u00edan fondos para mejorar el Vertedero Municipal y profundizar reciclaje - El Regional","robots":{"index":"index","follow":"follow","max-snippet":"max-snippet:-1","max-image-preview":"max-image-preview:large","max-video-preview":"max-video-preview:-1"},"canonical":"http:\/\/elregionalvm.com.ar\/noticias-villa-maria\/a-fin-de-ano-llegarian-fondos-para-mejorar-el-vertedero-municipal-y-profundizar-reciclaje\/","og_locale":"es_ES","og_type":"article","og_title":"A fin de a\u00f1o llegar\u00edan fondos para mejorar el Vertedero Municipal y profundizar reciclaje - El Regional","og_description":"Desde el municipio se destac\u00f3 este mi\u00e9rcoles que avanzan las gestiones ante el Ministerio de Ambiente de la Naci\u00f3n, a cargo de Juan Cabandi\u00e9, y la cartera Provincial que dirige Juan Carlos Scotto, para poner en marcha un importante proyecto ambiental que busca el mejoramiento integral del Vertedero Municipal y profundizar el tratamiento y reciclaje [&hellip;]","og_url":"http:\/\/elregionalvm.com.ar\/noticias-villa-maria\/a-fin-de-ano-llegarian-fondos-para-mejorar-el-vertedero-municipal-y-profundizar-reciclaje\/","og_site_name":"El Regional","article_publisher":"https:\/\/www.facebook.com\/elregionalvm","article_published_time":"2020-08-05T21:00:56+00:00","article_modified_time":"2020-08-05T21:00:58+00:00","og_image":[{"width":1280,"height":853,"url":"http:\/\/elregionalvm.com.ar\/noticias-villa-maria\/wp-content\/uploads\/2020\/08\/Vertedero.jpeg","type":"image\/jpeg"}],"author":"Contenidos El Regional","twitter_card":"summary_large_image","twitter_creator":"@elregionalvm1","twitter_site":"@elregionalvm1","twitter_misc":{"Escrito por":"Contenidos El Regional","Tiempo de lectura":"2 minutos"},"schema":{"@context":"https:\/\/schema.org","@graph":[{"@type":"Article","@id":"http:\/\/elregionalvm.com.ar\/noticias-villa-maria\/a-fin-de-ano-llegarian-fondos-para-mejorar-el-vertedero-municipal-y-profundizar-reciclaje\/#article","isPartOf":{"@id":"http:\/\/elregionalvm.com.ar\/noticias-villa-maria\/a-fin-de-ano-llegarian-fondos-para-mejorar-el-vertedero-municipal-y-profundizar-reciclaje\/"},"author":{"name":"Contenidos El Regional","@id":"http:\/\/elregionalvm.com.ar\/noticias-villa-maria\/#\/schema\/person\/a0fb9c422317faca23d50163151bc354"},"headline":"A fin de a\u00f1o llegar\u00edan fondos para mejorar el Vertedero Municipal y profundizar reciclaje","datePublished":"2020-08-05T21:00:56+00:00","dateModified":"2020-08-05T21:00:58+00:00","mainEntityOfPage":{"@id":"http:\/\/elregionalvm.com.ar\/noticias-villa-maria\/a-fin-de-ano-llegarian-fondos-para-mejorar-el-vertedero-municipal-y-profundizar-reciclaje\/"},"wordCount":417,"commentCount":0,"image":{"@id":"http:\/\/elregionalvm.com.ar\/noticias-villa-maria\/a-fin-de-ano-llegarian-fondos-para-mejorar-el-vertedero-municipal-y-profundizar-reciclaje\/#primaryimage"},"thumbnailUrl":"https:\/\/i0.wp.com\/elregionalvm.com.ar\/noticias-villa-maria\/wp-content\/uploads\/2020\/08\/Vertedero.jpeg?fit=1280%2C853&ssl=1","keywords":["esperan fondos","fin de a\u00f1o","reciclaje","residuos","sustentabilidad","Vertedero Municipal","Villa Mar\u00eda"],"articleSection":["Villa Mar\u00eda"],"inLanguage":"es","potentialAction":[{"@type":"CommentAction","name":"Comment","target":["http:\/\/elregionalvm.com.ar\/noticias-villa-maria\/a-fin-de-ano-llegarian-fondos-para-mejorar-el-vertedero-municipal-y-profundizar-reciclaje\/#respond"]}]},{"@type":"WebPage","@id":"http:\/\/elregionalvm.com.ar\/noticias-villa-maria\/a-fin-de-ano-llegarian-fondos-para-mejorar-el-vertedero-municipal-y-profundizar-reciclaje\/","url":"http:\/\/elregionalvm.com.ar\/noticias-villa-maria\/a-fin-de-ano-llegarian-fondos-para-mejorar-el-vertedero-municipal-y-profundizar-reciclaje\/","name":"A fin de a\u00f1o llegar\u00edan fondos para mejorar el Vertedero Municipal y profundizar reciclaje - El Regional","isPartOf":{"@id":"http:\/\/elregionalvm.com.ar\/noticias-villa-maria\/#website"},"primaryImageOfPage":{"@id":"http:\/\/elregionalvm.com.ar\/noticias-villa-maria\/a-fin-de-ano-llegarian-fondos-para-mejorar-el-vertedero-municipal-y-profundizar-reciclaje\/#primaryimage"},"image":{"@id":"http:\/\/elregionalvm.com.ar\/noticias-villa-maria\/a-fin-de-ano-llegarian-fondos-para-mejorar-el-vertedero-municipal-y-profundizar-reciclaje\/#primaryimage"},"thumbnailUrl":"https:\/\/i0.wp.com\/elregionalvm.com.ar\/noticias-villa-maria\/wp-content\/uploads\/2020\/08\/Vertedero.jpeg?fit=1280%2C853&ssl=1","datePublished":"2020-08-05T21:00:56+00:00","dateModified":"2020-08-05T21:00:58+00:00","author":{"@id":"http:\/\/elregionalvm.com.ar\/noticias-villa-maria\/#\/schema\/person\/a0fb9c422317faca23d50163151bc354"},"breadcrumb":{"@id":"http:\/\/elregionalvm.com.ar\/noticias-villa-maria\/a-fin-de-ano-llegarian-fondos-para-mejorar-el-vertedero-municipal-y-profundizar-reciclaje\/#breadcrumb"},"inLanguage":"es","potentialAction":[{"@type":"ReadAction","target":["http:\/\/elregionalvm.com.ar\/noticias-villa-maria\/a-fin-de-ano-llegarian-fondos-para-mejorar-el-vertedero-municipal-y-profundizar-reciclaje\/"]}]},{"@type":"ImageObject","inLanguage":"es","@id":"http:\/\/elregionalvm.com.ar\/noticias-villa-maria\/a-fin-de-ano-llegarian-fondos-para-mejorar-el-vertedero-municipal-y-profundizar-reciclaje\/#primaryimage","url":"https:\/\/i0.wp.com\/elregionalvm.com.ar\/noticias-villa-maria\/wp-content\/uploads\/2020\/08\/Vertedero.jpeg?fit=1280%2C853&ssl=1","contentUrl":"https:\/\/i0.wp.com\/elregionalvm.com.ar\/noticias-villa-maria\/wp-content\/uploads\/2020\/08\/Vertedero.jpeg?fit=1280%2C853&ssl=1","width":1280,"height":853},{"@type":"BreadcrumbList","@id":"http:\/\/elregionalvm.com.ar\/noticias-villa-maria\/a-fin-de-ano-llegarian-fondos-para-mejorar-el-vertedero-municipal-y-profundizar-reciclaje\/#breadcrumb","itemListElement":[{"@type":"ListItem","position":1,"name":"Portada","item":"https:\/\/elregionalvm.com.ar\/noticias-villa-maria\/"},{"@type":"ListItem","position":2,"name":"A fin de a\u00f1o llegar\u00edan fondos para mejorar el Vertedero Municipal y profundizar reciclaje"}]},{"@type":"WebSite","@id":"http:\/\/elregionalvm.com.ar\/noticias-villa-maria\/#website","url":"http:\/\/elregionalvm.com.ar\/noticias-villa-maria\/","name":"El Regional","description":"Mucho m\u00e1s que informaci\u00f3n","potentialAction":[{"@type":"SearchAction","target":{"@type":"EntryPoint","urlTemplate":"http:\/\/elregionalvm.com.ar\/noticias-villa-maria\/?s={search_term_string}"},"query-input":{"@type":"PropertyValueSpecification","valueRequired":true,"valueName":"search_term_string"}}],"inLanguage":"es"},{"@type":"Person","@id":"http:\/\/elregionalvm.com.ar\/noticias-villa-maria\/#\/schema\/person\/a0fb9c422317faca23d50163151bc354","name":"Contenidos El Regional","image":{"@type":"ImageObject","inLanguage":"es","@id":"http:\/\/elregionalvm.com.ar\/noticias-villa-maria\/#\/schema\/person\/image\/","url":"https:\/\/secure.gravatar.com\/avatar\/265b27cb2209af7bb3a1318f03305787d7981a5cc6e6cd08fe5a4ecdf99d4b48?s=96&d=mm&r=g","contentUrl":"https:\/\/secure.gravatar.com\/avatar\/265b27cb2209af7bb3a1318f03305787d7981a5cc6e6cd08fe5a4ecdf99d4b48?s=96&d=mm&r=g","caption":"Contenidos El Regional"},"url":"https:\/\/elregionalvm.com.ar\/noticias-villa-maria\/author\/contenido\/"}]}},"jetpack_featured_media_url":"https:\/\/i0.wp.com\/elregionalvm.com.ar\/noticias-villa-maria\/wp-content\/uploads\/2020\/08\/Vertedero.jpeg?fit=1280%2C853&ssl=1","jetpack_sharing_enabled":true,"_links":{"self":[{"href":"https:\/\/elregionalvm.com.ar\/noticias-villa-maria\/wp-json\/wp\/v2\/posts\/21503","targetHints":{"allow":["GET"]}}],"collection":[{"href":"https:\/\/elregionalvm.com.ar\/noticias-villa-maria\/wp-json\/wp\/v2\/posts"}],"about":[{"href":"https:\/\/elregionalvm.com.ar\/noticias-villa-maria\/wp-json\/wp\/v2\/types\/post"}],"author":[{"embeddable":true,"href":"https:\/\/elregionalvm.com.ar\/noticias-villa-maria\/wp-json\/wp\/v2\/users\/4"}],"replies":[{"embeddable":true,"href":"https:\/\/elregionalvm.com.ar\/noticias-villa-maria\/wp-json\/wp\/v2\/comments?post=21503"}],"version-history":[{"count":1,"href":"https:\/\/elregionalvm.com.ar\/noticias-villa-maria\/wp-json\/wp\/v2\/posts\/21503\/revisions"}],"predecessor-version":[{"id":21507,"href":"https:\/\/elregionalvm.com.ar\/noticias-villa-maria\/wp-json\/wp\/v2\/posts\/21503\/revisions\/21507"}],"wp:featuredmedia":[{"embeddable":true,"href":"https:\/\/elregionalvm.com.ar\/noticias-villa-maria\/wp-json\/wp\/v2\/media\/21505"}],"wp:attachment":[{"href":"https:\/\/elregionalvm.com.ar\/noticias-villa-maria\/wp-json\/wp\/v2\/media?parent=21503"}],"wp:term":[{"taxonomy":"category","embeddable":true,"href":"https:\/\/elregionalvm.com.ar\/noticias-villa-maria\/wp-json\/wp\/v2\/categories?post=21503"},{"taxonomy":"post_tag","embeddable":true,"href":"https:\/\/elregionalvm.com.ar\/noticias-villa-maria\/wp-json\/wp\/v2\/tags?post=21503"}],"curies":[{"name":"wp","href":"https:\/\/api.w.org\/{rel}","templated":true}]}}