{"id":21876,"date":"2020-08-12T01:59:53","date_gmt":"2020-08-12T01:59:53","guid":{"rendered":"https:\/\/elregionalvm.com.ar\/noticias-villa-maria\/?p=21876"},"modified":"2020-08-12T04:47:25","modified_gmt":"2020-08-12T04:47:25","slug":"ningun-nuevo-caso-en-villa-maria-y-otro-mas-en-villa-nueva","status":"publish","type":"post","link":"https:\/\/elregionalvm.com.ar\/noticias-villa-maria\/ningun-nuevo-caso-en-villa-maria-y-otro-mas-en-villa-nueva\/","title":{"rendered":"Ning\u00fan nuevo caso en Villa Mar\u00eda y otro m\u00e1s en Villa Nueva"},"content":{"rendered":"\n<p>En su habitual informe epidemiol\u00f3gico diario, el municipio no notific\u00f3 nuevos casos de Covid-19 en Villa Mar\u00eda. De esta manera, el  acumulado se mantiene en 75 casos.<\/p>\n\n\n\n<p>En tanto, el Hospital Pasteur confirm\u00f3 esta noche un nuevo caso en la vecina Villa Nueva. <\/p>\n\n\n\n<p>Pablo Rosso acompa\u00f1ado por el secretario de Salud, Humberto Jure,  informaron los siguientes puntos:<\/p>\n\n\n\n<p>\u2022 No se registraron nuevos casos positivos en la ciudad hasta las 19 horas de este martes 11 de agosto. <\/p>\n\n\n\n<p>\u2022 Los casos positivos activos suman 34.<\/p>\n\n\n\n<p>\u2022 En el d\u00eda de hoy se dieron 5 altas m\u00e9dicas, lo que arroja un total de 41 pacientes que recibieron el alta m\u00e9dica definitiva. Adem\u00e1s, obtuvieron el alta de aislamiento 9 personas.<\/p>\n\n\n\n<p>\u2022 Hay actualmente 130 personas aisladas, de los cuales 96 son contactos estrechos. De ellos, 32 aguardan los resultados y 64 recibieron el primer hisopado negativo.<\/p>\n\n\n\n<p>\u2022 Los 32 resultados pendientes corresponden a contactos estrechos de los 10 casos positivos informados ayer, que tienen nexo con una persona positiva proveniente de C\u00f3rdoba.<\/p>\n\n\n\n<p><strong>Credos religiosos<\/strong><\/p>\n\n\n\n<p>Las Secretar\u00edas de Salud e Inclusi\u00f3n Social y Territorio se reunieron con representantes de diferentes credos religiosos para promover el respeto de los protocolos en las reuniones religiosas. Adem\u00e1s, se destac\u00f3 la importancia de la distancia social, el lavado de manos, el uso de alcohol en gel y, especialmente, el uso de barbijo.<\/p>\n\n\n\n<p><strong>Gimnasios<\/strong><\/p>\n\n\n\n<p>El Ejecutivo firm\u00f3 el decreto de adhesi\u00f3n a los protocolos aprobados por el COE para la pr\u00e1ctica de calistenia, que ser\u00e1 enviado al Concejo Deliberante para su ratificaci\u00f3n. Los gimnasios podr\u00e1n abrir con esta finalidad, debiendo cada uno presentar un protocolo espec\u00edfico de aplicaci\u00f3n.<\/p>\n\n\n\n<p><strong>Control vehicular<\/strong><\/p>\n\n\n\n<p>La Estaci\u00f3n Virol\u00f3gica control\u00f3 540 veh\u00edculos y realizaron 168 testeos r\u00e1pidos, 13 de estos \u00faltimos debieron ser encapsulados hasta el Hospital Regional Pasteur para el hisopado correspondiente.<\/p>\n\n\n\n<p>Poco m\u00e1s de 1.800 veh\u00edculos ingresaron al conglomerado por los puntos de control en los accesos y se impidieron 43 ingresos por falta de documentaci\u00f3n exigida.<\/p>\n","protected":false},"excerpt":{"rendered":"<p>En su habitual informe epidemiol\u00f3gico diario, el municipio no notific\u00f3 nuevos casos de Covid-19 en Villa Mar\u00eda. De esta manera, el acumulado se mantiene en 75 casos. En tanto, el Hospital Pasteur confirm\u00f3 esta noche un nuevo caso en la vecina Villa Nueva. Pablo Rosso acompa\u00f1ado por el secretario de Salud, Humberto Jure, informaron los [&hellip;]<\/p>\n","protected":false},"author":4,"featured_media":21877,"comment_status":"open","ping_status":"open","sticky":false,"template":"","format":"standard","meta":{"site-sidebar-layout":"default","site-content-layout":"default","ast-site-content-layout":"default","site-content-style":"default","site-sidebar-style":"default","ast-global-header-display":"","ast-banner-title-visibility":"","ast-main-header-display":"","ast-hfb-above-header-display":"","ast-hfb-below-header-display":"","ast-hfb-mobile-header-display":"","site-post-title":"","ast-breadcrumbs-content":"","ast-featured-img":"","footer-sml-layout":"","ast-disable-related-posts":"","theme-transparent-header-meta":"default","adv-header-id-meta":"","stick-header-meta":"","header-above-stick-meta":"","header-main-stick-meta":"","header-below-stick-meta":"","astra-migrate-meta-layouts":"default","ast-page-background-enabled":"default","ast-page-background-meta":{"desktop":{"background-color":"","background-image":"","background-repeat":"repeat","background-position":"center center","background-size":"auto","background-attachment":"scroll","background-type":"","background-media":"","overlay-type":"","overlay-color":"","overlay-opacity":"","overlay-gradient":""},"tablet":{"background-color":"","background-image":"","background-repeat":"repeat","background-position":"center center","background-size":"auto","background-attachment":"scroll","background-type":"","background-media":"","overlay-type":"","overlay-color":"","overlay-opacity":"","overlay-gradient":""},"mobile":{"background-color":"","background-image":"","background-repeat":"repeat","background-position":"center center","background-size":"auto","background-attachment":"scroll","background-type":"","background-media":"","overlay-type":"","overlay-color":"","overlay-opacity":"","overlay-gradient":""}},"ast-content-background-meta":{"desktop":{"background-color":"var(--ast-global-color-5)","background-image":"","background-repeat":"repeat","background-position":"center center","background-size":"auto","background-attachment":"scroll","background-type":"","background-media":"","overlay-type":"","overlay-color":"","overlay-opacity":"","overlay-gradient":""},"tablet":{"background-color":"var(--ast-global-color-5)","background-image":"","background-repeat":"repeat","background-position":"center center","background-size":"auto","background-attachment":"scroll","background-type":"","background-media":"","overlay-type":"","overlay-color":"","overlay-opacity":"","overlay-gradient":""},"mobile":{"background-color":"var(--ast-global-color-5)","background-image":"","background-repeat":"repeat","background-position":"center center","background-size":"auto","background-attachment":"scroll","background-type":"","background-media":"","overlay-type":"","overlay-color":"","overlay-opacity":"","overlay-gradient":""}},"_jetpack_memberships_contains_paid_content":false,"_joinchat":[],"footnotes":""},"categories":[2256,2323,2],"tags":[2422,350,2865,3255,2448,2623,2597,534,232],"class_list":["post-21876","post","type-post","status-publish","format-standard","has-post-thumbnail","hentry","category-coronavirus","category-notas-secundarias","category-villa-maria","tag-coe","tag-controles-de-transito","tag-covid-19-2","tag-credos","tag-gimnasios","tag-informe-epidemiologico","tag-nuevos-casos","tag-villa-maria","tag-villa-nueva"],"yoast_head":"<!-- This site is optimized with the Yoast SEO plugin v26.8 - https:\/\/yoast.com\/product\/yoast-seo-wordpress\/ -->\n<title>Ning\u00fan nuevo caso en Villa Mar\u00eda y otro m\u00e1s en Villa Nueva - El Regional<\/title>\n<meta name=\"description\" content=\"En su habitual informe epidemiol\u00f3gico diario, el municipio no notific\u00f3 nuevos casos de Covid-19. De esta manera, el acumulado se mantiene en 75 casos.\" \/>\n<meta name=\"robots\" content=\"index, follow, max-snippet:-1, max-image-preview:large, max-video-preview:-1\" \/>\n<link rel=\"canonical\" href=\"http:\/\/elregionalvm.com.ar\/noticias-villa-maria\/ningun-nuevo-caso-en-villa-maria-y-otro-mas-en-villa-nueva\/\" \/>\n<meta property=\"og:locale\" content=\"es_ES\" \/>\n<meta property=\"og:type\" content=\"article\" \/>\n<meta property=\"og:title\" content=\"Ning\u00fan nuevo caso en Villa Mar\u00eda y otro m\u00e1s en Villa Nueva - El Regional\" \/>\n<meta property=\"og:description\" content=\"En su habitual informe epidemiol\u00f3gico diario, el municipio no notific\u00f3 nuevos casos de Covid-19. De esta manera, el acumulado se mantiene en 75 casos.\" \/>\n<meta property=\"og:url\" content=\"http:\/\/elregionalvm.com.ar\/noticias-villa-maria\/ningun-nuevo-caso-en-villa-maria-y-otro-mas-en-villa-nueva\/\" \/>\n<meta property=\"og:site_name\" content=\"El Regional\" \/>\n<meta property=\"article:publisher\" content=\"https:\/\/www.facebook.com\/elregionalvm\" \/>\n<meta property=\"article:published_time\" content=\"2020-08-12T01:59:53+00:00\" \/>\n<meta property=\"article:modified_time\" content=\"2020-08-12T04:47:25+00:00\" \/>\n<meta property=\"og:image\" content=\"http:\/\/elregionalvm.com.ar\/noticias-villa-maria\/wp-content\/uploads\/2020\/08\/WhatsApp-Image-2020-08-11-at-9.33.57-PM.jpeg\" \/>\n\t<meta property=\"og:image:width\" content=\"1229\" \/>\n\t<meta property=\"og:image:height\" content=\"720\" \/>\n\t<meta property=\"og:image:type\" content=\"image\/jpeg\" \/>\n<meta name=\"author\" content=\"Contenidos El Regional\" \/>\n<meta name=\"twitter:card\" content=\"summary_large_image\" \/>\n<meta name=\"twitter:creator\" content=\"@elregionalvm1\" \/>\n<meta name=\"twitter:site\" content=\"@elregionalvm1\" \/>\n<meta name=\"twitter:label1\" content=\"Escrito por\" \/>\n\t<meta name=\"twitter:data1\" content=\"Contenidos El Regional\" \/>\n\t<meta name=\"twitter:label2\" content=\"Tiempo de lectura\" \/>\n\t<meta name=\"twitter:data2\" content=\"2 minutos\" \/>\n<script type=\"application\/ld+json\" class=\"yoast-schema-graph\">{\"@context\":\"https:\/\/schema.org\",\"@graph\":[{\"@type\":\"Article\",\"@id\":\"http:\/\/elregionalvm.com.ar\/noticias-villa-maria\/ningun-nuevo-caso-en-villa-maria-y-otro-mas-en-villa-nueva\/#article\",\"isPartOf\":{\"@id\":\"http:\/\/elregionalvm.com.ar\/noticias-villa-maria\/ningun-nuevo-caso-en-villa-maria-y-otro-mas-en-villa-nueva\/\"},\"author\":{\"name\":\"Contenidos El Regional\",\"@id\":\"http:\/\/elregionalvm.com.ar\/noticias-villa-maria\/#\/schema\/person\/a0fb9c422317faca23d50163151bc354\"},\"headline\":\"Ning\u00fan nuevo caso en Villa Mar\u00eda y otro m\u00e1s en Villa Nueva\",\"datePublished\":\"2020-08-12T01:59:53+00:00\",\"dateModified\":\"2020-08-12T04:47:25+00:00\",\"mainEntityOfPage\":{\"@id\":\"http:\/\/elregionalvm.com.ar\/noticias-villa-maria\/ningun-nuevo-caso-en-villa-maria-y-otro-mas-en-villa-nueva\/\"},\"wordCount\":340,\"commentCount\":0,\"image\":{\"@id\":\"http:\/\/elregionalvm.com.ar\/noticias-villa-maria\/ningun-nuevo-caso-en-villa-maria-y-otro-mas-en-villa-nueva\/#primaryimage\"},\"thumbnailUrl\":\"https:\/\/i0.wp.com\/elregionalvm.com.ar\/noticias-villa-maria\/wp-content\/uploads\/2020\/08\/WhatsApp-Image-2020-08-11-at-9.33.57-PM.jpeg?fit=1229%2C720&ssl=1\",\"keywords\":[\"COE\",\"controles de tr\u00e1nsito\",\"Covid 19\",\"Credos\",\"Gimnasios\",\"Informe epidemiol\u00f3gico\",\"Nuevos casos\",\"villa maria\",\"VILLA NUEVA\"],\"articleSection\":[\"Coronavirus\",\"Notas\",\"Villa Mar\u00eda\"],\"inLanguage\":\"es\",\"potentialAction\":[{\"@type\":\"CommentAction\",\"name\":\"Comment\",\"target\":[\"http:\/\/elregionalvm.com.ar\/noticias-villa-maria\/ningun-nuevo-caso-en-villa-maria-y-otro-mas-en-villa-nueva\/#respond\"]}]},{\"@type\":\"WebPage\",\"@id\":\"http:\/\/elregionalvm.com.ar\/noticias-villa-maria\/ningun-nuevo-caso-en-villa-maria-y-otro-mas-en-villa-nueva\/\",\"url\":\"http:\/\/elregionalvm.com.ar\/noticias-villa-maria\/ningun-nuevo-caso-en-villa-maria-y-otro-mas-en-villa-nueva\/\",\"name\":\"Ning\u00fan nuevo caso en Villa Mar\u00eda y otro m\u00e1s en Villa Nueva - El Regional\",\"isPartOf\":{\"@id\":\"http:\/\/elregionalvm.com.ar\/noticias-villa-maria\/#website\"},\"primaryImageOfPage\":{\"@id\":\"http:\/\/elregionalvm.com.ar\/noticias-villa-maria\/ningun-nuevo-caso-en-villa-maria-y-otro-mas-en-villa-nueva\/#primaryimage\"},\"image\":{\"@id\":\"http:\/\/elregionalvm.com.ar\/noticias-villa-maria\/ningun-nuevo-caso-en-villa-maria-y-otro-mas-en-villa-nueva\/#primaryimage\"},\"thumbnailUrl\":\"https:\/\/i0.wp.com\/elregionalvm.com.ar\/noticias-villa-maria\/wp-content\/uploads\/2020\/08\/WhatsApp-Image-2020-08-11-at-9.33.57-PM.jpeg?fit=1229%2C720&ssl=1\",\"datePublished\":\"2020-08-12T01:59:53+00:00\",\"dateModified\":\"2020-08-12T04:47:25+00:00\",\"author\":{\"@id\":\"http:\/\/elregionalvm.com.ar\/noticias-villa-maria\/#\/schema\/person\/a0fb9c422317faca23d50163151bc354\"},\"description\":\"En su habitual informe epidemiol\u00f3gico diario, el municipio no notific\u00f3 nuevos casos de Covid-19. De esta manera, el acumulado se mantiene en 75 casos.\",\"breadcrumb\":{\"@id\":\"http:\/\/elregionalvm.com.ar\/noticias-villa-maria\/ningun-nuevo-caso-en-villa-maria-y-otro-mas-en-villa-nueva\/#breadcrumb\"},\"inLanguage\":\"es\",\"potentialAction\":[{\"@type\":\"ReadAction\",\"target\":[\"http:\/\/elregionalvm.com.ar\/noticias-villa-maria\/ningun-nuevo-caso-en-villa-maria-y-otro-mas-en-villa-nueva\/\"]}]},{\"@type\":\"ImageObject\",\"inLanguage\":\"es\",\"@id\":\"http:\/\/elregionalvm.com.ar\/noticias-villa-maria\/ningun-nuevo-caso-en-villa-maria-y-otro-mas-en-villa-nueva\/#primaryimage\",\"url\":\"https:\/\/i0.wp.com\/elregionalvm.com.ar\/noticias-villa-maria\/wp-content\/uploads\/2020\/08\/WhatsApp-Image-2020-08-11-at-9.33.57-PM.jpeg?fit=1229%2C720&ssl=1\",\"contentUrl\":\"https:\/\/i0.wp.com\/elregionalvm.com.ar\/noticias-villa-maria\/wp-content\/uploads\/2020\/08\/WhatsApp-Image-2020-08-11-at-9.33.57-PM.jpeg?fit=1229%2C720&ssl=1\",\"width\":1229,\"height\":720},{\"@type\":\"BreadcrumbList\",\"@id\":\"http:\/\/elregionalvm.com.ar\/noticias-villa-maria\/ningun-nuevo-caso-en-villa-maria-y-otro-mas-en-villa-nueva\/#breadcrumb\",\"itemListElement\":[{\"@type\":\"ListItem\",\"position\":1,\"name\":\"Portada\",\"item\":\"https:\/\/elregionalvm.com.ar\/noticias-villa-maria\/\"},{\"@type\":\"ListItem\",\"position\":2,\"name\":\"Ning\u00fan nuevo caso en Villa Mar\u00eda y otro m\u00e1s en Villa Nueva\"}]},{\"@type\":\"WebSite\",\"@id\":\"http:\/\/elregionalvm.com.ar\/noticias-villa-maria\/#website\",\"url\":\"http:\/\/elregionalvm.com.ar\/noticias-villa-maria\/\",\"name\":\"El Regional\",\"description\":\"Mucho m\u00e1s que informaci\u00f3n\",\"potentialAction\":[{\"@type\":\"SearchAction\",\"target\":{\"@type\":\"EntryPoint\",\"urlTemplate\":\"http:\/\/elregionalvm.com.ar\/noticias-villa-maria\/?s={search_term_string}\"},\"query-input\":{\"@type\":\"PropertyValueSpecification\",\"valueRequired\":true,\"valueName\":\"search_term_string\"}}],\"inLanguage\":\"es\"},{\"@type\":\"Person\",\"@id\":\"http:\/\/elregionalvm.com.ar\/noticias-villa-maria\/#\/schema\/person\/a0fb9c422317faca23d50163151bc354\",\"name\":\"Contenidos El Regional\",\"image\":{\"@type\":\"ImageObject\",\"inLanguage\":\"es\",\"@id\":\"http:\/\/elregionalvm.com.ar\/noticias-villa-maria\/#\/schema\/person\/image\/\",\"url\":\"https:\/\/secure.gravatar.com\/avatar\/265b27cb2209af7bb3a1318f03305787d7981a5cc6e6cd08fe5a4ecdf99d4b48?s=96&d=mm&r=g\",\"contentUrl\":\"https:\/\/secure.gravatar.com\/avatar\/265b27cb2209af7bb3a1318f03305787d7981a5cc6e6cd08fe5a4ecdf99d4b48?s=96&d=mm&r=g\",\"caption\":\"Contenidos El Regional\"},\"url\":\"https:\/\/elregionalvm.com.ar\/noticias-villa-maria\/author\/contenido\/\"}]}<\/script>\n<!-- \/ Yoast SEO plugin. -->","yoast_head_json":{"title":"Ning\u00fan nuevo caso en Villa Mar\u00eda y otro m\u00e1s en Villa Nueva - El Regional","description":"En su habitual informe epidemiol\u00f3gico diario, el municipio no notific\u00f3 nuevos casos de Covid-19. De esta manera, el acumulado se mantiene en 75 casos.","robots":{"index":"index","follow":"follow","max-snippet":"max-snippet:-1","max-image-preview":"max-image-preview:large","max-video-preview":"max-video-preview:-1"},"canonical":"http:\/\/elregionalvm.com.ar\/noticias-villa-maria\/ningun-nuevo-caso-en-villa-maria-y-otro-mas-en-villa-nueva\/","og_locale":"es_ES","og_type":"article","og_title":"Ning\u00fan nuevo caso en Villa Mar\u00eda y otro m\u00e1s en Villa Nueva - El Regional","og_description":"En su habitual informe epidemiol\u00f3gico diario, el municipio no notific\u00f3 nuevos casos de Covid-19. De esta manera, el acumulado se mantiene en 75 casos.","og_url":"http:\/\/elregionalvm.com.ar\/noticias-villa-maria\/ningun-nuevo-caso-en-villa-maria-y-otro-mas-en-villa-nueva\/","og_site_name":"El Regional","article_publisher":"https:\/\/www.facebook.com\/elregionalvm","article_published_time":"2020-08-12T01:59:53+00:00","article_modified_time":"2020-08-12T04:47:25+00:00","og_image":[{"width":1229,"height":720,"url":"http:\/\/elregionalvm.com.ar\/noticias-villa-maria\/wp-content\/uploads\/2020\/08\/WhatsApp-Image-2020-08-11-at-9.33.57-PM.jpeg","type":"image\/jpeg"}],"author":"Contenidos El Regional","twitter_card":"summary_large_image","twitter_creator":"@elregionalvm1","twitter_site":"@elregionalvm1","twitter_misc":{"Escrito por":"Contenidos El Regional","Tiempo de lectura":"2 minutos"},"schema":{"@context":"https:\/\/schema.org","@graph":[{"@type":"Article","@id":"http:\/\/elregionalvm.com.ar\/noticias-villa-maria\/ningun-nuevo-caso-en-villa-maria-y-otro-mas-en-villa-nueva\/#article","isPartOf":{"@id":"http:\/\/elregionalvm.com.ar\/noticias-villa-maria\/ningun-nuevo-caso-en-villa-maria-y-otro-mas-en-villa-nueva\/"},"author":{"name":"Contenidos El Regional","@id":"http:\/\/elregionalvm.com.ar\/noticias-villa-maria\/#\/schema\/person\/a0fb9c422317faca23d50163151bc354"},"headline":"Ning\u00fan nuevo caso en Villa Mar\u00eda y otro m\u00e1s en Villa Nueva","datePublished":"2020-08-12T01:59:53+00:00","dateModified":"2020-08-12T04:47:25+00:00","mainEntityOfPage":{"@id":"http:\/\/elregionalvm.com.ar\/noticias-villa-maria\/ningun-nuevo-caso-en-villa-maria-y-otro-mas-en-villa-nueva\/"},"wordCount":340,"commentCount":0,"image":{"@id":"http:\/\/elregionalvm.com.ar\/noticias-villa-maria\/ningun-nuevo-caso-en-villa-maria-y-otro-mas-en-villa-nueva\/#primaryimage"},"thumbnailUrl":"https:\/\/i0.wp.com\/elregionalvm.com.ar\/noticias-villa-maria\/wp-content\/uploads\/2020\/08\/WhatsApp-Image-2020-08-11-at-9.33.57-PM.jpeg?fit=1229%2C720&ssl=1","keywords":["COE","controles de tr\u00e1nsito","Covid 19","Credos","Gimnasios","Informe epidemiol\u00f3gico","Nuevos casos","villa maria","VILLA NUEVA"],"articleSection":["Coronavirus","Notas","Villa Mar\u00eda"],"inLanguage":"es","potentialAction":[{"@type":"CommentAction","name":"Comment","target":["http:\/\/elregionalvm.com.ar\/noticias-villa-maria\/ningun-nuevo-caso-en-villa-maria-y-otro-mas-en-villa-nueva\/#respond"]}]},{"@type":"WebPage","@id":"http:\/\/elregionalvm.com.ar\/noticias-villa-maria\/ningun-nuevo-caso-en-villa-maria-y-otro-mas-en-villa-nueva\/","url":"http:\/\/elregionalvm.com.ar\/noticias-villa-maria\/ningun-nuevo-caso-en-villa-maria-y-otro-mas-en-villa-nueva\/","name":"Ning\u00fan nuevo caso en Villa Mar\u00eda y otro m\u00e1s en Villa Nueva - El Regional","isPartOf":{"@id":"http:\/\/elregionalvm.com.ar\/noticias-villa-maria\/#website"},"primaryImageOfPage":{"@id":"http:\/\/elregionalvm.com.ar\/noticias-villa-maria\/ningun-nuevo-caso-en-villa-maria-y-otro-mas-en-villa-nueva\/#primaryimage"},"image":{"@id":"http:\/\/elregionalvm.com.ar\/noticias-villa-maria\/ningun-nuevo-caso-en-villa-maria-y-otro-mas-en-villa-nueva\/#primaryimage"},"thumbnailUrl":"https:\/\/i0.wp.com\/elregionalvm.com.ar\/noticias-villa-maria\/wp-content\/uploads\/2020\/08\/WhatsApp-Image-2020-08-11-at-9.33.57-PM.jpeg?fit=1229%2C720&ssl=1","datePublished":"2020-08-12T01:59:53+00:00","dateModified":"2020-08-12T04:47:25+00:00","author":{"@id":"http:\/\/elregionalvm.com.ar\/noticias-villa-maria\/#\/schema\/person\/a0fb9c422317faca23d50163151bc354"},"description":"En su habitual informe epidemiol\u00f3gico diario, el municipio no notific\u00f3 nuevos casos de Covid-19. De esta manera, el acumulado se mantiene en 75 casos.","breadcrumb":{"@id":"http:\/\/elregionalvm.com.ar\/noticias-villa-maria\/ningun-nuevo-caso-en-villa-maria-y-otro-mas-en-villa-nueva\/#breadcrumb"},"inLanguage":"es","potentialAction":[{"@type":"ReadAction","target":["http:\/\/elregionalvm.com.ar\/noticias-villa-maria\/ningun-nuevo-caso-en-villa-maria-y-otro-mas-en-villa-nueva\/"]}]},{"@type":"ImageObject","inLanguage":"es","@id":"http:\/\/elregionalvm.com.ar\/noticias-villa-maria\/ningun-nuevo-caso-en-villa-maria-y-otro-mas-en-villa-nueva\/#primaryimage","url":"https:\/\/i0.wp.com\/elregionalvm.com.ar\/noticias-villa-maria\/wp-content\/uploads\/2020\/08\/WhatsApp-Image-2020-08-11-at-9.33.57-PM.jpeg?fit=1229%2C720&ssl=1","contentUrl":"https:\/\/i0.wp.com\/elregionalvm.com.ar\/noticias-villa-maria\/wp-content\/uploads\/2020\/08\/WhatsApp-Image-2020-08-11-at-9.33.57-PM.jpeg?fit=1229%2C720&ssl=1","width":1229,"height":720},{"@type":"BreadcrumbList","@id":"http:\/\/elregionalvm.com.ar\/noticias-villa-maria\/ningun-nuevo-caso-en-villa-maria-y-otro-mas-en-villa-nueva\/#breadcrumb","itemListElement":[{"@type":"ListItem","position":1,"name":"Portada","item":"https:\/\/elregionalvm.com.ar\/noticias-villa-maria\/"},{"@type":"ListItem","position":2,"name":"Ning\u00fan nuevo caso en Villa Mar\u00eda y otro m\u00e1s en Villa Nueva"}]},{"@type":"WebSite","@id":"http:\/\/elregionalvm.com.ar\/noticias-villa-maria\/#website","url":"http:\/\/elregionalvm.com.ar\/noticias-villa-maria\/","name":"El Regional","description":"Mucho m\u00e1s que informaci\u00f3n","potentialAction":[{"@type":"SearchAction","target":{"@type":"EntryPoint","urlTemplate":"http:\/\/elregionalvm.com.ar\/noticias-villa-maria\/?s={search_term_string}"},"query-input":{"@type":"PropertyValueSpecification","valueRequired":true,"valueName":"search_term_string"}}],"inLanguage":"es"},{"@type":"Person","@id":"http:\/\/elregionalvm.com.ar\/noticias-villa-maria\/#\/schema\/person\/a0fb9c422317faca23d50163151bc354","name":"Contenidos El Regional","image":{"@type":"ImageObject","inLanguage":"es","@id":"http:\/\/elregionalvm.com.ar\/noticias-villa-maria\/#\/schema\/person\/image\/","url":"https:\/\/secure.gravatar.com\/avatar\/265b27cb2209af7bb3a1318f03305787d7981a5cc6e6cd08fe5a4ecdf99d4b48?s=96&d=mm&r=g","contentUrl":"https:\/\/secure.gravatar.com\/avatar\/265b27cb2209af7bb3a1318f03305787d7981a5cc6e6cd08fe5a4ecdf99d4b48?s=96&d=mm&r=g","caption":"Contenidos El Regional"},"url":"https:\/\/elregionalvm.com.ar\/noticias-villa-maria\/author\/contenido\/"}]}},"jetpack_featured_media_url":"https:\/\/i0.wp.com\/elregionalvm.com.ar\/noticias-villa-maria\/wp-content\/uploads\/2020\/08\/WhatsApp-Image-2020-08-11-at-9.33.57-PM.jpeg?fit=1229%2C720&ssl=1","jetpack_sharing_enabled":true,"_links":{"self":[{"href":"https:\/\/elregionalvm.com.ar\/noticias-villa-maria\/wp-json\/wp\/v2\/posts\/21876","targetHints":{"allow":["GET"]}}],"collection":[{"href":"https:\/\/elregionalvm.com.ar\/noticias-villa-maria\/wp-json\/wp\/v2\/posts"}],"about":[{"href":"https:\/\/elregionalvm.com.ar\/noticias-villa-maria\/wp-json\/wp\/v2\/types\/post"}],"author":[{"embeddable":true,"href":"https:\/\/elregionalvm.com.ar\/noticias-villa-maria\/wp-json\/wp\/v2\/users\/4"}],"replies":[{"embeddable":true,"href":"https:\/\/elregionalvm.com.ar\/noticias-villa-maria\/wp-json\/wp\/v2\/comments?post=21876"}],"version-history":[{"count":1,"href":"https:\/\/elregionalvm.com.ar\/noticias-villa-maria\/wp-json\/wp\/v2\/posts\/21876\/revisions"}],"predecessor-version":[{"id":21878,"href":"https:\/\/elregionalvm.com.ar\/noticias-villa-maria\/wp-json\/wp\/v2\/posts\/21876\/revisions\/21878"}],"wp:featuredmedia":[{"embeddable":true,"href":"https:\/\/elregionalvm.com.ar\/noticias-villa-maria\/wp-json\/wp\/v2\/media\/21877"}],"wp:attachment":[{"href":"https:\/\/elregionalvm.com.ar\/noticias-villa-maria\/wp-json\/wp\/v2\/media?parent=21876"}],"wp:term":[{"taxonomy":"category","embeddable":true,"href":"https:\/\/elregionalvm.com.ar\/noticias-villa-maria\/wp-json\/wp\/v2\/categories?post=21876"},{"taxonomy":"post_tag","embeddable":true,"href":"https:\/\/elregionalvm.com.ar\/noticias-villa-maria\/wp-json\/wp\/v2\/tags?post=21876"}],"curies":[{"name":"wp","href":"https:\/\/api.w.org\/{rel}","templated":true}]}}