{"id":21892,"date":"2020-08-12T12:10:50","date_gmt":"2020-08-12T12:10:50","guid":{"rendered":"https:\/\/elregionalvm.com.ar\/noticias-villa-maria\/?p=21892"},"modified":"2020-08-13T16:06:59","modified_gmt":"2020-08-13T16:06:59","slug":"el-cano-a-la-tuerca-historico-bulin","status":"publish","type":"post","link":"https:\/\/elregionalvm.com.ar\/noticias-villa-maria\/el-cano-a-la-tuerca-historico-bulin\/","title":{"rendered":"El ca\u00f1o a \u00abLa Tuerca\u00bb, hist\u00f3rico bul\u00edn"},"content":{"rendered":"\n<p><strong>Memorias de un comisario tan coimero como brutal<\/strong><\/p>\n\n\n\n<p><strong>Escribe: Miguel Andreis<\/strong><\/p>\n\n\n\n<p>Fines de los sesenta, principios de los setenta\u2026 Algunos de los uniformados, verdugos, que se hab\u00edan hecho cargo de la Provincia, Lacabane, Garc\u00eda Rey entre otros, hombres de comuni\u00f3n dominical y plomos siempre dispuestos a escaparse de las vainas, decidieron, debido a su \u201calta moralidad\u201d, poner fin al \u201cFlagelo\u201d de la prostituci\u00f3n en nuestra ciudad. Especialmente en la \u201cimp\u00fadica\u201d ruta pesada.<\/p>\n\n\n\n<p>Deciden enviar para la villa a un comisario muy temido, dur\u00edsimo y de dedos muy aceitados para los gatillos. Por entonces no era poco lo que se alud\u00eda a este irreverente del poder. Entre otras cosas del violento, se supo que ten\u00eda pasi\u00f3n por las jovencitas. Cuentan que con \u00e9l trajo desde C\u00f3rdoba una ni\u00f1a bell\u00edsima de unos 15 a\u00f1os, no m\u00e1s. La ubic\u00f3 en una pieza, tipo pensi\u00f3n, en una especie de hotel de intercambios de humedades r\u00e1pidas. El inmueble en cuesti\u00f3n, en la actualidad, una confiter\u00eda. Inimaginable en aquellos tiempos. Al frente se colocar\u00eda, posteriormente el \u201cMonumento al Gaucho\u201d, monumento que pasearon por media ciudad. Lo rajaban de un sitio y otro. Se trata de una obra formidable del inolvidable escultor Tito Alvarez y que us\u00f3 como modelo de gaucho, al bravo sobre el lomo de los pingos, don Onil Centeno. Primer campe\u00f3n argentino en las jineteadas.<\/p>\n\n\n\n<p><strong>\u201cPara la cana no hay guita\u201d, le grit\u00f3 el Ruso<\/strong><\/p>\n\n\n\n<p>El custodio de la moral ajena, en pocas semanas logr\u00f3 arreglos econ\u00f3micos interesantes con varios proxenetas, para que las \u201cchicas\u201d pudieran trabajar con la m\u00e1s democr\u00e1tica libertad. Quien le clav\u00f3 el taco fue el Ruso. Directamente ech\u00f3 al enviado del comisario. Volvieron con otros intentos y la respuesta fue m\u00e1s o menos similar. Una noche llega hasta la casa de luz roja, el funcionario de la ley, con un sobretodo oscuro largo, sombrero con ala ancha tirado hacia la frente. Se posicion\u00f3 en una mesa que estaba alejada de la puerta. Quienes lo conocieron ni pagaron por el apuro para retirarse. El Ruso se le sent\u00f3 al frente. Nunca se hab\u00edan visto personalmente, pero se olfatearon.<\/p>\n\n\n\n<p>La noche despierta las cualidades venatorias. Olfativas.<\/p>\n\n\n\n<p>\u2013 \u00bfQu\u00e9 and\u00e1s buscando? Pregunt\u00f3 el propietario apelando al \u201cche\u201d. Al tuteo. Sab\u00eda que eso molestaba a los uniformados sin uniformes. La respuesta fue r\u00e1pida<\/p>\n\n\n\n<p>\u2013 \u00a1A m\u00ed me respet\u00e1s! Me trat\u00e1s de usted\u2026 Qu\u00e9 l\u00e1stima que te pongas en duro. S\u00e9 que te va muy bien. No entiendo el por qu\u00e9 no quer\u00e9s colaborar. \u00a1Ser\u00eda una l\u00e1stima tener que cerrar un negocio tan pr\u00f3spero como \u00e9ste!<\/p>\n\n\n\n<p>\u2013 \u00a1Vamos a hacerla corta\u2026 (levant\u00f3 la voz el Ruso) ni a vos ni a ni a ning\u00fan milico ortiva, le pago un solo mango de cometa\u2026 as\u00ed que te pod\u00e9s ir a la mierda lo m\u00e1s r\u00e1pido posible antes que te cague a trompadas\u2026!<\/p>\n\n\n\n<p><strong>Duros cruces<\/strong><\/p>\n\n\n\n<p>Las chicas hu\u00edan despavoridas saltando por las ventanas de las piezas y corriendo por los campitos de entonces. Nadie jam\u00e1s, ni en la mism\u00edsima C\u00f3rdoba, donde tambi\u00e9n en el ambiente hab\u00eda guapos de verdad, se hab\u00edan atrevido a contestarle con tanto desenfado. Era un comisario temido. Como el Ruso no ten\u00eda noci\u00f3n del temor, le daba lo mismo tomarse a las pi\u00f1as con Firpo que con alg\u00fan fiolo. El cana levant\u00f3 el sombrero, se lo calz\u00f3, dej\u00f3 el sobretodo abierto para que se viera que usaba los \u201cfierros\u201d en ambas sobaqueras. Nada amain\u00f3 el di\u00e1logo.<\/p>\n\n\n\n<p>\u2013 As\u00ed que guapito vos\u2026 (Arreci\u00f3 el milico) esta noche o esta semana, cuando me d\u00e9 la gana, no te voy a meter preso, pero te va a salir mucho m\u00e1s caro de lo que te imagin\u00e1s\u2026 Polaco de mierda (ex profeso le cambi\u00f3 la etnia del sobrenombre de Ruso o tal vez quiso menospreciarlo con otro origen, como el polaco).<\/p>\n\n\n\n<p>Subi\u00f3 al Kaiser Carabela negro, impactante, orden\u00f3 al chofer. Partieron. El comisario, dicen, que despellejado de odio.<\/p>\n\n\n\n<p><strong>La noche de la venganza<\/strong><\/p>\n\n\n\n<p>Una semana despu\u00e9s. D\u00eda lunes, poco movimiento, el Ruso levant\u00f3 la vista y clav\u00f3 la mirada en un viejo reloj de pared de la firma Seppey. 3.45 horas, harto de tantas madrugadas decidi\u00f3 volver a su casa que, dicho sea de paso, nada ten\u00eda que ver con el negocio. Nada de nada. La familia era la familia. &nbsp;Al introducir la llave en la puerta de su vivienda, la explosi\u00f3n lo hizo retroceder.<\/p>\n\n\n\n<p>Algo lo paraliz\u00f3. Inmediatamente record\u00f3 la amenaza del \u201cbot\u00f3n\u201d. \u201cEstos tipos cuando te la juran\u2026 cumplen\u201d, se dijo.<\/p>\n\n\n\n<p>Corri\u00f3 hasta el negocio. Apenas unos rasgu\u00f1os en dos de las chicas. Las otras hab\u00edan huido por la ventana de atr\u00e1s que daba a un campito. &nbsp;Ya hab\u00edan cerrado por lo que no hab\u00eda parroquianos ni clientes en la b\u00fasqueda de la levedad del ser. La persiana eran retazos de madera. La puerta estampada contra una vieja heladera verde. Respir\u00f3 aliviado. Le preocupaba las muchachas.<\/p>\n\n\n\n<p><strong>El traslado que lleg\u00f3 despu\u00e9s<\/strong><\/p>\n\n\n\n<p>Los peri\u00f3dicos de la villa hablaron bastante de la bomba (ca\u00f1o) que le hab\u00edan puesto a \u201cLa<\/p>\n\n\n\n<p>Tuerca\u201d, emblem\u00e1tico ministerio de amores despojados. En pocos d\u00edas lo reconstruy\u00f3.<\/p>\n\n\n\n<p>Ya nada ser\u00eda igual. Jam\u00e1s hab\u00edan puesto una bomba en la ciudad en una casa de citas. S\u00ed, hubo una bomba anterior, en el Distrito Militar de la calle Tucum\u00e1n al 1100. Sin consecuencia alguna.<\/p>\n\n\n\n<p>Diez d\u00edas despu\u00e9s trasladaron a Marcos Ju\u00e1rez al visceral y corrupto funcionario que se presentaba como auxiliar de la Ley. Aseguran que hab\u00eda sido la propia Iglesia qui\u00e9n pidi\u00f3 su \u201craje\u201d.<\/p>\n\n\n\n<p>El Ruso, ya entrado en a\u00f1os nos cont\u00f3: \u201c\u00bfSab\u00e9s como se llamaba el temido hijo de puta<\/p>\n\n\n\n<p>que me puso el ca\u00f1o y vol\u00f3 el negocio?\u201d.<\/p>\n\n\n\n<p>Ni idea. Respondi\u00f3 alguien de los presentes\u2026<\/p>\n\n\n\n<p>\u201c\u00a1Isidro Celend\u00edn! Y si no me equivoco, uno de los tipos acusados de la bomba en la AMIA, ser\u00eda un hijo de \u00e9l, seg\u00fan me dijeron, chico que tuvo con aquella piba de 15 a\u00f1os que escond\u00eda en esa pensi\u00f3n del Bulevar Sarmiento.<\/p>\n\n\n\n<p>En la nueva serie de Netflix sobre Nisman, aparece un tipo gordito, cara extra\u00f1a que, habr\u00eda sido uno de los primeros imputados como responsable directo de cometer semejante masacre\u2026 en fin, murmur\u00f3 el Ruso\u2026 de tal palo tal astilla.<\/p>\n\n\n\n<p><strong>Solo fotos de aquel espacio donde se alquilaban placeres<\/strong><\/p>\n\n\n\n<p>Por all\u00ed deben quedar archivadas algunas fotos de aquel boliche de luz roja en la puerta, grandes ventanales, donde las chicas mostraban sus virtudes y la escasez de ropaje verano- invierno. No faltaba quienes, atrapados por la m\u00fasica que se escapaba por las ventanas, se animaban a salir a bailar entre las mesas de los parroquianos de testosterona abundante. El \u201cRuso\u201d, poco importa su apellido, se encargaba de que nadie se fuera a la banquina, sea de boca o manoseo.<\/p>\n\n\n\n<p>Dos cachetadas y a rodar por la vereda. Dentro de las reglas de juego, todo bien, quien no se amoldara conocer\u00eda el peso de sus manos. Y varios supieron de las mismas.<\/p>\n\n\n\n<p>El propietario del lugar, cuentan los conocedores del pa\u00f1o, que se cobr\u00f3 su venganza. El Ruso se fue a esperar al comisario, a la salida del hospedaje del bulevar Sarmiento. Aguard\u00f3 solapador que lo dejara el chofer y encar\u00f3 a un sobretodo con sombrero. Cuando el polic\u00eda quiso sacar el arma, fue tarde. La golpiza se torn\u00f3 en fenomenal carnicer\u00eda. Casi saliendo el sol lo encontraron en la vereda a Celend\u00edn. Lo internaron en el Sanatorio Mayo.&nbsp;<\/p>\n\n\n\n<p>El Negro Victoriano Godoy, periodista de fuste, conoci\u00f3 bien de cerca aquella historia. Nunca la publicar\u00eda. Hab\u00eda amistad con el Ruso. Esos principios no se romp\u00edan. El citado comisario, de gatillo f\u00e1cil, a\u00fan forma parte del recuerdo de aquellos que amaban las noches y las luces rojas, con damas de tersa piel y dura para los descuentos\u2026<\/p>\n","protected":false},"excerpt":{"rendered":"<p>Memorias de un comisario tan coimero como brutal Escribe: Miguel Andreis Fines de los sesenta, principios de los setenta\u2026 Algunos de los uniformados, verdugos, que se hab\u00edan hecho cargo de la Provincia, Lacabane, Garc\u00eda Rey entre otros, hombres de comuni\u00f3n dominical y plomos siempre dispuestos a escaparse de las vainas, decidieron, debido a su \u201calta [&hellip;]<\/p>\n","protected":false},"author":5,"featured_media":0,"comment_status":"open","ping_status":"open","sticky":false,"template":"","format":"standard","meta":{"site-sidebar-layout":"default","site-content-layout":"default","ast-site-content-layout":"default","site-content-style":"default","site-sidebar-style":"default","ast-global-header-display":"","ast-banner-title-visibility":"","ast-main-header-display":"","ast-hfb-above-header-display":"","ast-hfb-below-header-display":"","ast-hfb-mobile-header-display":"","site-post-title":"","ast-breadcrumbs-content":"","ast-featured-img":"","footer-sml-layout":"","ast-disable-related-posts":"","theme-transparent-header-meta":"default","adv-header-id-meta":"","stick-header-meta":"","header-above-stick-meta":"","header-main-stick-meta":"","header-below-stick-meta":"","astra-migrate-meta-layouts":"default","ast-page-background-enabled":"default","ast-page-background-meta":{"desktop":{"background-color":"","background-image":"","background-repeat":"repeat","background-position":"center center","background-size":"auto","background-attachment":"scroll","background-type":"","background-media":"","overlay-type":"","overlay-color":"","overlay-opacity":"","overlay-gradient":""},"tablet":{"background-color":"","background-image":"","background-repeat":"repeat","background-position":"center center","background-size":"auto","background-attachment":"scroll","background-type":"","background-media":"","overlay-type":"","overlay-color":"","overlay-opacity":"","overlay-gradient":""},"mobile":{"background-color":"","background-image":"","background-repeat":"repeat","background-position":"center center","background-size":"auto","background-attachment":"scroll","background-type":"","background-media":"","overlay-type":"","overlay-color":"","overlay-opacity":"","overlay-gradient":""}},"ast-content-background-meta":{"desktop":{"background-color":"var(--ast-global-color-5)","background-image":"","background-repeat":"repeat","background-position":"center center","background-size":"auto","background-attachment":"scroll","background-type":"","background-media":"","overlay-type":"","overlay-color":"","overlay-opacity":"","overlay-gradient":""},"tablet":{"background-color":"var(--ast-global-color-5)","background-image":"","background-repeat":"repeat","background-position":"center center","background-size":"auto","background-attachment":"scroll","background-type":"","background-media":"","overlay-type":"","overlay-color":"","overlay-opacity":"","overlay-gradient":""},"mobile":{"background-color":"var(--ast-global-color-5)","background-image":"","background-repeat":"repeat","background-position":"center center","background-size":"auto","background-attachment":"scroll","background-type":"","background-media":"","overlay-type":"","overlay-color":"","overlay-opacity":"","overlay-gradient":""}},"_jetpack_memberships_contains_paid_content":false,"_joinchat":[],"footnotes":""},"categories":[2098],"tags":[3207,3011,1319,3257,1855],"class_list":["post-21892","post","type-post","status-publish","format-standard","hentry","category-historias","tag-bulin","tag-comisario","tag-corrupcion","tag-explosion","tag-la-tuerca"],"yoast_head":"<!-- This site is optimized with the Yoast SEO plugin v26.8 - https:\/\/yoast.com\/product\/yoast-seo-wordpress\/ -->\n<title>El ca\u00f1o a &quot;La Tuerca&quot;, hist\u00f3rico bul\u00edn - El Regional<\/title>\n<meta name=\"description\" content=\"Memorias de un comisario tan coimero como brutal. El custodio de la moral ajena, en pocas semanas logr\u00f3 arreglos econ\u00f3micos interesantes.\" \/>\n<meta name=\"robots\" content=\"index, follow, max-snippet:-1, max-image-preview:large, max-video-preview:-1\" \/>\n<link rel=\"canonical\" href=\"http:\/\/elregionalvm.com.ar\/noticias-villa-maria\/el-cano-a-la-tuerca-historico-bulin\/\" \/>\n<meta property=\"og:locale\" content=\"es_ES\" \/>\n<meta property=\"og:type\" content=\"article\" \/>\n<meta property=\"og:title\" content=\"El ca\u00f1o a &quot;La Tuerca&quot;, hist\u00f3rico bul\u00edn - El Regional\" \/>\n<meta property=\"og:description\" content=\"Memorias de un comisario tan coimero como brutal. El custodio de la moral ajena, en pocas semanas logr\u00f3 arreglos econ\u00f3micos interesantes.\" \/>\n<meta property=\"og:url\" content=\"http:\/\/elregionalvm.com.ar\/noticias-villa-maria\/el-cano-a-la-tuerca-historico-bulin\/\" \/>\n<meta property=\"og:site_name\" content=\"El Regional\" \/>\n<meta property=\"article:publisher\" content=\"https:\/\/www.facebook.com\/elregionalvm\" \/>\n<meta property=\"article:published_time\" content=\"2020-08-12T12:10:50+00:00\" \/>\n<meta property=\"article:modified_time\" content=\"2020-08-13T16:06:59+00:00\" \/>\n<meta property=\"og:image\" content=\"http:\/\/elregionalvm.com.ar\/noticias-villa-maria\/wp-content\/uploads\/2020\/08\/Kaiser-Carabela.jpg\" \/>\n\t<meta property=\"og:image:width\" content=\"1200\" \/>\n\t<meta property=\"og:image:height\" content=\"675\" \/>\n\t<meta property=\"og:image:type\" content=\"image\/jpeg\" \/>\n<meta name=\"author\" content=\"Miguel Andreis\" \/>\n<meta name=\"twitter:card\" content=\"summary_large_image\" \/>\n<meta name=\"twitter:creator\" content=\"@elregionalvm1\" \/>\n<meta name=\"twitter:site\" content=\"@elregionalvm1\" \/>\n<meta name=\"twitter:label1\" content=\"Escrito por\" \/>\n\t<meta name=\"twitter:data1\" content=\"Miguel Andreis\" \/>\n\t<meta name=\"twitter:label2\" content=\"Tiempo de lectura\" \/>\n\t<meta name=\"twitter:data2\" content=\"7 minutos\" \/>\n<script type=\"application\/ld+json\" class=\"yoast-schema-graph\">{\"@context\":\"https:\/\/schema.org\",\"@graph\":[{\"@type\":\"Article\",\"@id\":\"http:\/\/elregionalvm.com.ar\/noticias-villa-maria\/el-cano-a-la-tuerca-historico-bulin\/#article\",\"isPartOf\":{\"@id\":\"http:\/\/elregionalvm.com.ar\/noticias-villa-maria\/el-cano-a-la-tuerca-historico-bulin\/\"},\"author\":{\"name\":\"Miguel Andreis\",\"@id\":\"http:\/\/elregionalvm.com.ar\/noticias-villa-maria\/#\/schema\/person\/df5ff3f005acf29788aed9cb359f1193\"},\"headline\":\"El ca\u00f1o a \u00abLa Tuerca\u00bb, hist\u00f3rico bul\u00edn\",\"datePublished\":\"2020-08-12T12:10:50+00:00\",\"dateModified\":\"2020-08-13T16:06:59+00:00\",\"mainEntityOfPage\":{\"@id\":\"http:\/\/elregionalvm.com.ar\/noticias-villa-maria\/el-cano-a-la-tuerca-historico-bulin\/\"},\"wordCount\":1376,\"commentCount\":0,\"keywords\":[\"bul\u00edn\",\"Comisario\",\"corrupci\u00f3n\",\"explosi\u00f3n\",\"La tuerca\"],\"articleSection\":[\"Historias\"],\"inLanguage\":\"es\",\"potentialAction\":[{\"@type\":\"CommentAction\",\"name\":\"Comment\",\"target\":[\"http:\/\/elregionalvm.com.ar\/noticias-villa-maria\/el-cano-a-la-tuerca-historico-bulin\/#respond\"]}]},{\"@type\":\"WebPage\",\"@id\":\"http:\/\/elregionalvm.com.ar\/noticias-villa-maria\/el-cano-a-la-tuerca-historico-bulin\/\",\"url\":\"http:\/\/elregionalvm.com.ar\/noticias-villa-maria\/el-cano-a-la-tuerca-historico-bulin\/\",\"name\":\"El ca\u00f1o a \\\"La Tuerca\\\", hist\u00f3rico bul\u00edn - El Regional\",\"isPartOf\":{\"@id\":\"http:\/\/elregionalvm.com.ar\/noticias-villa-maria\/#website\"},\"datePublished\":\"2020-08-12T12:10:50+00:00\",\"dateModified\":\"2020-08-13T16:06:59+00:00\",\"author\":{\"@id\":\"http:\/\/elregionalvm.com.ar\/noticias-villa-maria\/#\/schema\/person\/df5ff3f005acf29788aed9cb359f1193\"},\"description\":\"Memorias de un comisario tan coimero como brutal. El custodio de la moral ajena, en pocas semanas logr\u00f3 arreglos econ\u00f3micos interesantes.\",\"breadcrumb\":{\"@id\":\"http:\/\/elregionalvm.com.ar\/noticias-villa-maria\/el-cano-a-la-tuerca-historico-bulin\/#breadcrumb\"},\"inLanguage\":\"es\",\"potentialAction\":[{\"@type\":\"ReadAction\",\"target\":[\"http:\/\/elregionalvm.com.ar\/noticias-villa-maria\/el-cano-a-la-tuerca-historico-bulin\/\"]}]},{\"@type\":\"BreadcrumbList\",\"@id\":\"http:\/\/elregionalvm.com.ar\/noticias-villa-maria\/el-cano-a-la-tuerca-historico-bulin\/#breadcrumb\",\"itemListElement\":[{\"@type\":\"ListItem\",\"position\":1,\"name\":\"Portada\",\"item\":\"https:\/\/elregionalvm.com.ar\/noticias-villa-maria\/\"},{\"@type\":\"ListItem\",\"position\":2,\"name\":\"El ca\u00f1o a &#8220;La Tuerca&#8221;, hist\u00f3rico bul\u00edn\"}]},{\"@type\":\"WebSite\",\"@id\":\"http:\/\/elregionalvm.com.ar\/noticias-villa-maria\/#website\",\"url\":\"http:\/\/elregionalvm.com.ar\/noticias-villa-maria\/\",\"name\":\"El Regional\",\"description\":\"Mucho m\u00e1s que informaci\u00f3n\",\"potentialAction\":[{\"@type\":\"SearchAction\",\"target\":{\"@type\":\"EntryPoint\",\"urlTemplate\":\"http:\/\/elregionalvm.com.ar\/noticias-villa-maria\/?s={search_term_string}\"},\"query-input\":{\"@type\":\"PropertyValueSpecification\",\"valueRequired\":true,\"valueName\":\"search_term_string\"}}],\"inLanguage\":\"es\"},{\"@type\":\"Person\",\"@id\":\"http:\/\/elregionalvm.com.ar\/noticias-villa-maria\/#\/schema\/person\/df5ff3f005acf29788aed9cb359f1193\",\"name\":\"Miguel Andreis\",\"image\":{\"@type\":\"ImageObject\",\"inLanguage\":\"es\",\"@id\":\"http:\/\/elregionalvm.com.ar\/noticias-villa-maria\/#\/schema\/person\/image\/\",\"url\":\"https:\/\/secure.gravatar.com\/avatar\/c643381cd03da38327c6407e6886e7182d881f2ecf94a7902ca262c41f9d8884?s=96&d=mm&r=g\",\"contentUrl\":\"https:\/\/secure.gravatar.com\/avatar\/c643381cd03da38327c6407e6886e7182d881f2ecf94a7902ca262c41f9d8884?s=96&d=mm&r=g\",\"caption\":\"Miguel Andreis\"},\"url\":\"https:\/\/elregionalvm.com.ar\/noticias-villa-maria\/author\/miguelandreis\/\"}]}<\/script>\n<!-- \/ Yoast SEO plugin. -->","yoast_head_json":{"title":"El ca\u00f1o a \"La Tuerca\", hist\u00f3rico bul\u00edn - El Regional","description":"Memorias de un comisario tan coimero como brutal. El custodio de la moral ajena, en pocas semanas logr\u00f3 arreglos econ\u00f3micos interesantes.","robots":{"index":"index","follow":"follow","max-snippet":"max-snippet:-1","max-image-preview":"max-image-preview:large","max-video-preview":"max-video-preview:-1"},"canonical":"http:\/\/elregionalvm.com.ar\/noticias-villa-maria\/el-cano-a-la-tuerca-historico-bulin\/","og_locale":"es_ES","og_type":"article","og_title":"El ca\u00f1o a \"La Tuerca\", hist\u00f3rico bul\u00edn - El Regional","og_description":"Memorias de un comisario tan coimero como brutal. El custodio de la moral ajena, en pocas semanas logr\u00f3 arreglos econ\u00f3micos interesantes.","og_url":"http:\/\/elregionalvm.com.ar\/noticias-villa-maria\/el-cano-a-la-tuerca-historico-bulin\/","og_site_name":"El Regional","article_publisher":"https:\/\/www.facebook.com\/elregionalvm","article_published_time":"2020-08-12T12:10:50+00:00","article_modified_time":"2020-08-13T16:06:59+00:00","og_image":[{"width":1200,"height":675,"url":"http:\/\/elregionalvm.com.ar\/noticias-villa-maria\/wp-content\/uploads\/2020\/08\/Kaiser-Carabela.jpg","type":"image\/jpeg"}],"author":"Miguel Andreis","twitter_card":"summary_large_image","twitter_creator":"@elregionalvm1","twitter_site":"@elregionalvm1","twitter_misc":{"Escrito por":"Miguel Andreis","Tiempo de lectura":"7 minutos"},"schema":{"@context":"https:\/\/schema.org","@graph":[{"@type":"Article","@id":"http:\/\/elregionalvm.com.ar\/noticias-villa-maria\/el-cano-a-la-tuerca-historico-bulin\/#article","isPartOf":{"@id":"http:\/\/elregionalvm.com.ar\/noticias-villa-maria\/el-cano-a-la-tuerca-historico-bulin\/"},"author":{"name":"Miguel Andreis","@id":"http:\/\/elregionalvm.com.ar\/noticias-villa-maria\/#\/schema\/person\/df5ff3f005acf29788aed9cb359f1193"},"headline":"El ca\u00f1o a \u00abLa Tuerca\u00bb, hist\u00f3rico bul\u00edn","datePublished":"2020-08-12T12:10:50+00:00","dateModified":"2020-08-13T16:06:59+00:00","mainEntityOfPage":{"@id":"http:\/\/elregionalvm.com.ar\/noticias-villa-maria\/el-cano-a-la-tuerca-historico-bulin\/"},"wordCount":1376,"commentCount":0,"keywords":["bul\u00edn","Comisario","corrupci\u00f3n","explosi\u00f3n","La tuerca"],"articleSection":["Historias"],"inLanguage":"es","potentialAction":[{"@type":"CommentAction","name":"Comment","target":["http:\/\/elregionalvm.com.ar\/noticias-villa-maria\/el-cano-a-la-tuerca-historico-bulin\/#respond"]}]},{"@type":"WebPage","@id":"http:\/\/elregionalvm.com.ar\/noticias-villa-maria\/el-cano-a-la-tuerca-historico-bulin\/","url":"http:\/\/elregionalvm.com.ar\/noticias-villa-maria\/el-cano-a-la-tuerca-historico-bulin\/","name":"El ca\u00f1o a \"La Tuerca\", hist\u00f3rico bul\u00edn - El Regional","isPartOf":{"@id":"http:\/\/elregionalvm.com.ar\/noticias-villa-maria\/#website"},"datePublished":"2020-08-12T12:10:50+00:00","dateModified":"2020-08-13T16:06:59+00:00","author":{"@id":"http:\/\/elregionalvm.com.ar\/noticias-villa-maria\/#\/schema\/person\/df5ff3f005acf29788aed9cb359f1193"},"description":"Memorias de un comisario tan coimero como brutal. El custodio de la moral ajena, en pocas semanas logr\u00f3 arreglos econ\u00f3micos interesantes.","breadcrumb":{"@id":"http:\/\/elregionalvm.com.ar\/noticias-villa-maria\/el-cano-a-la-tuerca-historico-bulin\/#breadcrumb"},"inLanguage":"es","potentialAction":[{"@type":"ReadAction","target":["http:\/\/elregionalvm.com.ar\/noticias-villa-maria\/el-cano-a-la-tuerca-historico-bulin\/"]}]},{"@type":"BreadcrumbList","@id":"http:\/\/elregionalvm.com.ar\/noticias-villa-maria\/el-cano-a-la-tuerca-historico-bulin\/#breadcrumb","itemListElement":[{"@type":"ListItem","position":1,"name":"Portada","item":"https:\/\/elregionalvm.com.ar\/noticias-villa-maria\/"},{"@type":"ListItem","position":2,"name":"El ca\u00f1o a &#8220;La Tuerca&#8221;, hist\u00f3rico bul\u00edn"}]},{"@type":"WebSite","@id":"http:\/\/elregionalvm.com.ar\/noticias-villa-maria\/#website","url":"http:\/\/elregionalvm.com.ar\/noticias-villa-maria\/","name":"El Regional","description":"Mucho m\u00e1s que informaci\u00f3n","potentialAction":[{"@type":"SearchAction","target":{"@type":"EntryPoint","urlTemplate":"http:\/\/elregionalvm.com.ar\/noticias-villa-maria\/?s={search_term_string}"},"query-input":{"@type":"PropertyValueSpecification","valueRequired":true,"valueName":"search_term_string"}}],"inLanguage":"es"},{"@type":"Person","@id":"http:\/\/elregionalvm.com.ar\/noticias-villa-maria\/#\/schema\/person\/df5ff3f005acf29788aed9cb359f1193","name":"Miguel Andreis","image":{"@type":"ImageObject","inLanguage":"es","@id":"http:\/\/elregionalvm.com.ar\/noticias-villa-maria\/#\/schema\/person\/image\/","url":"https:\/\/secure.gravatar.com\/avatar\/c643381cd03da38327c6407e6886e7182d881f2ecf94a7902ca262c41f9d8884?s=96&d=mm&r=g","contentUrl":"https:\/\/secure.gravatar.com\/avatar\/c643381cd03da38327c6407e6886e7182d881f2ecf94a7902ca262c41f9d8884?s=96&d=mm&r=g","caption":"Miguel Andreis"},"url":"https:\/\/elregionalvm.com.ar\/noticias-villa-maria\/author\/miguelandreis\/"}]}},"jetpack_featured_media_url":"","jetpack_sharing_enabled":true,"_links":{"self":[{"href":"https:\/\/elregionalvm.com.ar\/noticias-villa-maria\/wp-json\/wp\/v2\/posts\/21892","targetHints":{"allow":["GET"]}}],"collection":[{"href":"https:\/\/elregionalvm.com.ar\/noticias-villa-maria\/wp-json\/wp\/v2\/posts"}],"about":[{"href":"https:\/\/elregionalvm.com.ar\/noticias-villa-maria\/wp-json\/wp\/v2\/types\/post"}],"author":[{"embeddable":true,"href":"https:\/\/elregionalvm.com.ar\/noticias-villa-maria\/wp-json\/wp\/v2\/users\/5"}],"replies":[{"embeddable":true,"href":"https:\/\/elregionalvm.com.ar\/noticias-villa-maria\/wp-json\/wp\/v2\/comments?post=21892"}],"version-history":[{"count":2,"href":"https:\/\/elregionalvm.com.ar\/noticias-villa-maria\/wp-json\/wp\/v2\/posts\/21892\/revisions"}],"predecessor-version":[{"id":21899,"href":"https:\/\/elregionalvm.com.ar\/noticias-villa-maria\/wp-json\/wp\/v2\/posts\/21892\/revisions\/21899"}],"wp:attachment":[{"href":"https:\/\/elregionalvm.com.ar\/noticias-villa-maria\/wp-json\/wp\/v2\/media?parent=21892"}],"wp:term":[{"taxonomy":"category","embeddable":true,"href":"https:\/\/elregionalvm.com.ar\/noticias-villa-maria\/wp-json\/wp\/v2\/categories?post=21892"},{"taxonomy":"post_tag","embeddable":true,"href":"https:\/\/elregionalvm.com.ar\/noticias-villa-maria\/wp-json\/wp\/v2\/tags?post=21892"}],"curies":[{"name":"wp","href":"https:\/\/api.w.org\/{rel}","templated":true}]}}