{"id":21894,"date":"2020-08-12T12:45:39","date_gmt":"2020-08-12T12:45:39","guid":{"rendered":"https:\/\/elregionalvm.com.ar\/noticias-villa-maria\/?p=21894"},"modified":"2020-08-12T12:56:44","modified_gmt":"2020-08-12T12:56:44","slug":"un-jubilado-con-un-sobre-en-la-mano","status":"publish","type":"post","link":"https:\/\/elregionalvm.com.ar\/noticias-villa-maria\/un-jubilado-con-un-sobre-en-la-mano\/","title":{"rendered":"Solidaridad: un jubilado con un sobre en la mano"},"content":{"rendered":"\n<p>Andr\u00e9s Brarda, docente y director de Teatro de Herejes, el grupo art\u00edstico que tiene su sede en el c\u00e9lebre chalet de Scopinaro, public\u00f3 en las redes el gesto solidario de un vecino de Villa Mar\u00eda que ofreci\u00f3 una ayuda econ\u00f3mica para colaborar en este tiempo de necesidades generalizadas.<\/p>\n\n\n\n<p>Se trata de Julio Ben\u00edtez, jubilado, y habitual colaborador de EL REGIONAL con sus historias de Villa Mar\u00eda y la regi\u00f3n.<\/p>\n\n\n\n<p>\u201cEn tiempos de crisis econ\u00f3mica, pandemia y miseria humana se para frente al Chalet un jubilado con un sobre en la mano. Me llama, me mira a los ojos y me dice: \u2018Es poco, pero es lo que tengo. Quiero colaborar\u2019. Es Julio Ben\u00edtez, periodista de oficio, apasionado por la historia y las costumbres de nuestra tierra\u201d, comienza diciendo Brarda.<\/p>\n\n\n\n<p>\u201cUn hombre que entiende que la cultura es la ra\u00edz y nosotros somos el fruto. \u00bfC\u00f3mo no seguir luchando con tan hermoso gesto en una actividad que parece insostenible con m\u00e1s de 130 d\u00edas sin ingresos, sin poder trabajar? \u00bfC\u00f3mo no vamos a seguir poniendo el cuerpo y nuestro tiempo? Si, al fin y al cabo, eso es teatro\u201d, contin\u00faa.<\/p>\n\n\n\n<p>\u201cEs una de las pocas actividades antisistema, contraculturales que lucha con recuperar una verdad de miles de a\u00f1o: Tiempo y cuerpo. Supervivencia que es cada vez m\u00e1s dif\u00edcil en tiempos virtuales\u201d, remarca el gestor cultural.<\/p>\n\n\n\n<p>\u201cGracias Julio. Hay muchos Julio Ben\u00edtez en la ciudad y en la regi\u00f3n. Gracias Suseka Demichelis, enfermera jubilada de R\u00edo Tercero, que nos apoya desde aquellos pagos. Gracias a toda la comunidad que nos ayuda incondicionalmente\u201d, culmina el mensaje de Brarda.<\/p>\n\n\n\n<p>Un ejemplo de que con poco, se puede seguir haciendo algo o quiz\u00e1s mucho m\u00e1s de lo que pensamos.<\/p>\n\n\n\n<p><strong>La carta de Julio que acompa\u00f1\u00f3 a su contribuci\u00f3n: <\/strong><\/p>\n\n\n\n<figure class=\"wp-block-image size-large\"><img data-recalc-dims=\"1\" fetchpriority=\"high\" decoding=\"async\" width=\"1024\" height=\"576\" src=\"https:\/\/i0.wp.com\/elregionalvm.com.ar\/noticias-villa-maria\/wp-content\/uploads\/2020\/08\/Julio-Ben%C3%ADtez-con-carta.jpg?resize=1024%2C576&#038;ssl=1\" alt=\"\" class=\"wp-image-21897\" srcset=\"https:\/\/i0.wp.com\/elregionalvm.com.ar\/noticias-villa-maria\/wp-content\/uploads\/2020\/08\/Julio-Ben%C3%ADtez-con-carta-rotated.jpg?resize=1024%2C576&amp;ssl=1 1024w, https:\/\/i0.wp.com\/elregionalvm.com.ar\/noticias-villa-maria\/wp-content\/uploads\/2020\/08\/Julio-Ben%C3%ADtez-con-carta-rotated.jpg?resize=300%2C169&amp;ssl=1 300w, https:\/\/i0.wp.com\/elregionalvm.com.ar\/noticias-villa-maria\/wp-content\/uploads\/2020\/08\/Julio-Ben%C3%ADtez-con-carta-rotated.jpg?resize=768%2C432&amp;ssl=1 768w, https:\/\/i0.wp.com\/elregionalvm.com.ar\/noticias-villa-maria\/wp-content\/uploads\/2020\/08\/Julio-Ben%C3%ADtez-con-carta-rotated.jpg?w=1032&amp;ssl=1 1032w\" sizes=\"(max-width: 1000px) 100vw, 1000px\" \/><\/figure>\n","protected":false},"excerpt":{"rendered":"<p>Andr\u00e9s Brarda, docente y director de Teatro de Herejes, el grupo art\u00edstico que tiene su sede en el c\u00e9lebre chalet de Scopinaro, public\u00f3 en las redes el gesto solidario de un vecino de Villa Mar\u00eda que ofreci\u00f3 una ayuda econ\u00f3mica para colaborar en este tiempo de necesidades generalizadas. Se trata de Julio Ben\u00edtez, jubilado, y [&hellip;]<\/p>\n","protected":false},"author":4,"featured_media":21896,"comment_status":"open","ping_status":"open","sticky":false,"template":"","format":"standard","meta":{"site-sidebar-layout":"default","site-content-layout":"default","ast-site-content-layout":"default","site-content-style":"default","site-sidebar-style":"default","ast-global-header-display":"","ast-banner-title-visibility":"","ast-main-header-display":"","ast-hfb-above-header-display":"","ast-hfb-below-header-display":"","ast-hfb-mobile-header-display":"","site-post-title":"","ast-breadcrumbs-content":"","ast-featured-img":"","footer-sml-layout":"","ast-disable-related-posts":"","theme-transparent-header-meta":"default","adv-header-id-meta":"","stick-header-meta":"","header-above-stick-meta":"","header-main-stick-meta":"","header-below-stick-meta":"","astra-migrate-meta-layouts":"default","ast-page-background-enabled":"default","ast-page-background-meta":{"desktop":{"background-color":"","background-image":"","background-repeat":"repeat","background-position":"center center","background-size":"auto","background-attachment":"scroll","background-type":"","background-media":"","overlay-type":"","overlay-color":"","overlay-opacity":"","overlay-gradient":""},"tablet":{"background-color":"","background-image":"","background-repeat":"repeat","background-position":"center center","background-size":"auto","background-attachment":"scroll","background-type":"","background-media":"","overlay-type":"","overlay-color":"","overlay-opacity":"","overlay-gradient":""},"mobile":{"background-color":"","background-image":"","background-repeat":"repeat","background-position":"center center","background-size":"auto","background-attachment":"scroll","background-type":"","background-media":"","overlay-type":"","overlay-color":"","overlay-opacity":"","overlay-gradient":""}},"ast-content-background-meta":{"desktop":{"background-color":"var(--ast-global-color-5)","background-image":"","background-repeat":"repeat","background-position":"center center","background-size":"auto","background-attachment":"scroll","background-type":"","background-media":"","overlay-type":"","overlay-color":"","overlay-opacity":"","overlay-gradient":""},"tablet":{"background-color":"var(--ast-global-color-5)","background-image":"","background-repeat":"repeat","background-position":"center center","background-size":"auto","background-attachment":"scroll","background-type":"","background-media":"","overlay-type":"","overlay-color":"","overlay-opacity":"","overlay-gradient":""},"mobile":{"background-color":"var(--ast-global-color-5)","background-image":"","background-repeat":"repeat","background-position":"center center","background-size":"auto","background-attachment":"scroll","background-type":"","background-media":"","overlay-type":"","overlay-color":"","overlay-opacity":"","overlay-gradient":""}},"_jetpack_memberships_contains_paid_content":false,"_joinchat":[],"footnotes":""},"categories":[2098,2323],"tags":[3260,3259,3258,1203,1666,231,1436],"class_list":["post-21894","post","type-post","status-publish","format-standard","has-post-thumbnail","hentry","category-historias","category-notas-secundarias","tag-andres-brarda","tag-chalet-scopinaro","tag-herejes","tag-jubilado","tag-julio-benitez","tag-solidaridad","tag-teatro"],"yoast_head":"<!-- This site is optimized with the Yoast SEO plugin v26.8 - https:\/\/yoast.com\/product\/yoast-seo-wordpress\/ -->\n<title>Solidaridad: un jubilado con un sobre en la mano - El Regional<\/title>\n<meta name=\"description\" content=\"Un vecino ofreci\u00f3 una ayuda econ\u00f3mica para colaborar en este tiempo de necesidades generalizadas.\" \/>\n<meta name=\"robots\" content=\"index, follow, max-snippet:-1, max-image-preview:large, max-video-preview:-1\" \/>\n<link rel=\"canonical\" href=\"http:\/\/elregionalvm.com.ar\/noticias-villa-maria\/un-jubilado-con-un-sobre-en-la-mano\/\" \/>\n<meta property=\"og:locale\" content=\"es_ES\" \/>\n<meta property=\"og:type\" content=\"article\" \/>\n<meta property=\"og:title\" content=\"Solidaridad: un jubilado con un sobre en la mano - El Regional\" \/>\n<meta property=\"og:description\" content=\"Un vecino ofreci\u00f3 una ayuda econ\u00f3mica para colaborar en este tiempo de necesidades generalizadas.\" \/>\n<meta property=\"og:url\" content=\"http:\/\/elregionalvm.com.ar\/noticias-villa-maria\/un-jubilado-con-un-sobre-en-la-mano\/\" \/>\n<meta property=\"og:site_name\" content=\"El Regional\" \/>\n<meta property=\"article:publisher\" content=\"https:\/\/www.facebook.com\/elregionalvm\" \/>\n<meta property=\"article:published_time\" content=\"2020-08-12T12:45:39+00:00\" \/>\n<meta property=\"article:modified_time\" content=\"2020-08-12T12:56:44+00:00\" \/>\n<meta property=\"og:image\" content=\"http:\/\/elregionalvm.com.ar\/noticias-villa-maria\/wp-content\/uploads\/2020\/08\/Julio-Ben\u00edtez-con-sobre-en-la-mano-2.jpg\" \/>\n\t<meta property=\"og:image:width\" content=\"569\" \/>\n\t<meta property=\"og:image:height\" content=\"731\" \/>\n\t<meta property=\"og:image:type\" content=\"image\/jpeg\" \/>\n<meta name=\"author\" content=\"Contenidos El Regional\" \/>\n<meta name=\"twitter:card\" content=\"summary_large_image\" \/>\n<meta name=\"twitter:creator\" content=\"@elregionalvm1\" \/>\n<meta name=\"twitter:site\" content=\"@elregionalvm1\" \/>\n<meta name=\"twitter:label1\" content=\"Escrito por\" \/>\n\t<meta name=\"twitter:data1\" content=\"Contenidos El Regional\" \/>\n\t<meta name=\"twitter:label2\" content=\"Tiempo de lectura\" \/>\n\t<meta name=\"twitter:data2\" content=\"2 minutos\" \/>\n<script type=\"application\/ld+json\" class=\"yoast-schema-graph\">{\"@context\":\"https:\/\/schema.org\",\"@graph\":[{\"@type\":\"Article\",\"@id\":\"http:\/\/elregionalvm.com.ar\/noticias-villa-maria\/un-jubilado-con-un-sobre-en-la-mano\/#article\",\"isPartOf\":{\"@id\":\"http:\/\/elregionalvm.com.ar\/noticias-villa-maria\/un-jubilado-con-un-sobre-en-la-mano\/\"},\"author\":{\"name\":\"Contenidos El Regional\",\"@id\":\"http:\/\/elregionalvm.com.ar\/noticias-villa-maria\/#\/schema\/person\/a0fb9c422317faca23d50163151bc354\"},\"headline\":\"Solidaridad: un jubilado con un sobre en la mano\",\"datePublished\":\"2020-08-12T12:45:39+00:00\",\"dateModified\":\"2020-08-12T12:56:44+00:00\",\"mainEntityOfPage\":{\"@id\":\"http:\/\/elregionalvm.com.ar\/noticias-villa-maria\/un-jubilado-con-un-sobre-en-la-mano\/\"},\"wordCount\":326,\"commentCount\":0,\"image\":{\"@id\":\"http:\/\/elregionalvm.com.ar\/noticias-villa-maria\/un-jubilado-con-un-sobre-en-la-mano\/#primaryimage\"},\"thumbnailUrl\":\"https:\/\/i0.wp.com\/elregionalvm.com.ar\/noticias-villa-maria\/wp-content\/uploads\/2020\/08\/Julio-Ben%C3%ADtez-con-sobre-en-la-mano-2.jpg?fit=569%2C731&ssl=1\",\"keywords\":[\"Andr\u00e9s Brarda\",\"Chalet Scopinaro\",\"Herejes\",\"Jubilado\",\"Julio Ben\u00edtez\",\"solidaridad\",\"teatro\"],\"articleSection\":[\"Historias\",\"Notas\"],\"inLanguage\":\"es\",\"potentialAction\":[{\"@type\":\"CommentAction\",\"name\":\"Comment\",\"target\":[\"http:\/\/elregionalvm.com.ar\/noticias-villa-maria\/un-jubilado-con-un-sobre-en-la-mano\/#respond\"]}]},{\"@type\":\"WebPage\",\"@id\":\"http:\/\/elregionalvm.com.ar\/noticias-villa-maria\/un-jubilado-con-un-sobre-en-la-mano\/\",\"url\":\"http:\/\/elregionalvm.com.ar\/noticias-villa-maria\/un-jubilado-con-un-sobre-en-la-mano\/\",\"name\":\"Solidaridad: un jubilado con un sobre en la mano - El Regional\",\"isPartOf\":{\"@id\":\"http:\/\/elregionalvm.com.ar\/noticias-villa-maria\/#website\"},\"primaryImageOfPage\":{\"@id\":\"http:\/\/elregionalvm.com.ar\/noticias-villa-maria\/un-jubilado-con-un-sobre-en-la-mano\/#primaryimage\"},\"image\":{\"@id\":\"http:\/\/elregionalvm.com.ar\/noticias-villa-maria\/un-jubilado-con-un-sobre-en-la-mano\/#primaryimage\"},\"thumbnailUrl\":\"https:\/\/i0.wp.com\/elregionalvm.com.ar\/noticias-villa-maria\/wp-content\/uploads\/2020\/08\/Julio-Ben%C3%ADtez-con-sobre-en-la-mano-2.jpg?fit=569%2C731&ssl=1\",\"datePublished\":\"2020-08-12T12:45:39+00:00\",\"dateModified\":\"2020-08-12T12:56:44+00:00\",\"author\":{\"@id\":\"http:\/\/elregionalvm.com.ar\/noticias-villa-maria\/#\/schema\/person\/a0fb9c422317faca23d50163151bc354\"},\"description\":\"Un vecino ofreci\u00f3 una ayuda econ\u00f3mica para colaborar en este tiempo de necesidades generalizadas.\",\"breadcrumb\":{\"@id\":\"http:\/\/elregionalvm.com.ar\/noticias-villa-maria\/un-jubilado-con-un-sobre-en-la-mano\/#breadcrumb\"},\"inLanguage\":\"es\",\"potentialAction\":[{\"@type\":\"ReadAction\",\"target\":[\"http:\/\/elregionalvm.com.ar\/noticias-villa-maria\/un-jubilado-con-un-sobre-en-la-mano\/\"]}]},{\"@type\":\"ImageObject\",\"inLanguage\":\"es\",\"@id\":\"http:\/\/elregionalvm.com.ar\/noticias-villa-maria\/un-jubilado-con-un-sobre-en-la-mano\/#primaryimage\",\"url\":\"https:\/\/i0.wp.com\/elregionalvm.com.ar\/noticias-villa-maria\/wp-content\/uploads\/2020\/08\/Julio-Ben%C3%ADtez-con-sobre-en-la-mano-2.jpg?fit=569%2C731&ssl=1\",\"contentUrl\":\"https:\/\/i0.wp.com\/elregionalvm.com.ar\/noticias-villa-maria\/wp-content\/uploads\/2020\/08\/Julio-Ben%C3%ADtez-con-sobre-en-la-mano-2.jpg?fit=569%2C731&ssl=1\",\"width\":569,\"height\":731},{\"@type\":\"BreadcrumbList\",\"@id\":\"http:\/\/elregionalvm.com.ar\/noticias-villa-maria\/un-jubilado-con-un-sobre-en-la-mano\/#breadcrumb\",\"itemListElement\":[{\"@type\":\"ListItem\",\"position\":1,\"name\":\"Portada\",\"item\":\"https:\/\/elregionalvm.com.ar\/noticias-villa-maria\/\"},{\"@type\":\"ListItem\",\"position\":2,\"name\":\"Solidaridad: un jubilado con un sobre en la mano\"}]},{\"@type\":\"WebSite\",\"@id\":\"http:\/\/elregionalvm.com.ar\/noticias-villa-maria\/#website\",\"url\":\"http:\/\/elregionalvm.com.ar\/noticias-villa-maria\/\",\"name\":\"El Regional\",\"description\":\"Mucho m\u00e1s que informaci\u00f3n\",\"potentialAction\":[{\"@type\":\"SearchAction\",\"target\":{\"@type\":\"EntryPoint\",\"urlTemplate\":\"http:\/\/elregionalvm.com.ar\/noticias-villa-maria\/?s={search_term_string}\"},\"query-input\":{\"@type\":\"PropertyValueSpecification\",\"valueRequired\":true,\"valueName\":\"search_term_string\"}}],\"inLanguage\":\"es\"},{\"@type\":\"Person\",\"@id\":\"http:\/\/elregionalvm.com.ar\/noticias-villa-maria\/#\/schema\/person\/a0fb9c422317faca23d50163151bc354\",\"name\":\"Contenidos El Regional\",\"image\":{\"@type\":\"ImageObject\",\"inLanguage\":\"es\",\"@id\":\"http:\/\/elregionalvm.com.ar\/noticias-villa-maria\/#\/schema\/person\/image\/\",\"url\":\"https:\/\/secure.gravatar.com\/avatar\/265b27cb2209af7bb3a1318f03305787d7981a5cc6e6cd08fe5a4ecdf99d4b48?s=96&d=mm&r=g\",\"contentUrl\":\"https:\/\/secure.gravatar.com\/avatar\/265b27cb2209af7bb3a1318f03305787d7981a5cc6e6cd08fe5a4ecdf99d4b48?s=96&d=mm&r=g\",\"caption\":\"Contenidos El Regional\"},\"url\":\"https:\/\/elregionalvm.com.ar\/noticias-villa-maria\/author\/contenido\/\"}]}<\/script>\n<!-- \/ Yoast SEO plugin. -->","yoast_head_json":{"title":"Solidaridad: un jubilado con un sobre en la mano - El Regional","description":"Un vecino ofreci\u00f3 una ayuda econ\u00f3mica para colaborar en este tiempo de necesidades generalizadas.","robots":{"index":"index","follow":"follow","max-snippet":"max-snippet:-1","max-image-preview":"max-image-preview:large","max-video-preview":"max-video-preview:-1"},"canonical":"http:\/\/elregionalvm.com.ar\/noticias-villa-maria\/un-jubilado-con-un-sobre-en-la-mano\/","og_locale":"es_ES","og_type":"article","og_title":"Solidaridad: un jubilado con un sobre en la mano - El Regional","og_description":"Un vecino ofreci\u00f3 una ayuda econ\u00f3mica para colaborar en este tiempo de necesidades generalizadas.","og_url":"http:\/\/elregionalvm.com.ar\/noticias-villa-maria\/un-jubilado-con-un-sobre-en-la-mano\/","og_site_name":"El Regional","article_publisher":"https:\/\/www.facebook.com\/elregionalvm","article_published_time":"2020-08-12T12:45:39+00:00","article_modified_time":"2020-08-12T12:56:44+00:00","og_image":[{"width":569,"height":731,"url":"http:\/\/elregionalvm.com.ar\/noticias-villa-maria\/wp-content\/uploads\/2020\/08\/Julio-Ben\u00edtez-con-sobre-en-la-mano-2.jpg","type":"image\/jpeg"}],"author":"Contenidos El Regional","twitter_card":"summary_large_image","twitter_creator":"@elregionalvm1","twitter_site":"@elregionalvm1","twitter_misc":{"Escrito por":"Contenidos El Regional","Tiempo de lectura":"2 minutos"},"schema":{"@context":"https:\/\/schema.org","@graph":[{"@type":"Article","@id":"http:\/\/elregionalvm.com.ar\/noticias-villa-maria\/un-jubilado-con-un-sobre-en-la-mano\/#article","isPartOf":{"@id":"http:\/\/elregionalvm.com.ar\/noticias-villa-maria\/un-jubilado-con-un-sobre-en-la-mano\/"},"author":{"name":"Contenidos El Regional","@id":"http:\/\/elregionalvm.com.ar\/noticias-villa-maria\/#\/schema\/person\/a0fb9c422317faca23d50163151bc354"},"headline":"Solidaridad: un jubilado con un sobre en la mano","datePublished":"2020-08-12T12:45:39+00:00","dateModified":"2020-08-12T12:56:44+00:00","mainEntityOfPage":{"@id":"http:\/\/elregionalvm.com.ar\/noticias-villa-maria\/un-jubilado-con-un-sobre-en-la-mano\/"},"wordCount":326,"commentCount":0,"image":{"@id":"http:\/\/elregionalvm.com.ar\/noticias-villa-maria\/un-jubilado-con-un-sobre-en-la-mano\/#primaryimage"},"thumbnailUrl":"https:\/\/i0.wp.com\/elregionalvm.com.ar\/noticias-villa-maria\/wp-content\/uploads\/2020\/08\/Julio-Ben%C3%ADtez-con-sobre-en-la-mano-2.jpg?fit=569%2C731&ssl=1","keywords":["Andr\u00e9s Brarda","Chalet Scopinaro","Herejes","Jubilado","Julio Ben\u00edtez","solidaridad","teatro"],"articleSection":["Historias","Notas"],"inLanguage":"es","potentialAction":[{"@type":"CommentAction","name":"Comment","target":["http:\/\/elregionalvm.com.ar\/noticias-villa-maria\/un-jubilado-con-un-sobre-en-la-mano\/#respond"]}]},{"@type":"WebPage","@id":"http:\/\/elregionalvm.com.ar\/noticias-villa-maria\/un-jubilado-con-un-sobre-en-la-mano\/","url":"http:\/\/elregionalvm.com.ar\/noticias-villa-maria\/un-jubilado-con-un-sobre-en-la-mano\/","name":"Solidaridad: un jubilado con un sobre en la mano - El Regional","isPartOf":{"@id":"http:\/\/elregionalvm.com.ar\/noticias-villa-maria\/#website"},"primaryImageOfPage":{"@id":"http:\/\/elregionalvm.com.ar\/noticias-villa-maria\/un-jubilado-con-un-sobre-en-la-mano\/#primaryimage"},"image":{"@id":"http:\/\/elregionalvm.com.ar\/noticias-villa-maria\/un-jubilado-con-un-sobre-en-la-mano\/#primaryimage"},"thumbnailUrl":"https:\/\/i0.wp.com\/elregionalvm.com.ar\/noticias-villa-maria\/wp-content\/uploads\/2020\/08\/Julio-Ben%C3%ADtez-con-sobre-en-la-mano-2.jpg?fit=569%2C731&ssl=1","datePublished":"2020-08-12T12:45:39+00:00","dateModified":"2020-08-12T12:56:44+00:00","author":{"@id":"http:\/\/elregionalvm.com.ar\/noticias-villa-maria\/#\/schema\/person\/a0fb9c422317faca23d50163151bc354"},"description":"Un vecino ofreci\u00f3 una ayuda econ\u00f3mica para colaborar en este tiempo de necesidades generalizadas.","breadcrumb":{"@id":"http:\/\/elregionalvm.com.ar\/noticias-villa-maria\/un-jubilado-con-un-sobre-en-la-mano\/#breadcrumb"},"inLanguage":"es","potentialAction":[{"@type":"ReadAction","target":["http:\/\/elregionalvm.com.ar\/noticias-villa-maria\/un-jubilado-con-un-sobre-en-la-mano\/"]}]},{"@type":"ImageObject","inLanguage":"es","@id":"http:\/\/elregionalvm.com.ar\/noticias-villa-maria\/un-jubilado-con-un-sobre-en-la-mano\/#primaryimage","url":"https:\/\/i0.wp.com\/elregionalvm.com.ar\/noticias-villa-maria\/wp-content\/uploads\/2020\/08\/Julio-Ben%C3%ADtez-con-sobre-en-la-mano-2.jpg?fit=569%2C731&ssl=1","contentUrl":"https:\/\/i0.wp.com\/elregionalvm.com.ar\/noticias-villa-maria\/wp-content\/uploads\/2020\/08\/Julio-Ben%C3%ADtez-con-sobre-en-la-mano-2.jpg?fit=569%2C731&ssl=1","width":569,"height":731},{"@type":"BreadcrumbList","@id":"http:\/\/elregionalvm.com.ar\/noticias-villa-maria\/un-jubilado-con-un-sobre-en-la-mano\/#breadcrumb","itemListElement":[{"@type":"ListItem","position":1,"name":"Portada","item":"https:\/\/elregionalvm.com.ar\/noticias-villa-maria\/"},{"@type":"ListItem","position":2,"name":"Solidaridad: un jubilado con un sobre en la mano"}]},{"@type":"WebSite","@id":"http:\/\/elregionalvm.com.ar\/noticias-villa-maria\/#website","url":"http:\/\/elregionalvm.com.ar\/noticias-villa-maria\/","name":"El Regional","description":"Mucho m\u00e1s que informaci\u00f3n","potentialAction":[{"@type":"SearchAction","target":{"@type":"EntryPoint","urlTemplate":"http:\/\/elregionalvm.com.ar\/noticias-villa-maria\/?s={search_term_string}"},"query-input":{"@type":"PropertyValueSpecification","valueRequired":true,"valueName":"search_term_string"}}],"inLanguage":"es"},{"@type":"Person","@id":"http:\/\/elregionalvm.com.ar\/noticias-villa-maria\/#\/schema\/person\/a0fb9c422317faca23d50163151bc354","name":"Contenidos El Regional","image":{"@type":"ImageObject","inLanguage":"es","@id":"http:\/\/elregionalvm.com.ar\/noticias-villa-maria\/#\/schema\/person\/image\/","url":"https:\/\/secure.gravatar.com\/avatar\/265b27cb2209af7bb3a1318f03305787d7981a5cc6e6cd08fe5a4ecdf99d4b48?s=96&d=mm&r=g","contentUrl":"https:\/\/secure.gravatar.com\/avatar\/265b27cb2209af7bb3a1318f03305787d7981a5cc6e6cd08fe5a4ecdf99d4b48?s=96&d=mm&r=g","caption":"Contenidos El Regional"},"url":"https:\/\/elregionalvm.com.ar\/noticias-villa-maria\/author\/contenido\/"}]}},"jetpack_featured_media_url":"https:\/\/i0.wp.com\/elregionalvm.com.ar\/noticias-villa-maria\/wp-content\/uploads\/2020\/08\/Julio-Ben%C3%ADtez-con-sobre-en-la-mano-2.jpg?fit=569%2C731&ssl=1","jetpack_sharing_enabled":true,"_links":{"self":[{"href":"https:\/\/elregionalvm.com.ar\/noticias-villa-maria\/wp-json\/wp\/v2\/posts\/21894","targetHints":{"allow":["GET"]}}],"collection":[{"href":"https:\/\/elregionalvm.com.ar\/noticias-villa-maria\/wp-json\/wp\/v2\/posts"}],"about":[{"href":"https:\/\/elregionalvm.com.ar\/noticias-villa-maria\/wp-json\/wp\/v2\/types\/post"}],"author":[{"embeddable":true,"href":"https:\/\/elregionalvm.com.ar\/noticias-villa-maria\/wp-json\/wp\/v2\/users\/4"}],"replies":[{"embeddable":true,"href":"https:\/\/elregionalvm.com.ar\/noticias-villa-maria\/wp-json\/wp\/v2\/comments?post=21894"}],"version-history":[{"count":2,"href":"https:\/\/elregionalvm.com.ar\/noticias-villa-maria\/wp-json\/wp\/v2\/posts\/21894\/revisions"}],"predecessor-version":[{"id":21902,"href":"https:\/\/elregionalvm.com.ar\/noticias-villa-maria\/wp-json\/wp\/v2\/posts\/21894\/revisions\/21902"}],"wp:featuredmedia":[{"embeddable":true,"href":"https:\/\/elregionalvm.com.ar\/noticias-villa-maria\/wp-json\/wp\/v2\/media\/21896"}],"wp:attachment":[{"href":"https:\/\/elregionalvm.com.ar\/noticias-villa-maria\/wp-json\/wp\/v2\/media?parent=21894"}],"wp:term":[{"taxonomy":"category","embeddable":true,"href":"https:\/\/elregionalvm.com.ar\/noticias-villa-maria\/wp-json\/wp\/v2\/categories?post=21894"},{"taxonomy":"post_tag","embeddable":true,"href":"https:\/\/elregionalvm.com.ar\/noticias-villa-maria\/wp-json\/wp\/v2\/tags?post=21894"}],"curies":[{"name":"wp","href":"https:\/\/api.w.org\/{rel}","templated":true}]}}