{"id":21915,"date":"2020-08-12T17:00:45","date_gmt":"2020-08-12T17:00:45","guid":{"rendered":"https:\/\/elregionalvm.com.ar\/noticias-villa-maria\/?p=21915"},"modified":"2020-08-12T17:39:46","modified_gmt":"2020-08-12T17:39:46","slug":"piden-facilitar-el-acceso-de-jardines-maternales-a-ayudas-economicas","status":"publish","type":"post","link":"https:\/\/elregionalvm.com.ar\/noticias-villa-maria\/piden-facilitar-el-acceso-de-jardines-maternales-a-ayudas-economicas\/","title":{"rendered":"Piden facilitar el acceso de jardines maternales a ayudas econ\u00f3micas"},"content":{"rendered":"\n<p>Los concejales del Bloque UCR, Justina Pucci, Ignacio Tagni y Sergio Mana, elevaron un proyecto de resoluci\u00f3n para que el Ejecutivo municipal, en coordinaci\u00f3n con el gobierno provincial, facilite el acceso a ayudas econ\u00f3micas a jardines maternales.<\/p>\n\n\n\n<p>La medida va dirigida a beneficiar a los jardines maternales e instituciones de gesti\u00f3n estatal, privada, social o cooperativa y de cuidado de ni\u00f1as y ni\u00f1os durante su primera infancia de Villa Nueva.<\/p>\n\n\n\n<p>Los ediles de la oposici\u00f3n piden que estos emprendimientos puedan acceder a los programas de asistencia de emergencia. Y solicitan al municipio que instrumente \u201clas medidas necesarias para su protecci\u00f3n y la efectiva continuidad de su actividad, reconoci\u00e9ndolos como un sector fundamental de la econom\u00eda del cuidado en el sistema educativo, que debe ser especialmente protegido en el actual contexto de pandemia COVID-19\u201d.<\/p>\n\n\n\n<p><strong>Impacto negativo<\/strong><\/p>\n\n\n\n<p>Entre los fundamentos, los concejales indicaron que, seg\u00fan la Asociaci\u00f3n Civil de Jardines Maternales de C\u00f3rdoba (ACIJAM), en la provincia \u201cexisten m\u00e1s de quinientas instituciones educativas bajo este formato, que brindan empleo a 5000 personas. De ellas, se estima que un diez por ciento ya ha dejado de funcionar, con el correlativo impacto en las fuentes de trabajo\u201d.<\/p>\n\n\n\n<p>\u201cSi bien el gobierno provincial lanz\u00f3 una l\u00ednea de cr\u00e9ditos a trav\u00e9s de la Fundaci\u00f3n Banco de C\u00f3rdoba por apenas cuarenta mil pesos a tasa cero para 500 jardines, estas mismas instituciones est\u00e1n reclamando ayudas espec\u00edficas a modo de subsidios, porque carecen de ingresos constantes para poder solventar cr\u00e9ditos\u201d, agregaron.<\/p>\n\n\n\n<p><strong>Repudio por Blas<\/strong><\/p>\n\n\n\n<p>Por otro lado, elevaron otro proyecto de resoluci\u00f3n para repudiar \u201cabsolutamente el accionar de los polic\u00edas de la Provincia, que a trav\u00e9s de un hecho de violencia policial y estatal ocurrido en C\u00f3rdoba el d\u00eda 6 de agosto del corriente, se cobr\u00f3 la vida de Valentino Blas Correa de apenas 17 a\u00f1os de edad\u201d.<\/p>\n","protected":false},"excerpt":{"rendered":"<p>Los concejales del Bloque UCR, Justina Pucci, Ignacio Tagni y Sergio Mana, elevaron un proyecto de resoluci\u00f3n para que el Ejecutivo municipal, en coordinaci\u00f3n con el gobierno provincial, facilite el acceso a ayudas econ\u00f3micas a jardines maternales. La medida va dirigida a beneficiar a los jardines maternales e instituciones de gesti\u00f3n estatal, privada, social o [&hellip;]<\/p>\n","protected":false},"author":4,"featured_media":21920,"comment_status":"open","ping_status":"open","sticky":false,"template":"","format":"standard","meta":{"site-sidebar-layout":"default","site-content-layout":"default","ast-site-content-layout":"default","site-content-style":"default","site-sidebar-style":"default","ast-global-header-display":"","ast-banner-title-visibility":"","ast-main-header-display":"","ast-hfb-above-header-display":"","ast-hfb-below-header-display":"","ast-hfb-mobile-header-display":"","site-post-title":"","ast-breadcrumbs-content":"","ast-featured-img":"","footer-sml-layout":"","ast-disable-related-posts":"","theme-transparent-header-meta":"default","adv-header-id-meta":"","stick-header-meta":"","header-above-stick-meta":"","header-main-stick-meta":"","header-below-stick-meta":"","astra-migrate-meta-layouts":"default","ast-page-background-enabled":"default","ast-page-background-meta":{"desktop":{"background-color":"","background-image":"","background-repeat":"repeat","background-position":"center center","background-size":"auto","background-attachment":"scroll","background-type":"","background-media":"","overlay-type":"","overlay-color":"","overlay-opacity":"","overlay-gradient":""},"tablet":{"background-color":"","background-image":"","background-repeat":"repeat","background-position":"center center","background-size":"auto","background-attachment":"scroll","background-type":"","background-media":"","overlay-type":"","overlay-color":"","overlay-opacity":"","overlay-gradient":""},"mobile":{"background-color":"","background-image":"","background-repeat":"repeat","background-position":"center center","background-size":"auto","background-attachment":"scroll","background-type":"","background-media":"","overlay-type":"","overlay-color":"","overlay-opacity":"","overlay-gradient":""}},"ast-content-background-meta":{"desktop":{"background-color":"var(--ast-global-color-5)","background-image":"","background-repeat":"repeat","background-position":"center center","background-size":"auto","background-attachment":"scroll","background-type":"","background-media":"","overlay-type":"","overlay-color":"","overlay-opacity":"","overlay-gradient":""},"tablet":{"background-color":"var(--ast-global-color-5)","background-image":"","background-repeat":"repeat","background-position":"center center","background-size":"auto","background-attachment":"scroll","background-type":"","background-media":"","overlay-type":"","overlay-color":"","overlay-opacity":"","overlay-gradient":""},"mobile":{"background-color":"var(--ast-global-color-5)","background-image":"","background-repeat":"repeat","background-position":"center center","background-size":"auto","background-attachment":"scroll","background-type":"","background-media":"","overlay-type":"","overlay-color":"","overlay-opacity":"","overlay-gradient":""}},"_jetpack_memberships_contains_paid_content":false,"_joinchat":[],"footnotes":""},"categories":[1408],"tags":[94,3262,3263,1597,1232,3261,2970,697,232],"class_list":["post-21915","post","type-post","status-publish","format-standard","has-post-thumbnail","hentry","category-villa-nueva","tag-asesinato","tag-ayudas-economicas","tag-blas","tag-concejo-deliberante","tag-destacado","tag-jardines-maternales","tag-repudio","tag-ucr","tag-villa-nueva"],"yoast_head":"<!-- This site is optimized with the Yoast SEO plugin v26.8 - https:\/\/yoast.com\/product\/yoast-seo-wordpress\/ -->\n<title>Piden facilitar el acceso de jardines maternales a ayudas econ\u00f3micas - El Regional<\/title>\n<meta name=\"description\" content=\"Los concejales de la UCR elevaron un proyecto de resoluci\u00f3n para que el Ejecutivo municipal facilite el acceso a ayudas econ\u00f3micas a jardines maternales.\" \/>\n<meta name=\"robots\" content=\"index, follow, max-snippet:-1, max-image-preview:large, max-video-preview:-1\" \/>\n<link rel=\"canonical\" href=\"http:\/\/elregionalvm.com.ar\/noticias-villa-maria\/piden-facilitar-el-acceso-de-jardines-maternales-a-ayudas-economicas\/\" \/>\n<meta property=\"og:locale\" content=\"es_ES\" \/>\n<meta property=\"og:type\" content=\"article\" \/>\n<meta property=\"og:title\" content=\"Piden facilitar el acceso de jardines maternales a ayudas econ\u00f3micas - El Regional\" \/>\n<meta property=\"og:description\" content=\"Los concejales de la UCR elevaron un proyecto de resoluci\u00f3n para que el Ejecutivo municipal facilite el acceso a ayudas econ\u00f3micas a jardines maternales.\" \/>\n<meta property=\"og:url\" content=\"http:\/\/elregionalvm.com.ar\/noticias-villa-maria\/piden-facilitar-el-acceso-de-jardines-maternales-a-ayudas-economicas\/\" \/>\n<meta property=\"og:site_name\" content=\"El Regional\" \/>\n<meta property=\"article:publisher\" content=\"https:\/\/www.facebook.com\/elregionalvm\" \/>\n<meta property=\"article:published_time\" content=\"2020-08-12T17:00:45+00:00\" \/>\n<meta property=\"article:modified_time\" content=\"2020-08-12T17:39:46+00:00\" \/>\n<meta property=\"og:image\" content=\"http:\/\/elregionalvm.com.ar\/noticias-villa-maria\/wp-content\/uploads\/2020\/08\/Bloque-UCR-Villa-Nueva-Tagni-.jpeg\" \/>\n\t<meta property=\"og:image:width\" content=\"1013\" \/>\n\t<meta property=\"og:image:height\" content=\"654\" \/>\n\t<meta property=\"og:image:type\" content=\"image\/jpeg\" \/>\n<meta name=\"author\" content=\"Contenidos El Regional\" \/>\n<meta name=\"twitter:card\" content=\"summary_large_image\" \/>\n<meta name=\"twitter:creator\" content=\"@elregionalvm1\" \/>\n<meta name=\"twitter:site\" content=\"@elregionalvm1\" \/>\n<meta name=\"twitter:label1\" content=\"Escrito por\" \/>\n\t<meta name=\"twitter:data1\" content=\"Contenidos El Regional\" \/>\n\t<meta name=\"twitter:label2\" content=\"Tiempo de lectura\" \/>\n\t<meta name=\"twitter:data2\" content=\"2 minutos\" \/>\n<script type=\"application\/ld+json\" class=\"yoast-schema-graph\">{\"@context\":\"https:\/\/schema.org\",\"@graph\":[{\"@type\":\"Article\",\"@id\":\"http:\/\/elregionalvm.com.ar\/noticias-villa-maria\/piden-facilitar-el-acceso-de-jardines-maternales-a-ayudas-economicas\/#article\",\"isPartOf\":{\"@id\":\"http:\/\/elregionalvm.com.ar\/noticias-villa-maria\/piden-facilitar-el-acceso-de-jardines-maternales-a-ayudas-economicas\/\"},\"author\":{\"name\":\"Contenidos El Regional\",\"@id\":\"http:\/\/elregionalvm.com.ar\/noticias-villa-maria\/#\/schema\/person\/a0fb9c422317faca23d50163151bc354\"},\"headline\":\"Piden facilitar el acceso de jardines maternales a ayudas econ\u00f3micas\",\"datePublished\":\"2020-08-12T17:00:45+00:00\",\"dateModified\":\"2020-08-12T17:39:46+00:00\",\"mainEntityOfPage\":{\"@id\":\"http:\/\/elregionalvm.com.ar\/noticias-villa-maria\/piden-facilitar-el-acceso-de-jardines-maternales-a-ayudas-economicas\/\"},\"wordCount\":335,\"commentCount\":0,\"image\":{\"@id\":\"http:\/\/elregionalvm.com.ar\/noticias-villa-maria\/piden-facilitar-el-acceso-de-jardines-maternales-a-ayudas-economicas\/#primaryimage\"},\"thumbnailUrl\":\"https:\/\/i0.wp.com\/elregionalvm.com.ar\/noticias-villa-maria\/wp-content\/uploads\/2020\/08\/Bloque-UCR-Villa-Nueva-Tagni-.jpeg?fit=1013%2C654&ssl=1\",\"keywords\":[\"asesinato\",\"ayudas econ\u00f3micas\",\"Blas\",\"Concejo Deliberante\",\"destacado\",\"Jardines maternales\",\"Repudio\",\"UCR\",\"VILLA NUEVA\"],\"articleSection\":[\"Villa Nueva\"],\"inLanguage\":\"es\",\"potentialAction\":[{\"@type\":\"CommentAction\",\"name\":\"Comment\",\"target\":[\"http:\/\/elregionalvm.com.ar\/noticias-villa-maria\/piden-facilitar-el-acceso-de-jardines-maternales-a-ayudas-economicas\/#respond\"]}]},{\"@type\":\"WebPage\",\"@id\":\"http:\/\/elregionalvm.com.ar\/noticias-villa-maria\/piden-facilitar-el-acceso-de-jardines-maternales-a-ayudas-economicas\/\",\"url\":\"http:\/\/elregionalvm.com.ar\/noticias-villa-maria\/piden-facilitar-el-acceso-de-jardines-maternales-a-ayudas-economicas\/\",\"name\":\"Piden facilitar el acceso de jardines maternales a ayudas econ\u00f3micas - El Regional\",\"isPartOf\":{\"@id\":\"http:\/\/elregionalvm.com.ar\/noticias-villa-maria\/#website\"},\"primaryImageOfPage\":{\"@id\":\"http:\/\/elregionalvm.com.ar\/noticias-villa-maria\/piden-facilitar-el-acceso-de-jardines-maternales-a-ayudas-economicas\/#primaryimage\"},\"image\":{\"@id\":\"http:\/\/elregionalvm.com.ar\/noticias-villa-maria\/piden-facilitar-el-acceso-de-jardines-maternales-a-ayudas-economicas\/#primaryimage\"},\"thumbnailUrl\":\"https:\/\/i0.wp.com\/elregionalvm.com.ar\/noticias-villa-maria\/wp-content\/uploads\/2020\/08\/Bloque-UCR-Villa-Nueva-Tagni-.jpeg?fit=1013%2C654&ssl=1\",\"datePublished\":\"2020-08-12T17:00:45+00:00\",\"dateModified\":\"2020-08-12T17:39:46+00:00\",\"author\":{\"@id\":\"http:\/\/elregionalvm.com.ar\/noticias-villa-maria\/#\/schema\/person\/a0fb9c422317faca23d50163151bc354\"},\"description\":\"Los concejales de la UCR elevaron un proyecto de resoluci\u00f3n para que el Ejecutivo municipal facilite el acceso a ayudas econ\u00f3micas a jardines maternales.\",\"breadcrumb\":{\"@id\":\"http:\/\/elregionalvm.com.ar\/noticias-villa-maria\/piden-facilitar-el-acceso-de-jardines-maternales-a-ayudas-economicas\/#breadcrumb\"},\"inLanguage\":\"es\",\"potentialAction\":[{\"@type\":\"ReadAction\",\"target\":[\"http:\/\/elregionalvm.com.ar\/noticias-villa-maria\/piden-facilitar-el-acceso-de-jardines-maternales-a-ayudas-economicas\/\"]}]},{\"@type\":\"ImageObject\",\"inLanguage\":\"es\",\"@id\":\"http:\/\/elregionalvm.com.ar\/noticias-villa-maria\/piden-facilitar-el-acceso-de-jardines-maternales-a-ayudas-economicas\/#primaryimage\",\"url\":\"https:\/\/i0.wp.com\/elregionalvm.com.ar\/noticias-villa-maria\/wp-content\/uploads\/2020\/08\/Bloque-UCR-Villa-Nueva-Tagni-.jpeg?fit=1013%2C654&ssl=1\",\"contentUrl\":\"https:\/\/i0.wp.com\/elregionalvm.com.ar\/noticias-villa-maria\/wp-content\/uploads\/2020\/08\/Bloque-UCR-Villa-Nueva-Tagni-.jpeg?fit=1013%2C654&ssl=1\",\"width\":1013,\"height\":654},{\"@type\":\"BreadcrumbList\",\"@id\":\"http:\/\/elregionalvm.com.ar\/noticias-villa-maria\/piden-facilitar-el-acceso-de-jardines-maternales-a-ayudas-economicas\/#breadcrumb\",\"itemListElement\":[{\"@type\":\"ListItem\",\"position\":1,\"name\":\"Portada\",\"item\":\"https:\/\/elregionalvm.com.ar\/noticias-villa-maria\/\"},{\"@type\":\"ListItem\",\"position\":2,\"name\":\"Piden facilitar el acceso de jardines maternales a ayudas econ\u00f3micas\"}]},{\"@type\":\"WebSite\",\"@id\":\"http:\/\/elregionalvm.com.ar\/noticias-villa-maria\/#website\",\"url\":\"http:\/\/elregionalvm.com.ar\/noticias-villa-maria\/\",\"name\":\"El Regional\",\"description\":\"Mucho m\u00e1s que informaci\u00f3n\",\"potentialAction\":[{\"@type\":\"SearchAction\",\"target\":{\"@type\":\"EntryPoint\",\"urlTemplate\":\"http:\/\/elregionalvm.com.ar\/noticias-villa-maria\/?s={search_term_string}\"},\"query-input\":{\"@type\":\"PropertyValueSpecification\",\"valueRequired\":true,\"valueName\":\"search_term_string\"}}],\"inLanguage\":\"es\"},{\"@type\":\"Person\",\"@id\":\"http:\/\/elregionalvm.com.ar\/noticias-villa-maria\/#\/schema\/person\/a0fb9c422317faca23d50163151bc354\",\"name\":\"Contenidos El Regional\",\"image\":{\"@type\":\"ImageObject\",\"inLanguage\":\"es\",\"@id\":\"http:\/\/elregionalvm.com.ar\/noticias-villa-maria\/#\/schema\/person\/image\/\",\"url\":\"https:\/\/secure.gravatar.com\/avatar\/265b27cb2209af7bb3a1318f03305787d7981a5cc6e6cd08fe5a4ecdf99d4b48?s=96&d=mm&r=g\",\"contentUrl\":\"https:\/\/secure.gravatar.com\/avatar\/265b27cb2209af7bb3a1318f03305787d7981a5cc6e6cd08fe5a4ecdf99d4b48?s=96&d=mm&r=g\",\"caption\":\"Contenidos El Regional\"},\"url\":\"https:\/\/elregionalvm.com.ar\/noticias-villa-maria\/author\/contenido\/\"}]}<\/script>\n<!-- \/ Yoast SEO plugin. -->","yoast_head_json":{"title":"Piden facilitar el acceso de jardines maternales a ayudas econ\u00f3micas - El Regional","description":"Los concejales de la UCR elevaron un proyecto de resoluci\u00f3n para que el Ejecutivo municipal facilite el acceso a ayudas econ\u00f3micas a jardines maternales.","robots":{"index":"index","follow":"follow","max-snippet":"max-snippet:-1","max-image-preview":"max-image-preview:large","max-video-preview":"max-video-preview:-1"},"canonical":"http:\/\/elregionalvm.com.ar\/noticias-villa-maria\/piden-facilitar-el-acceso-de-jardines-maternales-a-ayudas-economicas\/","og_locale":"es_ES","og_type":"article","og_title":"Piden facilitar el acceso de jardines maternales a ayudas econ\u00f3micas - El Regional","og_description":"Los concejales de la UCR elevaron un proyecto de resoluci\u00f3n para que el Ejecutivo municipal facilite el acceso a ayudas econ\u00f3micas a jardines maternales.","og_url":"http:\/\/elregionalvm.com.ar\/noticias-villa-maria\/piden-facilitar-el-acceso-de-jardines-maternales-a-ayudas-economicas\/","og_site_name":"El Regional","article_publisher":"https:\/\/www.facebook.com\/elregionalvm","article_published_time":"2020-08-12T17:00:45+00:00","article_modified_time":"2020-08-12T17:39:46+00:00","og_image":[{"width":1013,"height":654,"url":"http:\/\/elregionalvm.com.ar\/noticias-villa-maria\/wp-content\/uploads\/2020\/08\/Bloque-UCR-Villa-Nueva-Tagni-.jpeg","type":"image\/jpeg"}],"author":"Contenidos El Regional","twitter_card":"summary_large_image","twitter_creator":"@elregionalvm1","twitter_site":"@elregionalvm1","twitter_misc":{"Escrito por":"Contenidos El Regional","Tiempo de lectura":"2 minutos"},"schema":{"@context":"https:\/\/schema.org","@graph":[{"@type":"Article","@id":"http:\/\/elregionalvm.com.ar\/noticias-villa-maria\/piden-facilitar-el-acceso-de-jardines-maternales-a-ayudas-economicas\/#article","isPartOf":{"@id":"http:\/\/elregionalvm.com.ar\/noticias-villa-maria\/piden-facilitar-el-acceso-de-jardines-maternales-a-ayudas-economicas\/"},"author":{"name":"Contenidos El Regional","@id":"http:\/\/elregionalvm.com.ar\/noticias-villa-maria\/#\/schema\/person\/a0fb9c422317faca23d50163151bc354"},"headline":"Piden facilitar el acceso de jardines maternales a ayudas econ\u00f3micas","datePublished":"2020-08-12T17:00:45+00:00","dateModified":"2020-08-12T17:39:46+00:00","mainEntityOfPage":{"@id":"http:\/\/elregionalvm.com.ar\/noticias-villa-maria\/piden-facilitar-el-acceso-de-jardines-maternales-a-ayudas-economicas\/"},"wordCount":335,"commentCount":0,"image":{"@id":"http:\/\/elregionalvm.com.ar\/noticias-villa-maria\/piden-facilitar-el-acceso-de-jardines-maternales-a-ayudas-economicas\/#primaryimage"},"thumbnailUrl":"https:\/\/i0.wp.com\/elregionalvm.com.ar\/noticias-villa-maria\/wp-content\/uploads\/2020\/08\/Bloque-UCR-Villa-Nueva-Tagni-.jpeg?fit=1013%2C654&ssl=1","keywords":["asesinato","ayudas econ\u00f3micas","Blas","Concejo Deliberante","destacado","Jardines maternales","Repudio","UCR","VILLA NUEVA"],"articleSection":["Villa Nueva"],"inLanguage":"es","potentialAction":[{"@type":"CommentAction","name":"Comment","target":["http:\/\/elregionalvm.com.ar\/noticias-villa-maria\/piden-facilitar-el-acceso-de-jardines-maternales-a-ayudas-economicas\/#respond"]}]},{"@type":"WebPage","@id":"http:\/\/elregionalvm.com.ar\/noticias-villa-maria\/piden-facilitar-el-acceso-de-jardines-maternales-a-ayudas-economicas\/","url":"http:\/\/elregionalvm.com.ar\/noticias-villa-maria\/piden-facilitar-el-acceso-de-jardines-maternales-a-ayudas-economicas\/","name":"Piden facilitar el acceso de jardines maternales a ayudas econ\u00f3micas - El Regional","isPartOf":{"@id":"http:\/\/elregionalvm.com.ar\/noticias-villa-maria\/#website"},"primaryImageOfPage":{"@id":"http:\/\/elregionalvm.com.ar\/noticias-villa-maria\/piden-facilitar-el-acceso-de-jardines-maternales-a-ayudas-economicas\/#primaryimage"},"image":{"@id":"http:\/\/elregionalvm.com.ar\/noticias-villa-maria\/piden-facilitar-el-acceso-de-jardines-maternales-a-ayudas-economicas\/#primaryimage"},"thumbnailUrl":"https:\/\/i0.wp.com\/elregionalvm.com.ar\/noticias-villa-maria\/wp-content\/uploads\/2020\/08\/Bloque-UCR-Villa-Nueva-Tagni-.jpeg?fit=1013%2C654&ssl=1","datePublished":"2020-08-12T17:00:45+00:00","dateModified":"2020-08-12T17:39:46+00:00","author":{"@id":"http:\/\/elregionalvm.com.ar\/noticias-villa-maria\/#\/schema\/person\/a0fb9c422317faca23d50163151bc354"},"description":"Los concejales de la UCR elevaron un proyecto de resoluci\u00f3n para que el Ejecutivo municipal facilite el acceso a ayudas econ\u00f3micas a jardines maternales.","breadcrumb":{"@id":"http:\/\/elregionalvm.com.ar\/noticias-villa-maria\/piden-facilitar-el-acceso-de-jardines-maternales-a-ayudas-economicas\/#breadcrumb"},"inLanguage":"es","potentialAction":[{"@type":"ReadAction","target":["http:\/\/elregionalvm.com.ar\/noticias-villa-maria\/piden-facilitar-el-acceso-de-jardines-maternales-a-ayudas-economicas\/"]}]},{"@type":"ImageObject","inLanguage":"es","@id":"http:\/\/elregionalvm.com.ar\/noticias-villa-maria\/piden-facilitar-el-acceso-de-jardines-maternales-a-ayudas-economicas\/#primaryimage","url":"https:\/\/i0.wp.com\/elregionalvm.com.ar\/noticias-villa-maria\/wp-content\/uploads\/2020\/08\/Bloque-UCR-Villa-Nueva-Tagni-.jpeg?fit=1013%2C654&ssl=1","contentUrl":"https:\/\/i0.wp.com\/elregionalvm.com.ar\/noticias-villa-maria\/wp-content\/uploads\/2020\/08\/Bloque-UCR-Villa-Nueva-Tagni-.jpeg?fit=1013%2C654&ssl=1","width":1013,"height":654},{"@type":"BreadcrumbList","@id":"http:\/\/elregionalvm.com.ar\/noticias-villa-maria\/piden-facilitar-el-acceso-de-jardines-maternales-a-ayudas-economicas\/#breadcrumb","itemListElement":[{"@type":"ListItem","position":1,"name":"Portada","item":"https:\/\/elregionalvm.com.ar\/noticias-villa-maria\/"},{"@type":"ListItem","position":2,"name":"Piden facilitar el acceso de jardines maternales a ayudas econ\u00f3micas"}]},{"@type":"WebSite","@id":"http:\/\/elregionalvm.com.ar\/noticias-villa-maria\/#website","url":"http:\/\/elregionalvm.com.ar\/noticias-villa-maria\/","name":"El Regional","description":"Mucho m\u00e1s que informaci\u00f3n","potentialAction":[{"@type":"SearchAction","target":{"@type":"EntryPoint","urlTemplate":"http:\/\/elregionalvm.com.ar\/noticias-villa-maria\/?s={search_term_string}"},"query-input":{"@type":"PropertyValueSpecification","valueRequired":true,"valueName":"search_term_string"}}],"inLanguage":"es"},{"@type":"Person","@id":"http:\/\/elregionalvm.com.ar\/noticias-villa-maria\/#\/schema\/person\/a0fb9c422317faca23d50163151bc354","name":"Contenidos El Regional","image":{"@type":"ImageObject","inLanguage":"es","@id":"http:\/\/elregionalvm.com.ar\/noticias-villa-maria\/#\/schema\/person\/image\/","url":"https:\/\/secure.gravatar.com\/avatar\/265b27cb2209af7bb3a1318f03305787d7981a5cc6e6cd08fe5a4ecdf99d4b48?s=96&d=mm&r=g","contentUrl":"https:\/\/secure.gravatar.com\/avatar\/265b27cb2209af7bb3a1318f03305787d7981a5cc6e6cd08fe5a4ecdf99d4b48?s=96&d=mm&r=g","caption":"Contenidos El Regional"},"url":"https:\/\/elregionalvm.com.ar\/noticias-villa-maria\/author\/contenido\/"}]}},"jetpack_featured_media_url":"https:\/\/i0.wp.com\/elregionalvm.com.ar\/noticias-villa-maria\/wp-content\/uploads\/2020\/08\/Bloque-UCR-Villa-Nueva-Tagni-.jpeg?fit=1013%2C654&ssl=1","jetpack_sharing_enabled":true,"_links":{"self":[{"href":"https:\/\/elregionalvm.com.ar\/noticias-villa-maria\/wp-json\/wp\/v2\/posts\/21915","targetHints":{"allow":["GET"]}}],"collection":[{"href":"https:\/\/elregionalvm.com.ar\/noticias-villa-maria\/wp-json\/wp\/v2\/posts"}],"about":[{"href":"https:\/\/elregionalvm.com.ar\/noticias-villa-maria\/wp-json\/wp\/v2\/types\/post"}],"author":[{"embeddable":true,"href":"https:\/\/elregionalvm.com.ar\/noticias-villa-maria\/wp-json\/wp\/v2\/users\/4"}],"replies":[{"embeddable":true,"href":"https:\/\/elregionalvm.com.ar\/noticias-villa-maria\/wp-json\/wp\/v2\/comments?post=21915"}],"version-history":[{"count":1,"href":"https:\/\/elregionalvm.com.ar\/noticias-villa-maria\/wp-json\/wp\/v2\/posts\/21915\/revisions"}],"predecessor-version":[{"id":21916,"href":"https:\/\/elregionalvm.com.ar\/noticias-villa-maria\/wp-json\/wp\/v2\/posts\/21915\/revisions\/21916"}],"wp:featuredmedia":[{"embeddable":true,"href":"https:\/\/elregionalvm.com.ar\/noticias-villa-maria\/wp-json\/wp\/v2\/media\/21920"}],"wp:attachment":[{"href":"https:\/\/elregionalvm.com.ar\/noticias-villa-maria\/wp-json\/wp\/v2\/media?parent=21915"}],"wp:term":[{"taxonomy":"category","embeddable":true,"href":"https:\/\/elregionalvm.com.ar\/noticias-villa-maria\/wp-json\/wp\/v2\/categories?post=21915"},{"taxonomy":"post_tag","embeddable":true,"href":"https:\/\/elregionalvm.com.ar\/noticias-villa-maria\/wp-json\/wp\/v2\/tags?post=21915"}],"curies":[{"name":"wp","href":"https:\/\/api.w.org\/{rel}","templated":true}]}}