{"id":21921,"date":"2020-08-12T17:48:58","date_gmt":"2020-08-12T17:48:58","guid":{"rendered":"https:\/\/elregionalvm.com.ar\/noticias-villa-maria\/?p=21921"},"modified":"2020-08-12T17:48:59","modified_gmt":"2020-08-12T17:48:59","slug":"la-ciudad-fue-elegida-para-un-proyecto-de-turismo-urbano","status":"publish","type":"post","link":"https:\/\/elregionalvm.com.ar\/noticias-villa-maria\/la-ciudad-fue-elegida-para-un-proyecto-de-turismo-urbano\/","title":{"rendered":"La ciudad fue elegida para un proyecto de turismo urbano"},"content":{"rendered":"\n<p><strong><em>Villa Mar\u00eda fue seleccionada para formar parte del proyecto \u201cIdeaton de Turismo Urbano\u201d<\/em><\/strong><\/p>\n\n\n\n<p>El Ente Villa Mar\u00eda Deporte y Turismo inform\u00f3 que Villa Mar\u00eda fue seleccionada para participar del proyecto \u201cIdeaton de Turismo Urbano\u201d, impulsado por la Agencia C\u00f3rdoba Turismo.<\/p>\n\n\n\n<p>El objetivo del proyecto es impulsar la generaci\u00f3n de posibles soluciones para reavivar el sector, aliviar los efectos de la pandemia y poner en marcha los esfuerzos de recuperaci\u00f3n.<\/p>\n\n\n\n<p>La iniciativa fue presentada en horas de la ma\u00f1ana de manera virtual por el Presidente de la Agencia Provincial, Esteban Avil\u00e9s.<\/p>\n\n\n\n<p>La actividad comenzar\u00e1 el 26 agosto y est\u00e1 destinada a emprendedores, profesionales del turismo, empresarios, docentes y estudiantes de carreras relacionadas. La propuesta apunta a la formaci\u00f3n de equipos interdisciplinarios, integrados por actores vinculados al turismo urbano y la innovaci\u00f3n.<\/p>\n\n\n\n<p>Los proyectos participar\u00e1n por premios de hasta 150 mil pesos, recibir\u00e1n un certificado de aporte a la reinvenci\u00f3n del sector y tendr\u00e1n acceso a becas en capacitaciones y diplomaturas.<\/p>\n\n\n\n<p>Adem\u00e1s,  las propuestas ganadoras tendr\u00e1n\u00a0 difusi\u00f3n nacional e internacional.<\/p>\n\n\n\n<p><strong>El Ideat\u00f3n <\/strong><\/p>\n\n\n\n<p>El resultado final ser\u00e1 la presentaci\u00f3n de propuestas de reinvenci\u00f3n, estimulaci\u00f3n y reactivaci\u00f3n para los distintos sectores del turismo: Reuniones, Negocios, Ocio, Gastronom\u00eda y Promoci\u00f3n del Patrimonio Tangible e Intangible.<\/p>\n\n\n\n<p>Quienes deseen participar de la iniciativa deber\u00e1n ingresar a <a href=\"http:\/\/www.ideatonturismocba.com.ar\/\" target=\"_blank\" rel=\"noreferrer noopener\">www.ideatonturismocba.com.ar<\/a>, donde encontrar\u00e1n el reglamento completo de la actividad. Los proyectos presentados ser\u00e1n analizados por un jurado multidisciplinario que seleccionar\u00e1 a los equipos ganadores por cada eje tem\u00e1tico.<\/p>\n\n\n\n<p><em>Foto: 365 Villa Mar\u00eda<\/em><\/p>\n","protected":false},"excerpt":{"rendered":"<p>Villa Mar\u00eda fue seleccionada para formar parte del proyecto \u201cIdeaton de Turismo Urbano\u201d El Ente Villa Mar\u00eda Deporte y Turismo inform\u00f3 que Villa Mar\u00eda fue seleccionada para participar del proyecto \u201cIdeaton de Turismo Urbano\u201d, impulsado por la Agencia C\u00f3rdoba Turismo. El objetivo del proyecto es impulsar la generaci\u00f3n de posibles soluciones para reavivar el sector, [&hellip;]<\/p>\n","protected":false},"author":4,"featured_media":21922,"comment_status":"open","ping_status":"open","sticky":false,"template":"","format":"standard","meta":{"site-sidebar-layout":"default","site-content-layout":"default","ast-site-content-layout":"default","site-content-style":"default","site-sidebar-style":"default","ast-global-header-display":"","ast-banner-title-visibility":"","ast-main-header-display":"","ast-hfb-above-header-display":"","ast-hfb-below-header-display":"","ast-hfb-mobile-header-display":"","site-post-title":"","ast-breadcrumbs-content":"","ast-featured-img":"","footer-sml-layout":"","ast-disable-related-posts":"","theme-transparent-header-meta":"default","adv-header-id-meta":"","stick-header-meta":"","header-above-stick-meta":"","header-main-stick-meta":"","header-below-stick-meta":"","astra-migrate-meta-layouts":"default","ast-page-background-enabled":"default","ast-page-background-meta":{"desktop":{"background-color":"","background-image":"","background-repeat":"repeat","background-position":"center center","background-size":"auto","background-attachment":"scroll","background-type":"","background-media":"","overlay-type":"","overlay-color":"","overlay-opacity":"","overlay-gradient":""},"tablet":{"background-color":"","background-image":"","background-repeat":"repeat","background-position":"center center","background-size":"auto","background-attachment":"scroll","background-type":"","background-media":"","overlay-type":"","overlay-color":"","overlay-opacity":"","overlay-gradient":""},"mobile":{"background-color":"","background-image":"","background-repeat":"repeat","background-position":"center center","background-size":"auto","background-attachment":"scroll","background-type":"","background-media":"","overlay-type":"","overlay-color":"","overlay-opacity":"","overlay-gradient":""}},"ast-content-background-meta":{"desktop":{"background-color":"var(--ast-global-color-5)","background-image":"","background-repeat":"repeat","background-position":"center center","background-size":"auto","background-attachment":"scroll","background-type":"","background-media":"","overlay-type":"","overlay-color":"","overlay-opacity":"","overlay-gradient":""},"tablet":{"background-color":"var(--ast-global-color-5)","background-image":"","background-repeat":"repeat","background-position":"center center","background-size":"auto","background-attachment":"scroll","background-type":"","background-media":"","overlay-type":"","overlay-color":"","overlay-opacity":"","overlay-gradient":""},"mobile":{"background-color":"var(--ast-global-color-5)","background-image":"","background-repeat":"repeat","background-position":"center center","background-size":"auto","background-attachment":"scroll","background-type":"","background-media":"","overlay-type":"","overlay-color":"","overlay-opacity":"","overlay-gradient":""}},"_jetpack_memberships_contains_paid_content":false,"_joinchat":[],"footnotes":""},"categories":[2],"tags":[3268,1232,3269,3266,3267,2248],"class_list":["post-21921","post","type-post","status-publish","format-standard","has-post-thumbnail","hentry","category-villa-maria","tag-agencia-cordoba-turismo","tag-destacado","tag-ente-deporte-y-turismo","tag-ideaton","tag-turismo-urbano","tag-villa-maria-2"],"yoast_head":"<!-- This site is optimized with the Yoast SEO plugin v26.8 - https:\/\/yoast.com\/product\/yoast-seo-wordpress\/ -->\n<title>La ciudad fue elegida para un proyecto de turismo urbano - El Regional<\/title>\n<meta name=\"description\" content=\"Villa Mar\u00eda fue seleccionada para participar del proyecto \u201cIdeaton de Turismo Urbano\u201d, impulsado por la Agencia C\u00f3rdoba Turismo.\" \/>\n<meta name=\"robots\" content=\"index, follow, max-snippet:-1, max-image-preview:large, max-video-preview:-1\" \/>\n<link rel=\"canonical\" href=\"http:\/\/elregionalvm.com.ar\/noticias-villa-maria\/la-ciudad-fue-elegida-para-un-proyecto-de-turismo-urbano\/\" \/>\n<meta property=\"og:locale\" content=\"es_ES\" \/>\n<meta property=\"og:type\" content=\"article\" \/>\n<meta property=\"og:title\" content=\"La ciudad fue elegida para un proyecto de turismo urbano - El Regional\" \/>\n<meta property=\"og:description\" content=\"Villa Mar\u00eda fue seleccionada para participar del proyecto \u201cIdeaton de Turismo Urbano\u201d, impulsado por la Agencia C\u00f3rdoba Turismo.\" \/>\n<meta property=\"og:url\" content=\"http:\/\/elregionalvm.com.ar\/noticias-villa-maria\/la-ciudad-fue-elegida-para-un-proyecto-de-turismo-urbano\/\" \/>\n<meta property=\"og:site_name\" content=\"El Regional\" \/>\n<meta property=\"article:publisher\" content=\"https:\/\/www.facebook.com\/elregionalvm\" \/>\n<meta property=\"article:published_time\" content=\"2020-08-12T17:48:58+00:00\" \/>\n<meta property=\"article:modified_time\" content=\"2020-08-12T17:48:59+00:00\" \/>\n<meta property=\"og:image\" content=\"http:\/\/elregionalvm.com.ar\/noticias-villa-maria\/wp-content\/uploads\/2020\/08\/Costanera-puente-madera-y-anfi-1.jpg\" \/>\n\t<meta property=\"og:image:width\" content=\"1535\" \/>\n\t<meta property=\"og:image:height\" content=\"828\" \/>\n\t<meta property=\"og:image:type\" content=\"image\/jpeg\" \/>\n<meta name=\"author\" content=\"Contenidos El Regional\" \/>\n<meta name=\"twitter:card\" content=\"summary_large_image\" \/>\n<meta name=\"twitter:creator\" content=\"@elregionalvm1\" \/>\n<meta name=\"twitter:site\" content=\"@elregionalvm1\" \/>\n<meta name=\"twitter:label1\" content=\"Escrito por\" \/>\n\t<meta name=\"twitter:data1\" content=\"Contenidos El Regional\" \/>\n\t<meta name=\"twitter:label2\" content=\"Tiempo de lectura\" \/>\n\t<meta name=\"twitter:data2\" content=\"1 minuto\" \/>\n<script type=\"application\/ld+json\" class=\"yoast-schema-graph\">{\"@context\":\"https:\/\/schema.org\",\"@graph\":[{\"@type\":\"Article\",\"@id\":\"http:\/\/elregionalvm.com.ar\/noticias-villa-maria\/la-ciudad-fue-elegida-para-un-proyecto-de-turismo-urbano\/#article\",\"isPartOf\":{\"@id\":\"http:\/\/elregionalvm.com.ar\/noticias-villa-maria\/la-ciudad-fue-elegida-para-un-proyecto-de-turismo-urbano\/\"},\"author\":{\"name\":\"Contenidos El Regional\",\"@id\":\"http:\/\/elregionalvm.com.ar\/noticias-villa-maria\/#\/schema\/person\/a0fb9c422317faca23d50163151bc354\"},\"headline\":\"La ciudad fue elegida para un proyecto de turismo urbano\",\"datePublished\":\"2020-08-12T17:48:58+00:00\",\"dateModified\":\"2020-08-12T17:48:59+00:00\",\"mainEntityOfPage\":{\"@id\":\"http:\/\/elregionalvm.com.ar\/noticias-villa-maria\/la-ciudad-fue-elegida-para-un-proyecto-de-turismo-urbano\/\"},\"wordCount\":280,\"commentCount\":0,\"image\":{\"@id\":\"http:\/\/elregionalvm.com.ar\/noticias-villa-maria\/la-ciudad-fue-elegida-para-un-proyecto-de-turismo-urbano\/#primaryimage\"},\"thumbnailUrl\":\"https:\/\/i0.wp.com\/elregionalvm.com.ar\/noticias-villa-maria\/wp-content\/uploads\/2020\/08\/Costanera-puente-madera-y-anfi-1.jpg?fit=1535%2C828&ssl=1\",\"keywords\":[\"Agencia C\u00f3rdoba Turismo\",\"destacado\",\"Ente Deporte y Turismo\",\"Ideat\u00f3n\",\"Turismo urbano\",\"Villa Mar\u00eda\"],\"articleSection\":[\"Villa Mar\u00eda\"],\"inLanguage\":\"es\",\"potentialAction\":[{\"@type\":\"CommentAction\",\"name\":\"Comment\",\"target\":[\"http:\/\/elregionalvm.com.ar\/noticias-villa-maria\/la-ciudad-fue-elegida-para-un-proyecto-de-turismo-urbano\/#respond\"]}]},{\"@type\":\"WebPage\",\"@id\":\"http:\/\/elregionalvm.com.ar\/noticias-villa-maria\/la-ciudad-fue-elegida-para-un-proyecto-de-turismo-urbano\/\",\"url\":\"http:\/\/elregionalvm.com.ar\/noticias-villa-maria\/la-ciudad-fue-elegida-para-un-proyecto-de-turismo-urbano\/\",\"name\":\"La ciudad fue elegida para un proyecto de turismo urbano - El Regional\",\"isPartOf\":{\"@id\":\"http:\/\/elregionalvm.com.ar\/noticias-villa-maria\/#website\"},\"primaryImageOfPage\":{\"@id\":\"http:\/\/elregionalvm.com.ar\/noticias-villa-maria\/la-ciudad-fue-elegida-para-un-proyecto-de-turismo-urbano\/#primaryimage\"},\"image\":{\"@id\":\"http:\/\/elregionalvm.com.ar\/noticias-villa-maria\/la-ciudad-fue-elegida-para-un-proyecto-de-turismo-urbano\/#primaryimage\"},\"thumbnailUrl\":\"https:\/\/i0.wp.com\/elregionalvm.com.ar\/noticias-villa-maria\/wp-content\/uploads\/2020\/08\/Costanera-puente-madera-y-anfi-1.jpg?fit=1535%2C828&ssl=1\",\"datePublished\":\"2020-08-12T17:48:58+00:00\",\"dateModified\":\"2020-08-12T17:48:59+00:00\",\"author\":{\"@id\":\"http:\/\/elregionalvm.com.ar\/noticias-villa-maria\/#\/schema\/person\/a0fb9c422317faca23d50163151bc354\"},\"description\":\"Villa Mar\u00eda fue seleccionada para participar del proyecto \u201cIdeaton de Turismo Urbano\u201d, impulsado por la Agencia C\u00f3rdoba Turismo.\",\"breadcrumb\":{\"@id\":\"http:\/\/elregionalvm.com.ar\/noticias-villa-maria\/la-ciudad-fue-elegida-para-un-proyecto-de-turismo-urbano\/#breadcrumb\"},\"inLanguage\":\"es\",\"potentialAction\":[{\"@type\":\"ReadAction\",\"target\":[\"http:\/\/elregionalvm.com.ar\/noticias-villa-maria\/la-ciudad-fue-elegida-para-un-proyecto-de-turismo-urbano\/\"]}]},{\"@type\":\"ImageObject\",\"inLanguage\":\"es\",\"@id\":\"http:\/\/elregionalvm.com.ar\/noticias-villa-maria\/la-ciudad-fue-elegida-para-un-proyecto-de-turismo-urbano\/#primaryimage\",\"url\":\"https:\/\/i0.wp.com\/elregionalvm.com.ar\/noticias-villa-maria\/wp-content\/uploads\/2020\/08\/Costanera-puente-madera-y-anfi-1.jpg?fit=1535%2C828&ssl=1\",\"contentUrl\":\"https:\/\/i0.wp.com\/elregionalvm.com.ar\/noticias-villa-maria\/wp-content\/uploads\/2020\/08\/Costanera-puente-madera-y-anfi-1.jpg?fit=1535%2C828&ssl=1\",\"width\":1535,\"height\":828},{\"@type\":\"BreadcrumbList\",\"@id\":\"http:\/\/elregionalvm.com.ar\/noticias-villa-maria\/la-ciudad-fue-elegida-para-un-proyecto-de-turismo-urbano\/#breadcrumb\",\"itemListElement\":[{\"@type\":\"ListItem\",\"position\":1,\"name\":\"Portada\",\"item\":\"https:\/\/elregionalvm.com.ar\/noticias-villa-maria\/\"},{\"@type\":\"ListItem\",\"position\":2,\"name\":\"La ciudad fue elegida para un proyecto de turismo urbano\"}]},{\"@type\":\"WebSite\",\"@id\":\"http:\/\/elregionalvm.com.ar\/noticias-villa-maria\/#website\",\"url\":\"http:\/\/elregionalvm.com.ar\/noticias-villa-maria\/\",\"name\":\"El Regional\",\"description\":\"Mucho m\u00e1s que informaci\u00f3n\",\"potentialAction\":[{\"@type\":\"SearchAction\",\"target\":{\"@type\":\"EntryPoint\",\"urlTemplate\":\"http:\/\/elregionalvm.com.ar\/noticias-villa-maria\/?s={search_term_string}\"},\"query-input\":{\"@type\":\"PropertyValueSpecification\",\"valueRequired\":true,\"valueName\":\"search_term_string\"}}],\"inLanguage\":\"es\"},{\"@type\":\"Person\",\"@id\":\"http:\/\/elregionalvm.com.ar\/noticias-villa-maria\/#\/schema\/person\/a0fb9c422317faca23d50163151bc354\",\"name\":\"Contenidos El Regional\",\"image\":{\"@type\":\"ImageObject\",\"inLanguage\":\"es\",\"@id\":\"http:\/\/elregionalvm.com.ar\/noticias-villa-maria\/#\/schema\/person\/image\/\",\"url\":\"https:\/\/secure.gravatar.com\/avatar\/265b27cb2209af7bb3a1318f03305787d7981a5cc6e6cd08fe5a4ecdf99d4b48?s=96&d=mm&r=g\",\"contentUrl\":\"https:\/\/secure.gravatar.com\/avatar\/265b27cb2209af7bb3a1318f03305787d7981a5cc6e6cd08fe5a4ecdf99d4b48?s=96&d=mm&r=g\",\"caption\":\"Contenidos El Regional\"},\"url\":\"https:\/\/elregionalvm.com.ar\/noticias-villa-maria\/author\/contenido\/\"}]}<\/script>\n<!-- \/ Yoast SEO plugin. -->","yoast_head_json":{"title":"La ciudad fue elegida para un proyecto de turismo urbano - El Regional","description":"Villa Mar\u00eda fue seleccionada para participar del proyecto \u201cIdeaton de Turismo Urbano\u201d, impulsado por la Agencia C\u00f3rdoba Turismo.","robots":{"index":"index","follow":"follow","max-snippet":"max-snippet:-1","max-image-preview":"max-image-preview:large","max-video-preview":"max-video-preview:-1"},"canonical":"http:\/\/elregionalvm.com.ar\/noticias-villa-maria\/la-ciudad-fue-elegida-para-un-proyecto-de-turismo-urbano\/","og_locale":"es_ES","og_type":"article","og_title":"La ciudad fue elegida para un proyecto de turismo urbano - El Regional","og_description":"Villa Mar\u00eda fue seleccionada para participar del proyecto \u201cIdeaton de Turismo Urbano\u201d, impulsado por la Agencia C\u00f3rdoba Turismo.","og_url":"http:\/\/elregionalvm.com.ar\/noticias-villa-maria\/la-ciudad-fue-elegida-para-un-proyecto-de-turismo-urbano\/","og_site_name":"El Regional","article_publisher":"https:\/\/www.facebook.com\/elregionalvm","article_published_time":"2020-08-12T17:48:58+00:00","article_modified_time":"2020-08-12T17:48:59+00:00","og_image":[{"width":1535,"height":828,"url":"http:\/\/elregionalvm.com.ar\/noticias-villa-maria\/wp-content\/uploads\/2020\/08\/Costanera-puente-madera-y-anfi-1.jpg","type":"image\/jpeg"}],"author":"Contenidos El Regional","twitter_card":"summary_large_image","twitter_creator":"@elregionalvm1","twitter_site":"@elregionalvm1","twitter_misc":{"Escrito por":"Contenidos El Regional","Tiempo de lectura":"1 minuto"},"schema":{"@context":"https:\/\/schema.org","@graph":[{"@type":"Article","@id":"http:\/\/elregionalvm.com.ar\/noticias-villa-maria\/la-ciudad-fue-elegida-para-un-proyecto-de-turismo-urbano\/#article","isPartOf":{"@id":"http:\/\/elregionalvm.com.ar\/noticias-villa-maria\/la-ciudad-fue-elegida-para-un-proyecto-de-turismo-urbano\/"},"author":{"name":"Contenidos El Regional","@id":"http:\/\/elregionalvm.com.ar\/noticias-villa-maria\/#\/schema\/person\/a0fb9c422317faca23d50163151bc354"},"headline":"La ciudad fue elegida para un proyecto de turismo urbano","datePublished":"2020-08-12T17:48:58+00:00","dateModified":"2020-08-12T17:48:59+00:00","mainEntityOfPage":{"@id":"http:\/\/elregionalvm.com.ar\/noticias-villa-maria\/la-ciudad-fue-elegida-para-un-proyecto-de-turismo-urbano\/"},"wordCount":280,"commentCount":0,"image":{"@id":"http:\/\/elregionalvm.com.ar\/noticias-villa-maria\/la-ciudad-fue-elegida-para-un-proyecto-de-turismo-urbano\/#primaryimage"},"thumbnailUrl":"https:\/\/i0.wp.com\/elregionalvm.com.ar\/noticias-villa-maria\/wp-content\/uploads\/2020\/08\/Costanera-puente-madera-y-anfi-1.jpg?fit=1535%2C828&ssl=1","keywords":["Agencia C\u00f3rdoba Turismo","destacado","Ente Deporte y Turismo","Ideat\u00f3n","Turismo urbano","Villa Mar\u00eda"],"articleSection":["Villa Mar\u00eda"],"inLanguage":"es","potentialAction":[{"@type":"CommentAction","name":"Comment","target":["http:\/\/elregionalvm.com.ar\/noticias-villa-maria\/la-ciudad-fue-elegida-para-un-proyecto-de-turismo-urbano\/#respond"]}]},{"@type":"WebPage","@id":"http:\/\/elregionalvm.com.ar\/noticias-villa-maria\/la-ciudad-fue-elegida-para-un-proyecto-de-turismo-urbano\/","url":"http:\/\/elregionalvm.com.ar\/noticias-villa-maria\/la-ciudad-fue-elegida-para-un-proyecto-de-turismo-urbano\/","name":"La ciudad fue elegida para un proyecto de turismo urbano - El Regional","isPartOf":{"@id":"http:\/\/elregionalvm.com.ar\/noticias-villa-maria\/#website"},"primaryImageOfPage":{"@id":"http:\/\/elregionalvm.com.ar\/noticias-villa-maria\/la-ciudad-fue-elegida-para-un-proyecto-de-turismo-urbano\/#primaryimage"},"image":{"@id":"http:\/\/elregionalvm.com.ar\/noticias-villa-maria\/la-ciudad-fue-elegida-para-un-proyecto-de-turismo-urbano\/#primaryimage"},"thumbnailUrl":"https:\/\/i0.wp.com\/elregionalvm.com.ar\/noticias-villa-maria\/wp-content\/uploads\/2020\/08\/Costanera-puente-madera-y-anfi-1.jpg?fit=1535%2C828&ssl=1","datePublished":"2020-08-12T17:48:58+00:00","dateModified":"2020-08-12T17:48:59+00:00","author":{"@id":"http:\/\/elregionalvm.com.ar\/noticias-villa-maria\/#\/schema\/person\/a0fb9c422317faca23d50163151bc354"},"description":"Villa Mar\u00eda fue seleccionada para participar del proyecto \u201cIdeaton de Turismo Urbano\u201d, impulsado por la Agencia C\u00f3rdoba Turismo.","breadcrumb":{"@id":"http:\/\/elregionalvm.com.ar\/noticias-villa-maria\/la-ciudad-fue-elegida-para-un-proyecto-de-turismo-urbano\/#breadcrumb"},"inLanguage":"es","potentialAction":[{"@type":"ReadAction","target":["http:\/\/elregionalvm.com.ar\/noticias-villa-maria\/la-ciudad-fue-elegida-para-un-proyecto-de-turismo-urbano\/"]}]},{"@type":"ImageObject","inLanguage":"es","@id":"http:\/\/elregionalvm.com.ar\/noticias-villa-maria\/la-ciudad-fue-elegida-para-un-proyecto-de-turismo-urbano\/#primaryimage","url":"https:\/\/i0.wp.com\/elregionalvm.com.ar\/noticias-villa-maria\/wp-content\/uploads\/2020\/08\/Costanera-puente-madera-y-anfi-1.jpg?fit=1535%2C828&ssl=1","contentUrl":"https:\/\/i0.wp.com\/elregionalvm.com.ar\/noticias-villa-maria\/wp-content\/uploads\/2020\/08\/Costanera-puente-madera-y-anfi-1.jpg?fit=1535%2C828&ssl=1","width":1535,"height":828},{"@type":"BreadcrumbList","@id":"http:\/\/elregionalvm.com.ar\/noticias-villa-maria\/la-ciudad-fue-elegida-para-un-proyecto-de-turismo-urbano\/#breadcrumb","itemListElement":[{"@type":"ListItem","position":1,"name":"Portada","item":"https:\/\/elregionalvm.com.ar\/noticias-villa-maria\/"},{"@type":"ListItem","position":2,"name":"La ciudad fue elegida para un proyecto de turismo urbano"}]},{"@type":"WebSite","@id":"http:\/\/elregionalvm.com.ar\/noticias-villa-maria\/#website","url":"http:\/\/elregionalvm.com.ar\/noticias-villa-maria\/","name":"El Regional","description":"Mucho m\u00e1s que informaci\u00f3n","potentialAction":[{"@type":"SearchAction","target":{"@type":"EntryPoint","urlTemplate":"http:\/\/elregionalvm.com.ar\/noticias-villa-maria\/?s={search_term_string}"},"query-input":{"@type":"PropertyValueSpecification","valueRequired":true,"valueName":"search_term_string"}}],"inLanguage":"es"},{"@type":"Person","@id":"http:\/\/elregionalvm.com.ar\/noticias-villa-maria\/#\/schema\/person\/a0fb9c422317faca23d50163151bc354","name":"Contenidos El Regional","image":{"@type":"ImageObject","inLanguage":"es","@id":"http:\/\/elregionalvm.com.ar\/noticias-villa-maria\/#\/schema\/person\/image\/","url":"https:\/\/secure.gravatar.com\/avatar\/265b27cb2209af7bb3a1318f03305787d7981a5cc6e6cd08fe5a4ecdf99d4b48?s=96&d=mm&r=g","contentUrl":"https:\/\/secure.gravatar.com\/avatar\/265b27cb2209af7bb3a1318f03305787d7981a5cc6e6cd08fe5a4ecdf99d4b48?s=96&d=mm&r=g","caption":"Contenidos El Regional"},"url":"https:\/\/elregionalvm.com.ar\/noticias-villa-maria\/author\/contenido\/"}]}},"jetpack_featured_media_url":"https:\/\/i0.wp.com\/elregionalvm.com.ar\/noticias-villa-maria\/wp-content\/uploads\/2020\/08\/Costanera-puente-madera-y-anfi-1.jpg?fit=1535%2C828&ssl=1","jetpack_sharing_enabled":true,"_links":{"self":[{"href":"https:\/\/elregionalvm.com.ar\/noticias-villa-maria\/wp-json\/wp\/v2\/posts\/21921","targetHints":{"allow":["GET"]}}],"collection":[{"href":"https:\/\/elregionalvm.com.ar\/noticias-villa-maria\/wp-json\/wp\/v2\/posts"}],"about":[{"href":"https:\/\/elregionalvm.com.ar\/noticias-villa-maria\/wp-json\/wp\/v2\/types\/post"}],"author":[{"embeddable":true,"href":"https:\/\/elregionalvm.com.ar\/noticias-villa-maria\/wp-json\/wp\/v2\/users\/4"}],"replies":[{"embeddable":true,"href":"https:\/\/elregionalvm.com.ar\/noticias-villa-maria\/wp-json\/wp\/v2\/comments?post=21921"}],"version-history":[{"count":1,"href":"https:\/\/elregionalvm.com.ar\/noticias-villa-maria\/wp-json\/wp\/v2\/posts\/21921\/revisions"}],"predecessor-version":[{"id":21923,"href":"https:\/\/elregionalvm.com.ar\/noticias-villa-maria\/wp-json\/wp\/v2\/posts\/21921\/revisions\/21923"}],"wp:featuredmedia":[{"embeddable":true,"href":"https:\/\/elregionalvm.com.ar\/noticias-villa-maria\/wp-json\/wp\/v2\/media\/21922"}],"wp:attachment":[{"href":"https:\/\/elregionalvm.com.ar\/noticias-villa-maria\/wp-json\/wp\/v2\/media?parent=21921"}],"wp:term":[{"taxonomy":"category","embeddable":true,"href":"https:\/\/elregionalvm.com.ar\/noticias-villa-maria\/wp-json\/wp\/v2\/categories?post=21921"},{"taxonomy":"post_tag","embeddable":true,"href":"https:\/\/elregionalvm.com.ar\/noticias-villa-maria\/wp-json\/wp\/v2\/tags?post=21921"}],"curies":[{"name":"wp","href":"https:\/\/api.w.org\/{rel}","templated":true}]}}