{"id":21924,"date":"2020-08-12T18:19:29","date_gmt":"2020-08-12T18:19:29","guid":{"rendered":"https:\/\/elregionalvm.com.ar\/noticias-villa-maria\/?p=21924"},"modified":"2020-08-12T18:19:31","modified_gmt":"2020-08-12T18:19:31","slug":"el-lunes-vuelven-a-abrir-los-gimnasios","status":"publish","type":"post","link":"https:\/\/elregionalvm.com.ar\/noticias-villa-maria\/el-lunes-vuelven-a-abrir-los-gimnasios\/","title":{"rendered":"El lunes vuelven a abrir los gimnasios"},"content":{"rendered":"\n<p>Tras varios meses duros sin poder abrir las puertas y luego de movilizaciones, negociaciones y reclamos, los gimnasios de la ciudad volver\u00e1n a abrir sus puertas.<\/p>\n\n\n\n<p>Lo har\u00e1n desde la semana pr\u00f3xima bajo el protocolo aprobado por el COE para la modalidad calistenia. Se trata de un sistema de ejercicios que se basa en los movimientos musculares y no tanto en la potencia y el esfuerzo. <\/p>\n\n\n\n<p>\u00abEl sistema de entrenamiento es con peso corporal y alg\u00fan tipo de barras. No se va a poder utilizar ni las cintas, ni las bicicletas ni los el\u00edpticos. Ser\u00e1n turnos de una hora, con una duraci\u00f3n del entrenamiento de 45 a 50 minutos, para luego desinfectar antes de que ingrese el grupo siguiente. Va a ser con una declaraci\u00f3n jurada de cada uno de los alumnos, con un horario de 8 a 22 horas\u00bb, explic\u00f3 a <strong><a href=\"http:\/\/www.elregionalvm.com.ar\">EL REGIONAL<\/a><\/strong> Juan Rosell, propietario del gimnasio que lleva su nombre.<\/p>\n\n\n\n<p>\u00abEstamos muy contentos de volver a la actividad. Vamos a demostrar que somos un ambiente seguro y no un foco de contagio como nos ten\u00edan estigmatizados\u00bb,  remarc\u00f3 el comerciante. <\/p>\n\n\n\n<p>El Ejecutivo municipal ya firm\u00f3 el decreto de adhesi\u00f3n a los protocolos aprobados por el COE, que ser\u00e1 enviado al Concejo Deliberante para su ratificaci\u00f3n. Los gimnasios deber\u00e1n presentar un protocolo espec\u00edfico de aplicaci\u00f3n.<\/p>\n\n\n\n<ul class=\"wp-block-list\"><li><strong>Escuch\u00e1 el audio:<\/strong><\/li><\/ul>\n\n\n\n<p><\/p>\n\n\n\n<figure class=\"wp-block-audio\"><audio controls src=\"https:\/\/elregionalvm.com.ar\/noticias-villa-maria\/wp-content\/uploads\/2020\/08\/Juan-Rosell-Reapertura-de-gimnasios-corto.mp3\"><\/audio><figcaption><em>Juan Rosell sobre la reapertura de los gimnasios. <\/em><br><\/figcaption><\/figure>\n\n\n\n<p><\/p>\n\n\n\n<ul class=\"wp-block-list\"><li><strong>Le\u00e9 m\u00e1s: <\/strong><\/li><\/ul>\n\n\n\n<figure class=\"wp-block-embed-wordpress wp-block-embed is-type-wp-embed is-provider-el-regional\"><div class=\"wp-block-embed__wrapper\">\n<blockquote class=\"wp-embedded-content\" data-secret=\"KEjhggLQQS\"><a href=\"https:\/\/elregionalvm.com.ar\/noticias-villa-maria\/ningun-nuevo-caso-en-villa-maria-y-otro-mas-en-villa-nueva\/\">Ning\u00fan nuevo caso en Villa Mar\u00eda y otro m\u00e1s en Villa Nueva<\/a><\/blockquote><iframe class=\"wp-embedded-content\" sandbox=\"allow-scripts\" security=\"restricted\" style=\"position: absolute; clip: rect(1px, 1px, 1px, 1px);\" title=\"\u00abNing\u00fan nuevo caso en Villa Mar\u00eda y otro m\u00e1s en Villa Nueva\u00bb \u2014 El Regional\" src=\"https:\/\/elregionalvm.com.ar\/noticias-villa-maria\/ningun-nuevo-caso-en-villa-maria-y-otro-mas-en-villa-nueva\/embed\/#?secret=By1dSpDVuV#?secret=KEjhggLQQS\" data-secret=\"KEjhggLQQS\" width=\"500\" height=\"282\" frameborder=\"0\" marginwidth=\"0\" marginheight=\"0\" scrolling=\"no\"><\/iframe>\n<\/div><\/figure>\n\n\n\n<p><\/p>\n","protected":false},"excerpt":{"rendered":"<p>Tras varios meses duros sin poder abrir las puertas y luego de movilizaciones, negociaciones y reclamos, los gimnasios de la ciudad volver\u00e1n a abrir sus puertas. Lo har\u00e1n desde la semana pr\u00f3xima bajo el protocolo aprobado por el COE para la modalidad calistenia. Se trata de un sistema de ejercicios que se basa en los [&hellip;]<\/p>\n","protected":false},"author":6,"featured_media":21929,"comment_status":"open","ping_status":"open","sticky":false,"template":"","format":"standard","meta":{"site-sidebar-layout":"default","site-content-layout":"default","ast-site-content-layout":"default","site-content-style":"default","site-sidebar-style":"default","ast-global-header-display":"","ast-banner-title-visibility":"","ast-main-header-display":"","ast-hfb-above-header-display":"","ast-hfb-below-header-display":"","ast-hfb-mobile-header-display":"","site-post-title":"","ast-breadcrumbs-content":"","ast-featured-img":"","footer-sml-layout":"","ast-disable-related-posts":"","theme-transparent-header-meta":"default","adv-header-id-meta":"","stick-header-meta":"","header-above-stick-meta":"","header-main-stick-meta":"","header-below-stick-meta":"","astra-migrate-meta-layouts":"default","ast-page-background-enabled":"default","ast-page-background-meta":{"desktop":{"background-color":"","background-image":"","background-repeat":"repeat","background-position":"center center","background-size":"auto","background-attachment":"scroll","background-type":"","background-media":"","overlay-type":"","overlay-color":"","overlay-opacity":"","overlay-gradient":""},"tablet":{"background-color":"","background-image":"","background-repeat":"repeat","background-position":"center center","background-size":"auto","background-attachment":"scroll","background-type":"","background-media":"","overlay-type":"","overlay-color":"","overlay-opacity":"","overlay-gradient":""},"mobile":{"background-color":"","background-image":"","background-repeat":"repeat","background-position":"center center","background-size":"auto","background-attachment":"scroll","background-type":"","background-media":"","overlay-type":"","overlay-color":"","overlay-opacity":"","overlay-gradient":""}},"ast-content-background-meta":{"desktop":{"background-color":"var(--ast-global-color-5)","background-image":"","background-repeat":"repeat","background-position":"center center","background-size":"auto","background-attachment":"scroll","background-type":"","background-media":"","overlay-type":"","overlay-color":"","overlay-opacity":"","overlay-gradient":""},"tablet":{"background-color":"var(--ast-global-color-5)","background-image":"","background-repeat":"repeat","background-position":"center center","background-size":"auto","background-attachment":"scroll","background-type":"","background-media":"","overlay-type":"","overlay-color":"","overlay-opacity":"","overlay-gradient":""},"mobile":{"background-color":"var(--ast-global-color-5)","background-image":"","background-repeat":"repeat","background-position":"center center","background-size":"auto","background-attachment":"scroll","background-type":"","background-media":"","overlay-type":"","overlay-color":"","overlay-opacity":"","overlay-gradient":""}},"_jetpack_memberships_contains_paid_content":false,"_joinchat":[],"footnotes":""},"categories":[2323,2],"tags":[3271,2422,2448,3272,2132,3270],"class_list":["post-21924","post","type-post","status-publish","format-standard","has-post-thumbnail","hentry","category-notas-secundarias","category-villa-maria","tag-calistenia","tag-coe","tag-gimnasios","tag-juan-rosell","tag-protocolo","tag-reapertura"],"yoast_head":"<!-- This site is optimized with the Yoast SEO plugin v26.8 - https:\/\/yoast.com\/product\/yoast-seo-wordpress\/ -->\n<title>El lunes vuelven a abrir los gimnasios - El Regional<\/title>\n<meta name=\"description\" content=\"Tras varios meses duros sin poder abrir las puertas y luego de movilizaciones, negociaciones y reclamos, los gimnasios volver\u00e1n a abrir sus puertas.\" \/>\n<meta name=\"robots\" content=\"index, follow, max-snippet:-1, max-image-preview:large, max-video-preview:-1\" \/>\n<link rel=\"canonical\" href=\"http:\/\/elregionalvm.com.ar\/noticias-villa-maria\/el-lunes-vuelven-a-abrir-los-gimnasios\/\" \/>\n<meta property=\"og:locale\" content=\"es_ES\" \/>\n<meta property=\"og:type\" content=\"article\" \/>\n<meta property=\"og:title\" content=\"El lunes vuelven a abrir los gimnasios - El Regional\" \/>\n<meta property=\"og:description\" content=\"Tras varios meses duros sin poder abrir las puertas y luego de movilizaciones, negociaciones y reclamos, los gimnasios volver\u00e1n a abrir sus puertas.\" \/>\n<meta property=\"og:url\" content=\"http:\/\/elregionalvm.com.ar\/noticias-villa-maria\/el-lunes-vuelven-a-abrir-los-gimnasios\/\" \/>\n<meta property=\"og:site_name\" content=\"El Regional\" \/>\n<meta property=\"article:publisher\" content=\"https:\/\/www.facebook.com\/elregionalvm\" \/>\n<meta property=\"article:published_time\" content=\"2020-08-12T18:19:29+00:00\" \/>\n<meta property=\"article:modified_time\" content=\"2020-08-12T18:19:31+00:00\" \/>\n<meta property=\"og:image\" content=\"http:\/\/elregionalvm.com.ar\/noticias-villa-maria\/wp-content\/uploads\/2020\/08\/Gimnasio-Rosell.jpeg\" \/>\n\t<meta property=\"og:image:width\" content=\"1280\" \/>\n\t<meta property=\"og:image:height\" content=\"626\" \/>\n\t<meta property=\"og:image:type\" content=\"image\/jpeg\" \/>\n<meta name=\"author\" content=\"Germ\u00e1n Giacchero\" \/>\n<meta name=\"twitter:card\" content=\"summary_large_image\" \/>\n<meta name=\"twitter:creator\" content=\"@elregionalvm1\" \/>\n<meta name=\"twitter:site\" content=\"@elregionalvm1\" \/>\n<meta name=\"twitter:label1\" content=\"Escrito por\" \/>\n\t<meta name=\"twitter:data1\" content=\"Germ\u00e1n Giacchero\" \/>\n\t<meta name=\"twitter:label2\" content=\"Tiempo de lectura\" \/>\n\t<meta name=\"twitter:data2\" content=\"1 minuto\" \/>\n<script type=\"application\/ld+json\" class=\"yoast-schema-graph\">{\"@context\":\"https:\/\/schema.org\",\"@graph\":[{\"@type\":\"Article\",\"@id\":\"http:\/\/elregionalvm.com.ar\/noticias-villa-maria\/el-lunes-vuelven-a-abrir-los-gimnasios\/#article\",\"isPartOf\":{\"@id\":\"http:\/\/elregionalvm.com.ar\/noticias-villa-maria\/el-lunes-vuelven-a-abrir-los-gimnasios\/\"},\"author\":{\"name\":\"Germ\u00e1n Giacchero\",\"@id\":\"http:\/\/elregionalvm.com.ar\/noticias-villa-maria\/#\/schema\/person\/d5e4b04966154131701e52c45d3efec9\"},\"headline\":\"El lunes vuelven a abrir los gimnasios\",\"datePublished\":\"2020-08-12T18:19:29+00:00\",\"dateModified\":\"2020-08-12T18:19:31+00:00\",\"mainEntityOfPage\":{\"@id\":\"http:\/\/elregionalvm.com.ar\/noticias-villa-maria\/el-lunes-vuelven-a-abrir-los-gimnasios\/\"},\"wordCount\":253,\"commentCount\":0,\"image\":{\"@id\":\"http:\/\/elregionalvm.com.ar\/noticias-villa-maria\/el-lunes-vuelven-a-abrir-los-gimnasios\/#primaryimage\"},\"thumbnailUrl\":\"https:\/\/i0.wp.com\/elregionalvm.com.ar\/noticias-villa-maria\/wp-content\/uploads\/2020\/08\/Gimnasio-Rosell.jpeg?fit=1280%2C626&ssl=1\",\"keywords\":[\"calistenia\",\"COE\",\"Gimnasios\",\"Juan Rosell\",\"Protocolo\",\"reapertura\"],\"articleSection\":[\"Notas\",\"Villa Mar\u00eda\"],\"inLanguage\":\"es\",\"potentialAction\":[{\"@type\":\"CommentAction\",\"name\":\"Comment\",\"target\":[\"http:\/\/elregionalvm.com.ar\/noticias-villa-maria\/el-lunes-vuelven-a-abrir-los-gimnasios\/#respond\"]}]},{\"@type\":\"WebPage\",\"@id\":\"http:\/\/elregionalvm.com.ar\/noticias-villa-maria\/el-lunes-vuelven-a-abrir-los-gimnasios\/\",\"url\":\"http:\/\/elregionalvm.com.ar\/noticias-villa-maria\/el-lunes-vuelven-a-abrir-los-gimnasios\/\",\"name\":\"El lunes vuelven a abrir los gimnasios - El Regional\",\"isPartOf\":{\"@id\":\"http:\/\/elregionalvm.com.ar\/noticias-villa-maria\/#website\"},\"primaryImageOfPage\":{\"@id\":\"http:\/\/elregionalvm.com.ar\/noticias-villa-maria\/el-lunes-vuelven-a-abrir-los-gimnasios\/#primaryimage\"},\"image\":{\"@id\":\"http:\/\/elregionalvm.com.ar\/noticias-villa-maria\/el-lunes-vuelven-a-abrir-los-gimnasios\/#primaryimage\"},\"thumbnailUrl\":\"https:\/\/i0.wp.com\/elregionalvm.com.ar\/noticias-villa-maria\/wp-content\/uploads\/2020\/08\/Gimnasio-Rosell.jpeg?fit=1280%2C626&ssl=1\",\"datePublished\":\"2020-08-12T18:19:29+00:00\",\"dateModified\":\"2020-08-12T18:19:31+00:00\",\"author\":{\"@id\":\"http:\/\/elregionalvm.com.ar\/noticias-villa-maria\/#\/schema\/person\/d5e4b04966154131701e52c45d3efec9\"},\"description\":\"Tras varios meses duros sin poder abrir las puertas y luego de movilizaciones, negociaciones y reclamos, los gimnasios volver\u00e1n a abrir sus puertas.\",\"breadcrumb\":{\"@id\":\"http:\/\/elregionalvm.com.ar\/noticias-villa-maria\/el-lunes-vuelven-a-abrir-los-gimnasios\/#breadcrumb\"},\"inLanguage\":\"es\",\"potentialAction\":[{\"@type\":\"ReadAction\",\"target\":[\"http:\/\/elregionalvm.com.ar\/noticias-villa-maria\/el-lunes-vuelven-a-abrir-los-gimnasios\/\"]}]},{\"@type\":\"ImageObject\",\"inLanguage\":\"es\",\"@id\":\"http:\/\/elregionalvm.com.ar\/noticias-villa-maria\/el-lunes-vuelven-a-abrir-los-gimnasios\/#primaryimage\",\"url\":\"https:\/\/i0.wp.com\/elregionalvm.com.ar\/noticias-villa-maria\/wp-content\/uploads\/2020\/08\/Gimnasio-Rosell.jpeg?fit=1280%2C626&ssl=1\",\"contentUrl\":\"https:\/\/i0.wp.com\/elregionalvm.com.ar\/noticias-villa-maria\/wp-content\/uploads\/2020\/08\/Gimnasio-Rosell.jpeg?fit=1280%2C626&ssl=1\",\"width\":1280,\"height\":626},{\"@type\":\"BreadcrumbList\",\"@id\":\"http:\/\/elregionalvm.com.ar\/noticias-villa-maria\/el-lunes-vuelven-a-abrir-los-gimnasios\/#breadcrumb\",\"itemListElement\":[{\"@type\":\"ListItem\",\"position\":1,\"name\":\"Portada\",\"item\":\"https:\/\/elregionalvm.com.ar\/noticias-villa-maria\/\"},{\"@type\":\"ListItem\",\"position\":2,\"name\":\"El lunes vuelven a abrir los gimnasios\"}]},{\"@type\":\"WebSite\",\"@id\":\"http:\/\/elregionalvm.com.ar\/noticias-villa-maria\/#website\",\"url\":\"http:\/\/elregionalvm.com.ar\/noticias-villa-maria\/\",\"name\":\"El Regional\",\"description\":\"Mucho m\u00e1s que informaci\u00f3n\",\"potentialAction\":[{\"@type\":\"SearchAction\",\"target\":{\"@type\":\"EntryPoint\",\"urlTemplate\":\"http:\/\/elregionalvm.com.ar\/noticias-villa-maria\/?s={search_term_string}\"},\"query-input\":{\"@type\":\"PropertyValueSpecification\",\"valueRequired\":true,\"valueName\":\"search_term_string\"}}],\"inLanguage\":\"es\"},{\"@type\":\"Person\",\"@id\":\"http:\/\/elregionalvm.com.ar\/noticias-villa-maria\/#\/schema\/person\/d5e4b04966154131701e52c45d3efec9\",\"name\":\"Germ\u00e1n Giacchero\",\"image\":{\"@type\":\"ImageObject\",\"inLanguage\":\"es\",\"@id\":\"http:\/\/elregionalvm.com.ar\/noticias-villa-maria\/#\/schema\/person\/image\/\",\"url\":\"https:\/\/secure.gravatar.com\/avatar\/fda163ba5ef0307ee5be9846e10f83b6e83d0cfb260d3b2464830318894c6b04?s=96&d=mm&r=g\",\"contentUrl\":\"https:\/\/secure.gravatar.com\/avatar\/fda163ba5ef0307ee5be9846e10f83b6e83d0cfb260d3b2464830318894c6b04?s=96&d=mm&r=g\",\"caption\":\"Germ\u00e1n Giacchero\"},\"url\":\"https:\/\/elregionalvm.com.ar\/noticias-villa-maria\/author\/germangiacchero\/\"}]}<\/script>\n<!-- \/ Yoast SEO plugin. -->","yoast_head_json":{"title":"El lunes vuelven a abrir los gimnasios - El Regional","description":"Tras varios meses duros sin poder abrir las puertas y luego de movilizaciones, negociaciones y reclamos, los gimnasios volver\u00e1n a abrir sus puertas.","robots":{"index":"index","follow":"follow","max-snippet":"max-snippet:-1","max-image-preview":"max-image-preview:large","max-video-preview":"max-video-preview:-1"},"canonical":"http:\/\/elregionalvm.com.ar\/noticias-villa-maria\/el-lunes-vuelven-a-abrir-los-gimnasios\/","og_locale":"es_ES","og_type":"article","og_title":"El lunes vuelven a abrir los gimnasios - El Regional","og_description":"Tras varios meses duros sin poder abrir las puertas y luego de movilizaciones, negociaciones y reclamos, los gimnasios volver\u00e1n a abrir sus puertas.","og_url":"http:\/\/elregionalvm.com.ar\/noticias-villa-maria\/el-lunes-vuelven-a-abrir-los-gimnasios\/","og_site_name":"El Regional","article_publisher":"https:\/\/www.facebook.com\/elregionalvm","article_published_time":"2020-08-12T18:19:29+00:00","article_modified_time":"2020-08-12T18:19:31+00:00","og_image":[{"width":1280,"height":626,"url":"http:\/\/elregionalvm.com.ar\/noticias-villa-maria\/wp-content\/uploads\/2020\/08\/Gimnasio-Rosell.jpeg","type":"image\/jpeg"}],"author":"Germ\u00e1n Giacchero","twitter_card":"summary_large_image","twitter_creator":"@elregionalvm1","twitter_site":"@elregionalvm1","twitter_misc":{"Escrito por":"Germ\u00e1n Giacchero","Tiempo de lectura":"1 minuto"},"schema":{"@context":"https:\/\/schema.org","@graph":[{"@type":"Article","@id":"http:\/\/elregionalvm.com.ar\/noticias-villa-maria\/el-lunes-vuelven-a-abrir-los-gimnasios\/#article","isPartOf":{"@id":"http:\/\/elregionalvm.com.ar\/noticias-villa-maria\/el-lunes-vuelven-a-abrir-los-gimnasios\/"},"author":{"name":"Germ\u00e1n Giacchero","@id":"http:\/\/elregionalvm.com.ar\/noticias-villa-maria\/#\/schema\/person\/d5e4b04966154131701e52c45d3efec9"},"headline":"El lunes vuelven a abrir los gimnasios","datePublished":"2020-08-12T18:19:29+00:00","dateModified":"2020-08-12T18:19:31+00:00","mainEntityOfPage":{"@id":"http:\/\/elregionalvm.com.ar\/noticias-villa-maria\/el-lunes-vuelven-a-abrir-los-gimnasios\/"},"wordCount":253,"commentCount":0,"image":{"@id":"http:\/\/elregionalvm.com.ar\/noticias-villa-maria\/el-lunes-vuelven-a-abrir-los-gimnasios\/#primaryimage"},"thumbnailUrl":"https:\/\/i0.wp.com\/elregionalvm.com.ar\/noticias-villa-maria\/wp-content\/uploads\/2020\/08\/Gimnasio-Rosell.jpeg?fit=1280%2C626&ssl=1","keywords":["calistenia","COE","Gimnasios","Juan Rosell","Protocolo","reapertura"],"articleSection":["Notas","Villa Mar\u00eda"],"inLanguage":"es","potentialAction":[{"@type":"CommentAction","name":"Comment","target":["http:\/\/elregionalvm.com.ar\/noticias-villa-maria\/el-lunes-vuelven-a-abrir-los-gimnasios\/#respond"]}]},{"@type":"WebPage","@id":"http:\/\/elregionalvm.com.ar\/noticias-villa-maria\/el-lunes-vuelven-a-abrir-los-gimnasios\/","url":"http:\/\/elregionalvm.com.ar\/noticias-villa-maria\/el-lunes-vuelven-a-abrir-los-gimnasios\/","name":"El lunes vuelven a abrir los gimnasios - El Regional","isPartOf":{"@id":"http:\/\/elregionalvm.com.ar\/noticias-villa-maria\/#website"},"primaryImageOfPage":{"@id":"http:\/\/elregionalvm.com.ar\/noticias-villa-maria\/el-lunes-vuelven-a-abrir-los-gimnasios\/#primaryimage"},"image":{"@id":"http:\/\/elregionalvm.com.ar\/noticias-villa-maria\/el-lunes-vuelven-a-abrir-los-gimnasios\/#primaryimage"},"thumbnailUrl":"https:\/\/i0.wp.com\/elregionalvm.com.ar\/noticias-villa-maria\/wp-content\/uploads\/2020\/08\/Gimnasio-Rosell.jpeg?fit=1280%2C626&ssl=1","datePublished":"2020-08-12T18:19:29+00:00","dateModified":"2020-08-12T18:19:31+00:00","author":{"@id":"http:\/\/elregionalvm.com.ar\/noticias-villa-maria\/#\/schema\/person\/d5e4b04966154131701e52c45d3efec9"},"description":"Tras varios meses duros sin poder abrir las puertas y luego de movilizaciones, negociaciones y reclamos, los gimnasios volver\u00e1n a abrir sus puertas.","breadcrumb":{"@id":"http:\/\/elregionalvm.com.ar\/noticias-villa-maria\/el-lunes-vuelven-a-abrir-los-gimnasios\/#breadcrumb"},"inLanguage":"es","potentialAction":[{"@type":"ReadAction","target":["http:\/\/elregionalvm.com.ar\/noticias-villa-maria\/el-lunes-vuelven-a-abrir-los-gimnasios\/"]}]},{"@type":"ImageObject","inLanguage":"es","@id":"http:\/\/elregionalvm.com.ar\/noticias-villa-maria\/el-lunes-vuelven-a-abrir-los-gimnasios\/#primaryimage","url":"https:\/\/i0.wp.com\/elregionalvm.com.ar\/noticias-villa-maria\/wp-content\/uploads\/2020\/08\/Gimnasio-Rosell.jpeg?fit=1280%2C626&ssl=1","contentUrl":"https:\/\/i0.wp.com\/elregionalvm.com.ar\/noticias-villa-maria\/wp-content\/uploads\/2020\/08\/Gimnasio-Rosell.jpeg?fit=1280%2C626&ssl=1","width":1280,"height":626},{"@type":"BreadcrumbList","@id":"http:\/\/elregionalvm.com.ar\/noticias-villa-maria\/el-lunes-vuelven-a-abrir-los-gimnasios\/#breadcrumb","itemListElement":[{"@type":"ListItem","position":1,"name":"Portada","item":"https:\/\/elregionalvm.com.ar\/noticias-villa-maria\/"},{"@type":"ListItem","position":2,"name":"El lunes vuelven a abrir los gimnasios"}]},{"@type":"WebSite","@id":"http:\/\/elregionalvm.com.ar\/noticias-villa-maria\/#website","url":"http:\/\/elregionalvm.com.ar\/noticias-villa-maria\/","name":"El Regional","description":"Mucho m\u00e1s que informaci\u00f3n","potentialAction":[{"@type":"SearchAction","target":{"@type":"EntryPoint","urlTemplate":"http:\/\/elregionalvm.com.ar\/noticias-villa-maria\/?s={search_term_string}"},"query-input":{"@type":"PropertyValueSpecification","valueRequired":true,"valueName":"search_term_string"}}],"inLanguage":"es"},{"@type":"Person","@id":"http:\/\/elregionalvm.com.ar\/noticias-villa-maria\/#\/schema\/person\/d5e4b04966154131701e52c45d3efec9","name":"Germ\u00e1n Giacchero","image":{"@type":"ImageObject","inLanguage":"es","@id":"http:\/\/elregionalvm.com.ar\/noticias-villa-maria\/#\/schema\/person\/image\/","url":"https:\/\/secure.gravatar.com\/avatar\/fda163ba5ef0307ee5be9846e10f83b6e83d0cfb260d3b2464830318894c6b04?s=96&d=mm&r=g","contentUrl":"https:\/\/secure.gravatar.com\/avatar\/fda163ba5ef0307ee5be9846e10f83b6e83d0cfb260d3b2464830318894c6b04?s=96&d=mm&r=g","caption":"Germ\u00e1n Giacchero"},"url":"https:\/\/elregionalvm.com.ar\/noticias-villa-maria\/author\/germangiacchero\/"}]}},"jetpack_featured_media_url":"https:\/\/i0.wp.com\/elregionalvm.com.ar\/noticias-villa-maria\/wp-content\/uploads\/2020\/08\/Gimnasio-Rosell.jpeg?fit=1280%2C626&ssl=1","jetpack_sharing_enabled":true,"_links":{"self":[{"href":"https:\/\/elregionalvm.com.ar\/noticias-villa-maria\/wp-json\/wp\/v2\/posts\/21924","targetHints":{"allow":["GET"]}}],"collection":[{"href":"https:\/\/elregionalvm.com.ar\/noticias-villa-maria\/wp-json\/wp\/v2\/posts"}],"about":[{"href":"https:\/\/elregionalvm.com.ar\/noticias-villa-maria\/wp-json\/wp\/v2\/types\/post"}],"author":[{"embeddable":true,"href":"https:\/\/elregionalvm.com.ar\/noticias-villa-maria\/wp-json\/wp\/v2\/users\/6"}],"replies":[{"embeddable":true,"href":"https:\/\/elregionalvm.com.ar\/noticias-villa-maria\/wp-json\/wp\/v2\/comments?post=21924"}],"version-history":[{"count":2,"href":"https:\/\/elregionalvm.com.ar\/noticias-villa-maria\/wp-json\/wp\/v2\/posts\/21924\/revisions"}],"predecessor-version":[{"id":21931,"href":"https:\/\/elregionalvm.com.ar\/noticias-villa-maria\/wp-json\/wp\/v2\/posts\/21924\/revisions\/21931"}],"wp:featuredmedia":[{"embeddable":true,"href":"https:\/\/elregionalvm.com.ar\/noticias-villa-maria\/wp-json\/wp\/v2\/media\/21929"}],"wp:attachment":[{"href":"https:\/\/elregionalvm.com.ar\/noticias-villa-maria\/wp-json\/wp\/v2\/media?parent=21924"}],"wp:term":[{"taxonomy":"category","embeddable":true,"href":"https:\/\/elregionalvm.com.ar\/noticias-villa-maria\/wp-json\/wp\/v2\/categories?post=21924"},{"taxonomy":"post_tag","embeddable":true,"href":"https:\/\/elregionalvm.com.ar\/noticias-villa-maria\/wp-json\/wp\/v2\/tags?post=21924"}],"curies":[{"name":"wp","href":"https:\/\/api.w.org\/{rel}","templated":true}]}}