{"id":21932,"date":"2020-08-12T19:03:01","date_gmt":"2020-08-12T19:03:01","guid":{"rendered":"https:\/\/elregionalvm.com.ar\/noticias-villa-maria\/?p=21932"},"modified":"2020-08-12T19:03:02","modified_gmt":"2020-08-12T19:03:02","slug":"municipio-lanzo-paquete-de-medidas-para-beneficiar-a-sectores-afectados-por-la-pandemia","status":"publish","type":"post","link":"https:\/\/elregionalvm.com.ar\/noticias-villa-maria\/municipio-lanzo-paquete-de-medidas-para-beneficiar-a-sectores-afectados-por-la-pandemia\/","title":{"rendered":"Municipio lanz\u00f3 paquete de medidas para beneficiar a sectores afectados por la pandemia"},"content":{"rendered":"\n<p>El gobierno municipal present\u00f3 el Programa de Asistencia y el R\u00e9gimen Excepcional de Saneamiento de la Situaci\u00f3n Tributaria.<\/p>\n\n\n\n<p>Se trata de una iniciativa que establece asistencias de distinto tipo para los sectores m\u00e1s perjudicados por la pandemia. Adem\u00e1s, contempla reconocimientos y premios para los contribuyentes cumplidores, que han mantenido su capacidad de pago.<\/p>\n\n\n\n<p>En t\u00e9rminos generales, el municipio brindar\u00e1 diferentes medidas como beneficios, eximiciones y subsidios.<\/p>\n\n\n\n<p>La propuesta \u201ces un avance y una ayuda m\u00e1s importante, sobre todo para los sectores m\u00e1s desfavorecidos\u201d, dijo el jefe de Gabinete H\u00e9ctor Mu\u00f1oz. Y destac\u00f3 que es una acci\u00f3n clara, concreta y justa, con criterios de equidad.<\/p>\n\n\n\n<p>En el lanzamiento participaron, adem\u00e1s, el concejal a cargo del Ejecutivo, Pablo Rosso, y la secretaria de Econom\u00eda y Modernizaci\u00f3n, Daniela Lucarelli.<\/p>\n\n\n\n<p><strong>Beneficios y destinatarios<\/strong><\/p>\n\n\n\n<p>Una de las dos partes del decreto establece el Programa de Asistencia a sectores econ\u00f3micos que incluyen los siguientes ejes:<\/p>\n\n\n\n<p>1.&nbsp;&nbsp;&nbsp;&nbsp;&nbsp;&nbsp;&nbsp;Subsidio No Reembolsables para actividades no habilitadas, de hasta $100.000. Los rubros alcanzados son: servicios de excursiones; agencias de viajes y turismo; guarder\u00edas; cine; juegos electr\u00f3nicos y mec\u00e1nicos para ni\u00f1os; canchas de f\u00fatbol 5; clubes o gimnasios que tengan pr\u00e1cticas deportivas; salones de fiesta; entre otros.<\/p>\n\n\n\n<p>2.&nbsp;&nbsp;&nbsp;&nbsp;&nbsp;&nbsp;&nbsp;Eximici\u00f3n del pago de la contribuci\u00f3n que incide sobre la actividad comercial, industrial y de servicios durante todo el per\u00edodo de la inhabilitaci\u00f3n. Esto deber\u00e1 ser solicitado por los contribuyentes inscriptos que deseen acceder al beneficio.<\/p>\n\n\n\n<p>3.&nbsp;&nbsp;&nbsp;&nbsp;&nbsp;&nbsp;&nbsp;Eximici\u00f3n del pago de la contribuci\u00f3n que incide sobre los espect\u00e1culos p\u00fabicos y diversiones p\u00fablicas, por todo el per\u00edodo de la inhabilitaci\u00f3n. Esto beneficia, por ejemplo, a determinados comercios gastron\u00f3micos.<\/p>\n\n\n\n<p>4.&nbsp;&nbsp;&nbsp;&nbsp;&nbsp;&nbsp;&nbsp;Otorgamiento de Cr\u00e9dito Fiscal para proveedores locales del municipio a quienes se les haya reprogramado sus pagos o est\u00e9n pendientes de reprogramaci\u00f3n, equivalente a un 10% de la contribuci\u00f3n sobre actividades comerciales, industriales o de servicios que hayan sido tributadas durante el 2019. Este cr\u00e9dito ser\u00e1 aplicable a deudas devengadas durante el 2021.<\/p>\n\n\n\n<p>5.&nbsp;&nbsp;&nbsp;&nbsp;&nbsp;&nbsp;&nbsp;Subsidio No Reembolsable de hasta $100.000 para instituciones de salud privada, sean cl\u00ednicas o sanatorios, con servicio de internaci\u00f3n. Tiene como finalidad reconocer el esfuerzo que realizan durante la pandemia y mitigar el impacto negativo en los costos o niveles de prestaciones que est\u00e9n afrontando.<\/p>\n\n\n\n<p>6.&nbsp;&nbsp;&nbsp;&nbsp;&nbsp;&nbsp;&nbsp;Cr\u00e9dito Fiscal a contribuyentes cumplidores que, hasta el decreto del Aislamiento Social, Preventivo y Obligatorio se encontraban al d\u00eda en sus obligaciones fiscales y mantuvieron su conducta en los meses siguientes. El cr\u00e9dito es sobre los montos pagados durante el 2019, equivalentes de hasta el 10% seg\u00fan contribuci\u00f3n, y se podr\u00e1n aplicar en 2021.<\/p>\n\n\n\n<p>Los Cr\u00e9ditos Fiscales deber\u00e1n ser solicitados entre el 1 de septiembre y el 30 de noviembre.<\/p>\n\n\n\n<p>7.&nbsp;&nbsp;&nbsp;&nbsp;&nbsp;&nbsp;&nbsp;No caducidad de los planes de pago cuyas cuotas hubiesen vencido durante la vigencia del ASPO, o podr\u00e1n reestructurarse en un nuevo r\u00e9gimen excepcional que el decreto implementa.<\/p>\n\n\n\n<p>8.&nbsp;&nbsp;&nbsp;&nbsp;&nbsp;&nbsp;&nbsp;Se ratifica la suspensi\u00f3n todos los intereses resarcitorios en todas las tasas y contribuciones y se mantiene hasta fin de a\u00f1o.<\/p>\n\n\n\n<p>&nbsp;<strong>R\u00e9gimen Excepcional de Saneamiento<\/strong><\/p>\n\n\n\n<p>Por otra parte, el decreto establece un R\u00e9gimen Excepcional de Saneamiento de las Cuentas Tributaria. Tiene como objetivo brindarles a los contribuyentes la regularizaci\u00f3n de deudas y que no pierdan los beneficios como el pago anual durante el 2021.<\/p>\n\n\n\n<p>Este r\u00e9gimen incluye todas las tasas, contribuciones, multas, deudas que estuviesen en juicio o planes que hayan caducados.<\/p>\n\n\n\n<p>&nbsp;Los contribuyentes tienen la posibilidad de realizar sobre la totalidad de las deudas o de manera parcial, con prioridad en las m\u00e1s antiguas y a excepci\u00f3n de las judiciales que deber\u00e1n hacerse de manera completa.<\/p>\n\n\n\n<p>&nbsp;La forma de pago es de contado hasta 48 cuotas, y el beneficio var\u00eda de acuerdo a cada plan. Aquellas que se realicen en hasta 3, 6 y 12 cuotas, adem\u00e1s de la eximici\u00f3n del 100% de intereses, se incluye un beneficio adicional con el otorgamiento de un Cheque Regalo.<\/p>\n\n\n\n<p>&nbsp;Este Cheque Regalo tiene como finalidad dinamizar la actividad econ\u00f3mica local que pone en marcha el plan de Promoci\u00f3n de Compre Local. Se trata de cr\u00e9ditos con montos de $1.500 hasta $5.000 para ser utilizado en diversos comercios adheridos, y los comerciantes que los reciban podr\u00e1n utilizarlo como pago a cuenta de cualquiera de los tributos que tenga en el municipio.<\/p>\n\n\n\n<p>&nbsp;Adem\u00e1s, se mantiene el r\u00e9gimen de Beneficiarios Especiales que est\u00e1 relacionado a planes de pagos especiales para aquellas personas que no pueden sanear su situaci\u00f3n tributaria seg\u00fan las condiciones dispuestas.<\/p>\n\n\n\n<p>Para este caso se realizar\u00e1 un estudio socioecon\u00f3mico que arroje resultados sobre la capacidad de pago real y adecuar un plan acorde a las posibilidades.<\/p>\n","protected":false},"excerpt":{"rendered":"<p>El gobierno municipal present\u00f3 el Programa de Asistencia y el R\u00e9gimen Excepcional de Saneamiento de la Situaci\u00f3n Tributaria. Se trata de una iniciativa que establece asistencias de distinto tipo para los sectores m\u00e1s perjudicados por la pandemia. Adem\u00e1s, contempla reconocimientos y premios para los contribuyentes cumplidores, que han mantenido su capacidad de pago. En t\u00e9rminos [&hellip;]<\/p>\n","protected":false},"author":4,"featured_media":21933,"comment_status":"open","ping_status":"open","sticky":false,"template":"","format":"standard","meta":{"site-sidebar-layout":"default","site-content-layout":"default","ast-site-content-layout":"default","site-content-style":"default","site-sidebar-style":"default","ast-global-header-display":"","ast-banner-title-visibility":"","ast-main-header-display":"","ast-hfb-above-header-display":"","ast-hfb-below-header-display":"","ast-hfb-mobile-header-display":"","site-post-title":"","ast-breadcrumbs-content":"","ast-featured-img":"","footer-sml-layout":"","ast-disable-related-posts":"","theme-transparent-header-meta":"default","adv-header-id-meta":"","stick-header-meta":"","header-above-stick-meta":"","header-main-stick-meta":"","header-below-stick-meta":"","astra-migrate-meta-layouts":"default","ast-page-background-enabled":"default","ast-page-background-meta":{"desktop":{"background-color":"","background-image":"","background-repeat":"repeat","background-position":"center center","background-size":"auto","background-attachment":"scroll","background-type":"","background-media":"","overlay-type":"","overlay-color":"","overlay-opacity":"","overlay-gradient":""},"tablet":{"background-color":"","background-image":"","background-repeat":"repeat","background-position":"center center","background-size":"auto","background-attachment":"scroll","background-type":"","background-media":"","overlay-type":"","overlay-color":"","overlay-opacity":"","overlay-gradient":""},"mobile":{"background-color":"","background-image":"","background-repeat":"repeat","background-position":"center center","background-size":"auto","background-attachment":"scroll","background-type":"","background-media":"","overlay-type":"","overlay-color":"","overlay-opacity":"","overlay-gradient":""}},"ast-content-background-meta":{"desktop":{"background-color":"var(--ast-global-color-5)","background-image":"","background-repeat":"repeat","background-position":"center center","background-size":"auto","background-attachment":"scroll","background-type":"","background-media":"","overlay-type":"","overlay-color":"","overlay-opacity":"","overlay-gradient":""},"tablet":{"background-color":"var(--ast-global-color-5)","background-image":"","background-repeat":"repeat","background-position":"center center","background-size":"auto","background-attachment":"scroll","background-type":"","background-media":"","overlay-type":"","overlay-color":"","overlay-opacity":"","overlay-gradient":""},"mobile":{"background-color":"var(--ast-global-color-5)","background-image":"","background-repeat":"repeat","background-position":"center center","background-size":"auto","background-attachment":"scroll","background-type":"","background-media":"","overlay-type":"","overlay-color":"","overlay-opacity":"","overlay-gradient":""}},"_jetpack_memberships_contains_paid_content":false,"_joinchat":[],"footnotes":""},"categories":[2256,2],"tags":[3274,2054,1232,3275,3273,2474,1998],"class_list":["post-21932","post","type-post","status-publish","format-standard","has-post-thumbnail","hentry","category-coronavirus","category-villa-maria","tag-ayudas","tag-covid-19","tag-destacado","tag-eximiciones","tag-medidas-economicas","tag-municipalidad-de-villa-maria","tag-pandemia"],"yoast_head":"<!-- This site is optimized with the Yoast SEO plugin v26.8 - https:\/\/yoast.com\/product\/yoast-seo-wordpress\/ -->\n<title>Municipio lanz\u00f3 paquete de medidas para beneficiar a sectores afectados por la pandemia - El Regional<\/title>\n<meta name=\"description\" content=\"El gobierno municipal present\u00f3 el Programa de Asistencia y el R\u00e9gimen Excepcional de Saneamiento de la Situaci\u00f3n Tributaria.\" \/>\n<meta name=\"robots\" content=\"index, follow, max-snippet:-1, max-image-preview:large, max-video-preview:-1\" \/>\n<link rel=\"canonical\" href=\"http:\/\/elregionalvm.com.ar\/noticias-villa-maria\/municipio-lanzo-paquete-de-medidas-para-beneficiar-a-sectores-afectados-por-la-pandemia\/\" \/>\n<meta property=\"og:locale\" content=\"es_ES\" \/>\n<meta property=\"og:type\" content=\"article\" \/>\n<meta property=\"og:title\" content=\"Municipio lanz\u00f3 paquete de medidas para beneficiar a sectores afectados por la pandemia - El Regional\" \/>\n<meta property=\"og:description\" content=\"El gobierno municipal present\u00f3 el Programa de Asistencia y el R\u00e9gimen Excepcional de Saneamiento de la Situaci\u00f3n Tributaria.\" \/>\n<meta property=\"og:url\" content=\"http:\/\/elregionalvm.com.ar\/noticias-villa-maria\/municipio-lanzo-paquete-de-medidas-para-beneficiar-a-sectores-afectados-por-la-pandemia\/\" \/>\n<meta property=\"og:site_name\" content=\"El Regional\" \/>\n<meta property=\"article:publisher\" content=\"https:\/\/www.facebook.com\/elregionalvm\" \/>\n<meta property=\"article:published_time\" content=\"2020-08-12T19:03:01+00:00\" \/>\n<meta property=\"article:modified_time\" content=\"2020-08-12T19:03:02+00:00\" \/>\n<meta property=\"og:image\" content=\"http:\/\/elregionalvm.com.ar\/noticias-villa-maria\/wp-content\/uploads\/2020\/08\/paquete-econ\u00f3mico.jpg\" \/>\n\t<meta property=\"og:image:width\" content=\"1280\" \/>\n\t<meta property=\"og:image:height\" content=\"853\" \/>\n\t<meta property=\"og:image:type\" content=\"image\/jpeg\" \/>\n<meta name=\"author\" content=\"Contenidos El Regional\" \/>\n<meta name=\"twitter:card\" content=\"summary_large_image\" \/>\n<meta name=\"twitter:creator\" content=\"@elregionalvm1\" \/>\n<meta name=\"twitter:site\" content=\"@elregionalvm1\" \/>\n<meta name=\"twitter:label1\" content=\"Escrito por\" \/>\n\t<meta name=\"twitter:data1\" content=\"Contenidos El Regional\" \/>\n\t<meta name=\"twitter:label2\" content=\"Tiempo de lectura\" \/>\n\t<meta name=\"twitter:data2\" content=\"4 minutos\" \/>\n<script type=\"application\/ld+json\" class=\"yoast-schema-graph\">{\"@context\":\"https:\/\/schema.org\",\"@graph\":[{\"@type\":\"Article\",\"@id\":\"http:\/\/elregionalvm.com.ar\/noticias-villa-maria\/municipio-lanzo-paquete-de-medidas-para-beneficiar-a-sectores-afectados-por-la-pandemia\/#article\",\"isPartOf\":{\"@id\":\"http:\/\/elregionalvm.com.ar\/noticias-villa-maria\/municipio-lanzo-paquete-de-medidas-para-beneficiar-a-sectores-afectados-por-la-pandemia\/\"},\"author\":{\"name\":\"Contenidos El Regional\",\"@id\":\"http:\/\/elregionalvm.com.ar\/noticias-villa-maria\/#\/schema\/person\/a0fb9c422317faca23d50163151bc354\"},\"headline\":\"Municipio lanz\u00f3 paquete de medidas para beneficiar a sectores afectados por la pandemia\",\"datePublished\":\"2020-08-12T19:03:01+00:00\",\"dateModified\":\"2020-08-12T19:03:02+00:00\",\"mainEntityOfPage\":{\"@id\":\"http:\/\/elregionalvm.com.ar\/noticias-villa-maria\/municipio-lanzo-paquete-de-medidas-para-beneficiar-a-sectores-afectados-por-la-pandemia\/\"},\"wordCount\":866,\"commentCount\":0,\"image\":{\"@id\":\"http:\/\/elregionalvm.com.ar\/noticias-villa-maria\/municipio-lanzo-paquete-de-medidas-para-beneficiar-a-sectores-afectados-por-la-pandemia\/#primaryimage\"},\"thumbnailUrl\":\"https:\/\/i0.wp.com\/elregionalvm.com.ar\/noticias-villa-maria\/wp-content\/uploads\/2020\/08\/paquete-econ%C3%B3mico.jpg?fit=1280%2C853&ssl=1\",\"keywords\":[\"Ayudas\",\"Covid-19\",\"destacado\",\"Eximiciones\",\"Medidas econ\u00f3micas\",\"Municipalidad de Villa Mar\u00eda\",\"pandemia\"],\"articleSection\":[\"Coronavirus\",\"Villa Mar\u00eda\"],\"inLanguage\":\"es\",\"potentialAction\":[{\"@type\":\"CommentAction\",\"name\":\"Comment\",\"target\":[\"http:\/\/elregionalvm.com.ar\/noticias-villa-maria\/municipio-lanzo-paquete-de-medidas-para-beneficiar-a-sectores-afectados-por-la-pandemia\/#respond\"]}]},{\"@type\":\"WebPage\",\"@id\":\"http:\/\/elregionalvm.com.ar\/noticias-villa-maria\/municipio-lanzo-paquete-de-medidas-para-beneficiar-a-sectores-afectados-por-la-pandemia\/\",\"url\":\"http:\/\/elregionalvm.com.ar\/noticias-villa-maria\/municipio-lanzo-paquete-de-medidas-para-beneficiar-a-sectores-afectados-por-la-pandemia\/\",\"name\":\"Municipio lanz\u00f3 paquete de medidas para beneficiar a sectores afectados por la pandemia - El Regional\",\"isPartOf\":{\"@id\":\"http:\/\/elregionalvm.com.ar\/noticias-villa-maria\/#website\"},\"primaryImageOfPage\":{\"@id\":\"http:\/\/elregionalvm.com.ar\/noticias-villa-maria\/municipio-lanzo-paquete-de-medidas-para-beneficiar-a-sectores-afectados-por-la-pandemia\/#primaryimage\"},\"image\":{\"@id\":\"http:\/\/elregionalvm.com.ar\/noticias-villa-maria\/municipio-lanzo-paquete-de-medidas-para-beneficiar-a-sectores-afectados-por-la-pandemia\/#primaryimage\"},\"thumbnailUrl\":\"https:\/\/i0.wp.com\/elregionalvm.com.ar\/noticias-villa-maria\/wp-content\/uploads\/2020\/08\/paquete-econ%C3%B3mico.jpg?fit=1280%2C853&ssl=1\",\"datePublished\":\"2020-08-12T19:03:01+00:00\",\"dateModified\":\"2020-08-12T19:03:02+00:00\",\"author\":{\"@id\":\"http:\/\/elregionalvm.com.ar\/noticias-villa-maria\/#\/schema\/person\/a0fb9c422317faca23d50163151bc354\"},\"description\":\"El gobierno municipal present\u00f3 el Programa de Asistencia y el R\u00e9gimen Excepcional de Saneamiento de la Situaci\u00f3n Tributaria.\",\"breadcrumb\":{\"@id\":\"http:\/\/elregionalvm.com.ar\/noticias-villa-maria\/municipio-lanzo-paquete-de-medidas-para-beneficiar-a-sectores-afectados-por-la-pandemia\/#breadcrumb\"},\"inLanguage\":\"es\",\"potentialAction\":[{\"@type\":\"ReadAction\",\"target\":[\"http:\/\/elregionalvm.com.ar\/noticias-villa-maria\/municipio-lanzo-paquete-de-medidas-para-beneficiar-a-sectores-afectados-por-la-pandemia\/\"]}]},{\"@type\":\"ImageObject\",\"inLanguage\":\"es\",\"@id\":\"http:\/\/elregionalvm.com.ar\/noticias-villa-maria\/municipio-lanzo-paquete-de-medidas-para-beneficiar-a-sectores-afectados-por-la-pandemia\/#primaryimage\",\"url\":\"https:\/\/i0.wp.com\/elregionalvm.com.ar\/noticias-villa-maria\/wp-content\/uploads\/2020\/08\/paquete-econ%C3%B3mico.jpg?fit=1280%2C853&ssl=1\",\"contentUrl\":\"https:\/\/i0.wp.com\/elregionalvm.com.ar\/noticias-villa-maria\/wp-content\/uploads\/2020\/08\/paquete-econ%C3%B3mico.jpg?fit=1280%2C853&ssl=1\",\"width\":1280,\"height\":853},{\"@type\":\"BreadcrumbList\",\"@id\":\"http:\/\/elregionalvm.com.ar\/noticias-villa-maria\/municipio-lanzo-paquete-de-medidas-para-beneficiar-a-sectores-afectados-por-la-pandemia\/#breadcrumb\",\"itemListElement\":[{\"@type\":\"ListItem\",\"position\":1,\"name\":\"Portada\",\"item\":\"https:\/\/elregionalvm.com.ar\/noticias-villa-maria\/\"},{\"@type\":\"ListItem\",\"position\":2,\"name\":\"Municipio lanz\u00f3 paquete de medidas para beneficiar a sectores afectados por la pandemia\"}]},{\"@type\":\"WebSite\",\"@id\":\"http:\/\/elregionalvm.com.ar\/noticias-villa-maria\/#website\",\"url\":\"http:\/\/elregionalvm.com.ar\/noticias-villa-maria\/\",\"name\":\"El Regional\",\"description\":\"Mucho m\u00e1s que informaci\u00f3n\",\"potentialAction\":[{\"@type\":\"SearchAction\",\"target\":{\"@type\":\"EntryPoint\",\"urlTemplate\":\"http:\/\/elregionalvm.com.ar\/noticias-villa-maria\/?s={search_term_string}\"},\"query-input\":{\"@type\":\"PropertyValueSpecification\",\"valueRequired\":true,\"valueName\":\"search_term_string\"}}],\"inLanguage\":\"es\"},{\"@type\":\"Person\",\"@id\":\"http:\/\/elregionalvm.com.ar\/noticias-villa-maria\/#\/schema\/person\/a0fb9c422317faca23d50163151bc354\",\"name\":\"Contenidos El Regional\",\"image\":{\"@type\":\"ImageObject\",\"inLanguage\":\"es\",\"@id\":\"http:\/\/elregionalvm.com.ar\/noticias-villa-maria\/#\/schema\/person\/image\/\",\"url\":\"https:\/\/secure.gravatar.com\/avatar\/265b27cb2209af7bb3a1318f03305787d7981a5cc6e6cd08fe5a4ecdf99d4b48?s=96&d=mm&r=g\",\"contentUrl\":\"https:\/\/secure.gravatar.com\/avatar\/265b27cb2209af7bb3a1318f03305787d7981a5cc6e6cd08fe5a4ecdf99d4b48?s=96&d=mm&r=g\",\"caption\":\"Contenidos El Regional\"},\"url\":\"https:\/\/elregionalvm.com.ar\/noticias-villa-maria\/author\/contenido\/\"}]}<\/script>\n<!-- \/ Yoast SEO plugin. -->","yoast_head_json":{"title":"Municipio lanz\u00f3 paquete de medidas para beneficiar a sectores afectados por la pandemia - El Regional","description":"El gobierno municipal present\u00f3 el Programa de Asistencia y el R\u00e9gimen Excepcional de Saneamiento de la Situaci\u00f3n Tributaria.","robots":{"index":"index","follow":"follow","max-snippet":"max-snippet:-1","max-image-preview":"max-image-preview:large","max-video-preview":"max-video-preview:-1"},"canonical":"http:\/\/elregionalvm.com.ar\/noticias-villa-maria\/municipio-lanzo-paquete-de-medidas-para-beneficiar-a-sectores-afectados-por-la-pandemia\/","og_locale":"es_ES","og_type":"article","og_title":"Municipio lanz\u00f3 paquete de medidas para beneficiar a sectores afectados por la pandemia - El Regional","og_description":"El gobierno municipal present\u00f3 el Programa de Asistencia y el R\u00e9gimen Excepcional de Saneamiento de la Situaci\u00f3n Tributaria.","og_url":"http:\/\/elregionalvm.com.ar\/noticias-villa-maria\/municipio-lanzo-paquete-de-medidas-para-beneficiar-a-sectores-afectados-por-la-pandemia\/","og_site_name":"El Regional","article_publisher":"https:\/\/www.facebook.com\/elregionalvm","article_published_time":"2020-08-12T19:03:01+00:00","article_modified_time":"2020-08-12T19:03:02+00:00","og_image":[{"width":1280,"height":853,"url":"http:\/\/elregionalvm.com.ar\/noticias-villa-maria\/wp-content\/uploads\/2020\/08\/paquete-econ\u00f3mico.jpg","type":"image\/jpeg"}],"author":"Contenidos El Regional","twitter_card":"summary_large_image","twitter_creator":"@elregionalvm1","twitter_site":"@elregionalvm1","twitter_misc":{"Escrito por":"Contenidos El Regional","Tiempo de lectura":"4 minutos"},"schema":{"@context":"https:\/\/schema.org","@graph":[{"@type":"Article","@id":"http:\/\/elregionalvm.com.ar\/noticias-villa-maria\/municipio-lanzo-paquete-de-medidas-para-beneficiar-a-sectores-afectados-por-la-pandemia\/#article","isPartOf":{"@id":"http:\/\/elregionalvm.com.ar\/noticias-villa-maria\/municipio-lanzo-paquete-de-medidas-para-beneficiar-a-sectores-afectados-por-la-pandemia\/"},"author":{"name":"Contenidos El Regional","@id":"http:\/\/elregionalvm.com.ar\/noticias-villa-maria\/#\/schema\/person\/a0fb9c422317faca23d50163151bc354"},"headline":"Municipio lanz\u00f3 paquete de medidas para beneficiar a sectores afectados por la pandemia","datePublished":"2020-08-12T19:03:01+00:00","dateModified":"2020-08-12T19:03:02+00:00","mainEntityOfPage":{"@id":"http:\/\/elregionalvm.com.ar\/noticias-villa-maria\/municipio-lanzo-paquete-de-medidas-para-beneficiar-a-sectores-afectados-por-la-pandemia\/"},"wordCount":866,"commentCount":0,"image":{"@id":"http:\/\/elregionalvm.com.ar\/noticias-villa-maria\/municipio-lanzo-paquete-de-medidas-para-beneficiar-a-sectores-afectados-por-la-pandemia\/#primaryimage"},"thumbnailUrl":"https:\/\/i0.wp.com\/elregionalvm.com.ar\/noticias-villa-maria\/wp-content\/uploads\/2020\/08\/paquete-econ%C3%B3mico.jpg?fit=1280%2C853&ssl=1","keywords":["Ayudas","Covid-19","destacado","Eximiciones","Medidas econ\u00f3micas","Municipalidad de Villa Mar\u00eda","pandemia"],"articleSection":["Coronavirus","Villa Mar\u00eda"],"inLanguage":"es","potentialAction":[{"@type":"CommentAction","name":"Comment","target":["http:\/\/elregionalvm.com.ar\/noticias-villa-maria\/municipio-lanzo-paquete-de-medidas-para-beneficiar-a-sectores-afectados-por-la-pandemia\/#respond"]}]},{"@type":"WebPage","@id":"http:\/\/elregionalvm.com.ar\/noticias-villa-maria\/municipio-lanzo-paquete-de-medidas-para-beneficiar-a-sectores-afectados-por-la-pandemia\/","url":"http:\/\/elregionalvm.com.ar\/noticias-villa-maria\/municipio-lanzo-paquete-de-medidas-para-beneficiar-a-sectores-afectados-por-la-pandemia\/","name":"Municipio lanz\u00f3 paquete de medidas para beneficiar a sectores afectados por la pandemia - El Regional","isPartOf":{"@id":"http:\/\/elregionalvm.com.ar\/noticias-villa-maria\/#website"},"primaryImageOfPage":{"@id":"http:\/\/elregionalvm.com.ar\/noticias-villa-maria\/municipio-lanzo-paquete-de-medidas-para-beneficiar-a-sectores-afectados-por-la-pandemia\/#primaryimage"},"image":{"@id":"http:\/\/elregionalvm.com.ar\/noticias-villa-maria\/municipio-lanzo-paquete-de-medidas-para-beneficiar-a-sectores-afectados-por-la-pandemia\/#primaryimage"},"thumbnailUrl":"https:\/\/i0.wp.com\/elregionalvm.com.ar\/noticias-villa-maria\/wp-content\/uploads\/2020\/08\/paquete-econ%C3%B3mico.jpg?fit=1280%2C853&ssl=1","datePublished":"2020-08-12T19:03:01+00:00","dateModified":"2020-08-12T19:03:02+00:00","author":{"@id":"http:\/\/elregionalvm.com.ar\/noticias-villa-maria\/#\/schema\/person\/a0fb9c422317faca23d50163151bc354"},"description":"El gobierno municipal present\u00f3 el Programa de Asistencia y el R\u00e9gimen Excepcional de Saneamiento de la Situaci\u00f3n Tributaria.","breadcrumb":{"@id":"http:\/\/elregionalvm.com.ar\/noticias-villa-maria\/municipio-lanzo-paquete-de-medidas-para-beneficiar-a-sectores-afectados-por-la-pandemia\/#breadcrumb"},"inLanguage":"es","potentialAction":[{"@type":"ReadAction","target":["http:\/\/elregionalvm.com.ar\/noticias-villa-maria\/municipio-lanzo-paquete-de-medidas-para-beneficiar-a-sectores-afectados-por-la-pandemia\/"]}]},{"@type":"ImageObject","inLanguage":"es","@id":"http:\/\/elregionalvm.com.ar\/noticias-villa-maria\/municipio-lanzo-paquete-de-medidas-para-beneficiar-a-sectores-afectados-por-la-pandemia\/#primaryimage","url":"https:\/\/i0.wp.com\/elregionalvm.com.ar\/noticias-villa-maria\/wp-content\/uploads\/2020\/08\/paquete-econ%C3%B3mico.jpg?fit=1280%2C853&ssl=1","contentUrl":"https:\/\/i0.wp.com\/elregionalvm.com.ar\/noticias-villa-maria\/wp-content\/uploads\/2020\/08\/paquete-econ%C3%B3mico.jpg?fit=1280%2C853&ssl=1","width":1280,"height":853},{"@type":"BreadcrumbList","@id":"http:\/\/elregionalvm.com.ar\/noticias-villa-maria\/municipio-lanzo-paquete-de-medidas-para-beneficiar-a-sectores-afectados-por-la-pandemia\/#breadcrumb","itemListElement":[{"@type":"ListItem","position":1,"name":"Portada","item":"https:\/\/elregionalvm.com.ar\/noticias-villa-maria\/"},{"@type":"ListItem","position":2,"name":"Municipio lanz\u00f3 paquete de medidas para beneficiar a sectores afectados por la pandemia"}]},{"@type":"WebSite","@id":"http:\/\/elregionalvm.com.ar\/noticias-villa-maria\/#website","url":"http:\/\/elregionalvm.com.ar\/noticias-villa-maria\/","name":"El Regional","description":"Mucho m\u00e1s que informaci\u00f3n","potentialAction":[{"@type":"SearchAction","target":{"@type":"EntryPoint","urlTemplate":"http:\/\/elregionalvm.com.ar\/noticias-villa-maria\/?s={search_term_string}"},"query-input":{"@type":"PropertyValueSpecification","valueRequired":true,"valueName":"search_term_string"}}],"inLanguage":"es"},{"@type":"Person","@id":"http:\/\/elregionalvm.com.ar\/noticias-villa-maria\/#\/schema\/person\/a0fb9c422317faca23d50163151bc354","name":"Contenidos El Regional","image":{"@type":"ImageObject","inLanguage":"es","@id":"http:\/\/elregionalvm.com.ar\/noticias-villa-maria\/#\/schema\/person\/image\/","url":"https:\/\/secure.gravatar.com\/avatar\/265b27cb2209af7bb3a1318f03305787d7981a5cc6e6cd08fe5a4ecdf99d4b48?s=96&d=mm&r=g","contentUrl":"https:\/\/secure.gravatar.com\/avatar\/265b27cb2209af7bb3a1318f03305787d7981a5cc6e6cd08fe5a4ecdf99d4b48?s=96&d=mm&r=g","caption":"Contenidos El Regional"},"url":"https:\/\/elregionalvm.com.ar\/noticias-villa-maria\/author\/contenido\/"}]}},"jetpack_featured_media_url":"https:\/\/i0.wp.com\/elregionalvm.com.ar\/noticias-villa-maria\/wp-content\/uploads\/2020\/08\/paquete-econ%C3%B3mico.jpg?fit=1280%2C853&ssl=1","jetpack_sharing_enabled":true,"_links":{"self":[{"href":"https:\/\/elregionalvm.com.ar\/noticias-villa-maria\/wp-json\/wp\/v2\/posts\/21932","targetHints":{"allow":["GET"]}}],"collection":[{"href":"https:\/\/elregionalvm.com.ar\/noticias-villa-maria\/wp-json\/wp\/v2\/posts"}],"about":[{"href":"https:\/\/elregionalvm.com.ar\/noticias-villa-maria\/wp-json\/wp\/v2\/types\/post"}],"author":[{"embeddable":true,"href":"https:\/\/elregionalvm.com.ar\/noticias-villa-maria\/wp-json\/wp\/v2\/users\/4"}],"replies":[{"embeddable":true,"href":"https:\/\/elregionalvm.com.ar\/noticias-villa-maria\/wp-json\/wp\/v2\/comments?post=21932"}],"version-history":[{"count":1,"href":"https:\/\/elregionalvm.com.ar\/noticias-villa-maria\/wp-json\/wp\/v2\/posts\/21932\/revisions"}],"predecessor-version":[{"id":21934,"href":"https:\/\/elregionalvm.com.ar\/noticias-villa-maria\/wp-json\/wp\/v2\/posts\/21932\/revisions\/21934"}],"wp:featuredmedia":[{"embeddable":true,"href":"https:\/\/elregionalvm.com.ar\/noticias-villa-maria\/wp-json\/wp\/v2\/media\/21933"}],"wp:attachment":[{"href":"https:\/\/elregionalvm.com.ar\/noticias-villa-maria\/wp-json\/wp\/v2\/media?parent=21932"}],"wp:term":[{"taxonomy":"category","embeddable":true,"href":"https:\/\/elregionalvm.com.ar\/noticias-villa-maria\/wp-json\/wp\/v2\/categories?post=21932"},{"taxonomy":"post_tag","embeddable":true,"href":"https:\/\/elregionalvm.com.ar\/noticias-villa-maria\/wp-json\/wp\/v2\/tags?post=21932"}],"curies":[{"name":"wp","href":"https:\/\/api.w.org\/{rel}","templated":true}]}}